{"id":65444,"date":"2025-10-06T09:57:46","date_gmt":"2025-10-06T07:57:46","guid":{"rendered":"https:\/\/emob-italia.it\/?p=65444"},"modified":"2025-10-07T09:09:17","modified_gmt":"2025-10-07T07:09:17","slug":"rassegna-stampa-2025","status":"publish","type":"post","link":"https:\/\/emob-italia.it\/en\/2025\/10\/06\/rassegna-stampa-2025\/","title":{"rendered":"Rassegna Stampa 2025"},"content":{"rendered":"<p>[et_pb_section fb_built=&#8221;1&#8243; _builder_version=&#8221;4.24.2&#8243; _module_preset=&#8221;default&#8221; custom_margin=&#8221;3px|||||&#8221; custom_padding=&#8221;34px||0px|||&#8221; global_colors_info=&#8221;{}&#8221;][et_pb_row _builder_version=&#8221;4.24.2&#8243; _module_preset=&#8221;default&#8221; custom_padding=&#8221;2px|||||&#8221; global_colors_info=&#8221;{}&#8221;][et_pb_column type=&#8221;4_4&#8243; _builder_version=&#8221;4.24.2&#8243; _module_preset=&#8221;default&#8221; global_colors_info=&#8221;{}&#8221;][\/et_pb_column][\/et_pb_row][et_pb_row _builder_version=&#8221;4.24.2&#8243; _module_preset=&#8221;default&#8221; custom_margin=&#8221;|562px||auto||&#8221; custom_padding=&#8221;0px|||0px||&#8221; global_colors_info=&#8221;{}&#8221;][et_pb_column type=&#8221;4_4&#8243; _builder_version=&#8221;4.24.2&#8243; _module_preset=&#8221;default&#8221; global_colors_info=&#8221;{}&#8221;][et_pb_text _builder_version=&#8221;4.24.2&#8243; _module_preset=&#8221;default&#8221; custom_margin=&#8221;||-4px|||&#8221; custom_padding=&#8221;0px||0px|||&#8221; global_colors_info=&#8221;{}&#8221;]<\/p>\n<h1>Infobuildenergia<\/h1>\n<h4>Il tema della mobilit\u00e0 elettrica non riguarda soltanto le auto private, ma una vera e propria ridefinizione del modo di muovere persone e merci. Dalla logistica delle grandi distanze all\u2019ultimo miglio urbano, fino ai veicoli da lavoro per l\u2019edilizia e la raccolta dei rifiuti, la sfida \u00e8 integrare soluzioni elettrificate in ogni segmento.<\/h4>\n<p><strong>Leggi l&#8217;articolo completo<\/strong><\/p>\n<div class=\"group\/conversation-turn relative flex w-full min-w-0 flex-col agent-turn\">\n<div class=\"flex-col gap-1 md:gap-3\">\n<div class=\"flex flex-grow flex-col max-w-full\">\n<div class=\"min-h-[20px] text-message flex w-full flex-col items-end gap-2 whitespace-pre-wrap break-words [.text-message+&amp;]:mt-5 overflow-x-auto\" dir=\"auto\" data-message-author-role=\"assistant\" data-message-id=\"5fb93923-1e75-42bb-9c9f-25fcda90c5be\">\n<div class=\"flex w-full flex-col gap-1 empty:hidden first:pt-[3px]\">\n<div class=\"markdown prose w-full break-words dark:prose-invert light\"><\/div>\n<\/div>\n<\/div>\n<\/div>\n<\/div>\n<\/div>\n<p>[\/et_pb_text][et_pb_button button_url=&#8221;https:\/\/www.infobuildenergia.it\/eventi\/e_mob-milano-conferenza-nazionale-mobilita-elettrica\/&#8221; url_new_window=&#8221;on&#8221; button_text=&#8221;infobuildenergia&#8221; button_alignment=&#8221;left&#8221; _builder_version=&#8221;4.24.2&#8243; _module_preset=&#8221;default&#8221; custom_button=&#8221;on&#8221; button_text_size=&#8221;26px&#8221; button_text_color=&#8221;#FFFFFF&#8221; button_bg_color=&#8221;#0C71C3&#8243; button_border_radius=&#8221;10px&#8221; button_font=&#8221;Source Sans Pro|700||on|||||&#8221; global_colors_info=&#8221;{}&#8221;][\/et_pb_button][\/et_pb_column][\/et_pb_row][\/et_pb_section][et_pb_section fb_built=&#8221;1&#8243; _builder_version=&#8221;4.24.2&#8243; _module_preset=&#8221;default&#8221; custom_margin=&#8221;3px|||||&#8221; custom_padding=&#8221;34px|||||&#8221; global_colors_info=&#8221;{}&#8221;][et_pb_row _builder_version=&#8221;4.24.2&#8243; _module_preset=&#8221;default&#8221; custom_margin=&#8221;|562px||auto||&#8221; custom_padding=&#8221;0px|||0px||&#8221; global_colors_info=&#8221;{}&#8221;][et_pb_column type=&#8221;4_4&#8243; _builder_version=&#8221;4.24.2&#8243; _module_preset=&#8221;default&#8221; global_colors_info=&#8221;{}&#8221;][et_pb_text _builder_version=&#8221;4.24.2&#8243; _module_preset=&#8221;default&#8221; custom_margin=&#8221;||-4px|||&#8221; custom_padding=&#8221;0px||0px|||&#8221; global_colors_info=&#8221;{}&#8221;]<\/p>\n<h1><strong>MEDIAKEY<\/strong><\/h1>\n<h4 class=\"entry-title text-xl lg:text-4xl my-4\">BikeMi presente a Emob 2025: la mobilit\u00e0 elettrica incontra la mobilit\u00e0 condivisa<\/h4>\n<p><strong>Leggi qua sotto l&#8217;articolo completo:<\/strong><\/p>\n<div class=\"group\/conversation-turn relative flex w-full min-w-0 flex-col agent-turn\">\n<div class=\"flex-col gap-1 md:gap-3\">\n<div class=\"flex flex-grow flex-col max-w-full\">\n<div class=\"min-h-[20px] text-message flex w-full flex-col items-end gap-2 whitespace-pre-wrap break-words [.text-message+&amp;]:mt-5 overflow-x-auto\" dir=\"auto\" data-message-author-role=\"assistant\" data-message-id=\"5fb93923-1e75-42bb-9c9f-25fcda90c5be\">\n<div class=\"flex w-full flex-col gap-1 empty:hidden first:pt-[3px]\">\n<div class=\"markdown prose w-full break-words dark:prose-invert light\"><\/div>\n<\/div>\n<\/div>\n<\/div>\n<\/div>\n<\/div>\n<p>[\/et_pb_text][et_pb_button button_url=&#8221;https:\/\/mediakey.it\/news\/bikemi-presente-a-emob-2025-la-mobilita-elettrica-incontra-la-mobilita-condivisa\/&#8221; url_new_window=&#8221;on&#8221; button_text=&#8221;MEDIAKEY&#8221; button_alignment=&#8221;left&#8221; _builder_version=&#8221;4.24.2&#8243; _module_preset=&#8221;default&#8221; custom_button=&#8221;on&#8221; button_text_size=&#8221;26px&#8221; button_text_color=&#8221;#FFFFFF&#8221; button_bg_color=&#8221;#0C71C3&#8243; button_border_radius=&#8221;10px&#8221; button_font=&#8221;Source Sans Pro|700||on|||||&#8221; global_colors_info=&#8221;{}&#8221;][\/et_pb_button][\/et_pb_column][\/et_pb_row][\/et_pb_section][et_pb_section fb_built=&#8221;1&#8243; _builder_version=&#8221;4.24.2&#8243; _module_preset=&#8221;default&#8221; custom_margin=&#8221;3px|||||&#8221; custom_padding=&#8221;34px|||||&#8221; global_colors_info=&#8221;{}&#8221;][et_pb_row _builder_version=&#8221;4.24.2&#8243; _module_preset=&#8221;default&#8221; custom_margin=&#8221;-42px|562px||auto||&#8221; custom_padding=&#8221;0px|||0px||&#8221; global_colors_info=&#8221;{}&#8221;][et_pb_column type=&#8221;4_4&#8243; _builder_version=&#8221;4.24.2&#8243; _module_preset=&#8221;default&#8221; global_colors_info=&#8221;{}&#8221;][et_pb_text _builder_version=&#8221;4.24.2&#8243; _module_preset=&#8221;default&#8221; custom_margin=&#8221;||-4px|||&#8221; custom_padding=&#8221;0px||0px|||&#8221; global_colors_info=&#8221;{}&#8221;]<\/p>\n<h1><strong>ECONOMIADELMARE<\/strong><\/h1>\n<h4><span style=\"font-size: medium;\">La nona edizione di\u00a0<strong>E-Mob \u2013\u00a0<a href=\"https:\/\/emob-italia.it\/\" target=\"_blank\" rel=\"noreferrer noopener\">Conferenza Nazionale della Mobilit\u00e0 Elettrica<\/a><\/strong>\u00a0porta all\u2019interno della manifestazione un approfondimento dedicato alla\u00a0<strong>Blue Economy<\/strong>\u00a0e al ruolo della\u00a0<strong>portualit\u00e0 turistica<\/strong>\u00a0come risorsa strategica per lo sviluppo sostenibile.<\/span><\/h4>\n<h4><span style=\"font-size: medium;\">I\u00a0<strong>Blue Marina Awards<\/strong>\u00a0sono stati protagonisti a\u00a0<strong>E-Mob 2025<\/strong>, portando un contributo innovativo al dibattito sulla transizione ecologica e la mobilit\u00e0 sostenibile.<\/span><\/h4>\n<p><strong>Leggi qua sotto l&#8217;articolo completo:<\/strong><\/p>\n<div class=\"group\/conversation-turn relative flex w-full min-w-0 flex-col agent-turn\">\n<div class=\"flex-col gap-1 md:gap-3\">\n<div class=\"flex flex-grow flex-col max-w-full\">\n<div class=\"min-h-[20px] text-message flex w-full flex-col items-end gap-2 whitespace-pre-wrap break-words [.text-message+&amp;]:mt-5 overflow-x-auto\" dir=\"auto\" data-message-author-role=\"assistant\" data-message-id=\"5fb93923-1e75-42bb-9c9f-25fcda90c5be\">\n<div class=\"flex w-full flex-col gap-1 empty:hidden first:pt-[3px]\">\n<div class=\"markdown prose w-full break-words dark:prose-invert light\"><\/div>\n<\/div>\n<\/div>\n<\/div>\n<\/div>\n<\/div>\n<p>[\/et_pb_text][et_pb_button button_url=&#8221;https:\/\/www.economiadelmare.org\/e-mob-2025-blue-economy-portualita-turistica-sostenibilita\/&#8221; url_new_window=&#8221;on&#8221; button_text=&#8221;ECONOMIADELMARE&#8221; button_alignment=&#8221;left&#8221; _builder_version=&#8221;4.24.2&#8243; _module_preset=&#8221;default&#8221; custom_button=&#8221;on&#8221; button_text_size=&#8221;26px&#8221; button_text_color=&#8221;#FFFFFF&#8221; button_bg_color=&#8221;#0C71C3&#8243; button_border_radius=&#8221;10px&#8221; button_font=&#8221;Source Sans Pro|700||on|||||&#8221; global_colors_info=&#8221;{}&#8221;][\/et_pb_button][\/et_pb_column][\/et_pb_row][\/et_pb_section][et_pb_section fb_built=&#8221;1&#8243; _builder_version=&#8221;4.24.2&#8243; _module_preset=&#8221;default&#8221; custom_margin=&#8221;3px|||||&#8221; custom_padding=&#8221;34px|||||&#8221; global_colors_info=&#8221;{}&#8221;][et_pb_row _builder_version=&#8221;4.24.2&#8243; _module_preset=&#8221;default&#8221; custom_margin=&#8221;-42px|562px||auto||&#8221; custom_padding=&#8221;0px|||0px||&#8221; global_colors_info=&#8221;{}&#8221;][et_pb_column type=&#8221;4_4&#8243; _builder_version=&#8221;4.24.2&#8243; _module_preset=&#8221;default&#8221; global_colors_info=&#8221;{}&#8221;][et_pb_text _builder_version=&#8221;4.24.2&#8243; _module_preset=&#8221;default&#8221; custom_margin=&#8221;||-4px|||&#8221; custom_padding=&#8221;0px||0px|||&#8221; global_colors_info=&#8221;{}&#8221;]<\/p>\n<h1><strong>CONTI EDITORE SRL<\/strong><\/h1>\n<h4><span>La\u00a0<\/span><b>mobilit\u00e0 elettrica<\/b><span>\u00a0non \u00e8 pi\u00f9 solo una questione di auto a batteria. Emob 2025, in programma a Milano presso il\u00a0<\/span><b>Palazzo della Giunta Regionale<\/b><span>, ribadisce come la transizione in corso sia un processo che coinvolge l\u2019intero\u00a0<\/span><b>Sistema Paese<\/b><span>. Non si tratta soltanto di cambiare motore, ma di trasformare modelli produttivi, abitudini di consumo, logistica e perfino la gestione dei rifiuti.<\/span><\/h4>\n<p><strong>Leggi qua sotto l&#8217;articolo completo:<\/strong><\/p>\n<div class=\"group\/conversation-turn relative flex w-full min-w-0 flex-col agent-turn\">\n<div class=\"flex-col gap-1 md:gap-3\">\n<div class=\"flex flex-grow flex-col max-w-full\">\n<div class=\"min-h-[20px] text-message flex w-full flex-col items-end gap-2 whitespace-pre-wrap break-words [.text-message+&amp;]:mt-5 overflow-x-auto\" dir=\"auto\" data-message-author-role=\"assistant\" data-message-id=\"5fb93923-1e75-42bb-9c9f-25fcda90c5be\">\n<div class=\"flex w-full flex-col gap-1 empty:hidden first:pt-[3px]\">\n<div class=\"markdown prose w-full break-words dark:prose-invert light\"><\/div>\n<\/div>\n<\/div>\n<\/div>\n<\/div>\n<\/div>\n<p>[\/et_pb_text][et_pb_button button_url=&#8221;https:\/\/www.auto.it\/news\/attualita\/2025\/09\/28-8413657\/emob-2025-milano-mobilita-elettrica&#8221; url_new_window=&#8221;on&#8221; button_text=&#8221;conti editore Srl&#8221; button_alignment=&#8221;left&#8221; _builder_version=&#8221;4.24.2&#8243; _module_preset=&#8221;default&#8221; custom_button=&#8221;on&#8221; button_text_size=&#8221;26px&#8221; button_text_color=&#8221;#FFFFFF&#8221; button_bg_color=&#8221;#0C71C3&#8243; button_border_radius=&#8221;10px&#8221; button_font=&#8221;Source Sans Pro|700||on|||||&#8221; global_colors_info=&#8221;{}&#8221;][\/et_pb_button][\/et_pb_column][\/et_pb_row][\/et_pb_section][et_pb_section fb_built=&#8221;1&#8243; _builder_version=&#8221;4.24.2&#8243; _module_preset=&#8221;default&#8221; custom_margin=&#8221;3px|||||&#8221; custom_padding=&#8221;34px|||||&#8221; global_colors_info=&#8221;{}&#8221;][et_pb_row _builder_version=&#8221;4.24.2&#8243; _module_preset=&#8221;default&#8221; custom_margin=&#8221;-42px|562px||auto||&#8221; custom_padding=&#8221;0px|||0px||&#8221; global_colors_info=&#8221;{}&#8221;][et_pb_column type=&#8221;4_4&#8243; _builder_version=&#8221;4.24.2&#8243; _module_preset=&#8221;default&#8221; global_colors_info=&#8221;{}&#8221;][et_pb_text _builder_version=&#8221;4.24.2&#8243; _module_preset=&#8221;default&#8221; custom_margin=&#8221;||-4px|||&#8221; custom_padding=&#8221;0px||0px|||&#8221; global_colors_info=&#8221;{}&#8221;]<\/p>\n<div class=\"field field-name-title field-type-ds field-label-hidden\">\n<div class=\"field-items\">\n<div class=\"field-item even\" property=\"dc:title\">\n<h1><strong>A E_MOB 2025: ANAS PRESENTA IL PROGETTO \u201cGREEN ROAD E MOBILIT\u00c0 ELETTRICA\u201d<\/strong><\/h1>\n<\/div>\n<\/div>\n<\/div>\n<h4>Un piano da 90 milioni di euro per lo sviluppo sostenibile con l\u2019obiettivo di offrire standard di sicurezza sempre pi\u00f9 elevati lungo le strade e autostrade di <strong>Anas, societ\u00e0 del Gruppo FS<\/strong>.\u00a0 Nasceranno spazi e connessioni per le stazioni di ricarica pi\u00f9 sistemi di rifornimento di carburanti alternativi.<\/h4>\n<h4>Il programma <strong>\u201cAnas Green Road e Mobilit\u00e0 Elettrica\u201d<\/strong> \u00e8 stato annunciato dall\u2019Amministratore Delegato dell\u2019azienda, <strong>Claudio Andrea Gemme<\/strong>, nel corso del suo intervento alla <strong>Nona Conferenza Nazionale della Mobilit\u00e0 Elettrica tenutasi a Milano oggi e organizzata da E_Mob 2025.<\/strong><\/h4>\n<p><strong>Leggi qua sotto l&#8217;articolo completo:<\/strong><\/p>\n<div class=\"group\/conversation-turn relative flex w-full min-w-0 flex-col agent-turn\">\n<div class=\"flex-col gap-1 md:gap-3\">\n<div class=\"flex flex-grow flex-col max-w-full\">\n<div class=\"min-h-[20px] text-message flex w-full flex-col items-end gap-2 whitespace-pre-wrap break-words [.text-message+&amp;]:mt-5 overflow-x-auto\" dir=\"auto\" data-message-author-role=\"assistant\" data-message-id=\"5fb93923-1e75-42bb-9c9f-25fcda90c5be\">\n<div class=\"flex w-full flex-col gap-1 empty:hidden first:pt-[3px]\">\n<div class=\"markdown prose w-full break-words dark:prose-invert light\"><\/div>\n<\/div>\n<\/div>\n<\/div>\n<\/div>\n<\/div>\n<p>[\/et_pb_text][et_pb_button button_url=&#8221;https:\/\/www.stradeanas.it\/it\/emob-2025-anas-presenta-il-progetto-\u201cgreen-road-e-mobilit\u00e0-elettrica\u201d&#8221; url_new_window=&#8221;on&#8221; button_text=&#8221;anas&#8221; button_alignment=&#8221;left&#8221; _builder_version=&#8221;4.24.2&#8243; _module_preset=&#8221;default&#8221; custom_button=&#8221;on&#8221; button_text_size=&#8221;26px&#8221; button_text_color=&#8221;#FFFFFF&#8221; button_bg_color=&#8221;#0C71C3&#8243; button_border_radius=&#8221;10px&#8221; button_font=&#8221;Source Sans Pro|700||on|||||&#8221; global_colors_info=&#8221;{}&#8221;][\/et_pb_button][\/et_pb_column][\/et_pb_row][\/et_pb_section][et_pb_section fb_built=&#8221;1&#8243; _builder_version=&#8221;4.24.2&#8243; _module_preset=&#8221;default&#8221; custom_margin=&#8221;3px|||||&#8221; custom_padding=&#8221;34px|||||&#8221; global_colors_info=&#8221;{}&#8221;][et_pb_row _builder_version=&#8221;4.24.2&#8243; _module_preset=&#8221;default&#8221; custom_margin=&#8221;-42px|562px||auto||&#8221; custom_padding=&#8221;0px|||0px||&#8221; global_colors_info=&#8221;{}&#8221;][et_pb_column type=&#8221;4_4&#8243; _builder_version=&#8221;4.24.2&#8243; _module_preset=&#8221;default&#8221; global_colors_info=&#8221;{}&#8221;][et_pb_text _builder_version=&#8221;4.24.2&#8243; _module_preset=&#8221;default&#8221; custom_margin=&#8221;||-4px|||&#8221; custom_padding=&#8221;0px||0px|||&#8221; global_colors_info=&#8221;{}&#8221;]<\/p>\n<div class=\"field field-name-title field-type-ds field-label-hidden\">\n<div class=\"field-items\">\n<div class=\"field-item even\" property=\"dc:title\">\n<h1 class=\"title\"><a href=\"https:\/\/www.zeroventiquattro.it\/economia-verde-greening\/la-camera-di-commercio-e-tra-i-promotori-della-nona-edizione-di-emob-inaugurata-questa-mattina-in-regione-lombardia\/\" title=\"Permalink a:La Camera di commercio \u00e8 tra i promotori della nona edizione di Emob inaugurata questa mattina in Regione Lombardia.\">La Camera di commercio \u00e8 tra i promotori della nona edizione di Emob inaugurata questa mattina in Regione Lombardia.<\/a><\/h1>\n<\/div>\n<\/div>\n<\/div>\n<h4><span>La Camera di commercio di Milano Monza Brianza Lodi \u00e8 tra i promotori della nona edizione di Emob,\u00a0 la Conferenza nazionale della Mobilit\u00e0 Elettrica che si tiene a Milano dal 29 settembre al 1\u00b0 ottobre, inaugurata questa mattina in Regione Lombardia, partecipa all\u2019iniziativa con attivit\u00e0 legate al mondo della bike economy e della mobilit\u00e0 sostenibile.<\/span><\/h4>\n<p><strong>Leggi qua sotto l&#8217;articolo completo:<\/strong><\/p>\n<div class=\"group\/conversation-turn relative flex w-full min-w-0 flex-col agent-turn\">\n<div class=\"flex-col gap-1 md:gap-3\">\n<div class=\"flex flex-grow flex-col max-w-full\">\n<div class=\"min-h-[20px] text-message flex w-full flex-col items-end gap-2 whitespace-pre-wrap break-words [.text-message+&amp;]:mt-5 overflow-x-auto\" dir=\"auto\" data-message-author-role=\"assistant\" data-message-id=\"5fb93923-1e75-42bb-9c9f-25fcda90c5be\">\n<div class=\"flex w-full flex-col gap-1 empty:hidden first:pt-[3px]\">\n<div class=\"markdown prose w-full break-words dark:prose-invert light\"><\/div>\n<\/div>\n<\/div>\n<\/div>\n<\/div>\n<\/div>\n<p>[\/et_pb_text][et_pb_button button_url=&#8221;https:\/\/www.zeroventiquattro.it\/economia-verde-greening\/la-camera-di-commercio-e-tra-i-promotori-della-nona-edizione-di-emob-inaugurata-questa-mattina-in-regione-lombardia\/&#8221; url_new_window=&#8221;on&#8221; button_text=&#8221;zeroventiquattro.it&#8221; button_alignment=&#8221;left&#8221; _builder_version=&#8221;4.24.2&#8243; _module_preset=&#8221;default&#8221; custom_button=&#8221;on&#8221; button_text_size=&#8221;26px&#8221; button_text_color=&#8221;#FFFFFF&#8221; button_bg_color=&#8221;#0C71C3&#8243; button_border_radius=&#8221;10px&#8221; button_font=&#8221;Source Sans Pro|700||on|||||&#8221; global_colors_info=&#8221;{}&#8221;][\/et_pb_button][\/et_pb_column][\/et_pb_row][\/et_pb_section]<\/p>\n","protected":false},"excerpt":{"rendered":"<p>Infobuildenergia Il tema della mobilit\u00e0 elettrica non riguarda soltanto le auto private, ma una vera e propria ridefinizione del modo di muovere persone e merci. Dalla logistica delle grandi distanze all\u2019ultimo miglio urbano, fino ai veicoli da lavoro per l\u2019edilizia e la raccolta dei rifiuti, la sfida \u00e8 integrare soluzioni elettrificate in ogni segmento. Leggi [&hellip;]<\/p>\n","protected":false},"author":19,"featured_media":65454,"comment_status":"closed","ping_status":"open","sticky":false,"template":"","format":"chat","meta":{"_et_pb_use_builder":"on","_et_pb_old_content":"<p>[et_pb_section fb_built=\"1\" _builder_version=\"4.24.2\" _module_preset=\"default\" custom_margin=\"3px|||||\" custom_padding=\"34px|||||\" global_colors_info=\"{}\"][et_pb_row _builder_version=\"4.24.2\" _module_preset=\"default\" custom_padding=\"2px|||||\" global_colors_info=\"{}\"][et_pb_column type=\"4_4\" _builder_version=\"4.24.2\" _module_preset=\"default\" global_colors_info=\"{}\"][et_pb_image src=\"https:\/\/emob-italia.it\/wp-content\/uploads\/2024\/10\/Immagine-2024-10-29-105153.png\" title_text=\"Immagine 2024-10-29 105153\" _builder_version=\"4.24.2\" _module_preset=\"default\" custom_margin=\"||-21px|||\" global_colors_info=\"{}\"][\/et_pb_image][\/et_pb_column][\/et_pb_row][et_pb_row _builder_version=\"4.24.2\" _module_preset=\"default\" custom_margin=\"|562px||auto||\" custom_padding=\"0px|||0px||\" global_colors_info=\"{}\"][et_pb_column type=\"4_4\" _builder_version=\"4.24.2\" _module_preset=\"default\" global_colors_info=\"{}\"][et_pb_text _builder_version=\"4.24.2\" _module_preset=\"default\" custom_margin=\"||-4px|||\" custom_padding=\"0px||0px|||\" global_colors_info=\"{}\"]<\/p><h1><strong>e_mob 2024 su Telenova<\/strong><\/h1><h4>Siamo entusiasti di annunciare che Telenova ha dedicato un servizio ai nostri successi durante e_Mob 2024. Nel suo reportage, il canale ha messo in luce le innovazioni presentate e i risultati ottenuti, sottolineando l'importanza del nostro impegno per una mobilit\u00e0 sostenibile.\u00a0<\/h4><p><strong>Guarda il servizio completo:<\/strong><\/p><p>\u00a0<\/p><div class=\"group\/conversation-turn relative flex w-full min-w-0 flex-col agent-turn\"><div class=\"flex-col gap-1 md:gap-3\"><div class=\"flex flex-grow flex-col max-w-full\"><div class=\"min-h-[20px] text-message flex w-full flex-col items-end gap-2 whitespace-pre-wrap break-words [.text-message+&]:mt-5 overflow-x-auto\" dir=\"auto\" data-message-author-role=\"assistant\" data-message-id=\"5fb93923-1e75-42bb-9c9f-25fcda90c5be\"><div class=\"flex w-full flex-col gap-1 empty:hidden first:pt-[3px]\"><div class=\"markdown prose w-full break-words dark:prose-invert light\">\u00a0<\/div><\/div><\/div><\/div><\/div><\/div><p>[\/et_pb_text][et_pb_button button_url=\"https:\/\/av.mimesi.com\/play?v=CameraCommercioMMBL-SOLO_CAMERA\/2dcc1d70-922d-11ef-8a45-005056913153.mp4\" url_new_window=\"on\" button_text=\"TELENOVA\" button_alignment=\"left\" _builder_version=\"4.24.2\" _module_preset=\"default\" custom_button=\"on\" button_text_size=\"26px\" button_text_color=\"#FFFFFF\" button_bg_color=\"#0C71C3\" button_border_radius=\"10px\" button_font=\"Source Sans Pro|700||on|||||\" global_colors_info=\"{}\"][\/et_pb_button][\/et_pb_column][\/et_pb_row][\/et_pb_section][et_pb_section fb_built=\"1\" _builder_version=\"4.24.2\" _module_preset=\"default\" custom_margin=\"3px|||||\" custom_padding=\"34px|||||\" global_colors_info=\"{}\"][et_pb_row _builder_version=\"4.24.2\" _module_preset=\"default\" custom_padding=\"2px|||||\" global_colors_info=\"{}\"][et_pb_column type=\"4_4\" _builder_version=\"4.24.2\" _module_preset=\"default\" global_colors_info=\"{}\"][et_pb_image src=\"https:\/\/emob-italia.it\/wp-content\/uploads\/2024\/10\/Post-di-Facebook-Collage-Fotografico-Ricordi-Vacanze-Estive-Azzurro-Bianco.png\" title_text=\"Post di Facebook Collage Fotografico Ricordi Vacanze Estive Azzurro Bianco\" _builder_version=\"4.24.2\" _module_preset=\"default\" custom_margin=\"||-21px|||\" global_colors_info=\"{}\"][\/et_pb_image][\/et_pb_column][\/et_pb_row][et_pb_row _builder_version=\"4.24.2\" _module_preset=\"default\" custom_margin=\"|562px||auto||\" custom_padding=\"0px|||0px||\" global_colors_info=\"{}\"][et_pb_column type=\"4_4\" _builder_version=\"4.24.2\" _module_preset=\"default\" global_colors_info=\"{}\"][et_pb_text _builder_version=\"4.24.2\" _module_preset=\"default\" custom_margin=\"||-4px|||\" custom_padding=\"0px||0px|||\" global_colors_info=\"{}\"]<\/p><h1><strong>Volvo CE ed e_mob 2024<\/strong><\/h1><h4>Volvo annuncia con orgoglio la sua partecipazione all\u2019e_mob Festival 2024, in programma dal 23 al 25 ottobre presso il Palazzo Giureconsulti, in Piazza Mercanti 2, a Milano. Durante questo evento, che si svolge nell\u2019ambito del Festival della Mobilit\u00e0 Sostenibile, Volvo sar\u00e0 protagonista nel dibattito sulla transizione verso una mobilit\u00e0 ecologica, presentando le sue ultime innovazioni e soluzioni per un futuro pi\u00f9 sostenibile. Vi aspettiamo per esplorare insieme le nuove frontiere della mobilit\u00e0!<\/h4><p><strong>Leggi qua sotto l'articolo completo:<\/strong><\/p><p>\u00a0<\/p><div class=\"group\/conversation-turn relative flex w-full min-w-0 flex-col agent-turn\"><div class=\"flex-col gap-1 md:gap-3\"><div class=\"flex flex-grow flex-col max-w-full\"><div class=\"min-h-[20px] text-message flex w-full flex-col items-end gap-2 whitespace-pre-wrap break-words [.text-message+&]:mt-5 overflow-x-auto\" dir=\"auto\" data-message-author-role=\"assistant\" data-message-id=\"5fb93923-1e75-42bb-9c9f-25fcda90c5be\"><div class=\"flex w-full flex-col gap-1 empty:hidden first:pt-[3px]\"><div class=\"markdown prose w-full break-words dark:prose-invert light\">\u00a0<\/div><\/div><\/div><\/div><\/div><\/div><p>[\/et_pb_text][et_pb_button button_url=\"https:\/\/www.volvoce.com\/italia\/it-it\/about-us\/news\/2024\/volvo-ce-italia-allemob-festival-2024\/\" url_new_window=\"on\" button_text=\"parla di noi volvo ce\" button_alignment=\"left\" _builder_version=\"4.24.2\" _module_preset=\"default\" custom_button=\"on\" button_text_size=\"26px\" button_text_color=\"#FFFFFF\" button_bg_color=\"#0C71C3\" button_border_radius=\"10px\" button_font=\"Source Sans Pro|700||on|||||\" global_colors_info=\"{}\"][\/et_pb_button][\/et_pb_column][\/et_pb_row][\/et_pb_section][et_pb_section fb_built=\"1\" _builder_version=\"4.24.2\" _module_preset=\"default\" custom_margin=\"3px|||||\" custom_padding=\"34px|||||\" global_colors_info=\"{}\"][et_pb_row _builder_version=\"4.24.2\" _module_preset=\"default\" custom_padding=\"2px|||||\" global_colors_info=\"{}\"][et_pb_column type=\"4_4\" _builder_version=\"4.24.2\" _module_preset=\"default\" global_colors_info=\"{}\"][et_pb_image src=\"https:\/\/emob-italia.it\/wp-content\/uploads\/2024\/10\/Post-di-Facebook-Collage-Fotografico-Ricordi-Vacanze-Estive-Azzurro-Bianco-2.png\" title_text=\"Post di Facebook Collage Fotografico Ricordi Vacanze Estive Azzurro Bianco-2\" _builder_version=\"4.24.2\" _module_preset=\"default\" custom_margin=\"||-21px|||\" global_colors_info=\"{}\"][\/et_pb_image][\/et_pb_column][\/et_pb_row][et_pb_row _builder_version=\"4.24.2\" _module_preset=\"default\" custom_margin=\"|562px||auto||\" custom_padding=\"0px|||0px||\" global_colors_info=\"{}\"][et_pb_column type=\"4_4\" _builder_version=\"4.24.2\" _module_preset=\"default\" global_colors_info=\"{}\"][et_pb_text _builder_version=\"4.24.2\" _module_preset=\"default\" custom_margin=\"||-4px|||\" custom_padding=\"0px||0px|||\" global_colors_info=\"{}\"]<\/p><h1><strong>ANSA ed e_mob 2024<\/strong><\/h1><h4>ANSA parla di noi e sottolinea l\u2019importanza degli stand di veicoli elettrici e delle colonnine di ricarica, elementi fondamentali per dimostrare come la mobilit\u00e0 sostenibile non sia pi\u00f9 una visione futura, ma una realt\u00e0 concreta. Inoltre, ha evidenziato l\u2019impegno della Regione Lombardia, che negli ultimi cinque anni ha investito 200 milioni di euro per promuovere il ricambio dei veicoli, sviluppare un\u2019infrastruttura di ricarica capillare e supportare le imprese locali verso un futuro pi\u00f9 green. Questo supporto istituzionale rappresenta una leva fondamentale per garantire che la transizione energetica avvenga in modo capillare e integrato su tutto il territorio lombardo, e siamo orgogliosi che il nostro evento possa essere un punto di raccordo per tutti questi sforzi.\u00a0<\/h4><p><strong>Leggi qua sotto l'articolo completo:<\/strong><\/p><p>\u00a0<\/p><div class=\"group\/conversation-turn relative flex w-full min-w-0 flex-col agent-turn\"><div class=\"flex-col gap-1 md:gap-3\"><div class=\"flex flex-grow flex-col max-w-full\"><div class=\"min-h-[20px] text-message flex w-full flex-col items-end gap-2 whitespace-pre-wrap break-words [.text-message+&]:mt-5 overflow-x-auto\" dir=\"auto\" data-message-author-role=\"assistant\" data-message-id=\"5fb93923-1e75-42bb-9c9f-25fcda90c5be\"><div class=\"flex w-full flex-col gap-1 empty:hidden first:pt-[3px]\"><div class=\"markdown prose w-full break-words dark:prose-invert light\">\u00a0<\/div><\/div><\/div><\/div><\/div><\/div><p>[\/et_pb_text][et_pb_button button_url=\"https:\/\/www.ansa.it\/lombardia\/notizie\/2024\/10\/23\/a-via-a-milano-e-mob-la-conferenza-della-mobilita-elettrica_1a49c350-0a86-49e7-9c02-3e044429d0cc.html\" url_new_window=\"on\" button_text=\"parla di noi ansa\" button_alignment=\"left\" _builder_version=\"4.24.2\" _module_preset=\"default\" custom_button=\"on\" button_text_size=\"26px\" button_text_color=\"#FFFFFF\" button_bg_color=\"#0C71C3\" button_border_radius=\"10px\" button_font=\"Source Sans Pro|700||on|||||\" global_colors_info=\"{}\"][\/et_pb_button][et_pb_button button_url=\"https:\/\/www.ansa.it\/sito\/videogallery\/economia\/2024\/10\/24\/barbo-amazon-serve-capillare-infrastruttura-di-ricarica_c6869cf1-23a3-4a82-a4b3-9088053dcd11.html\" url_new_window=\"on\" button_text=\"SERVIZIO ANSA\" button_alignment=\"left\" _builder_version=\"4.24.2\" _module_preset=\"default\" custom_button=\"on\" button_text_size=\"26px\" button_text_color=\"#FFFFFF\" button_bg_color=\"#0C71C3\" button_border_radius=\"10px\" button_font=\"Source Sans Pro|700||on|||||\" hover_enabled=\"0\" global_colors_info=\"{}\" sticky_enabled=\"0\"][\/et_pb_button][\/et_pb_column][\/et_pb_row][\/et_pb_section][et_pb_section fb_built=\"1\" _builder_version=\"4.24.2\" _module_preset=\"default\" custom_margin=\"3px|||||\" custom_padding=\"34px|||||\" global_colors_info=\"{}\"][et_pb_row _builder_version=\"4.24.2\" _module_preset=\"default\" custom_padding=\"2px|||||\" global_colors_info=\"{}\"][et_pb_column type=\"4_4\" _builder_version=\"4.24.2\" _module_preset=\"default\" global_colors_info=\"{}\"][et_pb_image src=\"https:\/\/emob-italia.it\/wp-content\/uploads\/2024\/10\/Post-di-Facebook-Collage-Fotografico-Ricordi-Vacanze-Estive-Azzurro-Bianco-3.png\" title_text=\"Post di Facebook Collage Fotografico Ricordi Vacanze Estive Azzurro Bianco-3\" _builder_version=\"4.24.2\" _module_preset=\"default\" custom_margin=\"||-21px|||\" global_colors_info=\"{}\"][\/et_pb_image][\/et_pb_column][\/et_pb_row][et_pb_row _builder_version=\"4.24.2\" _module_preset=\"default\" custom_margin=\"|562px||auto||\" custom_padding=\"0px|||0px||\" global_colors_info=\"{}\"][et_pb_column type=\"4_4\" _builder_version=\"4.24.2\" _module_preset=\"default\" global_colors_info=\"{}\"][et_pb_text _builder_version=\"4.24.2\" _module_preset=\"default\" custom_margin=\"||-4px|||\" custom_padding=\"0px||0px|||\" global_colors_info=\"{}\"]<\/p><h1><strong>Il Nordest Quotidiano ed e_mob 2024<\/strong><\/h1><h4><em>Il NordEst Quotidiano<\/em> mette in risalto la visione e la struttura di e_mob, frutto del lavoro di un Comitato Promotore composto da istituzioni e aziende di primo piano, come Regione Lombardia, Comune di Milano, Camera di commercio di Milano Monza Brianza Lodi, Enel X Way, Ferrovie dello Stato, A2A, ATM, Gruppo Innovatec\/Cobat e Class ONLUS, a cui \u00e8 affidata l\u2019organizzazione operativa. Questo sostegno istituzionale e imprenditoriale testimonia l\u2019impegno collettivo per fare di e_mob un evento di spessore nazionale, capace di stimolare dialoghi costruttivi e presentare soluzioni concrete per una mobilit\u00e0 pi\u00f9 pulita e accessibile.<\/h4><p><strong>Leggi qua sotto l'articolo completo:<\/strong><\/p><p>\u00a0<\/p><div class=\"group\/conversation-turn relative flex w-full min-w-0 flex-col agent-turn\"><div class=\"flex-col gap-1 md:gap-3\"><div class=\"flex flex-grow flex-col max-w-full\"><div class=\"min-h-[20px] text-message flex w-full flex-col items-end gap-2 whitespace-pre-wrap break-words [.text-message+&]:mt-5 overflow-x-auto\" dir=\"auto\" data-message-author-role=\"assistant\" data-message-id=\"5fb93923-1e75-42bb-9c9f-25fcda90c5be\"><div class=\"flex w-full flex-col gap-1 empty:hidden first:pt-[3px]\"><div class=\"markdown prose w-full break-words dark:prose-invert light\">\u00a0<\/div><\/div><\/div><\/div><\/div><\/div><p>[\/et_pb_text][et_pb_button button_url=\"https:\/\/www.ilnordestquotidiano.it\/2024\/10\/24\/milano-al-via-oggi-e-mob-tre-giorni-di-convegni-su-mobilita-green\/\" url_new_window=\"on\" button_text=\"parla di noi IL NORDEST QUOTIDIANO\" button_alignment=\"left\" _builder_version=\"4.24.2\" _module_preset=\"default\" custom_button=\"on\" button_text_size=\"26px\" button_text_color=\"#FFFFFF\" button_bg_color=\"#0C71C3\" button_border_radius=\"10px\" button_font=\"Source Sans Pro|700||on|||||\" global_colors_info=\"{}\"][\/et_pb_button][\/et_pb_column][\/et_pb_row][\/et_pb_section]<\/p>","_et_gb_content_width":"","_exactmetrics_skip_tracking":false,"_exactmetrics_sitenote_active":false,"_exactmetrics_sitenote_note":"","_exactmetrics_sitenote_category":0,"footnotes":""},"categories":[114],"tags":[],"yoast_head":"<!-- This site is optimized with the Yoast SEO plugin v22.9 - https:\/\/yoast.com\/wordpress\/plugins\/seo\/ -->\n<title>Rassegna Stampa 2025 &#8226; e_mob<\/title>\n<meta name=\"description\" content=\"e_mob \u00e8 il tavolo permanente degli stakeholder della mobilit\u00e0 elettrica in Italia. Organizza ogni anno a Milano la Conferenza Nazionale del settore, nel 2021 in programma dal 16 al 19 ottobre.\" \/>\n<meta name=\"robots\" content=\"index, follow, max-snippet:-1, max-image-preview:large, max-video-preview:-1\" \/>\n<link rel=\"canonical\" href=\"https:\/\/emob-italia.it\/2025\/10\/06\/rassegna-stampa-2025\/\" \/>\n<meta property=\"og:locale\" content=\"en_US\" \/>\n<meta property=\"og:type\" content=\"article\" \/>\n<meta property=\"og:title\" content=\"Rassegna Stampa 2025 &#8226; e_mob\" \/>\n<meta property=\"og:description\" content=\"e_mob \u00e8 il tavolo permanente degli stakeholder della mobilit\u00e0 elettrica in Italia. Organizza ogni anno a Milano la Conferenza Nazionale del settore, nel 2021 in programma dal 16 al 19 ottobre.\" \/>\n<meta property=\"og:url\" content=\"https:\/\/emob-italia.it\/2025\/10\/06\/rassegna-stampa-2025\/\" \/>\n<meta property=\"og:site_name\" content=\"e_mob\" \/>\n<meta property=\"article:publisher\" content=\"https:\/\/www.facebook.com\/emobitalia\/\" \/>\n<meta property=\"article:published_time\" content=\"2025-10-06T07:57:46+00:00\" \/>\n<meta property=\"article:modified_time\" content=\"2025-10-07T07:09:17+00:00\" \/>\n<meta property=\"og:image\" content=\"https:\/\/emob-italia.it\/wp-content\/uploads\/2025\/10\/giornali-quotidiani-stampa-2.jpg\" \/>\n\t<meta property=\"og:image:width\" content=\"1000\" \/>\n\t<meta property=\"og:image:height\" content=\"563\" \/>\n\t<meta property=\"og:image:type\" content=\"image\/jpeg\" \/>\n<meta name=\"author\" content=\"Redazione\" \/>\n<meta name=\"twitter:label1\" content=\"Written by\" \/>\n\t<meta name=\"twitter:data1\" content=\"Redazione\" \/>\n\t<meta name=\"twitter:label2\" content=\"Est. reading time\" \/>\n\t<meta name=\"twitter:data2\" content=\"3 minutes\" \/>\n<script type=\"application\/ld+json\" class=\"yoast-schema-graph\">{\"@context\":\"https:\/\/schema.org\",\"@graph\":[{\"@type\":\"Article\",\"@id\":\"https:\/\/emob-italia.it\/2025\/10\/06\/rassegna-stampa-2025\/#article\",\"isPartOf\":{\"@id\":\"https:\/\/emob-italia.it\/2025\/10\/06\/rassegna-stampa-2025\/\"},\"author\":{\"name\":\"Redazione\",\"@id\":\"https:\/\/emob-italia.it\/#\/schema\/person\/59871c976b1a5e842e3d0b98901e4f6d\"},\"headline\":\"Rassegna Stampa 2025\",\"datePublished\":\"2025-10-06T07:57:46+00:00\",\"dateModified\":\"2025-10-07T07:09:17+00:00\",\"mainEntityOfPage\":{\"@id\":\"https:\/\/emob-italia.it\/2025\/10\/06\/rassegna-stampa-2025\/\"},\"wordCount\":1278,\"publisher\":{\"@id\":\"https:\/\/emob-italia.it\/#organization\"},\"image\":{\"@id\":\"https:\/\/emob-italia.it\/2025\/10\/06\/rassegna-stampa-2025\/#primaryimage\"},\"thumbnailUrl\":\"https:\/\/emob-italia.it\/wp-content\/uploads\/2025\/10\/giornali-quotidiani-stampa-2.jpg\",\"articleSection\":[\"Notizie Newsletter\"],\"inLanguage\":\"en-US\"},{\"@type\":\"WebPage\",\"@id\":\"https:\/\/emob-italia.it\/2025\/10\/06\/rassegna-stampa-2025\/\",\"url\":\"https:\/\/emob-italia.it\/2025\/10\/06\/rassegna-stampa-2025\/\",\"name\":\"Rassegna Stampa 2025 &#8226; e_mob\",\"isPartOf\":{\"@id\":\"https:\/\/emob-italia.it\/#website\"},\"primaryImageOfPage\":{\"@id\":\"https:\/\/emob-italia.it\/2025\/10\/06\/rassegna-stampa-2025\/#primaryimage\"},\"image\":{\"@id\":\"https:\/\/emob-italia.it\/2025\/10\/06\/rassegna-stampa-2025\/#primaryimage\"},\"thumbnailUrl\":\"https:\/\/emob-italia.it\/wp-content\/uploads\/2025\/10\/giornali-quotidiani-stampa-2.jpg\",\"datePublished\":\"2025-10-06T07:57:46+00:00\",\"dateModified\":\"2025-10-07T07:09:17+00:00\",\"description\":\"e_mob \u00e8 il tavolo permanente degli stakeholder della mobilit\u00e0 elettrica in Italia. Organizza ogni anno a Milano la Conferenza Nazionale del settore, nel 2021 in programma dal 16 al 19 ottobre.\",\"breadcrumb\":{\"@id\":\"https:\/\/emob-italia.it\/2025\/10\/06\/rassegna-stampa-2025\/#breadcrumb\"},\"inLanguage\":\"en-US\",\"potentialAction\":[{\"@type\":\"ReadAction\",\"target\":[\"https:\/\/emob-italia.it\/2025\/10\/06\/rassegna-stampa-2025\/\"]}]},{\"@type\":\"ImageObject\",\"inLanguage\":\"en-US\",\"@id\":\"https:\/\/emob-italia.it\/2025\/10\/06\/rassegna-stampa-2025\/#primaryimage\",\"url\":\"https:\/\/emob-italia.it\/wp-content\/uploads\/2025\/10\/giornali-quotidiani-stampa-2.jpg\",\"contentUrl\":\"https:\/\/emob-italia.it\/wp-content\/uploads\/2025\/10\/giornali-quotidiani-stampa-2.jpg\",\"width\":1000,\"height\":563},{\"@type\":\"BreadcrumbList\",\"@id\":\"https:\/\/emob-italia.it\/2025\/10\/06\/rassegna-stampa-2025\/#breadcrumb\",\"itemListElement\":[{\"@type\":\"ListItem\",\"position\":1,\"name\":\"Home\",\"item\":\"https:\/\/emob-italia.it\/en\/\"},{\"@type\":\"ListItem\",\"position\":2,\"name\":\"Rassegna Stampa 2025\"}]},{\"@type\":\"WebSite\",\"@id\":\"https:\/\/emob-italia.it\/#website\",\"url\":\"https:\/\/emob-italia.it\/\",\"name\":\"e_mob\",\"description\":\"Mobilit\u00e0 Elettrica\",\"publisher\":{\"@id\":\"https:\/\/emob-italia.it\/#organization\"},\"potentialAction\":[{\"@type\":\"SearchAction\",\"target\":{\"@type\":\"EntryPoint\",\"urlTemplate\":\"https:\/\/emob-italia.it\/?s={search_term_string}\"},\"query-input\":\"required name=search_term_string\"}],\"inLanguage\":\"en-US\"},{\"@type\":\"Organization\",\"@id\":\"https:\/\/emob-italia.it\/#organization\",\"name\":\"Class Onlus\",\"url\":\"https:\/\/emob-italia.it\/\",\"logo\":{\"@type\":\"ImageObject\",\"inLanguage\":\"en-US\",\"@id\":\"https:\/\/emob-italia.it\/#\/schema\/logo\/image\/\",\"url\":\"https:\/\/emob-italia.it\/wp-content\/uploads\/2019\/03\/0_CLASS-ONLUS-logo-web.png\",\"contentUrl\":\"https:\/\/emob-italia.it\/wp-content\/uploads\/2019\/03\/0_CLASS-ONLUS-logo-web.png\",\"width\":598,\"height\":202,\"caption\":\"Class Onlus\"},\"image\":{\"@id\":\"https:\/\/emob-italia.it\/#\/schema\/logo\/image\/\"},\"sameAs\":[\"https:\/\/www.facebook.com\/emobitalia\/\",\"https:\/\/www.instagram.com\/e_mob_italia\/\",\"https:\/\/www.linkedin.com\/groups\/12186185\/\",\"https:\/\/www.youtube.com\/channel\/UCvnTcrhggAX_AkFwGxRfqFw\/featured?view_as=subscriber\"]},{\"@type\":\"Person\",\"@id\":\"https:\/\/emob-italia.it\/#\/schema\/person\/59871c976b1a5e842e3d0b98901e4f6d\",\"name\":\"Redazione\",\"image\":{\"@type\":\"ImageObject\",\"inLanguage\":\"en-US\",\"@id\":\"https:\/\/emob-italia.it\/#\/schema\/person\/image\/\",\"url\":\"https:\/\/secure.gravatar.com\/avatar\/5389093e19decc01f17a4f367aa6ce45?s=96&r=g\",\"contentUrl\":\"https:\/\/secure.gravatar.com\/avatar\/5389093e19decc01f17a4f367aa6ce45?s=96&r=g\",\"caption\":\"Redazione\"},\"url\":\"https:\/\/emob-italia.it\/en\/author\/redazione\/\"}]}<\/script>\n<!-- \/ Yoast SEO plugin. -->","yoast_head_json":{"title":"Rassegna Stampa 2025 &#8226; e_mob","description":"e_mob \u00e8 il tavolo permanente degli stakeholder della mobilit\u00e0 elettrica in Italia. Organizza ogni anno a Milano la Conferenza Nazionale del settore, nel 2021 in programma dal 16 al 19 ottobre.","robots":{"index":"index","follow":"follow","max-snippet":"max-snippet:-1","max-image-preview":"max-image-preview:large","max-video-preview":"max-video-preview:-1"},"canonical":"https:\/\/emob-italia.it\/2025\/10\/06\/rassegna-stampa-2025\/","og_locale":"en_US","og_type":"article","og_title":"Rassegna Stampa 2025 &#8226; e_mob","og_description":"e_mob \u00e8 il tavolo permanente degli stakeholder della mobilit\u00e0 elettrica in Italia. Organizza ogni anno a Milano la Conferenza Nazionale del settore, nel 2021 in programma dal 16 al 19 ottobre.","og_url":"https:\/\/emob-italia.it\/2025\/10\/06\/rassegna-stampa-2025\/","og_site_name":"e_mob","article_publisher":"https:\/\/www.facebook.com\/emobitalia\/","article_published_time":"2025-10-06T07:57:46+00:00","article_modified_time":"2025-10-07T07:09:17+00:00","og_image":[{"width":1000,"height":563,"url":"https:\/\/emob-italia.it\/wp-content\/uploads\/2025\/10\/giornali-quotidiani-stampa-2.jpg","type":"image\/jpeg"}],"author":"Redazione","twitter_misc":{"Written by":"Redazione","Est. reading time":"3 minutes"},"schema":{"@context":"https:\/\/schema.org","@graph":[{"@type":"Article","@id":"https:\/\/emob-italia.it\/2025\/10\/06\/rassegna-stampa-2025\/#article","isPartOf":{"@id":"https:\/\/emob-italia.it\/2025\/10\/06\/rassegna-stampa-2025\/"},"author":{"name":"Redazione","@id":"https:\/\/emob-italia.it\/#\/schema\/person\/59871c976b1a5e842e3d0b98901e4f6d"},"headline":"Rassegna Stampa 2025","datePublished":"2025-10-06T07:57:46+00:00","dateModified":"2025-10-07T07:09:17+00:00","mainEntityOfPage":{"@id":"https:\/\/emob-italia.it\/2025\/10\/06\/rassegna-stampa-2025\/"},"wordCount":1278,"publisher":{"@id":"https:\/\/emob-italia.it\/#organization"},"image":{"@id":"https:\/\/emob-italia.it\/2025\/10\/06\/rassegna-stampa-2025\/#primaryimage"},"thumbnailUrl":"https:\/\/emob-italia.it\/wp-content\/uploads\/2025\/10\/giornali-quotidiani-stampa-2.jpg","articleSection":["Notizie Newsletter"],"inLanguage":"en-US"},{"@type":"WebPage","@id":"https:\/\/emob-italia.it\/2025\/10\/06\/rassegna-stampa-2025\/","url":"https:\/\/emob-italia.it\/2025\/10\/06\/rassegna-stampa-2025\/","name":"Rassegna Stampa 2025 &#8226; e_mob","isPartOf":{"@id":"https:\/\/emob-italia.it\/#website"},"primaryImageOfPage":{"@id":"https:\/\/emob-italia.it\/2025\/10\/06\/rassegna-stampa-2025\/#primaryimage"},"image":{"@id":"https:\/\/emob-italia.it\/2025\/10\/06\/rassegna-stampa-2025\/#primaryimage"},"thumbnailUrl":"https:\/\/emob-italia.it\/wp-content\/uploads\/2025\/10\/giornali-quotidiani-stampa-2.jpg","datePublished":"2025-10-06T07:57:46+00:00","dateModified":"2025-10-07T07:09:17+00:00","description":"e_mob \u00e8 il tavolo permanente degli stakeholder della mobilit\u00e0 elettrica in Italia. Organizza ogni anno a Milano la Conferenza Nazionale del settore, nel 2021 in programma dal 16 al 19 ottobre.","breadcrumb":{"@id":"https:\/\/emob-italia.it\/2025\/10\/06\/rassegna-stampa-2025\/#breadcrumb"},"inLanguage":"en-US","potentialAction":[{"@type":"ReadAction","target":["https:\/\/emob-italia.it\/2025\/10\/06\/rassegna-stampa-2025\/"]}]},{"@type":"ImageObject","inLanguage":"en-US","@id":"https:\/\/emob-italia.it\/2025\/10\/06\/rassegna-stampa-2025\/#primaryimage","url":"https:\/\/emob-italia.it\/wp-content\/uploads\/2025\/10\/giornali-quotidiani-stampa-2.jpg","contentUrl":"https:\/\/emob-italia.it\/wp-content\/uploads\/2025\/10\/giornali-quotidiani-stampa-2.jpg","width":1000,"height":563},{"@type":"BreadcrumbList","@id":"https:\/\/emob-italia.it\/2025\/10\/06\/rassegna-stampa-2025\/#breadcrumb","itemListElement":[{"@type":"ListItem","position":1,"name":"Home","item":"https:\/\/emob-italia.it\/en\/"},{"@type":"ListItem","position":2,"name":"Rassegna Stampa 2025"}]},{"@type":"WebSite","@id":"https:\/\/emob-italia.it\/#website","url":"https:\/\/emob-italia.it\/","name":"e_mob","description":"Mobilit\u00e0 Elettrica","publisher":{"@id":"https:\/\/emob-italia.it\/#organization"},"potentialAction":[{"@type":"SearchAction","target":{"@type":"EntryPoint","urlTemplate":"https:\/\/emob-italia.it\/?s={search_term_string}"},"query-input":"required name=search_term_string"}],"inLanguage":"en-US"},{"@type":"Organization","@id":"https:\/\/emob-italia.it\/#organization","name":"Class Onlus","url":"https:\/\/emob-italia.it\/","logo":{"@type":"ImageObject","inLanguage":"en-US","@id":"https:\/\/emob-italia.it\/#\/schema\/logo\/image\/","url":"https:\/\/emob-italia.it\/wp-content\/uploads\/2019\/03\/0_CLASS-ONLUS-logo-web.png","contentUrl":"https:\/\/emob-italia.it\/wp-content\/uploads\/2019\/03\/0_CLASS-ONLUS-logo-web.png","width":598,"height":202,"caption":"Class Onlus"},"image":{"@id":"https:\/\/emob-italia.it\/#\/schema\/logo\/image\/"},"sameAs":["https:\/\/www.facebook.com\/emobitalia\/","https:\/\/www.instagram.com\/e_mob_italia\/","https:\/\/www.linkedin.com\/groups\/12186185\/","https:\/\/www.youtube.com\/channel\/UCvnTcrhggAX_AkFwGxRfqFw\/featured?view_as=subscriber"]},{"@type":"Person","@id":"https:\/\/emob-italia.it\/#\/schema\/person\/59871c976b1a5e842e3d0b98901e4f6d","name":"Redazione","image":{"@type":"ImageObject","inLanguage":"en-US","@id":"https:\/\/emob-italia.it\/#\/schema\/person\/image\/","url":"https:\/\/secure.gravatar.com\/avatar\/5389093e19decc01f17a4f367aa6ce45?s=96&r=g","contentUrl":"https:\/\/secure.gravatar.com\/avatar\/5389093e19decc01f17a4f367aa6ce45?s=96&r=g","caption":"Redazione"},"url":"https:\/\/emob-italia.it\/en\/author\/redazione\/"}]}},"_links":{"self":[{"href":"https:\/\/emob-italia.it\/en\/wp-json\/wp\/v2\/posts\/65444"}],"collection":[{"href":"https:\/\/emob-italia.it\/en\/wp-json\/wp\/v2\/posts"}],"about":[{"href":"https:\/\/emob-italia.it\/en\/wp-json\/wp\/v2\/types\/post"}],"author":[{"embeddable":true,"href":"https:\/\/emob-italia.it\/en\/wp-json\/wp\/v2\/users\/19"}],"replies":[{"embeddable":true,"href":"https:\/\/emob-italia.it\/en\/wp-json\/wp\/v2\/comments?post=65444"}],"version-history":[{"count":8,"href":"https:\/\/emob-italia.it\/en\/wp-json\/wp\/v2\/posts\/65444\/revisions"}],"predecessor-version":[{"id":65455,"href":"https:\/\/emob-italia.it\/en\/wp-json\/wp\/v2\/posts\/65444\/revisions\/65455"}],"wp:featuredmedia":[{"embeddable":true,"href":"https:\/\/emob-italia.it\/en\/wp-json\/wp\/v2\/media\/65454"}],"wp:attachment":[{"href":"https:\/\/emob-italia.it\/en\/wp-json\/wp\/v2\/media?parent=65444"}],"wp:term":[{"taxonomy":"category","embeddable":true,"href":"https:\/\/emob-italia.it\/en\/wp-json\/wp\/v2\/categories?post=65444"},{"taxonomy":"post_tag","embeddable":true,"href":"https:\/\/emob-italia.it\/en\/wp-json\/wp\/v2\/tags?post=65444"}],"curies":[{"name":"wp","href":"https:\/\/api.w.org\/{rel}","templated":true}]}}