{"id":65374,"date":"2025-09-26T11:24:13","date_gmt":"2025-09-26T09:24:13","guid":{"rendered":"https:\/\/emob-italia.it\/?p=65374"},"modified":"2025-09-26T12:32:12","modified_gmt":"2025-09-26T10:32:12","slug":"carta-di-e_mob-2025","status":"publish","type":"post","link":"https:\/\/emob-italia.it\/en\/2025\/09\/26\/carta-di-e_mob-2025\/","title":{"rendered":"Carta di e_mob 2025"},"content":{"rendered":"<p>[et_pb_section fb_built=&#8221;1&#8243; _builder_version=&#8221;4.24.2&#8243; _module_preset=&#8221;default&#8221; global_colors_info=&#8221;{}&#8221;][et_pb_row _builder_version=&#8221;4.24.2&#8243; _module_preset=&#8221;default&#8221; custom_padding=&#8221;0px|||15px||&#8221; global_colors_info=&#8221;{}&#8221;][et_pb_column type=&#8221;4_4&#8243; _builder_version=&#8221;4.24.2&#8243; _module_preset=&#8221;default&#8221; global_colors_info=&#8221;{}&#8221;][et_pb_text _builder_version=&#8221;4.24.2&#8243; _module_preset=&#8221;default&#8221; custom_padding=&#8221;11px|||||&#8221; global_colors_info=&#8221;{}&#8221;]<\/p>\n<div class=\"flex-shrink-0 flex flex-col relative items-end\">\n<div>\n<div class=\"pt-0\">\n<div class=\"gizmo-bot-avatar flex h-8 w-8 items-center justify-center overflow-hidden rounded-full\"><\/div>\n<\/div>\n<\/div>\n<\/div>\n<div class=\"group\/conversation-turn relative flex w-full min-w-0 flex-col agent-turn\">\n<div class=\"flex-col gap-1 md:gap-3\">\n<div class=\"flex flex-grow flex-col max-w-full\">\n<h4 class=\"min-h-[20px] text-message flex w-full flex-col items-end gap-2 whitespace-pre-wrap break-words [.text-message+&amp;]:mt-5 overflow-x-auto\" dir=\"auto\" data-message-author-role=\"assistant\" data-message-id=\"5fb93923-1e75-42bb-9c9f-25fcda90c5be\">\n<p><\/h4>\n<p><b>Raccolta di elementi per la discussione e\u00a0<\/b><\/p>\n<p><b>l&#8217;elaborazione della prossima carta di e-mob 2025<\/b><\/p>\n<h4 class=\"min-h-[20px] text-message flex w-full flex-col items-end gap-2 whitespace-pre-wrap break-words [.text-message+&amp;]:mt-5 overflow-x-auto\" dir=\"auto\" data-message-author-role=\"assistant\" data-message-id=\"5fb93923-1e75-42bb-9c9f-25fcda90c5be\">\n<\/h4>\n<p><b>Premessa<\/b><\/p>\n<p><span style=\"font-weight: 400;\">Il presente documento nasce dal lavoro di confronto e di consultazione pubblica condotto nell\u2019ambito della <\/span><b>Nona Conferenza Nazionale della Mobilit\u00e0 Elettrica \u2013 e_mob 2025<\/b><span style=\"font-weight: 400;\">, un appuntamento che negli anni si \u00e8 consolidato come il principale momento di riflessione e di proposta sul tema della transizione energetica applicata ai trasporti.<\/span><\/p>\n<p><span style=\"font-weight: 400;\">Il testo che segue non rappresenta un punto di arrivo, ma piuttosto una tappa intermedia di un percorso pi\u00f9 ampio. Esso raccoglie le riflessioni maturate nel corso della preparazione di questa edizione di e_mob, e intende mettere in evidenza sia i progressi compiuti sia le criticit\u00e0 ancora aperte. La finalit\u00e0 \u00e8 duplice: da un lato offrire un quadro aggiornato e documentato della situazione italiana nel settore della mobilit\u00e0 elettrica; dall\u2019altro proporre soluzioni concrete e condivise che possano orientare le decisioni politiche e industriali dei prossimi anni.<\/span><\/p>\n<p><span style=\"font-weight: 400;\">Nella redazione del documento si \u00e8 scelto di riprendere e aggiornare alcuni spunti gi\u00e0 emersi nelle edizioni precedenti, molti dei quali non hanno ancora trovato adeguata applicazione. Allo stesso tempo, sono state integrate le analisi e le raccomandazioni contenute nel <\/span><b>Libro Bianco sulla Mobilit\u00e0 Elettrica<\/b><span style=\"font-weight: 400;\"> predisposto da <\/span><b>Motus-E<\/b><span style=\"font-weight: 400;\">, che rappresenta oggi una delle fonti pi\u00f9 autorevoli in Italia per la conoscenza e lo sviluppo di questo settore.<\/span><\/p>\n<h4 class=\"min-h-[20px] text-message flex w-full flex-col items-end gap-2 whitespace-pre-wrap break-words [.text-message+&amp;]:mt-5 overflow-x-auto\" dir=\"auto\" data-message-author-role=\"assistant\" data-message-id=\"5fb93923-1e75-42bb-9c9f-25fcda90c5be\"><\/h4>\n<ol>\n<li><b> Scenario attuale della mobilit\u00e0 elettrica in Italia<\/b><\/li>\n<\/ol>\n<p><span style=\"font-weight: 400;\">Al 31 luglio 2025 risultano immatricolate in Italia <\/span><b>324.611 autovetture elettriche<\/b><span style=\"font-weight: 400;\">. Di queste, <\/span><b>50.539<\/b><span style=\"font-weight: 400;\"> sono state vendute nei primi sette mesi dell\u2019anno, con una crescita del <\/span><b>30,9% rispetto allo stesso periodo del 2024<\/b><span style=\"font-weight: 400;\">. Per comprendere la portata del fenomeno, basti ricordare che al 30 settembre 2024 il numero totale di veicoli elettrici puri circolanti era pari a <\/span><b>261.731<\/b><span style=\"font-weight: 400;\">: un incremento che, pur non collocando l\u2019Italia ai vertici europei, dimostra un\u2019accelerazione significativa.<\/span><\/p>\n<p><span style=\"font-weight: 400;\">Parallelamente, il numero delle <\/span><b>infrastrutture di ricarica<\/b><span style=\"font-weight: 400;\"> continua ad aumentare. A luglio 2025 le colonnine censite risultano essere <\/span><b>67.651<\/b><span style=\"font-weight: 400;\">, cui vanno aggiunti circa <\/span><b>15.000 punti di ricarica non ufficialmente censiti<\/b><span style=\"font-weight: 400;\">, ma comunque operativi sul territorio. Si tratta di una rete in costante crescita, seppur ancora distribuita in modo disomogeneo, con concentrazioni nelle aree urbane e carenze nelle zone periferiche o a bassa densit\u00e0 abitativa.<\/span><\/p>\n<p><span style=\"font-weight: 400;\">Le proiezioni elaborate da Motus-E, considerate ad oggi le pi\u00f9 affidabili, stimano che entro il 2030 in Italia circoleranno <\/span><b>tra 3,7 e 4,6 milioni di veicoli elettrici<\/b><span style=\"font-weight: 400;\">. Questa previsione \u00e8 tuttavia condizionata dalla continuit\u00e0 delle politiche di sostegno: senza incentivi all\u2019acquisto, agevolazioni fiscali per le flotte aziendali e investimenti nell\u2019infrastruttura, il ritmo di crescita potrebbe rallentare.<\/span><\/p>\n<p><span style=\"font-weight: 400;\">Il quadro italiano, pur mostrando segnali di progresso, resta quindi caratterizzato da luci e ombre. Da un lato si registra un interesse crescente dei consumatori, delle imprese e delle amministrazioni pubbliche. Dall\u2019altro permangono ostacoli legati ai costi di acquisto, alla disomogeneit\u00e0 delle reti di ricarica e a politiche pubbliche spesso incoerenti e discontinue.<\/span><\/p>\n<h4 class=\"min-h-[20px] text-message flex w-full flex-col items-end gap-2 whitespace-pre-wrap break-words [.text-message+&amp;]:mt-5 overflow-x-auto\" dir=\"auto\" data-message-author-role=\"assistant\" data-message-id=\"5fb93923-1e75-42bb-9c9f-25fcda90c5be\"><\/h4>\n<ol start=\"2\">\n<li><b> Politiche pubbliche: successi mancati e scelte incoerenti<\/b><\/li>\n<\/ol>\n<p><span style=\"font-weight: 400;\">Uno degli esempi pi\u00f9 significativi delle difficolt\u00e0 italiane riguarda la gestione delle risorse destinate dal <\/span><b>Piano Nazionale di Ripresa e Resilienza (PNRR)<\/b><span style=\"font-weight: 400;\">. Il piano prevedeva uno stanziamento complessivo di <\/span><b>713 milioni di euro<\/b><span style=\"font-weight: 400;\"> per la realizzazione delle infrastrutture di ricarica nel triennio. Tuttavia, a causa di procedure burocratiche complesse, tempi di approvazione lunghi e criteri poco trasparenti, nei primi due anni \u00e8 stato effettivamente speso soltanto <\/span><b>il 2% delle risorse disponibili<\/b><span style=\"font-weight: 400;\">, pari a circa 15 milioni di euro.<\/span><\/p>\n<p><span style=\"font-weight: 400;\">Questo mancato utilizzo ha portato il Governo a riallocare i fondi non spesi, destinandoli in gran parte al finanziamento dell\u2019<\/span><b>Ecobonus auto<\/b><span style=\"font-weight: 400;\">. Si tratta di 600 milioni di euro, dei quali ben 597 milioni provenienti dal fallimento del bonus colonnine. L\u2019ammontare complessivo consentir\u00e0 di finanziare l\u2019acquisto di circa 70.000 auto elettriche da qui a giugno 2026.<\/span><\/p>\n<p><span style=\"font-weight: 400;\">Se da un lato questa decisione ha permesso di non perdere completamente le risorse, dall\u2019altro ha spostato l\u2019attenzione da un intervento strutturale \u2013 la rete di ricarica \u2013 a una misura temporanea e di impatto limitato, qual \u00e8 il contributo diretto all\u2019acquisto.<\/span><\/p>\n<p><span style=\"font-weight: 400;\">L\u2019Ecobonus \u00e8 riservato a privati e microimprese, con la condizione della rottamazione di un veicolo termico. Il contributo massimo previsto pu\u00f2 arrivare fino a <\/span><b>11.000 euro<\/b><span style=\"font-weight: 400;\">. Questo importo, giudicato da molti eccessivo, rischia di produrre effetti distorsivi: gli incentivi troppo alti creano picchi improvvisi nella domanda, seguiti da fasi di stallo in attesa di nuovi fondi, anzich\u00e9 favorire una crescita graduale e sostenibile.<\/span><\/p>\n<p><span style=\"font-weight: 400;\">La \u201cComunit\u00e0 di e_mob\u201d ha riconosciuto alcuni aspetti positivi della misura, in particolare l\u2019introduzione di <\/span><b>criteri soggettivi di accesso<\/b><span style=\"font-weight: 400;\"> legati alla residenza e ai limiti ISEE, che contribuiscono a rendere pi\u00f9 equa la distribuzione del beneficio. Tuttavia, il giudizio complessivo resta critico.<\/span><\/p>\n<p><span style=\"font-weight: 400;\">A complicare ulteriormente il quadro intervengono gli incentivi di livello regionale. La Regione Lombardia, ad esempio, ha introdotto un contributo aggiuntivo fino a 3.500 euro per la rottamazione, che si somma all\u2019Ecobonus nazionale. Rispetto agli incentivi regionali della Lombardia \u00e8 auspicabile la prosecuzione di una progressiva rivalutazione dell\u2019incentivo in funzione delle tecnologie. L\u2019effetto combinato rischia di alterare il mercato, creando disparit\u00e0 territoriali e rendendo ancora pi\u00f9 difficile pianificare una strategia coerente a livello nazionale.<\/span><\/p>\n<p><span style=\"font-weight: 400;\">Questi esempi dimostrano quanto sia urgente un cambio di passo: non bastano provvedimenti sporadici o bonus a pioggia. Occorre una <\/span><b>visione organica e di lungo periodo<\/b><span style=\"font-weight: 400;\">, capace di accompagnare il calo naturale dei costi di produzione dei veicoli elettrici con strumenti di sostegno mirati e progressivi.<\/span><\/p>\n<h4 class=\"min-h-[20px] text-message flex w-full flex-col items-end gap-2 whitespace-pre-wrap break-words [.text-message+&amp;]:mt-5 overflow-x-auto\" dir=\"auto\" data-message-author-role=\"assistant\" data-message-id=\"5fb93923-1e75-42bb-9c9f-25fcda90c5be\"><\/h4>\n<ol start=\"3\">\n<li><b> Le proposte della \u201cComunit\u00e0 di e_mob\u201d<\/b><\/li>\n<\/ol>\n<p><span style=\"font-weight: 400;\">La \u201cComunit\u00e0 di e_mob\u201d, che raccoglie attori pubblici e privati impegnati nella transizione verso la mobilit\u00e0 sostenibile, ritiene che la fase attuale richieda un insieme di interventi coerenti e coordinati. Non basta pi\u00f9 agire con logiche emergenziali, basate su incentivi temporanei o programmi frammentati. \u00c8 necessario, invece, definire una <\/span><b>programmazione triennale stabile<\/b><span style=\"font-weight: 400;\">, che consenta agli operatori economici di pianificare gli investimenti, ai cittadini di avere certezze e alle istituzioni di valutare l\u2019efficacia delle misure adottate.<\/span><\/p>\n<p><b>3.1 Infrastrutture di ricarica<\/b><\/p>\n<p><span style=\"font-weight: 400;\">La prima e pi\u00f9 urgente esigenza riguarda il potenziamento della rete di ricarica. Senza un\u2019infrastruttura capillare e affidabile, la diffusione dei veicoli elettrici rischia di rimanere confinata a un mercato di nicchia.<\/span><\/p>\n<p><span style=\"font-weight: 400;\">Oggi la distribuzione delle colonnine \u00e8 molto disomogenea: le aree urbane e metropolitane sono relativamente ben servite, mentre intere zone del Paese \u2013 soprattutto quelle interne, rurali o montane \u2013 presentano una copertura minima. Questo squilibrio rischia di amplificare le disuguaglianze territoriali, penalizzando i cittadini che vivono lontano dai grandi centri.<\/span><\/p>\n<p><span style=\"font-weight: 400;\">La \u201cComunit\u00e0 di e_mob\u201d propone pertanto:<\/span><\/p>\n<p><span style=\"font-weight: 400;\">di <\/span><b>rivedere in futuro i criteri che sono stati utilizzati per i fondi PNRR<\/b><span style=\"font-weight: 400;\">, semplificando le procedure e introducendo incentivi specifici per le installazioni in aree a fallimento di mercato, dove i ritorni economici per gli operatori privati non sono sufficienti a giustificare l\u2019investimento;<\/span><\/p>\n<p><span style=\"font-weight: 400;\">di intervenire sul tema dei <\/span><b>costi di gestione delle ricariche pubbliche<\/b><span style=\"font-weight: 400;\">, che oggi pesano in modo rilevante sui CPO (Chargepoint Operator) e si traducono in tariffe pi\u00f9 alte per gli utenti finali;<\/span><\/p>\n<p><span style=\"font-weight: 400;\">di fissare un obiettivo nazionale chiaro e vincolante: raggiungere <\/span><b>almeno 100.000 punti di ricarica operativi entro il 2030<\/b><span style=\"font-weight: 400;\">, come previsto dal PNIEC, garantendo una distribuzione equilibrata sul territorio;<\/span><\/p>\n<p><span style=\"font-weight: 400;\">di assicurare <\/span><b>trasparenza e semplicit\u00e0 nelle tariffe<\/b><span style=\"font-weight: 400;\">, favorendo un allineamento con i costi della ricarica domestica e limitando le differenze ingiustificate tra operatori.<\/span><\/p>\n<p><b>3.2 Incentivi e fiscalit\u00e0<\/b><\/p>\n<p><span style=\"font-weight: 400;\">La politica degli incentivi deve uscire dalla logica del \u201ctutto e subito\u201d per approdare a una programmazione progressiva e mirata.<\/span><\/p>\n<p><span style=\"font-weight: 400;\">In particolare, la \u201cComunit\u00e0 di e_mob\u201d sottolinea la necessit\u00e0 di:<\/span><\/p>\n<p><span style=\"font-weight: 400;\">introdurre un <\/span><b>quadro di incentivi triennali<\/b><span style=\"font-weight: 400;\">, con regole chiare e stabili, evitando continue modifiche che disorientano cittadini e imprese;<\/span><\/p>\n<p><span style=\"font-weight: 400;\">sostenere non soltanto l\u2019acquisto di automobili elettriche, ma anche di motocicli, cargo bike ed eCargo bike, che rappresentano gi\u00e0 oggi una delle soluzioni pi\u00f9 pratiche ed efficienti per la mobilit\u00e0 urbana e la logistica dell\u2019ultimo miglio, come dimostra anche il grande successo dell\u2019iniziativa dedicata a motocicli e eCargo-Bike a basse emissioni, conclusasi il 26 maggio 2025 con l\u2019esaurimento dei 2 milioni di euro stanziati, proponiamo la riproposizione dell\u2019incentivo, con un eventuale incremento delle risorse messe a disposizione.<\/span><\/p>\n<p><span style=\"font-weight: 400;\">prevedere agevolazioni fiscali specifiche per le <\/span><b>flotte aziendali<\/b><span style=\"font-weight: 400;\">, che possono generare volumi significativi di immatricolazioni e contribuire a creare un mercato dell\u2019usato elettrico pi\u00f9 ampio e accessibile;<\/span><\/p>\n<p><span style=\"font-weight: 400;\">introdurre misure di sostegno per la <\/span><b>ricarica domestica<\/b><span style=\"font-weight: 400;\">, elemento cruciale per abbattere i costi di utilizzo e incentivare l\u2019adozione di veicoli elettrici anche da parte di famiglie e piccoli operatori.<\/span><\/p>\n<p><b>3.3 Flotte aziendali e trasporto pubblico locale<\/b><\/p>\n<p><span style=\"font-weight: 400;\">Un ruolo decisivo nella transizione spetta alle <\/span><b>flotte pubbliche e aziendali<\/b><span style=\"font-weight: 400;\">.<\/span><\/p>\n<p><span style=\"font-weight: 400;\">Per il <\/span><b>trasporto pubblico locale<\/b><span style=\"font-weight: 400;\">, la sostituzione progressiva degli autobus termici con mezzi elettrici rappresenta una priorit\u00e0 non solo ambientale, ma anche sociale. Autobus pi\u00f9 silenziosi e privi di emissioni inquinanti migliorano la qualit\u00e0 della vita urbana, riducendo rumore e smog. Tuttavia, i costi di investimento per le amministrazioni locali restano molto elevati.<\/span><\/p>\n<p><span style=\"font-weight: 400;\">La proposta \u00e8 quindi di rafforzare i programmi di sostegno destinati ai Comuni e alle aziende di trasporto pubblico, accompagnando l\u2019acquisto dei mezzi con finanziamenti per le infrastrutture di supporto (depositi, sistemi di ricarica rapida e gestione intelligente delle flotte).<\/span><\/p>\n<p><span style=\"font-weight: 400;\">Per le <\/span><b>aziende private<\/b><span style=\"font-weight: 400;\">, la conversione delle flotte aziendali pu\u00f2 rappresentare un volano importante. Le imprese hanno la capacit\u00e0 di rinnovare i parchi veicoli pi\u00f9 rapidamente rispetto ai privati e possono beneficiare di vantaggi fiscali. Al tempo stesso, la disponibilit\u00e0 di veicoli elettrici usati derivanti da flotte aziendali pu\u00f2 rendere il mercato pi\u00f9 accessibile a un pubblico pi\u00f9 ampio.<\/span><\/p>\n<p><b>3.4 Trasporto merci e logistica<\/b><\/p>\n<p><span style=\"font-weight: 400;\">Il trasporto merci, soprattutto nelle aree urbane, \u00e8 un altro ambito strategico. Le <\/span><b>consegne dell\u2019ultimo miglio<\/b><span style=\"font-weight: 400;\"> incidono in maniera significativa sull\u2019inquinamento e sulla congestione delle citt\u00e0. Promuovere l\u2019utilizzo di veicoli elettrici per queste attivit\u00e0 significa ridurre le emissioni, migliorare la vivibilit\u00e0 urbana e offrire un vantaggio competitivo agli operatori pi\u00f9 innovativi.<\/span><\/p>\n<p><span style=\"font-weight: 400;\">Occorre prevedere misure specifiche per agevolare la diffusione di <\/span><b>furgoni elettrici e veicoli commerciali leggeri<\/b><span style=\"font-weight: 400;\">, ma anche per favorire soluzioni pi\u00f9 agili come le eCargo bike, che si stanno dimostrando estremamente efficaci in contesti urbani ad alta densit\u00e0.<\/span><\/p>\n<p><b>3.5 Altri settori strategici<\/b><\/p>\n<p><span style=\"font-weight: 400;\">La transizione elettrica non riguarda soltanto auto, moto e furgoni. Ci sono altri ambiti che possono beneficiare di un processo di elettrificazione:<\/span><\/p>\n<p><span style=\"font-weight: 400;\">i <\/span><b>mezzi per l\u2019igiene urbana<\/b><span style=\"font-weight: 400;\">, dove l\u2019adozione di veicoli elettrici pu\u00f2 migliorare la qualit\u00e0 ambientale dei centri abitati, soprattutto nelle operazioni notturne;<\/span><\/p>\n<p><span style=\"font-weight: 400;\">il <\/span><b>trasporto navale<\/b><span style=\"font-weight: 400;\">, che inizia a sperimentare soluzioni ibride ed elettriche per traghetti, imbarcazioni turistiche e mezzi portuali;<\/span><\/p>\n<p><span style=\"font-weight: 400;\">il settore <\/span><b>aerospaziale<\/b><span style=\"font-weight: 400;\">, che guarda con crescente interesse a forme di propulsione elettrica o ibrida per ridurre consumi ed emissioni.<\/span><\/p>\n<h4 class=\"min-h-[20px] text-message flex w-full flex-col items-end gap-2 whitespace-pre-wrap break-words [.text-message+&amp;]:mt-5 overflow-x-auto\" dir=\"auto\" data-message-author-role=\"assistant\" data-message-id=\"5fb93923-1e75-42bb-9c9f-25fcda90c5be\"><\/h4>\n<ol start=\"4\">\n<li><b> Ricerca, innovazione e filiera industriale<\/b><\/li>\n<\/ol>\n<p><span style=\"font-weight: 400;\">La mobilit\u00e0 elettrica non \u00e8 soltanto una questione ambientale, ma rappresenta anche una straordinaria opportunit\u00e0 industriale.<\/span><\/p>\n<p><span style=\"font-weight: 400;\">Per l\u2019Italia, che vanta una lunga tradizione nella produzione automobilistica e meccanica, la sfida \u00e8 duplice: da un lato recuperare il ritardo accumulato rispetto ad altri Paesi europei, dall\u2019altro costruire una <\/span><b>filiera nazionale della mobilit\u00e0 elettrica<\/b><span style=\"font-weight: 400;\"> capace di competere sul piano internazionale.<\/span><\/p>\n<p><span style=\"font-weight: 400;\">Un settore strategico \u00e8 quello delle <\/span><b>batterie<\/b><span style=\"font-weight: 400;\">. \u00c8 indispensabile sviluppare una strategia nazionale che tenga conto di tre priorit\u00e0:<\/span><\/p>\n<p><span style=\"font-weight: 400;\">il <\/span><b>riciclo<\/b><span style=\"font-weight: 400;\"> e il recupero delle batterie a fine vita;<\/span><\/p>\n<p><span style=\"font-weight: 400;\">la loro <\/span><b>second life<\/b><span style=\"font-weight: 400;\">, ossia il riutilizzo in applicazioni stazionarie per lo stoccaggio di energia;<\/span><\/p>\n<p><span style=\"font-weight: 400;\">la valorizzazione delle <\/span><b>materie prime critiche<\/b><span style=\"font-weight: 400;\">, alcune delle quali disponibili anche in Italia.<\/span><\/p>\n<p><span style=\"font-weight: 400;\">Accanto a questo, occorre investire in <\/span><b>ricerca e innovazione<\/b><span style=\"font-weight: 400;\">, sostenendo progetti pilota e partenariati pubblico-privati. Le universit\u00e0, i centri di ricerca e le aziende devono lavorare insieme per sviluppare tecnologie pi\u00f9 efficienti e ridurre la dipendenza da fornitori esteri.<\/span><\/p>\n<ol start=\"5\">\n<li><b> Quadro europeo e Piano Nazionale Integrato per l\u2019Energia e il Clima (PNIEC)<\/b><\/li>\n<\/ol>\n<p><span style=\"font-weight: 400;\">La transizione verso la mobilit\u00e0 elettrica non \u00e8 un percorso isolato: l\u2019Italia si colloca all\u2019interno di un quadro pi\u00f9 ampio, definito dalle politiche europee sul clima e sull\u2019energia. L\u2019Unione Europea ha fissato obiettivi chiari e vincolanti: riduzione delle emissioni di gas serra del 55% entro il 2030 rispetto ai livelli del 1990, e <\/span><b>neutralit\u00e0 climatica entro il 2050<\/b><span style=\"font-weight: 400;\">.<\/span><\/p>\n<p><span style=\"font-weight: 400;\">Nel settore dei trasporti, questo si traduce nell\u2019obiettivo \u2013 gi\u00e0 approvato \u2013 di <\/span><b>vietare la vendita di autovetture con motore termico a partire dal 2035<\/b><span style=\"font-weight: 400;\">. Una decisione che segna un punto di non ritorno e che impone a tutti gli Stati membri di adeguarsi con politiche coerenti.<\/span><\/p>\n<p><span style=\"font-weight: 400;\">L\u2019Italia ha recepito questi orientamenti attraverso il <\/span><b>PNIEC<\/b><span style=\"font-weight: 400;\"> (Piano Nazionale Integrato per l\u2019Energia e il Clima), che prevede una quota di <\/span><b>almeno 100.000 punti di ricarica installati entro il 2030<\/b><span style=\"font-weight: 400;\"> e una penetrazione significativa dei veicoli elettrici nel parco circolante. Tuttavia, come evidenziato nei capitoli precedenti, l\u2019attuazione pratica di questi obiettivi appare ancora lontana: le risorse ci sono, ma vengono spesso utilizzate in modo inefficiente o con ritardi tali da compromettere l\u2019efficacia.<\/span><\/p>\n<p><span style=\"font-weight: 400;\">La sfida, quindi, non \u00e8 soltanto quantitativa ma qualitativa: non basta moltiplicare le colonnine o incentivare l\u2019acquisto di auto elettriche. Bisogna garantire che queste infrastrutture siano realmente fruibili, affidabili e distribuite in maniera equilibrata. Allo stesso modo, \u00e8 necessario accompagnare le misure economiche con campagne di comunicazione e sensibilizzazione, in grado di superare le diffidenze culturali e i pregiudizi che ancora oggi frenano molti cittadini.<\/span><\/p>\n<h4 class=\"min-h-[20px] text-message flex w-full flex-col items-end gap-2 whitespace-pre-wrap break-words [.text-message+&amp;]:mt-5 overflow-x-auto\" dir=\"auto\" data-message-author-role=\"assistant\" data-message-id=\"5fb93923-1e75-42bb-9c9f-25fcda90c5be\"><\/h4>\n<ol start=\"6\">\n<li><b> Le criticit\u00e0 da affrontare<\/b><\/li>\n<\/ol>\n<p><span style=\"font-weight: 400;\">Guardando al futuro prossimo, la \u201cComunit\u00e0 di e_mob\u201d individua alcune criticit\u00e0 prioritarie:<\/span><\/p>\n<p><b>Instabilit\u00e0 normativa e frammentazione territoriale<\/b><span style=\"font-weight: 400;\">: le continue modifiche agli incentivi e la differente applicazione a livello regionale creano incertezza, scoraggiando cittadini e imprese.<\/span><\/p>\n<p><b>Carenza di infrastrutture nelle aree periferiche<\/b><span style=\"font-weight: 400;\">: senza un piano organico, il rischio \u00e8 che la mobilit\u00e0 elettrica resti un fenomeno concentrato nelle grandi citt\u00e0, alimentando nuove disuguaglianze sociali.<\/span><\/p>\n<p><b>Costi ancora elevati<\/b><span style=\"font-weight: 400;\">: sebbene i prezzi dei veicoli elettrici siano destinati a calare, ad oggi restano fuori dalla portata di molte famiglie. Gli incentivi, per essere efficaci, devono ridurre questa distanza senza generare distorsioni di mercato.<\/span><\/p>\n<p><b>Ritardi negli investimenti industriali<\/b><span style=\"font-weight: 400;\">: l\u2019Italia rischia di rimanere dipendente da filiere produttive estere, con un impatto negativo sia sull\u2019occupazione sia sulla competitivit\u00e0 economica.<\/span><\/p>\n<h4 class=\"min-h-[20px] text-message flex w-full flex-col items-end gap-2 whitespace-pre-wrap break-words [.text-message+&amp;]:mt-5 overflow-x-auto\" dir=\"auto\" data-message-author-role=\"assistant\" data-message-id=\"5fb93923-1e75-42bb-9c9f-25fcda90c5be\"><\/h4>\n<ol start=\"7\">\n<li><b> Opportunit\u00e0 per l\u2019Italia<\/b><\/li>\n<\/ol>\n<p><span style=\"font-weight: 400;\">Nonostante le criticit\u00e0, la transizione alla mobilit\u00e0 elettrica rappresenta anche una straordinaria occasione di sviluppo per il nostro Paese.<\/span><\/p>\n<p><b>Opportunit\u00e0 ambientali<\/b><span style=\"font-weight: 400;\">: riduzione delle emissioni di CO\u2082 e degli inquinanti locali, miglioramento della qualit\u00e0 dell\u2019aria nelle citt\u00e0, riduzione del rumore urbano.<\/span><\/p>\n<p><b>Opportunit\u00e0 economiche<\/b><span style=\"font-weight: 400;\">: nascita di nuovi settori industriali legati alla produzione di batterie, componentistica, software e servizi digitali; possibilit\u00e0 di creare migliaia di posti di lavoro qualificati.<\/span><\/p>\n<p><b>Opportunit\u00e0 sociali<\/b><span style=\"font-weight: 400;\">: accesso a una mobilit\u00e0 pi\u00f9 sostenibile e inclusiva, in grado di migliorare la vita quotidiana dei cittadini, specialmente nelle aree urbane congestionate.<\/span><\/p>\n<p><b>Opportunit\u00e0 tecnologiche<\/b><span style=\"font-weight: 400;\">: leadership nell\u2019innovazione, con ricadute positive su altri settori strategici, dall\u2019energia rinnovabile all\u2019aerospazio.<\/span><\/p>\n<h4 class=\"min-h-[20px] text-message flex w-full flex-col items-end gap-2 whitespace-pre-wrap break-words [.text-message+&amp;]:mt-5 overflow-x-auto\" dir=\"auto\" data-message-author-role=\"assistant\" data-message-id=\"5fb93923-1e75-42bb-9c9f-25fcda90c5be\"><\/h4>\n<ol start=\"8\">\n<li><b> Conclusioni e appello finale<\/b><\/li>\n<\/ol>\n<p><span style=\"font-weight: 400;\">Il percorso verso la mobilit\u00e0 elettrica \u00e8 ormai tracciato. Non si tratta di chiedersi se l\u2019Italia debba intraprenderlo, ma come e con quale velocit\u00e0 intenda farlo. Ogni rinvio, ogni incertezza, ogni occasione mancata comporta un costo economico, ambientale e sociale che il Paese non pu\u00f2 pi\u00f9 permettersi.<\/span><\/p>\n<p><span style=\"font-weight: 400;\">La \u201cComunit\u00e0 di e_mob\u201d, forte della propria esperienza pluriennale di confronto e di proposta, lancia quindi un appello chiaro e costruttivo:<\/span><\/p>\n<p><span style=\"font-weight: 400;\">al <\/span><b>Governo<\/b><span style=\"font-weight: 400;\">, perch\u00e9 definisca una strategia nazionale stabile, con obiettivi triennali vincolanti e strumenti di monitoraggio trasparenti;<\/span><\/p>\n<p><span style=\"font-weight: 400;\">alle <\/span><b>Regioni e agli Enti locali<\/b><span style=\"font-weight: 400;\">, perch\u00e9 contribuiscono a una distribuzione equa delle infrastrutture e promuovano l\u2019utilizzo dei veicoli elettrici nei servizi pubblici e nella logistica urbana;<\/span><\/p>\n<p><span style=\"font-weight: 400;\">alle <\/span><b>imprese<\/b><span style=\"font-weight: 400;\">, perch\u00e9 investono con coraggio nell\u2019innovazione, nelle flotte elettriche e nelle nuove filiere industriali;<\/span><\/p>\n<p><span style=\"font-weight: 400;\">ai <\/span><b>cittadini<\/b><span style=\"font-weight: 400;\">, perch\u00e9 colgano questa opportunit\u00e0 non solo come un cambiamento tecnologico, ma come un nuovo modello di mobilit\u00e0 e di qualit\u00e0 della vita.<\/span><\/p>\n<p><span style=\"font-weight: 400;\">La transizione alla mobilit\u00e0 elettrica non \u00e8 un costo, ma un investimento. \u00c8 un investimento sul futuro delle nuove generazioni, sull\u2019ambiente, sulla salute e sulla competitivit\u00e0 dell\u2019Italia in Europa e nel mondo.<\/span><\/p>\n<p><span style=\"font-weight: 400;\">La nona edizione di e_mob vuole essere, ancora una volta, un laboratorio di idee e di azioni concrete. Un luogo in cui istituzioni, imprese, associazioni e cittadini possano confrontarsi e collaborare per accelerare il cambiamento. Perch\u00e9 la mobilit\u00e0 elettrica non \u00e8 soltanto un obiettivo: \u00e8 la strada che ci conduce verso un futuro pi\u00f9 giusto, sostenibile e condiviso.<\/span><\/p>\n<h4 class=\"min-h-[20px] text-message flex w-full flex-col items-end gap-2 whitespace-pre-wrap break-words [.text-message+&amp;]:mt-5 overflow-x-auto\" dir=\"auto\" data-message-author-role=\"assistant\" data-message-id=\"5fb93923-1e75-42bb-9c9f-25fcda90c5be\"><\/h4>\n<p><i><span style=\"font-weight: 400;\">Questo documento \u00e8 la base di partenza per una \u201cconsultazione pubblica\u201d con chiunque ha interesse sulla mobilit\u00e0 sostenibile che si svolger\u00e0 durante i tre giorni della Conferenza Nazionale della mobilit\u00e0 elettrica, proseguir\u00e0 nei giorni successivi attraverso la compilazione di un format presente sul sito e si concluder\u00e0 a fine mese di ottobre con la pubblicazione finale della <\/span><\/i><b><i>Carta di emob 2025.\u00a0<\/i><\/b><\/p>\n<h4 class=\"min-h-[20px] text-message flex w-full flex-col items-end gap-2 whitespace-pre-wrap break-words [.text-message+&amp;]:mt-5 overflow-x-auto\" dir=\"auto\" data-message-author-role=\"assistant\" data-message-id=\"5fb93923-1e75-42bb-9c9f-25fcda90c5be\">\n<\/h4>\n<\/div>\n<\/div>\n<\/div>\n<p>[\/et_pb_text][\/et_pb_column][\/et_pb_row][et_pb_row _builder_version=&#8221;4.24.2&#8243; _module_preset=&#8221;default&#8221; global_colors_info=&#8221;{}&#8221;][et_pb_column type=&#8221;4_4&#8243; _builder_version=&#8221;4.24.2&#8243; _module_preset=&#8221;default&#8221; global_colors_info=&#8221;{}&#8221;][et_pb_button button_url=&#8221;https:\/\/drive.google.com\/file\/d\/1icNTE0yo9q3m3TyYb1ZgdWy4lRcyUkne\/view?usp=sharing&#8221; url_new_window=&#8221;on&#8221; button_text=&#8221;SCARICA LA CARTA&#8221; button_alignment=&#8221;left&#8221; _builder_version=&#8221;4.24.2&#8243; _module_preset=&#8221;default&#8221; custom_button=&#8221;on&#8221; button_text_size=&#8221;26px&#8221; button_text_color=&#8221;#FFFFFF&#8221; button_bg_color=&#8221;#0C71C3&#8243; button_border_radius=&#8221;10px&#8221; button_font=&#8221;Source Sans Pro|700||on|||||&#8221; locked=&#8221;off&#8221; global_colors_info=&#8221;{}&#8221;][\/et_pb_button][\/et_pb_column][\/et_pb_row][et_pb_row _builder_version=&#8221;4.24.2&#8243; _module_preset=&#8221;default&#8221; global_colors_info=&#8221;{}&#8221;][et_pb_column type=&#8221;4_4&#8243; _builder_version=&#8221;4.24.2&#8243; _module_preset=&#8221;default&#8221; global_colors_info=&#8221;{}&#8221;][et_pb_image src=&#8221;https:\/\/emob-italia.it\/wp-content\/uploads\/2025\/09\/Screenshot-2025-09-19-alle-15.29.37-1024&#215;280.png&#8221; title_text=&#8221;Screenshot 2025-09-19 alle 15.29.37&#8243; _builder_version=&#8221;4.24.2&#8243; _module_preset=&#8221;default&#8221; global_colors_info=&#8221;{}&#8221;][\/et_pb_image][\/et_pb_column][\/et_pb_row][\/et_pb_section][et_pb_section fb_built=&#8221;1&#8243; theme_builder_area=&#8221;post_content&#8221; _builder_version=&#8221;4.24.2&#8243; _module_preset=&#8221;default&#8221; custom_padding=&#8221;0px||0px|||&#8221;][et_pb_row _builder_version=&#8221;4.24.2&#8243; _module_preset=&#8221;default&#8221; theme_builder_area=&#8221;post_content&#8221;][et_pb_column _builder_version=&#8221;4.24.2&#8243; _module_preset=&#8221;default&#8221; type=&#8221;4_4&#8243; theme_builder_area=&#8221;post_content&#8221;][et_pb_text _builder_version=&#8221;4.24.2&#8243; _module_preset=&#8221;default&#8221; theme_builder_area=&#8221;post_content&#8221; background_color=&#8221;#0C71C3&#8243; hover_enabled=&#8221;0&#8243; sticky_enabled=&#8221;0&#8243;]<\/p>\n<h1 style=\"text-align: center;\"><span style=\"color: #ffffff;\"><strong>CONSULTAZIONE PUBBLICA:<\/strong><\/span><\/h1>\n<h1 style=\"text-align: center;\"><span style=\"color: #ffffff;\"><strong>MODULO PER OSSERVAZIONI<\/strong><\/span><\/h1>\n<p>[\/et_pb_text][\/et_pb_column][\/et_pb_row][\/et_pb_section][et_pb_section fb_built=&#8221;1&#8243; theme_builder_area=&#8221;post_content&#8221; _builder_version=&#8221;4.24.2&#8243; _module_preset=&#8221;default&#8221; min_height=&#8221;845.2px&#8221;][et_pb_row _builder_version=&#8221;4.24.2&#8243; _module_preset=&#8221;default&#8221; theme_builder_area=&#8221;post_content&#8221; custom_margin=&#8221;-40px|auto||auto||&#8221;][et_pb_column _builder_version=&#8221;4.24.2&#8243; _module_preset=&#8221;default&#8221; type=&#8221;4_4&#8243; theme_builder_area=&#8221;post_content&#8221;][wpforms_selector _builder_version=&#8221;4.24.2&#8243; _module_preset=&#8221;default&#8221; theme_builder_area=&#8221;post_content&#8221; form_id=&#8221;65383&#8243; hover_enabled=&#8221;0&#8243; sticky_enabled=&#8221;0&#8243;][\/wpforms_selector][\/et_pb_column][\/et_pb_row][\/et_pb_section]<\/p>\n","protected":false},"excerpt":{"rendered":"<p>Raccolta di elementi per la discussione e\u00a0 l&#8217;elaborazione della prossima carta di e-mob 2025 Premessa Il presente documento nasce dal lavoro di confronto e di consultazione pubblica condotto nell\u2019ambito della Nona Conferenza Nazionale della Mobilit\u00e0 Elettrica \u2013 e_mob 2025, un appuntamento che negli anni si \u00e8 consolidato come il principale momento di riflessione e di [&hellip;]<\/p>\n","protected":false},"author":19,"featured_media":65351,"comment_status":"open","ping_status":"open","sticky":false,"template":"","format":"chat","meta":{"_et_pb_use_builder":"on","_et_pb_old_content":"","_et_gb_content_width":"","_exactmetrics_skip_tracking":false,"_exactmetrics_sitenote_active":false,"_exactmetrics_sitenote_note":"","_exactmetrics_sitenote_category":0,"footnotes":""},"categories":[114],"tags":[],"yoast_head":"<!-- This site is optimized with the Yoast SEO plugin v22.9 - https:\/\/yoast.com\/wordpress\/plugins\/seo\/ -->\n<title>Carta di e_mob 2025 &#8226; e_mob<\/title>\n<meta name=\"description\" content=\"e_mob \u00e8 il tavolo permanente degli stakeholder della mobilit\u00e0 elettrica in Italia. Organizza ogni anno a Milano la Conferenza Nazionale del settore, nel 2021 in programma dal 16 al 19 ottobre.\" \/>\n<meta name=\"robots\" content=\"index, follow, max-snippet:-1, max-image-preview:large, max-video-preview:-1\" \/>\n<link rel=\"canonical\" href=\"https:\/\/emob-italia.it\/2025\/09\/26\/carta-di-e_mob-2025\/\" \/>\n<meta property=\"og:locale\" content=\"en_US\" \/>\n<meta property=\"og:type\" content=\"article\" \/>\n<meta property=\"og:title\" content=\"Carta di e_mob 2025 &#8226; e_mob\" \/>\n<meta property=\"og:description\" content=\"e_mob \u00e8 il tavolo permanente degli stakeholder della mobilit\u00e0 elettrica in Italia. Organizza ogni anno a Milano la Conferenza Nazionale del settore, nel 2021 in programma dal 16 al 19 ottobre.\" \/>\n<meta property=\"og:url\" content=\"https:\/\/emob-italia.it\/2025\/09\/26\/carta-di-e_mob-2025\/\" \/>\n<meta property=\"og:site_name\" content=\"e_mob\" \/>\n<meta property=\"article:publisher\" content=\"https:\/\/www.facebook.com\/emobitalia\/\" \/>\n<meta property=\"article:published_time\" content=\"2025-09-26T09:24:13+00:00\" \/>\n<meta property=\"article:modified_time\" content=\"2025-09-26T10:32:12+00:00\" \/>\n<meta property=\"og:image\" content=\"https:\/\/emob-italia.it\/wp-content\/uploads\/2025\/09\/Screenshot-2025-09-19-alle-15.29.26.png\" \/>\n\t<meta property=\"og:image:width\" content=\"1118\" \/>\n\t<meta property=\"og:image:height\" content=\"430\" \/>\n\t<meta property=\"og:image:type\" content=\"image\/png\" \/>\n<meta name=\"author\" content=\"Redazione\" \/>\n<meta name=\"twitter:label1\" content=\"Written by\" \/>\n\t<meta name=\"twitter:data1\" content=\"Redazione\" \/>\n\t<meta name=\"twitter:label2\" content=\"Est. reading time\" \/>\n\t<meta name=\"twitter:data2\" content=\"15 minutes\" \/>\n<script type=\"application\/ld+json\" class=\"yoast-schema-graph\">{\"@context\":\"https:\/\/schema.org\",\"@graph\":[{\"@type\":\"Article\",\"@id\":\"https:\/\/emob-italia.it\/2025\/09\/26\/carta-di-e_mob-2025\/#article\",\"isPartOf\":{\"@id\":\"https:\/\/emob-italia.it\/2025\/09\/26\/carta-di-e_mob-2025\/\"},\"author\":{\"name\":\"Redazione\",\"@id\":\"https:\/\/emob-italia.it\/#\/schema\/person\/59871c976b1a5e842e3d0b98901e4f6d\"},\"headline\":\"Carta di e_mob 2025\",\"datePublished\":\"2025-09-26T09:24:13+00:00\",\"dateModified\":\"2025-09-26T10:32:12+00:00\",\"mainEntityOfPage\":{\"@id\":\"https:\/\/emob-italia.it\/2025\/09\/26\/carta-di-e_mob-2025\/\"},\"wordCount\":3056,\"commentCount\":0,\"publisher\":{\"@id\":\"https:\/\/emob-italia.it\/#organization\"},\"image\":{\"@id\":\"https:\/\/emob-italia.it\/2025\/09\/26\/carta-di-e_mob-2025\/#primaryimage\"},\"thumbnailUrl\":\"https:\/\/emob-italia.it\/wp-content\/uploads\/2025\/09\/Screenshot-2025-09-19-alle-15.29.26.png\",\"articleSection\":[\"Notizie Newsletter\"],\"inLanguage\":\"en-US\",\"potentialAction\":[{\"@type\":\"CommentAction\",\"name\":\"Comment\",\"target\":[\"https:\/\/emob-italia.it\/2025\/09\/26\/carta-di-e_mob-2025\/#respond\"]}]},{\"@type\":\"WebPage\",\"@id\":\"https:\/\/emob-italia.it\/2025\/09\/26\/carta-di-e_mob-2025\/\",\"url\":\"https:\/\/emob-italia.it\/2025\/09\/26\/carta-di-e_mob-2025\/\",\"name\":\"Carta di e_mob 2025 &#8226; e_mob\",\"isPartOf\":{\"@id\":\"https:\/\/emob-italia.it\/#website\"},\"primaryImageOfPage\":{\"@id\":\"https:\/\/emob-italia.it\/2025\/09\/26\/carta-di-e_mob-2025\/#primaryimage\"},\"image\":{\"@id\":\"https:\/\/emob-italia.it\/2025\/09\/26\/carta-di-e_mob-2025\/#primaryimage\"},\"thumbnailUrl\":\"https:\/\/emob-italia.it\/wp-content\/uploads\/2025\/09\/Screenshot-2025-09-19-alle-15.29.26.png\",\"datePublished\":\"2025-09-26T09:24:13+00:00\",\"dateModified\":\"2025-09-26T10:32:12+00:00\",\"description\":\"e_mob \u00e8 il tavolo permanente degli stakeholder della mobilit\u00e0 elettrica in Italia. Organizza ogni anno a Milano la Conferenza Nazionale del settore, nel 2021 in programma dal 16 al 19 ottobre.\",\"breadcrumb\":{\"@id\":\"https:\/\/emob-italia.it\/2025\/09\/26\/carta-di-e_mob-2025\/#breadcrumb\"},\"inLanguage\":\"en-US\",\"potentialAction\":[{\"@type\":\"ReadAction\",\"target\":[\"https:\/\/emob-italia.it\/2025\/09\/26\/carta-di-e_mob-2025\/\"]}]},{\"@type\":\"ImageObject\",\"inLanguage\":\"en-US\",\"@id\":\"https:\/\/emob-italia.it\/2025\/09\/26\/carta-di-e_mob-2025\/#primaryimage\",\"url\":\"https:\/\/emob-italia.it\/wp-content\/uploads\/2025\/09\/Screenshot-2025-09-19-alle-15.29.26.png\",\"contentUrl\":\"https:\/\/emob-italia.it\/wp-content\/uploads\/2025\/09\/Screenshot-2025-09-19-alle-15.29.26.png\",\"width\":1118,\"height\":430},{\"@type\":\"BreadcrumbList\",\"@id\":\"https:\/\/emob-italia.it\/2025\/09\/26\/carta-di-e_mob-2025\/#breadcrumb\",\"itemListElement\":[{\"@type\":\"ListItem\",\"position\":1,\"name\":\"Home\",\"item\":\"https:\/\/emob-italia.it\/en\/\"},{\"@type\":\"ListItem\",\"position\":2,\"name\":\"Carta di e_mob 2025\"}]},{\"@type\":\"WebSite\",\"@id\":\"https:\/\/emob-italia.it\/#website\",\"url\":\"https:\/\/emob-italia.it\/\",\"name\":\"e_mob\",\"description\":\"Mobilit\u00e0 Elettrica\",\"publisher\":{\"@id\":\"https:\/\/emob-italia.it\/#organization\"},\"potentialAction\":[{\"@type\":\"SearchAction\",\"target\":{\"@type\":\"EntryPoint\",\"urlTemplate\":\"https:\/\/emob-italia.it\/?s={search_term_string}\"},\"query-input\":\"required name=search_term_string\"}],\"inLanguage\":\"en-US\"},{\"@type\":\"Organization\",\"@id\":\"https:\/\/emob-italia.it\/#organization\",\"name\":\"Class Onlus\",\"url\":\"https:\/\/emob-italia.it\/\",\"logo\":{\"@type\":\"ImageObject\",\"inLanguage\":\"en-US\",\"@id\":\"https:\/\/emob-italia.it\/#\/schema\/logo\/image\/\",\"url\":\"https:\/\/emob-italia.it\/wp-content\/uploads\/2019\/03\/0_CLASS-ONLUS-logo-web.png\",\"contentUrl\":\"https:\/\/emob-italia.it\/wp-content\/uploads\/2019\/03\/0_CLASS-ONLUS-logo-web.png\",\"width\":598,\"height\":202,\"caption\":\"Class Onlus\"},\"image\":{\"@id\":\"https:\/\/emob-italia.it\/#\/schema\/logo\/image\/\"},\"sameAs\":[\"https:\/\/www.facebook.com\/emobitalia\/\",\"https:\/\/www.instagram.com\/e_mob_italia\/\",\"https:\/\/www.linkedin.com\/groups\/12186185\/\",\"https:\/\/www.youtube.com\/channel\/UCvnTcrhggAX_AkFwGxRfqFw\/featured?view_as=subscriber\"]},{\"@type\":\"Person\",\"@id\":\"https:\/\/emob-italia.it\/#\/schema\/person\/59871c976b1a5e842e3d0b98901e4f6d\",\"name\":\"Redazione\",\"image\":{\"@type\":\"ImageObject\",\"inLanguage\":\"en-US\",\"@id\":\"https:\/\/emob-italia.it\/#\/schema\/person\/image\/\",\"url\":\"https:\/\/secure.gravatar.com\/avatar\/5389093e19decc01f17a4f367aa6ce45?s=96&r=g\",\"contentUrl\":\"https:\/\/secure.gravatar.com\/avatar\/5389093e19decc01f17a4f367aa6ce45?s=96&r=g\",\"caption\":\"Redazione\"},\"url\":\"https:\/\/emob-italia.it\/en\/author\/redazione\/\"}]}<\/script>\n<!-- \/ Yoast SEO plugin. -->","yoast_head_json":{"title":"Carta di e_mob 2025 &#8226; e_mob","description":"e_mob \u00e8 il tavolo permanente degli stakeholder della mobilit\u00e0 elettrica in Italia. Organizza ogni anno a Milano la Conferenza Nazionale del settore, nel 2021 in programma dal 16 al 19 ottobre.","robots":{"index":"index","follow":"follow","max-snippet":"max-snippet:-1","max-image-preview":"max-image-preview:large","max-video-preview":"max-video-preview:-1"},"canonical":"https:\/\/emob-italia.it\/2025\/09\/26\/carta-di-e_mob-2025\/","og_locale":"en_US","og_type":"article","og_title":"Carta di e_mob 2025 &#8226; e_mob","og_description":"e_mob \u00e8 il tavolo permanente degli stakeholder della mobilit\u00e0 elettrica in Italia. Organizza ogni anno a Milano la Conferenza Nazionale del settore, nel 2021 in programma dal 16 al 19 ottobre.","og_url":"https:\/\/emob-italia.it\/2025\/09\/26\/carta-di-e_mob-2025\/","og_site_name":"e_mob","article_publisher":"https:\/\/www.facebook.com\/emobitalia\/","article_published_time":"2025-09-26T09:24:13+00:00","article_modified_time":"2025-09-26T10:32:12+00:00","og_image":[{"width":1118,"height":430,"url":"https:\/\/emob-italia.it\/wp-content\/uploads\/2025\/09\/Screenshot-2025-09-19-alle-15.29.26.png","type":"image\/png"}],"author":"Redazione","twitter_misc":{"Written by":"Redazione","Est. reading time":"15 minutes"},"schema":{"@context":"https:\/\/schema.org","@graph":[{"@type":"Article","@id":"https:\/\/emob-italia.it\/2025\/09\/26\/carta-di-e_mob-2025\/#article","isPartOf":{"@id":"https:\/\/emob-italia.it\/2025\/09\/26\/carta-di-e_mob-2025\/"},"author":{"name":"Redazione","@id":"https:\/\/emob-italia.it\/#\/schema\/person\/59871c976b1a5e842e3d0b98901e4f6d"},"headline":"Carta di e_mob 2025","datePublished":"2025-09-26T09:24:13+00:00","dateModified":"2025-09-26T10:32:12+00:00","mainEntityOfPage":{"@id":"https:\/\/emob-italia.it\/2025\/09\/26\/carta-di-e_mob-2025\/"},"wordCount":3056,"commentCount":0,"publisher":{"@id":"https:\/\/emob-italia.it\/#organization"},"image":{"@id":"https:\/\/emob-italia.it\/2025\/09\/26\/carta-di-e_mob-2025\/#primaryimage"},"thumbnailUrl":"https:\/\/emob-italia.it\/wp-content\/uploads\/2025\/09\/Screenshot-2025-09-19-alle-15.29.26.png","articleSection":["Notizie Newsletter"],"inLanguage":"en-US","potentialAction":[{"@type":"CommentAction","name":"Comment","target":["https:\/\/emob-italia.it\/2025\/09\/26\/carta-di-e_mob-2025\/#respond"]}]},{"@type":"WebPage","@id":"https:\/\/emob-italia.it\/2025\/09\/26\/carta-di-e_mob-2025\/","url":"https:\/\/emob-italia.it\/2025\/09\/26\/carta-di-e_mob-2025\/","name":"Carta di e_mob 2025 &#8226; e_mob","isPartOf":{"@id":"https:\/\/emob-italia.it\/#website"},"primaryImageOfPage":{"@id":"https:\/\/emob-italia.it\/2025\/09\/26\/carta-di-e_mob-2025\/#primaryimage"},"image":{"@id":"https:\/\/emob-italia.it\/2025\/09\/26\/carta-di-e_mob-2025\/#primaryimage"},"thumbnailUrl":"https:\/\/emob-italia.it\/wp-content\/uploads\/2025\/09\/Screenshot-2025-09-19-alle-15.29.26.png","datePublished":"2025-09-26T09:24:13+00:00","dateModified":"2025-09-26T10:32:12+00:00","description":"e_mob \u00e8 il tavolo permanente degli stakeholder della mobilit\u00e0 elettrica in Italia. Organizza ogni anno a Milano la Conferenza Nazionale del settore, nel 2021 in programma dal 16 al 19 ottobre.","breadcrumb":{"@id":"https:\/\/emob-italia.it\/2025\/09\/26\/carta-di-e_mob-2025\/#breadcrumb"},"inLanguage":"en-US","potentialAction":[{"@type":"ReadAction","target":["https:\/\/emob-italia.it\/2025\/09\/26\/carta-di-e_mob-2025\/"]}]},{"@type":"ImageObject","inLanguage":"en-US","@id":"https:\/\/emob-italia.it\/2025\/09\/26\/carta-di-e_mob-2025\/#primaryimage","url":"https:\/\/emob-italia.it\/wp-content\/uploads\/2025\/09\/Screenshot-2025-09-19-alle-15.29.26.png","contentUrl":"https:\/\/emob-italia.it\/wp-content\/uploads\/2025\/09\/Screenshot-2025-09-19-alle-15.29.26.png","width":1118,"height":430},{"@type":"BreadcrumbList","@id":"https:\/\/emob-italia.it\/2025\/09\/26\/carta-di-e_mob-2025\/#breadcrumb","itemListElement":[{"@type":"ListItem","position":1,"name":"Home","item":"https:\/\/emob-italia.it\/en\/"},{"@type":"ListItem","position":2,"name":"Carta di e_mob 2025"}]},{"@type":"WebSite","@id":"https:\/\/emob-italia.it\/#website","url":"https:\/\/emob-italia.it\/","name":"e_mob","description":"Mobilit\u00e0 Elettrica","publisher":{"@id":"https:\/\/emob-italia.it\/#organization"},"potentialAction":[{"@type":"SearchAction","target":{"@type":"EntryPoint","urlTemplate":"https:\/\/emob-italia.it\/?s={search_term_string}"},"query-input":"required name=search_term_string"}],"inLanguage":"en-US"},{"@type":"Organization","@id":"https:\/\/emob-italia.it\/#organization","name":"Class Onlus","url":"https:\/\/emob-italia.it\/","logo":{"@type":"ImageObject","inLanguage":"en-US","@id":"https:\/\/emob-italia.it\/#\/schema\/logo\/image\/","url":"https:\/\/emob-italia.it\/wp-content\/uploads\/2019\/03\/0_CLASS-ONLUS-logo-web.png","contentUrl":"https:\/\/emob-italia.it\/wp-content\/uploads\/2019\/03\/0_CLASS-ONLUS-logo-web.png","width":598,"height":202,"caption":"Class Onlus"},"image":{"@id":"https:\/\/emob-italia.it\/#\/schema\/logo\/image\/"},"sameAs":["https:\/\/www.facebook.com\/emobitalia\/","https:\/\/www.instagram.com\/e_mob_italia\/","https:\/\/www.linkedin.com\/groups\/12186185\/","https:\/\/www.youtube.com\/channel\/UCvnTcrhggAX_AkFwGxRfqFw\/featured?view_as=subscriber"]},{"@type":"Person","@id":"https:\/\/emob-italia.it\/#\/schema\/person\/59871c976b1a5e842e3d0b98901e4f6d","name":"Redazione","image":{"@type":"ImageObject","inLanguage":"en-US","@id":"https:\/\/emob-italia.it\/#\/schema\/person\/image\/","url":"https:\/\/secure.gravatar.com\/avatar\/5389093e19decc01f17a4f367aa6ce45?s=96&r=g","contentUrl":"https:\/\/secure.gravatar.com\/avatar\/5389093e19decc01f17a4f367aa6ce45?s=96&r=g","caption":"Redazione"},"url":"https:\/\/emob-italia.it\/en\/author\/redazione\/"}]}},"_links":{"self":[{"href":"https:\/\/emob-italia.it\/en\/wp-json\/wp\/v2\/posts\/65374"}],"collection":[{"href":"https:\/\/emob-italia.it\/en\/wp-json\/wp\/v2\/posts"}],"about":[{"href":"https:\/\/emob-italia.it\/en\/wp-json\/wp\/v2\/types\/post"}],"author":[{"embeddable":true,"href":"https:\/\/emob-italia.it\/en\/wp-json\/wp\/v2\/users\/19"}],"replies":[{"embeddable":true,"href":"https:\/\/emob-italia.it\/en\/wp-json\/wp\/v2\/comments?post=65374"}],"version-history":[{"count":4,"href":"https:\/\/emob-italia.it\/en\/wp-json\/wp\/v2\/posts\/65374\/revisions"}],"predecessor-version":[{"id":65386,"href":"https:\/\/emob-italia.it\/en\/wp-json\/wp\/v2\/posts\/65374\/revisions\/65386"}],"wp:featuredmedia":[{"embeddable":true,"href":"https:\/\/emob-italia.it\/en\/wp-json\/wp\/v2\/media\/65351"}],"wp:attachment":[{"href":"https:\/\/emob-italia.it\/en\/wp-json\/wp\/v2\/media?parent=65374"}],"wp:term":[{"taxonomy":"category","embeddable":true,"href":"https:\/\/emob-italia.it\/en\/wp-json\/wp\/v2\/categories?post=65374"},{"taxonomy":"post_tag","embeddable":true,"href":"https:\/\/emob-italia.it\/en\/wp-json\/wp\/v2\/tags?post=65374"}],"curies":[{"name":"wp","href":"https:\/\/api.w.org\/{rel}","templated":true}]}}