{"id":65348,"date":"2025-09-19T15:24:13","date_gmt":"2025-09-19T13:24:13","guid":{"rendered":"https:\/\/emob-italia.it\/?p=65348"},"modified":"2025-09-19T15:35:50","modified_gmt":"2025-09-19T13:35:50","slug":"comunicato-stampa-pre_emob-2025","status":"publish","type":"post","link":"https:\/\/emob-italia.it\/en\/2025\/09\/19\/comunicato-stampa-pre_emob-2025\/","title":{"rendered":"Comunicato Stampa Pre_emob 2025"},"content":{"rendered":"<p>[et_pb_section fb_built=&#8221;1&#8243; _builder_version=&#8221;4.24.2&#8243; _module_preset=&#8221;default&#8221; global_colors_info=&#8221;{}&#8221;][et_pb_row _builder_version=&#8221;4.24.2&#8243; _module_preset=&#8221;default&#8221; custom_padding=&#8221;0px|||15px||&#8221; global_colors_info=&#8221;{}&#8221;][et_pb_column type=&#8221;4_4&#8243; _builder_version=&#8221;4.24.2&#8243; _module_preset=&#8221;default&#8221; global_colors_info=&#8221;{}&#8221;][et_pb_text _builder_version=&#8221;4.24.2&#8243; _module_preset=&#8221;default&#8221; custom_padding=&#8221;11px|||||&#8221; global_colors_info=&#8221;{}&#8221;]<\/p>\n<div class=\"flex-shrink-0 flex flex-col relative items-end\">\n<div>\n<div class=\"pt-0\">\n<div class=\"gizmo-bot-avatar flex h-8 w-8 items-center justify-center overflow-hidden rounded-full\"><\/div>\n<\/div>\n<\/div>\n<\/div>\n<div class=\"group\/conversation-turn relative flex w-full min-w-0 flex-col agent-turn\">\n<div class=\"flex-col gap-1 md:gap-3\">\n<div class=\"flex flex-grow flex-col max-w-full\">\n<h4 class=\"min-h-[20px] text-message flex w-full flex-col items-end gap-2 whitespace-pre-wrap break-words [.text-message+&amp;]:mt-5 overflow-x-auto\" dir=\"auto\" data-message-author-role=\"assistant\" data-message-id=\"5fb93923-1e75-42bb-9c9f-25fcda90c5be\"><strong>COMUNICATO STAMPA<\/strong><br \/>Parte Emob &#8211; Al via la IX Conferenza Nazionale sulla Mobilit\u00e0 Elettrica<\/h4>\n<h4 class=\"min-h-[20px] text-message flex w-full flex-col items-end gap-2 whitespace-pre-wrap break-words [.text-message+&amp;]:mt-5 overflow-x-auto\" dir=\"auto\" data-message-author-role=\"assistant\" data-message-id=\"5fb93923-1e75-42bb-9c9f-25fcda90c5be\">Milano, 19 settembre<\/h4>\n<h4 class=\"min-h-[20px] text-message flex w-full flex-col items-end gap-2 whitespace-pre-wrap break-words [.text-message+&amp;]:mt-5 overflow-x-auto\" dir=\"auto\" data-message-author-role=\"assistant\" data-message-id=\"5fb93923-1e75-42bb-9c9f-25fcda90c5be\">Ha preso ufficialmente il via oggi, venerd\u00ec 19 settembre, la nona edizione di Emob, la<br \/>Conferenza Nazionale della Mobilit\u00e0 Elettrica, con un primo seminario organizzato dal Comune<br \/>di Milano presso la Sala Alessi di Palazzo Marino, dal titolo <span>\u201cLinee guida e criteri generali per l\u2019installazione <\/span><\/h4>\n<h4 class=\"min-h-[20px] text-message flex w-full flex-col items-end gap-2 whitespace-pre-wrap break-words [.text-message+&amp;]:mt-5 overflow-x-auto\" dir=\"auto\" data-message-author-role=\"assistant\" data-message-id=\"5fb93923-1e75-42bb-9c9f-25fcda90c5be\"><span>delle infrastrutture di ricarica sui territori comunali\u201d<\/span>.<\/h4>\n<h4 class=\"min-h-[20px] text-message flex w-full flex-col items-end gap-2 whitespace-pre-wrap break-words [.text-message+&amp;]:mt-5 overflow-x-auto\" dir=\"auto\" data-message-author-role=\"assistant\" data-message-id=\"5fb93923-1e75-42bb-9c9f-25fcda90c5be\">Il tema di apertura riveste un\u2019importanza strategica: sono stati presentati i criteri generali per<br \/>la definizione del regolamento comunale relativo all\u2019installazione delle infrastrutture per la<br \/>ricarica dei veicoli elettrici.<br \/>Questa prima giornata, una sorta di \u201cPre-Emob\u201d, rappresenta soltanto l\u2019inizio di un percorso di<br \/>confronto e approfondimento che, nel corso della Conferenza che si terr\u00e0 dal 29 settembre al 1\u00b0<br \/>ottobre presso il palazzo della Giunta regionale, in Piazza Citt\u00e0 della Lombardia, affronter\u00e0<br \/>numerosi aspetti legati alla decarbonizzazione della mobilit\u00e0 in Italia.<\/h4>\n<h4 class=\"min-h-[20px] text-message flex w-full flex-col items-end gap-2 whitespace-pre-wrap break-words [.text-message+&amp;]:mt-5 overflow-x-auto\" dir=\"auto\" data-message-author-role=\"assistant\" data-message-id=\"5fb93923-1e75-42bb-9c9f-25fcda90c5be\"><\/h4>\n<h4 class=\"min-h-[20px] text-message flex w-full flex-col items-end gap-2 whitespace-pre-wrap break-words [.text-message+&amp;]:mt-5 overflow-x-auto\" dir=\"auto\" data-message-author-role=\"assistant\" data-message-id=\"5fb93923-1e75-42bb-9c9f-25fcda90c5be\">Tra i temi trattati:<br \/>\u25cf il trasporto merci, dalla logistica su larga scala all\u2019ultimo miglio urbano;<br \/>\u25cf l\u2019impiego dei veicoli elettrici per la raccolta dei rifiuti, con vantaggi sia ambientali che<br \/>economici;<br \/>\u25cf le nuove soluzioni di mobilit\u00e0 applicate al settore dell\u2019edilizia, pubblico e privato;<br \/>\u25cf ulteriori sviluppi tecnologici e normativi, consultabili nel programma completo disponibile sul<br \/>nostro sito <a href=\"http:\/\/www.emob-italia.it\">www.emob-italia.it<\/a>.<\/h4>\n<h4 class=\"min-h-[20px] text-message flex w-full flex-col items-end gap-2 whitespace-pre-wrap break-words [.text-message+&amp;]:mt-5 overflow-x-auto\" dir=\"auto\" data-message-author-role=\"assistant\" data-message-id=\"5fb93923-1e75-42bb-9c9f-25fcda90c5be\">Questa mattina i Chairman Camillo Piazza e Camilla Colucci inaugureranno quindi i lavori<br \/>della IX Conferenza Nazionale sulla Mobilit\u00e0 Elettrica, entrando per\u00f2 gi\u00e0 nel vivo dei temi che la<br \/>caratterizzano, e daranno appuntamento per il proseguimento dei lavori che si svolgeranno dal 29<br \/>settembre al 1\u00b0 ottobre.<\/h4>\n<h4 class=\"min-h-[20px] text-message flex w-full flex-col items-end gap-2 whitespace-pre-wrap break-words [.text-message+&amp;]:mt-5 overflow-x-auto\" dir=\"auto\" data-message-author-role=\"assistant\" data-message-id=\"5fb93923-1e75-42bb-9c9f-25fcda90c5be\">Un ringraziamento speciale va ai membri del Comitato Promotore e del Comitato Scientifico,<br \/>nonch\u00e9 alle numerose aziende e istituzioni presenti nell\u2019elenco allegato che hanno confermato la<br \/>loro partecipazione e il loro sostegno anche quest\u2019anno a Emob.<\/h4>\n<\/div>\n<\/div>\n<\/div>\n<p>[\/et_pb_text][\/et_pb_column][\/et_pb_row][et_pb_row _builder_version=&#8221;4.24.2&#8243; _module_preset=&#8221;default&#8221; global_colors_info=&#8221;{}&#8221;][et_pb_column type=&#8221;4_4&#8243; _builder_version=&#8221;4.24.2&#8243; _module_preset=&#8221;default&#8221; global_colors_info=&#8221;{}&#8221;][et_pb_image src=&#8221;https:\/\/emob-italia.it\/wp-content\/uploads\/2025\/09\/Screenshot-2025-09-19-alle-15.29.37-1024&#215;280.png&#8221; title_text=&#8221;Screenshot 2025-09-19 alle 15.29.37&#8243; _builder_version=&#8221;4.24.2&#8243; _module_preset=&#8221;default&#8221; global_colors_info=&#8221;{}&#8221;][\/et_pb_image][\/et_pb_column][\/et_pb_row][\/et_pb_section]<\/p>\n","protected":false},"excerpt":{"rendered":"<p>COMUNICATO STAMPAParte Emob &#8211; Al via la IX Conferenza Nazionale sulla Mobilit\u00e0 Elettrica Milano, 19 settembre Ha preso ufficialmente il via oggi, venerd\u00ec 19 settembre, la nona edizione di Emob, laConferenza Nazionale della Mobilit\u00e0 Elettrica, con un primo seminario organizzato dal Comunedi Milano presso la Sala Alessi di Palazzo Marino, dal titolo \u201cLinee guida e [&hellip;]<\/p>\n","protected":false},"author":19,"featured_media":65351,"comment_status":"closed","ping_status":"open","sticky":false,"template":"","format":"chat","meta":{"_et_pb_use_builder":"on","_et_pb_old_content":"","_et_gb_content_width":"","_exactmetrics_skip_tracking":false,"_exactmetrics_sitenote_active":false,"_exactmetrics_sitenote_note":"","_exactmetrics_sitenote_category":0,"footnotes":""},"categories":[114],"tags":[],"yoast_head":"<!-- This site is optimized with the Yoast SEO plugin v22.9 - https:\/\/yoast.com\/wordpress\/plugins\/seo\/ -->\n<title>Comunicato Stampa Pre_emob 2025 &#8226; e_mob<\/title>\n<meta name=\"description\" content=\"e_mob \u00e8 il tavolo permanente degli stakeholder della mobilit\u00e0 elettrica in Italia. Organizza ogni anno a Milano la Conferenza Nazionale del settore, nel 2021 in programma dal 16 al 19 ottobre.\" \/>\n<meta name=\"robots\" content=\"index, follow, max-snippet:-1, max-image-preview:large, max-video-preview:-1\" \/>\n<link rel=\"canonical\" href=\"https:\/\/emob-italia.it\/2025\/09\/19\/comunicato-stampa-pre_emob-2025\/\" \/>\n<meta property=\"og:locale\" content=\"en_US\" \/>\n<meta property=\"og:type\" content=\"article\" \/>\n<meta property=\"og:title\" content=\"Comunicato Stampa Pre_emob 2025 &#8226; e_mob\" \/>\n<meta property=\"og:description\" content=\"e_mob \u00e8 il tavolo permanente degli stakeholder della mobilit\u00e0 elettrica in Italia. Organizza ogni anno a Milano la Conferenza Nazionale del settore, nel 2021 in programma dal 16 al 19 ottobre.\" \/>\n<meta property=\"og:url\" content=\"https:\/\/emob-italia.it\/2025\/09\/19\/comunicato-stampa-pre_emob-2025\/\" \/>\n<meta property=\"og:site_name\" content=\"e_mob\" \/>\n<meta property=\"article:publisher\" content=\"https:\/\/www.facebook.com\/emobitalia\/\" \/>\n<meta property=\"article:published_time\" content=\"2025-09-19T13:24:13+00:00\" \/>\n<meta property=\"article:modified_time\" content=\"2025-09-19T13:35:50+00:00\" \/>\n<meta property=\"og:image\" content=\"https:\/\/emob-italia.it\/wp-content\/uploads\/2025\/09\/Screenshot-2025-09-19-alle-15.35.18.png\" \/>\n\t<meta property=\"og:image:width\" content=\"724\" \/>\n\t<meta property=\"og:image:height\" content=\"320\" \/>\n\t<meta property=\"og:image:type\" content=\"image\/png\" \/>\n<meta name=\"author\" content=\"Redazione\" \/>\n<meta name=\"twitter:label1\" content=\"Written by\" \/>\n\t<meta name=\"twitter:data1\" content=\"Redazione\" \/>\n\t<meta name=\"twitter:label2\" content=\"Est. reading time\" \/>\n\t<meta name=\"twitter:data2\" content=\"2 minutes\" \/>\n<script type=\"application\/ld+json\" class=\"yoast-schema-graph\">{\"@context\":\"https:\/\/schema.org\",\"@graph\":[{\"@type\":\"Article\",\"@id\":\"https:\/\/emob-italia.it\/2025\/09\/19\/comunicato-stampa-pre_emob-2025\/#article\",\"isPartOf\":{\"@id\":\"https:\/\/emob-italia.it\/2025\/09\/19\/comunicato-stampa-pre_emob-2025\/\"},\"author\":{\"name\":\"Redazione\",\"@id\":\"https:\/\/emob-italia.it\/#\/schema\/person\/59871c976b1a5e842e3d0b98901e4f6d\"},\"headline\":\"Comunicato Stampa Pre_emob 2025\",\"datePublished\":\"2025-09-19T13:24:13+00:00\",\"dateModified\":\"2025-09-19T13:35:50+00:00\",\"mainEntityOfPage\":{\"@id\":\"https:\/\/emob-italia.it\/2025\/09\/19\/comunicato-stampa-pre_emob-2025\/\"},\"wordCount\":416,\"publisher\":{\"@id\":\"https:\/\/emob-italia.it\/#organization\"},\"image\":{\"@id\":\"https:\/\/emob-italia.it\/2025\/09\/19\/comunicato-stampa-pre_emob-2025\/#primaryimage\"},\"thumbnailUrl\":\"https:\/\/emob-italia.it\/wp-content\/uploads\/2025\/09\/Screenshot-2025-09-19-alle-15.29.26.png\",\"articleSection\":[\"Notizie Newsletter\"],\"inLanguage\":\"en-US\"},{\"@type\":\"WebPage\",\"@id\":\"https:\/\/emob-italia.it\/2025\/09\/19\/comunicato-stampa-pre_emob-2025\/\",\"url\":\"https:\/\/emob-italia.it\/2025\/09\/19\/comunicato-stampa-pre_emob-2025\/\",\"name\":\"Comunicato Stampa Pre_emob 2025 &#8226; e_mob\",\"isPartOf\":{\"@id\":\"https:\/\/emob-italia.it\/#website\"},\"primaryImageOfPage\":{\"@id\":\"https:\/\/emob-italia.it\/2025\/09\/19\/comunicato-stampa-pre_emob-2025\/#primaryimage\"},\"image\":{\"@id\":\"https:\/\/emob-italia.it\/2025\/09\/19\/comunicato-stampa-pre_emob-2025\/#primaryimage\"},\"thumbnailUrl\":\"https:\/\/emob-italia.it\/wp-content\/uploads\/2025\/09\/Screenshot-2025-09-19-alle-15.29.26.png\",\"datePublished\":\"2025-09-19T13:24:13+00:00\",\"dateModified\":\"2025-09-19T13:35:50+00:00\",\"description\":\"e_mob \u00e8 il tavolo permanente degli stakeholder della mobilit\u00e0 elettrica in Italia. Organizza ogni anno a Milano la Conferenza Nazionale del settore, nel 2021 in programma dal 16 al 19 ottobre.\",\"breadcrumb\":{\"@id\":\"https:\/\/emob-italia.it\/2025\/09\/19\/comunicato-stampa-pre_emob-2025\/#breadcrumb\"},\"inLanguage\":\"en-US\",\"potentialAction\":[{\"@type\":\"ReadAction\",\"target\":[\"https:\/\/emob-italia.it\/2025\/09\/19\/comunicato-stampa-pre_emob-2025\/\"]}]},{\"@type\":\"ImageObject\",\"inLanguage\":\"en-US\",\"@id\":\"https:\/\/emob-italia.it\/2025\/09\/19\/comunicato-stampa-pre_emob-2025\/#primaryimage\",\"url\":\"https:\/\/emob-italia.it\/wp-content\/uploads\/2025\/09\/Screenshot-2025-09-19-alle-15.29.26.png\",\"contentUrl\":\"https:\/\/emob-italia.it\/wp-content\/uploads\/2025\/09\/Screenshot-2025-09-19-alle-15.29.26.png\",\"width\":1118,\"height\":430},{\"@type\":\"BreadcrumbList\",\"@id\":\"https:\/\/emob-italia.it\/2025\/09\/19\/comunicato-stampa-pre_emob-2025\/#breadcrumb\",\"itemListElement\":[{\"@type\":\"ListItem\",\"position\":1,\"name\":\"Home\",\"item\":\"https:\/\/emob-italia.it\/en\/\"},{\"@type\":\"ListItem\",\"position\":2,\"name\":\"Comunicato Stampa Pre_emob 2025\"}]},{\"@type\":\"WebSite\",\"@id\":\"https:\/\/emob-italia.it\/#website\",\"url\":\"https:\/\/emob-italia.it\/\",\"name\":\"e_mob\",\"description\":\"Mobilit\u00e0 Elettrica\",\"publisher\":{\"@id\":\"https:\/\/emob-italia.it\/#organization\"},\"potentialAction\":[{\"@type\":\"SearchAction\",\"target\":{\"@type\":\"EntryPoint\",\"urlTemplate\":\"https:\/\/emob-italia.it\/?s={search_term_string}\"},\"query-input\":\"required name=search_term_string\"}],\"inLanguage\":\"en-US\"},{\"@type\":\"Organization\",\"@id\":\"https:\/\/emob-italia.it\/#organization\",\"name\":\"Class Onlus\",\"url\":\"https:\/\/emob-italia.it\/\",\"logo\":{\"@type\":\"ImageObject\",\"inLanguage\":\"en-US\",\"@id\":\"https:\/\/emob-italia.it\/#\/schema\/logo\/image\/\",\"url\":\"https:\/\/emob-italia.it\/wp-content\/uploads\/2019\/03\/0_CLASS-ONLUS-logo-web.png\",\"contentUrl\":\"https:\/\/emob-italia.it\/wp-content\/uploads\/2019\/03\/0_CLASS-ONLUS-logo-web.png\",\"width\":598,\"height\":202,\"caption\":\"Class Onlus\"},\"image\":{\"@id\":\"https:\/\/emob-italia.it\/#\/schema\/logo\/image\/\"},\"sameAs\":[\"https:\/\/www.facebook.com\/emobitalia\/\",\"https:\/\/www.instagram.com\/e_mob_italia\/\",\"https:\/\/www.linkedin.com\/groups\/12186185\/\",\"https:\/\/www.youtube.com\/channel\/UCvnTcrhggAX_AkFwGxRfqFw\/featured?view_as=subscriber\"]},{\"@type\":\"Person\",\"@id\":\"https:\/\/emob-italia.it\/#\/schema\/person\/59871c976b1a5e842e3d0b98901e4f6d\",\"name\":\"Redazione\",\"image\":{\"@type\":\"ImageObject\",\"inLanguage\":\"en-US\",\"@id\":\"https:\/\/emob-italia.it\/#\/schema\/person\/image\/\",\"url\":\"https:\/\/secure.gravatar.com\/avatar\/5389093e19decc01f17a4f367aa6ce45?s=96&r=g\",\"contentUrl\":\"https:\/\/secure.gravatar.com\/avatar\/5389093e19decc01f17a4f367aa6ce45?s=96&r=g\",\"caption\":\"Redazione\"},\"url\":\"https:\/\/emob-italia.it\/en\/author\/redazione\/\"}]}<\/script>\n<!-- \/ Yoast SEO plugin. -->","yoast_head_json":{"title":"Comunicato Stampa Pre_emob 2025 &#8226; e_mob","description":"e_mob \u00e8 il tavolo permanente degli stakeholder della mobilit\u00e0 elettrica in Italia. Organizza ogni anno a Milano la Conferenza Nazionale del settore, nel 2021 in programma dal 16 al 19 ottobre.","robots":{"index":"index","follow":"follow","max-snippet":"max-snippet:-1","max-image-preview":"max-image-preview:large","max-video-preview":"max-video-preview:-1"},"canonical":"https:\/\/emob-italia.it\/2025\/09\/19\/comunicato-stampa-pre_emob-2025\/","og_locale":"en_US","og_type":"article","og_title":"Comunicato Stampa Pre_emob 2025 &#8226; e_mob","og_description":"e_mob \u00e8 il tavolo permanente degli stakeholder della mobilit\u00e0 elettrica in Italia. Organizza ogni anno a Milano la Conferenza Nazionale del settore, nel 2021 in programma dal 16 al 19 ottobre.","og_url":"https:\/\/emob-italia.it\/2025\/09\/19\/comunicato-stampa-pre_emob-2025\/","og_site_name":"e_mob","article_publisher":"https:\/\/www.facebook.com\/emobitalia\/","article_published_time":"2025-09-19T13:24:13+00:00","article_modified_time":"2025-09-19T13:35:50+00:00","og_image":[{"width":724,"height":320,"url":"https:\/\/emob-italia.it\/wp-content\/uploads\/2025\/09\/Screenshot-2025-09-19-alle-15.35.18.png","type":"image\/png"}],"author":"Redazione","twitter_misc":{"Written by":"Redazione","Est. reading time":"2 minutes"},"schema":{"@context":"https:\/\/schema.org","@graph":[{"@type":"Article","@id":"https:\/\/emob-italia.it\/2025\/09\/19\/comunicato-stampa-pre_emob-2025\/#article","isPartOf":{"@id":"https:\/\/emob-italia.it\/2025\/09\/19\/comunicato-stampa-pre_emob-2025\/"},"author":{"name":"Redazione","@id":"https:\/\/emob-italia.it\/#\/schema\/person\/59871c976b1a5e842e3d0b98901e4f6d"},"headline":"Comunicato Stampa Pre_emob 2025","datePublished":"2025-09-19T13:24:13+00:00","dateModified":"2025-09-19T13:35:50+00:00","mainEntityOfPage":{"@id":"https:\/\/emob-italia.it\/2025\/09\/19\/comunicato-stampa-pre_emob-2025\/"},"wordCount":416,"publisher":{"@id":"https:\/\/emob-italia.it\/#organization"},"image":{"@id":"https:\/\/emob-italia.it\/2025\/09\/19\/comunicato-stampa-pre_emob-2025\/#primaryimage"},"thumbnailUrl":"https:\/\/emob-italia.it\/wp-content\/uploads\/2025\/09\/Screenshot-2025-09-19-alle-15.29.26.png","articleSection":["Notizie Newsletter"],"inLanguage":"en-US"},{"@type":"WebPage","@id":"https:\/\/emob-italia.it\/2025\/09\/19\/comunicato-stampa-pre_emob-2025\/","url":"https:\/\/emob-italia.it\/2025\/09\/19\/comunicato-stampa-pre_emob-2025\/","name":"Comunicato Stampa Pre_emob 2025 &#8226; e_mob","isPartOf":{"@id":"https:\/\/emob-italia.it\/#website"},"primaryImageOfPage":{"@id":"https:\/\/emob-italia.it\/2025\/09\/19\/comunicato-stampa-pre_emob-2025\/#primaryimage"},"image":{"@id":"https:\/\/emob-italia.it\/2025\/09\/19\/comunicato-stampa-pre_emob-2025\/#primaryimage"},"thumbnailUrl":"https:\/\/emob-italia.it\/wp-content\/uploads\/2025\/09\/Screenshot-2025-09-19-alle-15.29.26.png","datePublished":"2025-09-19T13:24:13+00:00","dateModified":"2025-09-19T13:35:50+00:00","description":"e_mob \u00e8 il tavolo permanente degli stakeholder della mobilit\u00e0 elettrica in Italia. Organizza ogni anno a Milano la Conferenza Nazionale del settore, nel 2021 in programma dal 16 al 19 ottobre.","breadcrumb":{"@id":"https:\/\/emob-italia.it\/2025\/09\/19\/comunicato-stampa-pre_emob-2025\/#breadcrumb"},"inLanguage":"en-US","potentialAction":[{"@type":"ReadAction","target":["https:\/\/emob-italia.it\/2025\/09\/19\/comunicato-stampa-pre_emob-2025\/"]}]},{"@type":"ImageObject","inLanguage":"en-US","@id":"https:\/\/emob-italia.it\/2025\/09\/19\/comunicato-stampa-pre_emob-2025\/#primaryimage","url":"https:\/\/emob-italia.it\/wp-content\/uploads\/2025\/09\/Screenshot-2025-09-19-alle-15.29.26.png","contentUrl":"https:\/\/emob-italia.it\/wp-content\/uploads\/2025\/09\/Screenshot-2025-09-19-alle-15.29.26.png","width":1118,"height":430},{"@type":"BreadcrumbList","@id":"https:\/\/emob-italia.it\/2025\/09\/19\/comunicato-stampa-pre_emob-2025\/#breadcrumb","itemListElement":[{"@type":"ListItem","position":1,"name":"Home","item":"https:\/\/emob-italia.it\/en\/"},{"@type":"ListItem","position":2,"name":"Comunicato Stampa Pre_emob 2025"}]},{"@type":"WebSite","@id":"https:\/\/emob-italia.it\/#website","url":"https:\/\/emob-italia.it\/","name":"e_mob","description":"Mobilit\u00e0 Elettrica","publisher":{"@id":"https:\/\/emob-italia.it\/#organization"},"potentialAction":[{"@type":"SearchAction","target":{"@type":"EntryPoint","urlTemplate":"https:\/\/emob-italia.it\/?s={search_term_string}"},"query-input":"required name=search_term_string"}],"inLanguage":"en-US"},{"@type":"Organization","@id":"https:\/\/emob-italia.it\/#organization","name":"Class Onlus","url":"https:\/\/emob-italia.it\/","logo":{"@type":"ImageObject","inLanguage":"en-US","@id":"https:\/\/emob-italia.it\/#\/schema\/logo\/image\/","url":"https:\/\/emob-italia.it\/wp-content\/uploads\/2019\/03\/0_CLASS-ONLUS-logo-web.png","contentUrl":"https:\/\/emob-italia.it\/wp-content\/uploads\/2019\/03\/0_CLASS-ONLUS-logo-web.png","width":598,"height":202,"caption":"Class Onlus"},"image":{"@id":"https:\/\/emob-italia.it\/#\/schema\/logo\/image\/"},"sameAs":["https:\/\/www.facebook.com\/emobitalia\/","https:\/\/www.instagram.com\/e_mob_italia\/","https:\/\/www.linkedin.com\/groups\/12186185\/","https:\/\/www.youtube.com\/channel\/UCvnTcrhggAX_AkFwGxRfqFw\/featured?view_as=subscriber"]},{"@type":"Person","@id":"https:\/\/emob-italia.it\/#\/schema\/person\/59871c976b1a5e842e3d0b98901e4f6d","name":"Redazione","image":{"@type":"ImageObject","inLanguage":"en-US","@id":"https:\/\/emob-italia.it\/#\/schema\/person\/image\/","url":"https:\/\/secure.gravatar.com\/avatar\/5389093e19decc01f17a4f367aa6ce45?s=96&r=g","contentUrl":"https:\/\/secure.gravatar.com\/avatar\/5389093e19decc01f17a4f367aa6ce45?s=96&r=g","caption":"Redazione"},"url":"https:\/\/emob-italia.it\/en\/author\/redazione\/"}]}},"_links":{"self":[{"href":"https:\/\/emob-italia.it\/en\/wp-json\/wp\/v2\/posts\/65348"}],"collection":[{"href":"https:\/\/emob-italia.it\/en\/wp-json\/wp\/v2\/posts"}],"about":[{"href":"https:\/\/emob-italia.it\/en\/wp-json\/wp\/v2\/types\/post"}],"author":[{"embeddable":true,"href":"https:\/\/emob-italia.it\/en\/wp-json\/wp\/v2\/users\/19"}],"replies":[{"embeddable":true,"href":"https:\/\/emob-italia.it\/en\/wp-json\/wp\/v2\/comments?post=65348"}],"version-history":[{"count":4,"href":"https:\/\/emob-italia.it\/en\/wp-json\/wp\/v2\/posts\/65348\/revisions"}],"predecessor-version":[{"id":65355,"href":"https:\/\/emob-italia.it\/en\/wp-json\/wp\/v2\/posts\/65348\/revisions\/65355"}],"wp:featuredmedia":[{"embeddable":true,"href":"https:\/\/emob-italia.it\/en\/wp-json\/wp\/v2\/media\/65351"}],"wp:attachment":[{"href":"https:\/\/emob-italia.it\/en\/wp-json\/wp\/v2\/media?parent=65348"}],"wp:term":[{"taxonomy":"category","embeddable":true,"href":"https:\/\/emob-italia.it\/en\/wp-json\/wp\/v2\/categories?post=65348"},{"taxonomy":"post_tag","embeddable":true,"href":"https:\/\/emob-italia.it\/en\/wp-json\/wp\/v2\/tags?post=65348"}],"curies":[{"name":"wp","href":"https:\/\/api.w.org\/{rel}","templated":true}]}}