{"id":65219,"date":"2025-04-18T09:51:49","date_gmt":"2025-04-18T07:51:49","guid":{"rendered":"https:\/\/emob-italia.it\/?p=65219"},"modified":"2025-04-18T10:52:09","modified_gmt":"2025-04-18T08:52:09","slug":"caffe-elettrico-con-ekoenergetyka","status":"publish","type":"post","link":"https:\/\/emob-italia.it\/en\/2025\/04\/18\/caffe-elettrico-con-ekoenergetyka\/","title":{"rendered":"Caff\u00e8 elettrico con Ekoenergetyka"},"content":{"rendered":"<p>[et_pb_section fb_built=&#8221;1&#8243; _builder_version=&#8221;4.24.2&#8243; _module_preset=&#8221;default&#8221; global_colors_info=&#8221;{}&#8221;][et_pb_row _builder_version=&#8221;4.24.2&#8243; _module_preset=&#8221;default&#8221; global_colors_info=&#8221;{}&#8221;][et_pb_column type=&#8221;4_4&#8243; _builder_version=&#8221;4.24.2&#8243; _module_preset=&#8221;default&#8221; global_colors_info=&#8221;{}&#8221;][et_pb_video_slider _builder_version=&#8221;4.24.2&#8243; _module_preset=&#8221;default&#8221; global_colors_info=&#8221;{}&#8221;][et_pb_video_slider_item src=&#8221;https:\/\/www.youtube.com\/watch?v=etVN71UJAIg&#038;t=2028s&#8221; _builder_version=&#8221;4.24.2&#8243; _module_preset=&#8221;default&#8221; global_colors_info=&#8221;{}&#8221; show_image_overlay=&#8221;off&#8221;][\/et_pb_video_slider_item][\/et_pb_video_slider][\/et_pb_column][\/et_pb_row][\/et_pb_section]<\/p>\n","protected":false},"excerpt":{"rendered":"","protected":false},"author":19,"featured_media":0,"comment_status":"closed","ping_status":"open","sticky":false,"template":"","format":"chat","meta":{"_et_pb_use_builder":"on","_et_pb_old_content":"<p>[et_pb_section fb_built=\"1\" _builder_version=\"4.24.2\" _module_preset=\"default\" custom_margin=\"3px|||||\" custom_padding=\"34px|||||\" global_colors_info=\"{}\"][et_pb_row _builder_version=\"4.24.2\" _module_preset=\"default\" custom_padding=\"2px||0px|||\" global_colors_info=\"{}\"][et_pb_column type=\"4_4\" _builder_version=\"4.24.2\" _module_preset=\"default\" global_colors_info=\"{}\"][\/et_pb_column][\/et_pb_row][et_pb_row _builder_version=\"4.24.2\" _module_preset=\"default\" custom_margin=\"|562px||auto||\" custom_padding=\"0px|||0px||\" global_colors_info=\"{}\"][et_pb_column type=\"4_4\" _builder_version=\"4.24.2\" _module_preset=\"default\" global_colors_info=\"{}\"][et_pb_text _builder_version=\"4.24.2\" _module_preset=\"default\" custom_margin=\"||-4px|||\" custom_padding=\"0px||0px|||\" global_colors_info=\"{}\"]<\/p><h1><strong>Emobility Festival 2025: La 9\u00b0 Conferenza Nazionale sulla Mobilit\u00e0 Elettrica a Milano<\/strong><\/h1><p>Dal\u00a0<strong>29 settembre al 1 ottobre 2025<\/strong>, Milano ospiter\u00e0 la Nona Conferenza Nazionale sulla Mobilit\u00e0 Elettrica \u2013 Emobility Festival 2025, che si terr\u00e0 in\u00a0<strong>Piazza Citt\u00e0 di Lombardia<\/strong>. L\u2019evento si conferma come il principale appuntamento per scoprire le ultime novit\u00e0 e innovazioni nel mondo della mobilit\u00e0 elettrica. In questi tre giorni del\u00a0<strong>festival<\/strong>, enti governatvi, Regioni e Comuni, esperti, aziende e\u00a0<strong>appassionati<\/strong>\u00a0si incontreranno per discutere delle sfide e opportunit\u00e0 legate alla transizione verso un futuro sostenibile.<br \/><strong>Sei un ente, un'azienda e\/o esperto del settore e vuoi partecipare al cambiamento?<\/strong><\/p><p><strong>Rimani sintonizzato per tutte le informazioni e aggiornamenti o contattaci direttamente a comunicazione@classonlus.it o al \u00a0 \u00a0 \u00a0 \u00a0+39 02 27208182 per maggiori dettagli.<\/strong><\/p><p>L\u2019Emobility Festival 2025 si conferma un\u2019occasione\u00a0<strong>unica<\/strong>\u00a0per esplorare il futuro della mobilit\u00e0 sostenibile e scoprire le tecnologie che stanno cambiando il nostro modo di muoverci.<\/p><p>\u00a0<\/p><div class=\"group\/conversation-turn relative flex w-full min-w-0 flex-col agent-turn\"><div class=\"flex-col gap-1 md:gap-3\"><div class=\"flex flex-grow flex-col max-w-full\"><div class=\"min-h-[20px] text-message flex w-full flex-col items-end gap-2 whitespace-pre-wrap break-words [.text-message+&]:mt-5 overflow-x-auto\" dir=\"auto\" data-message-author-role=\"assistant\" data-message-id=\"5fb93923-1e75-42bb-9c9f-25fcda90c5be\"><div class=\"flex w-full flex-col gap-1 empty:hidden first:pt-[3px]\"><div class=\"markdown prose w-full break-words dark:prose-invert light\">\u00a0<\/div><\/div><\/div><\/div><\/div><\/div><p>[\/et_pb_text][et_pb_button button_url=\"https:\/\/classonlus.voxmail.it\/nl\/pv5h3g\/h4r30e\/qucjn\/uf\/1\/aHR0cHM6Ly93d3cuZmFjZWJvb2suY29tL3NoYXJlL3YvMTh0M3BCdnVaVS8?_d=A2H&_c=00f6174a\" url_new_window=\"on\" button_text=\"APPROFONDISCI\" button_alignment=\"left\" _builder_version=\"4.24.2\" _module_preset=\"default\" custom_button=\"on\" button_text_size=\"26px\" button_text_color=\"#FFFFFF\" button_bg_color=\"#0C71C3\" button_border_radius=\"10px\" button_font=\"Source Sans Pro|700||on|||||\" global_colors_info=\"{}\"][\/et_pb_button][\/et_pb_column][\/et_pb_row][\/et_pb_section][et_pb_section fb_built=\"1\" _builder_version=\"4.24.2\" _module_preset=\"default\" custom_margin=\"3px|||||\" custom_padding=\"34px|||||\" global_colors_info=\"{}\"][et_pb_row _builder_version=\"4.24.2\" _module_preset=\"default\" custom_padding=\"2px|||||\" global_colors_info=\"{}\"][et_pb_column type=\"4_4\" _builder_version=\"4.24.2\" _module_preset=\"default\" global_colors_info=\"{}\"][et_pb_image src=\"https:\/\/emob-italia.it\/wp-content\/uploads\/2025\/03\/amazon.png\" title_text=\"amazon\" _builder_version=\"4.24.2\" _module_preset=\"default\" custom_margin=\"||-21px|||\" global_colors_info=\"{}\"][\/et_pb_image][\/et_pb_column][\/et_pb_row][et_pb_row _builder_version=\"4.24.2\" _module_preset=\"default\" custom_margin=\"|562px||auto||\" custom_padding=\"0px|||0px||\" global_colors_info=\"{}\"][et_pb_column type=\"4_4\" _builder_version=\"4.24.2\" _module_preset=\"default\" global_colors_info=\"{}\"][et_pb_text _builder_version=\"4.24.2\" _module_preset=\"default\" custom_margin=\"||-4px|||\" custom_padding=\"0px||0px|||\" global_colors_info=\"{}\"]<\/p><h1><strong>L'elenco dei veicoli elettrici di Amazon sta crescendo<\/strong><\/h1><p>Amazon sta espandendo la sua flotta di veicoli elettrici per ridurre le emissioni e il rumore. Utilizza biciclette e scooter elettrici in citt\u00e0, furgoni\u00a0<strong>personalizzati<\/strong>\u00a0progettati con Rivian e camion leggeri e pesanti per le consegne. Questi veicoli fanno parte dell\u2019impegno di Amazon per raggiungere l\u2019obiettivo di\u00a0<strong>emissioni<\/strong>\u00a0<strong>zero<\/strong>\u00a0entro il 2040.<\/p><p><strong>Fonte: Amazon<\/strong><\/p><p>\u00a0<\/p><div class=\"group\/conversation-turn relative flex w-full min-w-0 flex-col agent-turn\"><div class=\"flex-col gap-1 md:gap-3\"><div class=\"flex flex-grow flex-col max-w-full\"><div class=\"min-h-[20px] text-message flex w-full flex-col items-end gap-2 whitespace-pre-wrap break-words [.text-message+&]:mt-5 overflow-x-auto\" dir=\"auto\" data-message-author-role=\"assistant\" data-message-id=\"5fb93923-1e75-42bb-9c9f-25fcda90c5be\"><div class=\"flex w-full flex-col gap-1 empty:hidden first:pt-[3px]\"><div class=\"markdown prose w-full break-words dark:prose-invert light\">\u00a0<\/div><\/div><\/div><\/div><\/div><\/div><p>[\/et_pb_text][et_pb_button button_url=\"https:\/\/classonlus.voxmail.it\/nl\/pv5h3g\/h4r30e\/qucjn\/uf\/2\/aHR0cHM6Ly93d3cubGlua2VkaW4uY29tL3Bvc3RzL2FtYXpvbl9hbWF6b25zLXJvc3Rlci1vZi1lbGVjdHJpYy12ZWhpY2xlcy1pcy1ncm93aW5naXQtdWdjUG9zdC03MzA1OTM1NzY4NDE2MzI5NzI5LUdmTEovP3V0bV9zb3VyY2U9c2hhcmUmdXRtX21lZGl1bT1tZW1iZXJfaW9zJnJjbT1BQ29BQUFkeW9WWUJXRXI3N2Q4c2JjSjBJbXZJYVFfUTl1dG15ZlE?_d=A2H&_c=4aa9f4f9\" url_new_window=\"on\" button_text=\"approfondisci\" button_alignment=\"left\" _builder_version=\"4.24.2\" _module_preset=\"default\" custom_button=\"on\" button_text_size=\"26px\" button_text_color=\"#FFFFFF\" button_bg_color=\"#0C71C3\" button_border_radius=\"10px\" button_font=\"Source Sans Pro|700||on|||||\" global_colors_info=\"{}\"][\/et_pb_button][\/et_pb_column][\/et_pb_row][\/et_pb_section][et_pb_section fb_built=\"1\" _builder_version=\"4.24.2\" _module_preset=\"default\" custom_margin=\"3px|||||\" custom_padding=\"34px|||||\" global_colors_info=\"{}\"][et_pb_row _builder_version=\"4.24.2\" _module_preset=\"default\" custom_padding=\"2px|||||\" global_colors_info=\"{}\"][et_pb_column type=\"4_4\" _builder_version=\"4.24.2\" _module_preset=\"default\" global_colors_info=\"{}\"][et_pb_image src=\"https:\/\/emob-italia.it\/wp-content\/uploads\/2025\/03\/milece.png\" title_text=\"milece\" _builder_version=\"4.24.2\" _module_preset=\"default\" custom_margin=\"||-21px|||\" global_colors_info=\"{}\"][\/et_pb_image][\/et_pb_column][\/et_pb_row][et_pb_row _builder_version=\"4.24.2\" _module_preset=\"default\" custom_margin=\"|562px||auto||\" custom_padding=\"0px|||0px||\" global_colors_info=\"{}\"][et_pb_column type=\"4_4\" _builder_version=\"4.24.2\" _module_preset=\"default\" global_colors_info=\"{}\"][et_pb_text _builder_version=\"4.24.2\" _module_preset=\"default\" custom_margin=\"||-4px|||\" custom_padding=\"0px||0px|||\" global_colors_info=\"{}\"]<\/p><h1><strong>Apre il primo punto di ricarica italiano Milence per camion elettrici. \u00c8 sulla A22, vicino Mantova<\/strong><\/h1><p>A luglio 2024 Milence aveva comunicato l\u2019inizio dei lavori per il\u00a0<strong>primo<\/strong>\u00a0<strong>punto<\/strong>\u00a0di ricarica italiano. A pochi mesi dall\u2019annuncio, la stazione di ricarica ad alta potenza per\u00a0<strong>camion<\/strong>\u00a0elettrici \u00e8 stata completata e inaugurata, aprendosi cos\u00ec alla sosta dei mezzi pesanti. Il punto di ricarica \u00e8 ubicato a Bagnolo San Vito, nei pressi di\u00a0<strong>Mantova<\/strong>. \u00c8 un luogo strategico, dato che sorge lungo l'Autostrada del Brennero, la A22 che collega Modena all\u2019Austria. Modena \u00e8 a sua volta\u00a0<strong>collegata<\/strong>\u00a0alla A1, l\u2019Autostrada del Sole che collega Milano a Napoli.<\/p><p><strong>Fonte dmove.it<\/strong><\/p><p>\u00a0<\/p><div class=\"group\/conversation-turn relative flex w-full min-w-0 flex-col agent-turn\"><div class=\"flex-col gap-1 md:gap-3\"><div class=\"flex flex-grow flex-col max-w-full\"><div class=\"min-h-[20px] text-message flex w-full flex-col items-end gap-2 whitespace-pre-wrap break-words [.text-message+&]:mt-5 overflow-x-auto\" dir=\"auto\" data-message-author-role=\"assistant\" data-message-id=\"5fb93923-1e75-42bb-9c9f-25fcda90c5be\"><div class=\"flex w-full flex-col gap-1 empty:hidden first:pt-[3px]\"><div class=\"markdown prose w-full break-words dark:prose-invert light\">\u00a0<\/div><\/div><\/div><\/div><\/div><\/div><p>[\/et_pb_text][et_pb_button button_url=\"https:\/\/classonlus.voxmail.it\/nl\/pv5h3g\/h4r30e\/qucjn\/uf\/3\/aHR0cHM6Ly93d3cuZG1vdmUuaXQvbmV3cy9hcHJlLWlsLXByaW1vLXB1bnRvLWRpLXJpY2FyaWNhLWl0YWxpYW5vLW1pbGVuY2UtcGVyLWNhbWlvbi1lbGV0dHJpY2ktZS1zdWxsYS1hMjItdmljaW5vLW1hbnRvdmE_ZmJjbGlkPUl3WTJ4amF3SXFUT0ZsZUhSdUEyRmxiUUl4TVFBQkhkWWNpb1k3NkFfLV9yUWFJNHNBYW5GM3NHVmp2NzRwZlo1RkNGLXpLUGV0elJnZXM4SlZlc2V6eEFfYWVtX1p6SHczbEdTWi04bl9PcDBPb2c4VWcmc2Zuc249c2N3c3B3YQ?_d=A2H&_c=41166bf3\" url_new_window=\"on\" button_text=\"approfondisci\" button_alignment=\"left\" _builder_version=\"4.24.2\" _module_preset=\"default\" custom_button=\"on\" button_text_size=\"26px\" button_text_color=\"#FFFFFF\" button_bg_color=\"#0C71C3\" button_border_radius=\"10px\" button_font=\"Source Sans Pro|700||on|||||\" global_colors_info=\"{}\"][\/et_pb_button][\/et_pb_column][\/et_pb_row][\/et_pb_section][et_pb_section fb_built=\"1\" _builder_version=\"4.24.2\" _module_preset=\"default\" custom_margin=\"3px|||||\" custom_padding=\"34px|||||\" global_colors_info=\"{}\"][et_pb_row _builder_version=\"4.24.2\" _module_preset=\"default\" custom_padding=\"2px|||||\" global_colors_info=\"{}\"][et_pb_column type=\"4_4\" _builder_version=\"4.24.2\" _module_preset=\"default\" global_colors_info=\"{}\"][et_pb_image src=\"https:\/\/emob-italia.it\/wp-content\/uploads\/2025\/03\/pannelli.png\" title_text=\"pannelli\" _builder_version=\"4.24.2\" _module_preset=\"default\" custom_margin=\"||-21px|||\" global_colors_info=\"{}\"][\/et_pb_image][\/et_pb_column][\/et_pb_row][et_pb_row _builder_version=\"4.24.2\" _module_preset=\"default\" custom_margin=\"|562px||auto||\" custom_padding=\"0px|||0px||\" global_colors_info=\"{}\"][et_pb_column type=\"4_4\" _builder_version=\"4.24.2\" _module_preset=\"default\" global_colors_info=\"{}\"][et_pb_text _builder_version=\"4.24.2\" _module_preset=\"default\" custom_margin=\"||-4px|||\" custom_padding=\"0px||0px|||\" global_colors_info=\"{}\"]<\/p><h1><strong>Verso un sistema energetico 100% rinnovabili<\/strong><\/h1><p>Un\u00a0sistema elettrico italiano\u00a0completamente decarbonizzato entro il 2040 \u00e8 una\u00a0<strong>prospettiva<\/strong>\u00a0fattibile.\u00a0Sia dal punto di vista tecnico che da quello economico. Quali sono le strategie migliori per accompagnare il sistema energetico italiano verso 100%\u00a0<strong>rinnovabili<\/strong>\u00a0e raggiungere la neutralit\u00e0 climatica? Quali dovrebbero essere le\u00a0<strong>priorit\u00e0<\/strong>\u00a0politiche? E come creare le giuste\u00a0<strong>sinergie<\/strong>\u00a0per accelerare la transizione?<\/p><p>Sono le domande a cui prova a\u00a0<strong>rispondere\u00a0<\/strong>un rapporto\u00a0di \u201c100% rinnovabili network\u201d con contributi di 25 accademici ed esperti.<\/p><p><strong>Fonte rinnovabili.it<\/strong><\/p><p>\u00a0<\/p><div class=\"group\/conversation-turn relative flex w-full min-w-0 flex-col agent-turn\"><div class=\"flex-col gap-1 md:gap-3\"><div class=\"flex flex-grow flex-col max-w-full\"><div class=\"min-h-[20px] text-message flex w-full flex-col items-end gap-2 whitespace-pre-wrap break-words [.text-message+&]:mt-5 overflow-x-auto\" dir=\"auto\" data-message-author-role=\"assistant\" data-message-id=\"5fb93923-1e75-42bb-9c9f-25fcda90c5be\"><div class=\"flex w-full flex-col gap-1 empty:hidden first:pt-[3px]\"><div class=\"markdown prose w-full break-words dark:prose-invert light\">\u00a0<\/div><\/div><\/div><\/div><\/div><\/div><p>[\/et_pb_text][et_pb_button button_url=\"https:\/\/classonlus.voxmail.it\/nl\/pv5h3g\/h4r30e\/qucjn\/uf\/4\/aHR0cHM6Ly93d3cucmlubm92YWJpbGkuaXQvZW5lcmdpYS9pbmZyYXN0cnV0dHVyZS8xMDAtcmlubm92YWJpbGktaXRhbGlhLTIwNDAtZmF0dGliaWxlLw?_d=A2H&_c=43b2c7ae\" url_new_window=\"on\" button_text=\"approfondisci\" button_alignment=\"left\" _builder_version=\"4.24.2\" _module_preset=\"default\" custom_button=\"on\" button_text_size=\"26px\" button_text_color=\"#FFFFFF\" button_bg_color=\"#0C71C3\" button_border_radius=\"10px\" button_font=\"Source Sans Pro|700||on|||||\" global_colors_info=\"{}\"][\/et_pb_button][\/et_pb_column][\/et_pb_row][\/et_pb_section][et_pb_section fb_built=\"1\" _builder_version=\"4.24.2\" _module_preset=\"default\" custom_margin=\"3px|||||\" custom_padding=\"34px|||||\" global_colors_info=\"{}\"][et_pb_row _builder_version=\"4.24.2\" _module_preset=\"default\" custom_padding=\"2px|||||\" global_colors_info=\"{}\"][et_pb_column type=\"4_4\" _builder_version=\"4.24.2\" _module_preset=\"default\" global_colors_info=\"{}\"][et_pb_image src=\"https:\/\/emob-italia.it\/wp-content\/uploads\/2025\/03\/motuse.png\" title_text=\"motuse\" _builder_version=\"4.24.2\" _module_preset=\"default\" custom_margin=\"||-21px|||\" global_colors_info=\"{}\"][\/et_pb_image][\/et_pb_column][\/et_pb_row][et_pb_row _builder_version=\"4.24.2\" _module_preset=\"default\" custom_margin=\"|562px||auto||\" custom_padding=\"0px|||0px||\" global_colors_info=\"{}\"][et_pb_column type=\"4_4\" _builder_version=\"4.24.2\" _module_preset=\"default\" global_colors_info=\"{}\"][et_pb_text _builder_version=\"4.24.2\" _module_preset=\"default\" custom_margin=\"||-4px|||\" custom_padding=\"0px||0px|||\" global_colors_info=\"{}\"]<\/p><h1><strong>Auto elettriche: l\u2019Italia supera i 64.391 punti di ricarica a uso pubblico. Tutti i dati e il confronto con l\u2019Europa<\/strong><\/h1><p>La\u00a0<strong>sesta<\/strong>\u00a0edizione dello studio \"Le infrastrutture di ricarica a uso pubblico in Italia\" presentata a KEY ha mostrato che al 31 dicembre 2024 sono stati installati 64.391 punti di\u00a0<strong>ricarica<\/strong>\u00a0a uso pubblico in Italia, con un aumento di 713 unit\u00e0 rispetto al 2023. La Lombardia \u00e8 la regione con il maggior numero di punti di ricarica e l'incremento pi\u00f9 significativo. Napoli \u00e8 la citt\u00e0 con il maggior numero di punti di ricarica per superficie, seguita da Torino e Milano.\u00a0<strong>L'estensione<\/strong>\u00a0dei termini del PNRR e una revisione dei meccanismi di cofinanziamento potrebbero stimolare un aumento della rete di ricarica nelle regioni del Centro e del Mezzogiorno. I punti di ricarica lungo le autostrade sono 1.087, mentre considerando quelli entro 3 km dalle uscite si raggiungono i 3.447. L'Italia ha gi\u00e0\u00a0<strong>raggiunto<\/strong>\u00a0il 75-80% degli obiettivi europei e si posiziona davanti a Francia, Germania e Regno Unito per quanto riguarda il rapporto tra punti di ricarica e veicoli elettrici. Nel 2024 sono stati installati 13.713 nuovi punti di ricarica, di cui 4.052 solo nell'ultimo trimestre.<\/p><p><strong>Fonte Motus-E<\/strong><\/p><p>\u00a0<\/p><div class=\"group\/conversation-turn relative flex w-full min-w-0 flex-col agent-turn\"><div class=\"flex-col gap-1 md:gap-3\"><div class=\"flex flex-grow flex-col max-w-full\"><div class=\"min-h-[20px] text-message flex w-full flex-col items-end gap-2 whitespace-pre-wrap break-words [.text-message+&]:mt-5 overflow-x-auto\" dir=\"auto\" data-message-author-role=\"assistant\" data-message-id=\"5fb93923-1e75-42bb-9c9f-25fcda90c5be\"><div class=\"flex w-full flex-col gap-1 empty:hidden first:pt-[3px]\"><div class=\"markdown prose w-full break-words dark:prose-invert light\">\u00a0<\/div><\/div><\/div><\/div><\/div><\/div><p>[\/et_pb_text][et_pb_button button_url=\"https:\/\/classonlus.voxmail.it\/nl\/pv5h3g\/h4r30e\/qucjn\/uf\/9\/aHR0cHM6Ly93d3cubW90dXMtZS5vcmcvbmV3cy1hc3NvY2lhdGl2ZS9hdXRvLWVsZXR0cmljaGUtbGl0YWxpYS1zdXBlcmEtaS02NC0zOTEtcHVudGktZGktcmljYXJpY2EtYS11c28tcHViYmxpY28tdHV0dGktaS1kYXRpLWUtaWwtY29uZnJvbnRvLWNvbi1sZXVyb3BhLw?_d=A2H&_c=ace86029\" url_new_window=\"on\" button_text=\"approfondisci\" button_alignment=\"left\" _builder_version=\"4.24.2\" _module_preset=\"default\" custom_button=\"on\" button_text_size=\"26px\" button_text_color=\"#FFFFFF\" button_bg_color=\"#0C71C3\" button_border_radius=\"10px\" button_font=\"Source Sans Pro|700||on|||||\" global_colors_info=\"{}\"][\/et_pb_button][\/et_pb_column][\/et_pb_row][\/et_pb_section][et_pb_section fb_built=\"1\" _builder_version=\"4.24.2\" _module_preset=\"default\" custom_margin=\"3px|||||\" custom_padding=\"34px|||||\" global_colors_info=\"{}\"][et_pb_row _builder_version=\"4.24.2\" _module_preset=\"default\" custom_padding=\"2px|||||\" global_colors_info=\"{}\"][et_pb_column type=\"4_4\" _builder_version=\"4.24.2\" _module_preset=\"default\" global_colors_info=\"{}\"][et_pb_image src=\"https:\/\/emob-italia.it\/wp-content\/uploads\/2025\/03\/volvoce.png\" title_text=\"volvoce\" _builder_version=\"4.24.2\" _module_preset=\"default\" custom_margin=\"||-21px|||\" global_colors_info=\"{}\"][\/et_pb_image][\/et_pb_column][\/et_pb_row][et_pb_row _builder_version=\"4.24.2\" _module_preset=\"default\" custom_margin=\"|562px||auto||\" custom_padding=\"0px|||0px||\" global_colors_info=\"{}\"][et_pb_column type=\"4_4\" _builder_version=\"4.24.2\" _module_preset=\"default\" global_colors_info=\"{}\"][et_pb_text _builder_version=\"4.24.2\" _module_preset=\"default\" custom_margin=\"||-4px|||\" custom_padding=\"0px||0px|||\" global_colors_info=\"{}\"]<\/p><h1><strong>Il nuovo Volvo EC230 Electric vanta un'operativit\u00e0 di un giorno intero<\/strong><\/h1><p>La\u00a0<strong>tecnologia<\/strong>\u00a0avanzata che sta alla base della nuova generazione dell'escavatore EC230 Electric da 23 tonnellate di Volvo Construction Equipment (Volvo CE) offre ai\u00a0<strong>clienti<\/strong>\u00a0il doppio delle ore di\u00a0<strong>funzionamento<\/strong>\u00a0che caratterizzavano il suo predecessore.<\/p><p><strong>Fonte Volvo CE<\/strong><\/p><p>\u00a0<\/p><div class=\"group\/conversation-turn relative flex w-full min-w-0 flex-col agent-turn\"><div class=\"flex-col gap-1 md:gap-3\"><div class=\"flex flex-grow flex-col max-w-full\"><div class=\"min-h-[20px] text-message flex w-full flex-col items-end gap-2 whitespace-pre-wrap break-words [.text-message+&]:mt-5 overflow-x-auto\" dir=\"auto\" data-message-author-role=\"assistant\" data-message-id=\"5fb93923-1e75-42bb-9c9f-25fcda90c5be\"><div class=\"flex w-full flex-col gap-1 empty:hidden first:pt-[3px]\"><div class=\"markdown prose w-full break-words dark:prose-invert light\">\u00a0<\/div><\/div><\/div><\/div><\/div><\/div><p>[\/et_pb_text][et_pb_button button_url=\"https:\/\/classonlus.voxmail.it\/nl\/pv5h3g\/h4r30e\/qucjn\/uf\/10\/aHR0cHM6Ly93d3cudm9sdm9jZS5jb20vaXRhbGlhL2l0LWl0L2Fib3V0LXVzL25ld3MvMjAyNS91cGRhdGVkLXZvbHZvLWVjMjMwLWVsZWN0cmljLWJvYXN0cy1mdWxsLWRheS1vcGVyYXRpb24v?_d=A2H&_c=dc1a1eee\" url_new_window=\"on\" button_text=\"approfondisci\" button_alignment=\"left\" _builder_version=\"4.24.2\" _module_preset=\"default\" custom_button=\"on\" button_text_size=\"26px\" button_text_color=\"#FFFFFF\" button_bg_color=\"#0C71C3\" button_border_radius=\"10px\" button_font=\"Source Sans Pro|700||on|||||\" global_colors_info=\"{}\"][\/et_pb_button][\/et_pb_column][\/et_pb_row][\/et_pb_section][et_pb_section fb_built=\"1\" _builder_version=\"4.24.2\" _module_preset=\"default\" custom_margin=\"3px|||||\" custom_padding=\"34px|||||\" global_colors_info=\"{}\"][et_pb_row _builder_version=\"4.24.2\" _module_preset=\"default\" custom_padding=\"2px|||||\" global_colors_info=\"{}\"][et_pb_column type=\"4_4\" _builder_version=\"4.24.2\" _module_preset=\"default\" global_colors_info=\"{}\"][et_pb_image src=\"https:\/\/emob-italia.it\/wp-content\/uploads\/2025\/03\/bet.png\" title_text=\"bet\" _builder_version=\"4.24.2\" _module_preset=\"default\" custom_margin=\"||-21px|||\" global_colors_info=\"{}\"][\/et_pb_image][\/et_pb_column][\/et_pb_row][et_pb_row _builder_version=\"4.24.2\" _module_preset=\"default\" custom_margin=\"|562px||auto||\" custom_padding=\"0px|||0px||\" global_colors_info=\"{}\"][et_pb_column type=\"4_4\" _builder_version=\"4.24.2\" _module_preset=\"default\" global_colors_info=\"{}\"][et_pb_text _builder_version=\"4.24.2\" _module_preset=\"default\" custom_margin=\"||-4px|||\" custom_padding=\"0px||0px|||\" global_colors_info=\"{}\"]<\/p><h1><strong>Renault Trucks E-Tech C lancia la betoniera elettrica<\/strong><\/h1><p>Un altro\u00a0<strong>passaggio<\/strong>\u00a0\u00e8 l\u2019uso di mezzi di lavoro a emissioni zero. Uno di questi \u00e8 la betoniera elettrica. La nuova arrivata \u00e8 la\u00a0<strong>Renault Trucks E-Tech C<\/strong>.\u00a0Un mezzo di lavoro frutto della sinergia tra i francesi e l\u2019allestitore tedesco\u00a0Schwing Stetter.<\/p><p>Renault Trucks e Schwing Stetter hanno\u00a0<strong>sviluppato<\/strong>\u00a0una soluzione elettrica rivoluzionaria: un Renault Trucks E-Tech C 10x4 a cinque assi con betoniera completamente elettrica, capace di trasportare fino a 10m\u00b3 di calcestruzzo.<br \/>Un veicolo\u00a0<strong>perfetto<\/strong>\u00a0per aree urbane e cantieri ad accesso limitato, con un\u2019autonomia fino a 140 km. Questa\u00a0<strong>innovazione<\/strong>\u00a0unisce efficienza operativa e basse emissioni, rispondendo alle esigenze di produttivit\u00e0 e\u00a0<strong>sostenibilit\u00e0<\/strong>\u00a0nel settore del calcestruzzo. Renault Trucks continua a guidare la decarbonizzazione dei trasporti, strutturando soluzioni di trasporto ottimali per ciascuna azienda e riducendo l\u2019impatto ambientale.<\/p><p><strong>Fonte Renault Trucks<\/strong><\/p><p>\u00a0<\/p><p>\u00a0<\/p><div class=\"group\/conversation-turn relative flex w-full min-w-0 flex-col agent-turn\"><div class=\"flex-col gap-1 md:gap-3\"><div class=\"flex flex-grow flex-col max-w-full\"><div class=\"min-h-[20px] text-message flex w-full flex-col items-end gap-2 whitespace-pre-wrap break-words [.text-message+&]:mt-5 overflow-x-auto\" dir=\"auto\" data-message-author-role=\"assistant\" data-message-id=\"5fb93923-1e75-42bb-9c9f-25fcda90c5be\"><div class=\"flex w-full flex-col gap-1 empty:hidden first:pt-[3px]\"><div class=\"markdown prose w-full break-words dark:prose-invert light\">\u00a0<\/div><\/div><\/div><\/div><\/div><\/div><p>[\/et_pb_text][et_pb_button button_url=\"https:\/\/classonlus.voxmail.it\/nl\/pv5h3g\/h4r30e\/qucjn\/uf\/11\/aHR0cHM6Ly93d3cubGlua2VkaW4uY29tL3Bvc3RzL3JlbmF1bHQtdHJ1Y2tzLWl0YWxpYV9yZW5hdWx0dHJ1Y2tzLXJlbmF1bHR0cnVja3NpdGFsaWEtc2Nod2luZ3N0ZXR0ZXItYWN0aXZpdHktNzI5OTgzNTQ2ODc0Mzg3MjUxMi00RU50P3V0bV9zb3VyY2U9c2hhcmUmdXRtX21lZGl1bT1tZW1iZXJfZGVza3RvcCZyY209QUNvQUFFaENHZDRCQUMxMHdOczVNcmoxTXR4TjQ4OGFvMGlaaTdR?_d=A2H&_c=78acbc8f\" url_new_window=\"on\" button_text=\"approfondisci\" button_alignment=\"left\" _builder_version=\"4.24.2\" _module_preset=\"default\" custom_button=\"on\" button_text_size=\"26px\" button_text_color=\"#FFFFFF\" button_bg_color=\"#0C71C3\" button_border_radius=\"10px\" button_font=\"Source Sans Pro|700||on|||||\" global_colors_info=\"{}\"][\/et_pb_button][\/et_pb_column][\/et_pb_row][\/et_pb_section]<\/p>","_et_gb_content_width":"","_exactmetrics_skip_tracking":false,"_exactmetrics_sitenote_active":false,"_exactmetrics_sitenote_note":"","_exactmetrics_sitenote_category":0,"footnotes":""},"categories":[341],"tags":[],"yoast_head":"<!-- This site is optimized with the Yoast SEO plugin v22.9 - https:\/\/yoast.com\/wordpress\/plugins\/seo\/ -->\n<title>Caff\u00e8 elettrico con Ekoenergetyka &#8226; e_mob<\/title>\n<meta name=\"description\" content=\"e_mob \u00e8 il tavolo permanente degli stakeholder della mobilit\u00e0 elettrica in Italia. Organizza ogni anno a Milano la Conferenza Nazionale del settore, nel 2021 in programma dal 16 al 19 ottobre.\" \/>\n<meta name=\"robots\" content=\"index, follow, max-snippet:-1, max-image-preview:large, max-video-preview:-1\" \/>\n<link rel=\"canonical\" href=\"https:\/\/emob-italia.it\/2025\/04\/18\/caffe-elettrico-con-ekoenergetyka\/\" \/>\n<meta property=\"og:locale\" content=\"en_US\" \/>\n<meta property=\"og:type\" content=\"article\" \/>\n<meta property=\"og:title\" content=\"Caff\u00e8 elettrico con Ekoenergetyka &#8226; e_mob\" \/>\n<meta property=\"og:description\" content=\"e_mob \u00e8 il tavolo permanente degli stakeholder della mobilit\u00e0 elettrica in Italia. Organizza ogni anno a Milano la Conferenza Nazionale del settore, nel 2021 in programma dal 16 al 19 ottobre.\" \/>\n<meta property=\"og:url\" content=\"https:\/\/emob-italia.it\/2025\/04\/18\/caffe-elettrico-con-ekoenergetyka\/\" \/>\n<meta property=\"og:site_name\" content=\"e_mob\" \/>\n<meta property=\"article:publisher\" content=\"https:\/\/www.facebook.com\/emobitalia\/\" \/>\n<meta property=\"article:published_time\" content=\"2025-04-18T07:51:49+00:00\" \/>\n<meta property=\"article:modified_time\" content=\"2025-04-18T08:52:09+00:00\" \/>\n<meta property=\"og:image\" content=\"https:\/\/emob-italia.it\/wp-content\/uploads\/2019\/09\/emob-logo-registrato.png\" \/>\n\t<meta property=\"og:image:width\" content=\"400\" \/>\n\t<meta property=\"og:image:height\" content=\"110\" \/>\n\t<meta property=\"og:image:type\" content=\"image\/png\" \/>\n<meta name=\"author\" content=\"Redazione\" \/>\n<meta name=\"twitter:label1\" content=\"Written by\" \/>\n\t<meta name=\"twitter:data1\" content=\"Redazione\" \/>\n<script type=\"application\/ld+json\" class=\"yoast-schema-graph\">{\"@context\":\"https:\/\/schema.org\",\"@graph\":[{\"@type\":\"Article\",\"@id\":\"https:\/\/emob-italia.it\/2025\/04\/18\/caffe-elettrico-con-ekoenergetyka\/#article\",\"isPartOf\":{\"@id\":\"https:\/\/emob-italia.it\/2025\/04\/18\/caffe-elettrico-con-ekoenergetyka\/\"},\"author\":{\"name\":\"Redazione\",\"@id\":\"https:\/\/emob-italia.it\/#\/schema\/person\/59871c976b1a5e842e3d0b98901e4f6d\"},\"headline\":\"Caff\u00e8 elettrico con Ekoenergetyka\",\"datePublished\":\"2025-04-18T07:51:49+00:00\",\"dateModified\":\"2025-04-18T08:52:09+00:00\",\"mainEntityOfPage\":{\"@id\":\"https:\/\/emob-italia.it\/2025\/04\/18\/caffe-elettrico-con-ekoenergetyka\/\"},\"wordCount\":98,\"publisher\":{\"@id\":\"https:\/\/emob-italia.it\/#organization\"},\"articleSection\":[\"Caff\u00e8 Elettrico\"],\"inLanguage\":\"en-US\"},{\"@type\":\"WebPage\",\"@id\":\"https:\/\/emob-italia.it\/2025\/04\/18\/caffe-elettrico-con-ekoenergetyka\/\",\"url\":\"https:\/\/emob-italia.it\/2025\/04\/18\/caffe-elettrico-con-ekoenergetyka\/\",\"name\":\"Caff\u00e8 elettrico con Ekoenergetyka &#8226; e_mob\",\"isPartOf\":{\"@id\":\"https:\/\/emob-italia.it\/#website\"},\"datePublished\":\"2025-04-18T07:51:49+00:00\",\"dateModified\":\"2025-04-18T08:52:09+00:00\",\"description\":\"e_mob \u00e8 il tavolo permanente degli stakeholder della mobilit\u00e0 elettrica in Italia. Organizza ogni anno a Milano la Conferenza Nazionale del settore, nel 2021 in programma dal 16 al 19 ottobre.\",\"breadcrumb\":{\"@id\":\"https:\/\/emob-italia.it\/2025\/04\/18\/caffe-elettrico-con-ekoenergetyka\/#breadcrumb\"},\"inLanguage\":\"en-US\",\"potentialAction\":[{\"@type\":\"ReadAction\",\"target\":[\"https:\/\/emob-italia.it\/2025\/04\/18\/caffe-elettrico-con-ekoenergetyka\/\"]}]},{\"@type\":\"BreadcrumbList\",\"@id\":\"https:\/\/emob-italia.it\/2025\/04\/18\/caffe-elettrico-con-ekoenergetyka\/#breadcrumb\",\"itemListElement\":[{\"@type\":\"ListItem\",\"position\":1,\"name\":\"Home\",\"item\":\"https:\/\/emob-italia.it\/en\/\"},{\"@type\":\"ListItem\",\"position\":2,\"name\":\"Caff\u00e8 elettrico con Ekoenergetyka\"}]},{\"@type\":\"WebSite\",\"@id\":\"https:\/\/emob-italia.it\/#website\",\"url\":\"https:\/\/emob-italia.it\/\",\"name\":\"e_mob\",\"description\":\"Mobilit\u00e0 Elettrica\",\"publisher\":{\"@id\":\"https:\/\/emob-italia.it\/#organization\"},\"potentialAction\":[{\"@type\":\"SearchAction\",\"target\":{\"@type\":\"EntryPoint\",\"urlTemplate\":\"https:\/\/emob-italia.it\/?s={search_term_string}\"},\"query-input\":\"required name=search_term_string\"}],\"inLanguage\":\"en-US\"},{\"@type\":\"Organization\",\"@id\":\"https:\/\/emob-italia.it\/#organization\",\"name\":\"Class Onlus\",\"url\":\"https:\/\/emob-italia.it\/\",\"logo\":{\"@type\":\"ImageObject\",\"inLanguage\":\"en-US\",\"@id\":\"https:\/\/emob-italia.it\/#\/schema\/logo\/image\/\",\"url\":\"https:\/\/emob-italia.it\/wp-content\/uploads\/2019\/03\/0_CLASS-ONLUS-logo-web.png\",\"contentUrl\":\"https:\/\/emob-italia.it\/wp-content\/uploads\/2019\/03\/0_CLASS-ONLUS-logo-web.png\",\"width\":598,\"height\":202,\"caption\":\"Class Onlus\"},\"image\":{\"@id\":\"https:\/\/emob-italia.it\/#\/schema\/logo\/image\/\"},\"sameAs\":[\"https:\/\/www.facebook.com\/emobitalia\/\",\"https:\/\/www.instagram.com\/e_mob_italia\/\",\"https:\/\/www.linkedin.com\/groups\/12186185\/\",\"https:\/\/www.youtube.com\/channel\/UCvnTcrhggAX_AkFwGxRfqFw\/featured?view_as=subscriber\"]},{\"@type\":\"Person\",\"@id\":\"https:\/\/emob-italia.it\/#\/schema\/person\/59871c976b1a5e842e3d0b98901e4f6d\",\"name\":\"Redazione\",\"image\":{\"@type\":\"ImageObject\",\"inLanguage\":\"en-US\",\"@id\":\"https:\/\/emob-italia.it\/#\/schema\/person\/image\/\",\"url\":\"https:\/\/secure.gravatar.com\/avatar\/5389093e19decc01f17a4f367aa6ce45?s=96&r=g\",\"contentUrl\":\"https:\/\/secure.gravatar.com\/avatar\/5389093e19decc01f17a4f367aa6ce45?s=96&r=g\",\"caption\":\"Redazione\"},\"url\":\"https:\/\/emob-italia.it\/en\/author\/redazione\/\"}]}<\/script>\n<!-- \/ Yoast SEO plugin. -->","yoast_head_json":{"title":"Caff\u00e8 elettrico con Ekoenergetyka &#8226; e_mob","description":"e_mob \u00e8 il tavolo permanente degli stakeholder della mobilit\u00e0 elettrica in Italia. Organizza ogni anno a Milano la Conferenza Nazionale del settore, nel 2021 in programma dal 16 al 19 ottobre.","robots":{"index":"index","follow":"follow","max-snippet":"max-snippet:-1","max-image-preview":"max-image-preview:large","max-video-preview":"max-video-preview:-1"},"canonical":"https:\/\/emob-italia.it\/2025\/04\/18\/caffe-elettrico-con-ekoenergetyka\/","og_locale":"en_US","og_type":"article","og_title":"Caff\u00e8 elettrico con Ekoenergetyka &#8226; e_mob","og_description":"e_mob \u00e8 il tavolo permanente degli stakeholder della mobilit\u00e0 elettrica in Italia. Organizza ogni anno a Milano la Conferenza Nazionale del settore, nel 2021 in programma dal 16 al 19 ottobre.","og_url":"https:\/\/emob-italia.it\/2025\/04\/18\/caffe-elettrico-con-ekoenergetyka\/","og_site_name":"e_mob","article_publisher":"https:\/\/www.facebook.com\/emobitalia\/","article_published_time":"2025-04-18T07:51:49+00:00","article_modified_time":"2025-04-18T08:52:09+00:00","og_image":[{"width":400,"height":110,"url":"https:\/\/emob-italia.it\/wp-content\/uploads\/2019\/09\/emob-logo-registrato.png","type":"image\/png"}],"author":"Redazione","twitter_misc":{"Written by":"Redazione"},"schema":{"@context":"https:\/\/schema.org","@graph":[{"@type":"Article","@id":"https:\/\/emob-italia.it\/2025\/04\/18\/caffe-elettrico-con-ekoenergetyka\/#article","isPartOf":{"@id":"https:\/\/emob-italia.it\/2025\/04\/18\/caffe-elettrico-con-ekoenergetyka\/"},"author":{"name":"Redazione","@id":"https:\/\/emob-italia.it\/#\/schema\/person\/59871c976b1a5e842e3d0b98901e4f6d"},"headline":"Caff\u00e8 elettrico con Ekoenergetyka","datePublished":"2025-04-18T07:51:49+00:00","dateModified":"2025-04-18T08:52:09+00:00","mainEntityOfPage":{"@id":"https:\/\/emob-italia.it\/2025\/04\/18\/caffe-elettrico-con-ekoenergetyka\/"},"wordCount":98,"publisher":{"@id":"https:\/\/emob-italia.it\/#organization"},"articleSection":["Caff\u00e8 Elettrico"],"inLanguage":"en-US"},{"@type":"WebPage","@id":"https:\/\/emob-italia.it\/2025\/04\/18\/caffe-elettrico-con-ekoenergetyka\/","url":"https:\/\/emob-italia.it\/2025\/04\/18\/caffe-elettrico-con-ekoenergetyka\/","name":"Caff\u00e8 elettrico con Ekoenergetyka &#8226; e_mob","isPartOf":{"@id":"https:\/\/emob-italia.it\/#website"},"datePublished":"2025-04-18T07:51:49+00:00","dateModified":"2025-04-18T08:52:09+00:00","description":"e_mob \u00e8 il tavolo permanente degli stakeholder della mobilit\u00e0 elettrica in Italia. Organizza ogni anno a Milano la Conferenza Nazionale del settore, nel 2021 in programma dal 16 al 19 ottobre.","breadcrumb":{"@id":"https:\/\/emob-italia.it\/2025\/04\/18\/caffe-elettrico-con-ekoenergetyka\/#breadcrumb"},"inLanguage":"en-US","potentialAction":[{"@type":"ReadAction","target":["https:\/\/emob-italia.it\/2025\/04\/18\/caffe-elettrico-con-ekoenergetyka\/"]}]},{"@type":"BreadcrumbList","@id":"https:\/\/emob-italia.it\/2025\/04\/18\/caffe-elettrico-con-ekoenergetyka\/#breadcrumb","itemListElement":[{"@type":"ListItem","position":1,"name":"Home","item":"https:\/\/emob-italia.it\/en\/"},{"@type":"ListItem","position":2,"name":"Caff\u00e8 elettrico con Ekoenergetyka"}]},{"@type":"WebSite","@id":"https:\/\/emob-italia.it\/#website","url":"https:\/\/emob-italia.it\/","name":"e_mob","description":"Mobilit\u00e0 Elettrica","publisher":{"@id":"https:\/\/emob-italia.it\/#organization"},"potentialAction":[{"@type":"SearchAction","target":{"@type":"EntryPoint","urlTemplate":"https:\/\/emob-italia.it\/?s={search_term_string}"},"query-input":"required name=search_term_string"}],"inLanguage":"en-US"},{"@type":"Organization","@id":"https:\/\/emob-italia.it\/#organization","name":"Class Onlus","url":"https:\/\/emob-italia.it\/","logo":{"@type":"ImageObject","inLanguage":"en-US","@id":"https:\/\/emob-italia.it\/#\/schema\/logo\/image\/","url":"https:\/\/emob-italia.it\/wp-content\/uploads\/2019\/03\/0_CLASS-ONLUS-logo-web.png","contentUrl":"https:\/\/emob-italia.it\/wp-content\/uploads\/2019\/03\/0_CLASS-ONLUS-logo-web.png","width":598,"height":202,"caption":"Class Onlus"},"image":{"@id":"https:\/\/emob-italia.it\/#\/schema\/logo\/image\/"},"sameAs":["https:\/\/www.facebook.com\/emobitalia\/","https:\/\/www.instagram.com\/e_mob_italia\/","https:\/\/www.linkedin.com\/groups\/12186185\/","https:\/\/www.youtube.com\/channel\/UCvnTcrhggAX_AkFwGxRfqFw\/featured?view_as=subscriber"]},{"@type":"Person","@id":"https:\/\/emob-italia.it\/#\/schema\/person\/59871c976b1a5e842e3d0b98901e4f6d","name":"Redazione","image":{"@type":"ImageObject","inLanguage":"en-US","@id":"https:\/\/emob-italia.it\/#\/schema\/person\/image\/","url":"https:\/\/secure.gravatar.com\/avatar\/5389093e19decc01f17a4f367aa6ce45?s=96&r=g","contentUrl":"https:\/\/secure.gravatar.com\/avatar\/5389093e19decc01f17a4f367aa6ce45?s=96&r=g","caption":"Redazione"},"url":"https:\/\/emob-italia.it\/en\/author\/redazione\/"}]}},"_links":{"self":[{"href":"https:\/\/emob-italia.it\/en\/wp-json\/wp\/v2\/posts\/65219"}],"collection":[{"href":"https:\/\/emob-italia.it\/en\/wp-json\/wp\/v2\/posts"}],"about":[{"href":"https:\/\/emob-italia.it\/en\/wp-json\/wp\/v2\/types\/post"}],"author":[{"embeddable":true,"href":"https:\/\/emob-italia.it\/en\/wp-json\/wp\/v2\/users\/19"}],"replies":[{"embeddable":true,"href":"https:\/\/emob-italia.it\/en\/wp-json\/wp\/v2\/comments?post=65219"}],"version-history":[{"count":6,"href":"https:\/\/emob-italia.it\/en\/wp-json\/wp\/v2\/posts\/65219\/revisions"}],"predecessor-version":[{"id":65259,"href":"https:\/\/emob-italia.it\/en\/wp-json\/wp\/v2\/posts\/65219\/revisions\/65259"}],"wp:attachment":[{"href":"https:\/\/emob-italia.it\/en\/wp-json\/wp\/v2\/media?parent=65219"}],"wp:term":[{"taxonomy":"category","embeddable":true,"href":"https:\/\/emob-italia.it\/en\/wp-json\/wp\/v2\/categories?post=65219"},{"taxonomy":"post_tag","embeddable":true,"href":"https:\/\/emob-italia.it\/en\/wp-json\/wp\/v2\/tags?post=65219"}],"curies":[{"name":"wp","href":"https:\/\/api.w.org\/{rel}","templated":true}]}}