{"id":65148,"date":"2025-03-18T11:56:15","date_gmt":"2025-03-18T10:56:15","guid":{"rendered":"https:\/\/emob-italia.it\/?p=65148"},"modified":"2025-03-20T09:30:30","modified_gmt":"2025-03-20T08:30:30","slug":"rassegna-stampa-2","status":"publish","type":"post","link":"https:\/\/emob-italia.it\/en\/2025\/03\/18\/rassegna-stampa-2\/","title":{"rendered":"Newsletter Marzo 2025!"},"content":{"rendered":"<p>[et_pb_section fb_built=&#8221;1&#8243; _builder_version=&#8221;4.24.2&#8243; _module_preset=&#8221;default&#8221; custom_margin=&#8221;3px|||||&#8221; custom_padding=&#8221;34px|||||&#8221; global_colors_info=&#8221;{}&#8221;][et_pb_row _builder_version=&#8221;4.24.2&#8243; _module_preset=&#8221;default&#8221; custom_padding=&#8221;2px||0px|||&#8221; global_colors_info=&#8221;{}&#8221;][et_pb_column type=&#8221;4_4&#8243; _builder_version=&#8221;4.24.2&#8243; _module_preset=&#8221;default&#8221; global_colors_info=&#8221;{}&#8221;][\/et_pb_column][\/et_pb_row][et_pb_row _builder_version=&#8221;4.24.2&#8243; _module_preset=&#8221;default&#8221; custom_margin=&#8221;|562px||auto||&#8221; custom_padding=&#8221;0px|||0px||&#8221; global_colors_info=&#8221;{}&#8221;][et_pb_column type=&#8221;4_4&#8243; _builder_version=&#8221;4.24.2&#8243; _module_preset=&#8221;default&#8221; global_colors_info=&#8221;{}&#8221;][et_pb_text _builder_version=&#8221;4.24.2&#8243; _module_preset=&#8221;default&#8221; custom_margin=&#8221;||-4px|||&#8221; custom_padding=&#8221;0px||0px|||&#8221; global_colors_info=&#8221;{}&#8221;]<\/p>\n<h1><strong>Emobility Festival 2025: La 9\u00b0 Conferenza Nazionale sulla Mobilit\u00e0 Elettrica a Milano<\/strong><\/h1>\n<p>Dal<span>\u00a0<\/span><strong>29 settembre al 1 ottobre 2025<\/strong>, Milano ospiter\u00e0 la Nona Conferenza Nazionale sulla Mobilit\u00e0 Elettrica \u2013 Emobility Festival 2025, che si terr\u00e0 in<span>\u00a0<\/span><strong>Piazza Citt\u00e0 di Lombardia<\/strong>. L\u2019evento si conferma come il principale appuntamento per scoprire le ultime novit\u00e0 e innovazioni nel mondo della mobilit\u00e0 elettrica. In questi tre giorni del<span>\u00a0<\/span><strong>festival<\/strong>, enti governatvi, Regioni e Comuni, esperti, aziende e<span>\u00a0<\/span><strong>appassionati<\/strong><span>\u00a0<\/span>si incontreranno per discutere delle sfide e opportunit\u00e0 legate alla transizione verso un futuro sostenibile.<br \/><strong>Sei un ente, un&#8217;azienda e\/o esperto del settore e vuoi partecipare al cambiamento?<\/strong><\/p>\n<p><strong>Rimani sintonizzato per tutte le informazioni e aggiornamenti o contattaci direttamente a comunicazione@classonlus.it o al \u00a0 \u00a0 \u00a0 \u00a0+39 02 27208182 per maggiori dettagli.<\/strong><\/p>\n<p>L\u2019Emobility Festival 2025 si conferma un\u2019occasione<span>\u00a0<\/span><strong>unica<\/strong><span>\u00a0<\/span>per esplorare il futuro della mobilit\u00e0 sostenibile e scoprire le tecnologie che stanno cambiando il nostro modo di muoverci.<\/p>\n<p>&nbsp;<\/p>\n<div class=\"group\/conversation-turn relative flex w-full min-w-0 flex-col agent-turn\">\n<div class=\"flex-col gap-1 md:gap-3\">\n<div class=\"flex flex-grow flex-col max-w-full\">\n<div class=\"min-h-[20px] text-message flex w-full flex-col items-end gap-2 whitespace-pre-wrap break-words [.text-message+&amp;]:mt-5 overflow-x-auto\" dir=\"auto\" data-message-author-role=\"assistant\" data-message-id=\"5fb93923-1e75-42bb-9c9f-25fcda90c5be\">\n<div class=\"flex w-full flex-col gap-1 empty:hidden first:pt-[3px]\">\n<div class=\"markdown prose w-full break-words dark:prose-invert light\"><\/div>\n<\/div>\n<\/div>\n<\/div>\n<\/div>\n<\/div>\n<p>[\/et_pb_text][et_pb_button button_url=&#8221;https:\/\/classonlus.voxmail.it\/nl\/pv5h3g\/h4r30e\/qucjn\/uf\/1\/aHR0cHM6Ly93d3cuZmFjZWJvb2suY29tL3NoYXJlL3YvMTh0M3BCdnVaVS8?_d=A2H&#038;_c=00f6174a&#8221; url_new_window=&#8221;on&#8221; button_text=&#8221;APPROFONDISCI&#8221; button_alignment=&#8221;left&#8221; _builder_version=&#8221;4.24.2&#8243; _module_preset=&#8221;default&#8221; custom_button=&#8221;on&#8221; button_text_size=&#8221;26px&#8221; button_text_color=&#8221;#FFFFFF&#8221; button_bg_color=&#8221;#0C71C3&#8243; button_border_radius=&#8221;10px&#8221; button_font=&#8221;Source Sans Pro|700||on|||||&#8221; global_colors_info=&#8221;{}&#8221;][\/et_pb_button][\/et_pb_column][\/et_pb_row][\/et_pb_section][et_pb_section fb_built=&#8221;1&#8243; _builder_version=&#8221;4.24.2&#8243; _module_preset=&#8221;default&#8221; custom_margin=&#8221;3px|||||&#8221; custom_padding=&#8221;34px|||||&#8221; global_colors_info=&#8221;{}&#8221;][et_pb_row _builder_version=&#8221;4.24.2&#8243; _module_preset=&#8221;default&#8221; custom_padding=&#8221;2px|||||&#8221; global_colors_info=&#8221;{}&#8221;][et_pb_column type=&#8221;4_4&#8243; _builder_version=&#8221;4.24.2&#8243; _module_preset=&#8221;default&#8221; global_colors_info=&#8221;{}&#8221;][et_pb_image src=&#8221;https:\/\/emob-italia.it\/wp-content\/uploads\/2025\/03\/amazon.png&#8221; title_text=&#8221;amazon&#8221; _builder_version=&#8221;4.24.2&#8243; _module_preset=&#8221;default&#8221; custom_margin=&#8221;||-21px|||&#8221; global_colors_info=&#8221;{}&#8221;][\/et_pb_image][\/et_pb_column][\/et_pb_row][et_pb_row _builder_version=&#8221;4.24.2&#8243; _module_preset=&#8221;default&#8221; custom_margin=&#8221;|562px||auto||&#8221; custom_padding=&#8221;0px|||0px||&#8221; global_colors_info=&#8221;{}&#8221;][et_pb_column type=&#8221;4_4&#8243; _builder_version=&#8221;4.24.2&#8243; _module_preset=&#8221;default&#8221; global_colors_info=&#8221;{}&#8221;][et_pb_text _builder_version=&#8221;4.24.2&#8243; _module_preset=&#8221;default&#8221; custom_margin=&#8221;||-4px|||&#8221; custom_padding=&#8221;0px||0px|||&#8221; global_colors_info=&#8221;{}&#8221;]<\/p>\n<h1><strong>L&#8217;elenco dei veicoli elettrici di Amazon sta crescendo<\/strong><\/h1>\n<p>Amazon sta espandendo la sua flotta di veicoli elettrici per ridurre le emissioni e il rumore. Utilizza biciclette e scooter elettrici in citt\u00e0, furgoni<span>\u00a0<\/span><strong>personalizzati<\/strong><span>\u00a0<\/span>progettati con Rivian e camion leggeri e pesanti per le consegne. Questi veicoli fanno parte dell\u2019impegno di Amazon per raggiungere l\u2019obiettivo di<span>\u00a0<\/span><strong>emissioni<\/strong><span>\u00a0<\/span><strong>zero<\/strong><span>\u00a0<\/span>entro il 2040.<\/p>\n<p><strong>Fonte: Amazon<\/strong><\/p>\n<p>&nbsp;<\/p>\n<div class=\"group\/conversation-turn relative flex w-full min-w-0 flex-col agent-turn\">\n<div class=\"flex-col gap-1 md:gap-3\">\n<div class=\"flex flex-grow flex-col max-w-full\">\n<div class=\"min-h-[20px] text-message flex w-full flex-col items-end gap-2 whitespace-pre-wrap break-words [.text-message+&amp;]:mt-5 overflow-x-auto\" dir=\"auto\" data-message-author-role=\"assistant\" data-message-id=\"5fb93923-1e75-42bb-9c9f-25fcda90c5be\">\n<div class=\"flex w-full flex-col gap-1 empty:hidden first:pt-[3px]\">\n<div class=\"markdown prose w-full break-words dark:prose-invert light\"><\/div>\n<\/div>\n<\/div>\n<\/div>\n<\/div>\n<\/div>\n<p>[\/et_pb_text][et_pb_button button_url=&#8221;https:\/\/classonlus.voxmail.it\/nl\/pv5h3g\/h4r30e\/qucjn\/uf\/2\/aHR0cHM6Ly93d3cubGlua2VkaW4uY29tL3Bvc3RzL2FtYXpvbl9hbWF6b25zLXJvc3Rlci1vZi1lbGVjdHJpYy12ZWhpY2xlcy1pcy1ncm93aW5naXQtdWdjUG9zdC03MzA1OTM1NzY4NDE2MzI5NzI5LUdmTEovP3V0bV9zb3VyY2U9c2hhcmUmdXRtX21lZGl1bT1tZW1iZXJfaW9zJnJjbT1BQ29BQUFkeW9WWUJXRXI3N2Q4c2JjSjBJbXZJYVFfUTl1dG15ZlE?_d=A2H&#038;_c=4aa9f4f9&#8243; url_new_window=&#8221;on&#8221; button_text=&#8221;approfondisci&#8221; button_alignment=&#8221;left&#8221; _builder_version=&#8221;4.24.2&#8243; _module_preset=&#8221;default&#8221; custom_button=&#8221;on&#8221; button_text_size=&#8221;26px&#8221; button_text_color=&#8221;#FFFFFF&#8221; button_bg_color=&#8221;#0C71C3&#8243; button_border_radius=&#8221;10px&#8221; button_font=&#8221;Source Sans Pro|700||on|||||&#8221; global_colors_info=&#8221;{}&#8221;][\/et_pb_button][\/et_pb_column][\/et_pb_row][\/et_pb_section][et_pb_section fb_built=&#8221;1&#8243; _builder_version=&#8221;4.24.2&#8243; _module_preset=&#8221;default&#8221; custom_margin=&#8221;3px|||||&#8221; custom_padding=&#8221;34px|||||&#8221; global_colors_info=&#8221;{}&#8221;][et_pb_row _builder_version=&#8221;4.24.2&#8243; _module_preset=&#8221;default&#8221; custom_padding=&#8221;2px|||||&#8221; global_colors_info=&#8221;{}&#8221;][et_pb_column type=&#8221;4_4&#8243; _builder_version=&#8221;4.24.2&#8243; _module_preset=&#8221;default&#8221; global_colors_info=&#8221;{}&#8221;][et_pb_image src=&#8221;https:\/\/emob-italia.it\/wp-content\/uploads\/2025\/03\/milece.png&#8221; title_text=&#8221;milece&#8221; _builder_version=&#8221;4.24.2&#8243; _module_preset=&#8221;default&#8221; custom_margin=&#8221;||-21px|||&#8221; global_colors_info=&#8221;{}&#8221;][\/et_pb_image][\/et_pb_column][\/et_pb_row][et_pb_row _builder_version=&#8221;4.24.2&#8243; _module_preset=&#8221;default&#8221; custom_margin=&#8221;|562px||auto||&#8221; custom_padding=&#8221;0px|||0px||&#8221; global_colors_info=&#8221;{}&#8221;][et_pb_column type=&#8221;4_4&#8243; _builder_version=&#8221;4.24.2&#8243; _module_preset=&#8221;default&#8221; global_colors_info=&#8221;{}&#8221;][et_pb_text _builder_version=&#8221;4.24.2&#8243; _module_preset=&#8221;default&#8221; custom_margin=&#8221;||-4px|||&#8221; custom_padding=&#8221;0px||0px|||&#8221; global_colors_info=&#8221;{}&#8221;]<\/p>\n<h1><strong>Apre il primo punto di ricarica italiano Milence per camion elettrici. \u00c8 sulla A22, vicino Mantova<\/strong><\/h1>\n<p>A luglio 2024 Milence aveva comunicato l\u2019inizio dei lavori per il<span>\u00a0<\/span><strong>primo<\/strong><span>\u00a0<\/span><strong>punto<\/strong><span>\u00a0<\/span>di ricarica italiano. A pochi mesi dall\u2019annuncio, la stazione di ricarica ad alta potenza per<span>\u00a0<\/span><strong>camion<\/strong><span>\u00a0<\/span>elettrici \u00e8 stata completata e inaugurata, aprendosi cos\u00ec alla sosta dei mezzi pesanti. Il punto di ricarica \u00e8 ubicato a Bagnolo San Vito, nei pressi di<span>\u00a0<\/span><strong>Mantova<\/strong>. \u00c8 un luogo strategico, dato che sorge lungo l&#8217;Autostrada del Brennero, la A22 che collega Modena all\u2019Austria. Modena \u00e8 a sua volta<span>\u00a0<\/span><strong>collegata<\/strong><span>\u00a0<\/span>alla A1, l\u2019Autostrada del Sole che collega Milano a Napoli.<\/p>\n<p><strong>Fonte dmove.it<\/strong><\/p>\n<p>&nbsp;<\/p>\n<div class=\"group\/conversation-turn relative flex w-full min-w-0 flex-col agent-turn\">\n<div class=\"flex-col gap-1 md:gap-3\">\n<div class=\"flex flex-grow flex-col max-w-full\">\n<div class=\"min-h-[20px] text-message flex w-full flex-col items-end gap-2 whitespace-pre-wrap break-words [.text-message+&amp;]:mt-5 overflow-x-auto\" dir=\"auto\" data-message-author-role=\"assistant\" data-message-id=\"5fb93923-1e75-42bb-9c9f-25fcda90c5be\">\n<div class=\"flex w-full flex-col gap-1 empty:hidden first:pt-[3px]\">\n<div class=\"markdown prose w-full break-words dark:prose-invert light\"><\/div>\n<\/div>\n<\/div>\n<\/div>\n<\/div>\n<\/div>\n<p>[\/et_pb_text][et_pb_button button_url=&#8221;https:\/\/classonlus.voxmail.it\/nl\/pv5h3g\/h4r30e\/qucjn\/uf\/3\/aHR0cHM6Ly93d3cuZG1vdmUuaXQvbmV3cy9hcHJlLWlsLXByaW1vLXB1bnRvLWRpLXJpY2FyaWNhLWl0YWxpYW5vLW1pbGVuY2UtcGVyLWNhbWlvbi1lbGV0dHJpY2ktZS1zdWxsYS1hMjItdmljaW5vLW1hbnRvdmE_ZmJjbGlkPUl3WTJ4amF3SXFUT0ZsZUhSdUEyRmxiUUl4TVFBQkhkWWNpb1k3NkFfLV9yUWFJNHNBYW5GM3NHVmp2NzRwZlo1RkNGLXpLUGV0elJnZXM4SlZlc2V6eEFfYWVtX1p6SHczbEdTWi04bl9PcDBPb2c4VWcmc2Zuc249c2N3c3B3YQ?_d=A2H&#038;_c=41166bf3&#8243; url_new_window=&#8221;on&#8221; button_text=&#8221;approfondisci&#8221; button_alignment=&#8221;left&#8221; _builder_version=&#8221;4.24.2&#8243; _module_preset=&#8221;default&#8221; custom_button=&#8221;on&#8221; button_text_size=&#8221;26px&#8221; button_text_color=&#8221;#FFFFFF&#8221; button_bg_color=&#8221;#0C71C3&#8243; button_border_radius=&#8221;10px&#8221; button_font=&#8221;Source Sans Pro|700||on|||||&#8221; global_colors_info=&#8221;{}&#8221;][\/et_pb_button][\/et_pb_column][\/et_pb_row][\/et_pb_section][et_pb_section fb_built=&#8221;1&#8243; _builder_version=&#8221;4.24.2&#8243; _module_preset=&#8221;default&#8221; custom_margin=&#8221;3px|||||&#8221; custom_padding=&#8221;34px|||||&#8221; global_colors_info=&#8221;{}&#8221;][et_pb_row _builder_version=&#8221;4.24.2&#8243; _module_preset=&#8221;default&#8221; custom_padding=&#8221;2px|||||&#8221; global_colors_info=&#8221;{}&#8221;][et_pb_column type=&#8221;4_4&#8243; _builder_version=&#8221;4.24.2&#8243; _module_preset=&#8221;default&#8221; global_colors_info=&#8221;{}&#8221;][et_pb_image src=&#8221;https:\/\/emob-italia.it\/wp-content\/uploads\/2025\/03\/pannelli.png&#8221; title_text=&#8221;pannelli&#8221; _builder_version=&#8221;4.24.2&#8243; _module_preset=&#8221;default&#8221; custom_margin=&#8221;||-21px|||&#8221; global_colors_info=&#8221;{}&#8221;][\/et_pb_image][\/et_pb_column][\/et_pb_row][et_pb_row _builder_version=&#8221;4.24.2&#8243; _module_preset=&#8221;default&#8221; custom_margin=&#8221;|562px||auto||&#8221; custom_padding=&#8221;0px|||0px||&#8221; global_colors_info=&#8221;{}&#8221;][et_pb_column type=&#8221;4_4&#8243; _builder_version=&#8221;4.24.2&#8243; _module_preset=&#8221;default&#8221; global_colors_info=&#8221;{}&#8221;][et_pb_text _builder_version=&#8221;4.24.2&#8243; _module_preset=&#8221;default&#8221; custom_margin=&#8221;||-4px|||&#8221; custom_padding=&#8221;0px||0px|||&#8221; global_colors_info=&#8221;{}&#8221;]<\/p>\n<h1><strong>Verso un sistema energetico 100% rinnovabili<\/strong><\/h1>\n<p>Un\u00a0sistema elettrico italiano\u00a0completamente decarbonizzato entro il 2040 \u00e8 una<span>\u00a0<\/span><strong>prospettiva<\/strong><span>\u00a0<\/span>fattibile.\u00a0Sia dal punto di vista tecnico che da quello economico. Quali sono le strategie migliori per accompagnare il sistema energetico italiano verso 100%<span>\u00a0<\/span><strong>rinnovabili<\/strong><span>\u00a0<\/span>e raggiungere la neutralit\u00e0 climatica? Quali dovrebbero essere le<span>\u00a0<\/span><strong>priorit\u00e0<\/strong><span>\u00a0<\/span>politiche? E come creare le giuste<span>\u00a0<\/span><strong>sinergie<\/strong><span>\u00a0<\/span>per accelerare la transizione?<\/p>\n<p>Sono le domande a cui prova a<span>\u00a0<\/span><strong>rispondere\u00a0<\/strong>un rapporto\u00a0di \u201c100% rinnovabili network\u201d con contributi di 25 accademici ed esperti.<\/p>\n<p><strong>Fonte rinnovabili.it<\/strong><\/p>\n<p>&nbsp;<\/p>\n<div class=\"group\/conversation-turn relative flex w-full min-w-0 flex-col agent-turn\">\n<div class=\"flex-col gap-1 md:gap-3\">\n<div class=\"flex flex-grow flex-col max-w-full\">\n<div class=\"min-h-[20px] text-message flex w-full flex-col items-end gap-2 whitespace-pre-wrap break-words [.text-message+&amp;]:mt-5 overflow-x-auto\" dir=\"auto\" data-message-author-role=\"assistant\" data-message-id=\"5fb93923-1e75-42bb-9c9f-25fcda90c5be\">\n<div class=\"flex w-full flex-col gap-1 empty:hidden first:pt-[3px]\">\n<div class=\"markdown prose w-full break-words dark:prose-invert light\"><\/div>\n<\/div>\n<\/div>\n<\/div>\n<\/div>\n<\/div>\n<p>[\/et_pb_text][et_pb_button button_url=&#8221;https:\/\/classonlus.voxmail.it\/nl\/pv5h3g\/h4r30e\/qucjn\/uf\/4\/aHR0cHM6Ly93d3cucmlubm92YWJpbGkuaXQvZW5lcmdpYS9pbmZyYXN0cnV0dHVyZS8xMDAtcmlubm92YWJpbGktaXRhbGlhLTIwNDAtZmF0dGliaWxlLw?_d=A2H&#038;_c=43b2c7ae&#8221; url_new_window=&#8221;on&#8221; button_text=&#8221;approfondisci&#8221; button_alignment=&#8221;left&#8221; _builder_version=&#8221;4.24.2&#8243; _module_preset=&#8221;default&#8221; custom_button=&#8221;on&#8221; button_text_size=&#8221;26px&#8221; button_text_color=&#8221;#FFFFFF&#8221; button_bg_color=&#8221;#0C71C3&#8243; button_border_radius=&#8221;10px&#8221; button_font=&#8221;Source Sans Pro|700||on|||||&#8221; global_colors_info=&#8221;{}&#8221;][\/et_pb_button][\/et_pb_column][\/et_pb_row][\/et_pb_section][et_pb_section fb_built=&#8221;1&#8243; _builder_version=&#8221;4.24.2&#8243; _module_preset=&#8221;default&#8221; custom_margin=&#8221;3px|||||&#8221; custom_padding=&#8221;34px|||||&#8221; global_colors_info=&#8221;{}&#8221;][et_pb_row _builder_version=&#8221;4.24.2&#8243; _module_preset=&#8221;default&#8221; custom_padding=&#8221;2px|||||&#8221; global_colors_info=&#8221;{}&#8221;][et_pb_column type=&#8221;4_4&#8243; _builder_version=&#8221;4.24.2&#8243; _module_preset=&#8221;default&#8221; global_colors_info=&#8221;{}&#8221;][et_pb_image src=&#8221;https:\/\/emob-italia.it\/wp-content\/uploads\/2025\/03\/motuse.png&#8221; title_text=&#8221;motuse&#8221; _builder_version=&#8221;4.24.2&#8243; _module_preset=&#8221;default&#8221; custom_margin=&#8221;||-21px|||&#8221; global_colors_info=&#8221;{}&#8221;][\/et_pb_image][\/et_pb_column][\/et_pb_row][et_pb_row _builder_version=&#8221;4.24.2&#8243; _module_preset=&#8221;default&#8221; custom_margin=&#8221;|562px||auto||&#8221; custom_padding=&#8221;0px|||0px||&#8221; global_colors_info=&#8221;{}&#8221;][et_pb_column type=&#8221;4_4&#8243; _builder_version=&#8221;4.24.2&#8243; _module_preset=&#8221;default&#8221; global_colors_info=&#8221;{}&#8221;][et_pb_text _builder_version=&#8221;4.24.2&#8243; _module_preset=&#8221;default&#8221; custom_margin=&#8221;||-4px|||&#8221; custom_padding=&#8221;0px||0px|||&#8221; global_colors_info=&#8221;{}&#8221;]<\/p>\n<h1><strong>Auto elettriche: l\u2019Italia supera i 64.391 punti di ricarica a uso pubblico. Tutti i dati e il confronto con l\u2019Europa<\/strong><\/h1>\n<p>La<span>\u00a0<\/span><strong>sesta<\/strong><span>\u00a0<\/span>edizione dello studio &#8220;Le infrastrutture di ricarica a uso pubblico in Italia&#8221; presentata a KEY ha mostrato che al 31 dicembre 2024 sono stati installati 64.391 punti di<span>\u00a0<\/span><strong>ricarica<\/strong><span>\u00a0<\/span>a uso pubblico in Italia, con un aumento di 713 unit\u00e0 rispetto al 2023. La Lombardia \u00e8 la regione con il maggior numero di punti di ricarica e l&#8217;incremento pi\u00f9 significativo. Napoli \u00e8 la citt\u00e0 con il maggior numero di punti di ricarica per superficie, seguita da Torino e Milano.<span>\u00a0<\/span><strong>L&#8217;estensione<\/strong><span>\u00a0<\/span>dei termini del PNRR e una revisione dei meccanismi di cofinanziamento potrebbero stimolare un aumento della rete di ricarica nelle regioni del Centro e del Mezzogiorno. I punti di ricarica lungo le autostrade sono 1.087, mentre considerando quelli entro 3 km dalle uscite si raggiungono i 3.447. L&#8217;Italia ha gi\u00e0<span>\u00a0<\/span><strong>raggiunto<\/strong><span>\u00a0<\/span>il 75-80% degli obiettivi europei e si posiziona davanti a Francia, Germania e Regno Unito per quanto riguarda il rapporto tra punti di ricarica e veicoli elettrici. Nel 2024 sono stati installati 13.713 nuovi punti di ricarica, di cui 4.052 solo nell&#8217;ultimo trimestre.<\/p>\n<p><strong>Fonte Motus-E<\/strong><\/p>\n<p>&nbsp;<\/p>\n<div class=\"group\/conversation-turn relative flex w-full min-w-0 flex-col agent-turn\">\n<div class=\"flex-col gap-1 md:gap-3\">\n<div class=\"flex flex-grow flex-col max-w-full\">\n<div class=\"min-h-[20px] text-message flex w-full flex-col items-end gap-2 whitespace-pre-wrap break-words [.text-message+&amp;]:mt-5 overflow-x-auto\" dir=\"auto\" data-message-author-role=\"assistant\" data-message-id=\"5fb93923-1e75-42bb-9c9f-25fcda90c5be\">\n<div class=\"flex w-full flex-col gap-1 empty:hidden first:pt-[3px]\">\n<div class=\"markdown prose w-full break-words dark:prose-invert light\"><\/div>\n<\/div>\n<\/div>\n<\/div>\n<\/div>\n<\/div>\n<p>[\/et_pb_text][et_pb_button button_url=&#8221;https:\/\/classonlus.voxmail.it\/nl\/pv5h3g\/h4r30e\/qucjn\/uf\/9\/aHR0cHM6Ly93d3cubW90dXMtZS5vcmcvbmV3cy1hc3NvY2lhdGl2ZS9hdXRvLWVsZXR0cmljaGUtbGl0YWxpYS1zdXBlcmEtaS02NC0zOTEtcHVudGktZGktcmljYXJpY2EtYS11c28tcHViYmxpY28tdHV0dGktaS1kYXRpLWUtaWwtY29uZnJvbnRvLWNvbi1sZXVyb3BhLw?_d=A2H&#038;_c=ace86029&#8243; url_new_window=&#8221;on&#8221; button_text=&#8221;approfondisci&#8221; button_alignment=&#8221;left&#8221; _builder_version=&#8221;4.24.2&#8243; _module_preset=&#8221;default&#8221; custom_button=&#8221;on&#8221; button_text_size=&#8221;26px&#8221; button_text_color=&#8221;#FFFFFF&#8221; button_bg_color=&#8221;#0C71C3&#8243; button_border_radius=&#8221;10px&#8221; button_font=&#8221;Source Sans Pro|700||on|||||&#8221; global_colors_info=&#8221;{}&#8221;][\/et_pb_button][\/et_pb_column][\/et_pb_row][\/et_pb_section][et_pb_section fb_built=&#8221;1&#8243; _builder_version=&#8221;4.24.2&#8243; _module_preset=&#8221;default&#8221; custom_margin=&#8221;3px|||||&#8221; custom_padding=&#8221;34px|||||&#8221; global_colors_info=&#8221;{}&#8221;][et_pb_row _builder_version=&#8221;4.24.2&#8243; _module_preset=&#8221;default&#8221; custom_padding=&#8221;2px|||||&#8221; global_colors_info=&#8221;{}&#8221;][et_pb_column type=&#8221;4_4&#8243; _builder_version=&#8221;4.24.2&#8243; _module_preset=&#8221;default&#8221; global_colors_info=&#8221;{}&#8221;][et_pb_image src=&#8221;https:\/\/emob-italia.it\/wp-content\/uploads\/2025\/03\/volvoce.png&#8221; title_text=&#8221;volvoce&#8221; _builder_version=&#8221;4.24.2&#8243; _module_preset=&#8221;default&#8221; custom_margin=&#8221;||-21px|||&#8221; global_colors_info=&#8221;{}&#8221;][\/et_pb_image][\/et_pb_column][\/et_pb_row][et_pb_row _builder_version=&#8221;4.24.2&#8243; _module_preset=&#8221;default&#8221; custom_margin=&#8221;|562px||auto||&#8221; custom_padding=&#8221;0px|||0px||&#8221; global_colors_info=&#8221;{}&#8221;][et_pb_column type=&#8221;4_4&#8243; _builder_version=&#8221;4.24.2&#8243; _module_preset=&#8221;default&#8221; global_colors_info=&#8221;{}&#8221;][et_pb_text _builder_version=&#8221;4.24.2&#8243; _module_preset=&#8221;default&#8221; custom_margin=&#8221;||-4px|||&#8221; custom_padding=&#8221;0px||0px|||&#8221; global_colors_info=&#8221;{}&#8221;]<\/p>\n<h1><strong>Il nuovo Volvo EC230 Electric vanta un&#8217;operativit\u00e0 di un giorno intero<\/strong><\/h1>\n<p>La<span>\u00a0<\/span><strong>tecnologia<\/strong><span>\u00a0<\/span>avanzata che sta alla base della nuova generazione dell&#8217;escavatore EC230 Electric da 23 tonnellate di Volvo Construction Equipment (Volvo CE) offre ai<span>\u00a0<\/span><strong>clienti<\/strong><span>\u00a0<\/span>il doppio delle ore di<span>\u00a0<\/span><strong>funzionamento<\/strong><span>\u00a0<\/span>che caratterizzavano il suo predecessore.<\/p>\n<p><strong>Fonte Volvo CE<\/strong><\/p>\n<p>&nbsp;<\/p>\n<div class=\"group\/conversation-turn relative flex w-full min-w-0 flex-col agent-turn\">\n<div class=\"flex-col gap-1 md:gap-3\">\n<div class=\"flex flex-grow flex-col max-w-full\">\n<div class=\"min-h-[20px] text-message flex w-full flex-col items-end gap-2 whitespace-pre-wrap break-words [.text-message+&amp;]:mt-5 overflow-x-auto\" dir=\"auto\" data-message-author-role=\"assistant\" data-message-id=\"5fb93923-1e75-42bb-9c9f-25fcda90c5be\">\n<div class=\"flex w-full flex-col gap-1 empty:hidden first:pt-[3px]\">\n<div class=\"markdown prose w-full break-words dark:prose-invert light\"><\/div>\n<\/div>\n<\/div>\n<\/div>\n<\/div>\n<\/div>\n<p>[\/et_pb_text][et_pb_button button_url=&#8221;https:\/\/classonlus.voxmail.it\/nl\/pv5h3g\/h4r30e\/qucjn\/uf\/10\/aHR0cHM6Ly93d3cudm9sdm9jZS5jb20vaXRhbGlhL2l0LWl0L2Fib3V0LXVzL25ld3MvMjAyNS91cGRhdGVkLXZvbHZvLWVjMjMwLWVsZWN0cmljLWJvYXN0cy1mdWxsLWRheS1vcGVyYXRpb24v?_d=A2H&#038;_c=dc1a1eee&#8221; url_new_window=&#8221;on&#8221; button_text=&#8221;approfondisci&#8221; button_alignment=&#8221;left&#8221; _builder_version=&#8221;4.24.2&#8243; _module_preset=&#8221;default&#8221; custom_button=&#8221;on&#8221; button_text_size=&#8221;26px&#8221; button_text_color=&#8221;#FFFFFF&#8221; button_bg_color=&#8221;#0C71C3&#8243; button_border_radius=&#8221;10px&#8221; button_font=&#8221;Source Sans Pro|700||on|||||&#8221; global_colors_info=&#8221;{}&#8221;][\/et_pb_button][\/et_pb_column][\/et_pb_row][\/et_pb_section][et_pb_section fb_built=&#8221;1&#8243; _builder_version=&#8221;4.24.2&#8243; _module_preset=&#8221;default&#8221; custom_margin=&#8221;3px|||||&#8221; custom_padding=&#8221;34px|||||&#8221; global_colors_info=&#8221;{}&#8221;][et_pb_row _builder_version=&#8221;4.24.2&#8243; _module_preset=&#8221;default&#8221; custom_padding=&#8221;2px|||||&#8221; global_colors_info=&#8221;{}&#8221;][et_pb_column type=&#8221;4_4&#8243; _builder_version=&#8221;4.24.2&#8243; _module_preset=&#8221;default&#8221; global_colors_info=&#8221;{}&#8221;][et_pb_image src=&#8221;https:\/\/emob-italia.it\/wp-content\/uploads\/2025\/03\/bet.png&#8221; title_text=&#8221;bet&#8221; _builder_version=&#8221;4.24.2&#8243; _module_preset=&#8221;default&#8221; custom_margin=&#8221;||-21px|||&#8221; global_colors_info=&#8221;{}&#8221;][\/et_pb_image][\/et_pb_column][\/et_pb_row][et_pb_row _builder_version=&#8221;4.24.2&#8243; _module_preset=&#8221;default&#8221; custom_margin=&#8221;|562px||auto||&#8221; custom_padding=&#8221;0px|||0px||&#8221; global_colors_info=&#8221;{}&#8221;][et_pb_column type=&#8221;4_4&#8243; _builder_version=&#8221;4.24.2&#8243; _module_preset=&#8221;default&#8221; global_colors_info=&#8221;{}&#8221;][et_pb_text _builder_version=&#8221;4.24.2&#8243; _module_preset=&#8221;default&#8221; custom_margin=&#8221;||-4px|||&#8221; custom_padding=&#8221;0px||0px|||&#8221; global_colors_info=&#8221;{}&#8221;]<\/p>\n<h1><strong>Renault Trucks E-Tech C lancia la betoniera elettrica<\/strong><\/h1>\n<p>Un altro<span>\u00a0<\/span><strong>passaggio<\/strong><span>\u00a0<\/span>\u00e8 l\u2019uso di mezzi di lavoro a emissioni zero. Uno di questi \u00e8 la betoniera elettrica. La nuova arrivata \u00e8 la\u00a0<strong>Renault Trucks E-Tech C<\/strong>.\u00a0Un mezzo di lavoro frutto della sinergia tra i francesi e l\u2019allestitore tedesco\u00a0Schwing Stetter.<\/p>\n<p>Renault Trucks e Schwing Stetter hanno<span>\u00a0<\/span><strong>sviluppato<\/strong><span>\u00a0<\/span>una soluzione elettrica rivoluzionaria: un Renault Trucks E-Tech C 10&#215;4 a cinque assi con betoniera completamente elettrica, capace di trasportare fino a 10m\u00b3 di calcestruzzo.<br \/>Un veicolo<span>\u00a0<\/span><strong>perfetto<\/strong><span>\u00a0<\/span>per aree urbane e cantieri ad accesso limitato, con un\u2019autonomia fino a 140 km. Questa<span>\u00a0<\/span><strong>innovazione<\/strong><span>\u00a0<\/span>unisce efficienza operativa e basse emissioni, rispondendo alle esigenze di produttivit\u00e0 e<span>\u00a0<\/span><strong>sostenibilit\u00e0<\/strong><span>\u00a0<\/span>nel settore del calcestruzzo. Renault Trucks continua a guidare la decarbonizzazione dei trasporti, strutturando soluzioni di trasporto ottimali per ciascuna azienda e riducendo l\u2019impatto ambientale.<\/p>\n<p><strong>Fonte Renault Trucks<\/strong><\/p>\n<p><strong><\/strong><\/p>\n<p>&nbsp;<\/p>\n<div class=\"group\/conversation-turn relative flex w-full min-w-0 flex-col agent-turn\">\n<div class=\"flex-col gap-1 md:gap-3\">\n<div class=\"flex flex-grow flex-col max-w-full\">\n<div class=\"min-h-[20px] text-message flex w-full flex-col items-end gap-2 whitespace-pre-wrap break-words [.text-message+&amp;]:mt-5 overflow-x-auto\" dir=\"auto\" data-message-author-role=\"assistant\" data-message-id=\"5fb93923-1e75-42bb-9c9f-25fcda90c5be\">\n<div class=\"flex w-full flex-col gap-1 empty:hidden first:pt-[3px]\">\n<div class=\"markdown prose w-full break-words dark:prose-invert light\"><\/div>\n<\/div>\n<\/div>\n<\/div>\n<\/div>\n<\/div>\n<p>[\/et_pb_text][et_pb_button button_url=&#8221;https:\/\/classonlus.voxmail.it\/nl\/pv5h3g\/h4r30e\/qucjn\/uf\/11\/aHR0cHM6Ly93d3cubGlua2VkaW4uY29tL3Bvc3RzL3JlbmF1bHQtdHJ1Y2tzLWl0YWxpYV9yZW5hdWx0dHJ1Y2tzLXJlbmF1bHR0cnVja3NpdGFsaWEtc2Nod2luZ3N0ZXR0ZXItYWN0aXZpdHktNzI5OTgzNTQ2ODc0Mzg3MjUxMi00RU50P3V0bV9zb3VyY2U9c2hhcmUmdXRtX21lZGl1bT1tZW1iZXJfZGVza3RvcCZyY209QUNvQUFFaENHZDRCQUMxMHdOczVNcmoxTXR4TjQ4OGFvMGlaaTdR?_d=A2H&#038;_c=78acbc8f&#8221; url_new_window=&#8221;on&#8221; button_text=&#8221;approfondisci&#8221; button_alignment=&#8221;left&#8221; _builder_version=&#8221;4.24.2&#8243; _module_preset=&#8221;default&#8221; custom_button=&#8221;on&#8221; button_text_size=&#8221;26px&#8221; button_text_color=&#8221;#FFFFFF&#8221; button_bg_color=&#8221;#0C71C3&#8243; button_border_radius=&#8221;10px&#8221; button_font=&#8221;Source Sans Pro|700||on|||||&#8221; global_colors_info=&#8221;{}&#8221;][\/et_pb_button][\/et_pb_column][\/et_pb_row][\/et_pb_section]<\/p>\n","protected":false},"excerpt":{"rendered":"<p>Emobility Festival 2025: La 9\u00b0 Conferenza Nazionale sulla Mobilit\u00e0 Elettrica a Milano Dal\u00a029 settembre al 1 ottobre 2025, Milano ospiter\u00e0 la Nona Conferenza Nazionale sulla Mobilit\u00e0 Elettrica \u2013 Emobility Festival 2025, che si terr\u00e0 in\u00a0Piazza Citt\u00e0 di Lombardia. L\u2019evento si conferma come il principale appuntamento per scoprire le ultime novit\u00e0 e innovazioni nel mondo della [&hellip;]<\/p>\n","protected":false},"author":19,"featured_media":65154,"comment_status":"closed","ping_status":"open","sticky":false,"template":"","format":"chat","meta":{"_et_pb_use_builder":"on","_et_pb_old_content":"","_et_gb_content_width":"","_exactmetrics_skip_tracking":false,"_exactmetrics_sitenote_active":false,"_exactmetrics_sitenote_note":"","_exactmetrics_sitenote_category":0,"footnotes":""},"categories":[114],"tags":[],"yoast_head":"<!-- This site is optimized with the Yoast SEO plugin v22.9 - https:\/\/yoast.com\/wordpress\/plugins\/seo\/ -->\n<title>Newsletter Marzo 2025! &#8226; e_mob<\/title>\n<meta name=\"description\" content=\"e_mob \u00e8 il tavolo permanente degli stakeholder della mobilit\u00e0 elettrica in Italia. Organizza ogni anno a Milano la Conferenza Nazionale del settore, nel 2021 in programma dal 16 al 19 ottobre.\" \/>\n<meta name=\"robots\" content=\"index, follow, max-snippet:-1, max-image-preview:large, max-video-preview:-1\" \/>\n<link rel=\"canonical\" href=\"https:\/\/emob-italia.it\/2025\/03\/18\/rassegna-stampa-2\/\" \/>\n<meta property=\"og:locale\" content=\"en_US\" \/>\n<meta property=\"og:type\" content=\"article\" \/>\n<meta property=\"og:title\" content=\"Newsletter Marzo 2025! &#8226; e_mob\" \/>\n<meta property=\"og:description\" content=\"e_mob \u00e8 il tavolo permanente degli stakeholder della mobilit\u00e0 elettrica in Italia. Organizza ogni anno a Milano la Conferenza Nazionale del settore, nel 2021 in programma dal 16 al 19 ottobre.\" \/>\n<meta property=\"og:url\" content=\"https:\/\/emob-italia.it\/2025\/03\/18\/rassegna-stampa-2\/\" \/>\n<meta property=\"og:site_name\" content=\"e_mob\" \/>\n<meta property=\"article:publisher\" content=\"https:\/\/www.facebook.com\/emobitalia\/\" \/>\n<meta property=\"article:published_time\" content=\"2025-03-18T10:56:15+00:00\" \/>\n<meta property=\"article:modified_time\" content=\"2025-03-20T08:30:30+00:00\" \/>\n<meta property=\"og:image\" content=\"https:\/\/emob-italia.it\/wp-content\/uploads\/2025\/03\/linkedin-01.png\" \/>\n\t<meta property=\"og:image:width\" content=\"3508\" \/>\n\t<meta property=\"og:image:height\" content=\"1317\" \/>\n\t<meta property=\"og:image:type\" content=\"image\/png\" \/>\n<meta name=\"author\" content=\"Redazione\" \/>\n<meta name=\"twitter:label1\" content=\"Written by\" \/>\n\t<meta name=\"twitter:data1\" content=\"Redazione\" \/>\n\t<meta name=\"twitter:label2\" content=\"Est. reading time\" \/>\n\t<meta name=\"twitter:data2\" content=\"6 minutes\" \/>\n<script type=\"application\/ld+json\" class=\"yoast-schema-graph\">{\"@context\":\"https:\/\/schema.org\",\"@graph\":[{\"@type\":\"Article\",\"@id\":\"https:\/\/emob-italia.it\/2025\/03\/18\/rassegna-stampa-2\/#article\",\"isPartOf\":{\"@id\":\"https:\/\/emob-italia.it\/2025\/03\/18\/rassegna-stampa-2\/\"},\"author\":{\"name\":\"Redazione\",\"@id\":\"https:\/\/emob-italia.it\/#\/schema\/person\/59871c976b1a5e842e3d0b98901e4f6d\"},\"headline\":\"Newsletter Marzo 2025!\",\"datePublished\":\"2025-03-18T10:56:15+00:00\",\"dateModified\":\"2025-03-20T08:30:30+00:00\",\"mainEntityOfPage\":{\"@id\":\"https:\/\/emob-italia.it\/2025\/03\/18\/rassegna-stampa-2\/\"},\"wordCount\":2482,\"publisher\":{\"@id\":\"https:\/\/emob-italia.it\/#organization\"},\"image\":{\"@id\":\"https:\/\/emob-italia.it\/2025\/03\/18\/rassegna-stampa-2\/#primaryimage\"},\"thumbnailUrl\":\"https:\/\/emob-italia.it\/wp-content\/uploads\/2025\/03\/linkedin-01.png\",\"articleSection\":[\"Notizie Newsletter\"],\"inLanguage\":\"en-US\"},{\"@type\":\"WebPage\",\"@id\":\"https:\/\/emob-italia.it\/2025\/03\/18\/rassegna-stampa-2\/\",\"url\":\"https:\/\/emob-italia.it\/2025\/03\/18\/rassegna-stampa-2\/\",\"name\":\"Newsletter Marzo 2025! &#8226; e_mob\",\"isPartOf\":{\"@id\":\"https:\/\/emob-italia.it\/#website\"},\"primaryImageOfPage\":{\"@id\":\"https:\/\/emob-italia.it\/2025\/03\/18\/rassegna-stampa-2\/#primaryimage\"},\"image\":{\"@id\":\"https:\/\/emob-italia.it\/2025\/03\/18\/rassegna-stampa-2\/#primaryimage\"},\"thumbnailUrl\":\"https:\/\/emob-italia.it\/wp-content\/uploads\/2025\/03\/linkedin-01.png\",\"datePublished\":\"2025-03-18T10:56:15+00:00\",\"dateModified\":\"2025-03-20T08:30:30+00:00\",\"description\":\"e_mob \u00e8 il tavolo permanente degli stakeholder della mobilit\u00e0 elettrica in Italia. Organizza ogni anno a Milano la Conferenza Nazionale del settore, nel 2021 in programma dal 16 al 19 ottobre.\",\"breadcrumb\":{\"@id\":\"https:\/\/emob-italia.it\/2025\/03\/18\/rassegna-stampa-2\/#breadcrumb\"},\"inLanguage\":\"en-US\",\"potentialAction\":[{\"@type\":\"ReadAction\",\"target\":[\"https:\/\/emob-italia.it\/2025\/03\/18\/rassegna-stampa-2\/\"]}]},{\"@type\":\"ImageObject\",\"inLanguage\":\"en-US\",\"@id\":\"https:\/\/emob-italia.it\/2025\/03\/18\/rassegna-stampa-2\/#primaryimage\",\"url\":\"https:\/\/emob-italia.it\/wp-content\/uploads\/2025\/03\/linkedin-01.png\",\"contentUrl\":\"https:\/\/emob-italia.it\/wp-content\/uploads\/2025\/03\/linkedin-01.png\",\"width\":3508,\"height\":1317},{\"@type\":\"BreadcrumbList\",\"@id\":\"https:\/\/emob-italia.it\/2025\/03\/18\/rassegna-stampa-2\/#breadcrumb\",\"itemListElement\":[{\"@type\":\"ListItem\",\"position\":1,\"name\":\"Home\",\"item\":\"https:\/\/emob-italia.it\/en\/\"},{\"@type\":\"ListItem\",\"position\":2,\"name\":\"Newsletter Marzo 2025!\"}]},{\"@type\":\"WebSite\",\"@id\":\"https:\/\/emob-italia.it\/#website\",\"url\":\"https:\/\/emob-italia.it\/\",\"name\":\"e_mob\",\"description\":\"Mobilit\u00e0 Elettrica\",\"publisher\":{\"@id\":\"https:\/\/emob-italia.it\/#organization\"},\"potentialAction\":[{\"@type\":\"SearchAction\",\"target\":{\"@type\":\"EntryPoint\",\"urlTemplate\":\"https:\/\/emob-italia.it\/?s={search_term_string}\"},\"query-input\":\"required name=search_term_string\"}],\"inLanguage\":\"en-US\"},{\"@type\":\"Organization\",\"@id\":\"https:\/\/emob-italia.it\/#organization\",\"name\":\"Class Onlus\",\"url\":\"https:\/\/emob-italia.it\/\",\"logo\":{\"@type\":\"ImageObject\",\"inLanguage\":\"en-US\",\"@id\":\"https:\/\/emob-italia.it\/#\/schema\/logo\/image\/\",\"url\":\"https:\/\/emob-italia.it\/wp-content\/uploads\/2019\/03\/0_CLASS-ONLUS-logo-web.png\",\"contentUrl\":\"https:\/\/emob-italia.it\/wp-content\/uploads\/2019\/03\/0_CLASS-ONLUS-logo-web.png\",\"width\":598,\"height\":202,\"caption\":\"Class Onlus\"},\"image\":{\"@id\":\"https:\/\/emob-italia.it\/#\/schema\/logo\/image\/\"},\"sameAs\":[\"https:\/\/www.facebook.com\/emobitalia\/\",\"https:\/\/www.instagram.com\/e_mob_italia\/\",\"https:\/\/www.linkedin.com\/groups\/12186185\/\",\"https:\/\/www.youtube.com\/channel\/UCvnTcrhggAX_AkFwGxRfqFw\/featured?view_as=subscriber\"]},{\"@type\":\"Person\",\"@id\":\"https:\/\/emob-italia.it\/#\/schema\/person\/59871c976b1a5e842e3d0b98901e4f6d\",\"name\":\"Redazione\",\"image\":{\"@type\":\"ImageObject\",\"inLanguage\":\"en-US\",\"@id\":\"https:\/\/emob-italia.it\/#\/schema\/person\/image\/\",\"url\":\"https:\/\/secure.gravatar.com\/avatar\/5389093e19decc01f17a4f367aa6ce45?s=96&r=g\",\"contentUrl\":\"https:\/\/secure.gravatar.com\/avatar\/5389093e19decc01f17a4f367aa6ce45?s=96&r=g\",\"caption\":\"Redazione\"},\"url\":\"https:\/\/emob-italia.it\/en\/author\/redazione\/\"}]}<\/script>\n<!-- \/ Yoast SEO plugin. -->","yoast_head_json":{"title":"Newsletter Marzo 2025! &#8226; e_mob","description":"e_mob \u00e8 il tavolo permanente degli stakeholder della mobilit\u00e0 elettrica in Italia. Organizza ogni anno a Milano la Conferenza Nazionale del settore, nel 2021 in programma dal 16 al 19 ottobre.","robots":{"index":"index","follow":"follow","max-snippet":"max-snippet:-1","max-image-preview":"max-image-preview:large","max-video-preview":"max-video-preview:-1"},"canonical":"https:\/\/emob-italia.it\/2025\/03\/18\/rassegna-stampa-2\/","og_locale":"en_US","og_type":"article","og_title":"Newsletter Marzo 2025! &#8226; e_mob","og_description":"e_mob \u00e8 il tavolo permanente degli stakeholder della mobilit\u00e0 elettrica in Italia. Organizza ogni anno a Milano la Conferenza Nazionale del settore, nel 2021 in programma dal 16 al 19 ottobre.","og_url":"https:\/\/emob-italia.it\/2025\/03\/18\/rassegna-stampa-2\/","og_site_name":"e_mob","article_publisher":"https:\/\/www.facebook.com\/emobitalia\/","article_published_time":"2025-03-18T10:56:15+00:00","article_modified_time":"2025-03-20T08:30:30+00:00","og_image":[{"width":3508,"height":1317,"url":"https:\/\/emob-italia.it\/wp-content\/uploads\/2025\/03\/linkedin-01.png","type":"image\/png"}],"author":"Redazione","twitter_misc":{"Written by":"Redazione","Est. reading time":"6 minutes"},"schema":{"@context":"https:\/\/schema.org","@graph":[{"@type":"Article","@id":"https:\/\/emob-italia.it\/2025\/03\/18\/rassegna-stampa-2\/#article","isPartOf":{"@id":"https:\/\/emob-italia.it\/2025\/03\/18\/rassegna-stampa-2\/"},"author":{"name":"Redazione","@id":"https:\/\/emob-italia.it\/#\/schema\/person\/59871c976b1a5e842e3d0b98901e4f6d"},"headline":"Newsletter Marzo 2025!","datePublished":"2025-03-18T10:56:15+00:00","dateModified":"2025-03-20T08:30:30+00:00","mainEntityOfPage":{"@id":"https:\/\/emob-italia.it\/2025\/03\/18\/rassegna-stampa-2\/"},"wordCount":2482,"publisher":{"@id":"https:\/\/emob-italia.it\/#organization"},"image":{"@id":"https:\/\/emob-italia.it\/2025\/03\/18\/rassegna-stampa-2\/#primaryimage"},"thumbnailUrl":"https:\/\/emob-italia.it\/wp-content\/uploads\/2025\/03\/linkedin-01.png","articleSection":["Notizie Newsletter"],"inLanguage":"en-US"},{"@type":"WebPage","@id":"https:\/\/emob-italia.it\/2025\/03\/18\/rassegna-stampa-2\/","url":"https:\/\/emob-italia.it\/2025\/03\/18\/rassegna-stampa-2\/","name":"Newsletter Marzo 2025! &#8226; e_mob","isPartOf":{"@id":"https:\/\/emob-italia.it\/#website"},"primaryImageOfPage":{"@id":"https:\/\/emob-italia.it\/2025\/03\/18\/rassegna-stampa-2\/#primaryimage"},"image":{"@id":"https:\/\/emob-italia.it\/2025\/03\/18\/rassegna-stampa-2\/#primaryimage"},"thumbnailUrl":"https:\/\/emob-italia.it\/wp-content\/uploads\/2025\/03\/linkedin-01.png","datePublished":"2025-03-18T10:56:15+00:00","dateModified":"2025-03-20T08:30:30+00:00","description":"e_mob \u00e8 il tavolo permanente degli stakeholder della mobilit\u00e0 elettrica in Italia. Organizza ogni anno a Milano la Conferenza Nazionale del settore, nel 2021 in programma dal 16 al 19 ottobre.","breadcrumb":{"@id":"https:\/\/emob-italia.it\/2025\/03\/18\/rassegna-stampa-2\/#breadcrumb"},"inLanguage":"en-US","potentialAction":[{"@type":"ReadAction","target":["https:\/\/emob-italia.it\/2025\/03\/18\/rassegna-stampa-2\/"]}]},{"@type":"ImageObject","inLanguage":"en-US","@id":"https:\/\/emob-italia.it\/2025\/03\/18\/rassegna-stampa-2\/#primaryimage","url":"https:\/\/emob-italia.it\/wp-content\/uploads\/2025\/03\/linkedin-01.png","contentUrl":"https:\/\/emob-italia.it\/wp-content\/uploads\/2025\/03\/linkedin-01.png","width":3508,"height":1317},{"@type":"BreadcrumbList","@id":"https:\/\/emob-italia.it\/2025\/03\/18\/rassegna-stampa-2\/#breadcrumb","itemListElement":[{"@type":"ListItem","position":1,"name":"Home","item":"https:\/\/emob-italia.it\/en\/"},{"@type":"ListItem","position":2,"name":"Newsletter Marzo 2025!"}]},{"@type":"WebSite","@id":"https:\/\/emob-italia.it\/#website","url":"https:\/\/emob-italia.it\/","name":"e_mob","description":"Mobilit\u00e0 Elettrica","publisher":{"@id":"https:\/\/emob-italia.it\/#organization"},"potentialAction":[{"@type":"SearchAction","target":{"@type":"EntryPoint","urlTemplate":"https:\/\/emob-italia.it\/?s={search_term_string}"},"query-input":"required name=search_term_string"}],"inLanguage":"en-US"},{"@type":"Organization","@id":"https:\/\/emob-italia.it\/#organization","name":"Class Onlus","url":"https:\/\/emob-italia.it\/","logo":{"@type":"ImageObject","inLanguage":"en-US","@id":"https:\/\/emob-italia.it\/#\/schema\/logo\/image\/","url":"https:\/\/emob-italia.it\/wp-content\/uploads\/2019\/03\/0_CLASS-ONLUS-logo-web.png","contentUrl":"https:\/\/emob-italia.it\/wp-content\/uploads\/2019\/03\/0_CLASS-ONLUS-logo-web.png","width":598,"height":202,"caption":"Class Onlus"},"image":{"@id":"https:\/\/emob-italia.it\/#\/schema\/logo\/image\/"},"sameAs":["https:\/\/www.facebook.com\/emobitalia\/","https:\/\/www.instagram.com\/e_mob_italia\/","https:\/\/www.linkedin.com\/groups\/12186185\/","https:\/\/www.youtube.com\/channel\/UCvnTcrhggAX_AkFwGxRfqFw\/featured?view_as=subscriber"]},{"@type":"Person","@id":"https:\/\/emob-italia.it\/#\/schema\/person\/59871c976b1a5e842e3d0b98901e4f6d","name":"Redazione","image":{"@type":"ImageObject","inLanguage":"en-US","@id":"https:\/\/emob-italia.it\/#\/schema\/person\/image\/","url":"https:\/\/secure.gravatar.com\/avatar\/5389093e19decc01f17a4f367aa6ce45?s=96&r=g","contentUrl":"https:\/\/secure.gravatar.com\/avatar\/5389093e19decc01f17a4f367aa6ce45?s=96&r=g","caption":"Redazione"},"url":"https:\/\/emob-italia.it\/en\/author\/redazione\/"}]}},"_links":{"self":[{"href":"https:\/\/emob-italia.it\/en\/wp-json\/wp\/v2\/posts\/65148"}],"collection":[{"href":"https:\/\/emob-italia.it\/en\/wp-json\/wp\/v2\/posts"}],"about":[{"href":"https:\/\/emob-italia.it\/en\/wp-json\/wp\/v2\/types\/post"}],"author":[{"embeddable":true,"href":"https:\/\/emob-italia.it\/en\/wp-json\/wp\/v2\/users\/19"}],"replies":[{"embeddable":true,"href":"https:\/\/emob-italia.it\/en\/wp-json\/wp\/v2\/comments?post=65148"}],"version-history":[{"count":6,"href":"https:\/\/emob-italia.it\/en\/wp-json\/wp\/v2\/posts\/65148\/revisions"}],"predecessor-version":[{"id":65164,"href":"https:\/\/emob-italia.it\/en\/wp-json\/wp\/v2\/posts\/65148\/revisions\/65164"}],"wp:featuredmedia":[{"embeddable":true,"href":"https:\/\/emob-italia.it\/en\/wp-json\/wp\/v2\/media\/65154"}],"wp:attachment":[{"href":"https:\/\/emob-italia.it\/en\/wp-json\/wp\/v2\/media?parent=65148"}],"wp:term":[{"taxonomy":"category","embeddable":true,"href":"https:\/\/emob-italia.it\/en\/wp-json\/wp\/v2\/categories?post=65148"},{"taxonomy":"post_tag","embeddable":true,"href":"https:\/\/emob-italia.it\/en\/wp-json\/wp\/v2\/tags?post=65148"}],"curies":[{"name":"wp","href":"https:\/\/api.w.org\/{rel}","templated":true}]}}