{"id":65070,"date":"2024-12-03T12:46:30","date_gmt":"2024-12-03T11:46:30","guid":{"rendered":"https:\/\/emob-italia.it\/?p=65070"},"modified":"2025-01-16T12:11:01","modified_gmt":"2025-01-16T11:11:01","slug":"convegni-e_mob-2024","status":"publish","type":"post","link":"https:\/\/emob-italia.it\/en\/2024\/12\/03\/convegni-e_mob-2024\/","title":{"rendered":"Convegni e_mob 2024"},"content":{"rendered":"<p>[et_pb_section fb_built=&#8221;1&#8243; _builder_version=&#8221;4.24.2&#8243; _module_preset=&#8221;default&#8221; custom_padding=&#8221;18px||0px|||&#8221; global_colors_info=&#8221;{}&#8221;][et_pb_row _builder_version=&#8221;4.24.2&#8243; _module_preset=&#8221;default&#8221; custom_margin=&#8221;|auto|-16px|auto||&#8221; custom_padding=&#8221;1px||45px|||&#8221; global_colors_info=&#8221;{}&#8221;][et_pb_column type=&#8221;4_4&#8243; _builder_version=&#8221;4.24.2&#8243; _module_preset=&#8221;default&#8221; global_colors_info=&#8221;{}&#8221;][et_pb_image src=&#8221;https:\/\/emob-italia.it\/wp-content\/uploads\/2024\/12\/1.png&#8221; title_text=&#8221;1&#8243; _builder_version=&#8221;4.24.2&#8243; _module_preset=&#8221;default&#8221; custom_margin=&#8221;-9px|||||&#8221; custom_padding=&#8221;0px|||||&#8221; global_colors_info=&#8221;{}&#8221;][\/et_pb_image][et_pb_text _builder_version=&#8221;4.24.2&#8243; _module_preset=&#8221;default&#8221; global_colors_info=&#8221;{}&#8221;]<\/p>\n<h4><strong>10:00 \u2013 13:00 Sala Colonne<\/strong><br \/>\n<strong>Tavola rotonda<\/strong><br \/>\n<strong>\u201cNuove forme di mobilit\u00e0 e automotive: come affrontare il cambiamento in atto nell&#8217;evoluzione<\/strong><br \/>\n<strong>delle competenze\u201d<\/strong><\/h4>\n<p>L&#8217;avvio del Patto Territoriale sulla mobilit\u00e0 sostenibile<br \/>\nCoordina: <strong>Camillo Piazza<\/strong> \u2013 Presidente Class Onlus<br \/>\nInterventi:<br \/>\n<strong>Andrea Dellabianca<\/strong> \u2013 Membro di giunta della Camera di Commercio Milano Monza Brianza Lodi e<br \/>\nPresidente Formaper<br \/>\n<strong>Leonardo Artico<\/strong> \u2013 Responsabile Area Industry and Skills Development &#8211; MOTUS-E<br \/>\n<strong>Cristiano Arrigoni<\/strong> \u2013 Direttore Bergamo Sviluppo<br \/>\n<strong>Mirko Dolzadelli<\/strong> \u2013 Segretario generale FIM &#8211; Cisl Lombardia<\/p>\n<p><strong>Luca Stanzione<\/strong> \u2013 Segretario generale CGIL Milano<br \/>\n<strong>Diego Montrone<\/strong> \u2013 Presidente Galdus<br \/>\n[\/et_pb_text][et_pb_button button_url=&#8221;https:\/\/drive.google.com\/file\/d\/1f9ecUJ_XvLAwj4hNwcStLwQ8RfIdTWOo\/view?usp=sharing&#8221; button_text=&#8221;Guarda Il Convegno&#8221; _builder_version=&#8221;4.24.2&#8243; _module_preset=&#8221;default&#8221; custom_button=&#8221;on&#8221; button_text_size=&#8221;21px&#8221; button_text_color=&#8221;#FFFFFF&#8221; button_bg_color=&#8221;#E09900&#8243; custom_padding=&#8221;6px|||||&#8221; global_colors_info=&#8221;{}&#8221;][\/et_pb_button][et_pb_text _builder_version=&#8221;4.24.2&#8243; _module_preset=&#8221;default&#8221; global_colors_info=&#8221;{}&#8221;]<\/p>\n<h4><b>14:00 \u2013 16:00 Sala Colonne<\/b><br \/>\n<strong>Tavola rotonda<\/strong><br \/>\n<strong>\u201cLe regioni sullo sviluppo delle infrastrutture di ricarica e le politiche dei piani regionali per la qualit\u00e0 dell&#8217;aria<\/strong><b>\u201d<\/b><\/h4>\n<p>&nbsp;<\/p>\n<p>Coordina: <strong>Francesco Naso<\/strong> \u2013 Segretario Generale Motus-E<br \/>\nInterventi:<br \/>\n<strong>Gianluca Gurrieri<\/strong> \u2013 Direttore Generale Ambiente e Clima Regione Lombardia<br \/>\n<strong>Tommaso Simeoni<\/strong> \u2013 Coordinamento Settore Trasporti, infrastrutture e mobilit\u00e0 sostenibile Regione Emilia &#8211; Romagna<\/p>\n<p><strong>Milena Orso Giacone<\/strong> \u2013 Funzionario Dipartimento Ambientale Regione Piemonte<br \/>\n[\/et_pb_text][\/et_pb_column][\/et_pb_row][\/et_pb_section][et_pb_section fb_built=&#8221;1&#8243; _builder_version=&#8221;4.24.2&#8243; _module_preset=&#8221;default&#8221; custom_padding=&#8221;1px||3px|||&#8221; global_colors_info=&#8221;{}&#8221;][et_pb_row _builder_version=&#8221;4.24.2&#8243; _module_preset=&#8221;default&#8221; custom_padding=&#8221;0px||2px|||&#8221; global_colors_info=&#8221;{}&#8221;][et_pb_column type=&#8221;4_4&#8243; _builder_version=&#8221;4.24.2&#8243; _module_preset=&#8221;default&#8221; global_colors_info=&#8221;{}&#8221;][et_pb_button button_url=&#8221;https:\/\/drive.google.com\/file\/d\/1hdFv9bewL_DNVb7cKqrR3s6D1WTz0kgo\/view?usp=sharing&#8221; button_text=&#8221;Guarda Il Convegno&#8221; _builder_version=&#8221;4.24.2&#8243; _module_preset=&#8221;default&#8221; custom_button=&#8221;on&#8221; button_text_size=&#8221;21px&#8221; button_text_color=&#8221;#FFFFFF&#8221; button_bg_color=&#8221;#E09900&#8243; custom_padding=&#8221;6px|||||&#8221; global_colors_info=&#8221;{}&#8221;][\/et_pb_button][\/et_pb_column][\/et_pb_row][et_pb_row _builder_version=&#8221;4.24.2&#8243; _module_preset=&#8221;default&#8221; custom_padding=&#8221;0px||2px|||&#8221; global_colors_info=&#8221;{}&#8221;][et_pb_column type=&#8221;4_4&#8243; _builder_version=&#8221;4.24.2&#8243; _module_preset=&#8221;default&#8221; global_colors_info=&#8221;{}&#8221;][et_pb_text _builder_version=&#8221;4.24.2&#8243; _module_preset=&#8221;default&#8221; global_colors_info=&#8221;{}&#8221;]<\/p>\n<h4><b>14:00 \u2013 16:00 Sala Esposizioni<\/b><\/h4>\n<h4><b>Convegno<\/b><\/h4>\n<h4><b>\u201cPianificare e gestire l\u2019infrastruttura di ricarica pubblica: il punto delle Amministrazioni e degli<\/b><\/h4>\n<h4><b>operatori su nuovi indirizzi, regolamenti e soluzioni tecnologiche\u201d<\/b><\/h4>\n<p>&nbsp;<\/p>\n<p>Coordina: <strong>Filippo Colzi<\/strong> \u2013 Capo progetto Mobilit\u00e0 sostenibile &#8211; RSE<\/p>\n<p>Interventi:<\/p>\n<p><strong>Giovanni Bassi<\/strong> \u2013 Head of Sales &amp; Business Development A2A E-Mobility<\/p>\n<p><strong>Federico Confalonieri<\/strong> \u2013 Responsabile Unit\u00e0 Mobilit\u00e0 Sostenibile &#8211; Comune di Milano<\/p>\n<p><strong>Roberto Colicchio<\/strong> \u2013 Head of Business Development Be Charge<\/p>\n<p><strong>Gabriele Tuccillo<\/strong> \u2013 CEO Atlante Italia<br \/>\n[\/et_pb_text][et_pb_button button_text=&#8221;Guarda Il Convegno&#8221; _builder_version=&#8221;4.24.2&#8243; _module_preset=&#8221;default&#8221; custom_button=&#8221;on&#8221; button_text_size=&#8221;21px&#8221; button_text_color=&#8221;#FFFFFF&#8221; button_bg_color=&#8221;#E09900&#8243; custom_padding=&#8221;6px|||||&#8221; locked=&#8221;off&#8221; global_colors_info=&#8221;{}&#8221;][\/et_pb_button][et_pb_text _builder_version=&#8221;4.24.2&#8243; _module_preset=&#8221;default&#8221; locked=&#8221;off&#8221; global_colors_info=&#8221;{}&#8221;]<\/p>\n<h4><b>16:00 \u2013 18:00 Sala Colonne<\/b><\/h4>\n<h4><b>Workshop<\/b><\/h4>\n<h4><b>\u201cLe nuove frontiere del trasporto elettrico (mezzi a decollo verticale, mobilit\u00e0 nautica<\/b><\/h4>\n<h4><b>elettriche)\u201d<\/b><\/h4>\n<p>&nbsp;<\/p>\n<p>Coordina: <strong>Gianluca Bertazzoli<\/strong> \u2013 Direttore e_mob<\/p>\n<p>Interventi:<\/p>\n<p><strong>Giuseppe Mauri<\/strong> \u2013 Responsabile ricerca ICT e E-Mobility &#8211; RSE<\/p>\n<p><strong>Paolo Cappello<\/strong> \u2013 Advanced Air Mobility Business Unit Director &#8211; SEA<\/p>\n<p><strong>Mauro Guerra<\/strong> \u2013 Presidente regionale ANCI Lombardia e Sindaco di Tremezzina<\/p>\n<p><strong>Paolo Mazzucchelli<\/strong> \u2013 Direttore Tecnico Gestione Governativa Navigazione Laghi Maggiore Garda Como<\/p>\n<p><strong>Franco Lucente<\/strong> \u2013 Assessore ai Trasporti e Mobilit\u00e0 sostenibile &#8211; Regione Lombardia<\/p>\n<p>[\/et_pb_text][et_pb_button button_url=&#8221;https:\/\/drive.google.com\/file\/d\/1fHDg3GvjEaB9nQALORK0_Ly0chNLz8Zr\/view?usp=sharing&#8221; button_text=&#8221;Guarda Il Convegno&#8221; _builder_version=&#8221;4.24.2&#8243; _module_preset=&#8221;default&#8221; custom_button=&#8221;on&#8221; button_text_size=&#8221;21px&#8221; button_text_color=&#8221;#FFFFFF&#8221; button_bg_color=&#8221;#E09900&#8243; custom_padding=&#8221;6px|||||&#8221; global_colors_info=&#8221;{}&#8221;][\/et_pb_button][\/et_pb_column][\/et_pb_row][et_pb_row _builder_version=&#8221;4.24.2&#8243; _module_preset=&#8221;default&#8221; global_colors_info=&#8221;{}&#8221;][et_pb_column type=&#8221;4_4&#8243; _builder_version=&#8221;4.24.2&#8243; _module_preset=&#8221;default&#8221; global_colors_info=&#8221;{}&#8221;][et_pb_image src=&#8221;https:\/\/emob-italia.it\/wp-content\/uploads\/2024\/12\/2.png&#8221; title_text=&#8221;2&#8243; _builder_version=&#8221;4.24.2&#8243; _module_preset=&#8221;default&#8221; global_colors_info=&#8221;{}&#8221;][\/et_pb_image][\/et_pb_column][\/et_pb_row][et_pb_row _builder_version=&#8221;4.24.2&#8243; _module_preset=&#8221;default&#8221; custom_padding=&#8221;0px||2px|||&#8221; global_colors_info=&#8221;{}&#8221;][et_pb_column type=&#8221;4_4&#8243; _builder_version=&#8221;4.24.2&#8243; _module_preset=&#8221;default&#8221; global_colors_info=&#8221;{}&#8221;][et_pb_text _builder_version=&#8221;4.24.2&#8243; _module_preset=&#8221;default&#8221; global_colors_info=&#8221;{}&#8221;]<\/p>\n<h4><b>9:30 \u2013 11:00 Sala Colonne<\/b><\/h4>\n<h4><b>Convegno<\/b><\/h4>\n<h4><b>\u201cAggiornamento sugli strumenti per la transizione in elettrico del trasporto \u2013 I certificati bianchi<\/b><\/h4>\n<h4><b>e i sistemi di ricarica per i mezzi del trasporto merci\u201d<\/b><\/h4>\n<p>&nbsp;<\/p>\n<p>Saluti di <strong>Carlotta Penati<\/strong> \u2013 Presidente Ordine degli Ingegneri di Milano<\/p>\n<p>Coordina: <strong>Giuseppe Mauri<\/strong> \u2013 Responsabile ricerca ICT e E-Mobility &#8211; RSE<\/p>\n<p>Interventi:<\/p>\n<p><strong>Davide Valenzano<\/strong> \u2013 Responsabile Unit\u00e0 Attivit\u00e0 Regolatorie &#8211; GSE<\/p>\n<p><strong>Carlo Prelli<\/strong> \u2013 Direttore tecnico Class Onlus<\/p>\n<p>[\/et_pb_text][et_pb_button button_url=&#8221;https:\/\/drive.google.com\/file\/d\/1HzrOCVLRDYZBzMQlNJ2t4kSPMZ3A36BV\/view?usp=sharing&#8221; button_text=&#8221;Slide Carlo Prelli&#8221; _builder_version=&#8221;4.24.2&#8243; _module_preset=&#8221;default&#8221; custom_button=&#8221;on&#8221; button_text_size=&#8221;15px&#8221; button_text_color=&#8221;#FFFFFF&#8221; button_bg_color=&#8221;#0C71C3&#8243; custom_padding=&#8221;4px|||||&#8221; hover_enabled=&#8221;0&#8243; locked=&#8221;off&#8221; global_colors_info=&#8221;{}&#8221; sticky_enabled=&#8221;0&#8243; button_bg_enable_color=&#8221;on&#8221;][\/et_pb_button][et_pb_text _builder_version=&#8221;4.24.2&#8243; _module_preset=&#8221;default&#8221; global_colors_info=&#8221;{}&#8221;]<\/p>\n<p><strong>Andrea Rossini<\/strong> \u2013 Energy Transition Manager, Renault Trucks Italia<\/p>\n<p><strong>Marco Bonaveglio<\/strong> \u2013 Direttore Commerciale, Renault Trucks Italia<\/p>\n<p>[\/et_pb_text][et_pb_button button_url=&#8221;https:\/\/drive.google.com\/file\/d\/1PNfF6k5SXgQ9PfF07Y9CC9iZ758TjHBE\/view?usp=sharing&#8221; button_text=&#8221;Guarda Il Convegno&#8221; _builder_version=&#8221;4.24.2&#8243; _module_preset=&#8221;default&#8221; custom_button=&#8221;on&#8221; button_text_size=&#8221;21px&#8221; button_text_color=&#8221;#FFFFFF&#8221; button_bg_color=&#8221;#E09900&#8243; custom_padding=&#8221;6px|||||&#8221; global_colors_info=&#8221;{}&#8221;][\/et_pb_button][et_pb_text _builder_version=&#8221;4.24.2&#8243; _module_preset=&#8221;default&#8221; locked=&#8221;off&#8221; global_colors_info=&#8221;{}&#8221;]<\/p>\n<h4><b>11:00 \u2013 13:00 Sala Colonne<\/b><\/h4>\n<h4><b>Convegno a cura di RSE \u2013 GSE<\/b><\/h4>\n<h4><b>\u201cSulla strada della sostenibilit\u00e0: la sfida internazionale dell\u2019elettrificazione del trasporto merci<\/b><\/h4>\n<h4><b>su gomma\u201d<\/b><\/h4>\n<p>&nbsp;<\/p>\n<p>Modera:<strong> Massimo De Donato<\/strong> \u2013 giornalista, autore e conduttore Radio 24<\/p>\n<p>Interventi:<\/p>\n<p><strong>Giuseppe Mauri<\/strong>, Capogruppo di Ricerca RSE, Dipartimento Tecnologie di Trasmissione e Distribuzione<\/p>\n<p><em><strong>\u201cElettrificazione del trasporto merci pesante e infrastrutture di ricarica\u201d.<\/strong><\/em><\/p>\n<p><strong>Mario Spagnoli,<\/strong> Responsabile Mobilit\u00e0 Sostenibile GSE<\/p>\n<p><em><strong>\u201cLa Piattaforma Unica Nazionale dei punti di ricarica per i veicoli elettrici\u201d<\/strong><\/em><\/p>\n<p><strong>Fabrizio Ciaralli<\/strong> \u2013 Head of Tech Products at Amazon<\/p>\n<p><em><strong>\u201cCHALET, uno strumento open source per supportare l\u2019industria, le Istituzioni e gli operatori<\/strong><\/em><\/p>\n<p><em><strong>nel pianificare le infrastrutture di ricarica per il trasporto pesante in Europa\u201d<\/strong><\/em><\/p>\n<p><strong>Segue tavola rotonda:<\/strong><\/p>\n<p><em><strong>\u201cTransizione in elettrico del trasporto pesante\u201d<\/strong><\/em><\/p>\n<p><strong>Lorenzo Barbo<\/strong> \u2013 Amministratore delegato AMAZON ITALIA LOGISTICA<\/p>\n<p>Le esigenze degli operatori e le sfide della mobilit\u00e0 sostenibile<\/p>\n<p><strong>Gianluigi Iacobone<\/strong> \u2013 Direttore Studi e strategie di Autostrade per l\u2019Italia<\/p>\n<p>I piani di sviluppo delle infrastrutture di ricarica elettrica sulla rete autostradale TEN-T<\/p>\n<p><strong>Mauro Giancaspro<\/strong> \u2013 Direttore Technology, Innovation &amp;amp; Digital Spoke di Anas S.p.A.<\/p>\n<p>I piani di sviluppo delle infrastrutture di ricarica elettrica sulla rete stradale secondaria<\/p>\n<p><strong>Enrico Maria Pujia<\/strong> \u2013 Capo Dipartimento per le infrastrutture e le reti di trasporto, Ministero delle Infrastrutture e dei Trasporti<\/p>\n<p><em><strong>I piani di sviluppo delle infrastrutture di ricarica<\/strong><\/em><\/p>\n<p><strong>Francesco Marzullo<\/strong> \u2013 Head of Integrated Grid Planning and Development Plan Coordination TERNA<\/p>\n<p>Il punto di vista degli operatori delle reti di trasmissione sul futuro della mobilit\u00e0<\/p>\n<p><strong>Franco Cotana<\/strong> \u2013 Amministratore Delegato RSE<\/p>\n<p><em><strong>Il ruolo della ricerca a supporto della transizione energetica<\/strong><\/em><\/p>\n<p>Conclusioni: On. <strong>Alessandro Morelli<\/strong>, Sottosegretario di Stato alla Presidenza del Consiglio dei<\/p>\n<p>Ministri<br \/>\n[\/et_pb_text][et_pb_button button_url=&#8221;https:\/\/drive.google.com\/file\/d\/1fN4rcg_goyLHbZd_k2YaK9gTIdmx47ON\/view?usp=sharing&#8221; button_text=&#8221;Guarda Il Convegno&#8221; _builder_version=&#8221;4.24.2&#8243; _module_preset=&#8221;default&#8221; custom_button=&#8221;on&#8221; button_text_size=&#8221;21px&#8221; button_text_color=&#8221;#FFFFFF&#8221; button_bg_color=&#8221;#E09900&#8243; custom_padding=&#8221;6px|||||&#8221; locked=&#8221;off&#8221; global_colors_info=&#8221;{}&#8221;][\/et_pb_button][et_pb_text _builder_version=&#8221;4.24.2&#8243; _module_preset=&#8221;default&#8221; locked=&#8221;off&#8221; global_colors_info=&#8221;{}&#8221;]<\/p>\n<h4><b>11:00 \u2013 13:00 Sala Esposizioni<\/b><\/h4>\n<h4><b>Seminario<\/b><\/h4>\n<h4><b>\u201cLa Piattaforma Italiana per l&#8217;Economia Circolare (ICESP): Attivit\u00e0, progetti e buone pratiche per<\/b><\/h4>\n<h4><b>la mobilit\u00e0 sostenibile\u201d<\/b><\/h4>\n<p>&nbsp;<\/p>\n<p>Coordinano:<\/p>\n<p><strong>Daniela Fontana<\/strong> \u2013 Solutions Development Manager presso COMAU S.P.A.<\/p>\n<p><strong>Pier Luigi Porta<\/strong> \u2013 Ricercatore Laboratorio Strumenti per la Sostenibilit\u00e0 e Circolarit\u00e0 di Sistemi Produttivi e Territoriali ENEA<\/p>\n<p>Prima parte:<\/p>\n<p><strong>Roberta De Carolis<\/strong> \u2013 Ricercatore presso &#8211; ENEA<\/p>\n<p><em><strong>\u201cRisultati del Rapporto sulle Materie Prime Critiche ICESP\u201d<\/strong><\/em><\/p>\n<p><strong>Luigi De Rocchi<\/strong> \u2013 R&amp;D Manager presso Haiki-COBAT<\/p>\n<p><em><strong>\u201cRiciclabilit\u00e0 e potenziali di recupero delle batterie\u201d<\/strong><\/em><\/p>\n<p><strong>Camilla Colucci<\/strong> \u2013 Co-founder e CEO &#8211; Circularity<\/p>\n<p><em><strong>\u201cFine vita delle auto in ottica Economia Circolare: riuso e riciclabilit\u00e0 di componenti\u201d<\/strong><\/em><\/p>\n<p>Casi Studio:<\/p>\n<p><strong>Natascia Andrenacci<\/strong> \u2013 ENEA<\/p>\n<p><em><strong>\u201cStrumenti per il monitoraggio e la pianificazione della mobilit\u00e0 stradale\u201d<\/strong><\/em><\/p>\n<p><strong>Claudio Mingazzini<\/strong> \u2013 ENEA<\/p>\n<p><em><strong>\u201cBox batteria riciclabili e resistenti a fuoco in materiali compositi: vantaggi e applicabilit\u00e0 al <\/strong><\/em><strong>comparto automotive\u201d<\/strong><\/p>\n<p><strong>Marco Bevilacqua<\/strong> \u2013 Reefilla<\/p>\n<p><em><strong>\u201cRigenerazione batterie a fine vita&#8221;<\/strong><\/em><\/p>\n<p><em><strong>Gianluca Nicchi<\/strong> <\/em>\u2013 Manager of Operations and ESG Talet-e<\/p>\n<p>[\/et_pb_text][et_pb_button button_url=&#8221;https:\/\/drive.google.com\/file\/d\/1Pv_OdhzxHCHhgku1OLihyOEKGD1d9ZDN\/view?usp=sharing&#8221; button_text=&#8221;Slide Gianluca Nicchi&#8221; _builder_version=&#8221;4.24.2&#8243; _module_preset=&#8221;default&#8221; custom_button=&#8221;on&#8221; button_text_size=&#8221;15px&#8221; button_text_color=&#8221;#FFFFFF&#8221; button_bg_color=&#8221;#0C71C3&#8243; custom_padding=&#8221;4px|||||&#8221; hover_enabled=&#8221;0&#8243; locked=&#8221;off&#8221; global_colors_info=&#8221;{}&#8221; sticky_enabled=&#8221;0&#8243; button_bg_enable_color=&#8221;on&#8221;][\/et_pb_button][et_pb_text _builder_version=&#8221;4.24.2&#8243; _module_preset=&#8221;default&#8221; locked=&#8221;off&#8221; global_colors_info=&#8221;{}&#8221;]<\/p>\n<p><strong><em>Mattia Gianvincenzi<\/em> <\/strong>\u2013 Dottorando dell\u2019Universit\u00e0 degli studi della Tuscia<\/p>\n<p><em><strong>\u201cEcodesign delle Batterie da Autotrazione: Strumenti Pratici in risposta al Nuovo Battery Regulation\u201d<\/strong><\/em><\/p>\n<p>[\/et_pb_text][et_pb_button button_url=&#8221;https:\/\/docs.google.com\/presentation\/d\/1Wtw0GPX6YpavvYDnfUpNdirODGcGrdpY\/edit?usp=sharing&#038;ouid=100874786609525823309&#038;rtpof=true&#038;sd=true&#8221; button_text=&#8221;Slide Mattia Gianvincenzi&#8221; _builder_version=&#8221;4.24.2&#8243; _module_preset=&#8221;default&#8221; custom_button=&#8221;on&#8221; button_text_size=&#8221;15px&#8221; button_text_color=&#8221;#FFFFFF&#8221; button_bg_color=&#8221;#0C71C3&#8243; custom_padding=&#8221;6px|||||&#8221; hover_enabled=&#8221;0&#8243; locked=&#8221;off&#8221; global_colors_info=&#8221;{}&#8221; sticky_enabled=&#8221;0&#8243; button_bg_enable_color=&#8221;on&#8221;][\/et_pb_button][et_pb_button button_url=&#8221;https:\/\/drive.google.com\/file\/d\/1oScNzTwX8SxAnT3qp6WaKBHH-TXEasCR\/view?usp=sharing&#8221; button_text=&#8221;Guarda Il Convegno&#8221; _builder_version=&#8221;4.24.2&#8243; _module_preset=&#8221;default&#8221; custom_button=&#8221;on&#8221; button_text_size=&#8221;21px&#8221; button_text_color=&#8221;#FFFFFF&#8221; button_bg_color=&#8221;#E09900&#8243; custom_padding=&#8221;6px|||||&#8221; locked=&#8221;off&#8221; global_colors_info=&#8221;{}&#8221;][\/et_pb_button][et_pb_text _builder_version=&#8221;4.24.2&#8243; _module_preset=&#8221;default&#8221; locked=&#8221;off&#8221; global_colors_info=&#8221;{}&#8221;]<\/p>\n<h4><b>14:00 &#8211; 16:00 Sala Esposizioni<\/b><\/h4>\n<h4><b>Workshop<\/b><\/h4>\n<h4><b>MAAS &#8211; Mobility as a service, progettare la mobilit\u00e0 per tutti<\/b><\/h4>\n<h4><b>Mobility as a Service e veicoli a guida autonoma.<\/b><\/h4>\n<p>&nbsp;<\/p>\n<p>Coordina: <strong>Filippo Colzi<\/strong> \u2013 Capo progetto mobilit\u00e0 sostenibile RSE<\/p>\n<p><strong>Prof. Sergio Savaresi<\/strong> \u2013 POLIMI<\/p>\n<p><em><strong>\u201cLa guida autonoma, fattore abilitante della mobilit\u00e0 come servizio\u201d<\/strong><\/em><\/p>\n<p>[\/et_pb_text][et_pb_button button_url=&#8221;https:\/\/docs.google.com\/presentation\/d\/1C7bHh8_ogRURgCNLhtPyTKhNe2xd6Yr8\/edit?usp=sharing&#038;ouid=100874786609525823309&#038;rtpof=true&#038;sd=true&#8221; button_text=&#8221;Slide Prof.Sergio Savaresi&#8221; _builder_version=&#8221;4.24.2&#8243; _module_preset=&#8221;default&#8221; custom_button=&#8221;on&#8221; button_text_size=&#8221;15px&#8221; button_text_color=&#8221;#FFFFFF&#8221; button_bg_color=&#8221;#0C71C3&#8243; custom_padding=&#8221;6px|||||&#8221; hover_enabled=&#8221;0&#8243; locked=&#8221;off&#8221; global_colors_info=&#8221;{}&#8221; sticky_enabled=&#8221;0&#8243; button_bg_enable_color=&#8221;on&#8221;][\/et_pb_button][et_pb_text _builder_version=&#8221;4.24.2&#8243; _module_preset=&#8221;default&#8221; locked=&#8221;off&#8221; global_colors_info=&#8221;{}&#8221;]<\/p>\n<h4><strong style=\"font-size: 14px; color: #666666; font-family: 'Open Sans', Arial, sans-serif;\">Prof. Michele Ottomanelli<\/strong><span style=\"font-size: 14px; color: #666666; font-family: 'Open Sans', Arial, sans-serif;\"> \u2013 POLIBA<\/span><\/h4>\n<p><em><strong>\u201cIl MAAS, una prospettiva per la nuova mobilit\u00e0, esperienze dal MOST\u201d<\/strong><\/em><\/p>\n<p><strong>Prof. Enrico Al Mureden<\/strong> \u2013 UNIBO<\/p>\n<p><em><strong>\u201cLa normativa italiana ed europea alla prova della guida autonoma\u201d<\/strong><\/em><\/p>\n<p><strong>Fabio Paudice<\/strong> \u2013 Milano Serravalle &#8211; Milano Tangenziali S.p.A.<\/p>\n<p><em><strong>&#8220;Green Door &#8211; uno Smart Mobility Hub per MaaS e Guida Autonoma&#8221;.<\/strong><\/em><\/p>\n<p><strong>Emilio Pafumi<\/strong> &#8211; Responsabile Progetti R&amp;D Sustainable Mobility A2A<\/p>\n<p><em><strong>\u201cProgetto A2AUTO (Autonomous Urban Transport Optimization)\u201d<\/strong><\/em><\/p>\n<p>[\/et_pb_text][et_pb_button button_url=&#8221;https:\/\/drive.google.com\/file\/d\/1veJA0vEPt_fm67wSyEPfMtqr8C8WFkAW\/view?usp=sharing&#8221; button_text=&#8221;Guarda Il Convegno&#8221; _builder_version=&#8221;4.24.2&#8243; _module_preset=&#8221;default&#8221; custom_button=&#8221;on&#8221; button_text_size=&#8221;21px&#8221; button_text_color=&#8221;#FFFFFF&#8221; button_bg_color=&#8221;#E09900&#8243; custom_padding=&#8221;6px|||||&#8221; locked=&#8221;off&#8221; global_colors_info=&#8221;{}&#8221;][\/et_pb_button][et_pb_text _builder_version=&#8221;4.24.2&#8243; _module_preset=&#8221;default&#8221; locked=&#8221;off&#8221; global_colors_info=&#8221;{}&#8221;]<\/p>\n<h4><b>14:00 \u2013 16:00 Sala Colonne<\/b><\/h4>\n<h4><b>Workshop<\/b><\/h4>\n<h4><b>\u201cLo sviluppo e le opportunit\u00e0 delle comunit\u00e0 energetiche per i possessori di mezzi elettrici\u201d<\/b><\/h4>\n<p>&nbsp;<\/p>\n<p>Coordina: <strong>Carlo Prelli<\/strong> \u2013 Direttore tecnico di Class Onlus<\/p>\n<p>Interventi:<\/p>\n<p><strong>Valerio Angelucci<\/strong> \u2013 Ricercatore &#8211; RSE<\/p>\n<p><strong>Dino De Simone<\/strong> \u2013 Responsabile Area Tecnica Studi e Strumenti per la Transizione Energetica e la<\/p>\n<p>Decarbonizzazione &#8211; ARIA S.p.A. Lombardia<\/p>\n<p><strong>Alessandro Regge<\/strong> \u2013 Legacoop Responsabile Area Istituzionale di Legacoop Piemonte ed esperto<\/p>\n<p>del settore relativo alle Comunit\u00e0 Energetiche Rinnovabili in chiave cooperativa<br \/>\n[\/et_pb_text][et_pb_button button_url=&#8221;https:\/\/drive.google.com\/file\/d\/1i5A1BG9NFdXpYtK-vWSMEPizQv1DmTSi\/view?usp=sharing&#8221; button_text=&#8221;Slide Alessandro Regge&#8221; _builder_version=&#8221;4.24.2&#8243; _module_preset=&#8221;default&#8221; custom_button=&#8221;on&#8221; button_text_size=&#8221;15px&#8221; button_text_color=&#8221;#FFFFFF&#8221; button_bg_color=&#8221;#0C71C3&#8243; custom_padding=&#8221;6px|||||&#8221; hover_enabled=&#8221;0&#8243; locked=&#8221;off&#8221; global_colors_info=&#8221;{}&#8221; sticky_enabled=&#8221;0&#8243; button_bg_enable_color=&#8221;on&#8221;][\/et_pb_button][et_pb_text _builder_version=&#8221;4.24.2&#8243; _module_preset=&#8221;default&#8221; locked=&#8221;off&#8221; global_colors_info=&#8221;{}&#8221;]<\/p>\n<h4><b>16:00 \u2013 18:00 Sala Colonne<\/b><\/h4>\n<h4><b>Tavola rotonda<\/b><\/h4>\n<h4><b>\u201cLo sviluppo della mobilit\u00e0 elettrica nelle diverse sfaccettature del contesto urbano\u201d<\/b><\/h4>\n<p>&nbsp;<\/p>\n<p>Coordina: <strong>Valentino Sevino<\/strong> \u2013 Direttore Generale AMAT<\/p>\n<p>Interventi:<\/p>\n<p><strong>Federico Confalonieri<\/strong> \u2013 Responsabile Unit\u00e0 Mobilit\u00e0 Sostenibile &#8211; Comune di Milano<\/p>\n<p><strong>Federica Sonni<\/strong> \u2013 Key Account Public Infrastructure Development, A2A E-Mobility<\/p>\n<p><strong>Andros Pugolotti<\/strong> \u2013 Key Account Manager Italy &#8211; Ekoenergetyka<\/p>\n<p><strong>Fabio Mosconi<\/strong> \u2013 Presidente, AIPARK &amp; Antonio Fraccari \u2013 Direttore Generale, ADR Mobility<\/p>\n<p><strong>Francesco Modesti<\/strong> \u2013 Responsabile Controllo Esercizio ATM<\/p>\n<p><strong>Matteo Stillitano<\/strong> \u2013 Responsabile Gruppo Veicoli Elettrici di Ancma<\/p>\n<p><strong>Luca Evangelista<\/strong> \u2013 Sales Director VOLVO CE Italia<\/p>\n<p>[\/et_pb_text][et_pb_button button_url=&#8221;https:\/\/drive.google.com\/file\/d\/1_ylEby1kjJ8ms8iIft_ks3r_z3uq2Ctg\/view?usp=sharing&#8221; button_text=&#8221;Slide Luca Evangelista&#8221; _builder_version=&#8221;4.24.2&#8243; _module_preset=&#8221;default&#8221; custom_button=&#8221;on&#8221; button_text_size=&#8221;15px&#8221; button_text_color=&#8221;#FFFFFF&#8221; button_bg_color=&#8221;#0C71C3&#8243; custom_padding=&#8221;6px|||||&#8221; hover_enabled=&#8221;0&#8243; locked=&#8221;off&#8221; global_colors_info=&#8221;{}&#8221; sticky_enabled=&#8221;0&#8243; button_bg_enable_color=&#8221;on&#8221;][\/et_pb_button][et_pb_text _builder_version=&#8221;4.24.2&#8243; _module_preset=&#8221;default&#8221; locked=&#8221;off&#8221; global_colors_info=&#8221;{}&#8221;]<\/p>\n<p><strong>Gabriele Ferrazzano<\/strong> \u2013 Vicepresidente e responsabile sezione Car Sharing, Assosharing<\/p>\n<p><strong>Sara Dell\u2019Orto<\/strong> &#8211; Country Zero Emission Delivery Project Leader &#8211; IKEA Italia Retail<\/p>\n<p>[\/et_pb_text][et_pb_button button_url=&#8221;https:\/\/drive.google.com\/file\/d\/1zr_u-Lpm54QTVCS6VcZlwl7ZgHK0u-WP\/view?usp=sharing&#8221; button_text=&#8221;Guarda Convegni Conclusivi&#8221; _builder_version=&#8221;4.24.2&#8243; _module_preset=&#8221;default&#8221; custom_button=&#8221;on&#8221; button_text_size=&#8221;21px&#8221; button_text_color=&#8221;#FFFFFF&#8221; button_bg_color=&#8221;#E09900&#8243; custom_padding=&#8221;6px|||||&#8221; locked=&#8221;off&#8221; global_colors_info=&#8221;{}&#8221;][\/et_pb_button][et_pb_image src=&#8221;https:\/\/emob-italia.it\/wp-content\/uploads\/2024\/12\/3-1.png&#8221; title_text=&#8221;3&#8243; _builder_version=&#8221;4.24.2&#8243; _module_preset=&#8221;default&#8221; global_colors_info=&#8221;{}&#8221;][\/et_pb_image][et_pb_text _builder_version=&#8221;4.24.2&#8243; _module_preset=&#8221;default&#8221; locked=&#8221;off&#8221; global_colors_info=&#8221;{}&#8221;]<\/p>\n<h4><strong><span style=\"background-color: #ffffff; font-size: 14px; color: #666666; font-family: 'Open Sans', Arial, sans-serif;\">Tavola rotonda istituzionale e presentazione della carta di e_mob 2024 con i protagonisti<\/span><\/strong><\/h4>\n<p style=\"font-size: 14px; background-color: #ffffff;\"><strong>della mobilit\u00e0 elettrica in Italia.<\/strong><\/p>\n<p style=\"font-size: 14px; background-color: #ffffff;\"><strong>\u00a09:30 \u2013 10:00 Sala Colonne<\/strong><\/p>\n<p style=\"font-size: 14px; background-color: #ffffff;\"><strong>Presentazione della giornata istituzionale<\/strong><\/p>\n<p>&nbsp;<\/p>\n<p><strong>Camilla Colucci<\/strong> \u2013 CEO Circularity<\/p>\n<p>Saluti Istituzionali:<\/p>\n<p>*<strong>Attilio Fontana<\/strong> \u2013 Presidente della Regione Lombardia<\/p>\n<p><strong>Alvise Biffi<\/strong> \u2013 Consigliere Camera di Commercio di Milano Monza Brianza Lodi<\/p>\n<p><strong>Arianna Censi<\/strong> \u2013 Assessora alla mobilit\u00e0 del Comune di Milano<\/p>\n<p><strong>\u00a010:00 \u2013 13:00 Sala Colonne<\/strong><\/p>\n<p>Coordina: <strong>Camillo Piazza<\/strong> \u2013 Presidente Class onlus<\/p>\n<p>Partecipano:<\/p>\n<p><strong>Elio Catania<\/strong> \u2013 Presidente Innovatec S.p.A.<\/p>\n<p><strong>Andrea Destro<\/strong> \u2013 CEO FS Park<\/p>\n<p><strong>Andrea De Bernardi<\/strong> \u2013 Amministratore Delegato Mercitalia Intermodal<\/p>\n<p><strong>Fabio Pressi<\/strong> \u2013 CEO A2A E-Mobility<\/p>\n<p><strong>Miles Parisi<\/strong> \u2013 Direttore ATM Milano<\/p>\n<p><strong>Paolo Martini<\/strong> \u2013 CEO Be Charge, Head E Mobility Recharge Solutions<\/p>\n<p><strong>Simone Tripepi<\/strong> \u2013 Head of Charging Point Operator Italy Enel<\/p>\n<p><strong>Stefano Terranova<\/strong> \u2013 CEO Atlante<\/p>\n<p><strong>Michele Crisci<\/strong> \u2013 Managing Director e Presidente Volvo Car Italia, Presidente UNRAE<\/p>\n<p>Conclusioni:<\/p>\n<p><strong>Paolo Arrigoni<\/strong> \u2013 Presidente GSE<\/p>\n<p><strong>Stefano Saglia<\/strong> \u2013 Componente del collegio ARERA<\/p>\n<p><strong>*On. Edoardo Rixi<\/strong> \u2013 Vice ministro delle infrastrutture e della mobilit\u00e0 sostenibili<br \/>\n[\/et_pb_text][et_pb_button button_url=&#8221;https:\/\/drive.google.com\/file\/d\/17JAjA4xjGJxI6MTtAl8EoSnb7-Ss_V49\/view?usp=sharing&#8221; button_text=&#8221;Guarda Il Convegno&#8221; _builder_version=&#8221;4.24.2&#8243; _module_preset=&#8221;default&#8221; custom_button=&#8221;on&#8221; button_text_size=&#8221;21px&#8221; button_text_color=&#8221;#FFFFFF&#8221; button_bg_color=&#8221;#E09900&#8243; custom_padding=&#8221;6px|||||&#8221; locked=&#8221;off&#8221; global_colors_info=&#8221;{}&#8221;][\/et_pb_button][\/et_pb_column][\/et_pb_row][\/et_pb_section]<\/p>\n","protected":false},"excerpt":{"rendered":"<p>10:00 \u2013 13:00 Sala Colonne Tavola rotonda \u201cNuove forme di mobilit\u00e0 e automotive: come affrontare il cambiamento in atto nell&#8217;evoluzione delle competenze\u201d L&#8217;avvio del Patto Territoriale sulla mobilit\u00e0 sostenibile Coordina: Camillo Piazza \u2013 Presidente Class Onlus Interventi: Andrea Dellabianca \u2013 Membro di giunta della Camera di Commercio Milano Monza Brianza Lodi e Presidente Formaper Leonardo [&hellip;]<\/p>\n","protected":false},"author":19,"featured_media":65124,"comment_status":"closed","ping_status":"open","sticky":false,"template":"","format":"chat","meta":{"_et_pb_use_builder":"on","_et_pb_old_content":"<p>[et_pb_section fb_built=\"1\" _builder_version=\"4.24.2\" _module_preset=\"default\" global_colors_info=\"{}\"][et_pb_row _builder_version=\"4.24.2\" _module_preset=\"default\" custom_margin=\"-58px|auto||auto||\" global_colors_info=\"{}\"][et_pb_column type=\"4_4\" _builder_version=\"4.24.2\" _module_preset=\"default\" global_colors_info=\"{}\"][et_pb_text _builder_version=\"4.24.2\" _module_preset=\"default\" custom_margin=\"||-57px|||\" global_colors_info=\"{}\"]<\/p><p>Oggi, presso la Sala Colonne del Palazzo Giureconsulti a Milano, si \u00e8 svolto un importante workshop dal titolo <strong>\u201cLo sviluppo e le opportunit\u00e0 delle comunit\u00e0 energetiche per i possessori di mezzi elettrici\u201d<\/strong>, un evento che ha offerto un confronto di alto livello sulle sfide e le opportunit\u00e0 legate alle Comunit\u00e0 Energetiche Rinnovabili (CER), con un focus particolare sui benefici per chi utilizza mezzi di trasporto elettrici.<\/p><p>Tra i relatori, Legacoop ha giocato un ruolo di primo piano, con l'intervento di <strong>Alessandro Regge<\/strong>, Responsabile dell'Area Istituzionale di <strong>Legacoop Piemonte<\/strong> ed esperto in Comunit\u00e0 Energetiche Rinnovabili in chiave cooperativa. Regge ha condiviso l'esperienza di Legacoop nel favorire modelli cooperativi di sviluppo per le CER, sottolineando come la cooperazione sia una leva strategica per promuovere la transizione energetica in modo equo e sostenibile. Il suo intervento ha messo in luce i vantaggi di un approccio condiviso nella gestione dell\u2019energia, che permette di coinvolgere attivamente i cittadini e i possessori di veicoli elettrici nel ciclo virtuoso della produzione e consumo energetico da fonti rinnovabili.<\/p><p>Oltre a Regge, il workshop ha visto la partecipazione di esperti e rappresentanti istituzionali del settore. <strong>Valerio Angelucci<\/strong>, ricercatore di <strong>RSE (Ricerca Sistema Energetico)<\/strong>, ha fornito una panoramica sull'evoluzione tecnologica e normativa delle CER, mentre <strong>Dino De Simone<\/strong>, Responsabile dell\u2019Area Tecnica Studi e Strumenti per la Transizione Energetica e la Decarbonizzazione presso <strong>ARIA S.p.A. Lombardia<\/strong>, ha illustrato le strategie regionali per facilitare l'adozione di soluzioni innovative in questo campo.<\/p><p>Il workshop, coordinato da <strong>Carlo Prelli<\/strong>, Direttore Tecnico di <strong>Class Onlus<\/strong>, ha offerto uno spazio di dialogo e scambio tra imprese, istituzioni e il mondo della ricerca, esplorando le potenzialit\u00e0 delle comunit\u00e0 energetiche nel facilitare la mobilit\u00e0 elettrica e l\u2019autosufficienza energetica locale.<\/p><p><strong>Ringraziamenti<\/strong> sono stati rivolti agli organizzatori e partner dell'evento: <strong>RSE<\/strong>, <strong>CLASS Onlus<\/strong>, <strong>ARIA S.p.A. Lombardia <\/strong>e <strong>Legacoop<\/strong>, che hanno contribuito con la loro esperienza e competenza nel campo della transizione energetica e della cooperazione.<\/p><p>In conclusione, il workshop ha rappresentato un\u2019importante tappa nel percorso verso un futuro energetico pi\u00f9 sostenibile, in cui le comunit\u00e0 e i cittadini possono diventare protagonisti attivi della produzione e gestione dell'energia, riducendo l\u2019impatto ambientale e promuovendo l\u2019uso dei veicoli elettrici all'interno di un ecosistema energetico condiviso.<\/p><p><br style=\"font-weight: 400;\" \/><br style=\"font-weight: 400;\" \/><\/p><p>[\/et_pb_text][\/et_pb_column][\/et_pb_row][et_pb_row _builder_version=\"4.24.2\" _module_preset=\"default\" global_colors_info=\"{}\"][et_pb_column type=\"4_4\" _builder_version=\"4.24.2\" _module_preset=\"default\" global_colors_info=\"{}\"][et_pb_image src=\"https:\/\/emob-italia.it\/wp-content\/uploads\/2024\/10\/Copia-di-Aggiungi-un-titolo.png\" title_text=\"Copia di Aggiungi un titolo\" _builder_version=\"4.24.2\" _module_preset=\"default\" global_colors_info=\"{}\"][\/et_pb_image][\/et_pb_column][\/et_pb_row][\/et_pb_section]<\/p>","_et_gb_content_width":"","_exactmetrics_skip_tracking":false,"_exactmetrics_sitenote_active":false,"_exactmetrics_sitenote_note":"","_exactmetrics_sitenote_category":0,"footnotes":""},"categories":[114],"tags":[],"yoast_head":"<!-- This site is optimized with the Yoast SEO plugin v22.9 - https:\/\/yoast.com\/wordpress\/plugins\/seo\/ -->\n<title>Convegni e_mob 2024 &#8226; e_mob<\/title>\n<meta name=\"description\" content=\"e_mob \u00e8 il tavolo permanente degli stakeholder della mobilit\u00e0 elettrica in Italia. Organizza ogni anno a Milano la Conferenza Nazionale del settore, nel 2021 in programma dal 16 al 19 ottobre.\" \/>\n<meta name=\"robots\" content=\"index, follow, max-snippet:-1, max-image-preview:large, max-video-preview:-1\" \/>\n<link rel=\"canonical\" href=\"https:\/\/emob-italia.it\/2024\/12\/03\/convegni-e_mob-2024\/\" \/>\n<meta property=\"og:locale\" content=\"en_US\" \/>\n<meta property=\"og:type\" content=\"article\" \/>\n<meta property=\"og:title\" content=\"Convegni e_mob 2024 &#8226; e_mob\" \/>\n<meta property=\"og:description\" content=\"e_mob \u00e8 il tavolo permanente degli stakeholder della mobilit\u00e0 elettrica in Italia. Organizza ogni anno a Milano la Conferenza Nazionale del settore, nel 2021 in programma dal 16 al 19 ottobre.\" \/>\n<meta property=\"og:url\" content=\"https:\/\/emob-italia.it\/2024\/12\/03\/convegni-e_mob-2024\/\" \/>\n<meta property=\"og:site_name\" content=\"e_mob\" \/>\n<meta property=\"article:publisher\" content=\"https:\/\/www.facebook.com\/emobitalia\/\" \/>\n<meta property=\"article:published_time\" content=\"2024-12-03T11:46:30+00:00\" \/>\n<meta property=\"article:modified_time\" content=\"2025-01-16T11:11:01+00:00\" \/>\n<meta property=\"og:image\" content=\"https:\/\/emob-italia.it\/wp-content\/uploads\/2024\/12\/IMG_0525-scaled.jpg\" \/>\n\t<meta property=\"og:image:width\" content=\"2560\" \/>\n\t<meta property=\"og:image:height\" content=\"1707\" \/>\n\t<meta property=\"og:image:type\" content=\"image\/jpeg\" \/>\n<meta name=\"author\" content=\"Redazione\" \/>\n<meta name=\"twitter:label1\" content=\"Written by\" \/>\n\t<meta name=\"twitter:data1\" content=\"Redazione\" \/>\n\t<meta name=\"twitter:label2\" content=\"Est. reading time\" \/>\n\t<meta name=\"twitter:data2\" content=\"8 minutes\" \/>\n<script type=\"application\/ld+json\" class=\"yoast-schema-graph\">{\"@context\":\"https:\/\/schema.org\",\"@graph\":[{\"@type\":\"Article\",\"@id\":\"https:\/\/emob-italia.it\/2024\/12\/03\/convegni-e_mob-2024\/#article\",\"isPartOf\":{\"@id\":\"https:\/\/emob-italia.it\/2024\/12\/03\/convegni-e_mob-2024\/\"},\"author\":{\"name\":\"Redazione\",\"@id\":\"https:\/\/emob-italia.it\/#\/schema\/person\/59871c976b1a5e842e3d0b98901e4f6d\"},\"headline\":\"Convegni e_mob 2024\",\"datePublished\":\"2024-12-03T11:46:30+00:00\",\"dateModified\":\"2025-01-16T11:11:01+00:00\",\"mainEntityOfPage\":{\"@id\":\"https:\/\/emob-italia.it\/2024\/12\/03\/convegni-e_mob-2024\/\"},\"wordCount\":2712,\"publisher\":{\"@id\":\"https:\/\/emob-italia.it\/#organization\"},\"image\":{\"@id\":\"https:\/\/emob-italia.it\/2024\/12\/03\/convegni-e_mob-2024\/#primaryimage\"},\"thumbnailUrl\":\"https:\/\/emob-italia.it\/wp-content\/uploads\/2024\/12\/IMG_0525-scaled.jpg\",\"articleSection\":[\"Notizie Newsletter\"],\"inLanguage\":\"en-US\"},{\"@type\":\"WebPage\",\"@id\":\"https:\/\/emob-italia.it\/2024\/12\/03\/convegni-e_mob-2024\/\",\"url\":\"https:\/\/emob-italia.it\/2024\/12\/03\/convegni-e_mob-2024\/\",\"name\":\"Convegni e_mob 2024 &#8226; e_mob\",\"isPartOf\":{\"@id\":\"https:\/\/emob-italia.it\/#website\"},\"primaryImageOfPage\":{\"@id\":\"https:\/\/emob-italia.it\/2024\/12\/03\/convegni-e_mob-2024\/#primaryimage\"},\"image\":{\"@id\":\"https:\/\/emob-italia.it\/2024\/12\/03\/convegni-e_mob-2024\/#primaryimage\"},\"thumbnailUrl\":\"https:\/\/emob-italia.it\/wp-content\/uploads\/2024\/12\/IMG_0525-scaled.jpg\",\"datePublished\":\"2024-12-03T11:46:30+00:00\",\"dateModified\":\"2025-01-16T11:11:01+00:00\",\"description\":\"e_mob \u00e8 il tavolo permanente degli stakeholder della mobilit\u00e0 elettrica in Italia. Organizza ogni anno a Milano la Conferenza Nazionale del settore, nel 2021 in programma dal 16 al 19 ottobre.\",\"breadcrumb\":{\"@id\":\"https:\/\/emob-italia.it\/2024\/12\/03\/convegni-e_mob-2024\/#breadcrumb\"},\"inLanguage\":\"en-US\",\"potentialAction\":[{\"@type\":\"ReadAction\",\"target\":[\"https:\/\/emob-italia.it\/2024\/12\/03\/convegni-e_mob-2024\/\"]}]},{\"@type\":\"ImageObject\",\"inLanguage\":\"en-US\",\"@id\":\"https:\/\/emob-italia.it\/2024\/12\/03\/convegni-e_mob-2024\/#primaryimage\",\"url\":\"https:\/\/emob-italia.it\/wp-content\/uploads\/2024\/12\/IMG_0525-scaled.jpg\",\"contentUrl\":\"https:\/\/emob-italia.it\/wp-content\/uploads\/2024\/12\/IMG_0525-scaled.jpg\",\"width\":2560,\"height\":1707},{\"@type\":\"BreadcrumbList\",\"@id\":\"https:\/\/emob-italia.it\/2024\/12\/03\/convegni-e_mob-2024\/#breadcrumb\",\"itemListElement\":[{\"@type\":\"ListItem\",\"position\":1,\"name\":\"Home\",\"item\":\"https:\/\/emob-italia.it\/en\/\"},{\"@type\":\"ListItem\",\"position\":2,\"name\":\"Convegni e_mob 2024\"}]},{\"@type\":\"WebSite\",\"@id\":\"https:\/\/emob-italia.it\/#website\",\"url\":\"https:\/\/emob-italia.it\/\",\"name\":\"e_mob\",\"description\":\"Mobilit\u00e0 Elettrica\",\"publisher\":{\"@id\":\"https:\/\/emob-italia.it\/#organization\"},\"potentialAction\":[{\"@type\":\"SearchAction\",\"target\":{\"@type\":\"EntryPoint\",\"urlTemplate\":\"https:\/\/emob-italia.it\/?s={search_term_string}\"},\"query-input\":\"required name=search_term_string\"}],\"inLanguage\":\"en-US\"},{\"@type\":\"Organization\",\"@id\":\"https:\/\/emob-italia.it\/#organization\",\"name\":\"Class Onlus\",\"url\":\"https:\/\/emob-italia.it\/\",\"logo\":{\"@type\":\"ImageObject\",\"inLanguage\":\"en-US\",\"@id\":\"https:\/\/emob-italia.it\/#\/schema\/logo\/image\/\",\"url\":\"https:\/\/emob-italia.it\/wp-content\/uploads\/2019\/03\/0_CLASS-ONLUS-logo-web.png\",\"contentUrl\":\"https:\/\/emob-italia.it\/wp-content\/uploads\/2019\/03\/0_CLASS-ONLUS-logo-web.png\",\"width\":598,\"height\":202,\"caption\":\"Class Onlus\"},\"image\":{\"@id\":\"https:\/\/emob-italia.it\/#\/schema\/logo\/image\/\"},\"sameAs\":[\"https:\/\/www.facebook.com\/emobitalia\/\",\"https:\/\/www.instagram.com\/e_mob_italia\/\",\"https:\/\/www.linkedin.com\/groups\/12186185\/\",\"https:\/\/www.youtube.com\/channel\/UCvnTcrhggAX_AkFwGxRfqFw\/featured?view_as=subscriber\"]},{\"@type\":\"Person\",\"@id\":\"https:\/\/emob-italia.it\/#\/schema\/person\/59871c976b1a5e842e3d0b98901e4f6d\",\"name\":\"Redazione\",\"image\":{\"@type\":\"ImageObject\",\"inLanguage\":\"en-US\",\"@id\":\"https:\/\/emob-italia.it\/#\/schema\/person\/image\/\",\"url\":\"https:\/\/secure.gravatar.com\/avatar\/5389093e19decc01f17a4f367aa6ce45?s=96&r=g\",\"contentUrl\":\"https:\/\/secure.gravatar.com\/avatar\/5389093e19decc01f17a4f367aa6ce45?s=96&r=g\",\"caption\":\"Redazione\"},\"url\":\"https:\/\/emob-italia.it\/en\/author\/redazione\/\"}]}<\/script>\n<!-- \/ Yoast SEO plugin. -->","yoast_head_json":{"title":"Convegni e_mob 2024 &#8226; e_mob","description":"e_mob \u00e8 il tavolo permanente degli stakeholder della mobilit\u00e0 elettrica in Italia. Organizza ogni anno a Milano la Conferenza Nazionale del settore, nel 2021 in programma dal 16 al 19 ottobre.","robots":{"index":"index","follow":"follow","max-snippet":"max-snippet:-1","max-image-preview":"max-image-preview:large","max-video-preview":"max-video-preview:-1"},"canonical":"https:\/\/emob-italia.it\/2024\/12\/03\/convegni-e_mob-2024\/","og_locale":"en_US","og_type":"article","og_title":"Convegni e_mob 2024 &#8226; e_mob","og_description":"e_mob \u00e8 il tavolo permanente degli stakeholder della mobilit\u00e0 elettrica in Italia. Organizza ogni anno a Milano la Conferenza Nazionale del settore, nel 2021 in programma dal 16 al 19 ottobre.","og_url":"https:\/\/emob-italia.it\/2024\/12\/03\/convegni-e_mob-2024\/","og_site_name":"e_mob","article_publisher":"https:\/\/www.facebook.com\/emobitalia\/","article_published_time":"2024-12-03T11:46:30+00:00","article_modified_time":"2025-01-16T11:11:01+00:00","og_image":[{"width":2560,"height":1707,"url":"https:\/\/emob-italia.it\/wp-content\/uploads\/2024\/12\/IMG_0525-scaled.jpg","type":"image\/jpeg"}],"author":"Redazione","twitter_misc":{"Written by":"Redazione","Est. reading time":"8 minutes"},"schema":{"@context":"https:\/\/schema.org","@graph":[{"@type":"Article","@id":"https:\/\/emob-italia.it\/2024\/12\/03\/convegni-e_mob-2024\/#article","isPartOf":{"@id":"https:\/\/emob-italia.it\/2024\/12\/03\/convegni-e_mob-2024\/"},"author":{"name":"Redazione","@id":"https:\/\/emob-italia.it\/#\/schema\/person\/59871c976b1a5e842e3d0b98901e4f6d"},"headline":"Convegni e_mob 2024","datePublished":"2024-12-03T11:46:30+00:00","dateModified":"2025-01-16T11:11:01+00:00","mainEntityOfPage":{"@id":"https:\/\/emob-italia.it\/2024\/12\/03\/convegni-e_mob-2024\/"},"wordCount":2712,"publisher":{"@id":"https:\/\/emob-italia.it\/#organization"},"image":{"@id":"https:\/\/emob-italia.it\/2024\/12\/03\/convegni-e_mob-2024\/#primaryimage"},"thumbnailUrl":"https:\/\/emob-italia.it\/wp-content\/uploads\/2024\/12\/IMG_0525-scaled.jpg","articleSection":["Notizie Newsletter"],"inLanguage":"en-US"},{"@type":"WebPage","@id":"https:\/\/emob-italia.it\/2024\/12\/03\/convegni-e_mob-2024\/","url":"https:\/\/emob-italia.it\/2024\/12\/03\/convegni-e_mob-2024\/","name":"Convegni e_mob 2024 &#8226; e_mob","isPartOf":{"@id":"https:\/\/emob-italia.it\/#website"},"primaryImageOfPage":{"@id":"https:\/\/emob-italia.it\/2024\/12\/03\/convegni-e_mob-2024\/#primaryimage"},"image":{"@id":"https:\/\/emob-italia.it\/2024\/12\/03\/convegni-e_mob-2024\/#primaryimage"},"thumbnailUrl":"https:\/\/emob-italia.it\/wp-content\/uploads\/2024\/12\/IMG_0525-scaled.jpg","datePublished":"2024-12-03T11:46:30+00:00","dateModified":"2025-01-16T11:11:01+00:00","description":"e_mob \u00e8 il tavolo permanente degli stakeholder della mobilit\u00e0 elettrica in Italia. Organizza ogni anno a Milano la Conferenza Nazionale del settore, nel 2021 in programma dal 16 al 19 ottobre.","breadcrumb":{"@id":"https:\/\/emob-italia.it\/2024\/12\/03\/convegni-e_mob-2024\/#breadcrumb"},"inLanguage":"en-US","potentialAction":[{"@type":"ReadAction","target":["https:\/\/emob-italia.it\/2024\/12\/03\/convegni-e_mob-2024\/"]}]},{"@type":"ImageObject","inLanguage":"en-US","@id":"https:\/\/emob-italia.it\/2024\/12\/03\/convegni-e_mob-2024\/#primaryimage","url":"https:\/\/emob-italia.it\/wp-content\/uploads\/2024\/12\/IMG_0525-scaled.jpg","contentUrl":"https:\/\/emob-italia.it\/wp-content\/uploads\/2024\/12\/IMG_0525-scaled.jpg","width":2560,"height":1707},{"@type":"BreadcrumbList","@id":"https:\/\/emob-italia.it\/2024\/12\/03\/convegni-e_mob-2024\/#breadcrumb","itemListElement":[{"@type":"ListItem","position":1,"name":"Home","item":"https:\/\/emob-italia.it\/en\/"},{"@type":"ListItem","position":2,"name":"Convegni e_mob 2024"}]},{"@type":"WebSite","@id":"https:\/\/emob-italia.it\/#website","url":"https:\/\/emob-italia.it\/","name":"e_mob","description":"Mobilit\u00e0 Elettrica","publisher":{"@id":"https:\/\/emob-italia.it\/#organization"},"potentialAction":[{"@type":"SearchAction","target":{"@type":"EntryPoint","urlTemplate":"https:\/\/emob-italia.it\/?s={search_term_string}"},"query-input":"required name=search_term_string"}],"inLanguage":"en-US"},{"@type":"Organization","@id":"https:\/\/emob-italia.it\/#organization","name":"Class Onlus","url":"https:\/\/emob-italia.it\/","logo":{"@type":"ImageObject","inLanguage":"en-US","@id":"https:\/\/emob-italia.it\/#\/schema\/logo\/image\/","url":"https:\/\/emob-italia.it\/wp-content\/uploads\/2019\/03\/0_CLASS-ONLUS-logo-web.png","contentUrl":"https:\/\/emob-italia.it\/wp-content\/uploads\/2019\/03\/0_CLASS-ONLUS-logo-web.png","width":598,"height":202,"caption":"Class Onlus"},"image":{"@id":"https:\/\/emob-italia.it\/#\/schema\/logo\/image\/"},"sameAs":["https:\/\/www.facebook.com\/emobitalia\/","https:\/\/www.instagram.com\/e_mob_italia\/","https:\/\/www.linkedin.com\/groups\/12186185\/","https:\/\/www.youtube.com\/channel\/UCvnTcrhggAX_AkFwGxRfqFw\/featured?view_as=subscriber"]},{"@type":"Person","@id":"https:\/\/emob-italia.it\/#\/schema\/person\/59871c976b1a5e842e3d0b98901e4f6d","name":"Redazione","image":{"@type":"ImageObject","inLanguage":"en-US","@id":"https:\/\/emob-italia.it\/#\/schema\/person\/image\/","url":"https:\/\/secure.gravatar.com\/avatar\/5389093e19decc01f17a4f367aa6ce45?s=96&r=g","contentUrl":"https:\/\/secure.gravatar.com\/avatar\/5389093e19decc01f17a4f367aa6ce45?s=96&r=g","caption":"Redazione"},"url":"https:\/\/emob-italia.it\/en\/author\/redazione\/"}]}},"_links":{"self":[{"href":"https:\/\/emob-italia.it\/en\/wp-json\/wp\/v2\/posts\/65070"}],"collection":[{"href":"https:\/\/emob-italia.it\/en\/wp-json\/wp\/v2\/posts"}],"about":[{"href":"https:\/\/emob-italia.it\/en\/wp-json\/wp\/v2\/types\/post"}],"author":[{"embeddable":true,"href":"https:\/\/emob-italia.it\/en\/wp-json\/wp\/v2\/users\/19"}],"replies":[{"embeddable":true,"href":"https:\/\/emob-italia.it\/en\/wp-json\/wp\/v2\/comments?post=65070"}],"version-history":[{"count":38,"href":"https:\/\/emob-italia.it\/en\/wp-json\/wp\/v2\/posts\/65070\/revisions"}],"predecessor-version":[{"id":65146,"href":"https:\/\/emob-italia.it\/en\/wp-json\/wp\/v2\/posts\/65070\/revisions\/65146"}],"wp:featuredmedia":[{"embeddable":true,"href":"https:\/\/emob-italia.it\/en\/wp-json\/wp\/v2\/media\/65124"}],"wp:attachment":[{"href":"https:\/\/emob-italia.it\/en\/wp-json\/wp\/v2\/media?parent=65070"}],"wp:term":[{"taxonomy":"category","embeddable":true,"href":"https:\/\/emob-italia.it\/en\/wp-json\/wp\/v2\/categories?post=65070"},{"taxonomy":"post_tag","embeddable":true,"href":"https:\/\/emob-italia.it\/en\/wp-json\/wp\/v2\/tags?post=65070"}],"curies":[{"name":"wp","href":"https:\/\/api.w.org\/{rel}","templated":true}]}}