{"id":65021,"date":"2024-10-24T16:48:18","date_gmt":"2024-10-24T14:48:18","guid":{"rendered":"https:\/\/emob-italia.it\/?p=65021"},"modified":"2024-10-24T16:48:59","modified_gmt":"2024-10-24T14:48:59","slug":"e_mob-e-legacoop","status":"publish","type":"post","link":"https:\/\/emob-italia.it\/en\/2024\/10\/24\/e_mob-e-legacoop\/","title":{"rendered":"Legacoop partecipa al workshop sulle comunit\u00e0 energetiche per i possessori di mezzi elettrici a Milano"},"content":{"rendered":"<p>[et_pb_section fb_built=&#8221;1&#8243; _builder_version=&#8221;4.24.2&#8243; _module_preset=&#8221;default&#8221; global_colors_info=&#8221;{}&#8221;][et_pb_row _builder_version=&#8221;4.24.2&#8243; _module_preset=&#8221;default&#8221; custom_margin=&#8221;-58px|auto||auto||&#8221; global_colors_info=&#8221;{}&#8221;][et_pb_column type=&#8221;4_4&#8243; _builder_version=&#8221;4.24.2&#8243; _module_preset=&#8221;default&#8221; global_colors_info=&#8221;{}&#8221;][et_pb_text _builder_version=&#8221;4.24.2&#8243; _module_preset=&#8221;default&#8221; custom_margin=&#8221;||-57px|||&#8221; global_colors_info=&#8221;{}&#8221;]<\/p>\n<p>Oggi, presso la Sala Colonne del Palazzo Giureconsulti a Milano, si \u00e8 svolto un importante workshop dal titolo <strong>\u201cLo sviluppo e le opportunit\u00e0 delle comunit\u00e0 energetiche per i possessori di mezzi elettrici\u201d<\/strong>, un evento che ha offerto un confronto di alto livello sulle sfide e le opportunit\u00e0 legate alle Comunit\u00e0 Energetiche Rinnovabili (CER), con un focus particolare sui benefici per chi utilizza mezzi di trasporto elettrici.<\/p>\n<p>Tra i relatori, Legacoop ha giocato un ruolo di primo piano, con l&#8217;intervento di <strong>Alessandro Regge<\/strong>, Responsabile dell&#8217;Area Istituzionale di <strong>Legacoop Piemonte<\/strong> ed esperto in Comunit\u00e0 Energetiche Rinnovabili in chiave cooperativa. Regge ha condiviso l&#8217;esperienza di Legacoop nel favorire modelli cooperativi di sviluppo per le CER, sottolineando come la cooperazione sia una leva strategica per promuovere la transizione energetica in modo equo e sostenibile. Il suo intervento ha messo in luce i vantaggi di un approccio condiviso nella gestione dell\u2019energia, che permette di coinvolgere attivamente i cittadini e i possessori di veicoli elettrici nel ciclo virtuoso della produzione e consumo energetico da fonti rinnovabili.<\/p>\n<p>Oltre a Regge, il workshop ha visto la partecipazione di esperti e rappresentanti istituzionali del settore. <strong>Valerio Angelucci<\/strong>, ricercatore di <strong>RSE (Ricerca Sistema Energetico)<\/strong>, ha fornito una panoramica sull&#8217;evoluzione tecnologica e normativa delle CER, mentre <strong>Dino De Simone<\/strong>, Responsabile dell\u2019Area Tecnica Studi e Strumenti per la Transizione Energetica e la Decarbonizzazione presso <strong>ARIA S.p.A. Lombardia<\/strong>, ha illustrato le strategie regionali per facilitare l&#8217;adozione di soluzioni innovative in questo campo.<\/p>\n<p>Il workshop, coordinato da <strong>Carlo Prelli<\/strong>, Direttore Tecnico di <strong>Class Onlus<\/strong>, ha offerto uno spazio di dialogo e scambio tra imprese, istituzioni e il mondo della ricerca, esplorando le potenzialit\u00e0 delle comunit\u00e0 energetiche nel facilitare la mobilit\u00e0 elettrica e l\u2019autosufficienza energetica locale.<\/p>\n<p><strong>Ringraziamenti<\/strong> sono stati rivolti agli organizzatori e partner dell&#8217;evento: <strong>RSE<\/strong>, <strong>CLASS Onlus<\/strong>, <strong>ARIA S.p.A. Lombardia <\/strong>e <strong>Legacoop<\/strong>, che hanno contribuito con la loro esperienza e competenza nel campo della transizione energetica e della cooperazione.<\/p>\n<p>In conclusione, il workshop ha rappresentato un\u2019importante tappa nel percorso verso un futuro energetico pi\u00f9 sostenibile, in cui le comunit\u00e0 e i cittadini possono diventare protagonisti attivi della produzione e gestione dell&#8217;energia, riducendo l\u2019impatto ambientale e promuovendo l\u2019uso dei veicoli elettrici all&#8217;interno di un ecosistema energetico condiviso.<\/p>\n<p><br style=\"font-weight: 400;\" \/><br style=\"font-weight: 400;\" \/><\/p>\n<p>[\/et_pb_text][\/et_pb_column][\/et_pb_row][et_pb_row _builder_version=&#8221;4.24.2&#8243; _module_preset=&#8221;default&#8221; global_colors_info=&#8221;{}&#8221;][et_pb_column type=&#8221;4_4&#8243; _builder_version=&#8221;4.24.2&#8243; _module_preset=&#8221;default&#8221; global_colors_info=&#8221;{}&#8221;][et_pb_image src=&#8221;https:\/\/emob-italia.it\/wp-content\/uploads\/2024\/10\/Copia-di-Aggiungi-un-titolo.png&#8221; title_text=&#8221;Copia di Aggiungi un titolo&#8221; _builder_version=&#8221;4.24.2&#8243; _module_preset=&#8221;default&#8221; global_colors_info=&#8221;{}&#8221;][\/et_pb_image][\/et_pb_column][\/et_pb_row][\/et_pb_section]<\/p>\n","protected":false},"excerpt":{"rendered":"<p>Oggi, presso la Sala Colonne del Palazzo Giureconsulti a Milano, si \u00e8 svolto un importante workshop dal titolo \u201cLo sviluppo e le opportunit\u00e0 delle comunit\u00e0 energetiche per i possessori di mezzi elettrici\u201d, un evento che ha offerto un confronto di alto livello sulle sfide e le opportunit\u00e0 legate alle Comunit\u00e0 Energetiche Rinnovabili (CER), con un [&hellip;]<\/p>\n","protected":false},"author":19,"featured_media":65024,"comment_status":"closed","ping_status":"open","sticky":false,"template":"","format":"chat","meta":{"_et_pb_use_builder":"on","_et_pb_old_content":"","_et_gb_content_width":"","_exactmetrics_skip_tracking":false,"_exactmetrics_sitenote_active":false,"_exactmetrics_sitenote_note":"","_exactmetrics_sitenote_category":0,"footnotes":""},"categories":[114],"tags":[],"yoast_head":"<!-- This site is optimized with the Yoast SEO plugin v22.9 - https:\/\/yoast.com\/wordpress\/plugins\/seo\/ -->\n<title>Legacoop partecipa al workshop sulle comunit\u00e0 energetiche per i possessori di mezzi elettrici a Milano &#8226; e_mob<\/title>\n<meta name=\"description\" content=\"e_mob \u00e8 il tavolo permanente degli stakeholder della mobilit\u00e0 elettrica in Italia. Organizza ogni anno a Milano la Conferenza Nazionale del settore, nel 2021 in programma dal 16 al 19 ottobre.\" \/>\n<meta name=\"robots\" content=\"index, follow, max-snippet:-1, max-image-preview:large, max-video-preview:-1\" \/>\n<link rel=\"canonical\" href=\"https:\/\/emob-italia.it\/2024\/10\/24\/e_mob-e-legacoop\/\" \/>\n<meta property=\"og:locale\" content=\"en_US\" \/>\n<meta property=\"og:type\" content=\"article\" \/>\n<meta property=\"og:title\" content=\"Legacoop partecipa al workshop sulle comunit\u00e0 energetiche per i possessori di mezzi elettrici a Milano &#8226; e_mob\" \/>\n<meta property=\"og:description\" content=\"e_mob \u00e8 il tavolo permanente degli stakeholder della mobilit\u00e0 elettrica in Italia. Organizza ogni anno a Milano la Conferenza Nazionale del settore, nel 2021 in programma dal 16 al 19 ottobre.\" \/>\n<meta property=\"og:url\" content=\"https:\/\/emob-italia.it\/2024\/10\/24\/e_mob-e-legacoop\/\" \/>\n<meta property=\"og:site_name\" content=\"e_mob\" \/>\n<meta property=\"article:publisher\" content=\"https:\/\/www.facebook.com\/emobitalia\/\" \/>\n<meta property=\"article:published_time\" content=\"2024-10-24T14:48:18+00:00\" \/>\n<meta property=\"article:modified_time\" content=\"2024-10-24T14:48:59+00:00\" \/>\n<meta property=\"og:image\" content=\"https:\/\/emob-italia.it\/wp-content\/uploads\/2024\/10\/Copia-di-Aggiungi-un-titolo.png\" \/>\n\t<meta property=\"og:image:width\" content=\"1637\" \/>\n\t<meta property=\"og:image:height\" content=\"463\" \/>\n\t<meta property=\"og:image:type\" content=\"image\/png\" \/>\n<meta name=\"author\" content=\"Redazione\" \/>\n<meta name=\"twitter:label1\" content=\"Written by\" \/>\n\t<meta name=\"twitter:data1\" content=\"Redazione\" \/>\n\t<meta name=\"twitter:label2\" content=\"Est. reading time\" \/>\n\t<meta name=\"twitter:data2\" content=\"3 minutes\" \/>\n<script type=\"application\/ld+json\" class=\"yoast-schema-graph\">{\"@context\":\"https:\/\/schema.org\",\"@graph\":[{\"@type\":\"Article\",\"@id\":\"https:\/\/emob-italia.it\/2024\/10\/24\/e_mob-e-legacoop\/#article\",\"isPartOf\":{\"@id\":\"https:\/\/emob-italia.it\/2024\/10\/24\/e_mob-e-legacoop\/\"},\"author\":{\"name\":\"Redazione\",\"@id\":\"https:\/\/emob-italia.it\/#\/schema\/person\/59871c976b1a5e842e3d0b98901e4f6d\"},\"headline\":\"Legacoop partecipa al workshop sulle comunit\u00e0 energetiche per i possessori di mezzi elettrici a Milano\",\"datePublished\":\"2024-10-24T14:48:18+00:00\",\"dateModified\":\"2024-10-24T14:48:59+00:00\",\"mainEntityOfPage\":{\"@id\":\"https:\/\/emob-italia.it\/2024\/10\/24\/e_mob-e-legacoop\/\"},\"wordCount\":521,\"publisher\":{\"@id\":\"https:\/\/emob-italia.it\/#organization\"},\"image\":{\"@id\":\"https:\/\/emob-italia.it\/2024\/10\/24\/e_mob-e-legacoop\/#primaryimage\"},\"thumbnailUrl\":\"https:\/\/emob-italia.it\/wp-content\/uploads\/2024\/10\/Copia-di-Aggiungi-un-titolo.png\",\"articleSection\":[\"Notizie Newsletter\"],\"inLanguage\":\"en-US\"},{\"@type\":\"WebPage\",\"@id\":\"https:\/\/emob-italia.it\/2024\/10\/24\/e_mob-e-legacoop\/\",\"url\":\"https:\/\/emob-italia.it\/2024\/10\/24\/e_mob-e-legacoop\/\",\"name\":\"Legacoop partecipa al workshop sulle comunit\u00e0 energetiche per i possessori di mezzi elettrici a Milano &#8226; e_mob\",\"isPartOf\":{\"@id\":\"https:\/\/emob-italia.it\/#website\"},\"primaryImageOfPage\":{\"@id\":\"https:\/\/emob-italia.it\/2024\/10\/24\/e_mob-e-legacoop\/#primaryimage\"},\"image\":{\"@id\":\"https:\/\/emob-italia.it\/2024\/10\/24\/e_mob-e-legacoop\/#primaryimage\"},\"thumbnailUrl\":\"https:\/\/emob-italia.it\/wp-content\/uploads\/2024\/10\/Copia-di-Aggiungi-un-titolo.png\",\"datePublished\":\"2024-10-24T14:48:18+00:00\",\"dateModified\":\"2024-10-24T14:48:59+00:00\",\"description\":\"e_mob \u00e8 il tavolo permanente degli stakeholder della mobilit\u00e0 elettrica in Italia. Organizza ogni anno a Milano la Conferenza Nazionale del settore, nel 2021 in programma dal 16 al 19 ottobre.\",\"breadcrumb\":{\"@id\":\"https:\/\/emob-italia.it\/2024\/10\/24\/e_mob-e-legacoop\/#breadcrumb\"},\"inLanguage\":\"en-US\",\"potentialAction\":[{\"@type\":\"ReadAction\",\"target\":[\"https:\/\/emob-italia.it\/2024\/10\/24\/e_mob-e-legacoop\/\"]}]},{\"@type\":\"ImageObject\",\"inLanguage\":\"en-US\",\"@id\":\"https:\/\/emob-italia.it\/2024\/10\/24\/e_mob-e-legacoop\/#primaryimage\",\"url\":\"https:\/\/emob-italia.it\/wp-content\/uploads\/2024\/10\/Copia-di-Aggiungi-un-titolo.png\",\"contentUrl\":\"https:\/\/emob-italia.it\/wp-content\/uploads\/2024\/10\/Copia-di-Aggiungi-un-titolo.png\",\"width\":1637,\"height\":463},{\"@type\":\"BreadcrumbList\",\"@id\":\"https:\/\/emob-italia.it\/2024\/10\/24\/e_mob-e-legacoop\/#breadcrumb\",\"itemListElement\":[{\"@type\":\"ListItem\",\"position\":1,\"name\":\"Home\",\"item\":\"https:\/\/emob-italia.it\/en\/\"},{\"@type\":\"ListItem\",\"position\":2,\"name\":\"Legacoop partecipa al workshop sulle comunit\u00e0 energetiche per i possessori di mezzi elettrici a Milano\"}]},{\"@type\":\"WebSite\",\"@id\":\"https:\/\/emob-italia.it\/#website\",\"url\":\"https:\/\/emob-italia.it\/\",\"name\":\"e_mob\",\"description\":\"Mobilit\u00e0 Elettrica\",\"publisher\":{\"@id\":\"https:\/\/emob-italia.it\/#organization\"},\"potentialAction\":[{\"@type\":\"SearchAction\",\"target\":{\"@type\":\"EntryPoint\",\"urlTemplate\":\"https:\/\/emob-italia.it\/?s={search_term_string}\"},\"query-input\":\"required name=search_term_string\"}],\"inLanguage\":\"en-US\"},{\"@type\":\"Organization\",\"@id\":\"https:\/\/emob-italia.it\/#organization\",\"name\":\"Class Onlus\",\"url\":\"https:\/\/emob-italia.it\/\",\"logo\":{\"@type\":\"ImageObject\",\"inLanguage\":\"en-US\",\"@id\":\"https:\/\/emob-italia.it\/#\/schema\/logo\/image\/\",\"url\":\"https:\/\/emob-italia.it\/wp-content\/uploads\/2019\/03\/0_CLASS-ONLUS-logo-web.png\",\"contentUrl\":\"https:\/\/emob-italia.it\/wp-content\/uploads\/2019\/03\/0_CLASS-ONLUS-logo-web.png\",\"width\":598,\"height\":202,\"caption\":\"Class Onlus\"},\"image\":{\"@id\":\"https:\/\/emob-italia.it\/#\/schema\/logo\/image\/\"},\"sameAs\":[\"https:\/\/www.facebook.com\/emobitalia\/\",\"https:\/\/www.instagram.com\/e_mob_italia\/\",\"https:\/\/www.linkedin.com\/groups\/12186185\/\",\"https:\/\/www.youtube.com\/channel\/UCvnTcrhggAX_AkFwGxRfqFw\/featured?view_as=subscriber\"]},{\"@type\":\"Person\",\"@id\":\"https:\/\/emob-italia.it\/#\/schema\/person\/59871c976b1a5e842e3d0b98901e4f6d\",\"name\":\"Redazione\",\"image\":{\"@type\":\"ImageObject\",\"inLanguage\":\"en-US\",\"@id\":\"https:\/\/emob-italia.it\/#\/schema\/person\/image\/\",\"url\":\"https:\/\/secure.gravatar.com\/avatar\/5389093e19decc01f17a4f367aa6ce45?s=96&r=g\",\"contentUrl\":\"https:\/\/secure.gravatar.com\/avatar\/5389093e19decc01f17a4f367aa6ce45?s=96&r=g\",\"caption\":\"Redazione\"},\"url\":\"https:\/\/emob-italia.it\/en\/author\/redazione\/\"}]}<\/script>\n<!-- \/ Yoast SEO plugin. -->","yoast_head_json":{"title":"Legacoop partecipa al workshop sulle comunit\u00e0 energetiche per i possessori di mezzi elettrici a Milano &#8226; e_mob","description":"e_mob \u00e8 il tavolo permanente degli stakeholder della mobilit\u00e0 elettrica in Italia. Organizza ogni anno a Milano la Conferenza Nazionale del settore, nel 2021 in programma dal 16 al 19 ottobre.","robots":{"index":"index","follow":"follow","max-snippet":"max-snippet:-1","max-image-preview":"max-image-preview:large","max-video-preview":"max-video-preview:-1"},"canonical":"https:\/\/emob-italia.it\/2024\/10\/24\/e_mob-e-legacoop\/","og_locale":"en_US","og_type":"article","og_title":"Legacoop partecipa al workshop sulle comunit\u00e0 energetiche per i possessori di mezzi elettrici a Milano &#8226; e_mob","og_description":"e_mob \u00e8 il tavolo permanente degli stakeholder della mobilit\u00e0 elettrica in Italia. Organizza ogni anno a Milano la Conferenza Nazionale del settore, nel 2021 in programma dal 16 al 19 ottobre.","og_url":"https:\/\/emob-italia.it\/2024\/10\/24\/e_mob-e-legacoop\/","og_site_name":"e_mob","article_publisher":"https:\/\/www.facebook.com\/emobitalia\/","article_published_time":"2024-10-24T14:48:18+00:00","article_modified_time":"2024-10-24T14:48:59+00:00","og_image":[{"width":1637,"height":463,"url":"https:\/\/emob-italia.it\/wp-content\/uploads\/2024\/10\/Copia-di-Aggiungi-un-titolo.png","type":"image\/png"}],"author":"Redazione","twitter_misc":{"Written by":"Redazione","Est. reading time":"3 minutes"},"schema":{"@context":"https:\/\/schema.org","@graph":[{"@type":"Article","@id":"https:\/\/emob-italia.it\/2024\/10\/24\/e_mob-e-legacoop\/#article","isPartOf":{"@id":"https:\/\/emob-italia.it\/2024\/10\/24\/e_mob-e-legacoop\/"},"author":{"name":"Redazione","@id":"https:\/\/emob-italia.it\/#\/schema\/person\/59871c976b1a5e842e3d0b98901e4f6d"},"headline":"Legacoop partecipa al workshop sulle comunit\u00e0 energetiche per i possessori di mezzi elettrici a Milano","datePublished":"2024-10-24T14:48:18+00:00","dateModified":"2024-10-24T14:48:59+00:00","mainEntityOfPage":{"@id":"https:\/\/emob-italia.it\/2024\/10\/24\/e_mob-e-legacoop\/"},"wordCount":521,"publisher":{"@id":"https:\/\/emob-italia.it\/#organization"},"image":{"@id":"https:\/\/emob-italia.it\/2024\/10\/24\/e_mob-e-legacoop\/#primaryimage"},"thumbnailUrl":"https:\/\/emob-italia.it\/wp-content\/uploads\/2024\/10\/Copia-di-Aggiungi-un-titolo.png","articleSection":["Notizie Newsletter"],"inLanguage":"en-US"},{"@type":"WebPage","@id":"https:\/\/emob-italia.it\/2024\/10\/24\/e_mob-e-legacoop\/","url":"https:\/\/emob-italia.it\/2024\/10\/24\/e_mob-e-legacoop\/","name":"Legacoop partecipa al workshop sulle comunit\u00e0 energetiche per i possessori di mezzi elettrici a Milano &#8226; e_mob","isPartOf":{"@id":"https:\/\/emob-italia.it\/#website"},"primaryImageOfPage":{"@id":"https:\/\/emob-italia.it\/2024\/10\/24\/e_mob-e-legacoop\/#primaryimage"},"image":{"@id":"https:\/\/emob-italia.it\/2024\/10\/24\/e_mob-e-legacoop\/#primaryimage"},"thumbnailUrl":"https:\/\/emob-italia.it\/wp-content\/uploads\/2024\/10\/Copia-di-Aggiungi-un-titolo.png","datePublished":"2024-10-24T14:48:18+00:00","dateModified":"2024-10-24T14:48:59+00:00","description":"e_mob \u00e8 il tavolo permanente degli stakeholder della mobilit\u00e0 elettrica in Italia. Organizza ogni anno a Milano la Conferenza Nazionale del settore, nel 2021 in programma dal 16 al 19 ottobre.","breadcrumb":{"@id":"https:\/\/emob-italia.it\/2024\/10\/24\/e_mob-e-legacoop\/#breadcrumb"},"inLanguage":"en-US","potentialAction":[{"@type":"ReadAction","target":["https:\/\/emob-italia.it\/2024\/10\/24\/e_mob-e-legacoop\/"]}]},{"@type":"ImageObject","inLanguage":"en-US","@id":"https:\/\/emob-italia.it\/2024\/10\/24\/e_mob-e-legacoop\/#primaryimage","url":"https:\/\/emob-italia.it\/wp-content\/uploads\/2024\/10\/Copia-di-Aggiungi-un-titolo.png","contentUrl":"https:\/\/emob-italia.it\/wp-content\/uploads\/2024\/10\/Copia-di-Aggiungi-un-titolo.png","width":1637,"height":463},{"@type":"BreadcrumbList","@id":"https:\/\/emob-italia.it\/2024\/10\/24\/e_mob-e-legacoop\/#breadcrumb","itemListElement":[{"@type":"ListItem","position":1,"name":"Home","item":"https:\/\/emob-italia.it\/en\/"},{"@type":"ListItem","position":2,"name":"Legacoop partecipa al workshop sulle comunit\u00e0 energetiche per i possessori di mezzi elettrici a Milano"}]},{"@type":"WebSite","@id":"https:\/\/emob-italia.it\/#website","url":"https:\/\/emob-italia.it\/","name":"e_mob","description":"Mobilit\u00e0 Elettrica","publisher":{"@id":"https:\/\/emob-italia.it\/#organization"},"potentialAction":[{"@type":"SearchAction","target":{"@type":"EntryPoint","urlTemplate":"https:\/\/emob-italia.it\/?s={search_term_string}"},"query-input":"required name=search_term_string"}],"inLanguage":"en-US"},{"@type":"Organization","@id":"https:\/\/emob-italia.it\/#organization","name":"Class Onlus","url":"https:\/\/emob-italia.it\/","logo":{"@type":"ImageObject","inLanguage":"en-US","@id":"https:\/\/emob-italia.it\/#\/schema\/logo\/image\/","url":"https:\/\/emob-italia.it\/wp-content\/uploads\/2019\/03\/0_CLASS-ONLUS-logo-web.png","contentUrl":"https:\/\/emob-italia.it\/wp-content\/uploads\/2019\/03\/0_CLASS-ONLUS-logo-web.png","width":598,"height":202,"caption":"Class Onlus"},"image":{"@id":"https:\/\/emob-italia.it\/#\/schema\/logo\/image\/"},"sameAs":["https:\/\/www.facebook.com\/emobitalia\/","https:\/\/www.instagram.com\/e_mob_italia\/","https:\/\/www.linkedin.com\/groups\/12186185\/","https:\/\/www.youtube.com\/channel\/UCvnTcrhggAX_AkFwGxRfqFw\/featured?view_as=subscriber"]},{"@type":"Person","@id":"https:\/\/emob-italia.it\/#\/schema\/person\/59871c976b1a5e842e3d0b98901e4f6d","name":"Redazione","image":{"@type":"ImageObject","inLanguage":"en-US","@id":"https:\/\/emob-italia.it\/#\/schema\/person\/image\/","url":"https:\/\/secure.gravatar.com\/avatar\/5389093e19decc01f17a4f367aa6ce45?s=96&r=g","contentUrl":"https:\/\/secure.gravatar.com\/avatar\/5389093e19decc01f17a4f367aa6ce45?s=96&r=g","caption":"Redazione"},"url":"https:\/\/emob-italia.it\/en\/author\/redazione\/"}]}},"_links":{"self":[{"href":"https:\/\/emob-italia.it\/en\/wp-json\/wp\/v2\/posts\/65021"}],"collection":[{"href":"https:\/\/emob-italia.it\/en\/wp-json\/wp\/v2\/posts"}],"about":[{"href":"https:\/\/emob-italia.it\/en\/wp-json\/wp\/v2\/types\/post"}],"author":[{"embeddable":true,"href":"https:\/\/emob-italia.it\/en\/wp-json\/wp\/v2\/users\/19"}],"replies":[{"embeddable":true,"href":"https:\/\/emob-italia.it\/en\/wp-json\/wp\/v2\/comments?post=65021"}],"version-history":[{"count":4,"href":"https:\/\/emob-italia.it\/en\/wp-json\/wp\/v2\/posts\/65021\/revisions"}],"predecessor-version":[{"id":65027,"href":"https:\/\/emob-italia.it\/en\/wp-json\/wp\/v2\/posts\/65021\/revisions\/65027"}],"wp:featuredmedia":[{"embeddable":true,"href":"https:\/\/emob-italia.it\/en\/wp-json\/wp\/v2\/media\/65024"}],"wp:attachment":[{"href":"https:\/\/emob-italia.it\/en\/wp-json\/wp\/v2\/media?parent=65021"}],"wp:term":[{"taxonomy":"category","embeddable":true,"href":"https:\/\/emob-italia.it\/en\/wp-json\/wp\/v2\/categories?post=65021"},{"taxonomy":"post_tag","embeddable":true,"href":"https:\/\/emob-italia.it\/en\/wp-json\/wp\/v2\/tags?post=65021"}],"curies":[{"name":"wp","href":"https:\/\/api.w.org\/{rel}","templated":true}]}}