{"id":64942,"date":"2024-10-21T18:07:46","date_gmt":"2024-10-21T16:07:46","guid":{"rendered":"https:\/\/emob-italia.it\/?p=64942"},"modified":"2024-10-22T15:49:09","modified_gmt":"2024-10-22T13:49:09","slug":"le-conquiste-di-e_mob-2","status":"publish","type":"post","link":"https:\/\/emob-italia.it\/en\/2024\/10\/21\/le-conquiste-di-e_mob-2\/","title":{"rendered":"Le conquiste di e_mob"},"content":{"rendered":"<p>[et_pb_section fb_built=&#8221;1&#8243; _builder_version=&#8221;4.24.2&#8243; _module_preset=&#8221;default&#8221; global_colors_info=&#8221;{}&#8221;][et_pb_row _builder_version=&#8221;4.24.2&#8243; _module_preset=&#8221;default&#8221; custom_padding=&#8221;0px|||||&#8221; global_colors_info=&#8221;{}&#8221;][et_pb_column type=&#8221;4_4&#8243; _builder_version=&#8221;4.24.2&#8243; _module_preset=&#8221;default&#8221; global_colors_info=&#8221;{}&#8221;][et_pb_text _builder_version=&#8221;4.24.2&#8243; _module_preset=&#8221;default&#8221; custom_padding=&#8221;11px|||||&#8221; global_colors_info=&#8221;{}&#8221;]<\/p>\n<p><strong><span style=\"font-size: large;\">E_mob non \u00e8 una fiera, non \u00e8 un convegno. <\/span><\/strong><\/p>\n<p><span style=\"font-size: large;\">Soprattutto e_mob non \u00e8 un evento che si esaurisce nei pochi giorni in cui si svolge, ormai da otto anni, come momento pubblico.<\/span><br \/><span style=\"font-size: large;\">Si pu\u00f2 dire che e_mob sia piuttosto la <strong>storia<\/strong> stessa degli sforzi che pochi soggetti visionari hanno profuso per lo sviluppo e l\u2019affermazione della mobilit\u00e0 elettrica in Italia, dando vita di fatto al primo nucleo di una \u201c<strong>Comunit\u00e0<\/strong>\u201d che \u00e8 oggi viva, \u00a0 <\/span><span style=\"font-size: large;\">vitale e, soprattutto, vincente.<\/span><\/p>\n<div class=\"group\/conversation-turn relative flex w-full min-w-0 flex-col agent-turn\">\n<div class=\"flex-col gap-1 md:gap-3\">\n<div class=\"flex flex-grow flex-col max-w-full\">\n<div class=\"min-h-[20px] text-message flex w-full flex-col items-end gap-2 whitespace-pre-wrap break-words [.text-message+&amp;]:mt-5 overflow-x-auto\" dir=\"auto\" data-message-author-role=\"assistant\" data-message-id=\"5fb93923-1e75-42bb-9c9f-25fcda90c5be\">\n<div class=\"flex w-full flex-col gap-1 empty:hidden first:pt-[3px]\">\n<div class=\"markdown prose w-full break-words dark:prose-invert light\"><\/div>\n<\/div>\n<\/div>\n<\/div>\n<\/div>\n<\/div>\n<p>[\/et_pb_text][et_pb_button button_url=&#8221;https:\/\/docs.google.com\/document\/d\/1F8RzpAxk3U3SFZ54Qj-afey9o77H9pi8\/edit?usp=sharing&#038;ouid=100874786609525823309&#038;rtpof=true&#038;sd=true&#8221; url_new_window=&#8221;on&#8221; button_text=&#8221;LE CONQUISTE DI E_MOB&#8221; button_alignment=&#8221;left&#8221; _builder_version=&#8221;4.24.2&#8243; _module_preset=&#8221;default&#8221; custom_button=&#8221;on&#8221; button_text_size=&#8221;26px&#8221; button_text_color=&#8221;#FFFFFF&#8221; button_bg_color=&#8221;#0C71C3&#8243; button_border_radius=&#8221;10px&#8221; button_font=&#8221;Source Sans Pro|700||on|||||&#8221; global_colors_info=&#8221;{}&#8221;][\/et_pb_button][\/et_pb_column][\/et_pb_row][\/et_pb_section]<\/p>\n","protected":false},"excerpt":{"rendered":"<p>E_mob non \u00e8 una fiera, non \u00e8 un convegno. Soprattutto e_mob non \u00e8 un evento che si esaurisce nei pochi giorni in cui si svolge, ormai da otto anni, come momento pubblico.Si pu\u00f2 dire che e_mob sia piuttosto la storia stessa degli sforzi che pochi soggetti visionari hanno profuso per lo sviluppo e l\u2019affermazione della [&hellip;]<\/p>\n","protected":false},"author":19,"featured_media":64948,"comment_status":"closed","ping_status":"open","sticky":false,"template":"","format":"chat","meta":{"_et_pb_use_builder":"on","_et_pb_old_content":"","_et_gb_content_width":"","_exactmetrics_skip_tracking":false,"_exactmetrics_sitenote_active":false,"_exactmetrics_sitenote_note":"","_exactmetrics_sitenote_category":0,"footnotes":""},"categories":[114],"tags":[],"yoast_head":"<!-- This site is optimized with the Yoast SEO plugin v22.9 - https:\/\/yoast.com\/wordpress\/plugins\/seo\/ -->\n<title>Le conquiste di e_mob &#8226; e_mob<\/title>\n<meta name=\"description\" content=\"e_mob \u00e8 il tavolo permanente degli stakeholder della mobilit\u00e0 elettrica in Italia. Organizza ogni anno a Milano la Conferenza Nazionale del settore, nel 2021 in programma dal 16 al 19 ottobre.\" \/>\n<meta name=\"robots\" content=\"index, follow, max-snippet:-1, max-image-preview:large, max-video-preview:-1\" \/>\n<link rel=\"canonical\" href=\"https:\/\/emob-italia.it\/2024\/10\/21\/le-conquiste-di-e_mob-2\/\" \/>\n<meta property=\"og:locale\" content=\"en_US\" \/>\n<meta property=\"og:type\" content=\"article\" \/>\n<meta property=\"og:title\" content=\"Le conquiste di e_mob &#8226; e_mob\" \/>\n<meta property=\"og:description\" content=\"e_mob \u00e8 il tavolo permanente degli stakeholder della mobilit\u00e0 elettrica in Italia. Organizza ogni anno a Milano la Conferenza Nazionale del settore, nel 2021 in programma dal 16 al 19 ottobre.\" \/>\n<meta property=\"og:url\" content=\"https:\/\/emob-italia.it\/2024\/10\/21\/le-conquiste-di-e_mob-2\/\" \/>\n<meta property=\"og:site_name\" content=\"e_mob\" \/>\n<meta property=\"article:publisher\" content=\"https:\/\/www.facebook.com\/emobitalia\/\" \/>\n<meta property=\"article:published_time\" content=\"2024-10-21T16:07:46+00:00\" \/>\n<meta property=\"article:modified_time\" content=\"2024-10-22T13:49:09+00:00\" \/>\n<meta property=\"og:image\" content=\"https:\/\/emob-italia.it\/wp-content\/uploads\/2024\/10\/1-1.png\" \/>\n\t<meta property=\"og:image:width\" content=\"1200\" \/>\n\t<meta property=\"og:image:height\" content=\"630\" \/>\n\t<meta property=\"og:image:type\" content=\"image\/png\" \/>\n<meta name=\"author\" content=\"Redazione\" \/>\n<meta name=\"twitter:label1\" content=\"Written by\" \/>\n\t<meta name=\"twitter:data1\" content=\"Redazione\" \/>\n\t<meta name=\"twitter:label2\" content=\"Est. reading time\" \/>\n\t<meta name=\"twitter:data2\" content=\"1 minute\" \/>\n<script type=\"application\/ld+json\" class=\"yoast-schema-graph\">{\"@context\":\"https:\/\/schema.org\",\"@graph\":[{\"@type\":\"Article\",\"@id\":\"https:\/\/emob-italia.it\/2024\/10\/21\/le-conquiste-di-e_mob-2\/#article\",\"isPartOf\":{\"@id\":\"https:\/\/emob-italia.it\/2024\/10\/21\/le-conquiste-di-e_mob-2\/\"},\"author\":{\"name\":\"Redazione\",\"@id\":\"https:\/\/emob-italia.it\/#\/schema\/person\/59871c976b1a5e842e3d0b98901e4f6d\"},\"headline\":\"Le conquiste di e_mob\",\"datePublished\":\"2024-10-21T16:07:46+00:00\",\"dateModified\":\"2024-10-22T13:49:09+00:00\",\"mainEntityOfPage\":{\"@id\":\"https:\/\/emob-italia.it\/2024\/10\/21\/le-conquiste-di-e_mob-2\/\"},\"wordCount\":226,\"publisher\":{\"@id\":\"https:\/\/emob-italia.it\/#organization\"},\"image\":{\"@id\":\"https:\/\/emob-italia.it\/2024\/10\/21\/le-conquiste-di-e_mob-2\/#primaryimage\"},\"thumbnailUrl\":\"https:\/\/emob-italia.it\/wp-content\/uploads\/2024\/10\/FeNVyq3XgAAJF3X.jpg\",\"articleSection\":[\"Notizie Newsletter\"],\"inLanguage\":\"en-US\"},{\"@type\":\"WebPage\",\"@id\":\"https:\/\/emob-italia.it\/2024\/10\/21\/le-conquiste-di-e_mob-2\/\",\"url\":\"https:\/\/emob-italia.it\/2024\/10\/21\/le-conquiste-di-e_mob-2\/\",\"name\":\"Le conquiste di e_mob &#8226; e_mob\",\"isPartOf\":{\"@id\":\"https:\/\/emob-italia.it\/#website\"},\"primaryImageOfPage\":{\"@id\":\"https:\/\/emob-italia.it\/2024\/10\/21\/le-conquiste-di-e_mob-2\/#primaryimage\"},\"image\":{\"@id\":\"https:\/\/emob-italia.it\/2024\/10\/21\/le-conquiste-di-e_mob-2\/#primaryimage\"},\"thumbnailUrl\":\"https:\/\/emob-italia.it\/wp-content\/uploads\/2024\/10\/FeNVyq3XgAAJF3X.jpg\",\"datePublished\":\"2024-10-21T16:07:46+00:00\",\"dateModified\":\"2024-10-22T13:49:09+00:00\",\"description\":\"e_mob \u00e8 il tavolo permanente degli stakeholder della mobilit\u00e0 elettrica in Italia. Organizza ogni anno a Milano la Conferenza Nazionale del settore, nel 2021 in programma dal 16 al 19 ottobre.\",\"breadcrumb\":{\"@id\":\"https:\/\/emob-italia.it\/2024\/10\/21\/le-conquiste-di-e_mob-2\/#breadcrumb\"},\"inLanguage\":\"en-US\",\"potentialAction\":[{\"@type\":\"ReadAction\",\"target\":[\"https:\/\/emob-italia.it\/2024\/10\/21\/le-conquiste-di-e_mob-2\/\"]}]},{\"@type\":\"ImageObject\",\"inLanguage\":\"en-US\",\"@id\":\"https:\/\/emob-italia.it\/2024\/10\/21\/le-conquiste-di-e_mob-2\/#primaryimage\",\"url\":\"https:\/\/emob-italia.it\/wp-content\/uploads\/2024\/10\/FeNVyq3XgAAJF3X.jpg\",\"contentUrl\":\"https:\/\/emob-italia.it\/wp-content\/uploads\/2024\/10\/FeNVyq3XgAAJF3X.jpg\",\"width\":1200,\"height\":800},{\"@type\":\"BreadcrumbList\",\"@id\":\"https:\/\/emob-italia.it\/2024\/10\/21\/le-conquiste-di-e_mob-2\/#breadcrumb\",\"itemListElement\":[{\"@type\":\"ListItem\",\"position\":1,\"name\":\"Home\",\"item\":\"https:\/\/emob-italia.it\/en\/\"},{\"@type\":\"ListItem\",\"position\":2,\"name\":\"Le conquiste di e_mob\"}]},{\"@type\":\"WebSite\",\"@id\":\"https:\/\/emob-italia.it\/#website\",\"url\":\"https:\/\/emob-italia.it\/\",\"name\":\"e_mob\",\"description\":\"Mobilit\u00e0 Elettrica\",\"publisher\":{\"@id\":\"https:\/\/emob-italia.it\/#organization\"},\"potentialAction\":[{\"@type\":\"SearchAction\",\"target\":{\"@type\":\"EntryPoint\",\"urlTemplate\":\"https:\/\/emob-italia.it\/?s={search_term_string}\"},\"query-input\":\"required name=search_term_string\"}],\"inLanguage\":\"en-US\"},{\"@type\":\"Organization\",\"@id\":\"https:\/\/emob-italia.it\/#organization\",\"name\":\"Class Onlus\",\"url\":\"https:\/\/emob-italia.it\/\",\"logo\":{\"@type\":\"ImageObject\",\"inLanguage\":\"en-US\",\"@id\":\"https:\/\/emob-italia.it\/#\/schema\/logo\/image\/\",\"url\":\"https:\/\/emob-italia.it\/wp-content\/uploads\/2019\/03\/0_CLASS-ONLUS-logo-web.png\",\"contentUrl\":\"https:\/\/emob-italia.it\/wp-content\/uploads\/2019\/03\/0_CLASS-ONLUS-logo-web.png\",\"width\":598,\"height\":202,\"caption\":\"Class Onlus\"},\"image\":{\"@id\":\"https:\/\/emob-italia.it\/#\/schema\/logo\/image\/\"},\"sameAs\":[\"https:\/\/www.facebook.com\/emobitalia\/\",\"https:\/\/www.instagram.com\/e_mob_italia\/\",\"https:\/\/www.linkedin.com\/groups\/12186185\/\",\"https:\/\/www.youtube.com\/channel\/UCvnTcrhggAX_AkFwGxRfqFw\/featured?view_as=subscriber\"]},{\"@type\":\"Person\",\"@id\":\"https:\/\/emob-italia.it\/#\/schema\/person\/59871c976b1a5e842e3d0b98901e4f6d\",\"name\":\"Redazione\",\"image\":{\"@type\":\"ImageObject\",\"inLanguage\":\"en-US\",\"@id\":\"https:\/\/emob-italia.it\/#\/schema\/person\/image\/\",\"url\":\"https:\/\/secure.gravatar.com\/avatar\/5389093e19decc01f17a4f367aa6ce45?s=96&r=g\",\"contentUrl\":\"https:\/\/secure.gravatar.com\/avatar\/5389093e19decc01f17a4f367aa6ce45?s=96&r=g\",\"caption\":\"Redazione\"},\"url\":\"https:\/\/emob-italia.it\/en\/author\/redazione\/\"}]}<\/script>\n<!-- \/ Yoast SEO plugin. -->","yoast_head_json":{"title":"Le conquiste di e_mob &#8226; e_mob","description":"e_mob \u00e8 il tavolo permanente degli stakeholder della mobilit\u00e0 elettrica in Italia. Organizza ogni anno a Milano la Conferenza Nazionale del settore, nel 2021 in programma dal 16 al 19 ottobre.","robots":{"index":"index","follow":"follow","max-snippet":"max-snippet:-1","max-image-preview":"max-image-preview:large","max-video-preview":"max-video-preview:-1"},"canonical":"https:\/\/emob-italia.it\/2024\/10\/21\/le-conquiste-di-e_mob-2\/","og_locale":"en_US","og_type":"article","og_title":"Le conquiste di e_mob &#8226; e_mob","og_description":"e_mob \u00e8 il tavolo permanente degli stakeholder della mobilit\u00e0 elettrica in Italia. Organizza ogni anno a Milano la Conferenza Nazionale del settore, nel 2021 in programma dal 16 al 19 ottobre.","og_url":"https:\/\/emob-italia.it\/2024\/10\/21\/le-conquiste-di-e_mob-2\/","og_site_name":"e_mob","article_publisher":"https:\/\/www.facebook.com\/emobitalia\/","article_published_time":"2024-10-21T16:07:46+00:00","article_modified_time":"2024-10-22T13:49:09+00:00","og_image":[{"width":1200,"height":630,"url":"https:\/\/emob-italia.it\/wp-content\/uploads\/2024\/10\/1-1.png","type":"image\/png"}],"author":"Redazione","twitter_misc":{"Written by":"Redazione","Est. reading time":"1 minute"},"schema":{"@context":"https:\/\/schema.org","@graph":[{"@type":"Article","@id":"https:\/\/emob-italia.it\/2024\/10\/21\/le-conquiste-di-e_mob-2\/#article","isPartOf":{"@id":"https:\/\/emob-italia.it\/2024\/10\/21\/le-conquiste-di-e_mob-2\/"},"author":{"name":"Redazione","@id":"https:\/\/emob-italia.it\/#\/schema\/person\/59871c976b1a5e842e3d0b98901e4f6d"},"headline":"Le conquiste di e_mob","datePublished":"2024-10-21T16:07:46+00:00","dateModified":"2024-10-22T13:49:09+00:00","mainEntityOfPage":{"@id":"https:\/\/emob-italia.it\/2024\/10\/21\/le-conquiste-di-e_mob-2\/"},"wordCount":226,"publisher":{"@id":"https:\/\/emob-italia.it\/#organization"},"image":{"@id":"https:\/\/emob-italia.it\/2024\/10\/21\/le-conquiste-di-e_mob-2\/#primaryimage"},"thumbnailUrl":"https:\/\/emob-italia.it\/wp-content\/uploads\/2024\/10\/FeNVyq3XgAAJF3X.jpg","articleSection":["Notizie Newsletter"],"inLanguage":"en-US"},{"@type":"WebPage","@id":"https:\/\/emob-italia.it\/2024\/10\/21\/le-conquiste-di-e_mob-2\/","url":"https:\/\/emob-italia.it\/2024\/10\/21\/le-conquiste-di-e_mob-2\/","name":"Le conquiste di e_mob &#8226; e_mob","isPartOf":{"@id":"https:\/\/emob-italia.it\/#website"},"primaryImageOfPage":{"@id":"https:\/\/emob-italia.it\/2024\/10\/21\/le-conquiste-di-e_mob-2\/#primaryimage"},"image":{"@id":"https:\/\/emob-italia.it\/2024\/10\/21\/le-conquiste-di-e_mob-2\/#primaryimage"},"thumbnailUrl":"https:\/\/emob-italia.it\/wp-content\/uploads\/2024\/10\/FeNVyq3XgAAJF3X.jpg","datePublished":"2024-10-21T16:07:46+00:00","dateModified":"2024-10-22T13:49:09+00:00","description":"e_mob \u00e8 il tavolo permanente degli stakeholder della mobilit\u00e0 elettrica in Italia. Organizza ogni anno a Milano la Conferenza Nazionale del settore, nel 2021 in programma dal 16 al 19 ottobre.","breadcrumb":{"@id":"https:\/\/emob-italia.it\/2024\/10\/21\/le-conquiste-di-e_mob-2\/#breadcrumb"},"inLanguage":"en-US","potentialAction":[{"@type":"ReadAction","target":["https:\/\/emob-italia.it\/2024\/10\/21\/le-conquiste-di-e_mob-2\/"]}]},{"@type":"ImageObject","inLanguage":"en-US","@id":"https:\/\/emob-italia.it\/2024\/10\/21\/le-conquiste-di-e_mob-2\/#primaryimage","url":"https:\/\/emob-italia.it\/wp-content\/uploads\/2024\/10\/FeNVyq3XgAAJF3X.jpg","contentUrl":"https:\/\/emob-italia.it\/wp-content\/uploads\/2024\/10\/FeNVyq3XgAAJF3X.jpg","width":1200,"height":800},{"@type":"BreadcrumbList","@id":"https:\/\/emob-italia.it\/2024\/10\/21\/le-conquiste-di-e_mob-2\/#breadcrumb","itemListElement":[{"@type":"ListItem","position":1,"name":"Home","item":"https:\/\/emob-italia.it\/en\/"},{"@type":"ListItem","position":2,"name":"Le conquiste di e_mob"}]},{"@type":"WebSite","@id":"https:\/\/emob-italia.it\/#website","url":"https:\/\/emob-italia.it\/","name":"e_mob","description":"Mobilit\u00e0 Elettrica","publisher":{"@id":"https:\/\/emob-italia.it\/#organization"},"potentialAction":[{"@type":"SearchAction","target":{"@type":"EntryPoint","urlTemplate":"https:\/\/emob-italia.it\/?s={search_term_string}"},"query-input":"required name=search_term_string"}],"inLanguage":"en-US"},{"@type":"Organization","@id":"https:\/\/emob-italia.it\/#organization","name":"Class Onlus","url":"https:\/\/emob-italia.it\/","logo":{"@type":"ImageObject","inLanguage":"en-US","@id":"https:\/\/emob-italia.it\/#\/schema\/logo\/image\/","url":"https:\/\/emob-italia.it\/wp-content\/uploads\/2019\/03\/0_CLASS-ONLUS-logo-web.png","contentUrl":"https:\/\/emob-italia.it\/wp-content\/uploads\/2019\/03\/0_CLASS-ONLUS-logo-web.png","width":598,"height":202,"caption":"Class Onlus"},"image":{"@id":"https:\/\/emob-italia.it\/#\/schema\/logo\/image\/"},"sameAs":["https:\/\/www.facebook.com\/emobitalia\/","https:\/\/www.instagram.com\/e_mob_italia\/","https:\/\/www.linkedin.com\/groups\/12186185\/","https:\/\/www.youtube.com\/channel\/UCvnTcrhggAX_AkFwGxRfqFw\/featured?view_as=subscriber"]},{"@type":"Person","@id":"https:\/\/emob-italia.it\/#\/schema\/person\/59871c976b1a5e842e3d0b98901e4f6d","name":"Redazione","image":{"@type":"ImageObject","inLanguage":"en-US","@id":"https:\/\/emob-italia.it\/#\/schema\/person\/image\/","url":"https:\/\/secure.gravatar.com\/avatar\/5389093e19decc01f17a4f367aa6ce45?s=96&r=g","contentUrl":"https:\/\/secure.gravatar.com\/avatar\/5389093e19decc01f17a4f367aa6ce45?s=96&r=g","caption":"Redazione"},"url":"https:\/\/emob-italia.it\/en\/author\/redazione\/"}]}},"_links":{"self":[{"href":"https:\/\/emob-italia.it\/en\/wp-json\/wp\/v2\/posts\/64942"}],"collection":[{"href":"https:\/\/emob-italia.it\/en\/wp-json\/wp\/v2\/posts"}],"about":[{"href":"https:\/\/emob-italia.it\/en\/wp-json\/wp\/v2\/types\/post"}],"author":[{"embeddable":true,"href":"https:\/\/emob-italia.it\/en\/wp-json\/wp\/v2\/users\/19"}],"replies":[{"embeddable":true,"href":"https:\/\/emob-italia.it\/en\/wp-json\/wp\/v2\/comments?post=64942"}],"version-history":[{"count":4,"href":"https:\/\/emob-italia.it\/en\/wp-json\/wp\/v2\/posts\/64942\/revisions"}],"predecessor-version":[{"id":64949,"href":"https:\/\/emob-italia.it\/en\/wp-json\/wp\/v2\/posts\/64942\/revisions\/64949"}],"wp:featuredmedia":[{"embeddable":true,"href":"https:\/\/emob-italia.it\/en\/wp-json\/wp\/v2\/media\/64948"}],"wp:attachment":[{"href":"https:\/\/emob-italia.it\/en\/wp-json\/wp\/v2\/media?parent=64942"}],"wp:term":[{"taxonomy":"category","embeddable":true,"href":"https:\/\/emob-italia.it\/en\/wp-json\/wp\/v2\/categories?post=64942"},{"taxonomy":"post_tag","embeddable":true,"href":"https:\/\/emob-italia.it\/en\/wp-json\/wp\/v2\/tags?post=64942"}],"curies":[{"name":"wp","href":"https:\/\/api.w.org\/{rel}","templated":true}]}}