{"id":64852,"date":"2024-10-03T10:14:06","date_gmt":"2024-10-03T08:14:06","guid":{"rendered":"https:\/\/emob-italia.it\/?p=64852"},"modified":"2024-10-03T12:02:12","modified_gmt":"2024-10-03T10:02:12","slug":"auto-elettriche-in-italia-fino-a-58-milioni-di-punti-di-ricarica-totali-al-2035","status":"publish","type":"post","link":"https:\/\/emob-italia.it\/en\/2024\/10\/03\/auto-elettriche-in-italia-fino-a-58-milioni-di-punti-di-ricarica-totali-al-2035\/","title":{"rendered":"Auto elettriche, in Italia fino a 5,8 milioni di punti di ricarica totali al 2035"},"content":{"rendered":"<p>[et_pb_section fb_built=&#8221;1&#8243; _builder_version=&#8221;4.24.2&#8243; _module_preset=&#8221;default&#8221; global_colors_info=&#8221;{}&#8221;][et_pb_row _builder_version=&#8221;4.24.2&#8243; _module_preset=&#8221;default&#8221; custom_padding=&#8221;0px|||||&#8221; global_colors_info=&#8221;{}&#8221;][et_pb_column type=&#8221;4_4&#8243; _builder_version=&#8221;4.24.2&#8243; _module_preset=&#8221;default&#8221; global_colors_info=&#8221;{}&#8221;][et_pb_text _builder_version=&#8221;4.24.2&#8243; _module_preset=&#8221;default&#8221; custom_padding=&#8221;11px|||||&#8221; global_colors_info=&#8221;{}&#8221;]<strong>Auto elettriche, in Italia fino a 5,8 milioni di punti di ricarica totali al 2035<\/strong><\/p>\n<p><em>Presentato oggi a Roma, alla presenza di Istituzioni e vertici dell&#8217;industria, lo studio &#8220;Il futuro della mobilit\u00e0 elettrica in Italia @2035&#8221;. La ricerca, realizzata da Motus-E e PwC Strategy&amp;, offre le previsioni pi\u00f9 aggiornate sull&#8217;infrastruttura di ricarica a uso pubblico e privata e sul parco circolante elettrico italiano nei prossimi undici anni<\/em><\/p>\n<p>ROMA 1\u00b0 OTTOBRE 2024 &#8211; L\u2019Italia sar\u00e0 dotata entro il 2035 di un\u2019infrastruttura che conter\u00e0 tra i 198.000 e i 239.000 punti di ricarica a uso pubblico per i veicoli elettrici, grazie a\u00a0<strong>investimenti privati fino a 4 miliardi di euro<\/strong>, affiancati da oltre 5 milioni di punti di ricarica tra domestici e aziendali. \u00c8 quanto emerge dallo studio\u00a0<strong>\u201cIl futuro della mobilit\u00e0 elettrica in Italia @2035\u201d<\/strong>, presentato oggi a Roma da Motus-E e PwC Strategy&amp; in occasione dell\u2019evento \u201cIl futuro della mobilit\u00e0 elettrica. Il futuro dell\u2019Italia\u201d, che ha coinvolto istituzioni e vertici dei settori automotive ed energia.<\/p>\n<p>Partendo dalla consistenza attuale del circolante elettrico italiano, e dai circa 57.000 punti di ricarica a uso pubblico installati gi\u00e0 nella Penisola, il report aggiorna in base alle ultime evoluzioni regolatorie e di mercato le previsioni di penetrazione in Italia dei veicoli elettrici e ibridi plug-in (considerando le auto e i veicoli commerciali), nonch\u00e9 le stime di crescita dell\u2019infrastruttura di ricarica, estendendo l\u2019orizzonte temporale considerato fino al 2035.<\/p>\n<p><strong>\u00a0<\/strong><strong style=\"font-size: 14px;\">L\u2019analisi propone due scenari<\/strong><span style=\"font-size: 14px;\">\u00a0<\/span><span style=\"font-size: 14px;\">elaborati entrambi in modo prudenziale, tenendo conto dell\u2019attuale clima di incertezza normativa e dei relativi riflessi sui consumatori: lo Scenario Conservativo, che prevede una crescita del mercato dei veicoli elettrici contenuta nel breve e nel medio periodo, e lo Scenario Accelerato, che presenta un andamento del mercato simile nel breve termine, ma un pi\u00f9 sostenuto incremento nel medio-lungo periodo.<\/span><\/p>\n<p><strong>\u00a0<\/strong><strong style=\"font-size: 14px;\">Lo Scenario Conservativo<\/strong><\/p>\n<p>Nel dettaglio, lo Scenario Conservativo stima che al 2030 circoleranno in Italia\u00a0<strong>2,6 milioni di veicoli elettrici e 1,2 milioni di ibridi plug-in. Nel 2035 saranno rispettivamente 8,6 e 1,2 milioni di unit\u00e0<\/strong>.<\/p>\n<p>Sotto il profilo infrastrutturale, lo Scenario Conservativo prevede al 2030 la presenza in Italia di\u00a0<strong>115.000 punti di ricarica a uso pubblico al 2030 e 198.000 al 2035<\/strong>, con una composizione che vedr\u00e0 al termine dell\u2019orizzonte considerato il 52% di punti in corrente alternata (AC), il 36% di tipo veloce in corrente continua fino a 149 kW di potenza (DC) e il 12% ultraveloce con potenza dai 150 kW in su (c.d. \u201cHigh Power Charger\u201d o HPC). Proprio le colonnine ad altissima potenza saranno protagoniste assolute lungo le autostrade, con la rete di ricarica sulla grande viabilit\u00e0 che conter\u00e0 in questo scenario circa 4.000 punti di ricarica al 2030 e 7.000 al 2035, tutti in corrente continua, con il 79% di punti ultrafast HPC e il 21% di fast DC.<\/p>\n<p>Lo studio include poi un focus sullo sviluppo dell\u2019infrastruttura di ricarica privata, stimando nello Scenario Conservativo un numero di\u00a0<strong>punti di ricarica domestici pari a 1,5 milioni nel 2030 e a 4,4 milioni nel 2035<\/strong>, a cui sommare rispettivamente\u00a0<strong>143.000 e 451.000 punti di ricarica in ambito lavorativo<\/strong>.<\/p>\n<p>Sotto il profilo della domanda energetica, in questo scenario si stima al 2035 un incremento dei consumi elettrici nazionali (considerando la ricarica pubblica e privata) pari a 23 TWh, che rappresenta\u00a0<strong>meno dell\u20198% dell\u2019attuale domanda elettrica complessiva italiana<\/strong>.<\/p>\n<p><strong>\u00a0<\/strong><strong>Lo Scenario Accelerato<\/strong><\/p>\n<p><strong>\u00a0<\/strong><\/p>\n<p>Passando allo Scenario Accelerato, il report stima al 2030 un parco circolante di\u00a0<strong>3,6 milioni di veicoli elettrici e 1 milione di ibridi plug-in. Nel 2035 saranno rispettivamente 10,4 e 1 milione di unit\u00e0<\/strong>.<\/p>\n<p>In questo scenario, sul fronte infrastrutturale si prevede la presenza sul territorio italiano di\u00a0<strong>152.000 punti di ricarica a uso pubblico al 2030 e 239.000 al 2035<\/strong>. Di questi ultimi, il 52% sar\u00e0 in corrente alternata (AC), il 36% sar\u00e0 di tipo veloce in corrente continua fino a 149 kW di potenza (DC) e il 12% sar\u00e0 di tipo ultraveloce con potenza di almeno 150 kW (HPC). Guardando alle sole autostrade, lo Scenario Accelerato prevede lungo la grande viabilit\u00e0 la presenza di 5.000 punti di ricarica al 2030 e 9.000 al 2035, tutti in corrente continua, con il 79% di punti ultrafast HPC e il 21% di fast DC.<\/p>\n<p>&nbsp;<\/p>\n<p>Quanto alla ricarica privata, nello Scenario Accelerato vengono stimati\u00a0<strong>2,1 milioni di punti di ricarica domestici al 2030 e 5,3 milioni al 2035<\/strong>, a cui aggiungere rispettivamente\u00a0<strong>188.000 e 545.000 punti di ricarica in ambito lavorativo<\/strong>.<\/p>\n<p>&nbsp;<\/p>\n<p>Anche nello Scenario Accelerato l\u2019incremento della domanda di elettricit\u00e0 per la ricarica dei veicoli risulta marginale rispetto ai consumi elettrici nazionali, attestandosi a 28 TWh,\u00a0<strong>meno del 10% della domanda elettrica complessiva<\/strong>. Un incremento pienamente compatibile con il sistema elettrico italiano, gi\u00e0 ampiamente in grado negli anni scorsi di soddisfare livelli di consumo superiori a quelli previsti nei pi\u00f9 ambiziosi scenari di elettrificazione.<\/p>\n<p>&nbsp;<\/p>\n<p>\u201cDavanti a una transizione tecnologica globale come l\u2019elettrificazione dei trasporti\u00a0<strong>\u00e8 necessario partire dai dati per costruire in Europa un\u2019improcrastinabile politica industriale di rilancio per l\u2019automotive<\/strong>\u201d, commenta\u00a0<strong>il presidente di Motus-E, Fabio Pressi<\/strong>, osservando che per seguire l\u2019approccio orientato all\u2019innovazione sostenuto dal Rapporto Draghi \u201coccorre superare subito le sterili conflittualit\u00e0 ideologiche che stanno caratterizzando il dibattito sul futuro dell\u2019auto, alimentando un clima di incertezza che danneggia consumatori, lavoratori e industria\u201d.<\/p>\n<p>&nbsp;<\/p>\n<p>\u201cIn questo quadro il mercato italiano \u00e8 indubbiamente in ritardo rispetto agli altri grandi Paesi europei, ma grazie agli imponenti investimenti sulla rete di ricarica ha\u00a0<strong>un enorme potenziale di crescita sull\u2019elettrico<\/strong>, che pu\u00f2 essere concretizzato con un supporto chiaro e programmatico alla domanda di veicoli\u201d, aggiunge Pressi, \u201ccentrale sar\u00e0 quindi il piano di incentivi triennale anticipato dal ministro Urso nell\u2019ultima riunione del Tavolo Automotive, per il quale accelerare ora la messa a terra delle risorse per scongiurare un nuovo blocco del mercato, ma anche una revisione della fiscalit\u00e0 delle auto aziendali, ferma addirittura agli anni \u201990, funzionale peraltro ad alimentare il mercato dell\u2019usato elettrico\u201d.<\/p>\n<p>&nbsp;<\/p>\n<p>\u201cSebbene la velocit\u00e0 con cui gli obiettivi di elettrificazione verranno raggiunti sia ancora in discussione, ci troviamo di fronte ad\u00a0<strong>un cambiamento epocale nell\u2019industria dei trasporti su gomma, rispetto al quale la direzione \u00e8 chiara e tracciata<\/strong>. Ci\u00f2 comporter\u00e0 investimenti molto rilevanti nello sviluppo di infrastrutture e tecnologie innovative, nella filiera della ricarica come nel comparto automotive. Si tratta di un\u2019opportunit\u00e0 da non perdere per le aziende del nostro Paese\u201d, commenta\u00a0<strong>Giorgio Biscardini, partner PwC Strategy&amp;<\/strong>.<\/p>\n<p>&nbsp;<\/p>\n<p><strong>A cura di<\/strong><\/p>\n<p><strong>Ufficio Stampa Motus-E<\/strong><\/p>\n<p>&nbsp;<\/p>\n<div class=\"group\/conversation-turn relative flex w-full min-w-0 flex-col agent-turn\">\n<div class=\"flex-col gap-1 md:gap-3\">\n<div class=\"flex flex-grow flex-col max-w-full\">\n<div class=\"min-h-[20px] text-message flex w-full flex-col items-end gap-2 whitespace-pre-wrap break-words [.text-message+&amp;]:mt-5 overflow-x-auto\" dir=\"auto\" data-message-author-role=\"assistant\" data-message-id=\"5fb93923-1e75-42bb-9c9f-25fcda90c5be\">\n<div class=\"flex w-full flex-col gap-1 empty:hidden first:pt-[3px]\">\n<div class=\"markdown prose w-full break-words dark:prose-invert light\"><\/div>\n<\/div>\n<\/div>\n<\/div>\n<\/div>\n<\/div>\n<p>[\/et_pb_text][et_pb_button button_url=&#8221;https:\/\/drive.google.com\/file\/d\/1F44fIGoFtyy34oXo2-0spoH0P7r3uMZq\/view?usp=sharing&#8221; url_new_window=&#8221;on&#8221; button_text=&#8221;COMUNICATO STAMPA MOTUS-E&#8221; button_alignment=&#8221;left&#8221; _builder_version=&#8221;4.24.2&#8243; _module_preset=&#8221;default&#8221; custom_button=&#8221;on&#8221; button_text_size=&#8221;26px&#8221; button_text_color=&#8221;#FFFFFF&#8221; button_bg_color=&#8221;#0C71C3&#8243; button_border_radius=&#8221;10px&#8221; button_font=&#8221;Source Sans Pro|700||on|||||&#8221; hover_enabled=&#8221;0&#8243; global_colors_info=&#8221;{}&#8221; sticky_enabled=&#8221;0&#8243;][\/et_pb_button][\/et_pb_column][\/et_pb_row][\/et_pb_section]<\/p>\n","protected":false},"excerpt":{"rendered":"<p>[et_pb_section fb_built=&#8221;1&#8243; _builder_version=&#8221;4.24.2&#8243; _module_preset=&#8221;default&#8221; global_colors_info=&#8221;{}&#8221;][et_pb_row _builder_version=&#8221;4.24.2&#8243; _module_preset=&#8221;default&#8221; custom_padding=&#8221;0px|||||&#8221; global_colors_info=&#8221;{}&#8221;][et_pb_column type=&#8221;4_4&#8243; _builder_version=&#8221;4.24.2&#8243; _module_preset=&#8221;default&#8221; global_colors_info=&#8221;{}&#8221;][et_pb_text _builder_version=&#8221;4.24.2&#8243; _module_preset=&#8221;default&#8221; custom_padding=&#8221;11px|||||&#8221; global_colors_info=&#8221;{}&#8221;]Auto elettriche, in Italia fino a 5,8 milioni di punti di ricarica totali al 2035 Presentato oggi a Roma, alla presenza di Istituzioni e vertici dell&#8217;industria, lo studio &#8220;Il futuro della mobilit\u00e0 elettrica in Italia @2035&#8221;. La ricerca, realizzata [&hellip;]<\/p>\n","protected":false},"author":19,"featured_media":64857,"comment_status":"closed","ping_status":"open","sticky":false,"template":"","format":"chat","meta":{"_et_pb_use_builder":"","_et_pb_old_content":"","_et_gb_content_width":"","_exactmetrics_skip_tracking":false,"_exactmetrics_sitenote_active":false,"_exactmetrics_sitenote_note":"","_exactmetrics_sitenote_category":0,"footnotes":""},"categories":[114],"tags":[],"yoast_head":"<!-- This site is optimized with the Yoast SEO plugin v22.9 - https:\/\/yoast.com\/wordpress\/plugins\/seo\/ -->\n<title>Auto elettriche, in Italia fino a 5,8 milioni di punti di ricarica totali al 2035 &#8226; e_mob<\/title>\n<meta name=\"description\" content=\"e_mob \u00e8 il tavolo permanente degli stakeholder della mobilit\u00e0 elettrica in Italia. Organizza ogni anno a Milano la Conferenza Nazionale del settore, nel 2021 in programma dal 16 al 19 ottobre.\" \/>\n<meta name=\"robots\" content=\"index, follow, max-snippet:-1, max-image-preview:large, max-video-preview:-1\" \/>\n<link rel=\"canonical\" href=\"https:\/\/emob-italia.it\/2024\/10\/03\/auto-elettriche-in-italia-fino-a-58-milioni-di-punti-di-ricarica-totali-al-2035\/\" \/>\n<meta property=\"og:locale\" content=\"en_US\" \/>\n<meta property=\"og:type\" content=\"article\" \/>\n<meta property=\"og:title\" content=\"Auto elettriche, in Italia fino a 5,8 milioni di punti di ricarica totali al 2035 &#8226; e_mob\" \/>\n<meta property=\"og:description\" content=\"e_mob \u00e8 il tavolo permanente degli stakeholder della mobilit\u00e0 elettrica in Italia. Organizza ogni anno a Milano la Conferenza Nazionale del settore, nel 2021 in programma dal 16 al 19 ottobre.\" \/>\n<meta property=\"og:url\" content=\"https:\/\/emob-italia.it\/2024\/10\/03\/auto-elettriche-in-italia-fino-a-58-milioni-di-punti-di-ricarica-totali-al-2035\/\" \/>\n<meta property=\"og:site_name\" content=\"e_mob\" \/>\n<meta property=\"article:publisher\" content=\"https:\/\/www.facebook.com\/emobitalia\/\" \/>\n<meta property=\"article:published_time\" content=\"2024-10-03T08:14:06+00:00\" \/>\n<meta property=\"article:modified_time\" content=\"2024-10-03T10:02:12+00:00\" \/>\n<meta property=\"og:image\" content=\"https:\/\/emob-italia.it\/wp-content\/uploads\/2024\/10\/3.png\" \/>\n\t<meta property=\"og:image:width\" content=\"1200\" \/>\n\t<meta property=\"og:image:height\" content=\"630\" \/>\n\t<meta property=\"og:image:type\" content=\"image\/png\" \/>\n<meta name=\"author\" content=\"Redazione\" \/>\n<meta name=\"twitter:label1\" content=\"Written by\" \/>\n\t<meta name=\"twitter:data1\" content=\"Redazione\" \/>\n\t<meta name=\"twitter:label2\" content=\"Est. reading time\" \/>\n\t<meta name=\"twitter:data2\" content=\"6 minutes\" \/>\n<script type=\"application\/ld+json\" class=\"yoast-schema-graph\">{\"@context\":\"https:\/\/schema.org\",\"@graph\":[{\"@type\":\"Article\",\"@id\":\"https:\/\/emob-italia.it\/2024\/10\/03\/auto-elettriche-in-italia-fino-a-58-milioni-di-punti-di-ricarica-totali-al-2035\/#article\",\"isPartOf\":{\"@id\":\"https:\/\/emob-italia.it\/2024\/10\/03\/auto-elettriche-in-italia-fino-a-58-milioni-di-punti-di-ricarica-totali-al-2035\/\"},\"author\":{\"name\":\"Redazione\",\"@id\":\"https:\/\/emob-italia.it\/#\/schema\/person\/59871c976b1a5e842e3d0b98901e4f6d\"},\"headline\":\"Auto elettriche, in Italia fino a 5,8 milioni di punti di ricarica totali al 2035\",\"datePublished\":\"2024-10-03T08:14:06+00:00\",\"dateModified\":\"2024-10-03T10:02:12+00:00\",\"mainEntityOfPage\":{\"@id\":\"https:\/\/emob-italia.it\/2024\/10\/03\/auto-elettriche-in-italia-fino-a-58-milioni-di-punti-di-ricarica-totali-al-2035\/\"},\"wordCount\":1162,\"publisher\":{\"@id\":\"https:\/\/emob-italia.it\/#organization\"},\"image\":{\"@id\":\"https:\/\/emob-italia.it\/2024\/10\/03\/auto-elettriche-in-italia-fino-a-58-milioni-di-punti-di-ricarica-totali-al-2035\/#primaryimage\"},\"thumbnailUrl\":\"https:\/\/emob-italia.it\/wp-content\/uploads\/2024\/10\/24c.jpg\",\"articleSection\":[\"Notizie Newsletter\"],\"inLanguage\":\"en-US\"},{\"@type\":\"WebPage\",\"@id\":\"https:\/\/emob-italia.it\/2024\/10\/03\/auto-elettriche-in-italia-fino-a-58-milioni-di-punti-di-ricarica-totali-al-2035\/\",\"url\":\"https:\/\/emob-italia.it\/2024\/10\/03\/auto-elettriche-in-italia-fino-a-58-milioni-di-punti-di-ricarica-totali-al-2035\/\",\"name\":\"Auto elettriche, in Italia fino a 5,8 milioni di punti di ricarica totali al 2035 &#8226; e_mob\",\"isPartOf\":{\"@id\":\"https:\/\/emob-italia.it\/#website\"},\"primaryImageOfPage\":{\"@id\":\"https:\/\/emob-italia.it\/2024\/10\/03\/auto-elettriche-in-italia-fino-a-58-milioni-di-punti-di-ricarica-totali-al-2035\/#primaryimage\"},\"image\":{\"@id\":\"https:\/\/emob-italia.it\/2024\/10\/03\/auto-elettriche-in-italia-fino-a-58-milioni-di-punti-di-ricarica-totali-al-2035\/#primaryimage\"},\"thumbnailUrl\":\"https:\/\/emob-italia.it\/wp-content\/uploads\/2024\/10\/24c.jpg\",\"datePublished\":\"2024-10-03T08:14:06+00:00\",\"dateModified\":\"2024-10-03T10:02:12+00:00\",\"description\":\"e_mob \u00e8 il tavolo permanente degli stakeholder della mobilit\u00e0 elettrica in Italia. Organizza ogni anno a Milano la Conferenza Nazionale del settore, nel 2021 in programma dal 16 al 19 ottobre.\",\"breadcrumb\":{\"@id\":\"https:\/\/emob-italia.it\/2024\/10\/03\/auto-elettriche-in-italia-fino-a-58-milioni-di-punti-di-ricarica-totali-al-2035\/#breadcrumb\"},\"inLanguage\":\"en-US\",\"potentialAction\":[{\"@type\":\"ReadAction\",\"target\":[\"https:\/\/emob-italia.it\/2024\/10\/03\/auto-elettriche-in-italia-fino-a-58-milioni-di-punti-di-ricarica-totali-al-2035\/\"]}]},{\"@type\":\"ImageObject\",\"inLanguage\":\"en-US\",\"@id\":\"https:\/\/emob-italia.it\/2024\/10\/03\/auto-elettriche-in-italia-fino-a-58-milioni-di-punti-di-ricarica-totali-al-2035\/#primaryimage\",\"url\":\"https:\/\/emob-italia.it\/wp-content\/uploads\/2024\/10\/24c.jpg\",\"contentUrl\":\"https:\/\/emob-italia.it\/wp-content\/uploads\/2024\/10\/24c.jpg\",\"width\":1920,\"height\":1080},{\"@type\":\"BreadcrumbList\",\"@id\":\"https:\/\/emob-italia.it\/2024\/10\/03\/auto-elettriche-in-italia-fino-a-58-milioni-di-punti-di-ricarica-totali-al-2035\/#breadcrumb\",\"itemListElement\":[{\"@type\":\"ListItem\",\"position\":1,\"name\":\"Home\",\"item\":\"https:\/\/emob-italia.it\/en\/\"},{\"@type\":\"ListItem\",\"position\":2,\"name\":\"Auto elettriche, in Italia fino a 5,8 milioni di punti di ricarica totali al 2035\"}]},{\"@type\":\"WebSite\",\"@id\":\"https:\/\/emob-italia.it\/#website\",\"url\":\"https:\/\/emob-italia.it\/\",\"name\":\"e_mob\",\"description\":\"Mobilit\u00e0 Elettrica\",\"publisher\":{\"@id\":\"https:\/\/emob-italia.it\/#organization\"},\"potentialAction\":[{\"@type\":\"SearchAction\",\"target\":{\"@type\":\"EntryPoint\",\"urlTemplate\":\"https:\/\/emob-italia.it\/?s={search_term_string}\"},\"query-input\":\"required name=search_term_string\"}],\"inLanguage\":\"en-US\"},{\"@type\":\"Organization\",\"@id\":\"https:\/\/emob-italia.it\/#organization\",\"name\":\"Class Onlus\",\"url\":\"https:\/\/emob-italia.it\/\",\"logo\":{\"@type\":\"ImageObject\",\"inLanguage\":\"en-US\",\"@id\":\"https:\/\/emob-italia.it\/#\/schema\/logo\/image\/\",\"url\":\"https:\/\/emob-italia.it\/wp-content\/uploads\/2019\/03\/0_CLASS-ONLUS-logo-web.png\",\"contentUrl\":\"https:\/\/emob-italia.it\/wp-content\/uploads\/2019\/03\/0_CLASS-ONLUS-logo-web.png\",\"width\":598,\"height\":202,\"caption\":\"Class Onlus\"},\"image\":{\"@id\":\"https:\/\/emob-italia.it\/#\/schema\/logo\/image\/\"},\"sameAs\":[\"https:\/\/www.facebook.com\/emobitalia\/\",\"https:\/\/www.instagram.com\/e_mob_italia\/\",\"https:\/\/www.linkedin.com\/groups\/12186185\/\",\"https:\/\/www.youtube.com\/channel\/UCvnTcrhggAX_AkFwGxRfqFw\/featured?view_as=subscriber\"]},{\"@type\":\"Person\",\"@id\":\"https:\/\/emob-italia.it\/#\/schema\/person\/59871c976b1a5e842e3d0b98901e4f6d\",\"name\":\"Redazione\",\"image\":{\"@type\":\"ImageObject\",\"inLanguage\":\"en-US\",\"@id\":\"https:\/\/emob-italia.it\/#\/schema\/person\/image\/\",\"url\":\"https:\/\/secure.gravatar.com\/avatar\/5389093e19decc01f17a4f367aa6ce45?s=96&r=g\",\"contentUrl\":\"https:\/\/secure.gravatar.com\/avatar\/5389093e19decc01f17a4f367aa6ce45?s=96&r=g\",\"caption\":\"Redazione\"},\"url\":\"https:\/\/emob-italia.it\/en\/author\/redazione\/\"}]}<\/script>\n<!-- \/ Yoast SEO plugin. -->","yoast_head_json":{"title":"Auto elettriche, in Italia fino a 5,8 milioni di punti di ricarica totali al 2035 &#8226; e_mob","description":"e_mob \u00e8 il tavolo permanente degli stakeholder della mobilit\u00e0 elettrica in Italia. Organizza ogni anno a Milano la Conferenza Nazionale del settore, nel 2021 in programma dal 16 al 19 ottobre.","robots":{"index":"index","follow":"follow","max-snippet":"max-snippet:-1","max-image-preview":"max-image-preview:large","max-video-preview":"max-video-preview:-1"},"canonical":"https:\/\/emob-italia.it\/2024\/10\/03\/auto-elettriche-in-italia-fino-a-58-milioni-di-punti-di-ricarica-totali-al-2035\/","og_locale":"en_US","og_type":"article","og_title":"Auto elettriche, in Italia fino a 5,8 milioni di punti di ricarica totali al 2035 &#8226; e_mob","og_description":"e_mob \u00e8 il tavolo permanente degli stakeholder della mobilit\u00e0 elettrica in Italia. Organizza ogni anno a Milano la Conferenza Nazionale del settore, nel 2021 in programma dal 16 al 19 ottobre.","og_url":"https:\/\/emob-italia.it\/2024\/10\/03\/auto-elettriche-in-italia-fino-a-58-milioni-di-punti-di-ricarica-totali-al-2035\/","og_site_name":"e_mob","article_publisher":"https:\/\/www.facebook.com\/emobitalia\/","article_published_time":"2024-10-03T08:14:06+00:00","article_modified_time":"2024-10-03T10:02:12+00:00","og_image":[{"width":1200,"height":630,"url":"https:\/\/emob-italia.it\/wp-content\/uploads\/2024\/10\/3.png","type":"image\/png"}],"author":"Redazione","twitter_misc":{"Written by":"Redazione","Est. reading time":"6 minutes"},"schema":{"@context":"https:\/\/schema.org","@graph":[{"@type":"Article","@id":"https:\/\/emob-italia.it\/2024\/10\/03\/auto-elettriche-in-italia-fino-a-58-milioni-di-punti-di-ricarica-totali-al-2035\/#article","isPartOf":{"@id":"https:\/\/emob-italia.it\/2024\/10\/03\/auto-elettriche-in-italia-fino-a-58-milioni-di-punti-di-ricarica-totali-al-2035\/"},"author":{"name":"Redazione","@id":"https:\/\/emob-italia.it\/#\/schema\/person\/59871c976b1a5e842e3d0b98901e4f6d"},"headline":"Auto elettriche, in Italia fino a 5,8 milioni di punti di ricarica totali al 2035","datePublished":"2024-10-03T08:14:06+00:00","dateModified":"2024-10-03T10:02:12+00:00","mainEntityOfPage":{"@id":"https:\/\/emob-italia.it\/2024\/10\/03\/auto-elettriche-in-italia-fino-a-58-milioni-di-punti-di-ricarica-totali-al-2035\/"},"wordCount":1162,"publisher":{"@id":"https:\/\/emob-italia.it\/#organization"},"image":{"@id":"https:\/\/emob-italia.it\/2024\/10\/03\/auto-elettriche-in-italia-fino-a-58-milioni-di-punti-di-ricarica-totali-al-2035\/#primaryimage"},"thumbnailUrl":"https:\/\/emob-italia.it\/wp-content\/uploads\/2024\/10\/24c.jpg","articleSection":["Notizie Newsletter"],"inLanguage":"en-US"},{"@type":"WebPage","@id":"https:\/\/emob-italia.it\/2024\/10\/03\/auto-elettriche-in-italia-fino-a-58-milioni-di-punti-di-ricarica-totali-al-2035\/","url":"https:\/\/emob-italia.it\/2024\/10\/03\/auto-elettriche-in-italia-fino-a-58-milioni-di-punti-di-ricarica-totali-al-2035\/","name":"Auto elettriche, in Italia fino a 5,8 milioni di punti di ricarica totali al 2035 &#8226; e_mob","isPartOf":{"@id":"https:\/\/emob-italia.it\/#website"},"primaryImageOfPage":{"@id":"https:\/\/emob-italia.it\/2024\/10\/03\/auto-elettriche-in-italia-fino-a-58-milioni-di-punti-di-ricarica-totali-al-2035\/#primaryimage"},"image":{"@id":"https:\/\/emob-italia.it\/2024\/10\/03\/auto-elettriche-in-italia-fino-a-58-milioni-di-punti-di-ricarica-totali-al-2035\/#primaryimage"},"thumbnailUrl":"https:\/\/emob-italia.it\/wp-content\/uploads\/2024\/10\/24c.jpg","datePublished":"2024-10-03T08:14:06+00:00","dateModified":"2024-10-03T10:02:12+00:00","description":"e_mob \u00e8 il tavolo permanente degli stakeholder della mobilit\u00e0 elettrica in Italia. Organizza ogni anno a Milano la Conferenza Nazionale del settore, nel 2021 in programma dal 16 al 19 ottobre.","breadcrumb":{"@id":"https:\/\/emob-italia.it\/2024\/10\/03\/auto-elettriche-in-italia-fino-a-58-milioni-di-punti-di-ricarica-totali-al-2035\/#breadcrumb"},"inLanguage":"en-US","potentialAction":[{"@type":"ReadAction","target":["https:\/\/emob-italia.it\/2024\/10\/03\/auto-elettriche-in-italia-fino-a-58-milioni-di-punti-di-ricarica-totali-al-2035\/"]}]},{"@type":"ImageObject","inLanguage":"en-US","@id":"https:\/\/emob-italia.it\/2024\/10\/03\/auto-elettriche-in-italia-fino-a-58-milioni-di-punti-di-ricarica-totali-al-2035\/#primaryimage","url":"https:\/\/emob-italia.it\/wp-content\/uploads\/2024\/10\/24c.jpg","contentUrl":"https:\/\/emob-italia.it\/wp-content\/uploads\/2024\/10\/24c.jpg","width":1920,"height":1080},{"@type":"BreadcrumbList","@id":"https:\/\/emob-italia.it\/2024\/10\/03\/auto-elettriche-in-italia-fino-a-58-milioni-di-punti-di-ricarica-totali-al-2035\/#breadcrumb","itemListElement":[{"@type":"ListItem","position":1,"name":"Home","item":"https:\/\/emob-italia.it\/en\/"},{"@type":"ListItem","position":2,"name":"Auto elettriche, in Italia fino a 5,8 milioni di punti di ricarica totali al 2035"}]},{"@type":"WebSite","@id":"https:\/\/emob-italia.it\/#website","url":"https:\/\/emob-italia.it\/","name":"e_mob","description":"Mobilit\u00e0 Elettrica","publisher":{"@id":"https:\/\/emob-italia.it\/#organization"},"potentialAction":[{"@type":"SearchAction","target":{"@type":"EntryPoint","urlTemplate":"https:\/\/emob-italia.it\/?s={search_term_string}"},"query-input":"required name=search_term_string"}],"inLanguage":"en-US"},{"@type":"Organization","@id":"https:\/\/emob-italia.it\/#organization","name":"Class Onlus","url":"https:\/\/emob-italia.it\/","logo":{"@type":"ImageObject","inLanguage":"en-US","@id":"https:\/\/emob-italia.it\/#\/schema\/logo\/image\/","url":"https:\/\/emob-italia.it\/wp-content\/uploads\/2019\/03\/0_CLASS-ONLUS-logo-web.png","contentUrl":"https:\/\/emob-italia.it\/wp-content\/uploads\/2019\/03\/0_CLASS-ONLUS-logo-web.png","width":598,"height":202,"caption":"Class Onlus"},"image":{"@id":"https:\/\/emob-italia.it\/#\/schema\/logo\/image\/"},"sameAs":["https:\/\/www.facebook.com\/emobitalia\/","https:\/\/www.instagram.com\/e_mob_italia\/","https:\/\/www.linkedin.com\/groups\/12186185\/","https:\/\/www.youtube.com\/channel\/UCvnTcrhggAX_AkFwGxRfqFw\/featured?view_as=subscriber"]},{"@type":"Person","@id":"https:\/\/emob-italia.it\/#\/schema\/person\/59871c976b1a5e842e3d0b98901e4f6d","name":"Redazione","image":{"@type":"ImageObject","inLanguage":"en-US","@id":"https:\/\/emob-italia.it\/#\/schema\/person\/image\/","url":"https:\/\/secure.gravatar.com\/avatar\/5389093e19decc01f17a4f367aa6ce45?s=96&r=g","contentUrl":"https:\/\/secure.gravatar.com\/avatar\/5389093e19decc01f17a4f367aa6ce45?s=96&r=g","caption":"Redazione"},"url":"https:\/\/emob-italia.it\/en\/author\/redazione\/"}]}},"_links":{"self":[{"href":"https:\/\/emob-italia.it\/en\/wp-json\/wp\/v2\/posts\/64852"}],"collection":[{"href":"https:\/\/emob-italia.it\/en\/wp-json\/wp\/v2\/posts"}],"about":[{"href":"https:\/\/emob-italia.it\/en\/wp-json\/wp\/v2\/types\/post"}],"author":[{"embeddable":true,"href":"https:\/\/emob-italia.it\/en\/wp-json\/wp\/v2\/users\/19"}],"replies":[{"embeddable":true,"href":"https:\/\/emob-italia.it\/en\/wp-json\/wp\/v2\/comments?post=64852"}],"version-history":[{"count":2,"href":"https:\/\/emob-italia.it\/en\/wp-json\/wp\/v2\/posts\/64852\/revisions"}],"predecessor-version":[{"id":64864,"href":"https:\/\/emob-italia.it\/en\/wp-json\/wp\/v2\/posts\/64852\/revisions\/64864"}],"wp:featuredmedia":[{"embeddable":true,"href":"https:\/\/emob-italia.it\/en\/wp-json\/wp\/v2\/media\/64857"}],"wp:attachment":[{"href":"https:\/\/emob-italia.it\/en\/wp-json\/wp\/v2\/media?parent=64852"}],"wp:term":[{"taxonomy":"category","embeddable":true,"href":"https:\/\/emob-italia.it\/en\/wp-json\/wp\/v2\/categories?post=64852"},{"taxonomy":"post_tag","embeddable":true,"href":"https:\/\/emob-italia.it\/en\/wp-json\/wp\/v2\/tags?post=64852"}],"curies":[{"name":"wp","href":"https:\/\/api.w.org\/{rel}","templated":true}]}}