{"id":64819,"date":"2024-10-03T11:47:33","date_gmt":"2024-10-03T09:47:33","guid":{"rendered":"https:\/\/emob-italia.it\/?p=64819"},"modified":"2024-10-03T12:01:18","modified_gmt":"2024-10-03T10:01:18","slug":"insieme-benefit-e-la-comunita-assicurativa-degli-utilizzatori-di-veicoli-elettrici","status":"publish","type":"post","link":"https:\/\/emob-italia.it\/en\/2024\/10\/03\/insieme-benefit-e-la-comunita-assicurativa-degli-utilizzatori-di-veicoli-elettrici\/","title":{"rendered":"Insieme Benefit \u00e8 la Comunit\u00e0 Assicurativa degli Utilizzatori di Veicoli Elettrici"},"content":{"rendered":"<p>[et_pb_section fb_built=&#8221;1&#8243; _builder_version=&#8221;4.24.2&#8243; _module_preset=&#8221;default&#8221; global_colors_info=&#8221;{}&#8221;][et_pb_row _builder_version=&#8221;4.24.2&#8243; _module_preset=&#8221;default&#8221; custom_padding=&#8221;0px|||||&#8221; global_colors_info=&#8221;{}&#8221;][et_pb_column type=&#8221;4_4&#8243; _builder_version=&#8221;4.24.2&#8243; _module_preset=&#8221;default&#8221; global_colors_info=&#8221;{}&#8221;][et_pb_text _builder_version=&#8221;4.24.2&#8243; _module_preset=&#8221;default&#8221; custom_padding=&#8221;11px|||||&#8221; global_colors_info=&#8221;{}&#8221;]<\/p>\n<div class=\"flex-shrink-0 flex flex-col relative items-end\">\n<div>\n<div class=\"pt-0\">\n<div class=\"gizmo-bot-avatar flex h-8 w-8 items-center justify-center overflow-hidden rounded-full\"><\/div>\n<\/div>\n<\/div>\n<\/div>\n<div class=\"group\/conversation-turn relative flex w-full min-w-0 flex-col agent-turn\">\n<div class=\"flex-col gap-1 md:gap-3\">\n<div class=\"flex flex-grow flex-col max-w-full\">\n<div class=\"min-h-[20px] text-message flex w-full flex-col items-end gap-2 whitespace-pre-wrap break-words [.text-message+&amp;]:mt-5 overflow-x-auto\" dir=\"auto\" data-message-author-role=\"assistant\" data-message-id=\"5fb93923-1e75-42bb-9c9f-25fcda90c5be\">\n<div class=\"flex w-full flex-col gap-1 empty:hidden first:pt-[3px]\">\n<div class=\"markdown prose w-full break-words dark:prose-invert light\">\n<p style=\"text-align: justify;\">Insieme Benefit \u00e8 una comunit\u00e0 <strong>assicurativa<\/strong> senza scopo di lucro, dedicata agli utilizzatori di veicoli elettrici. Offre soluzioni specifiche per <strong>proteggere<\/strong> questi <strong>veicoli<\/strong> dagli imprevisti e dai danni. La particolarit\u00e0 di Insieme Benefit \u00e8 che i suoi operatori sono dipendenti a tempo indeterminato e non percepiscono provvigioni, garantendo cos\u00ec <strong>informazioni trasparenti<\/strong> e imparziali. Collaborare con loro significa affidarsi a un partner che conosce bene le esigenze degli utenti, poich\u00e9 \u00e8 composto dagli stessi possessori di veicoli elettrici.<\/p>\n<p style=\"text-align: justify;\"><strong>Fonte: Insieme Benefit<\/strong><\/p>\n<h4><\/h4>\n<\/div>\n<\/div>\n<\/div>\n<\/div>\n<\/div>\n<\/div>\n<p>[\/et_pb_text][et_pb_button button_url=&#8221;https:\/\/www.facebook.com\/story.php?story_fbid=1021126886681230&#038;id=100063517842216&#038;rdid=vYZkhb9bVtP0RI7y&#8221; url_new_window=&#8221;on&#8221; button_text=&#8221;APPROFONDISCI&#8221; button_alignment=&#8221;left&#8221; _builder_version=&#8221;4.24.2&#8243; _module_preset=&#8221;default&#8221; custom_button=&#8221;on&#8221; button_text_size=&#8221;26px&#8221; button_text_color=&#8221;#FFFFFF&#8221; button_bg_color=&#8221;#0C71C3&#8243; button_border_radius=&#8221;10px&#8221; button_font=&#8221;Source Sans Pro|700||on|||||&#8221; global_colors_info=&#8221;{}&#8221;][\/et_pb_button][\/et_pb_column][\/et_pb_row][\/et_pb_section]<\/p>\n","protected":false},"excerpt":{"rendered":"<p>Insieme Benefit \u00e8 una comunit\u00e0 assicurativa senza scopo di lucro, dedicata agli utilizzatori di veicoli elettrici. Offre soluzioni specifiche per proteggere questi veicoli dagli imprevisti e dai danni. La particolarit\u00e0 di Insieme Benefit \u00e8 che i suoi operatori sono dipendenti a tempo indeterminato e non percepiscono provvigioni, garantendo cos\u00ec informazioni trasparenti e imparziali. Collaborare con [&hellip;]<\/p>\n","protected":false},"author":19,"featured_media":64855,"comment_status":"closed","ping_status":"open","sticky":false,"template":"","format":"chat","meta":{"_et_pb_use_builder":"on","_et_pb_old_content":"<p>[et_pb_section fb_built=\"1\" _builder_version=\"4.24.2\" _module_preset=\"default\" global_colors_info=\"{}\"][et_pb_row _builder_version=\"4.24.2\" _module_preset=\"default\" custom_padding=\"0px|||||\" global_colors_info=\"{}\"][et_pb_column type=\"4_4\" _builder_version=\"4.24.2\" _module_preset=\"default\" global_colors_info=\"{}\"][et_pb_text _builder_version=\"4.24.2\" _module_preset=\"default\" custom_padding=\"11px|||||\" global_colors_info=\"{}\"]<\/p><table role=\"presentation\" border=\"0\" width=\"552\" cellspacing=\"9\" cellpadding=\"0\"><tbody><tr><td class=\"long-text links-color\" align=\"left\" valign=\"top\" width=\"100%\"><p><span style=\"font-size: 14px;\">Siamo lieti di presentare il <\/span><strong style=\"font-size: 14px;\">Pre e_mob<\/strong><span style=\"font-size: 14px;\">, che si svolger\u00e0<\/span><strong style=\"font-size: 14px;\">\u00a001 ottobre 2024<\/strong><span style=\"font-size: 14px;\">\u00a0<\/span><strong style=\"font-size: 14px;\">dalle 9.30 alle 12.30<\/strong><span style=\"font-size: 14px;\">, presso<\/span><span style=\"font-size: 14px;\">\u00a0<\/span><strong style=\"font-size: 14px;\">Auditorium Testori, Piazza Citt\u00e0 di Lombardia 1, Milano.<\/strong><\/p><p>L'evento, tratter\u00e0 l'argomento: ''Batterie esauste: riciclo o riuso?<br \/>Prospettive tecnologiche e di gestione in un\u2019ottica di economia circolare''. Coinvolger\u00e0 alcuni dei pi\u00f9 autorevoli stakeholder dei settori energia e automotive. Sar\u00e0 un'opportunit\u00e0 per condividere preziose testimonianze e spunti di riflessione su come Industria e Istituzioni possano collaborare per accelerare la transizione energetica e tecnologica in Italia. Insieme alla Regione Lombardia presenteremo gli strumenti necessari per creare la filiera industriale italiana sul trattamento a fine vita delle batterie al litio.<\/p><p><strong><em>Sar\u00e0 possibile confermare la propria partecipazione cliccando sull' opzione sottostante e inserendo i propri dati (la partecipazione \u00e8 gratuita previa iscrizione):<\/em><\/strong><\/p><\/td><\/tr><\/tbody><\/table><div class=\"flex-shrink-0 flex flex-col relative items-end\"><div><div class=\"pt-0\"><div class=\"gizmo-bot-avatar flex h-8 w-8 items-center justify-center overflow-hidden rounded-full\">\u00a0<\/div><\/div><\/div><\/div><div class=\"group\/conversation-turn relative flex w-full min-w-0 flex-col agent-turn\"><div class=\"flex-col gap-1 md:gap-3\"><div class=\"flex flex-grow flex-col max-w-full\"><div class=\"min-h-[20px] text-message flex w-full flex-col items-end gap-2 whitespace-pre-wrap break-words [.text-message+&]:mt-5 overflow-x-auto\" dir=\"auto\" data-message-author-role=\"assistant\" data-message-id=\"5fb93923-1e75-42bb-9c9f-25fcda90c5be\"><div class=\"flex w-full flex-col gap-1 empty:hidden first:pt-[3px]\"><div class=\"markdown prose w-full break-words dark:prose-invert light\"><h3>\u00a0<\/h3><h4>\u00a0<\/h4><\/div><\/div><\/div><\/div><\/div><\/div><p>[\/et_pb_text][et_pb_button button_url=\"https:\/\/drive.google.com\/file\/d\/1v3rDo5Oc2EZlCwA8R_D-PuLVjwZL2QxQ\/view?usp=sharing\" url_new_window=\"on\" button_text=\"PROGRAMMA\" button_alignment=\"left\" _builder_version=\"4.24.2\" _module_preset=\"default\" custom_button=\"on\" button_text_size=\"26px\" button_text_color=\"#FFFFFF\" button_bg_color=\"#0C71C3\" button_border_radius=\"10px\" button_font=\"Source Sans Pro|700||on|||||\" hover_enabled=\"0\" global_colors_info=\"{}\" sticky_enabled=\"0\"][\/et_pb_button][et_pb_button button_url=\"https:\/\/docs.google.com\/forms\/d\/1cXJIoKrZVmHxInl2HM871VRIYI4tSm5WDcnT2R9RlYk\/edit?pli=1\" url_new_window=\"on\" button_text=\"CLICCA QUI PER PARTECIPARE \" button_alignment=\"left\" _builder_version=\"4.24.2\" _module_preset=\"default\" custom_button=\"on\" button_text_size=\"26px\" button_text_color=\"#FFFFFF\" button_bg_color=\"#0C71C3\" button_border_radius=\"10px\" button_font=\"Source Sans Pro|700||on|||||\" global_colors_info=\"{}\"][\/et_pb_button][\/et_pb_column][\/et_pb_row][\/et_pb_section]<\/p>","_et_gb_content_width":"","_exactmetrics_skip_tracking":false,"_exactmetrics_sitenote_active":false,"_exactmetrics_sitenote_note":"","_exactmetrics_sitenote_category":0,"footnotes":""},"categories":[114],"tags":[],"yoast_head":"<!-- This site is optimized with the Yoast SEO plugin v22.9 - https:\/\/yoast.com\/wordpress\/plugins\/seo\/ -->\n<title>Insieme Benefit \u00e8 la Comunit\u00e0 Assicurativa degli Utilizzatori di Veicoli Elettrici &#8226; e_mob<\/title>\n<meta name=\"description\" content=\"e_mob \u00e8 il tavolo permanente degli stakeholder della mobilit\u00e0 elettrica in Italia. Organizza ogni anno a Milano la Conferenza Nazionale del settore, nel 2021 in programma dal 16 al 19 ottobre.\" \/>\n<meta name=\"robots\" content=\"index, follow, max-snippet:-1, max-image-preview:large, max-video-preview:-1\" \/>\n<link rel=\"canonical\" href=\"https:\/\/emob-italia.it\/2024\/10\/03\/insieme-benefit-e-la-comunita-assicurativa-degli-utilizzatori-di-veicoli-elettrici\/\" \/>\n<meta property=\"og:locale\" content=\"en_US\" \/>\n<meta property=\"og:type\" content=\"article\" \/>\n<meta property=\"og:title\" content=\"Insieme Benefit \u00e8 la Comunit\u00e0 Assicurativa degli Utilizzatori di Veicoli Elettrici &#8226; e_mob\" \/>\n<meta property=\"og:description\" content=\"e_mob \u00e8 il tavolo permanente degli stakeholder della mobilit\u00e0 elettrica in Italia. Organizza ogni anno a Milano la Conferenza Nazionale del settore, nel 2021 in programma dal 16 al 19 ottobre.\" \/>\n<meta property=\"og:url\" content=\"https:\/\/emob-italia.it\/2024\/10\/03\/insieme-benefit-e-la-comunita-assicurativa-degli-utilizzatori-di-veicoli-elettrici\/\" \/>\n<meta property=\"og:site_name\" content=\"e_mob\" \/>\n<meta property=\"article:publisher\" content=\"https:\/\/www.facebook.com\/emobitalia\/\" \/>\n<meta property=\"article:published_time\" content=\"2024-10-03T09:47:33+00:00\" \/>\n<meta property=\"article:modified_time\" content=\"2024-10-03T10:01:18+00:00\" \/>\n<meta property=\"og:image\" content=\"https:\/\/emob-italia.it\/wp-content\/uploads\/2024\/10\/4.png\" \/>\n\t<meta property=\"og:image:width\" content=\"1200\" \/>\n\t<meta property=\"og:image:height\" content=\"630\" \/>\n\t<meta property=\"og:image:type\" content=\"image\/png\" \/>\n<meta name=\"author\" content=\"Redazione\" \/>\n<meta name=\"twitter:label1\" content=\"Written by\" \/>\n\t<meta name=\"twitter:data1\" content=\"Redazione\" \/>\n\t<meta name=\"twitter:label2\" content=\"Est. reading time\" \/>\n\t<meta name=\"twitter:data2\" content=\"1 minute\" \/>\n<script type=\"application\/ld+json\" class=\"yoast-schema-graph\">{\"@context\":\"https:\/\/schema.org\",\"@graph\":[{\"@type\":\"Article\",\"@id\":\"https:\/\/emob-italia.it\/2024\/10\/03\/insieme-benefit-e-la-comunita-assicurativa-degli-utilizzatori-di-veicoli-elettrici\/#article\",\"isPartOf\":{\"@id\":\"https:\/\/emob-italia.it\/2024\/10\/03\/insieme-benefit-e-la-comunita-assicurativa-degli-utilizzatori-di-veicoli-elettrici\/\"},\"author\":{\"name\":\"Redazione\",\"@id\":\"https:\/\/emob-italia.it\/#\/schema\/person\/59871c976b1a5e842e3d0b98901e4f6d\"},\"headline\":\"Insieme Benefit \u00e8 la Comunit\u00e0 Assicurativa degli Utilizzatori di Veicoli Elettrici\",\"datePublished\":\"2024-10-03T09:47:33+00:00\",\"dateModified\":\"2024-10-03T10:01:18+00:00\",\"mainEntityOfPage\":{\"@id\":\"https:\/\/emob-italia.it\/2024\/10\/03\/insieme-benefit-e-la-comunita-assicurativa-degli-utilizzatori-di-veicoli-elettrici\/\"},\"wordCount\":218,\"publisher\":{\"@id\":\"https:\/\/emob-italia.it\/#organization\"},\"image\":{\"@id\":\"https:\/\/emob-italia.it\/2024\/10\/03\/insieme-benefit-e-la-comunita-assicurativa-degli-utilizzatori-di-veicoli-elettrici\/#primaryimage\"},\"thumbnailUrl\":\"https:\/\/emob-italia.it\/wp-content\/uploads\/2024\/10\/24a.jpg\",\"articleSection\":[\"Notizie Newsletter\"],\"inLanguage\":\"en-US\"},{\"@type\":\"WebPage\",\"@id\":\"https:\/\/emob-italia.it\/2024\/10\/03\/insieme-benefit-e-la-comunita-assicurativa-degli-utilizzatori-di-veicoli-elettrici\/\",\"url\":\"https:\/\/emob-italia.it\/2024\/10\/03\/insieme-benefit-e-la-comunita-assicurativa-degli-utilizzatori-di-veicoli-elettrici\/\",\"name\":\"Insieme Benefit \u00e8 la Comunit\u00e0 Assicurativa degli Utilizzatori di Veicoli Elettrici &#8226; e_mob\",\"isPartOf\":{\"@id\":\"https:\/\/emob-italia.it\/#website\"},\"primaryImageOfPage\":{\"@id\":\"https:\/\/emob-italia.it\/2024\/10\/03\/insieme-benefit-e-la-comunita-assicurativa-degli-utilizzatori-di-veicoli-elettrici\/#primaryimage\"},\"image\":{\"@id\":\"https:\/\/emob-italia.it\/2024\/10\/03\/insieme-benefit-e-la-comunita-assicurativa-degli-utilizzatori-di-veicoli-elettrici\/#primaryimage\"},\"thumbnailUrl\":\"https:\/\/emob-italia.it\/wp-content\/uploads\/2024\/10\/24a.jpg\",\"datePublished\":\"2024-10-03T09:47:33+00:00\",\"dateModified\":\"2024-10-03T10:01:18+00:00\",\"description\":\"e_mob \u00e8 il tavolo permanente degli stakeholder della mobilit\u00e0 elettrica in Italia. Organizza ogni anno a Milano la Conferenza Nazionale del settore, nel 2021 in programma dal 16 al 19 ottobre.\",\"breadcrumb\":{\"@id\":\"https:\/\/emob-italia.it\/2024\/10\/03\/insieme-benefit-e-la-comunita-assicurativa-degli-utilizzatori-di-veicoli-elettrici\/#breadcrumb\"},\"inLanguage\":\"en-US\",\"potentialAction\":[{\"@type\":\"ReadAction\",\"target\":[\"https:\/\/emob-italia.it\/2024\/10\/03\/insieme-benefit-e-la-comunita-assicurativa-degli-utilizzatori-di-veicoli-elettrici\/\"]}]},{\"@type\":\"ImageObject\",\"inLanguage\":\"en-US\",\"@id\":\"https:\/\/emob-italia.it\/2024\/10\/03\/insieme-benefit-e-la-comunita-assicurativa-degli-utilizzatori-di-veicoli-elettrici\/#primaryimage\",\"url\":\"https:\/\/emob-italia.it\/wp-content\/uploads\/2024\/10\/24a.jpg\",\"contentUrl\":\"https:\/\/emob-italia.it\/wp-content\/uploads\/2024\/10\/24a.jpg\",\"width\":700,\"height\":368},{\"@type\":\"BreadcrumbList\",\"@id\":\"https:\/\/emob-italia.it\/2024\/10\/03\/insieme-benefit-e-la-comunita-assicurativa-degli-utilizzatori-di-veicoli-elettrici\/#breadcrumb\",\"itemListElement\":[{\"@type\":\"ListItem\",\"position\":1,\"name\":\"Home\",\"item\":\"https:\/\/emob-italia.it\/en\/\"},{\"@type\":\"ListItem\",\"position\":2,\"name\":\"Insieme Benefit \u00e8 la Comunit\u00e0 Assicurativa degli Utilizzatori di Veicoli Elettrici\"}]},{\"@type\":\"WebSite\",\"@id\":\"https:\/\/emob-italia.it\/#website\",\"url\":\"https:\/\/emob-italia.it\/\",\"name\":\"e_mob\",\"description\":\"Mobilit\u00e0 Elettrica\",\"publisher\":{\"@id\":\"https:\/\/emob-italia.it\/#organization\"},\"potentialAction\":[{\"@type\":\"SearchAction\",\"target\":{\"@type\":\"EntryPoint\",\"urlTemplate\":\"https:\/\/emob-italia.it\/?s={search_term_string}\"},\"query-input\":\"required name=search_term_string\"}],\"inLanguage\":\"en-US\"},{\"@type\":\"Organization\",\"@id\":\"https:\/\/emob-italia.it\/#organization\",\"name\":\"Class Onlus\",\"url\":\"https:\/\/emob-italia.it\/\",\"logo\":{\"@type\":\"ImageObject\",\"inLanguage\":\"en-US\",\"@id\":\"https:\/\/emob-italia.it\/#\/schema\/logo\/image\/\",\"url\":\"https:\/\/emob-italia.it\/wp-content\/uploads\/2019\/03\/0_CLASS-ONLUS-logo-web.png\",\"contentUrl\":\"https:\/\/emob-italia.it\/wp-content\/uploads\/2019\/03\/0_CLASS-ONLUS-logo-web.png\",\"width\":598,\"height\":202,\"caption\":\"Class Onlus\"},\"image\":{\"@id\":\"https:\/\/emob-italia.it\/#\/schema\/logo\/image\/\"},\"sameAs\":[\"https:\/\/www.facebook.com\/emobitalia\/\",\"https:\/\/www.instagram.com\/e_mob_italia\/\",\"https:\/\/www.linkedin.com\/groups\/12186185\/\",\"https:\/\/www.youtube.com\/channel\/UCvnTcrhggAX_AkFwGxRfqFw\/featured?view_as=subscriber\"]},{\"@type\":\"Person\",\"@id\":\"https:\/\/emob-italia.it\/#\/schema\/person\/59871c976b1a5e842e3d0b98901e4f6d\",\"name\":\"Redazione\",\"image\":{\"@type\":\"ImageObject\",\"inLanguage\":\"en-US\",\"@id\":\"https:\/\/emob-italia.it\/#\/schema\/person\/image\/\",\"url\":\"https:\/\/secure.gravatar.com\/avatar\/5389093e19decc01f17a4f367aa6ce45?s=96&r=g\",\"contentUrl\":\"https:\/\/secure.gravatar.com\/avatar\/5389093e19decc01f17a4f367aa6ce45?s=96&r=g\",\"caption\":\"Redazione\"},\"url\":\"https:\/\/emob-italia.it\/en\/author\/redazione\/\"}]}<\/script>\n<!-- \/ Yoast SEO plugin. -->","yoast_head_json":{"title":"Insieme Benefit \u00e8 la Comunit\u00e0 Assicurativa degli Utilizzatori di Veicoli Elettrici &#8226; e_mob","description":"e_mob \u00e8 il tavolo permanente degli stakeholder della mobilit\u00e0 elettrica in Italia. Organizza ogni anno a Milano la Conferenza Nazionale del settore, nel 2021 in programma dal 16 al 19 ottobre.","robots":{"index":"index","follow":"follow","max-snippet":"max-snippet:-1","max-image-preview":"max-image-preview:large","max-video-preview":"max-video-preview:-1"},"canonical":"https:\/\/emob-italia.it\/2024\/10\/03\/insieme-benefit-e-la-comunita-assicurativa-degli-utilizzatori-di-veicoli-elettrici\/","og_locale":"en_US","og_type":"article","og_title":"Insieme Benefit \u00e8 la Comunit\u00e0 Assicurativa degli Utilizzatori di Veicoli Elettrici &#8226; e_mob","og_description":"e_mob \u00e8 il tavolo permanente degli stakeholder della mobilit\u00e0 elettrica in Italia. Organizza ogni anno a Milano la Conferenza Nazionale del settore, nel 2021 in programma dal 16 al 19 ottobre.","og_url":"https:\/\/emob-italia.it\/2024\/10\/03\/insieme-benefit-e-la-comunita-assicurativa-degli-utilizzatori-di-veicoli-elettrici\/","og_site_name":"e_mob","article_publisher":"https:\/\/www.facebook.com\/emobitalia\/","article_published_time":"2024-10-03T09:47:33+00:00","article_modified_time":"2024-10-03T10:01:18+00:00","og_image":[{"width":1200,"height":630,"url":"https:\/\/emob-italia.it\/wp-content\/uploads\/2024\/10\/4.png","type":"image\/png"}],"author":"Redazione","twitter_misc":{"Written by":"Redazione","Est. reading time":"1 minute"},"schema":{"@context":"https:\/\/schema.org","@graph":[{"@type":"Article","@id":"https:\/\/emob-italia.it\/2024\/10\/03\/insieme-benefit-e-la-comunita-assicurativa-degli-utilizzatori-di-veicoli-elettrici\/#article","isPartOf":{"@id":"https:\/\/emob-italia.it\/2024\/10\/03\/insieme-benefit-e-la-comunita-assicurativa-degli-utilizzatori-di-veicoli-elettrici\/"},"author":{"name":"Redazione","@id":"https:\/\/emob-italia.it\/#\/schema\/person\/59871c976b1a5e842e3d0b98901e4f6d"},"headline":"Insieme Benefit \u00e8 la Comunit\u00e0 Assicurativa degli Utilizzatori di Veicoli Elettrici","datePublished":"2024-10-03T09:47:33+00:00","dateModified":"2024-10-03T10:01:18+00:00","mainEntityOfPage":{"@id":"https:\/\/emob-italia.it\/2024\/10\/03\/insieme-benefit-e-la-comunita-assicurativa-degli-utilizzatori-di-veicoli-elettrici\/"},"wordCount":218,"publisher":{"@id":"https:\/\/emob-italia.it\/#organization"},"image":{"@id":"https:\/\/emob-italia.it\/2024\/10\/03\/insieme-benefit-e-la-comunita-assicurativa-degli-utilizzatori-di-veicoli-elettrici\/#primaryimage"},"thumbnailUrl":"https:\/\/emob-italia.it\/wp-content\/uploads\/2024\/10\/24a.jpg","articleSection":["Notizie Newsletter"],"inLanguage":"en-US"},{"@type":"WebPage","@id":"https:\/\/emob-italia.it\/2024\/10\/03\/insieme-benefit-e-la-comunita-assicurativa-degli-utilizzatori-di-veicoli-elettrici\/","url":"https:\/\/emob-italia.it\/2024\/10\/03\/insieme-benefit-e-la-comunita-assicurativa-degli-utilizzatori-di-veicoli-elettrici\/","name":"Insieme Benefit \u00e8 la Comunit\u00e0 Assicurativa degli Utilizzatori di Veicoli Elettrici &#8226; e_mob","isPartOf":{"@id":"https:\/\/emob-italia.it\/#website"},"primaryImageOfPage":{"@id":"https:\/\/emob-italia.it\/2024\/10\/03\/insieme-benefit-e-la-comunita-assicurativa-degli-utilizzatori-di-veicoli-elettrici\/#primaryimage"},"image":{"@id":"https:\/\/emob-italia.it\/2024\/10\/03\/insieme-benefit-e-la-comunita-assicurativa-degli-utilizzatori-di-veicoli-elettrici\/#primaryimage"},"thumbnailUrl":"https:\/\/emob-italia.it\/wp-content\/uploads\/2024\/10\/24a.jpg","datePublished":"2024-10-03T09:47:33+00:00","dateModified":"2024-10-03T10:01:18+00:00","description":"e_mob \u00e8 il tavolo permanente degli stakeholder della mobilit\u00e0 elettrica in Italia. Organizza ogni anno a Milano la Conferenza Nazionale del settore, nel 2021 in programma dal 16 al 19 ottobre.","breadcrumb":{"@id":"https:\/\/emob-italia.it\/2024\/10\/03\/insieme-benefit-e-la-comunita-assicurativa-degli-utilizzatori-di-veicoli-elettrici\/#breadcrumb"},"inLanguage":"en-US","potentialAction":[{"@type":"ReadAction","target":["https:\/\/emob-italia.it\/2024\/10\/03\/insieme-benefit-e-la-comunita-assicurativa-degli-utilizzatori-di-veicoli-elettrici\/"]}]},{"@type":"ImageObject","inLanguage":"en-US","@id":"https:\/\/emob-italia.it\/2024\/10\/03\/insieme-benefit-e-la-comunita-assicurativa-degli-utilizzatori-di-veicoli-elettrici\/#primaryimage","url":"https:\/\/emob-italia.it\/wp-content\/uploads\/2024\/10\/24a.jpg","contentUrl":"https:\/\/emob-italia.it\/wp-content\/uploads\/2024\/10\/24a.jpg","width":700,"height":368},{"@type":"BreadcrumbList","@id":"https:\/\/emob-italia.it\/2024\/10\/03\/insieme-benefit-e-la-comunita-assicurativa-degli-utilizzatori-di-veicoli-elettrici\/#breadcrumb","itemListElement":[{"@type":"ListItem","position":1,"name":"Home","item":"https:\/\/emob-italia.it\/en\/"},{"@type":"ListItem","position":2,"name":"Insieme Benefit \u00e8 la Comunit\u00e0 Assicurativa degli Utilizzatori di Veicoli Elettrici"}]},{"@type":"WebSite","@id":"https:\/\/emob-italia.it\/#website","url":"https:\/\/emob-italia.it\/","name":"e_mob","description":"Mobilit\u00e0 Elettrica","publisher":{"@id":"https:\/\/emob-italia.it\/#organization"},"potentialAction":[{"@type":"SearchAction","target":{"@type":"EntryPoint","urlTemplate":"https:\/\/emob-italia.it\/?s={search_term_string}"},"query-input":"required name=search_term_string"}],"inLanguage":"en-US"},{"@type":"Organization","@id":"https:\/\/emob-italia.it\/#organization","name":"Class Onlus","url":"https:\/\/emob-italia.it\/","logo":{"@type":"ImageObject","inLanguage":"en-US","@id":"https:\/\/emob-italia.it\/#\/schema\/logo\/image\/","url":"https:\/\/emob-italia.it\/wp-content\/uploads\/2019\/03\/0_CLASS-ONLUS-logo-web.png","contentUrl":"https:\/\/emob-italia.it\/wp-content\/uploads\/2019\/03\/0_CLASS-ONLUS-logo-web.png","width":598,"height":202,"caption":"Class Onlus"},"image":{"@id":"https:\/\/emob-italia.it\/#\/schema\/logo\/image\/"},"sameAs":["https:\/\/www.facebook.com\/emobitalia\/","https:\/\/www.instagram.com\/e_mob_italia\/","https:\/\/www.linkedin.com\/groups\/12186185\/","https:\/\/www.youtube.com\/channel\/UCvnTcrhggAX_AkFwGxRfqFw\/featured?view_as=subscriber"]},{"@type":"Person","@id":"https:\/\/emob-italia.it\/#\/schema\/person\/59871c976b1a5e842e3d0b98901e4f6d","name":"Redazione","image":{"@type":"ImageObject","inLanguage":"en-US","@id":"https:\/\/emob-italia.it\/#\/schema\/person\/image\/","url":"https:\/\/secure.gravatar.com\/avatar\/5389093e19decc01f17a4f367aa6ce45?s=96&r=g","contentUrl":"https:\/\/secure.gravatar.com\/avatar\/5389093e19decc01f17a4f367aa6ce45?s=96&r=g","caption":"Redazione"},"url":"https:\/\/emob-italia.it\/en\/author\/redazione\/"}]}},"_links":{"self":[{"href":"https:\/\/emob-italia.it\/en\/wp-json\/wp\/v2\/posts\/64819"}],"collection":[{"href":"https:\/\/emob-italia.it\/en\/wp-json\/wp\/v2\/posts"}],"about":[{"href":"https:\/\/emob-italia.it\/en\/wp-json\/wp\/v2\/types\/post"}],"author":[{"embeddable":true,"href":"https:\/\/emob-italia.it\/en\/wp-json\/wp\/v2\/users\/19"}],"replies":[{"embeddable":true,"href":"https:\/\/emob-italia.it\/en\/wp-json\/wp\/v2\/comments?post=64819"}],"version-history":[{"count":5,"href":"https:\/\/emob-italia.it\/en\/wp-json\/wp\/v2\/posts\/64819\/revisions"}],"predecessor-version":[{"id":64862,"href":"https:\/\/emob-italia.it\/en\/wp-json\/wp\/v2\/posts\/64819\/revisions\/64862"}],"wp:featuredmedia":[{"embeddable":true,"href":"https:\/\/emob-italia.it\/en\/wp-json\/wp\/v2\/media\/64855"}],"wp:attachment":[{"href":"https:\/\/emob-italia.it\/en\/wp-json\/wp\/v2\/media?parent=64819"}],"wp:term":[{"taxonomy":"category","embeddable":true,"href":"https:\/\/emob-italia.it\/en\/wp-json\/wp\/v2\/categories?post=64819"},{"taxonomy":"post_tag","embeddable":true,"href":"https:\/\/emob-italia.it\/en\/wp-json\/wp\/v2\/tags?post=64819"}],"curies":[{"name":"wp","href":"https:\/\/api.w.org\/{rel}","templated":true}]}}