{"id":64817,"date":"2024-10-03T09:28:58","date_gmt":"2024-10-03T07:28:58","guid":{"rendered":"https:\/\/emob-italia.it\/?p=64817"},"modified":"2024-10-07T12:46:14","modified_gmt":"2024-10-07T10:46:14","slug":"il-successo-del-pre-e_mob-del-1-ottobre-2024","status":"publish","type":"post","link":"https:\/\/emob-italia.it\/en\/2024\/10\/03\/il-successo-del-pre-e_mob-del-1-ottobre-2024\/","title":{"rendered":"Il successo del Pre-e_mob del 1 Ottobre 2024"},"content":{"rendered":"<p>[et_pb_section fb_built=&#8221;1&#8243; _builder_version=&#8221;4.24.2&#8243; _module_preset=&#8221;default&#8221; custom_margin=&#8221;||-106px|||&#8221; custom_padding=&#8221;2px|||||&#8221; global_colors_info=&#8221;{}&#8221;][et_pb_row _builder_version=&#8221;4.24.2&#8243; _module_preset=&#8221;default&#8221; custom_padding=&#8221;0px|||||&#8221; global_colors_info=&#8221;{}&#8221;][et_pb_column type=&#8221;4_4&#8243; _builder_version=&#8221;4.24.2&#8243; _module_preset=&#8221;default&#8221; global_colors_info=&#8221;{}&#8221;][et_pb_text _builder_version=&#8221;4.24.2&#8243; _module_preset=&#8221;default&#8221; custom_padding=&#8221;11px|||||&#8221; global_colors_info=&#8221;{}&#8221;]<\/p>\n<div>\n<div class=\"gmail_quote\">\n<blockquote class=\"gmail_quote\">\n<div dir=\"ltr\">\n<p><strong>Pre-EMOB 2024: Un Focus sul Riciclo delle Batterie Esauste<\/strong><\/p>\n<p>Il pre-EMOB si \u00e8 svolto il primo ottobre 2024 presso l&#8217;Auditorium Testori in Piazza Citt\u00e0 Lombarda, con una durata di circa quattro ore e la partecipazione di oltre 150 persone in presenza e 95 online. L&#8217;evento, presentato dalla Regione Lombardia e l&#8217;Ordine degli Ingegneri della Provincia di Milano, ha offerto spunti di riflessione sull&#8217;importanza della gestione delle batterie esauste.<\/p>\n<p>L&#8217;incontro \u00e8 iniziato alle 10:00 con l&#8217;Assessore all&#8217;Ambiente e Clima della Regione Lombardia, Giorgio Maione, che ha introdotto il tema:<span>\u00a0<\/span><strong>&#8220;Batterie esauste: riciclo o riuso? Prospettive tecnologiche e di gestione in un&#8217;ottica di economia circolare.&#8221;<\/strong><span>\u00a0<\/span>Maione ha evidenziato l&#8217;importanza dello sviluppo sostenibile, non solo in Lombardia ma in tutte le regioni italiane.<\/p>\n<p>&nbsp;<\/p>\n<p>\u00a0<span style=\"font-size: 14px;\">Successivamente, Carmelo Iannicelli, presidente dell&#8217;Ordine degli Ingegneri della provincia di Milano, \u00e8 salito sul palco per approfondire il tema. Ha sottolineato che il riciclo e il riuso delle batterie rappresentano una sfida cruciale per lo sviluppo sostenibile, rimarcando l&#8217;importanza di affrontare il problema culturale, pi\u00f9 che quello tecnologico. &#8220;Il ruolo degli ingegneri dal 1925 \u00e8 quello di supportare gli organi politici e tutelare il bene comune&#8221;, ha affermato Iannicelli.<\/span><\/p>\n<p>Durante l&#8217;evento, sono stati presentati gli obiettivi della Regione Lombardia al 2030, in particolare il Programma Regionale Energia Ambiente e Clima (PREAC), che include:<\/p>\n<ul>\n<li>Riduzione dei consumi e incremento dell\u2019efficienza nei settori di utilizzo finale.<\/li>\n<li>Sviluppo delle fonti rinnovabili locali e promozione dell\u2019autoconsumo.<\/li>\n<li>Crescita del sistema produttivo e finanziamento della ricerca per la decarbonizzazione e la green economy.<\/li>\n<li>Risposta adattativa e resiliente del sistema lombardo ai cambiamenti climatici.<\/li>\n<\/ul>\n<p>A partire dalle 10:30, Camillo Piazza, presidente di Class Onlus, ha moderato una tavola rotonda con esperti del settore, tra cui:<\/p>\n<ul>\n<li>Luigi De Rocchi, Responsabile ricerca e sviluppo di Haiki Cobat.<\/li>\n<li>Angelo Lunghi, Responsabile area ricerca di Innovhub.<\/li>\n<li>Michele Crisci, Presidente di Unrae e CEO di Volvo Car Italia.<\/li>\n<li>Giorgio Gallina, Dirigente della struttura rifiuti e tutela ambientale della Regione Lombardia.<\/li>\n<li>Elisabetta Confalonieri, Direttore generale Universit\u00e0, Ricerca e Innovazione della Regione Lombardia.<\/li>\n<li>Luigi Gallo, Responsabile Bu e Incentivi e Innovazione di Invitalia.<\/li>\n<\/ul>\n<p>Piazza ha evidenziato come il tema delle batterie sia al centro del dibattito da otto anni, sottolineando l&#8217;importanza di confrontarsi con esperti che possano offrire, competenze e professionalit\u00e0. Il primo intervento \u00e8 stato di Luigi De Rocchi, che ha parlato della necessit\u00e0 di un percorso per la gestione delle batterie e della Black Mass.<\/p>\n<p><strong>Alle 11:04<\/strong>, Angelo Lunghi ha presentato la decisione di Innovhub di investire nella sperimentazione di veicoli elettrici, mostrando un rendering del nuovo laboratorio. A seguire, Michele Crisci ha ribadito l&#8217;impegno di Volvo per aumentare la diffusione delle auto elettriche in Italia, entro il 2030, avvertendo: &#8220;L\u2019Italia si sta isolando; bisognerebbe cavalcare l\u2019onda, non chiudersi in casa.&#8221;<\/p>\n<p>Crisci ha anche parlato delle innovazioni in arrivo, come l&#8217;intelligenza artificiale per le auto elettriche: &#8220;Non dovremmo esultare quando lo sviluppo ecologico retrocede. Solo garantendo la sicurezza del pianeta garantiamo quella della vita!&#8221;<\/p>\n<p><strong>Alle 11:30<\/strong>, Giorgio Gallina ha presentato le iniziative della Regione Lombardia per lo sviluppo sostenibile, tra cui l&#8217;adesione alla piattaforma delle tecnologie strategiche (STEP). Ha annunciato dell&#8217; imminente pubblicazione di un bando per il recupero e il riciclo delle materie critiche presente nelle batterie al litio e ha chiesto alla comunit\u00e0 di mob di partecipare.<\/p>\n<\/div>\n<\/blockquote>\n<\/div>\n<\/div>\n<div dir=\"auto\"><\/div>\n<div dir=\"auto\">\n<div class=\"gmail_quote\">\n<blockquote class=\"gmail_quote\">\n<div dir=\"ltr\">\n<p><strong>A mezzogiorno<\/strong>, Elisabetta Confalonieri ha parlato dei progetti di ricerca per il riciclo delle batterie, sottolineando l&#8217;importanza della collaborazione tra universit\u00e0 e imprese: &#8220;Il mondo accademico \u00e8 disponibile a lavorare con le imprese.&#8221; <span style=\"font-size: 14px;\">Dopo un&#8217;interazione con il pubblico, che ha avuto la possibilit\u00e0 di porre domande, l&#8217;evento si \u00e8 concluso alle 12:45 con un intervento in collegamento da Roma di Stefano Immune, Professional Senior di Invitalia, che ha fornito dettagli sul ruolo dell&#8217;ente e la disponibilit\u00e0 di incontrare la comunit\u00e0 di Emob per affiancare con finanziamento la regione Lombardia per far partire la filiera industriale del trattamento delle batterie.<\/span><\/p>\n<p>Questa edizione del pre-EMOB si \u00e8 conclusa con l&#8217;intervento di Gianluca Gurrieri responsabile dell&#8217;Unit\u00e0 operativa sul clima della Regione Lombardia, con la speranza di affrontare non solo le problematiche legate alle batterie esauste, ma anche le sfide dello sviluppo sostenibile in Italia, promuovendo una collaborazione proficua tra professionisti e istituzioni. Questi temi faranno poi affrontati nel Cluster delle batterie di regione Lombardia convocato il 10 ottobre.\u00a0<\/p>\n<\/div>\n<\/blockquote>\n<\/div>\n<\/div>\n<div dir=\"auto\">Dopo diversi anni, conclude Camillo Piazza coordinatore di e_mob, siamo in dirittura\u00a0 d&#8217;arrivo per far crescere in Italia la filiera industriale sul second Life delle batterie al litio e del loro riciclo finale.\u00a0<\/div>\n<div dir=\"auto\"><\/div>\n<div dir=\"auto\"><\/div>\n<p>&nbsp;<\/p>\n<p><span style=\"font-size: x-large;\"><strong>SCORRI LA GALLERIA FOTO DELL&#8217;EVENTO:\u00a0<\/strong><\/span><\/p>\n<div class=\"group\/conversation-turn relative flex w-full min-w-0 flex-col agent-turn\">\n<div class=\"flex-col gap-1 md:gap-3\">\n<div class=\"flex flex-grow flex-col max-w-full\">\n<div class=\"min-h-[20px] text-message flex w-full flex-col items-end gap-2 whitespace-pre-wrap break-words [.text-message+&amp;]:mt-5 overflow-x-auto\" dir=\"auto\" data-message-author-role=\"assistant\" data-message-id=\"5fb93923-1e75-42bb-9c9f-25fcda90c5be\">\n<div class=\"flex w-full flex-col gap-1 empty:hidden first:pt-[3px]\">\n<div class=\"markdown prose w-full break-words dark:prose-invert light\"><\/div>\n<\/div>\n<\/div>\n<\/div>\n<\/div>\n<\/div>\n<p>[\/et_pb_text][\/et_pb_column][\/et_pb_row][\/et_pb_section][et_pb_section fb_built=&#8221;1&#8243; _builder_version=&#8221;4.24.2&#8243; _module_preset=&#8221;default&#8221; custom_margin=&#8221;-8px||3px|||&#8221; custom_padding=&#8221;32px||751px|||&#8221; global_colors_info=&#8221;{}&#8221; min_height=&#8221;1036px&#8221;][et_pb_row _builder_version=&#8221;4.24.2&#8243; _module_preset=&#8221;default&#8221; min_height=&#8221;286.8px&#8221; custom_margin=&#8221;|auto|-822px|auto||&#8221; custom_padding=&#8221;5px||0px|||&#8221; global_colors_info=&#8221;{}&#8221;][et_pb_column type=&#8221;4_4&#8243; _builder_version=&#8221;4.24.2&#8243; _module_preset=&#8221;default&#8221; global_colors_info=&#8221;{}&#8221;][et_pb_gallery gallery_ids=&#8221;64899,64898,64897,64896,64895,64894,64893,64892,64891,64890,64889,64888,64887,64886,64885,64884&#8243; fullwidth=&#8221;on&#8221; _builder_version=&#8221;4.24.2&#8243; _module_preset=&#8221;default&#8221; width=&#8221;76%&#8221; max_width=&#8221;85%&#8221; min_height=&#8221;381.8px&#8221; custom_margin=&#8221;||-632px|||&#8221; custom_padding=&#8221;||0px|||&#8221; animation_style=&#8221;slide&#8221; box_shadow_style=&#8221;preset1&#8243; global_colors_info=&#8221;{}&#8221;][\/et_pb_gallery][\/et_pb_column][\/et_pb_row][\/et_pb_section]<\/p>\n","protected":false},"excerpt":{"rendered":"<p>Pre-EMOB 2024: Un Focus sul Riciclo delle Batterie Esauste Il pre-EMOB si \u00e8 svolto il primo ottobre 2024 presso l&#8217;Auditorium Testori in Piazza Citt\u00e0 Lombarda, con una durata di circa quattro ore e la partecipazione di oltre 150 persone in presenza e 95 online. L&#8217;evento, presentato dalla Regione Lombardia e l&#8217;Ordine degli Ingegneri della Provincia [&hellip;]<\/p>\n","protected":false},"author":19,"featured_media":64873,"comment_status":"closed","ping_status":"open","sticky":false,"template":"","format":"chat","meta":{"_et_pb_use_builder":"on","_et_pb_old_content":"","_et_gb_content_width":"","_exactmetrics_skip_tracking":false,"_exactmetrics_sitenote_active":false,"_exactmetrics_sitenote_note":"","_exactmetrics_sitenote_category":0,"footnotes":""},"categories":[114],"tags":[],"yoast_head":"<!-- This site is optimized with the Yoast SEO plugin v22.9 - https:\/\/yoast.com\/wordpress\/plugins\/seo\/ -->\n<title>Il successo del Pre-e_mob del 1 Ottobre 2024 &#8226; e_mob<\/title>\n<meta name=\"description\" content=\"e_mob \u00e8 il tavolo permanente degli stakeholder della mobilit\u00e0 elettrica in Italia. Organizza ogni anno a Milano la Conferenza Nazionale del settore, nel 2021 in programma dal 16 al 19 ottobre.\" \/>\n<meta name=\"robots\" content=\"index, follow, max-snippet:-1, max-image-preview:large, max-video-preview:-1\" \/>\n<link rel=\"canonical\" href=\"https:\/\/emob-italia.it\/2024\/10\/03\/il-successo-del-pre-e_mob-del-1-ottobre-2024\/\" \/>\n<meta property=\"og:locale\" content=\"en_US\" \/>\n<meta property=\"og:type\" content=\"article\" \/>\n<meta property=\"og:title\" content=\"Il successo del Pre-e_mob del 1 Ottobre 2024 &#8226; e_mob\" \/>\n<meta property=\"og:description\" content=\"e_mob \u00e8 il tavolo permanente degli stakeholder della mobilit\u00e0 elettrica in Italia. Organizza ogni anno a Milano la Conferenza Nazionale del settore, nel 2021 in programma dal 16 al 19 ottobre.\" \/>\n<meta property=\"og:url\" content=\"https:\/\/emob-italia.it\/2024\/10\/03\/il-successo-del-pre-e_mob-del-1-ottobre-2024\/\" \/>\n<meta property=\"og:site_name\" content=\"e_mob\" \/>\n<meta property=\"article:publisher\" content=\"https:\/\/www.facebook.com\/emobitalia\/\" \/>\n<meta property=\"article:published_time\" content=\"2024-10-03T07:28:58+00:00\" \/>\n<meta property=\"article:modified_time\" content=\"2024-10-07T10:46:14+00:00\" \/>\n<meta property=\"og:image\" content=\"https:\/\/emob-italia.it\/wp-content\/uploads\/2024\/10\/Copia-di-Newsletter-23-1.png\" \/>\n\t<meta property=\"og:image:width\" content=\"1200\" \/>\n\t<meta property=\"og:image:height\" content=\"630\" \/>\n\t<meta property=\"og:image:type\" content=\"image\/png\" \/>\n<meta name=\"author\" content=\"Redazione\" \/>\n<meta name=\"twitter:label1\" content=\"Written by\" \/>\n\t<meta name=\"twitter:data1\" content=\"Redazione\" \/>\n\t<meta name=\"twitter:label2\" content=\"Est. reading time\" \/>\n\t<meta name=\"twitter:data2\" content=\"1 minute\" \/>\n<script type=\"application\/ld+json\" class=\"yoast-schema-graph\">{\"@context\":\"https:\/\/schema.org\",\"@graph\":[{\"@type\":\"Article\",\"@id\":\"https:\/\/emob-italia.it\/2024\/10\/03\/il-successo-del-pre-e_mob-del-1-ottobre-2024\/#article\",\"isPartOf\":{\"@id\":\"https:\/\/emob-italia.it\/2024\/10\/03\/il-successo-del-pre-e_mob-del-1-ottobre-2024\/\"},\"author\":{\"name\":\"Redazione\",\"@id\":\"https:\/\/emob-italia.it\/#\/schema\/person\/59871c976b1a5e842e3d0b98901e4f6d\"},\"headline\":\"Il successo del Pre-e_mob del 1 Ottobre 2024\",\"datePublished\":\"2024-10-03T07:28:58+00:00\",\"dateModified\":\"2024-10-07T10:46:14+00:00\",\"mainEntityOfPage\":{\"@id\":\"https:\/\/emob-italia.it\/2024\/10\/03\/il-successo-del-pre-e_mob-del-1-ottobre-2024\/\"},\"wordCount\":937,\"publisher\":{\"@id\":\"https:\/\/emob-italia.it\/#organization\"},\"image\":{\"@id\":\"https:\/\/emob-italia.it\/2024\/10\/03\/il-successo-del-pre-e_mob-del-1-ottobre-2024\/#primaryimage\"},\"thumbnailUrl\":\"https:\/\/emob-italia.it\/wp-content\/uploads\/2024\/10\/IMG_5272-scaled.jpeg\",\"articleSection\":[\"Notizie Newsletter\"],\"inLanguage\":\"en-US\"},{\"@type\":\"WebPage\",\"@id\":\"https:\/\/emob-italia.it\/2024\/10\/03\/il-successo-del-pre-e_mob-del-1-ottobre-2024\/\",\"url\":\"https:\/\/emob-italia.it\/2024\/10\/03\/il-successo-del-pre-e_mob-del-1-ottobre-2024\/\",\"name\":\"Il successo del Pre-e_mob del 1 Ottobre 2024 &#8226; e_mob\",\"isPartOf\":{\"@id\":\"https:\/\/emob-italia.it\/#website\"},\"primaryImageOfPage\":{\"@id\":\"https:\/\/emob-italia.it\/2024\/10\/03\/il-successo-del-pre-e_mob-del-1-ottobre-2024\/#primaryimage\"},\"image\":{\"@id\":\"https:\/\/emob-italia.it\/2024\/10\/03\/il-successo-del-pre-e_mob-del-1-ottobre-2024\/#primaryimage\"},\"thumbnailUrl\":\"https:\/\/emob-italia.it\/wp-content\/uploads\/2024\/10\/IMG_5272-scaled.jpeg\",\"datePublished\":\"2024-10-03T07:28:58+00:00\",\"dateModified\":\"2024-10-07T10:46:14+00:00\",\"description\":\"e_mob \u00e8 il tavolo permanente degli stakeholder della mobilit\u00e0 elettrica in Italia. Organizza ogni anno a Milano la Conferenza Nazionale del settore, nel 2021 in programma dal 16 al 19 ottobre.\",\"breadcrumb\":{\"@id\":\"https:\/\/emob-italia.it\/2024\/10\/03\/il-successo-del-pre-e_mob-del-1-ottobre-2024\/#breadcrumb\"},\"inLanguage\":\"en-US\",\"potentialAction\":[{\"@type\":\"ReadAction\",\"target\":[\"https:\/\/emob-italia.it\/2024\/10\/03\/il-successo-del-pre-e_mob-del-1-ottobre-2024\/\"]}]},{\"@type\":\"ImageObject\",\"inLanguage\":\"en-US\",\"@id\":\"https:\/\/emob-italia.it\/2024\/10\/03\/il-successo-del-pre-e_mob-del-1-ottobre-2024\/#primaryimage\",\"url\":\"https:\/\/emob-italia.it\/wp-content\/uploads\/2024\/10\/IMG_5272-scaled.jpeg\",\"contentUrl\":\"https:\/\/emob-italia.it\/wp-content\/uploads\/2024\/10\/IMG_5272-scaled.jpeg\",\"width\":2560,\"height\":1395},{\"@type\":\"BreadcrumbList\",\"@id\":\"https:\/\/emob-italia.it\/2024\/10\/03\/il-successo-del-pre-e_mob-del-1-ottobre-2024\/#breadcrumb\",\"itemListElement\":[{\"@type\":\"ListItem\",\"position\":1,\"name\":\"Home\",\"item\":\"https:\/\/emob-italia.it\/en\/\"},{\"@type\":\"ListItem\",\"position\":2,\"name\":\"Il successo del Pre-e_mob del 1 Ottobre 2024\"}]},{\"@type\":\"WebSite\",\"@id\":\"https:\/\/emob-italia.it\/#website\",\"url\":\"https:\/\/emob-italia.it\/\",\"name\":\"e_mob\",\"description\":\"Mobilit\u00e0 Elettrica\",\"publisher\":{\"@id\":\"https:\/\/emob-italia.it\/#organization\"},\"potentialAction\":[{\"@type\":\"SearchAction\",\"target\":{\"@type\":\"EntryPoint\",\"urlTemplate\":\"https:\/\/emob-italia.it\/?s={search_term_string}\"},\"query-input\":\"required name=search_term_string\"}],\"inLanguage\":\"en-US\"},{\"@type\":\"Organization\",\"@id\":\"https:\/\/emob-italia.it\/#organization\",\"name\":\"Class Onlus\",\"url\":\"https:\/\/emob-italia.it\/\",\"logo\":{\"@type\":\"ImageObject\",\"inLanguage\":\"en-US\",\"@id\":\"https:\/\/emob-italia.it\/#\/schema\/logo\/image\/\",\"url\":\"https:\/\/emob-italia.it\/wp-content\/uploads\/2019\/03\/0_CLASS-ONLUS-logo-web.png\",\"contentUrl\":\"https:\/\/emob-italia.it\/wp-content\/uploads\/2019\/03\/0_CLASS-ONLUS-logo-web.png\",\"width\":598,\"height\":202,\"caption\":\"Class Onlus\"},\"image\":{\"@id\":\"https:\/\/emob-italia.it\/#\/schema\/logo\/image\/\"},\"sameAs\":[\"https:\/\/www.facebook.com\/emobitalia\/\",\"https:\/\/www.instagram.com\/e_mob_italia\/\",\"https:\/\/www.linkedin.com\/groups\/12186185\/\",\"https:\/\/www.youtube.com\/channel\/UCvnTcrhggAX_AkFwGxRfqFw\/featured?view_as=subscriber\"]},{\"@type\":\"Person\",\"@id\":\"https:\/\/emob-italia.it\/#\/schema\/person\/59871c976b1a5e842e3d0b98901e4f6d\",\"name\":\"Redazione\",\"image\":{\"@type\":\"ImageObject\",\"inLanguage\":\"en-US\",\"@id\":\"https:\/\/emob-italia.it\/#\/schema\/person\/image\/\",\"url\":\"https:\/\/secure.gravatar.com\/avatar\/5389093e19decc01f17a4f367aa6ce45?s=96&r=g\",\"contentUrl\":\"https:\/\/secure.gravatar.com\/avatar\/5389093e19decc01f17a4f367aa6ce45?s=96&r=g\",\"caption\":\"Redazione\"},\"url\":\"https:\/\/emob-italia.it\/en\/author\/redazione\/\"}]}<\/script>\n<!-- \/ Yoast SEO plugin. -->","yoast_head_json":{"title":"Il successo del Pre-e_mob del 1 Ottobre 2024 &#8226; e_mob","description":"e_mob \u00e8 il tavolo permanente degli stakeholder della mobilit\u00e0 elettrica in Italia. Organizza ogni anno a Milano la Conferenza Nazionale del settore, nel 2021 in programma dal 16 al 19 ottobre.","robots":{"index":"index","follow":"follow","max-snippet":"max-snippet:-1","max-image-preview":"max-image-preview:large","max-video-preview":"max-video-preview:-1"},"canonical":"https:\/\/emob-italia.it\/2024\/10\/03\/il-successo-del-pre-e_mob-del-1-ottobre-2024\/","og_locale":"en_US","og_type":"article","og_title":"Il successo del Pre-e_mob del 1 Ottobre 2024 &#8226; e_mob","og_description":"e_mob \u00e8 il tavolo permanente degli stakeholder della mobilit\u00e0 elettrica in Italia. Organizza ogni anno a Milano la Conferenza Nazionale del settore, nel 2021 in programma dal 16 al 19 ottobre.","og_url":"https:\/\/emob-italia.it\/2024\/10\/03\/il-successo-del-pre-e_mob-del-1-ottobre-2024\/","og_site_name":"e_mob","article_publisher":"https:\/\/www.facebook.com\/emobitalia\/","article_published_time":"2024-10-03T07:28:58+00:00","article_modified_time":"2024-10-07T10:46:14+00:00","og_image":[{"width":1200,"height":630,"url":"https:\/\/emob-italia.it\/wp-content\/uploads\/2024\/10\/Copia-di-Newsletter-23-1.png","type":"image\/png"}],"author":"Redazione","twitter_misc":{"Written by":"Redazione","Est. reading time":"1 minute"},"schema":{"@context":"https:\/\/schema.org","@graph":[{"@type":"Article","@id":"https:\/\/emob-italia.it\/2024\/10\/03\/il-successo-del-pre-e_mob-del-1-ottobre-2024\/#article","isPartOf":{"@id":"https:\/\/emob-italia.it\/2024\/10\/03\/il-successo-del-pre-e_mob-del-1-ottobre-2024\/"},"author":{"name":"Redazione","@id":"https:\/\/emob-italia.it\/#\/schema\/person\/59871c976b1a5e842e3d0b98901e4f6d"},"headline":"Il successo del Pre-e_mob del 1 Ottobre 2024","datePublished":"2024-10-03T07:28:58+00:00","dateModified":"2024-10-07T10:46:14+00:00","mainEntityOfPage":{"@id":"https:\/\/emob-italia.it\/2024\/10\/03\/il-successo-del-pre-e_mob-del-1-ottobre-2024\/"},"wordCount":937,"publisher":{"@id":"https:\/\/emob-italia.it\/#organization"},"image":{"@id":"https:\/\/emob-italia.it\/2024\/10\/03\/il-successo-del-pre-e_mob-del-1-ottobre-2024\/#primaryimage"},"thumbnailUrl":"https:\/\/emob-italia.it\/wp-content\/uploads\/2024\/10\/IMG_5272-scaled.jpeg","articleSection":["Notizie Newsletter"],"inLanguage":"en-US"},{"@type":"WebPage","@id":"https:\/\/emob-italia.it\/2024\/10\/03\/il-successo-del-pre-e_mob-del-1-ottobre-2024\/","url":"https:\/\/emob-italia.it\/2024\/10\/03\/il-successo-del-pre-e_mob-del-1-ottobre-2024\/","name":"Il successo del Pre-e_mob del 1 Ottobre 2024 &#8226; e_mob","isPartOf":{"@id":"https:\/\/emob-italia.it\/#website"},"primaryImageOfPage":{"@id":"https:\/\/emob-italia.it\/2024\/10\/03\/il-successo-del-pre-e_mob-del-1-ottobre-2024\/#primaryimage"},"image":{"@id":"https:\/\/emob-italia.it\/2024\/10\/03\/il-successo-del-pre-e_mob-del-1-ottobre-2024\/#primaryimage"},"thumbnailUrl":"https:\/\/emob-italia.it\/wp-content\/uploads\/2024\/10\/IMG_5272-scaled.jpeg","datePublished":"2024-10-03T07:28:58+00:00","dateModified":"2024-10-07T10:46:14+00:00","description":"e_mob \u00e8 il tavolo permanente degli stakeholder della mobilit\u00e0 elettrica in Italia. Organizza ogni anno a Milano la Conferenza Nazionale del settore, nel 2021 in programma dal 16 al 19 ottobre.","breadcrumb":{"@id":"https:\/\/emob-italia.it\/2024\/10\/03\/il-successo-del-pre-e_mob-del-1-ottobre-2024\/#breadcrumb"},"inLanguage":"en-US","potentialAction":[{"@type":"ReadAction","target":["https:\/\/emob-italia.it\/2024\/10\/03\/il-successo-del-pre-e_mob-del-1-ottobre-2024\/"]}]},{"@type":"ImageObject","inLanguage":"en-US","@id":"https:\/\/emob-italia.it\/2024\/10\/03\/il-successo-del-pre-e_mob-del-1-ottobre-2024\/#primaryimage","url":"https:\/\/emob-italia.it\/wp-content\/uploads\/2024\/10\/IMG_5272-scaled.jpeg","contentUrl":"https:\/\/emob-italia.it\/wp-content\/uploads\/2024\/10\/IMG_5272-scaled.jpeg","width":2560,"height":1395},{"@type":"BreadcrumbList","@id":"https:\/\/emob-italia.it\/2024\/10\/03\/il-successo-del-pre-e_mob-del-1-ottobre-2024\/#breadcrumb","itemListElement":[{"@type":"ListItem","position":1,"name":"Home","item":"https:\/\/emob-italia.it\/en\/"},{"@type":"ListItem","position":2,"name":"Il successo del Pre-e_mob del 1 Ottobre 2024"}]},{"@type":"WebSite","@id":"https:\/\/emob-italia.it\/#website","url":"https:\/\/emob-italia.it\/","name":"e_mob","description":"Mobilit\u00e0 Elettrica","publisher":{"@id":"https:\/\/emob-italia.it\/#organization"},"potentialAction":[{"@type":"SearchAction","target":{"@type":"EntryPoint","urlTemplate":"https:\/\/emob-italia.it\/?s={search_term_string}"},"query-input":"required name=search_term_string"}],"inLanguage":"en-US"},{"@type":"Organization","@id":"https:\/\/emob-italia.it\/#organization","name":"Class Onlus","url":"https:\/\/emob-italia.it\/","logo":{"@type":"ImageObject","inLanguage":"en-US","@id":"https:\/\/emob-italia.it\/#\/schema\/logo\/image\/","url":"https:\/\/emob-italia.it\/wp-content\/uploads\/2019\/03\/0_CLASS-ONLUS-logo-web.png","contentUrl":"https:\/\/emob-italia.it\/wp-content\/uploads\/2019\/03\/0_CLASS-ONLUS-logo-web.png","width":598,"height":202,"caption":"Class Onlus"},"image":{"@id":"https:\/\/emob-italia.it\/#\/schema\/logo\/image\/"},"sameAs":["https:\/\/www.facebook.com\/emobitalia\/","https:\/\/www.instagram.com\/e_mob_italia\/","https:\/\/www.linkedin.com\/groups\/12186185\/","https:\/\/www.youtube.com\/channel\/UCvnTcrhggAX_AkFwGxRfqFw\/featured?view_as=subscriber"]},{"@type":"Person","@id":"https:\/\/emob-italia.it\/#\/schema\/person\/59871c976b1a5e842e3d0b98901e4f6d","name":"Redazione","image":{"@type":"ImageObject","inLanguage":"en-US","@id":"https:\/\/emob-italia.it\/#\/schema\/person\/image\/","url":"https:\/\/secure.gravatar.com\/avatar\/5389093e19decc01f17a4f367aa6ce45?s=96&r=g","contentUrl":"https:\/\/secure.gravatar.com\/avatar\/5389093e19decc01f17a4f367aa6ce45?s=96&r=g","caption":"Redazione"},"url":"https:\/\/emob-italia.it\/en\/author\/redazione\/"}]}},"_links":{"self":[{"href":"https:\/\/emob-italia.it\/en\/wp-json\/wp\/v2\/posts\/64817"}],"collection":[{"href":"https:\/\/emob-italia.it\/en\/wp-json\/wp\/v2\/posts"}],"about":[{"href":"https:\/\/emob-italia.it\/en\/wp-json\/wp\/v2\/types\/post"}],"author":[{"embeddable":true,"href":"https:\/\/emob-italia.it\/en\/wp-json\/wp\/v2\/users\/19"}],"replies":[{"embeddable":true,"href":"https:\/\/emob-italia.it\/en\/wp-json\/wp\/v2\/comments?post=64817"}],"version-history":[{"count":9,"href":"https:\/\/emob-italia.it\/en\/wp-json\/wp\/v2\/posts\/64817\/revisions"}],"predecessor-version":[{"id":64905,"href":"https:\/\/emob-italia.it\/en\/wp-json\/wp\/v2\/posts\/64817\/revisions\/64905"}],"wp:featuredmedia":[{"embeddable":true,"href":"https:\/\/emob-italia.it\/en\/wp-json\/wp\/v2\/media\/64873"}],"wp:attachment":[{"href":"https:\/\/emob-italia.it\/en\/wp-json\/wp\/v2\/media?parent=64817"}],"wp:term":[{"taxonomy":"category","embeddable":true,"href":"https:\/\/emob-italia.it\/en\/wp-json\/wp\/v2\/categories?post=64817"},{"taxonomy":"post_tag","embeddable":true,"href":"https:\/\/emob-italia.it\/en\/wp-json\/wp\/v2\/tags?post=64817"}],"curies":[{"name":"wp","href":"https:\/\/api.w.org\/{rel}","templated":true}]}}