{"id":64714,"date":"2024-08-26T11:10:40","date_gmt":"2024-08-26T09:10:40","guid":{"rendered":"https:\/\/emob-italia.it\/?p=64714"},"modified":"2024-08-26T11:10:46","modified_gmt":"2024-08-26T09:10:46","slug":"volvo-ce-per-i-mezzi-elettrici","status":"publish","type":"post","link":"https:\/\/emob-italia.it\/en\/2024\/08\/26\/volvo-ce-per-i-mezzi-elettrici\/","title":{"rendered":"Volvo CE per i mezzi elettrici"},"content":{"rendered":"<p>[et_pb_section fb_built=&#8221;1&#8243; _builder_version=&#8221;4.24.2&#8243; _module_preset=&#8221;default&#8221; global_colors_info=&#8221;{}&#8221;][et_pb_row _builder_version=&#8221;4.24.2&#8243; _module_preset=&#8221;default&#8221; custom_margin=&#8221;-45px|auto||auto||&#8221; custom_padding=&#8221;0px|||||&#8221; global_colors_info=&#8221;{}&#8221;][et_pb_column type=&#8221;4_4&#8243; _builder_version=&#8221;4.24.2&#8243; _module_preset=&#8221;default&#8221; global_colors_info=&#8221;{}&#8221;][et_pb_text _builder_version=&#8221;4.24.2&#8243; _module_preset=&#8221;default&#8221; custom_padding=&#8221;11px|||||&#8221; global_colors_info=&#8221;{}&#8221;]<\/p>\n<h2 style=\"text-align: left;\"><strong>Volvo CE per i mezzi elettrici<\/strong><\/h2>\n<div class=\"flex-shrink-0 flex flex-col relative items-end\">\n<div>\n<div class=\"pt-0\">\n<div class=\"gizmo-bot-avatar flex h-8 w-8 items-center justify-center overflow-hidden rounded-full\"><\/div>\n<\/div>\n<\/div>\n<\/div>\n<div class=\"group\/conversation-turn relative flex w-full min-w-0 flex-col agent-turn\">\n<div class=\"flex-col gap-1 md:gap-3\">\n<div class=\"flex flex-grow flex-col max-w-full\">\n<div class=\"min-h-[20px] text-message flex w-full flex-col items-end gap-2 whitespace-pre-wrap break-words [.text-message+&amp;]:mt-5 overflow-x-auto\" dir=\"auto\" data-message-author-role=\"assistant\" data-message-id=\"5fb93923-1e75-42bb-9c9f-25fcda90c5be\">\n<div class=\"flex w-full flex-col gap-1 empty:hidden first:pt-[3px]\">\n<div class=\"markdown prose w-full break-words dark:prose-invert light\">\n<h3><\/h3>\n<p>Durante E_mob2024, esploreremo le soluzioni di<span>\u00a0<\/span><strong>Volvo CE<\/strong><span>\u00a0<\/span>per mezzi elettrici, ideali per<span>\u00a0<\/span><strong>cantieri<\/strong>, uso<span>\u00a0<\/span><strong>urbano<\/strong><span>\u00a0<\/span>e<span>\u00a0<\/span><strong>riqualificazione<\/strong><span>\u00a0<\/span>delle citt\u00e0. L&#8217;obiettivo \u00e8 suggerire requisiti &#8220;green&#8221; da includere in bandi e progetti per la mobilit\u00e0 e la rigenerazione urbana, in linea con gli obiettivi di neutralit\u00e0 carbonica per il 2030-2050. Cliccando sui pulsanti qui sotto, potrete accedere alla<span>\u00a0<\/span><strong>selezione<span>\u00a0<\/span><\/strong>delle Macchine Elettriche Compatte Volvo CE, attualmente composta da 5 modelli disponibili in Italia da due anni e accedere alle<span>\u00a0<\/span><strong>testimoniante<\/strong><span>\u00a0<\/span>di clienti che gi\u00e0 utilizzano le macchine, sia in Italia che In Europa. Inoltre quest&#8217;anno la gamma si espande con macchine pi\u00f9 grandi, come l&#8217;EC230 Electric, con trattative gi\u00e0 avviate in Italia.<\/p>\n<p><strong>Accedi agli approfondimenti:<\/strong><\/p>\n<\/div>\n<\/div>\n<\/div>\n<\/div>\n<\/div>\n<\/div>\n<p>&nbsp;<\/p>\n<p>[\/et_pb_text][et_pb_button button_url=&#8221;https:\/\/www.volvoce.com\/italia\/it-it\/products\/electric-machines\/&#8221; url_new_window=&#8221;on&#8221; button_text=&#8221;Macchine elettriche&#8221; button_alignment=&#8221;left&#8221; _builder_version=&#8221;4.24.2&#8243; _module_preset=&#8221;default&#8221; custom_button=&#8221;on&#8221; button_text_size=&#8221;26px&#8221; button_text_color=&#8221;#FFFFFF&#8221; button_bg_color=&#8221;#0C71C3&#8243; button_border_radius=&#8221;10px&#8221; button_font=&#8221;Source Sans Pro|700||on|||||&#8221; custom_margin=&#8221;-33px||42px|||&#8221; global_colors_info=&#8221;{}&#8221;][\/et_pb_button][et_pb_button button_url=&#8221;https:\/\/classonlus.voxmail.it\/nl\/pv5h3g\/wnn3dz\/qucjn\/uf\/9\/aHR0cHM6Ly93d3cueW91dHViZS5jb20vcGxheWxpc3Q_bGlzdD1QTDhSN1Vubk5RX2dPYjFBWUxrSG9INUZTb3hQb2JtdUc0?_d=97M&#038;_c=3a037abb&#8221; url_new_window=&#8221;on&#8221; button_text=&#8221;video modelli&#8221; button_alignment=&#8221;left&#8221; _builder_version=&#8221;4.24.2&#8243; _module_preset=&#8221;default&#8221; custom_button=&#8221;on&#8221; button_text_size=&#8221;26px&#8221; button_text_color=&#8221;#FFFFFF&#8221; button_bg_color=&#8221;#0C71C3&#8243; button_border_radius=&#8221;10px&#8221; button_font=&#8221;Source Sans Pro|700||on|||||&#8221; custom_margin=&#8221;-33px||42px|||&#8221; global_colors_info=&#8221;{}&#8221;][\/et_pb_button][\/et_pb_column][\/et_pb_row][\/et_pb_section]<\/p>\n","protected":false},"excerpt":{"rendered":"<p>Volvo CE per i mezzi elettrici Durante E_mob2024, esploreremo le soluzioni di\u00a0Volvo CE\u00a0per mezzi elettrici, ideali per\u00a0cantieri, uso\u00a0urbano\u00a0e\u00a0riqualificazione\u00a0delle citt\u00e0. L&#8217;obiettivo \u00e8 suggerire requisiti &#8220;green&#8221; da includere in bandi e progetti per la mobilit\u00e0 e la rigenerazione urbana, in linea con gli obiettivi di neutralit\u00e0 carbonica per il 2030-2050. Cliccando sui pulsanti qui sotto, potrete accedere [&hellip;]<\/p>\n","protected":false},"author":19,"featured_media":64719,"comment_status":"closed","ping_status":"open","sticky":false,"template":"","format":"chat","meta":{"_et_pb_use_builder":"on","_et_pb_old_content":"<p>[et_pb_section fb_built=\"1\" _builder_version=\"4.24.2\" _module_preset=\"default\" global_colors_info=\"{}\"][et_pb_row _builder_version=\"4.24.2\" _module_preset=\"default\" global_colors_info=\"{}\"][et_pb_column type=\"4_4\" _builder_version=\"4.24.2\" _module_preset=\"default\" global_colors_info=\"{}\"][et_pb_text _builder_version=\"4.24.2\" _module_preset=\"default\" custom_padding=\"11px|||||\" global_colors_info=\"{}\"]<\/p><h2 style=\"text-align: left;\"><span style=\"color: #0c71c3;\"><strong>\u00abSpinrel\u00bb e le auto elettriche: il motore italiano che vuole cambiare il mercato e ridurre la dipendenza dalla Cina<\/strong><\/span><\/h2><div class=\"flex-shrink-0 flex flex-col relative items-end\"><div><div class=\"pt-0\"><div class=\"gizmo-bot-avatar flex h-8 w-8 items-center justify-center overflow-hidden rounded-full\">\u00a0<\/div><\/div><\/div><\/div><div class=\"group\/conversation-turn relative flex w-full min-w-0 flex-col agent-turn\"><div class=\"flex-col gap-1 md:gap-3\"><div class=\"flex flex-grow flex-col max-w-full\"><div class=\"min-h-[20px] text-message flex w-full flex-col items-end gap-2 whitespace-pre-wrap break-words [.text-message+&]:mt-5 overflow-x-auto\" dir=\"auto\" data-message-author-role=\"assistant\" data-message-id=\"5fb93923-1e75-42bb-9c9f-25fcda90c5be\"><div class=\"flex w-full flex-col gap-1 empty:hidden first:pt-[3px]\"><div class=\"markdown prose w-full break-words dark:prose-invert light\"><h3>\u00a0<\/h3><h4>Un\u2019Innovazione Promettente per il Futuro dei Veicoli Elettrici<\/h4><p>Alla International Vehicle Technology Expo di Colonia, in Germania, il Green Silence Group, un polo industriale lombardo composto dalle <strong>aziende<\/strong> Settima Meccanica, Spin, e Motive, ha presentato una rivoluzionaria tecnologia: i <strong>motori<\/strong> elettrici \u00abSpinrel\u00bb. Finanziati dal fondo di private equity Xenon, questi nuovi motori potrebbero cambiare radicalmente il panorama della mobilit\u00e0 elettrica.<\/p><h4>Caratteristiche Tecniche e Vantaggi<\/h4><p>Gli \u00abSpinrel\u00bb eliminano l'uso dei magneti permanenti, solitamente composti fino al 30% da terre rare, attraverso un <strong>design<\/strong> innovativo che <strong>utilizza<\/strong> cavit\u00e0 appositamente studiate per creare vuoti e pieni d\u2019aria. Questo sistema non solo riduce l\u2019inquinamento ambientale e acustico, ma promette anche una maggiore <strong>efficienza<\/strong> energetica rispetto ai motori tradizionali.<\/p><p><strong>Alessandro Tassi<\/strong>, CEO di Spin, ha spiegato che questa tecnologia \u00e8 il frutto di tre anni di ricerca e due di ingegnerizzazione, ora pronta per il mercato. Gli \u00abSpinrel\u00bb sono adatti a qualsiasi tipo di veicolo, sia industriale che commerciale, e possono essere utilizzati anche per componenti come tergicristalli, sterzo, freni e finestrini.<\/p><h4>Indipendenza dalle Terre Rare<\/h4><p>Uno dei <strong>principali<\/strong> vantaggi degli \u00abSpinrel\u00bb \u00e8 la riduzione della dipendenza dalle terre rare, elementi chimici cruciali per molte tecnologie ecologiche. La Cina detiene circa il 37% delle riserve mondiali di terre rare e controlla gran parte delle esportazioni, rendendo l'Europa dipendente dalle importazioni da Pechino. Questo <strong>comporta<\/strong> <strong>problemi<\/strong> geopolitici e ambientali, poich\u00e9 l'estrazione e la lavorazione delle terre rare sono altamente inquinanti.<\/p><p>Gli \u00abSpinrel\u00bb, evitando l'uso di magneti permanenti, eliminano completamente la necessit\u00e0 di terre rare, rendendo i motori pi\u00f9 ecologici e riciclabili. Questa <strong>innovazione<\/strong> pu\u00f2 significativamente ridurre l\u2019impronta ambientale dei veicoli elettrici.<\/p><h4>Impatto Ambientale e Riciclabilit\u00e0<\/h4><p>La riduzione dell'uso di materiali critici, come il litio nelle batterie, rappresenta una soluzione parziale ma <strong>importante<\/strong> per diminuire l\u2019impatto <strong>ambientale<\/strong> dei veicoli elettrici. Alessandro Tassi sottolinea che l\u2019assenza di terre rare negli \u00abSpinrel\u00bb azzera l\u2019attivit\u00e0 estrattiva impattante e rende i motori completamente riciclabili, offrendo un doppio vantaggio per l\u2019ambiente.<\/p><\/div><\/div><\/div><\/div><\/div><\/div><p>\u00a0<\/p><p>[\/et_pb_text][et_pb_button button_url=\"https:\/\/www.open.online\/2024\/07\/28\/auto-elettriche-spinrel-motore-made-in-italy\/\" url_new_window=\"on\" button_text=\"FONTE\" button_alignment=\"left\" _builder_version=\"4.24.2\" _module_preset=\"default\" custom_button=\"on\" button_text_size=\"26px\" button_text_color=\"#FFFFFF\" button_bg_color=\"#0C71C3\" button_border_radius=\"10px\" button_font=\"Source Sans Pro|700||on|||||\" global_colors_info=\"{}\"][\/et_pb_button][\/et_pb_column][\/et_pb_row][\/et_pb_section]<\/p>","_et_gb_content_width":"","_exactmetrics_skip_tracking":false,"_exactmetrics_sitenote_active":false,"_exactmetrics_sitenote_note":"","_exactmetrics_sitenote_category":0,"footnotes":""},"categories":[114],"tags":[],"yoast_head":"<!-- This site is optimized with the Yoast SEO plugin v22.9 - https:\/\/yoast.com\/wordpress\/plugins\/seo\/ -->\n<title>Volvo CE per i mezzi elettrici &#8226; e_mob<\/title>\n<meta name=\"description\" content=\"Durante E_mob2024, esploreremo le soluzioni di Volvo CE per mezzi elettrici, ideali per cantieri, uso urbano e riqualificazione delle citt\u00e0. L&#039;obiettivo \u00e8 suggerire requisiti &quot;green&quot; da includere in bandi e progetti per la mobilit\u00e0 e la rigenerazione urbana, in linea con gli obiettivi di neutralit\u00e0 carbonica per il 2030-2050.\" \/>\n<meta name=\"robots\" content=\"index, follow, max-snippet:-1, max-image-preview:large, max-video-preview:-1\" \/>\n<link rel=\"canonical\" href=\"https:\/\/emob-italia.it\/2024\/08\/26\/volvo-ce-per-i-mezzi-elettrici\/\" \/>\n<meta property=\"og:locale\" content=\"en_US\" \/>\n<meta property=\"og:type\" content=\"article\" \/>\n<meta property=\"og:title\" content=\"Volvo CE per i mezzi elettrici &#8226; e_mob\" \/>\n<meta property=\"og:description\" content=\"Durante E_mob2024, esploreremo le soluzioni di Volvo CE per mezzi elettrici, ideali per cantieri, uso urbano e riqualificazione delle citt\u00e0. L&#039;obiettivo \u00e8 suggerire requisiti &quot;green&quot; da includere in bandi e progetti per la mobilit\u00e0 e la rigenerazione urbana, in linea con gli obiettivi di neutralit\u00e0 carbonica per il 2030-2050.\" \/>\n<meta property=\"og:url\" content=\"https:\/\/emob-italia.it\/2024\/08\/26\/volvo-ce-per-i-mezzi-elettrici\/\" \/>\n<meta property=\"og:site_name\" content=\"e_mob\" \/>\n<meta property=\"article:publisher\" content=\"https:\/\/www.facebook.com\/emobitalia\/\" \/>\n<meta property=\"article:published_time\" content=\"2024-08-26T09:10:40+00:00\" \/>\n<meta property=\"article:modified_time\" content=\"2024-08-26T09:10:46+00:00\" \/>\n<meta property=\"og:image\" content=\"https:\/\/emob-italia.it\/wp-content\/uploads\/2024\/08\/24_08.png\" \/>\n\t<meta property=\"og:image:width\" content=\"1200\" \/>\n\t<meta property=\"og:image:height\" content=\"630\" \/>\n\t<meta property=\"og:image:type\" content=\"image\/png\" \/>\n<meta name=\"author\" content=\"Redazione\" \/>\n<meta name=\"twitter:label1\" content=\"Written by\" \/>\n\t<meta name=\"twitter:data1\" content=\"Redazione\" \/>\n\t<meta name=\"twitter:label2\" content=\"Est. reading time\" \/>\n\t<meta name=\"twitter:data2\" content=\"1 minute\" \/>\n<script type=\"application\/ld+json\" class=\"yoast-schema-graph\">{\"@context\":\"https:\/\/schema.org\",\"@graph\":[{\"@type\":\"Article\",\"@id\":\"https:\/\/emob-italia.it\/2024\/08\/26\/volvo-ce-per-i-mezzi-elettrici\/#article\",\"isPartOf\":{\"@id\":\"https:\/\/emob-italia.it\/2024\/08\/26\/volvo-ce-per-i-mezzi-elettrici\/\"},\"author\":{\"name\":\"Redazione\",\"@id\":\"https:\/\/emob-italia.it\/#\/schema\/person\/59871c976b1a5e842e3d0b98901e4f6d\"},\"headline\":\"Volvo CE per i mezzi elettrici\",\"datePublished\":\"2024-08-26T09:10:40+00:00\",\"dateModified\":\"2024-08-26T09:10:46+00:00\",\"mainEntityOfPage\":{\"@id\":\"https:\/\/emob-italia.it\/2024\/08\/26\/volvo-ce-per-i-mezzi-elettrici\/\"},\"wordCount\":358,\"publisher\":{\"@id\":\"https:\/\/emob-italia.it\/#organization\"},\"image\":{\"@id\":\"https:\/\/emob-italia.it\/2024\/08\/26\/volvo-ce-per-i-mezzi-elettrici\/#primaryimage\"},\"thumbnailUrl\":\"https:\/\/emob-italia.it\/wp-content\/uploads\/2024\/08\/23a.jpg\",\"articleSection\":[\"Notizie Newsletter\"],\"inLanguage\":\"en-US\"},{\"@type\":\"WebPage\",\"@id\":\"https:\/\/emob-italia.it\/2024\/08\/26\/volvo-ce-per-i-mezzi-elettrici\/\",\"url\":\"https:\/\/emob-italia.it\/2024\/08\/26\/volvo-ce-per-i-mezzi-elettrici\/\",\"name\":\"Volvo CE per i mezzi elettrici &#8226; e_mob\",\"isPartOf\":{\"@id\":\"https:\/\/emob-italia.it\/#website\"},\"primaryImageOfPage\":{\"@id\":\"https:\/\/emob-italia.it\/2024\/08\/26\/volvo-ce-per-i-mezzi-elettrici\/#primaryimage\"},\"image\":{\"@id\":\"https:\/\/emob-italia.it\/2024\/08\/26\/volvo-ce-per-i-mezzi-elettrici\/#primaryimage\"},\"thumbnailUrl\":\"https:\/\/emob-italia.it\/wp-content\/uploads\/2024\/08\/23a.jpg\",\"datePublished\":\"2024-08-26T09:10:40+00:00\",\"dateModified\":\"2024-08-26T09:10:46+00:00\",\"description\":\"Durante E_mob2024, esploreremo le soluzioni di Volvo CE per mezzi elettrici, ideali per cantieri, uso urbano e riqualificazione delle citt\u00e0. L'obiettivo \u00e8 suggerire requisiti \\\"green\\\" da includere in bandi e progetti per la mobilit\u00e0 e la rigenerazione urbana, in linea con gli obiettivi di neutralit\u00e0 carbonica per il 2030-2050.\",\"breadcrumb\":{\"@id\":\"https:\/\/emob-italia.it\/2024\/08\/26\/volvo-ce-per-i-mezzi-elettrici\/#breadcrumb\"},\"inLanguage\":\"en-US\",\"potentialAction\":[{\"@type\":\"ReadAction\",\"target\":[\"https:\/\/emob-italia.it\/2024\/08\/26\/volvo-ce-per-i-mezzi-elettrici\/\"]}]},{\"@type\":\"ImageObject\",\"inLanguage\":\"en-US\",\"@id\":\"https:\/\/emob-italia.it\/2024\/08\/26\/volvo-ce-per-i-mezzi-elettrici\/#primaryimage\",\"url\":\"https:\/\/emob-italia.it\/wp-content\/uploads\/2024\/08\/23a.jpg\",\"contentUrl\":\"https:\/\/emob-italia.it\/wp-content\/uploads\/2024\/08\/23a.jpg\",\"width\":816,\"height\":422},{\"@type\":\"BreadcrumbList\",\"@id\":\"https:\/\/emob-italia.it\/2024\/08\/26\/volvo-ce-per-i-mezzi-elettrici\/#breadcrumb\",\"itemListElement\":[{\"@type\":\"ListItem\",\"position\":1,\"name\":\"Home\",\"item\":\"https:\/\/emob-italia.it\/en\/\"},{\"@type\":\"ListItem\",\"position\":2,\"name\":\"Volvo CE per i mezzi elettrici\"}]},{\"@type\":\"WebSite\",\"@id\":\"https:\/\/emob-italia.it\/#website\",\"url\":\"https:\/\/emob-italia.it\/\",\"name\":\"e_mob\",\"description\":\"Mobilit\u00e0 Elettrica\",\"publisher\":{\"@id\":\"https:\/\/emob-italia.it\/#organization\"},\"potentialAction\":[{\"@type\":\"SearchAction\",\"target\":{\"@type\":\"EntryPoint\",\"urlTemplate\":\"https:\/\/emob-italia.it\/?s={search_term_string}\"},\"query-input\":\"required name=search_term_string\"}],\"inLanguage\":\"en-US\"},{\"@type\":\"Organization\",\"@id\":\"https:\/\/emob-italia.it\/#organization\",\"name\":\"Class Onlus\",\"url\":\"https:\/\/emob-italia.it\/\",\"logo\":{\"@type\":\"ImageObject\",\"inLanguage\":\"en-US\",\"@id\":\"https:\/\/emob-italia.it\/#\/schema\/logo\/image\/\",\"url\":\"https:\/\/emob-italia.it\/wp-content\/uploads\/2019\/03\/0_CLASS-ONLUS-logo-web.png\",\"contentUrl\":\"https:\/\/emob-italia.it\/wp-content\/uploads\/2019\/03\/0_CLASS-ONLUS-logo-web.png\",\"width\":598,\"height\":202,\"caption\":\"Class Onlus\"},\"image\":{\"@id\":\"https:\/\/emob-italia.it\/#\/schema\/logo\/image\/\"},\"sameAs\":[\"https:\/\/www.facebook.com\/emobitalia\/\",\"https:\/\/www.instagram.com\/e_mob_italia\/\",\"https:\/\/www.linkedin.com\/groups\/12186185\/\",\"https:\/\/www.youtube.com\/channel\/UCvnTcrhggAX_AkFwGxRfqFw\/featured?view_as=subscriber\"]},{\"@type\":\"Person\",\"@id\":\"https:\/\/emob-italia.it\/#\/schema\/person\/59871c976b1a5e842e3d0b98901e4f6d\",\"name\":\"Redazione\",\"image\":{\"@type\":\"ImageObject\",\"inLanguage\":\"en-US\",\"@id\":\"https:\/\/emob-italia.it\/#\/schema\/person\/image\/\",\"url\":\"https:\/\/secure.gravatar.com\/avatar\/5389093e19decc01f17a4f367aa6ce45?s=96&r=g\",\"contentUrl\":\"https:\/\/secure.gravatar.com\/avatar\/5389093e19decc01f17a4f367aa6ce45?s=96&r=g\",\"caption\":\"Redazione\"},\"url\":\"https:\/\/emob-italia.it\/en\/author\/redazione\/\"}]}<\/script>\n<!-- \/ Yoast SEO plugin. -->","yoast_head_json":{"title":"Volvo CE per i mezzi elettrici &#8226; e_mob","description":"Durante E_mob2024, esploreremo le soluzioni di Volvo CE per mezzi elettrici, ideali per cantieri, uso urbano e riqualificazione delle citt\u00e0. L'obiettivo \u00e8 suggerire requisiti \"green\" da includere in bandi e progetti per la mobilit\u00e0 e la rigenerazione urbana, in linea con gli obiettivi di neutralit\u00e0 carbonica per il 2030-2050.","robots":{"index":"index","follow":"follow","max-snippet":"max-snippet:-1","max-image-preview":"max-image-preview:large","max-video-preview":"max-video-preview:-1"},"canonical":"https:\/\/emob-italia.it\/2024\/08\/26\/volvo-ce-per-i-mezzi-elettrici\/","og_locale":"en_US","og_type":"article","og_title":"Volvo CE per i mezzi elettrici &#8226; e_mob","og_description":"Durante E_mob2024, esploreremo le soluzioni di Volvo CE per mezzi elettrici, ideali per cantieri, uso urbano e riqualificazione delle citt\u00e0. L'obiettivo \u00e8 suggerire requisiti \"green\" da includere in bandi e progetti per la mobilit\u00e0 e la rigenerazione urbana, in linea con gli obiettivi di neutralit\u00e0 carbonica per il 2030-2050.","og_url":"https:\/\/emob-italia.it\/2024\/08\/26\/volvo-ce-per-i-mezzi-elettrici\/","og_site_name":"e_mob","article_publisher":"https:\/\/www.facebook.com\/emobitalia\/","article_published_time":"2024-08-26T09:10:40+00:00","article_modified_time":"2024-08-26T09:10:46+00:00","og_image":[{"width":1200,"height":630,"url":"https:\/\/emob-italia.it\/wp-content\/uploads\/2024\/08\/24_08.png","type":"image\/png"}],"author":"Redazione","twitter_misc":{"Written by":"Redazione","Est. reading time":"1 minute"},"schema":{"@context":"https:\/\/schema.org","@graph":[{"@type":"Article","@id":"https:\/\/emob-italia.it\/2024\/08\/26\/volvo-ce-per-i-mezzi-elettrici\/#article","isPartOf":{"@id":"https:\/\/emob-italia.it\/2024\/08\/26\/volvo-ce-per-i-mezzi-elettrici\/"},"author":{"name":"Redazione","@id":"https:\/\/emob-italia.it\/#\/schema\/person\/59871c976b1a5e842e3d0b98901e4f6d"},"headline":"Volvo CE per i mezzi elettrici","datePublished":"2024-08-26T09:10:40+00:00","dateModified":"2024-08-26T09:10:46+00:00","mainEntityOfPage":{"@id":"https:\/\/emob-italia.it\/2024\/08\/26\/volvo-ce-per-i-mezzi-elettrici\/"},"wordCount":358,"publisher":{"@id":"https:\/\/emob-italia.it\/#organization"},"image":{"@id":"https:\/\/emob-italia.it\/2024\/08\/26\/volvo-ce-per-i-mezzi-elettrici\/#primaryimage"},"thumbnailUrl":"https:\/\/emob-italia.it\/wp-content\/uploads\/2024\/08\/23a.jpg","articleSection":["Notizie Newsletter"],"inLanguage":"en-US"},{"@type":"WebPage","@id":"https:\/\/emob-italia.it\/2024\/08\/26\/volvo-ce-per-i-mezzi-elettrici\/","url":"https:\/\/emob-italia.it\/2024\/08\/26\/volvo-ce-per-i-mezzi-elettrici\/","name":"Volvo CE per i mezzi elettrici &#8226; e_mob","isPartOf":{"@id":"https:\/\/emob-italia.it\/#website"},"primaryImageOfPage":{"@id":"https:\/\/emob-italia.it\/2024\/08\/26\/volvo-ce-per-i-mezzi-elettrici\/#primaryimage"},"image":{"@id":"https:\/\/emob-italia.it\/2024\/08\/26\/volvo-ce-per-i-mezzi-elettrici\/#primaryimage"},"thumbnailUrl":"https:\/\/emob-italia.it\/wp-content\/uploads\/2024\/08\/23a.jpg","datePublished":"2024-08-26T09:10:40+00:00","dateModified":"2024-08-26T09:10:46+00:00","description":"Durante E_mob2024, esploreremo le soluzioni di Volvo CE per mezzi elettrici, ideali per cantieri, uso urbano e riqualificazione delle citt\u00e0. L'obiettivo \u00e8 suggerire requisiti \"green\" da includere in bandi e progetti per la mobilit\u00e0 e la rigenerazione urbana, in linea con gli obiettivi di neutralit\u00e0 carbonica per il 2030-2050.","breadcrumb":{"@id":"https:\/\/emob-italia.it\/2024\/08\/26\/volvo-ce-per-i-mezzi-elettrici\/#breadcrumb"},"inLanguage":"en-US","potentialAction":[{"@type":"ReadAction","target":["https:\/\/emob-italia.it\/2024\/08\/26\/volvo-ce-per-i-mezzi-elettrici\/"]}]},{"@type":"ImageObject","inLanguage":"en-US","@id":"https:\/\/emob-italia.it\/2024\/08\/26\/volvo-ce-per-i-mezzi-elettrici\/#primaryimage","url":"https:\/\/emob-italia.it\/wp-content\/uploads\/2024\/08\/23a.jpg","contentUrl":"https:\/\/emob-italia.it\/wp-content\/uploads\/2024\/08\/23a.jpg","width":816,"height":422},{"@type":"BreadcrumbList","@id":"https:\/\/emob-italia.it\/2024\/08\/26\/volvo-ce-per-i-mezzi-elettrici\/#breadcrumb","itemListElement":[{"@type":"ListItem","position":1,"name":"Home","item":"https:\/\/emob-italia.it\/en\/"},{"@type":"ListItem","position":2,"name":"Volvo CE per i mezzi elettrici"}]},{"@type":"WebSite","@id":"https:\/\/emob-italia.it\/#website","url":"https:\/\/emob-italia.it\/","name":"e_mob","description":"Mobilit\u00e0 Elettrica","publisher":{"@id":"https:\/\/emob-italia.it\/#organization"},"potentialAction":[{"@type":"SearchAction","target":{"@type":"EntryPoint","urlTemplate":"https:\/\/emob-italia.it\/?s={search_term_string}"},"query-input":"required name=search_term_string"}],"inLanguage":"en-US"},{"@type":"Organization","@id":"https:\/\/emob-italia.it\/#organization","name":"Class Onlus","url":"https:\/\/emob-italia.it\/","logo":{"@type":"ImageObject","inLanguage":"en-US","@id":"https:\/\/emob-italia.it\/#\/schema\/logo\/image\/","url":"https:\/\/emob-italia.it\/wp-content\/uploads\/2019\/03\/0_CLASS-ONLUS-logo-web.png","contentUrl":"https:\/\/emob-italia.it\/wp-content\/uploads\/2019\/03\/0_CLASS-ONLUS-logo-web.png","width":598,"height":202,"caption":"Class Onlus"},"image":{"@id":"https:\/\/emob-italia.it\/#\/schema\/logo\/image\/"},"sameAs":["https:\/\/www.facebook.com\/emobitalia\/","https:\/\/www.instagram.com\/e_mob_italia\/","https:\/\/www.linkedin.com\/groups\/12186185\/","https:\/\/www.youtube.com\/channel\/UCvnTcrhggAX_AkFwGxRfqFw\/featured?view_as=subscriber"]},{"@type":"Person","@id":"https:\/\/emob-italia.it\/#\/schema\/person\/59871c976b1a5e842e3d0b98901e4f6d","name":"Redazione","image":{"@type":"ImageObject","inLanguage":"en-US","@id":"https:\/\/emob-italia.it\/#\/schema\/person\/image\/","url":"https:\/\/secure.gravatar.com\/avatar\/5389093e19decc01f17a4f367aa6ce45?s=96&r=g","contentUrl":"https:\/\/secure.gravatar.com\/avatar\/5389093e19decc01f17a4f367aa6ce45?s=96&r=g","caption":"Redazione"},"url":"https:\/\/emob-italia.it\/en\/author\/redazione\/"}]}},"_links":{"self":[{"href":"https:\/\/emob-italia.it\/en\/wp-json\/wp\/v2\/posts\/64714"}],"collection":[{"href":"https:\/\/emob-italia.it\/en\/wp-json\/wp\/v2\/posts"}],"about":[{"href":"https:\/\/emob-italia.it\/en\/wp-json\/wp\/v2\/types\/post"}],"author":[{"embeddable":true,"href":"https:\/\/emob-italia.it\/en\/wp-json\/wp\/v2\/users\/19"}],"replies":[{"embeddable":true,"href":"https:\/\/emob-italia.it\/en\/wp-json\/wp\/v2\/comments?post=64714"}],"version-history":[{"count":5,"href":"https:\/\/emob-italia.it\/en\/wp-json\/wp\/v2\/posts\/64714\/revisions"}],"predecessor-version":[{"id":64759,"href":"https:\/\/emob-italia.it\/en\/wp-json\/wp\/v2\/posts\/64714\/revisions\/64759"}],"wp:featuredmedia":[{"embeddable":true,"href":"https:\/\/emob-italia.it\/en\/wp-json\/wp\/v2\/media\/64719"}],"wp:attachment":[{"href":"https:\/\/emob-italia.it\/en\/wp-json\/wp\/v2\/media?parent=64714"}],"wp:term":[{"taxonomy":"category","embeddable":true,"href":"https:\/\/emob-italia.it\/en\/wp-json\/wp\/v2\/categories?post=64714"},{"taxonomy":"post_tag","embeddable":true,"href":"https:\/\/emob-italia.it\/en\/wp-json\/wp\/v2\/tags?post=64714"}],"curies":[{"name":"wp","href":"https:\/\/api.w.org\/{rel}","templated":true}]}}