{"id":64645,"date":"2024-08-07T11:33:58","date_gmt":"2024-08-07T09:33:58","guid":{"rendered":"https:\/\/emob-italia.it\/?p=64645"},"modified":"2024-08-07T11:34:02","modified_gmt":"2024-08-07T09:34:02","slug":"in-italia-aumentano-le-postazioni-di-ricarica-per-veicoli-elettrici","status":"publish","type":"post","link":"https:\/\/emob-italia.it\/en\/2024\/08\/07\/in-italia-aumentano-le-postazioni-di-ricarica-per-veicoli-elettrici\/","title":{"rendered":"In Italia aumentano le postazioni di ricarica per veicoli elettrici"},"content":{"rendered":"<p>[et_pb_section fb_built=&#8221;1&#8243; _builder_version=&#8221;4.24.2&#8243; _module_preset=&#8221;default&#8221; global_colors_info=&#8221;{}&#8221;][et_pb_row _builder_version=&#8221;4.24.2&#8243; _module_preset=&#8221;default&#8221; global_colors_info=&#8221;{}&#8221;][et_pb_column type=&#8221;4_4&#8243; _builder_version=&#8221;4.24.2&#8243; _module_preset=&#8221;default&#8221; global_colors_info=&#8221;{}&#8221;][et_pb_text _builder_version=&#8221;4.24.2&#8243; _module_preset=&#8221;default&#8221; custom_padding=&#8221;11px|||||&#8221; global_colors_info=&#8221;{}&#8221;]<\/p>\n<h2 style=\"text-align: left;\"><span style=\"color: #0c71c3;\"><strong>In Italia aumentano le postazioni di ricarica per veicoli elettrici<\/strong><\/span><\/h2>\n<h4>Aumentano i Punti di Ricarica in Vista degli Obiettivi del PNRR<\/h4>\n<p>Le <strong>infrastrutture<\/strong> per le auto elettriche in Italia stanno registrando una crescita significativa, in preparazione alla sfida infrastrutturale rappresentata dal Piano Nazionale di Ripresa e Resilienza (PNRR). Al 30 giugno, i punti di ricarica a uso pubblico nel Paese sono arrivati a 56.992, con un <strong>incremento<\/strong> di 11.782 unit\u00e0 negli ultimi 12 mesi e di 6.314 unit\u00e0 dall\u2019inizio dell\u2019anno (+2.828 nell\u2019ultimo trimestre). Questo aumento ha quasi <strong>raddoppiato<\/strong> il numero di punti di ricarica negli ultimi due anni, passando da 30.704 a 56.992.<\/p>\n<p><strong>Fabio Pressi<\/strong>, presidente di <strong>Motus-E<\/strong>, ha osservato che il lieve rallentamento delle installazioni nell\u2019ultimo trimestre indica che gli operatori della ricarica si stanno preparando per la grande sfida del PNRR, che richieder\u00e0 uno sforzo straordinario da parte di tutti gli attori coinvolti. &#8220;Per centrare gli obiettivi del Piano sar\u00e0 determinante il contributo di tutti gli attori coinvolti, dalle municipalit\u00e0 ai distributori di energia elettrica, chiamati anch\u2019essi a un impegno eccezionale,&#8221; ha affermato Pressi.<\/p>\n<p>Gli <strong>obiettivi<\/strong> del <strong>PNRR<\/strong> non si limitano alla semplice installazione di oltre 41.000 punti di ricarica ad alta e altissima potenza entro il 2025. Includono anche la connessione di questi punti da parte dei distributori locali e la loro attivazione tempestiva. Attualmente, il 17,9% dei punti <strong>installati<\/strong> \u00e8 in attesa di collegamento e attivazione, evidenziando la necessit\u00e0 di velocizzare le procedure autorizzative e di un maggiore coinvolgimento di tutti i soggetti interessati.<\/p>\n<p>&#8220;Siamo di fronte a una sfida entusiasmante ma estremamente complessa, che richieder\u00e0 il massimo coordinamento tra tutti i player pubblici e privati protagonisti di questa grande operazione strategica,&#8221; ha sottolineato Pressi. &#8220;Dobbiamo realizzare in tempi <strong>strettissimi<\/strong> un\u2019infrastruttura senza precedenti, che pu\u00f2 fare dell\u2019Italia un punto di riferimento a livello europeo. Gli operatori della ricarica sono pronti e determinati a fare la propria parte, nella <strong>convinzione<\/strong> che l\u2019ottimo lavoro svolto per creare la<strong> Piattaforma<\/strong> <strong>Unica Nazionale<\/strong> (PUN) possa dare vita in prospettiva anche a un efficace strumento per la pianificazione della rete, come avviene in altri Paesi Ue.&#8221;<\/p>\n<p>Quanto ai dati, al 30 giugno i punti di <strong>ricarica<\/strong> lungo le autostrade italiane sono 963, un notevole aumento rispetto ai 657 del giugno 2023 e ai 235 del giugno 2022. Di questi, l&#8217;85% \u00e8 di tipo veloce in corrente continua e il 62% supera i 150 kW di potenza. Attualmente, il 41% delle aree di <strong>servizio autostradali<\/strong> \u00e8 dotato di infrastrutture per la ricarica.<\/p>\n<p>&nbsp;<\/p>\n<p>[\/et_pb_text][et_pb_button button_url=&#8221;https:\/\/www.linkedin.com\/posts\/motus-e_autoelettriche-pnrr-ricarica-activity-7222541181723766785-_-yF\/?utm_source=share&#038;utm_medium=member_android&#8221; url_new_window=&#8221;on&#8221; button_text=&#8221;FONTE&#8221; button_alignment=&#8221;left&#8221; _builder_version=&#8221;4.24.2&#8243; _module_preset=&#8221;default&#8221; custom_button=&#8221;on&#8221; button_text_size=&#8221;26px&#8221; button_text_color=&#8221;#FFFFFF&#8221; button_bg_color=&#8221;#0C71C3&#8243; button_border_radius=&#8221;10px&#8221; button_font=&#8221;Source Sans Pro|700||on|||||&#8221; global_colors_info=&#8221;{}&#8221;][\/et_pb_button][\/et_pb_column][\/et_pb_row][\/et_pb_section]<\/p>\n","protected":false},"excerpt":{"rendered":"<p>In Italia aumentano le postazioni di ricarica per veicoli elettrici Aumentano i Punti di Ricarica in Vista degli Obiettivi del PNRR Le infrastrutture per le auto elettriche in Italia stanno registrando una crescita significativa, in preparazione alla sfida infrastrutturale rappresentata dal Piano Nazionale di Ripresa e Resilienza (PNRR). Al 30 giugno, i punti di ricarica [&hellip;]<\/p>\n","protected":false},"author":19,"featured_media":64669,"comment_status":"closed","ping_status":"open","sticky":false,"template":"","format":"chat","meta":{"_et_pb_use_builder":"on","_et_pb_old_content":"<p>[et_pb_section fb_built=\"1\" _builder_version=\"4.24.2\" _module_preset=\"default\" global_colors_info=\"{}\"][et_pb_row _builder_version=\"4.24.2\" _module_preset=\"default\" global_colors_info=\"{}\"][et_pb_column type=\"4_4\" _builder_version=\"4.24.2\" _module_preset=\"default\" global_colors_info=\"{}\"][et_pb_text _builder_version=\"4.24.2\" _module_preset=\"default\" custom_padding=\"11px|||||\" global_colors_info=\"{}\"]<\/p><h2 style=\"text-align: left;\"><span style=\"color: #0c71c3;\"><strong>Autobus elettrici, l\u2019Europa corre veloce: <\/strong><\/span><\/h2><h2 style=\"text-align: left;\"><span style=\"color: #0c71c3;\"><strong>Pi\u00f9 di 4 nuove immatricolazioni <\/strong><\/span><span style=\"color: #0c71c3;\"><strong>su 10 sono full electric<\/strong><\/span><\/h2><p>Attualmente, in <strong>Italia<\/strong> solo 2,7 autobus urbani su 10 sono elettrici, ma i prossimi fondi europei potrebbero rappresentare un momento di svolta. Secondo un nuovo report di Eurac Research, Motus-E e Sustainable Bus, i <strong>progressi<\/strong> <strong>tecnologici<\/strong> rendono sempre pi\u00f9 realizzabile l'elettrificazione del trasporto pubblico locale su gomma in Europa, con l'Italia pronta a seguire questa tendenza grazie all'aumento dell'autonomia dei bus a batteria.<\/p><p>Il mercato europeo dei bus urbani ha visto un <strong>significativo<\/strong> aumento delle trazioni alternative, con il 73% delle nuove immatricolazioni nel 2023 e l'elettrico a rappresentare oltre il 40%. Questo trend \u00e8 in linea con gli obiettivi dell'UE di ridurre le emissioni di CO2, prevedendo che entro il <strong>2030<\/strong> i nuovi autobus urbani riducano le emissioni del 90% e raggiungano le emissioni zero entro il 2035.<\/p><p>Tuttavia, l'Italia \u00e8 in ritardo rispetto agli altri grandi Paesi europei, con solo il 27,5% dei nuovi autobus urbani elettrici nel 2023, rispetto al 40% medio in Europa. Inoltre, l'et\u00e0 media degli autobus urbani italiani \u00e8 di 10,3 anni, superiore di circa il 33% rispetto a Paesi come Francia, Germania, Spagna e Regno Unito.<\/p><p>I nuovi fondi europei per il trasporto pubblico locale <strong>rappresentano<\/strong> un'opportunit\u00e0 per l'Italia di accelerare l'elettrificazione delle flotte di <strong>autobus<\/strong>, replicando le best practice di citt\u00e0 come Genova, Milano e Torino, dove circola oltre la met\u00e0 degli autobus elettrici immatricolati tra il 2022 e il 2023.<\/p><p>\u00a0<\/p><p>[\/et_pb_text][et_pb_button button_url=\"https:\/\/www.motus-e.org\/news-associative\/autobus-elettrici-leuropa-corre-veloce-piu-di-4-nuove-immatricolazioni-su-10-sono-full-electric\/\" url_new_window=\"on\" button_text=\"FONTE\" button_alignment=\"left\" _builder_version=\"4.24.2\" _module_preset=\"default\" custom_button=\"on\" button_text_size=\"26px\" button_text_color=\"#FFFFFF\" button_bg_color=\"#0C71C3\" button_border_radius=\"10px\" button_font=\"Source Sans Pro|700||on|||||\" global_colors_info=\"{}\"][\/et_pb_button][\/et_pb_column][\/et_pb_row][\/et_pb_section]<\/p>","_et_gb_content_width":"","_exactmetrics_skip_tracking":false,"_exactmetrics_sitenote_active":false,"_exactmetrics_sitenote_note":"","_exactmetrics_sitenote_category":0,"footnotes":""},"categories":[114],"tags":[],"yoast_head":"<!-- This site is optimized with the Yoast SEO plugin v22.9 - https:\/\/yoast.com\/wordpress\/plugins\/seo\/ -->\n<title>In Italia aumentano le postazioni di ricarica per veicoli elettrici &#8226; e_mob<\/title>\n<meta name=\"description\" content=\"e_mob \u00e8 il tavolo permanente degli stakeholder della mobilit\u00e0 elettrica in Italia. Organizza ogni anno a Milano la Conferenza Nazionale del settore, nel 2021 in programma dal 16 al 19 ottobre.\" \/>\n<meta name=\"robots\" content=\"index, follow, max-snippet:-1, max-image-preview:large, max-video-preview:-1\" \/>\n<link rel=\"canonical\" href=\"https:\/\/emob-italia.it\/2024\/08\/07\/in-italia-aumentano-le-postazioni-di-ricarica-per-veicoli-elettrici\/\" \/>\n<meta property=\"og:locale\" content=\"en_US\" \/>\n<meta property=\"og:type\" content=\"article\" \/>\n<meta property=\"og:title\" content=\"In Italia aumentano le postazioni di ricarica per veicoli elettrici &#8226; e_mob\" \/>\n<meta property=\"og:description\" content=\"e_mob \u00e8 il tavolo permanente degli stakeholder della mobilit\u00e0 elettrica in Italia. Organizza ogni anno a Milano la Conferenza Nazionale del settore, nel 2021 in programma dal 16 al 19 ottobre.\" \/>\n<meta property=\"og:url\" content=\"https:\/\/emob-italia.it\/2024\/08\/07\/in-italia-aumentano-le-postazioni-di-ricarica-per-veicoli-elettrici\/\" \/>\n<meta property=\"og:site_name\" content=\"e_mob\" \/>\n<meta property=\"article:publisher\" content=\"https:\/\/www.facebook.com\/emobitalia\/\" \/>\n<meta property=\"article:published_time\" content=\"2024-08-07T09:33:58+00:00\" \/>\n<meta property=\"article:modified_time\" content=\"2024-08-07T09:34:02+00:00\" \/>\n<meta property=\"og:image\" content=\"https:\/\/emob-italia.it\/wp-content\/uploads\/2024\/08\/23_08.png\" \/>\n\t<meta property=\"og:image:width\" content=\"1200\" \/>\n\t<meta property=\"og:image:height\" content=\"630\" \/>\n\t<meta property=\"og:image:type\" content=\"image\/png\" \/>\n<meta name=\"author\" content=\"Redazione\" \/>\n<meta name=\"twitter:label1\" content=\"Written by\" \/>\n\t<meta name=\"twitter:data1\" content=\"Redazione\" \/>\n\t<meta name=\"twitter:label2\" content=\"Est. reading time\" \/>\n\t<meta name=\"twitter:data2\" content=\"3 minutes\" \/>\n<script type=\"application\/ld+json\" class=\"yoast-schema-graph\">{\"@context\":\"https:\/\/schema.org\",\"@graph\":[{\"@type\":\"Article\",\"@id\":\"https:\/\/emob-italia.it\/2024\/08\/07\/in-italia-aumentano-le-postazioni-di-ricarica-per-veicoli-elettrici\/#article\",\"isPartOf\":{\"@id\":\"https:\/\/emob-italia.it\/2024\/08\/07\/in-italia-aumentano-le-postazioni-di-ricarica-per-veicoli-elettrici\/\"},\"author\":{\"name\":\"Redazione\",\"@id\":\"https:\/\/emob-italia.it\/#\/schema\/person\/59871c976b1a5e842e3d0b98901e4f6d\"},\"headline\":\"In Italia aumentano le postazioni di ricarica per veicoli elettrici\",\"datePublished\":\"2024-08-07T09:33:58+00:00\",\"dateModified\":\"2024-08-07T09:34:02+00:00\",\"mainEntityOfPage\":{\"@id\":\"https:\/\/emob-italia.it\/2024\/08\/07\/in-italia-aumentano-le-postazioni-di-ricarica-per-veicoli-elettrici\/\"},\"wordCount\":536,\"publisher\":{\"@id\":\"https:\/\/emob-italia.it\/#organization\"},\"image\":{\"@id\":\"https:\/\/emob-italia.it\/2024\/08\/07\/in-italia-aumentano-le-postazioni-di-ricarica-per-veicoli-elettrici\/#primaryimage\"},\"thumbnailUrl\":\"https:\/\/emob-italia.it\/wp-content\/uploads\/2024\/08\/22c.jpg\",\"articleSection\":[\"Notizie Newsletter\"],\"inLanguage\":\"en-US\"},{\"@type\":\"WebPage\",\"@id\":\"https:\/\/emob-italia.it\/2024\/08\/07\/in-italia-aumentano-le-postazioni-di-ricarica-per-veicoli-elettrici\/\",\"url\":\"https:\/\/emob-italia.it\/2024\/08\/07\/in-italia-aumentano-le-postazioni-di-ricarica-per-veicoli-elettrici\/\",\"name\":\"In Italia aumentano le postazioni di ricarica per veicoli elettrici &#8226; e_mob\",\"isPartOf\":{\"@id\":\"https:\/\/emob-italia.it\/#website\"},\"primaryImageOfPage\":{\"@id\":\"https:\/\/emob-italia.it\/2024\/08\/07\/in-italia-aumentano-le-postazioni-di-ricarica-per-veicoli-elettrici\/#primaryimage\"},\"image\":{\"@id\":\"https:\/\/emob-italia.it\/2024\/08\/07\/in-italia-aumentano-le-postazioni-di-ricarica-per-veicoli-elettrici\/#primaryimage\"},\"thumbnailUrl\":\"https:\/\/emob-italia.it\/wp-content\/uploads\/2024\/08\/22c.jpg\",\"datePublished\":\"2024-08-07T09:33:58+00:00\",\"dateModified\":\"2024-08-07T09:34:02+00:00\",\"description\":\"e_mob \u00e8 il tavolo permanente degli stakeholder della mobilit\u00e0 elettrica in Italia. Organizza ogni anno a Milano la Conferenza Nazionale del settore, nel 2021 in programma dal 16 al 19 ottobre.\",\"breadcrumb\":{\"@id\":\"https:\/\/emob-italia.it\/2024\/08\/07\/in-italia-aumentano-le-postazioni-di-ricarica-per-veicoli-elettrici\/#breadcrumb\"},\"inLanguage\":\"en-US\",\"potentialAction\":[{\"@type\":\"ReadAction\",\"target\":[\"https:\/\/emob-italia.it\/2024\/08\/07\/in-italia-aumentano-le-postazioni-di-ricarica-per-veicoli-elettrici\/\"]}]},{\"@type\":\"ImageObject\",\"inLanguage\":\"en-US\",\"@id\":\"https:\/\/emob-italia.it\/2024\/08\/07\/in-italia-aumentano-le-postazioni-di-ricarica-per-veicoli-elettrici\/#primaryimage\",\"url\":\"https:\/\/emob-italia.it\/wp-content\/uploads\/2024\/08\/22c.jpg\",\"contentUrl\":\"https:\/\/emob-italia.it\/wp-content\/uploads\/2024\/08\/22c.jpg\",\"width\":650,\"height\":400},{\"@type\":\"BreadcrumbList\",\"@id\":\"https:\/\/emob-italia.it\/2024\/08\/07\/in-italia-aumentano-le-postazioni-di-ricarica-per-veicoli-elettrici\/#breadcrumb\",\"itemListElement\":[{\"@type\":\"ListItem\",\"position\":1,\"name\":\"Home\",\"item\":\"https:\/\/emob-italia.it\/en\/\"},{\"@type\":\"ListItem\",\"position\":2,\"name\":\"In Italia aumentano le postazioni di ricarica per veicoli elettrici\"}]},{\"@type\":\"WebSite\",\"@id\":\"https:\/\/emob-italia.it\/#website\",\"url\":\"https:\/\/emob-italia.it\/\",\"name\":\"e_mob\",\"description\":\"Mobilit\u00e0 Elettrica\",\"publisher\":{\"@id\":\"https:\/\/emob-italia.it\/#organization\"},\"potentialAction\":[{\"@type\":\"SearchAction\",\"target\":{\"@type\":\"EntryPoint\",\"urlTemplate\":\"https:\/\/emob-italia.it\/?s={search_term_string}\"},\"query-input\":\"required name=search_term_string\"}],\"inLanguage\":\"en-US\"},{\"@type\":\"Organization\",\"@id\":\"https:\/\/emob-italia.it\/#organization\",\"name\":\"Class Onlus\",\"url\":\"https:\/\/emob-italia.it\/\",\"logo\":{\"@type\":\"ImageObject\",\"inLanguage\":\"en-US\",\"@id\":\"https:\/\/emob-italia.it\/#\/schema\/logo\/image\/\",\"url\":\"https:\/\/emob-italia.it\/wp-content\/uploads\/2019\/03\/0_CLASS-ONLUS-logo-web.png\",\"contentUrl\":\"https:\/\/emob-italia.it\/wp-content\/uploads\/2019\/03\/0_CLASS-ONLUS-logo-web.png\",\"width\":598,\"height\":202,\"caption\":\"Class Onlus\"},\"image\":{\"@id\":\"https:\/\/emob-italia.it\/#\/schema\/logo\/image\/\"},\"sameAs\":[\"https:\/\/www.facebook.com\/emobitalia\/\",\"https:\/\/www.instagram.com\/e_mob_italia\/\",\"https:\/\/www.linkedin.com\/groups\/12186185\/\",\"https:\/\/www.youtube.com\/channel\/UCvnTcrhggAX_AkFwGxRfqFw\/featured?view_as=subscriber\"]},{\"@type\":\"Person\",\"@id\":\"https:\/\/emob-italia.it\/#\/schema\/person\/59871c976b1a5e842e3d0b98901e4f6d\",\"name\":\"Redazione\",\"image\":{\"@type\":\"ImageObject\",\"inLanguage\":\"en-US\",\"@id\":\"https:\/\/emob-italia.it\/#\/schema\/person\/image\/\",\"url\":\"https:\/\/secure.gravatar.com\/avatar\/5389093e19decc01f17a4f367aa6ce45?s=96&r=g\",\"contentUrl\":\"https:\/\/secure.gravatar.com\/avatar\/5389093e19decc01f17a4f367aa6ce45?s=96&r=g\",\"caption\":\"Redazione\"},\"url\":\"https:\/\/emob-italia.it\/en\/author\/redazione\/\"}]}<\/script>\n<!-- \/ Yoast SEO plugin. -->","yoast_head_json":{"title":"In Italia aumentano le postazioni di ricarica per veicoli elettrici &#8226; e_mob","description":"e_mob \u00e8 il tavolo permanente degli stakeholder della mobilit\u00e0 elettrica in Italia. Organizza ogni anno a Milano la Conferenza Nazionale del settore, nel 2021 in programma dal 16 al 19 ottobre.","robots":{"index":"index","follow":"follow","max-snippet":"max-snippet:-1","max-image-preview":"max-image-preview:large","max-video-preview":"max-video-preview:-1"},"canonical":"https:\/\/emob-italia.it\/2024\/08\/07\/in-italia-aumentano-le-postazioni-di-ricarica-per-veicoli-elettrici\/","og_locale":"en_US","og_type":"article","og_title":"In Italia aumentano le postazioni di ricarica per veicoli elettrici &#8226; e_mob","og_description":"e_mob \u00e8 il tavolo permanente degli stakeholder della mobilit\u00e0 elettrica in Italia. Organizza ogni anno a Milano la Conferenza Nazionale del settore, nel 2021 in programma dal 16 al 19 ottobre.","og_url":"https:\/\/emob-italia.it\/2024\/08\/07\/in-italia-aumentano-le-postazioni-di-ricarica-per-veicoli-elettrici\/","og_site_name":"e_mob","article_publisher":"https:\/\/www.facebook.com\/emobitalia\/","article_published_time":"2024-08-07T09:33:58+00:00","article_modified_time":"2024-08-07T09:34:02+00:00","og_image":[{"width":1200,"height":630,"url":"https:\/\/emob-italia.it\/wp-content\/uploads\/2024\/08\/23_08.png","type":"image\/png"}],"author":"Redazione","twitter_misc":{"Written by":"Redazione","Est. reading time":"3 minutes"},"schema":{"@context":"https:\/\/schema.org","@graph":[{"@type":"Article","@id":"https:\/\/emob-italia.it\/2024\/08\/07\/in-italia-aumentano-le-postazioni-di-ricarica-per-veicoli-elettrici\/#article","isPartOf":{"@id":"https:\/\/emob-italia.it\/2024\/08\/07\/in-italia-aumentano-le-postazioni-di-ricarica-per-veicoli-elettrici\/"},"author":{"name":"Redazione","@id":"https:\/\/emob-italia.it\/#\/schema\/person\/59871c976b1a5e842e3d0b98901e4f6d"},"headline":"In Italia aumentano le postazioni di ricarica per veicoli elettrici","datePublished":"2024-08-07T09:33:58+00:00","dateModified":"2024-08-07T09:34:02+00:00","mainEntityOfPage":{"@id":"https:\/\/emob-italia.it\/2024\/08\/07\/in-italia-aumentano-le-postazioni-di-ricarica-per-veicoli-elettrici\/"},"wordCount":536,"publisher":{"@id":"https:\/\/emob-italia.it\/#organization"},"image":{"@id":"https:\/\/emob-italia.it\/2024\/08\/07\/in-italia-aumentano-le-postazioni-di-ricarica-per-veicoli-elettrici\/#primaryimage"},"thumbnailUrl":"https:\/\/emob-italia.it\/wp-content\/uploads\/2024\/08\/22c.jpg","articleSection":["Notizie Newsletter"],"inLanguage":"en-US"},{"@type":"WebPage","@id":"https:\/\/emob-italia.it\/2024\/08\/07\/in-italia-aumentano-le-postazioni-di-ricarica-per-veicoli-elettrici\/","url":"https:\/\/emob-italia.it\/2024\/08\/07\/in-italia-aumentano-le-postazioni-di-ricarica-per-veicoli-elettrici\/","name":"In Italia aumentano le postazioni di ricarica per veicoli elettrici &#8226; e_mob","isPartOf":{"@id":"https:\/\/emob-italia.it\/#website"},"primaryImageOfPage":{"@id":"https:\/\/emob-italia.it\/2024\/08\/07\/in-italia-aumentano-le-postazioni-di-ricarica-per-veicoli-elettrici\/#primaryimage"},"image":{"@id":"https:\/\/emob-italia.it\/2024\/08\/07\/in-italia-aumentano-le-postazioni-di-ricarica-per-veicoli-elettrici\/#primaryimage"},"thumbnailUrl":"https:\/\/emob-italia.it\/wp-content\/uploads\/2024\/08\/22c.jpg","datePublished":"2024-08-07T09:33:58+00:00","dateModified":"2024-08-07T09:34:02+00:00","description":"e_mob \u00e8 il tavolo permanente degli stakeholder della mobilit\u00e0 elettrica in Italia. Organizza ogni anno a Milano la Conferenza Nazionale del settore, nel 2021 in programma dal 16 al 19 ottobre.","breadcrumb":{"@id":"https:\/\/emob-italia.it\/2024\/08\/07\/in-italia-aumentano-le-postazioni-di-ricarica-per-veicoli-elettrici\/#breadcrumb"},"inLanguage":"en-US","potentialAction":[{"@type":"ReadAction","target":["https:\/\/emob-italia.it\/2024\/08\/07\/in-italia-aumentano-le-postazioni-di-ricarica-per-veicoli-elettrici\/"]}]},{"@type":"ImageObject","inLanguage":"en-US","@id":"https:\/\/emob-italia.it\/2024\/08\/07\/in-italia-aumentano-le-postazioni-di-ricarica-per-veicoli-elettrici\/#primaryimage","url":"https:\/\/emob-italia.it\/wp-content\/uploads\/2024\/08\/22c.jpg","contentUrl":"https:\/\/emob-italia.it\/wp-content\/uploads\/2024\/08\/22c.jpg","width":650,"height":400},{"@type":"BreadcrumbList","@id":"https:\/\/emob-italia.it\/2024\/08\/07\/in-italia-aumentano-le-postazioni-di-ricarica-per-veicoli-elettrici\/#breadcrumb","itemListElement":[{"@type":"ListItem","position":1,"name":"Home","item":"https:\/\/emob-italia.it\/en\/"},{"@type":"ListItem","position":2,"name":"In Italia aumentano le postazioni di ricarica per veicoli elettrici"}]},{"@type":"WebSite","@id":"https:\/\/emob-italia.it\/#website","url":"https:\/\/emob-italia.it\/","name":"e_mob","description":"Mobilit\u00e0 Elettrica","publisher":{"@id":"https:\/\/emob-italia.it\/#organization"},"potentialAction":[{"@type":"SearchAction","target":{"@type":"EntryPoint","urlTemplate":"https:\/\/emob-italia.it\/?s={search_term_string}"},"query-input":"required name=search_term_string"}],"inLanguage":"en-US"},{"@type":"Organization","@id":"https:\/\/emob-italia.it\/#organization","name":"Class Onlus","url":"https:\/\/emob-italia.it\/","logo":{"@type":"ImageObject","inLanguage":"en-US","@id":"https:\/\/emob-italia.it\/#\/schema\/logo\/image\/","url":"https:\/\/emob-italia.it\/wp-content\/uploads\/2019\/03\/0_CLASS-ONLUS-logo-web.png","contentUrl":"https:\/\/emob-italia.it\/wp-content\/uploads\/2019\/03\/0_CLASS-ONLUS-logo-web.png","width":598,"height":202,"caption":"Class Onlus"},"image":{"@id":"https:\/\/emob-italia.it\/#\/schema\/logo\/image\/"},"sameAs":["https:\/\/www.facebook.com\/emobitalia\/","https:\/\/www.instagram.com\/e_mob_italia\/","https:\/\/www.linkedin.com\/groups\/12186185\/","https:\/\/www.youtube.com\/channel\/UCvnTcrhggAX_AkFwGxRfqFw\/featured?view_as=subscriber"]},{"@type":"Person","@id":"https:\/\/emob-italia.it\/#\/schema\/person\/59871c976b1a5e842e3d0b98901e4f6d","name":"Redazione","image":{"@type":"ImageObject","inLanguage":"en-US","@id":"https:\/\/emob-italia.it\/#\/schema\/person\/image\/","url":"https:\/\/secure.gravatar.com\/avatar\/5389093e19decc01f17a4f367aa6ce45?s=96&r=g","contentUrl":"https:\/\/secure.gravatar.com\/avatar\/5389093e19decc01f17a4f367aa6ce45?s=96&r=g","caption":"Redazione"},"url":"https:\/\/emob-italia.it\/en\/author\/redazione\/"}]}},"_links":{"self":[{"href":"https:\/\/emob-italia.it\/en\/wp-json\/wp\/v2\/posts\/64645"}],"collection":[{"href":"https:\/\/emob-italia.it\/en\/wp-json\/wp\/v2\/posts"}],"about":[{"href":"https:\/\/emob-italia.it\/en\/wp-json\/wp\/v2\/types\/post"}],"author":[{"embeddable":true,"href":"https:\/\/emob-italia.it\/en\/wp-json\/wp\/v2\/users\/19"}],"replies":[{"embeddable":true,"href":"https:\/\/emob-italia.it\/en\/wp-json\/wp\/v2\/comments?post=64645"}],"version-history":[{"count":4,"href":"https:\/\/emob-italia.it\/en\/wp-json\/wp\/v2\/posts\/64645\/revisions"}],"predecessor-version":[{"id":64692,"href":"https:\/\/emob-italia.it\/en\/wp-json\/wp\/v2\/posts\/64645\/revisions\/64692"}],"wp:featuredmedia":[{"embeddable":true,"href":"https:\/\/emob-italia.it\/en\/wp-json\/wp\/v2\/media\/64669"}],"wp:attachment":[{"href":"https:\/\/emob-italia.it\/en\/wp-json\/wp\/v2\/media?parent=64645"}],"wp:term":[{"taxonomy":"category","embeddable":true,"href":"https:\/\/emob-italia.it\/en\/wp-json\/wp\/v2\/categories?post=64645"},{"taxonomy":"post_tag","embeddable":true,"href":"https:\/\/emob-italia.it\/en\/wp-json\/wp\/v2\/tags?post=64645"}],"curies":[{"name":"wp","href":"https:\/\/api.w.org\/{rel}","templated":true}]}}