{"id":64556,"date":"2024-07-26T17:09:15","date_gmt":"2024-07-26T15:09:15","guid":{"rendered":"https:\/\/emob-italia.it\/?p=64556"},"modified":"2024-07-29T11:10:42","modified_gmt":"2024-07-29T09:10:42","slug":"giugno-2024-e-boom-di-immatricolazioni-elettriche","status":"publish","type":"post","link":"https:\/\/emob-italia.it\/en\/2024\/07\/26\/giugno-2024-e-boom-di-immatricolazioni-elettriche\/","title":{"rendered":"Giugno 2024 \u2013 \u00c8 boom di immatricolazioni elettriche"},"content":{"rendered":"<p>[et_pb_section fb_built=&#8221;1&#8243; _builder_version=&#8221;4.24.2&#8243; _module_preset=&#8221;default&#8221; global_colors_info=&#8221;{}&#8221;][et_pb_row _builder_version=&#8221;4.24.2&#8243; _module_preset=&#8221;default&#8221; global_colors_info=&#8221;{}&#8221;][et_pb_column type=&#8221;4_4&#8243; _builder_version=&#8221;4.24.2&#8243; _module_preset=&#8221;default&#8221; global_colors_info=&#8221;{}&#8221;][et_pb_text _builder_version=&#8221;4.24.2&#8243; _module_preset=&#8221;default&#8221; global_colors_info=&#8221;{}&#8221;]<\/p>\n<h2><span style=\"color: #0c71c3;\"><strong>Giugno 2024 \u2013 \u00c8 boom di immatricolazioni elettriche<\/strong><\/span><\/h2>\n<p>Le auto elettriche in Italia al 30 giugno 2024 sono 251.023, con 34.709 nuove immatricolazioni dall&#8217;inizio dell&#8217;anno, registrando un <strong>aumento<\/strong> del 6,20% rispetto allo stesso periodo del 2023.<\/p>\n<p>I dati di giugno e il <strong>successo<\/strong> degli incentivi indicano che molti italiani sono pronti per il passaggio alle auto elettriche.<\/p>\n<p>Il calo delle <strong>immatricolazioni<\/strong> dei mesi precedenti era dovuto all&#8217;attesa delle nuove agevolazioni.<\/p>\n<p>Gli effetti degli ordini effettuati con il nuovo <strong>Ecobonus<\/strong> si vedranno pienamente nei prossimi mesi, ma per il 2024 non si prevedono risultati molto diversi dal 2023. Tuttavia, la corsa agli incentivi dimostra che l&#8217;Italia pu\u00f2 colmare il divario con gli altri grandi paesi europei nell&#8217;adozione delle <strong>auto elettriche<\/strong>. L&#8217;introduzione imminente di molti nuovi modelli entry level potrebbe favorire l&#8217;adozione su larga scala, come gi\u00e0 accade in altri mercati.<\/p>\n<p>Per riportare l&#8217;Italia al centro del mercato automotive europeo, sar\u00e0 fondamentale una pianificazione efficace degli strumenti per incentivare la domanda di veicoli elettrici, a partire dalla revisione della fiscalit\u00e0 sulle flotte aziendali, per permettere a cittadini e aziende di pianificare le loro scelte in un contesto chiaro e prevedibile.<\/p>\n<p>&nbsp;<\/p>\n<p>[\/et_pb_text][et_pb_button button_url=&#8221;https:\/\/www.motus-e.org\/analisi-di-mercato\/giugno-2024-e-boom-di-immatricolazioni-elettriche\/&#8221; url_new_window=&#8221;on&#8221; button_text=&#8221;Fonte&#8221; _builder_version=&#8221;4.24.2&#8243; _module_preset=&#8221;default&#8221; custom_button=&#8221;on&#8221; button_text_size=&#8221;26px&#8221; button_text_color=&#8221;#FFFFFF&#8221; button_bg_color=&#8221;#0C71C3&#8243; button_border_radius=&#8221;10px&#8221; button_font=&#8221;Source Sans Pro|700||on|||||&#8221; global_colors_info=&#8221;{}&#8221;][\/et_pb_button][\/et_pb_column][\/et_pb_row][\/et_pb_section]<\/p>\n","protected":false},"excerpt":{"rendered":"<p>Giugno 2024 \u2013 \u00c8 boom di immatricolazioni elettriche Le auto elettriche in Italia al 30 giugno 2024 sono 251.023, con 34.709 nuove immatricolazioni dall&#8217;inizio dell&#8217;anno, registrando un aumento del 6,20% rispetto allo stesso periodo del 2023. I dati di giugno e il successo degli incentivi indicano che molti italiani sono pronti per il passaggio alle [&hellip;]<\/p>\n","protected":false},"author":19,"featured_media":64540,"comment_status":"open","ping_status":"closed","sticky":false,"template":"","format":"chat","meta":{"_et_pb_use_builder":"on","_et_pb_old_content":"","_et_gb_content_width":"","_exactmetrics_skip_tracking":false,"_exactmetrics_sitenote_active":false,"_exactmetrics_sitenote_note":"","_exactmetrics_sitenote_category":0,"footnotes":""},"categories":[114],"tags":[],"yoast_head":"<!-- This site is optimized with the Yoast SEO plugin v22.9 - https:\/\/yoast.com\/wordpress\/plugins\/seo\/ -->\n<title>Giugno 2024 \u2013 \u00c8 boom di immatricolazioni elettriche &#8226; e_mob<\/title>\n<meta name=\"description\" content=\"e_mob \u00e8 il tavolo permanente degli stakeholder della mobilit\u00e0 elettrica in Italia. Organizza ogni anno a Milano la Conferenza Nazionale del settore, nel 2021 in programma dal 16 al 19 ottobre.\" \/>\n<meta name=\"robots\" content=\"index, follow, max-snippet:-1, max-image-preview:large, max-video-preview:-1\" \/>\n<link rel=\"canonical\" href=\"https:\/\/emob-italia.it\/2024\/07\/26\/giugno-2024-e-boom-di-immatricolazioni-elettriche\/\" \/>\n<meta property=\"og:locale\" content=\"en_US\" \/>\n<meta property=\"og:type\" content=\"article\" \/>\n<meta property=\"og:title\" content=\"Giugno 2024 \u2013 \u00c8 boom di immatricolazioni elettriche &#8226; e_mob\" \/>\n<meta property=\"og:description\" content=\"e_mob \u00e8 il tavolo permanente degli stakeholder della mobilit\u00e0 elettrica in Italia. Organizza ogni anno a Milano la Conferenza Nazionale del settore, nel 2021 in programma dal 16 al 19 ottobre.\" \/>\n<meta property=\"og:url\" content=\"https:\/\/emob-italia.it\/2024\/07\/26\/giugno-2024-e-boom-di-immatricolazioni-elettriche\/\" \/>\n<meta property=\"og:site_name\" content=\"e_mob\" \/>\n<meta property=\"article:publisher\" content=\"https:\/\/www.facebook.com\/emobitalia\/\" \/>\n<meta property=\"article:published_time\" content=\"2024-07-26T15:09:15+00:00\" \/>\n<meta property=\"article:modified_time\" content=\"2024-07-29T09:10:42+00:00\" \/>\n<meta property=\"og:image\" content=\"https:\/\/emob-italia.it\/wp-content\/uploads\/2024\/07\/2-1.png\" \/>\n\t<meta property=\"og:image:width\" content=\"1200\" \/>\n\t<meta property=\"og:image:height\" content=\"630\" \/>\n\t<meta property=\"og:image:type\" content=\"image\/png\" \/>\n<meta name=\"author\" content=\"Redazione\" \/>\n<meta name=\"twitter:label1\" content=\"Written by\" \/>\n\t<meta name=\"twitter:data1\" content=\"Redazione\" \/>\n\t<meta name=\"twitter:label2\" content=\"Est. reading time\" \/>\n\t<meta name=\"twitter:data2\" content=\"2 minutes\" \/>\n<script type=\"application\/ld+json\" class=\"yoast-schema-graph\">{\"@context\":\"https:\/\/schema.org\",\"@graph\":[{\"@type\":\"Article\",\"@id\":\"https:\/\/emob-italia.it\/2024\/07\/26\/giugno-2024-e-boom-di-immatricolazioni-elettriche\/#article\",\"isPartOf\":{\"@id\":\"https:\/\/emob-italia.it\/2024\/07\/26\/giugno-2024-e-boom-di-immatricolazioni-elettriche\/\"},\"author\":{\"name\":\"Redazione\",\"@id\":\"https:\/\/emob-italia.it\/#\/schema\/person\/59871c976b1a5e842e3d0b98901e4f6d\"},\"headline\":\"Giugno 2024 \u2013 \u00c8 boom di immatricolazioni elettriche\",\"datePublished\":\"2024-07-26T15:09:15+00:00\",\"dateModified\":\"2024-07-29T09:10:42+00:00\",\"mainEntityOfPage\":{\"@id\":\"https:\/\/emob-italia.it\/2024\/07\/26\/giugno-2024-e-boom-di-immatricolazioni-elettriche\/\"},\"wordCount\":306,\"commentCount\":0,\"publisher\":{\"@id\":\"https:\/\/emob-italia.it\/#organization\"},\"image\":{\"@id\":\"https:\/\/emob-italia.it\/2024\/07\/26\/giugno-2024-e-boom-di-immatricolazioni-elettriche\/#primaryimage\"},\"thumbnailUrl\":\"https:\/\/emob-italia.it\/wp-content\/uploads\/2024\/07\/auto-adobe-ok.jpg\",\"articleSection\":[\"Notizie Newsletter\"],\"inLanguage\":\"en-US\",\"potentialAction\":[{\"@type\":\"CommentAction\",\"name\":\"Comment\",\"target\":[\"https:\/\/emob-italia.it\/2024\/07\/26\/giugno-2024-e-boom-di-immatricolazioni-elettriche\/#respond\"]}]},{\"@type\":\"WebPage\",\"@id\":\"https:\/\/emob-italia.it\/2024\/07\/26\/giugno-2024-e-boom-di-immatricolazioni-elettriche\/\",\"url\":\"https:\/\/emob-italia.it\/2024\/07\/26\/giugno-2024-e-boom-di-immatricolazioni-elettriche\/\",\"name\":\"Giugno 2024 \u2013 \u00c8 boom di immatricolazioni elettriche &#8226; e_mob\",\"isPartOf\":{\"@id\":\"https:\/\/emob-italia.it\/#website\"},\"primaryImageOfPage\":{\"@id\":\"https:\/\/emob-italia.it\/2024\/07\/26\/giugno-2024-e-boom-di-immatricolazioni-elettriche\/#primaryimage\"},\"image\":{\"@id\":\"https:\/\/emob-italia.it\/2024\/07\/26\/giugno-2024-e-boom-di-immatricolazioni-elettriche\/#primaryimage\"},\"thumbnailUrl\":\"https:\/\/emob-italia.it\/wp-content\/uploads\/2024\/07\/auto-adobe-ok.jpg\",\"datePublished\":\"2024-07-26T15:09:15+00:00\",\"dateModified\":\"2024-07-29T09:10:42+00:00\",\"description\":\"e_mob \u00e8 il tavolo permanente degli stakeholder della mobilit\u00e0 elettrica in Italia. Organizza ogni anno a Milano la Conferenza Nazionale del settore, nel 2021 in programma dal 16 al 19 ottobre.\",\"breadcrumb\":{\"@id\":\"https:\/\/emob-italia.it\/2024\/07\/26\/giugno-2024-e-boom-di-immatricolazioni-elettriche\/#breadcrumb\"},\"inLanguage\":\"en-US\",\"potentialAction\":[{\"@type\":\"ReadAction\",\"target\":[\"https:\/\/emob-italia.it\/2024\/07\/26\/giugno-2024-e-boom-di-immatricolazioni-elettriche\/\"]}]},{\"@type\":\"ImageObject\",\"inLanguage\":\"en-US\",\"@id\":\"https:\/\/emob-italia.it\/2024\/07\/26\/giugno-2024-e-boom-di-immatricolazioni-elettriche\/#primaryimage\",\"url\":\"https:\/\/emob-italia.it\/wp-content\/uploads\/2024\/07\/auto-adobe-ok.jpg\",\"contentUrl\":\"https:\/\/emob-italia.it\/wp-content\/uploads\/2024\/07\/auto-adobe-ok.jpg\",\"width\":780,\"height\":374},{\"@type\":\"BreadcrumbList\",\"@id\":\"https:\/\/emob-italia.it\/2024\/07\/26\/giugno-2024-e-boom-di-immatricolazioni-elettriche\/#breadcrumb\",\"itemListElement\":[{\"@type\":\"ListItem\",\"position\":1,\"name\":\"Home\",\"item\":\"https:\/\/emob-italia.it\/en\/\"},{\"@type\":\"ListItem\",\"position\":2,\"name\":\"Giugno 2024 \u2013 \u00c8 boom di immatricolazioni elettriche\"}]},{\"@type\":\"WebSite\",\"@id\":\"https:\/\/emob-italia.it\/#website\",\"url\":\"https:\/\/emob-italia.it\/\",\"name\":\"e_mob\",\"description\":\"Mobilit\u00e0 Elettrica\",\"publisher\":{\"@id\":\"https:\/\/emob-italia.it\/#organization\"},\"potentialAction\":[{\"@type\":\"SearchAction\",\"target\":{\"@type\":\"EntryPoint\",\"urlTemplate\":\"https:\/\/emob-italia.it\/?s={search_term_string}\"},\"query-input\":\"required name=search_term_string\"}],\"inLanguage\":\"en-US\"},{\"@type\":\"Organization\",\"@id\":\"https:\/\/emob-italia.it\/#organization\",\"name\":\"Class Onlus\",\"url\":\"https:\/\/emob-italia.it\/\",\"logo\":{\"@type\":\"ImageObject\",\"inLanguage\":\"en-US\",\"@id\":\"https:\/\/emob-italia.it\/#\/schema\/logo\/image\/\",\"url\":\"https:\/\/emob-italia.it\/wp-content\/uploads\/2019\/03\/0_CLASS-ONLUS-logo-web.png\",\"contentUrl\":\"https:\/\/emob-italia.it\/wp-content\/uploads\/2019\/03\/0_CLASS-ONLUS-logo-web.png\",\"width\":598,\"height\":202,\"caption\":\"Class Onlus\"},\"image\":{\"@id\":\"https:\/\/emob-italia.it\/#\/schema\/logo\/image\/\"},\"sameAs\":[\"https:\/\/www.facebook.com\/emobitalia\/\",\"https:\/\/www.instagram.com\/e_mob_italia\/\",\"https:\/\/www.linkedin.com\/groups\/12186185\/\",\"https:\/\/www.youtube.com\/channel\/UCvnTcrhggAX_AkFwGxRfqFw\/featured?view_as=subscriber\"]},{\"@type\":\"Person\",\"@id\":\"https:\/\/emob-italia.it\/#\/schema\/person\/59871c976b1a5e842e3d0b98901e4f6d\",\"name\":\"Redazione\",\"image\":{\"@type\":\"ImageObject\",\"inLanguage\":\"en-US\",\"@id\":\"https:\/\/emob-italia.it\/#\/schema\/person\/image\/\",\"url\":\"https:\/\/secure.gravatar.com\/avatar\/5389093e19decc01f17a4f367aa6ce45?s=96&r=g\",\"contentUrl\":\"https:\/\/secure.gravatar.com\/avatar\/5389093e19decc01f17a4f367aa6ce45?s=96&r=g\",\"caption\":\"Redazione\"},\"url\":\"https:\/\/emob-italia.it\/en\/author\/redazione\/\"}]}<\/script>\n<!-- \/ Yoast SEO plugin. -->","yoast_head_json":{"title":"Giugno 2024 \u2013 \u00c8 boom di immatricolazioni elettriche &#8226; e_mob","description":"e_mob \u00e8 il tavolo permanente degli stakeholder della mobilit\u00e0 elettrica in Italia. Organizza ogni anno a Milano la Conferenza Nazionale del settore, nel 2021 in programma dal 16 al 19 ottobre.","robots":{"index":"index","follow":"follow","max-snippet":"max-snippet:-1","max-image-preview":"max-image-preview:large","max-video-preview":"max-video-preview:-1"},"canonical":"https:\/\/emob-italia.it\/2024\/07\/26\/giugno-2024-e-boom-di-immatricolazioni-elettriche\/","og_locale":"en_US","og_type":"article","og_title":"Giugno 2024 \u2013 \u00c8 boom di immatricolazioni elettriche &#8226; e_mob","og_description":"e_mob \u00e8 il tavolo permanente degli stakeholder della mobilit\u00e0 elettrica in Italia. Organizza ogni anno a Milano la Conferenza Nazionale del settore, nel 2021 in programma dal 16 al 19 ottobre.","og_url":"https:\/\/emob-italia.it\/2024\/07\/26\/giugno-2024-e-boom-di-immatricolazioni-elettriche\/","og_site_name":"e_mob","article_publisher":"https:\/\/www.facebook.com\/emobitalia\/","article_published_time":"2024-07-26T15:09:15+00:00","article_modified_time":"2024-07-29T09:10:42+00:00","og_image":[{"width":1200,"height":630,"url":"https:\/\/emob-italia.it\/wp-content\/uploads\/2024\/07\/2-1.png","type":"image\/png"}],"author":"Redazione","twitter_misc":{"Written by":"Redazione","Est. reading time":"2 minutes"},"schema":{"@context":"https:\/\/schema.org","@graph":[{"@type":"Article","@id":"https:\/\/emob-italia.it\/2024\/07\/26\/giugno-2024-e-boom-di-immatricolazioni-elettriche\/#article","isPartOf":{"@id":"https:\/\/emob-italia.it\/2024\/07\/26\/giugno-2024-e-boom-di-immatricolazioni-elettriche\/"},"author":{"name":"Redazione","@id":"https:\/\/emob-italia.it\/#\/schema\/person\/59871c976b1a5e842e3d0b98901e4f6d"},"headline":"Giugno 2024 \u2013 \u00c8 boom di immatricolazioni elettriche","datePublished":"2024-07-26T15:09:15+00:00","dateModified":"2024-07-29T09:10:42+00:00","mainEntityOfPage":{"@id":"https:\/\/emob-italia.it\/2024\/07\/26\/giugno-2024-e-boom-di-immatricolazioni-elettriche\/"},"wordCount":306,"commentCount":0,"publisher":{"@id":"https:\/\/emob-italia.it\/#organization"},"image":{"@id":"https:\/\/emob-italia.it\/2024\/07\/26\/giugno-2024-e-boom-di-immatricolazioni-elettriche\/#primaryimage"},"thumbnailUrl":"https:\/\/emob-italia.it\/wp-content\/uploads\/2024\/07\/auto-adobe-ok.jpg","articleSection":["Notizie Newsletter"],"inLanguage":"en-US","potentialAction":[{"@type":"CommentAction","name":"Comment","target":["https:\/\/emob-italia.it\/2024\/07\/26\/giugno-2024-e-boom-di-immatricolazioni-elettriche\/#respond"]}]},{"@type":"WebPage","@id":"https:\/\/emob-italia.it\/2024\/07\/26\/giugno-2024-e-boom-di-immatricolazioni-elettriche\/","url":"https:\/\/emob-italia.it\/2024\/07\/26\/giugno-2024-e-boom-di-immatricolazioni-elettriche\/","name":"Giugno 2024 \u2013 \u00c8 boom di immatricolazioni elettriche &#8226; e_mob","isPartOf":{"@id":"https:\/\/emob-italia.it\/#website"},"primaryImageOfPage":{"@id":"https:\/\/emob-italia.it\/2024\/07\/26\/giugno-2024-e-boom-di-immatricolazioni-elettriche\/#primaryimage"},"image":{"@id":"https:\/\/emob-italia.it\/2024\/07\/26\/giugno-2024-e-boom-di-immatricolazioni-elettriche\/#primaryimage"},"thumbnailUrl":"https:\/\/emob-italia.it\/wp-content\/uploads\/2024\/07\/auto-adobe-ok.jpg","datePublished":"2024-07-26T15:09:15+00:00","dateModified":"2024-07-29T09:10:42+00:00","description":"e_mob \u00e8 il tavolo permanente degli stakeholder della mobilit\u00e0 elettrica in Italia. Organizza ogni anno a Milano la Conferenza Nazionale del settore, nel 2021 in programma dal 16 al 19 ottobre.","breadcrumb":{"@id":"https:\/\/emob-italia.it\/2024\/07\/26\/giugno-2024-e-boom-di-immatricolazioni-elettriche\/#breadcrumb"},"inLanguage":"en-US","potentialAction":[{"@type":"ReadAction","target":["https:\/\/emob-italia.it\/2024\/07\/26\/giugno-2024-e-boom-di-immatricolazioni-elettriche\/"]}]},{"@type":"ImageObject","inLanguage":"en-US","@id":"https:\/\/emob-italia.it\/2024\/07\/26\/giugno-2024-e-boom-di-immatricolazioni-elettriche\/#primaryimage","url":"https:\/\/emob-italia.it\/wp-content\/uploads\/2024\/07\/auto-adobe-ok.jpg","contentUrl":"https:\/\/emob-italia.it\/wp-content\/uploads\/2024\/07\/auto-adobe-ok.jpg","width":780,"height":374},{"@type":"BreadcrumbList","@id":"https:\/\/emob-italia.it\/2024\/07\/26\/giugno-2024-e-boom-di-immatricolazioni-elettriche\/#breadcrumb","itemListElement":[{"@type":"ListItem","position":1,"name":"Home","item":"https:\/\/emob-italia.it\/en\/"},{"@type":"ListItem","position":2,"name":"Giugno 2024 \u2013 \u00c8 boom di immatricolazioni elettriche"}]},{"@type":"WebSite","@id":"https:\/\/emob-italia.it\/#website","url":"https:\/\/emob-italia.it\/","name":"e_mob","description":"Mobilit\u00e0 Elettrica","publisher":{"@id":"https:\/\/emob-italia.it\/#organization"},"potentialAction":[{"@type":"SearchAction","target":{"@type":"EntryPoint","urlTemplate":"https:\/\/emob-italia.it\/?s={search_term_string}"},"query-input":"required name=search_term_string"}],"inLanguage":"en-US"},{"@type":"Organization","@id":"https:\/\/emob-italia.it\/#organization","name":"Class Onlus","url":"https:\/\/emob-italia.it\/","logo":{"@type":"ImageObject","inLanguage":"en-US","@id":"https:\/\/emob-italia.it\/#\/schema\/logo\/image\/","url":"https:\/\/emob-italia.it\/wp-content\/uploads\/2019\/03\/0_CLASS-ONLUS-logo-web.png","contentUrl":"https:\/\/emob-italia.it\/wp-content\/uploads\/2019\/03\/0_CLASS-ONLUS-logo-web.png","width":598,"height":202,"caption":"Class Onlus"},"image":{"@id":"https:\/\/emob-italia.it\/#\/schema\/logo\/image\/"},"sameAs":["https:\/\/www.facebook.com\/emobitalia\/","https:\/\/www.instagram.com\/e_mob_italia\/","https:\/\/www.linkedin.com\/groups\/12186185\/","https:\/\/www.youtube.com\/channel\/UCvnTcrhggAX_AkFwGxRfqFw\/featured?view_as=subscriber"]},{"@type":"Person","@id":"https:\/\/emob-italia.it\/#\/schema\/person\/59871c976b1a5e842e3d0b98901e4f6d","name":"Redazione","image":{"@type":"ImageObject","inLanguage":"en-US","@id":"https:\/\/emob-italia.it\/#\/schema\/person\/image\/","url":"https:\/\/secure.gravatar.com\/avatar\/5389093e19decc01f17a4f367aa6ce45?s=96&r=g","contentUrl":"https:\/\/secure.gravatar.com\/avatar\/5389093e19decc01f17a4f367aa6ce45?s=96&r=g","caption":"Redazione"},"url":"https:\/\/emob-italia.it\/en\/author\/redazione\/"}]}},"_links":{"self":[{"href":"https:\/\/emob-italia.it\/en\/wp-json\/wp\/v2\/posts\/64556"}],"collection":[{"href":"https:\/\/emob-italia.it\/en\/wp-json\/wp\/v2\/posts"}],"about":[{"href":"https:\/\/emob-italia.it\/en\/wp-json\/wp\/v2\/types\/post"}],"author":[{"embeddable":true,"href":"https:\/\/emob-italia.it\/en\/wp-json\/wp\/v2\/users\/19"}],"replies":[{"embeddable":true,"href":"https:\/\/emob-italia.it\/en\/wp-json\/wp\/v2\/comments?post=64556"}],"version-history":[{"count":5,"href":"https:\/\/emob-italia.it\/en\/wp-json\/wp\/v2\/posts\/64556\/revisions"}],"predecessor-version":[{"id":64635,"href":"https:\/\/emob-italia.it\/en\/wp-json\/wp\/v2\/posts\/64556\/revisions\/64635"}],"wp:featuredmedia":[{"embeddable":true,"href":"https:\/\/emob-italia.it\/en\/wp-json\/wp\/v2\/media\/64540"}],"wp:attachment":[{"href":"https:\/\/emob-italia.it\/en\/wp-json\/wp\/v2\/media?parent=64556"}],"wp:term":[{"taxonomy":"category","embeddable":true,"href":"https:\/\/emob-italia.it\/en\/wp-json\/wp\/v2\/categories?post=64556"},{"taxonomy":"post_tag","embeddable":true,"href":"https:\/\/emob-italia.it\/en\/wp-json\/wp\/v2\/tags?post=64556"}],"curies":[{"name":"wp","href":"https:\/\/api.w.org\/{rel}","templated":true}]}}