{"id":64138,"date":"2024-03-04T21:20:42","date_gmt":"2024-03-04T20:20:42","guid":{"rendered":"https:\/\/emob-italia.it\/?p=64138"},"modified":"2024-07-29T08:58:19","modified_gmt":"2024-07-29T06:58:19","slug":"al-via-lorganizzazione-di-e_mob-2024","status":"publish","type":"post","link":"https:\/\/emob-italia.it\/en\/2024\/03\/04\/al-via-lorganizzazione-di-e_mob-2024\/","title":{"rendered":"Al via l&#8217;organizzazione di e_mob 2024"},"content":{"rendered":"\n<p>Per dare pi\u00f9 spazio ai seminari e al confronto tra gli esperti del settore, le istituzioni e i cittadini, abbiamo deciso di ridurre da quattro a tre giorni la durata dell\u2019evento, mantenendolo interamente all&#8217;interno della settimana lavorativa, da mercoled\u00ec 23 a venerd\u00ec 25 ottobre, invariata invece la location per la parte espositiva che si terr\u00e0 come da tradizione tra Piazza del Duomo e Via Mercanti.<\/p>\n\n\n\n<p>I temi che affronteremo durante le tre giornate convegnistiche a palazzo Giureconsulti, saranno collegati soprattutto alla mobilit\u00e0 urbana in tutte le sue forme (pubblica, privata e delle merci), ai veicoli per i servizi di pubblica utilit\u00e0, ma anche per l\u2019edilizia privata e urbana, presenteremo inoltre i risultatati sulle attivit\u00e0 collegate alle comunit\u00e0 energetiche e ai certificati energetici bianchi.<\/p>\n\n\n\n<p>Un ringraziamento di cuore ai co organizzatori della conferenza: la Regione Lombardia, Il Comune di Milano, la Camera di Commercio di Milano Monza Brianza Lodi, A2A, ATM, Cobat-Innovatec, Enel x, Ferrovie dello Stato e Class Onlus.<\/p>\n\n\n\n<p><\/p>\n\n\n\n<div class=\"wp-block-buttons is-layout-flex wp-block-buttons-is-layout-flex\">\n<div class=\"wp-block-button is-style-fill\"><a class=\"wp-block-button__link has-text-align-left wp-element-button\" href=\"https:\/\/emob-italia.it\/wp-content\/uploads\/2024\/03\/emob-2024-prospetto-ita-ridotto_compresso.pdf\">PROSPETTO SPONSOR<\/a><\/div>\n<\/div>\n","protected":false},"excerpt":{"rendered":"<p>Per dare pi\u00f9 spazio ai seminari e al confronto tra gli esperti del settore, le istituzioni e i cittadini, abbiamo deciso di ridurre da quattro a tre giorni la durata dell\u2019evento, mantenendolo interamente all&#8217;interno della settimana lavorativa<\/p>\n","protected":false},"author":19,"featured_media":63167,"comment_status":"open","ping_status":"open","sticky":false,"template":"","format":"standard","meta":{"_et_pb_use_builder":"off","_et_pb_old_content":"","_et_gb_content_width":"","_exactmetrics_skip_tracking":false,"_exactmetrics_sitenote_active":false,"_exactmetrics_sitenote_note":"","_exactmetrics_sitenote_category":0,"footnotes":""},"categories":[114],"tags":[8,165,10],"yoast_head":"<!-- This site is optimized with the Yoast SEO plugin v22.9 - https:\/\/yoast.com\/wordpress\/plugins\/seo\/ -->\n<title>Al via l&#039;organizzazione di e_mob 2024 &#8226; e_mob<\/title>\n<meta name=\"description\" content=\"e_mob \u00e8 il tavolo permanente degli stakeholder della mobilit\u00e0 elettrica in Italia. Organizza ogni anno a Milano la Conferenza Nazionale del settore, nel 2021 in programma dal 16 al 19 ottobre.\" \/>\n<meta name=\"robots\" content=\"index, follow, max-snippet:-1, max-image-preview:large, max-video-preview:-1\" \/>\n<link rel=\"canonical\" href=\"https:\/\/emob-italia.it\/2024\/03\/04\/al-via-lorganizzazione-di-e_mob-2024\/\" \/>\n<meta property=\"og:locale\" content=\"en_US\" \/>\n<meta property=\"og:type\" content=\"article\" \/>\n<meta property=\"og:title\" content=\"Al via l&#039;organizzazione di e_mob 2024 &#8226; e_mob\" \/>\n<meta property=\"og:description\" content=\"e_mob \u00e8 il tavolo permanente degli stakeholder della mobilit\u00e0 elettrica in Italia. Organizza ogni anno a Milano la Conferenza Nazionale del settore, nel 2021 in programma dal 16 al 19 ottobre.\" \/>\n<meta property=\"og:url\" content=\"https:\/\/emob-italia.it\/2024\/03\/04\/al-via-lorganizzazione-di-e_mob-2024\/\" \/>\n<meta property=\"og:site_name\" content=\"e_mob\" \/>\n<meta property=\"article:publisher\" content=\"https:\/\/www.facebook.com\/emobitalia\/\" \/>\n<meta property=\"article:published_time\" content=\"2024-03-04T20:20:42+00:00\" \/>\n<meta property=\"article:modified_time\" content=\"2024-07-29T06:58:19+00:00\" \/>\n<meta property=\"og:image\" content=\"https:\/\/emob-italia.it\/wp-content\/uploads\/2024\/02\/immagine_2024-02-20_122216655.png\" \/>\n\t<meta property=\"og:image:width\" content=\"1280\" \/>\n\t<meta property=\"og:image:height\" content=\"960\" \/>\n\t<meta property=\"og:image:type\" content=\"image\/png\" \/>\n<meta name=\"author\" content=\"Redazione\" \/>\n<meta name=\"twitter:label1\" content=\"Written by\" \/>\n\t<meta name=\"twitter:data1\" content=\"Redazione\" \/>\n\t<meta name=\"twitter:label2\" content=\"Est. reading time\" \/>\n\t<meta name=\"twitter:data2\" content=\"2 minutes\" \/>\n<script type=\"application\/ld+json\" class=\"yoast-schema-graph\">{\"@context\":\"https:\/\/schema.org\",\"@graph\":[{\"@type\":\"Article\",\"@id\":\"https:\/\/emob-italia.it\/2024\/03\/04\/al-via-lorganizzazione-di-e_mob-2024\/#article\",\"isPartOf\":{\"@id\":\"https:\/\/emob-italia.it\/2024\/03\/04\/al-via-lorganizzazione-di-e_mob-2024\/\"},\"author\":{\"name\":\"Redazione\",\"@id\":\"https:\/\/emob-italia.it\/#\/schema\/person\/59871c976b1a5e842e3d0b98901e4f6d\"},\"headline\":\"Al via l&#8217;organizzazione di e_mob 2024\",\"datePublished\":\"2024-03-04T20:20:42+00:00\",\"dateModified\":\"2024-07-29T06:58:19+00:00\",\"mainEntityOfPage\":{\"@id\":\"https:\/\/emob-italia.it\/2024\/03\/04\/al-via-lorganizzazione-di-e_mob-2024\/\"},\"wordCount\":170,\"commentCount\":0,\"publisher\":{\"@id\":\"https:\/\/emob-italia.it\/#organization\"},\"image\":{\"@id\":\"https:\/\/emob-italia.it\/2024\/03\/04\/al-via-lorganizzazione-di-e_mob-2024\/#primaryimage\"},\"thumbnailUrl\":\"https:\/\/emob-italia.it\/wp-content\/uploads\/2024\/02\/immagine_2024-02-20_122216655.png\",\"keywords\":[\"Auto Elettriche\",\"emob\",\"mobilit\u00e0 elettrica\"],\"articleSection\":[\"Notizie Newsletter\"],\"inLanguage\":\"en-US\",\"potentialAction\":[{\"@type\":\"CommentAction\",\"name\":\"Comment\",\"target\":[\"https:\/\/emob-italia.it\/2024\/03\/04\/al-via-lorganizzazione-di-e_mob-2024\/#respond\"]}]},{\"@type\":\"WebPage\",\"@id\":\"https:\/\/emob-italia.it\/2024\/03\/04\/al-via-lorganizzazione-di-e_mob-2024\/\",\"url\":\"https:\/\/emob-italia.it\/2024\/03\/04\/al-via-lorganizzazione-di-e_mob-2024\/\",\"name\":\"Al via l'organizzazione di e_mob 2024 &#8226; e_mob\",\"isPartOf\":{\"@id\":\"https:\/\/emob-italia.it\/#website\"},\"primaryImageOfPage\":{\"@id\":\"https:\/\/emob-italia.it\/2024\/03\/04\/al-via-lorganizzazione-di-e_mob-2024\/#primaryimage\"},\"image\":{\"@id\":\"https:\/\/emob-italia.it\/2024\/03\/04\/al-via-lorganizzazione-di-e_mob-2024\/#primaryimage\"},\"thumbnailUrl\":\"https:\/\/emob-italia.it\/wp-content\/uploads\/2024\/02\/immagine_2024-02-20_122216655.png\",\"datePublished\":\"2024-03-04T20:20:42+00:00\",\"dateModified\":\"2024-07-29T06:58:19+00:00\",\"description\":\"e_mob \u00e8 il tavolo permanente degli stakeholder della mobilit\u00e0 elettrica in Italia. Organizza ogni anno a Milano la Conferenza Nazionale del settore, nel 2021 in programma dal 16 al 19 ottobre.\",\"breadcrumb\":{\"@id\":\"https:\/\/emob-italia.it\/2024\/03\/04\/al-via-lorganizzazione-di-e_mob-2024\/#breadcrumb\"},\"inLanguage\":\"en-US\",\"potentialAction\":[{\"@type\":\"ReadAction\",\"target\":[\"https:\/\/emob-italia.it\/2024\/03\/04\/al-via-lorganizzazione-di-e_mob-2024\/\"]}]},{\"@type\":\"ImageObject\",\"inLanguage\":\"en-US\",\"@id\":\"https:\/\/emob-italia.it\/2024\/03\/04\/al-via-lorganizzazione-di-e_mob-2024\/#primaryimage\",\"url\":\"https:\/\/emob-italia.it\/wp-content\/uploads\/2024\/02\/immagine_2024-02-20_122216655.png\",\"contentUrl\":\"https:\/\/emob-italia.it\/wp-content\/uploads\/2024\/02\/immagine_2024-02-20_122216655.png\",\"width\":1280,\"height\":960,\"caption\":\"e_mob 2024\"},{\"@type\":\"BreadcrumbList\",\"@id\":\"https:\/\/emob-italia.it\/2024\/03\/04\/al-via-lorganizzazione-di-e_mob-2024\/#breadcrumb\",\"itemListElement\":[{\"@type\":\"ListItem\",\"position\":1,\"name\":\"Home\",\"item\":\"https:\/\/emob-italia.it\/en\/\"},{\"@type\":\"ListItem\",\"position\":2,\"name\":\"Al via l&#8217;organizzazione di e_mob 2024\"}]},{\"@type\":\"WebSite\",\"@id\":\"https:\/\/emob-italia.it\/#website\",\"url\":\"https:\/\/emob-italia.it\/\",\"name\":\"e_mob\",\"description\":\"Mobilit\u00e0 Elettrica\",\"publisher\":{\"@id\":\"https:\/\/emob-italia.it\/#organization\"},\"potentialAction\":[{\"@type\":\"SearchAction\",\"target\":{\"@type\":\"EntryPoint\",\"urlTemplate\":\"https:\/\/emob-italia.it\/?s={search_term_string}\"},\"query-input\":\"required name=search_term_string\"}],\"inLanguage\":\"en-US\"},{\"@type\":\"Organization\",\"@id\":\"https:\/\/emob-italia.it\/#organization\",\"name\":\"Class Onlus\",\"url\":\"https:\/\/emob-italia.it\/\",\"logo\":{\"@type\":\"ImageObject\",\"inLanguage\":\"en-US\",\"@id\":\"https:\/\/emob-italia.it\/#\/schema\/logo\/image\/\",\"url\":\"https:\/\/emob-italia.it\/wp-content\/uploads\/2019\/03\/0_CLASS-ONLUS-logo-web.png\",\"contentUrl\":\"https:\/\/emob-italia.it\/wp-content\/uploads\/2019\/03\/0_CLASS-ONLUS-logo-web.png\",\"width\":598,\"height\":202,\"caption\":\"Class Onlus\"},\"image\":{\"@id\":\"https:\/\/emob-italia.it\/#\/schema\/logo\/image\/\"},\"sameAs\":[\"https:\/\/www.facebook.com\/emobitalia\/\",\"https:\/\/www.instagram.com\/e_mob_italia\/\",\"https:\/\/www.linkedin.com\/groups\/12186185\/\",\"https:\/\/www.youtube.com\/channel\/UCvnTcrhggAX_AkFwGxRfqFw\/featured?view_as=subscriber\"]},{\"@type\":\"Person\",\"@id\":\"https:\/\/emob-italia.it\/#\/schema\/person\/59871c976b1a5e842e3d0b98901e4f6d\",\"name\":\"Redazione\",\"image\":{\"@type\":\"ImageObject\",\"inLanguage\":\"en-US\",\"@id\":\"https:\/\/emob-italia.it\/#\/schema\/person\/image\/\",\"url\":\"https:\/\/secure.gravatar.com\/avatar\/5389093e19decc01f17a4f367aa6ce45?s=96&r=g\",\"contentUrl\":\"https:\/\/secure.gravatar.com\/avatar\/5389093e19decc01f17a4f367aa6ce45?s=96&r=g\",\"caption\":\"Redazione\"},\"url\":\"https:\/\/emob-italia.it\/en\/author\/redazione\/\"}]}<\/script>\n<!-- \/ Yoast SEO plugin. -->","yoast_head_json":{"title":"Al via l'organizzazione di e_mob 2024 &#8226; e_mob","description":"e_mob \u00e8 il tavolo permanente degli stakeholder della mobilit\u00e0 elettrica in Italia. Organizza ogni anno a Milano la Conferenza Nazionale del settore, nel 2021 in programma dal 16 al 19 ottobre.","robots":{"index":"index","follow":"follow","max-snippet":"max-snippet:-1","max-image-preview":"max-image-preview:large","max-video-preview":"max-video-preview:-1"},"canonical":"https:\/\/emob-italia.it\/2024\/03\/04\/al-via-lorganizzazione-di-e_mob-2024\/","og_locale":"en_US","og_type":"article","og_title":"Al via l'organizzazione di e_mob 2024 &#8226; e_mob","og_description":"e_mob \u00e8 il tavolo permanente degli stakeholder della mobilit\u00e0 elettrica in Italia. Organizza ogni anno a Milano la Conferenza Nazionale del settore, nel 2021 in programma dal 16 al 19 ottobre.","og_url":"https:\/\/emob-italia.it\/2024\/03\/04\/al-via-lorganizzazione-di-e_mob-2024\/","og_site_name":"e_mob","article_publisher":"https:\/\/www.facebook.com\/emobitalia\/","article_published_time":"2024-03-04T20:20:42+00:00","article_modified_time":"2024-07-29T06:58:19+00:00","og_image":[{"width":1280,"height":960,"url":"https:\/\/emob-italia.it\/wp-content\/uploads\/2024\/02\/immagine_2024-02-20_122216655.png","type":"image\/png"}],"author":"Redazione","twitter_misc":{"Written by":"Redazione","Est. reading time":"2 minutes"},"schema":{"@context":"https:\/\/schema.org","@graph":[{"@type":"Article","@id":"https:\/\/emob-italia.it\/2024\/03\/04\/al-via-lorganizzazione-di-e_mob-2024\/#article","isPartOf":{"@id":"https:\/\/emob-italia.it\/2024\/03\/04\/al-via-lorganizzazione-di-e_mob-2024\/"},"author":{"name":"Redazione","@id":"https:\/\/emob-italia.it\/#\/schema\/person\/59871c976b1a5e842e3d0b98901e4f6d"},"headline":"Al via l&#8217;organizzazione di e_mob 2024","datePublished":"2024-03-04T20:20:42+00:00","dateModified":"2024-07-29T06:58:19+00:00","mainEntityOfPage":{"@id":"https:\/\/emob-italia.it\/2024\/03\/04\/al-via-lorganizzazione-di-e_mob-2024\/"},"wordCount":170,"commentCount":0,"publisher":{"@id":"https:\/\/emob-italia.it\/#organization"},"image":{"@id":"https:\/\/emob-italia.it\/2024\/03\/04\/al-via-lorganizzazione-di-e_mob-2024\/#primaryimage"},"thumbnailUrl":"https:\/\/emob-italia.it\/wp-content\/uploads\/2024\/02\/immagine_2024-02-20_122216655.png","keywords":["Auto Elettriche","emob","mobilit\u00e0 elettrica"],"articleSection":["Notizie Newsletter"],"inLanguage":"en-US","potentialAction":[{"@type":"CommentAction","name":"Comment","target":["https:\/\/emob-italia.it\/2024\/03\/04\/al-via-lorganizzazione-di-e_mob-2024\/#respond"]}]},{"@type":"WebPage","@id":"https:\/\/emob-italia.it\/2024\/03\/04\/al-via-lorganizzazione-di-e_mob-2024\/","url":"https:\/\/emob-italia.it\/2024\/03\/04\/al-via-lorganizzazione-di-e_mob-2024\/","name":"Al via l'organizzazione di e_mob 2024 &#8226; e_mob","isPartOf":{"@id":"https:\/\/emob-italia.it\/#website"},"primaryImageOfPage":{"@id":"https:\/\/emob-italia.it\/2024\/03\/04\/al-via-lorganizzazione-di-e_mob-2024\/#primaryimage"},"image":{"@id":"https:\/\/emob-italia.it\/2024\/03\/04\/al-via-lorganizzazione-di-e_mob-2024\/#primaryimage"},"thumbnailUrl":"https:\/\/emob-italia.it\/wp-content\/uploads\/2024\/02\/immagine_2024-02-20_122216655.png","datePublished":"2024-03-04T20:20:42+00:00","dateModified":"2024-07-29T06:58:19+00:00","description":"e_mob \u00e8 il tavolo permanente degli stakeholder della mobilit\u00e0 elettrica in Italia. Organizza ogni anno a Milano la Conferenza Nazionale del settore, nel 2021 in programma dal 16 al 19 ottobre.","breadcrumb":{"@id":"https:\/\/emob-italia.it\/2024\/03\/04\/al-via-lorganizzazione-di-e_mob-2024\/#breadcrumb"},"inLanguage":"en-US","potentialAction":[{"@type":"ReadAction","target":["https:\/\/emob-italia.it\/2024\/03\/04\/al-via-lorganizzazione-di-e_mob-2024\/"]}]},{"@type":"ImageObject","inLanguage":"en-US","@id":"https:\/\/emob-italia.it\/2024\/03\/04\/al-via-lorganizzazione-di-e_mob-2024\/#primaryimage","url":"https:\/\/emob-italia.it\/wp-content\/uploads\/2024\/02\/immagine_2024-02-20_122216655.png","contentUrl":"https:\/\/emob-italia.it\/wp-content\/uploads\/2024\/02\/immagine_2024-02-20_122216655.png","width":1280,"height":960,"caption":"e_mob 2024"},{"@type":"BreadcrumbList","@id":"https:\/\/emob-italia.it\/2024\/03\/04\/al-via-lorganizzazione-di-e_mob-2024\/#breadcrumb","itemListElement":[{"@type":"ListItem","position":1,"name":"Home","item":"https:\/\/emob-italia.it\/en\/"},{"@type":"ListItem","position":2,"name":"Al via l&#8217;organizzazione di e_mob 2024"}]},{"@type":"WebSite","@id":"https:\/\/emob-italia.it\/#website","url":"https:\/\/emob-italia.it\/","name":"e_mob","description":"Mobilit\u00e0 Elettrica","publisher":{"@id":"https:\/\/emob-italia.it\/#organization"},"potentialAction":[{"@type":"SearchAction","target":{"@type":"EntryPoint","urlTemplate":"https:\/\/emob-italia.it\/?s={search_term_string}"},"query-input":"required name=search_term_string"}],"inLanguage":"en-US"},{"@type":"Organization","@id":"https:\/\/emob-italia.it\/#organization","name":"Class Onlus","url":"https:\/\/emob-italia.it\/","logo":{"@type":"ImageObject","inLanguage":"en-US","@id":"https:\/\/emob-italia.it\/#\/schema\/logo\/image\/","url":"https:\/\/emob-italia.it\/wp-content\/uploads\/2019\/03\/0_CLASS-ONLUS-logo-web.png","contentUrl":"https:\/\/emob-italia.it\/wp-content\/uploads\/2019\/03\/0_CLASS-ONLUS-logo-web.png","width":598,"height":202,"caption":"Class Onlus"},"image":{"@id":"https:\/\/emob-italia.it\/#\/schema\/logo\/image\/"},"sameAs":["https:\/\/www.facebook.com\/emobitalia\/","https:\/\/www.instagram.com\/e_mob_italia\/","https:\/\/www.linkedin.com\/groups\/12186185\/","https:\/\/www.youtube.com\/channel\/UCvnTcrhggAX_AkFwGxRfqFw\/featured?view_as=subscriber"]},{"@type":"Person","@id":"https:\/\/emob-italia.it\/#\/schema\/person\/59871c976b1a5e842e3d0b98901e4f6d","name":"Redazione","image":{"@type":"ImageObject","inLanguage":"en-US","@id":"https:\/\/emob-italia.it\/#\/schema\/person\/image\/","url":"https:\/\/secure.gravatar.com\/avatar\/5389093e19decc01f17a4f367aa6ce45?s=96&r=g","contentUrl":"https:\/\/secure.gravatar.com\/avatar\/5389093e19decc01f17a4f367aa6ce45?s=96&r=g","caption":"Redazione"},"url":"https:\/\/emob-italia.it\/en\/author\/redazione\/"}]}},"_links":{"self":[{"href":"https:\/\/emob-italia.it\/en\/wp-json\/wp\/v2\/posts\/64138"}],"collection":[{"href":"https:\/\/emob-italia.it\/en\/wp-json\/wp\/v2\/posts"}],"about":[{"href":"https:\/\/emob-italia.it\/en\/wp-json\/wp\/v2\/types\/post"}],"author":[{"embeddable":true,"href":"https:\/\/emob-italia.it\/en\/wp-json\/wp\/v2\/users\/19"}],"replies":[{"embeddable":true,"href":"https:\/\/emob-italia.it\/en\/wp-json\/wp\/v2\/comments?post=64138"}],"version-history":[{"count":2,"href":"https:\/\/emob-italia.it\/en\/wp-json\/wp\/v2\/posts\/64138\/revisions"}],"predecessor-version":[{"id":64142,"href":"https:\/\/emob-italia.it\/en\/wp-json\/wp\/v2\/posts\/64138\/revisions\/64142"}],"wp:featuredmedia":[{"embeddable":true,"href":"https:\/\/emob-italia.it\/en\/wp-json\/wp\/v2\/media\/63167"}],"wp:attachment":[{"href":"https:\/\/emob-italia.it\/en\/wp-json\/wp\/v2\/media?parent=64138"}],"wp:term":[{"taxonomy":"category","embeddable":true,"href":"https:\/\/emob-italia.it\/en\/wp-json\/wp\/v2\/categories?post=64138"},{"taxonomy":"post_tag","embeddable":true,"href":"https:\/\/emob-italia.it\/en\/wp-json\/wp\/v2\/tags?post=64138"}],"curies":[{"name":"wp","href":"https:\/\/api.w.org\/{rel}","templated":true}]}}