{"id":63926,"date":"2023-01-13T20:21:39","date_gmt":"2023-01-13T19:21:39","guid":{"rendered":"https:\/\/emob-italia.it\/?p=63926"},"modified":"2024-03-05T20:49:35","modified_gmt":"2024-03-05T19:49:35","slug":"ecco-e_mob-2023","status":"publish","type":"post","link":"https:\/\/emob-italia.it\/en\/2023\/01\/13\/ecco-e_mob-2023\/","title":{"rendered":"Ecco e_mob 2023"},"content":{"rendered":"<p>[et_pb_section admin_label=&#8221;section&#8221;]<br \/>\n\t\t\t[et_pb_row admin_label=&#8221;row&#8221;]<br \/>\n\t\t\t\t[et_pb_column type=&#8221;4_4&#8243;][et_pb_text admin_label=&#8221;Text&#8221;]<!-- divi:embed {\"url\":\"https:\/\/www.youtube.com\/watch?app=desktop\\u0026v=-HevAuRw_dY\\u0026feature=youtu.be\",\"type\":\"video\",\"providerNameSlug\":\"youtube\",\"responsive\":true,\"className\":\"wp-embed-aspect-16-9 wp-has-aspect-ratio\"} --><\/p>\n<figure class=\"wp-block-embed is-type-video is-provider-youtube wp-block-embed-youtube wp-embed-aspect-16-9 wp-has-aspect-ratio\">\n<div class=\"wp-block-embed__wrapper\">\n<iframe loading=\"lazy\" title=\"e_mob 2022 Piazza Duomo, Milano: 6\u00aa Conferenza nazionale mobilit\u00e0 elettrica\" width=\"1080\" height=\"608\" src=\"https:\/\/www.youtube.com\/embed\/-HevAuRw_dY?feature=oembed\"  allow=\"accelerometer; autoplay; clipboard-write; encrypted-media; gyroscope; picture-in-picture; web-share\" allowfullscreen><\/iframe>\n<\/div><figcaption class=\"wp-element-caption\">Il meglio di e_mob 2022 in poco pi\u00f9 di 50 secondi. <\/figcaption><\/figure>\n<p><!-- \/divi:embed --><\/p>\n<p><!-- divi:paragraph --><\/p>\n<p>Torna anche quest\u2019anno&nbsp;<strong>e_mob, il festival della mobilit\u00e0&nbsp;sostenibile. Dal 7 al 10 Ottobre prossimi, Milano ospiter\u00e0 la settima rassegna dedicata a comunit\u00e0 e stakeholder della soft mobility:&nbsp;<\/strong>imprese, pubbliche&nbsp;amministrazioni, enti di ricerca,&nbsp;organizzazioni no profit impegnati a&nbsp;realizzare e raccontare la mobilit\u00e0 a&nbsp;zero emissioni.<\/p>\n<p><!-- \/divi:paragraph --><\/p>\n<p><!-- divi:paragraph --><\/p>\n<p><strong>Dal 2016 e_mob, coordinato da Class Onlus, il Comitato per l\u2019ambiente e lo sviluppo sostenibile, \u00e8 una conferenza nazionale annuale,&nbsp;principale momento di dibattito istituzionale, tecnico-scientifico e culturale sul presente e sul futuro dei&nbsp;mezzi elettrici in Italia<\/strong>.&nbsp;e_mob \u00e8 anche un festival con esposizioni aperte ad&nbsp;addetti ai lavori, a scuole e al pubblico generalista in&nbsp;cui \u00e8 possibile vedere da vicino i mezzi \u00aballa spina\u00bb&nbsp;come autobus e veicoli di prossimit\u00e0 elettrici, ma&nbsp;anche provare l\u2019esperienza di guida di differenti tipi di&nbsp;veicoli: modelli della micromobilit\u00e0, bici a pedalata assistita, scooter, moto ed auto elettriche.&nbsp;<\/p>\n<p><!-- \/divi:paragraph --><\/p>\n<p><!-- divi:paragraph --><\/p>\n<p>Tra gli enti promotori figurano il<strong>&nbsp;Comune di Milano, la Regione Lombardia, la Camera di Commercio di Milano, Monza-Brianza e Lodi, il gruppo ATM, Enel Xway, a2a Life Company, il gruppo Hera<\/strong>&nbsp;e molti altri ancora. I protagonisti di e_mob possono&nbsp;giovare quindi di questo ulteriore&nbsp;valore che si aggiunge alla vetrina di&nbsp;altissimo profilo istituzionale che \u00e8&nbsp;messa loro a disposizione nei giorni&nbsp;dell\u2019evento, declinata in diverse&nbsp;formule di partecipazione adattabili&nbsp;alle esigenze di ogni azienda. La rassegna si pone come obiettivo quello di &nbsp;facilitare&nbsp;il rapporto con la&nbsp;pubblica amministrazione, aiutando&nbsp;le aziende a contribuire&nbsp;all\u2019applicazione della normativa&nbsp;vigente e nel processo di&nbsp;decarbonizzazione dei trasporti.<\/p>\n<p><!-- \/divi:paragraph --><\/p>\n<p><!-- divi:paragraph --><\/p>\n<p><strong>IL PROGRAMMA<\/strong><\/p>\n<p><!-- \/divi:paragraph --><\/p>\n<p><!-- divi:paragraph --><\/p>\n<p>I momenti pi\u00f9 significativi della conferenza&nbsp;nazionale saranno la presentazione, alla&nbsp;presenza delle pi\u00f9 alte cariche istituzionali,&nbsp;di proposte emerse durante e_mob 2022&nbsp;con incontri e tavoli di approfondimento,&nbsp;anche alla luce del Recovery Plan e delle&nbsp;sue ricadute sulla mobilit\u00e0 elettrica e&nbsp;sostenibile. Saranno indicati, approfonditi&nbsp;e discussi tutti i progetti che potranno&nbsp;essere cantierizzati entro il 2026, per poter&nbsp;essere finanziati dall\u2019Unione Europea.<\/p>\n<p><!-- \/divi:paragraph --><\/p>\n<p><!-- divi:paragraph --><\/p>\n<p><strong>DOVE<\/strong><\/p>\n<p><!-- \/divi:paragraph --><\/p>\n<p><!-- divi:paragraph --><\/p>\n<p>Ci ritroveremo in Piazza Duomo e dintorni.&nbsp;La parte espositiva delle Conferenza Nazionale della Mobilit\u00e0 Elettrica si terr\u00e0 in presenza: stand dimostrativi e&nbsp;attivit\u00e0 esperienziali, come i test drive,&nbsp;saranno posizionati negli spazi aperti<br \/>pi\u00f9 prestigiosi e frequentati di tutta&nbsp;Milano, da Via Mercanti \u2013 Palazzo&nbsp;Giureconsulti a Piazza del Duomo.<\/p>\n<p><!-- \/divi:paragraph --><\/p>\n<p><!-- divi:paragraph --><\/p>\n<p><strong>LA CONFERENZA<\/strong><\/p>\n<p><!-- \/divi:paragraph --><\/p>\n<p><!-- divi:paragraph --><\/p>\n<p>La conferenza di e_mob si terr\u00e0&nbsp;presso Palazzo Giureconsulti,&nbsp;nei giorni 9 e 10 ottobre e&nbsp;verr\u00e0 trasmessa&nbsp;in streaming sulla piattaforma online&nbsp;dedicata. Sar\u00e0 possibile seguire il&nbsp;convegno in presenza su invito.<\/p>\n<p><!-- \/divi:paragraph --><\/p>\n<p><!-- divi:paragraph --><\/p>\n<p><strong>VETRINA<\/strong><\/p>\n<p><!-- \/divi:paragraph --><\/p>\n<p><!-- divi:paragraph --><\/p>\n<p>e_mob \u00e8 la vetrina ideale per tutti gli&nbsp;stakeholder che stanno investendo nel&nbsp;settore della mobilit\u00e0 elettrica.&nbsp;Aziende, associazioni di settore, start-up&nbsp;e istituzioni potranno incontrarsi,&nbsp;raccontarsi e scambiare idee e progetti,<br \/>al fine di sviluppare la propria rete di&nbsp;contatti e promuovere il proprio brand.<\/p>\n<p><!-- \/divi:paragraph --><\/p>\n<p><!-- divi:paragraph --><\/p>\n<p><strong>ESPOSIZIONE<\/strong><\/p>\n<p><!-- \/divi:paragraph --><\/p>\n<p><!-- divi:paragraph --><\/p>\n<p>E_mob non \u00e8 una fiera, ma un&nbsp;evento di sensibilizzazione e&nbsp;dissemination in cui i partecipanti si&nbsp;rivolgono al pubblico come una vera&nbsp;e propria comunit\u00e0 di persone, enti&nbsp;ed aziende che si fanno carico della&nbsp;promozione della mobilit\u00e0 sostenibile.&nbsp;Abbiamo quindi scelto di adottare una&nbsp;comunicazione che non sia&nbsp;meramente commerciale, ma che<br \/>rifletta lo spirito dell\u2019iniziativa stessa,&nbsp;per cui il layout e la linea grafica&nbsp;saranno omogenee per tutti i&nbsp;partecipanti all\u2019esposizione, pur nella&nbsp;possibilit\u00e0 di rendere riconoscibile la&nbsp;presenza di ciascuno.<\/p>\n<p><!-- \/divi:paragraph --><\/p>\n<p><!-- divi:paragraph --><\/p>\n<p><strong>CARTA METROPOLITANA<\/strong><\/p>\n<p><!-- \/divi:paragraph --><\/p>\n<p><!-- divi:paragraph --><\/p>\n<p>La Carta Metropolitana della Mobilit\u00e0 Elettrica, sottoscritta da oltre 200&nbsp;comuni italiani sopra i 20mila abitanti, \u00e8 un documento guida ideato durante&nbsp;e_mob 2017 con lo scopo di coinvolgere ed educare citt\u00e0 e comuni verso una<br \/>mobilit\u00e0 pi\u00f9 sostenibile e pulita. Molti comuni sono convinti dell\u2019importanza&nbsp;della mobilit\u00e0 elettrica, ma spesso non sanno come attivarsi concretamente.&nbsp;L\u2019adesione alla Carta Metropolitana consente di scambiare informazioni e<br \/>buone pratiche sperimentate con successo in tutta Italia.&nbsp;<strong>Tra i comuni firmatari figurano, tra gli altri, Milano, Bologna, Torino, Varese &nbsp;e Firenze.&nbsp;<\/strong><\/p>\n<p><!-- \/divi:paragraph -->[\/et_pb_text][\/et_pb_column]<br \/>\n\t\t\t[\/et_pb_row]<br \/>\n\t\t[\/et_pb_section]<\/p>\n","protected":false},"excerpt":{"rendered":"<p>e_mob si appresta a spegnere le sette candeline: dal 7 al 10 Ottobre torna il festival dedicato alla mobilit\u00e0 sostenibile. A Milano. <\/p>\n","protected":false},"author":19,"featured_media":61418,"comment_status":"open","ping_status":"open","sticky":false,"template":"","format":"video","meta":{"_et_pb_use_builder":"on","_et_pb_old_content":"<!-- wp:embed {\"url\":\"https:\/\/www.youtube.com\/watch?app=desktopu0026v=-HevAuRw_dYu0026feature=youtu.be\",\"type\":\"video\",\"providerNameSlug\":\"youtube\",\"responsive\":true,\"className\":\"wp-embed-aspect-16-9 wp-has-aspect-ratio\"} -->\n<figure class=\"wp-block-embed is-type-video is-provider-youtube wp-block-embed-youtube wp-embed-aspect-16-9 wp-has-aspect-ratio\"><div class=\"wp-block-embed__wrapper\">\nhttps:\/\/www.youtube.com\/watch?app=desktop&amp;v=-HevAuRw_dY&amp;feature=youtu.be\n<\/div><figcaption class=\"wp-element-caption\">Il meglio di e_mob 2022 in poco pi\u00f9 di 50 secondi. <\/figcaption><\/figure>\n<!-- \/wp:embed -->\n\n<!-- wp:paragraph -->\n<p>Torna anche quest\u2019anno&nbsp;<strong>e_mob, il festival della mobilit\u00e0&nbsp;sostenibile. Dal 7 al 10 Ottobre prossimi, Milano ospiter\u00e0 la settima rassegna dedicata a comunit\u00e0 e stakeholder della soft mobility:&nbsp;<\/strong>imprese, pubbliche&nbsp;amministrazioni, enti di ricerca,&nbsp;organizzazioni no profit impegnati a&nbsp;realizzare e raccontare la mobilit\u00e0 a&nbsp;zero emissioni.<\/p>\n<!-- \/wp:paragraph -->\n\n<!-- wp:paragraph -->\n<p><strong>Dal 2016 e_mob, coordinato da Class Onlus, il Comitato per l\u2019ambiente e lo sviluppo sostenibile, \u00e8 una conferenza nazionale annuale,&nbsp;principale momento di dibattito istituzionale, tecnico-scientifico e culturale sul presente e sul futuro dei&nbsp;mezzi elettrici in Italia<\/strong>.&nbsp;e_mob \u00e8 anche un festival con esposizioni aperte ad&nbsp;addetti ai lavori, a scuole e al pubblico generalista in&nbsp;cui \u00e8 possibile vedere da vicino i mezzi \u00aballa spina\u00bb&nbsp;come autobus e veicoli di prossimit\u00e0 elettrici, ma&nbsp;anche provare l\u2019esperienza di guida di differenti tipi di&nbsp;veicoli: modelli della micromobilit\u00e0, bici a pedalata assistita, scooter, moto ed auto elettriche.&nbsp;<\/p>\n<!-- \/wp:paragraph -->\n\n<!-- wp:paragraph -->\n<p>Tra gli enti promotori figurano il<strong>&nbsp;Comune di Milano, la Regione Lombardia, la Camera di Commercio di Milano, Monza-Brianza e Lodi, il gruppo ATM, Enel Xway, a2a Life Company, il gruppo Hera<\/strong>&nbsp;e molti altri ancora. I protagonisti di e_mob possono&nbsp;giovare quindi di questo ulteriore&nbsp;valore che si aggiunge alla vetrina di&nbsp;altissimo profilo istituzionale che \u00e8&nbsp;messa loro a disposizione nei giorni&nbsp;dell\u2019evento, declinata in diverse&nbsp;formule di partecipazione adattabili&nbsp;alle esigenze di ogni azienda. La rassegna si pone come obiettivo quello di &nbsp;facilitare&nbsp;il rapporto con la&nbsp;pubblica amministrazione, aiutando&nbsp;le aziende a contribuire&nbsp;all\u2019applicazione della normativa&nbsp;vigente e nel processo di&nbsp;decarbonizzazione dei trasporti.<\/p>\n<!-- \/wp:paragraph -->\n\n<!-- wp:paragraph -->\n<p><strong>IL PROGRAMMA<\/strong><\/p>\n<!-- \/wp:paragraph -->\n\n<!-- wp:paragraph -->\n<p>I momenti pi\u00f9 significativi della conferenza&nbsp;nazionale saranno la presentazione, alla&nbsp;presenza delle pi\u00f9 alte cariche istituzionali,&nbsp;di proposte emerse durante e_mob 2022&nbsp;con incontri e tavoli di approfondimento,&nbsp;anche alla luce del Recovery Plan e delle&nbsp;sue ricadute sulla mobilit\u00e0 elettrica e&nbsp;sostenibile. Saranno indicati, approfonditi&nbsp;e discussi tutti i progetti che potranno&nbsp;essere cantierizzati entro il 2026, per poter&nbsp;essere finanziati dall\u2019Unione Europea.<\/p>\n<!-- \/wp:paragraph -->\n\n<!-- wp:paragraph -->\n<p><strong>DOVE<\/strong><\/p>\n<!-- \/wp:paragraph -->\n\n<!-- wp:paragraph -->\n<p>Ci ritroveremo in Piazza Duomo e dintorni.&nbsp;La parte espositiva delle Conferenza Nazionale della Mobilit\u00e0 Elettrica si terr\u00e0 in presenza: stand dimostrativi e&nbsp;attivit\u00e0 esperienziali, come i test drive,&nbsp;saranno posizionati negli spazi aperti<br>pi\u00f9 prestigiosi e frequentati di tutta&nbsp;Milano, da Via Mercanti \u2013 Palazzo&nbsp;Giureconsulti a Piazza del Duomo.<\/p>\n<!-- \/wp:paragraph -->\n\n<!-- wp:paragraph -->\n<p><strong>LA CONFERENZA<\/strong><\/p>\n<!-- \/wp:paragraph -->\n\n<!-- wp:paragraph -->\n<p>La conferenza di e_mob si terr\u00e0&nbsp;presso Palazzo Giureconsulti,&nbsp;nei giorni 9 e 10 ottobre e&nbsp;verr\u00e0 trasmessa&nbsp;in streaming sulla piattaforma online&nbsp;dedicata. Sar\u00e0 possibile seguire il&nbsp;convegno in presenza su invito.<\/p>\n<!-- \/wp:paragraph -->\n\n<!-- wp:paragraph -->\n<p><strong>VETRINA<\/strong><\/p>\n<!-- \/wp:paragraph -->\n\n<!-- wp:paragraph -->\n<p>e_mob \u00e8 la vetrina ideale per tutti gli&nbsp;stakeholder che stanno investendo nel&nbsp;settore della mobilit\u00e0 elettrica.&nbsp;Aziende, associazioni di settore, start-up&nbsp;e istituzioni potranno incontrarsi,&nbsp;raccontarsi e scambiare idee e progetti,<br>al fine di sviluppare la propria rete di&nbsp;contatti e promuovere il proprio brand.<\/p>\n<!-- \/wp:paragraph -->\n\n<!-- wp:paragraph -->\n<p><strong>ESPOSIZIONE<\/strong><\/p>\n<!-- \/wp:paragraph -->\n\n<!-- wp:paragraph -->\n<p>E_mob non \u00e8 una fiera, ma un&nbsp;evento di sensibilizzazione e&nbsp;dissemination in cui i partecipanti si&nbsp;rivolgono al pubblico come una vera&nbsp;e propria comunit\u00e0 di persone, enti&nbsp;ed aziende che si fanno carico della&nbsp;promozione della mobilit\u00e0 sostenibile.&nbsp;Abbiamo quindi scelto di adottare una&nbsp;comunicazione che non sia&nbsp;meramente commerciale, ma che<br>rifletta lo spirito dell\u2019iniziativa stessa,&nbsp;per cui il layout e la linea grafica&nbsp;saranno omogenee per tutti i&nbsp;partecipanti all\u2019esposizione, pur nella&nbsp;possibilit\u00e0 di rendere riconoscibile la&nbsp;presenza di ciascuno.<\/p>\n<!-- \/wp:paragraph -->\n\n<!-- wp:paragraph -->\n<p><strong>CARTA METROPOLITANA<\/strong><\/p>\n<!-- \/wp:paragraph -->\n\n<!-- wp:paragraph -->\n<p>La Carta Metropolitana della Mobilit\u00e0 Elettrica, sottoscritta da oltre 200&nbsp;comuni italiani sopra i 20mila abitanti, \u00e8 un documento guida ideato durante&nbsp;e_mob 2017 con lo scopo di coinvolgere ed educare citt\u00e0 e comuni verso una<br>mobilit\u00e0 pi\u00f9 sostenibile e pulita. Molti comuni sono convinti dell\u2019importanza&nbsp;della mobilit\u00e0 elettrica, ma spesso non sanno come attivarsi concretamente.&nbsp;L\u2019adesione alla Carta Metropolitana consente di scambiare informazioni e<br>buone pratiche sperimentate con successo in tutta Italia.&nbsp;<strong>Tra i comuni firmatari figurano, tra gli altri, Milano, Bologna, Torino, Varese &nbsp;e Firenze.&nbsp;<\/strong><\/p>\n<!-- \/wp:paragraph -->","_et_gb_content_width":"","_exactmetrics_skip_tracking":false,"_exactmetrics_sitenote_active":false,"_exactmetrics_sitenote_note":"","_exactmetrics_sitenote_category":0,"footnotes":""},"categories":[27,16,660,46,26],"tags":[8,165,199,10,11,357],"yoast_head":"<!-- This site is optimized with the Yoast SEO plugin v22.9 - https:\/\/yoast.com\/wordpress\/plugins\/seo\/ -->\n<title>Ecco e_mob 2023 &#8226; e_mob<\/title>\n<meta name=\"description\" content=\"e_mob \u00e8 il tavolo permanente degli stakeholder della mobilit\u00e0 elettrica in Italia. Organizza ogni anno a Milano la Conferenza Nazionale del settore, nel 2021 in programma dal 16 al 19 ottobre.\" \/>\n<meta name=\"robots\" content=\"index, follow, max-snippet:-1, max-image-preview:large, max-video-preview:-1\" \/>\n<link rel=\"canonical\" href=\"https:\/\/emob-italia.it\/2023\/01\/13\/ecco-e_mob-2023\/\" \/>\n<meta property=\"og:locale\" content=\"en_US\" \/>\n<meta property=\"og:type\" content=\"article\" \/>\n<meta property=\"og:title\" content=\"Ecco e_mob 2023 &#8226; e_mob\" \/>\n<meta property=\"og:description\" content=\"e_mob \u00e8 il tavolo permanente degli stakeholder della mobilit\u00e0 elettrica in Italia. Organizza ogni anno a Milano la Conferenza Nazionale del settore, nel 2021 in programma dal 16 al 19 ottobre.\" \/>\n<meta property=\"og:url\" content=\"https:\/\/emob-italia.it\/2023\/01\/13\/ecco-e_mob-2023\/\" \/>\n<meta property=\"og:site_name\" content=\"e_mob\" \/>\n<meta property=\"article:publisher\" content=\"https:\/\/www.facebook.com\/emobitalia\/\" \/>\n<meta property=\"article:published_time\" content=\"2023-01-13T19:21:39+00:00\" \/>\n<meta property=\"article:modified_time\" content=\"2024-03-05T19:49:35+00:00\" \/>\n<meta property=\"og:image\" content=\"https:\/\/emob-italia.it\/wp-content\/uploads\/2023\/01\/Schermata-2023-01-13-alle-18.22.03-1024x572.png\" \/>\n\t<meta property=\"og:image:width\" content=\"1024\" \/>\n\t<meta property=\"og:image:height\" content=\"572\" \/>\n\t<meta property=\"og:image:type\" content=\"image\/png\" \/>\n<meta name=\"author\" content=\"Redazione\" \/>\n<meta name=\"twitter:label1\" content=\"Written by\" \/>\n\t<meta name=\"twitter:data1\" content=\"Redazione\" \/>\n\t<meta name=\"twitter:label2\" content=\"Est. reading time\" \/>\n\t<meta name=\"twitter:data2\" content=\"4 minutes\" \/>\n<script type=\"application\/ld+json\" class=\"yoast-schema-graph\">{\"@context\":\"https:\/\/schema.org\",\"@graph\":[{\"@type\":\"Article\",\"@id\":\"https:\/\/emob-italia.it\/2023\/01\/13\/ecco-e_mob-2023\/#article\",\"isPartOf\":{\"@id\":\"https:\/\/emob-italia.it\/2023\/01\/13\/ecco-e_mob-2023\/\"},\"author\":{\"name\":\"Redazione\",\"@id\":\"https:\/\/emob-italia.it\/#\/schema\/person\/59871c976b1a5e842e3d0b98901e4f6d\"},\"headline\":\"Ecco e_mob 2023\",\"datePublished\":\"2023-01-13T19:21:39+00:00\",\"dateModified\":\"2024-03-05T19:49:35+00:00\",\"mainEntityOfPage\":{\"@id\":\"https:\/\/emob-italia.it\/2023\/01\/13\/ecco-e_mob-2023\/\"},\"wordCount\":768,\"commentCount\":0,\"publisher\":{\"@id\":\"https:\/\/emob-italia.it\/#organization\"},\"image\":{\"@id\":\"https:\/\/emob-italia.it\/2023\/01\/13\/ecco-e_mob-2023\/#primaryimage\"},\"thumbnailUrl\":\"https:\/\/emob-italia.it\/wp-content\/uploads\/2023\/01\/Schermata-2023-01-13-alle-18.22.03.png\",\"keywords\":[\"Auto Elettriche\",\"emob\",\"infrastrutture di ricarica\",\"mobilit\u00e0 elettrica\",\"Mobilit\u00e0 Sostenibile\",\"veicoli elettrici\"],\"articleSection\":[\"Comunicati stampa\",\"Eventi\",\"e_mob2023\",\"Mobilit\u00e0 Sostenibile\",\"Notizie\"],\"inLanguage\":\"en-US\",\"potentialAction\":[{\"@type\":\"CommentAction\",\"name\":\"Comment\",\"target\":[\"https:\/\/emob-italia.it\/2023\/01\/13\/ecco-e_mob-2023\/#respond\"]}]},{\"@type\":\"WebPage\",\"@id\":\"https:\/\/emob-italia.it\/2023\/01\/13\/ecco-e_mob-2023\/\",\"url\":\"https:\/\/emob-italia.it\/2023\/01\/13\/ecco-e_mob-2023\/\",\"name\":\"Ecco e_mob 2023 &#8226; e_mob\",\"isPartOf\":{\"@id\":\"https:\/\/emob-italia.it\/#website\"},\"primaryImageOfPage\":{\"@id\":\"https:\/\/emob-italia.it\/2023\/01\/13\/ecco-e_mob-2023\/#primaryimage\"},\"image\":{\"@id\":\"https:\/\/emob-italia.it\/2023\/01\/13\/ecco-e_mob-2023\/#primaryimage\"},\"thumbnailUrl\":\"https:\/\/emob-italia.it\/wp-content\/uploads\/2023\/01\/Schermata-2023-01-13-alle-18.22.03.png\",\"datePublished\":\"2023-01-13T19:21:39+00:00\",\"dateModified\":\"2024-03-05T19:49:35+00:00\",\"description\":\"e_mob \u00e8 il tavolo permanente degli stakeholder della mobilit\u00e0 elettrica in Italia. Organizza ogni anno a Milano la Conferenza Nazionale del settore, nel 2021 in programma dal 16 al 19 ottobre.\",\"breadcrumb\":{\"@id\":\"https:\/\/emob-italia.it\/2023\/01\/13\/ecco-e_mob-2023\/#breadcrumb\"},\"inLanguage\":\"en-US\",\"potentialAction\":[{\"@type\":\"ReadAction\",\"target\":[\"https:\/\/emob-italia.it\/2023\/01\/13\/ecco-e_mob-2023\/\"]}]},{\"@type\":\"ImageObject\",\"inLanguage\":\"en-US\",\"@id\":\"https:\/\/emob-italia.it\/2023\/01\/13\/ecco-e_mob-2023\/#primaryimage\",\"url\":\"https:\/\/emob-italia.it\/wp-content\/uploads\/2023\/01\/Schermata-2023-01-13-alle-18.22.03.png\",\"contentUrl\":\"https:\/\/emob-italia.it\/wp-content\/uploads\/2023\/01\/Schermata-2023-01-13-alle-18.22.03.png\",\"width\":1579,\"height\":882,\"caption\":\"e_mob2022\"},{\"@type\":\"BreadcrumbList\",\"@id\":\"https:\/\/emob-italia.it\/2023\/01\/13\/ecco-e_mob-2023\/#breadcrumb\",\"itemListElement\":[{\"@type\":\"ListItem\",\"position\":1,\"name\":\"Home\",\"item\":\"https:\/\/emob-italia.it\/en\/\"},{\"@type\":\"ListItem\",\"position\":2,\"name\":\"Ecco e_mob 2023\"}]},{\"@type\":\"WebSite\",\"@id\":\"https:\/\/emob-italia.it\/#website\",\"url\":\"https:\/\/emob-italia.it\/\",\"name\":\"e_mob\",\"description\":\"Mobilit\u00e0 Elettrica\",\"publisher\":{\"@id\":\"https:\/\/emob-italia.it\/#organization\"},\"potentialAction\":[{\"@type\":\"SearchAction\",\"target\":{\"@type\":\"EntryPoint\",\"urlTemplate\":\"https:\/\/emob-italia.it\/?s={search_term_string}\"},\"query-input\":\"required name=search_term_string\"}],\"inLanguage\":\"en-US\"},{\"@type\":\"Organization\",\"@id\":\"https:\/\/emob-italia.it\/#organization\",\"name\":\"Class Onlus\",\"url\":\"https:\/\/emob-italia.it\/\",\"logo\":{\"@type\":\"ImageObject\",\"inLanguage\":\"en-US\",\"@id\":\"https:\/\/emob-italia.it\/#\/schema\/logo\/image\/\",\"url\":\"https:\/\/emob-italia.it\/wp-content\/uploads\/2019\/03\/0_CLASS-ONLUS-logo-web.png\",\"contentUrl\":\"https:\/\/emob-italia.it\/wp-content\/uploads\/2019\/03\/0_CLASS-ONLUS-logo-web.png\",\"width\":598,\"height\":202,\"caption\":\"Class Onlus\"},\"image\":{\"@id\":\"https:\/\/emob-italia.it\/#\/schema\/logo\/image\/\"},\"sameAs\":[\"https:\/\/www.facebook.com\/emobitalia\/\",\"https:\/\/www.instagram.com\/e_mob_italia\/\",\"https:\/\/www.linkedin.com\/groups\/12186185\/\",\"https:\/\/www.youtube.com\/channel\/UCvnTcrhggAX_AkFwGxRfqFw\/featured?view_as=subscriber\"]},{\"@type\":\"Person\",\"@id\":\"https:\/\/emob-italia.it\/#\/schema\/person\/59871c976b1a5e842e3d0b98901e4f6d\",\"name\":\"Redazione\",\"image\":{\"@type\":\"ImageObject\",\"inLanguage\":\"en-US\",\"@id\":\"https:\/\/emob-italia.it\/#\/schema\/person\/image\/\",\"url\":\"https:\/\/secure.gravatar.com\/avatar\/5389093e19decc01f17a4f367aa6ce45?s=96&r=g\",\"contentUrl\":\"https:\/\/secure.gravatar.com\/avatar\/5389093e19decc01f17a4f367aa6ce45?s=96&r=g\",\"caption\":\"Redazione\"},\"url\":\"https:\/\/emob-italia.it\/en\/author\/redazione\/\"}]}<\/script>\n<!-- \/ Yoast SEO plugin. -->","yoast_head_json":{"title":"Ecco e_mob 2023 &#8226; e_mob","description":"e_mob \u00e8 il tavolo permanente degli stakeholder della mobilit\u00e0 elettrica in Italia. Organizza ogni anno a Milano la Conferenza Nazionale del settore, nel 2021 in programma dal 16 al 19 ottobre.","robots":{"index":"index","follow":"follow","max-snippet":"max-snippet:-1","max-image-preview":"max-image-preview:large","max-video-preview":"max-video-preview:-1"},"canonical":"https:\/\/emob-italia.it\/2023\/01\/13\/ecco-e_mob-2023\/","og_locale":"en_US","og_type":"article","og_title":"Ecco e_mob 2023 &#8226; e_mob","og_description":"e_mob \u00e8 il tavolo permanente degli stakeholder della mobilit\u00e0 elettrica in Italia. Organizza ogni anno a Milano la Conferenza Nazionale del settore, nel 2021 in programma dal 16 al 19 ottobre.","og_url":"https:\/\/emob-italia.it\/2023\/01\/13\/ecco-e_mob-2023\/","og_site_name":"e_mob","article_publisher":"https:\/\/www.facebook.com\/emobitalia\/","article_published_time":"2023-01-13T19:21:39+00:00","article_modified_time":"2024-03-05T19:49:35+00:00","og_image":[{"width":1024,"height":572,"url":"https:\/\/emob-italia.it\/wp-content\/uploads\/2023\/01\/Schermata-2023-01-13-alle-18.22.03-1024x572.png","type":"image\/png"}],"author":"Redazione","twitter_misc":{"Written by":"Redazione","Est. reading time":"4 minutes"},"schema":{"@context":"https:\/\/schema.org","@graph":[{"@type":"Article","@id":"https:\/\/emob-italia.it\/2023\/01\/13\/ecco-e_mob-2023\/#article","isPartOf":{"@id":"https:\/\/emob-italia.it\/2023\/01\/13\/ecco-e_mob-2023\/"},"author":{"name":"Redazione","@id":"https:\/\/emob-italia.it\/#\/schema\/person\/59871c976b1a5e842e3d0b98901e4f6d"},"headline":"Ecco e_mob 2023","datePublished":"2023-01-13T19:21:39+00:00","dateModified":"2024-03-05T19:49:35+00:00","mainEntityOfPage":{"@id":"https:\/\/emob-italia.it\/2023\/01\/13\/ecco-e_mob-2023\/"},"wordCount":768,"commentCount":0,"publisher":{"@id":"https:\/\/emob-italia.it\/#organization"},"image":{"@id":"https:\/\/emob-italia.it\/2023\/01\/13\/ecco-e_mob-2023\/#primaryimage"},"thumbnailUrl":"https:\/\/emob-italia.it\/wp-content\/uploads\/2023\/01\/Schermata-2023-01-13-alle-18.22.03.png","keywords":["Auto Elettriche","emob","infrastrutture di ricarica","mobilit\u00e0 elettrica","Mobilit\u00e0 Sostenibile","veicoli elettrici"],"articleSection":["Comunicati stampa","Eventi","e_mob2023","Mobilit\u00e0 Sostenibile","Notizie"],"inLanguage":"en-US","potentialAction":[{"@type":"CommentAction","name":"Comment","target":["https:\/\/emob-italia.it\/2023\/01\/13\/ecco-e_mob-2023\/#respond"]}]},{"@type":"WebPage","@id":"https:\/\/emob-italia.it\/2023\/01\/13\/ecco-e_mob-2023\/","url":"https:\/\/emob-italia.it\/2023\/01\/13\/ecco-e_mob-2023\/","name":"Ecco e_mob 2023 &#8226; e_mob","isPartOf":{"@id":"https:\/\/emob-italia.it\/#website"},"primaryImageOfPage":{"@id":"https:\/\/emob-italia.it\/2023\/01\/13\/ecco-e_mob-2023\/#primaryimage"},"image":{"@id":"https:\/\/emob-italia.it\/2023\/01\/13\/ecco-e_mob-2023\/#primaryimage"},"thumbnailUrl":"https:\/\/emob-italia.it\/wp-content\/uploads\/2023\/01\/Schermata-2023-01-13-alle-18.22.03.png","datePublished":"2023-01-13T19:21:39+00:00","dateModified":"2024-03-05T19:49:35+00:00","description":"e_mob \u00e8 il tavolo permanente degli stakeholder della mobilit\u00e0 elettrica in Italia. Organizza ogni anno a Milano la Conferenza Nazionale del settore, nel 2021 in programma dal 16 al 19 ottobre.","breadcrumb":{"@id":"https:\/\/emob-italia.it\/2023\/01\/13\/ecco-e_mob-2023\/#breadcrumb"},"inLanguage":"en-US","potentialAction":[{"@type":"ReadAction","target":["https:\/\/emob-italia.it\/2023\/01\/13\/ecco-e_mob-2023\/"]}]},{"@type":"ImageObject","inLanguage":"en-US","@id":"https:\/\/emob-italia.it\/2023\/01\/13\/ecco-e_mob-2023\/#primaryimage","url":"https:\/\/emob-italia.it\/wp-content\/uploads\/2023\/01\/Schermata-2023-01-13-alle-18.22.03.png","contentUrl":"https:\/\/emob-italia.it\/wp-content\/uploads\/2023\/01\/Schermata-2023-01-13-alle-18.22.03.png","width":1579,"height":882,"caption":"e_mob2022"},{"@type":"BreadcrumbList","@id":"https:\/\/emob-italia.it\/2023\/01\/13\/ecco-e_mob-2023\/#breadcrumb","itemListElement":[{"@type":"ListItem","position":1,"name":"Home","item":"https:\/\/emob-italia.it\/en\/"},{"@type":"ListItem","position":2,"name":"Ecco e_mob 2023"}]},{"@type":"WebSite","@id":"https:\/\/emob-italia.it\/#website","url":"https:\/\/emob-italia.it\/","name":"e_mob","description":"Mobilit\u00e0 Elettrica","publisher":{"@id":"https:\/\/emob-italia.it\/#organization"},"potentialAction":[{"@type":"SearchAction","target":{"@type":"EntryPoint","urlTemplate":"https:\/\/emob-italia.it\/?s={search_term_string}"},"query-input":"required name=search_term_string"}],"inLanguage":"en-US"},{"@type":"Organization","@id":"https:\/\/emob-italia.it\/#organization","name":"Class Onlus","url":"https:\/\/emob-italia.it\/","logo":{"@type":"ImageObject","inLanguage":"en-US","@id":"https:\/\/emob-italia.it\/#\/schema\/logo\/image\/","url":"https:\/\/emob-italia.it\/wp-content\/uploads\/2019\/03\/0_CLASS-ONLUS-logo-web.png","contentUrl":"https:\/\/emob-italia.it\/wp-content\/uploads\/2019\/03\/0_CLASS-ONLUS-logo-web.png","width":598,"height":202,"caption":"Class Onlus"},"image":{"@id":"https:\/\/emob-italia.it\/#\/schema\/logo\/image\/"},"sameAs":["https:\/\/www.facebook.com\/emobitalia\/","https:\/\/www.instagram.com\/e_mob_italia\/","https:\/\/www.linkedin.com\/groups\/12186185\/","https:\/\/www.youtube.com\/channel\/UCvnTcrhggAX_AkFwGxRfqFw\/featured?view_as=subscriber"]},{"@type":"Person","@id":"https:\/\/emob-italia.it\/#\/schema\/person\/59871c976b1a5e842e3d0b98901e4f6d","name":"Redazione","image":{"@type":"ImageObject","inLanguage":"en-US","@id":"https:\/\/emob-italia.it\/#\/schema\/person\/image\/","url":"https:\/\/secure.gravatar.com\/avatar\/5389093e19decc01f17a4f367aa6ce45?s=96&r=g","contentUrl":"https:\/\/secure.gravatar.com\/avatar\/5389093e19decc01f17a4f367aa6ce45?s=96&r=g","caption":"Redazione"},"url":"https:\/\/emob-italia.it\/en\/author\/redazione\/"}]}},"_links":{"self":[{"href":"https:\/\/emob-italia.it\/en\/wp-json\/wp\/v2\/posts\/63926"}],"collection":[{"href":"https:\/\/emob-italia.it\/en\/wp-json\/wp\/v2\/posts"}],"about":[{"href":"https:\/\/emob-italia.it\/en\/wp-json\/wp\/v2\/types\/post"}],"author":[{"embeddable":true,"href":"https:\/\/emob-italia.it\/en\/wp-json\/wp\/v2\/users\/19"}],"replies":[{"embeddable":true,"href":"https:\/\/emob-italia.it\/en\/wp-json\/wp\/v2\/comments?post=63926"}],"version-history":[{"count":6,"href":"https:\/\/emob-italia.it\/en\/wp-json\/wp\/v2\/posts\/63926\/revisions"}],"predecessor-version":[{"id":64377,"href":"https:\/\/emob-italia.it\/en\/wp-json\/wp\/v2\/posts\/63926\/revisions\/64377"}],"wp:featuredmedia":[{"embeddable":true,"href":"https:\/\/emob-italia.it\/en\/wp-json\/wp\/v2\/media\/61418"}],"wp:attachment":[{"href":"https:\/\/emob-italia.it\/en\/wp-json\/wp\/v2\/media?parent=63926"}],"wp:term":[{"taxonomy":"category","embeddable":true,"href":"https:\/\/emob-italia.it\/en\/wp-json\/wp\/v2\/categories?post=63926"},{"taxonomy":"post_tag","embeddable":true,"href":"https:\/\/emob-italia.it\/en\/wp-json\/wp\/v2\/tags?post=63926"}],"curies":[{"name":"wp","href":"https:\/\/api.w.org\/{rel}","templated":true}]}}