{"id":63923,"date":"2023-04-20T20:19:35","date_gmt":"2023-04-20T18:19:35","guid":{"rendered":"https:\/\/emob-italia.it\/?p=63923"},"modified":"2024-03-05T20:45:22","modified_gmt":"2024-03-05T19:45:22","slug":"le-auto-elettriche-strizzano-locchio-al-portafoglio","status":"publish","type":"post","link":"https:\/\/emob-italia.it\/en\/2023\/04\/20\/le-auto-elettriche-strizzano-locchio-al-portafoglio\/","title":{"rendered":"Le auto elettriche strizzano l\u2019occhio al portafoglio"},"content":{"rendered":"\n<p>Secondo Altroconsumo, l\u2019organizzazione di tutela e informazione di consumatori, l\u2019auto elettrica costa la met\u00e0 rispetto alle concorrenti termiche. <\/p>\n\n\n\n<p>Come \u00e8 noto, il 2035 rappresenta una svolta decisiva per il futuro dell\u2019automotive europeo. La recente approvazione del regolamento europeo che impone lo stop ai motori endotermici, per le auto e i furgoni nuovi, rappresenta un\u2019ulteriore spinta verso l\u2019elettrificazione del parco auto.&nbsp;<\/p>\n\n\n\n<p>L\u2019analisi dell\u2019associazione cerca di fotografare la situazione  attuale dell\u2019elettrico in Italia. L\u2019istantanea ci dice che a gennaio 2023 solo il 2,5% delle auto immatricolate era totalmente elettrico, ci\u00f2 dimostra come il nostro paese sia ancora indietro rispetto ad altri paesi europei.<\/p>\n\n\n\n<p>Le ragioni vanno ricercate nella carenza della rete di colonnine per il rifornimento. Ma nonostante questo, l\u2019auto elettrica risulta essere la soluzione pi\u00f9 conveniente dal punto di vista economico. Come si evince dallo studio di Altroconsumo, che ha messo a confronto i prezzi di ricarica di 265 colonnine elettriche \u201clente\u201d, fast e ricarica a&nbsp;casa dislocate in tutto il Paese, la spesa varia dai 36 centesimi per kWh della ricarica casalinga ai 93 centesimi per kWh delle colonnine ultrafast, le pi\u00f9 veloci e potenti. Inoltre, confrontando i costi di percorrenza delle diverse tipologie di auto, l\u2019auto elettrica risulta la soluzione pi\u00f9 vantaggiosa. In particolare, usando la ricarica casalinga o le colonnine a bassa potenza, il costo annuo del rifornimento \u00e8 di circa 500 euro, la met\u00e0 rispetto a benzina e diesel. Ma nonostante i numeri importanti, la carenza della rete di colonnine rappresenta un ostacolo all\u2019acquisto di auto elettriche. Sul territorio nazionale sono presenti complessivamente 36.772 punti di rifornimento elettrico, ma si registra una forte asimmetria territoriale. Secondo l\u2019ultimo Rapporto Motus E, (che vi avevamo gi\u00e0 sottoposto su queste pagine nelle precedenti news) il 70% delle colonnine \u00e8 concentrato in sole 10 regioni. Inoltre, i tempi di attesa per la ricarica alle colonnine ultrafast sono spesso lunghi e il prezzo elevato. <br>Per favorire l\u2019elettrificazione, continua l\u2019analisi di Altroconsumo, il governo ha rilanciato il bonus colonnine, che fino al 2024 riconosce l\u201980% del prezzo di acquisto di una stazione privata. Inoltre, per chi utilizza regolarmente l\u2019auto elettrica, consumando pi\u00f9 o meno la stessa quantit\u00e0 di energia ogni mese, pu\u00f2 essere interessante scegliere un pacchetto di ricarica in abbonamento. Queste soluzioni incentivano la nascita di una rete di colonnine privata, che potrebbe essere integrata con quella pubblica esistente.<\/p>\n\n\n\n<p>Inoltre, per favorire l\u2019elettrificazione del parco auto, \u00e8 necessario promuovere la diffusione delle auto elettriche anche tra i privati. Attualmente, le auto elettriche sono principalmente acquistate da aziende e flotte aziendali.<\/p>\n\n\n\n<p>Partendo da questo assunto di base, qual\u2019\u00e8 la sfida a breve medio termine per il comparto? La transizione all\u2019auto elettrica \u00e8 un obiettivo ambizioso e impegnativo, ma \u00e8 necessaria per raggiungere gli obiettivi di riduzione delle emissioni di gas a effetto serra e combattere il cambiamento climatico. Come accennato, l\u2019Europa ha stabilito l\u2019obiettivo di bandire i motori endotermici entro il 2035, mentre alcuni paesi come la Norvegia mirano a raggiungere una flotta di auto completamente elettriche entro il 2025. Inoltre, come suggerisce la ricerca di Altroconsumo, la&nbsp;tecnologia dell\u2019auto elettrica \u00e8 in continua evoluzione, con l\u2019introduzione di nuove&nbsp;batterie pi\u00f9 potenti e leggere, nonch\u00e9 di tecnologie di ricarica pi\u00f9 veloci. Alcune aziende stanno anche sperimentando l\u2019uso di celle a combustibile a idrogeno come alternativa all\u2019elettrico, il che potrebbe essere una soluzione interessante per i veicoli pesanti.<\/p>\n\n\n\n<p>Concludendo, l\u2019auto elettrica rappresenta una scelta green che pu\u00f2 anche essere conveniente per il portafoglio. Come dimostrato dai dati di Altroconsumo, il costo di ricarica dell\u2019auto elettrica pu\u00f2 essere molto inferiore rispetto a quello delle auto a combustione interna, soprattutto se si sceglie la ricarica casalinga. Inoltre, l\u2019auto elettrica offre numerosi vantaggi, come maggiore efficienza energetica, maggiore comfort di guida e riduzione dell\u2019inquinamento atmosferico. Nonostante i limiti della rete di colonnine di ricarica, l\u2019auto elettrica rappresenta il futuro della mobilit\u00e0 sostenibile e una soluzione per la lotta al cambiamento climatico.<\/p>\n","protected":false},"excerpt":{"rendered":"<p>Secondo Altroconsumo, organizzazione di tutela e informazione consumatori, l\u2019auto elettrica costa la met\u00e0 rispetto alle concorrenti termiche.<\/p>\n","protected":false},"author":19,"featured_media":61647,"comment_status":"open","ping_status":"open","sticky":false,"template":"","format":"standard","meta":{"_et_pb_use_builder":"","_et_pb_old_content":"","_et_gb_content_width":"","_exactmetrics_skip_tracking":false,"_exactmetrics_sitenote_active":false,"_exactmetrics_sitenote_note":"","_exactmetrics_sitenote_category":0,"footnotes":""},"categories":[16,26],"tags":[8,689,10,690],"yoast_head":"<!-- This site is optimized with the Yoast SEO plugin v22.9 - https:\/\/yoast.com\/wordpress\/plugins\/seo\/ -->\n<title>Le auto elettriche strizzano l\u2019occhio al portafoglio &#8226; e_mob<\/title>\n<meta name=\"description\" content=\"e_mob \u00e8 il tavolo permanente degli stakeholder della mobilit\u00e0 elettrica in Italia. Organizza ogni anno a Milano la Conferenza Nazionale del settore, nel 2021 in programma dal 16 al 19 ottobre.\" \/>\n<meta name=\"robots\" content=\"index, follow, max-snippet:-1, max-image-preview:large, max-video-preview:-1\" \/>\n<link rel=\"canonical\" href=\"https:\/\/emob-italia.it\/2023\/04\/20\/le-auto-elettriche-strizzano-locchio-al-portafoglio\/\" \/>\n<meta property=\"og:locale\" content=\"en_US\" \/>\n<meta property=\"og:type\" content=\"article\" \/>\n<meta property=\"og:title\" content=\"Le auto elettriche strizzano l\u2019occhio al portafoglio &#8226; e_mob\" \/>\n<meta property=\"og:description\" content=\"e_mob \u00e8 il tavolo permanente degli stakeholder della mobilit\u00e0 elettrica in Italia. Organizza ogni anno a Milano la Conferenza Nazionale del settore, nel 2021 in programma dal 16 al 19 ottobre.\" \/>\n<meta property=\"og:url\" content=\"https:\/\/emob-italia.it\/2023\/04\/20\/le-auto-elettriche-strizzano-locchio-al-portafoglio\/\" \/>\n<meta property=\"og:site_name\" content=\"e_mob\" \/>\n<meta property=\"article:publisher\" content=\"https:\/\/www.facebook.com\/emobitalia\/\" \/>\n<meta property=\"article:published_time\" content=\"2023-04-20T18:19:35+00:00\" \/>\n<meta property=\"article:modified_time\" content=\"2024-03-05T19:45:22+00:00\" \/>\n<meta property=\"og:image\" content=\"https:\/\/emob-italia.it\/wp-content\/uploads\/2023\/04\/CD13F0E5-DF8C-402E-BC39-4896F311056F.jpeg\" \/>\n\t<meta property=\"og:image:width\" content=\"1920\" \/>\n\t<meta property=\"og:image:height\" content=\"1222\" \/>\n\t<meta property=\"og:image:type\" content=\"image\/jpeg\" \/>\n<meta name=\"author\" content=\"Redazione\" \/>\n<meta name=\"twitter:label1\" content=\"Written by\" \/>\n\t<meta name=\"twitter:data1\" content=\"Redazione\" \/>\n\t<meta name=\"twitter:label2\" content=\"Est. reading time\" \/>\n\t<meta name=\"twitter:data2\" content=\"3 minutes\" \/>\n<script type=\"application\/ld+json\" class=\"yoast-schema-graph\">{\"@context\":\"https:\/\/schema.org\",\"@graph\":[{\"@type\":\"Article\",\"@id\":\"https:\/\/emob-italia.it\/2023\/04\/20\/le-auto-elettriche-strizzano-locchio-al-portafoglio\/#article\",\"isPartOf\":{\"@id\":\"https:\/\/emob-italia.it\/2023\/04\/20\/le-auto-elettriche-strizzano-locchio-al-portafoglio\/\"},\"author\":{\"name\":\"Redazione\",\"@id\":\"https:\/\/emob-italia.it\/#\/schema\/person\/59871c976b1a5e842e3d0b98901e4f6d\"},\"headline\":\"Le auto elettriche strizzano l\u2019occhio al portafoglio\",\"datePublished\":\"2023-04-20T18:19:35+00:00\",\"dateModified\":\"2024-03-05T19:45:22+00:00\",\"mainEntityOfPage\":{\"@id\":\"https:\/\/emob-italia.it\/2023\/04\/20\/le-auto-elettriche-strizzano-locchio-al-portafoglio\/\"},\"wordCount\":665,\"commentCount\":0,\"publisher\":{\"@id\":\"https:\/\/emob-italia.it\/#organization\"},\"image\":{\"@id\":\"https:\/\/emob-italia.it\/2023\/04\/20\/le-auto-elettriche-strizzano-locchio-al-portafoglio\/#primaryimage\"},\"thumbnailUrl\":\"https:\/\/emob-italia.it\/wp-content\/uploads\/2023\/04\/CD13F0E5-DF8C-402E-BC39-4896F311056F.jpeg\",\"keywords\":[\"Auto Elettriche\",\"auto green\",\"mobilit\u00e0 elettrica\",\"mobilit\u00e0 green\"],\"articleSection\":[\"Eventi\",\"Notizie\"],\"inLanguage\":\"en-US\",\"potentialAction\":[{\"@type\":\"CommentAction\",\"name\":\"Comment\",\"target\":[\"https:\/\/emob-italia.it\/2023\/04\/20\/le-auto-elettriche-strizzano-locchio-al-portafoglio\/#respond\"]}]},{\"@type\":\"WebPage\",\"@id\":\"https:\/\/emob-italia.it\/2023\/04\/20\/le-auto-elettriche-strizzano-locchio-al-portafoglio\/\",\"url\":\"https:\/\/emob-italia.it\/2023\/04\/20\/le-auto-elettriche-strizzano-locchio-al-portafoglio\/\",\"name\":\"Le auto elettriche strizzano l\u2019occhio al portafoglio &#8226; e_mob\",\"isPartOf\":{\"@id\":\"https:\/\/emob-italia.it\/#website\"},\"primaryImageOfPage\":{\"@id\":\"https:\/\/emob-italia.it\/2023\/04\/20\/le-auto-elettriche-strizzano-locchio-al-portafoglio\/#primaryimage\"},\"image\":{\"@id\":\"https:\/\/emob-italia.it\/2023\/04\/20\/le-auto-elettriche-strizzano-locchio-al-portafoglio\/#primaryimage\"},\"thumbnailUrl\":\"https:\/\/emob-italia.it\/wp-content\/uploads\/2023\/04\/CD13F0E5-DF8C-402E-BC39-4896F311056F.jpeg\",\"datePublished\":\"2023-04-20T18:19:35+00:00\",\"dateModified\":\"2024-03-05T19:45:22+00:00\",\"description\":\"e_mob \u00e8 il tavolo permanente degli stakeholder della mobilit\u00e0 elettrica in Italia. Organizza ogni anno a Milano la Conferenza Nazionale del settore, nel 2021 in programma dal 16 al 19 ottobre.\",\"breadcrumb\":{\"@id\":\"https:\/\/emob-italia.it\/2023\/04\/20\/le-auto-elettriche-strizzano-locchio-al-portafoglio\/#breadcrumb\"},\"inLanguage\":\"en-US\",\"potentialAction\":[{\"@type\":\"ReadAction\",\"target\":[\"https:\/\/emob-italia.it\/2023\/04\/20\/le-auto-elettriche-strizzano-locchio-al-portafoglio\/\"]}]},{\"@type\":\"ImageObject\",\"inLanguage\":\"en-US\",\"@id\":\"https:\/\/emob-italia.it\/2023\/04\/20\/le-auto-elettriche-strizzano-locchio-al-portafoglio\/#primaryimage\",\"url\":\"https:\/\/emob-italia.it\/wp-content\/uploads\/2023\/04\/CD13F0E5-DF8C-402E-BC39-4896F311056F.jpeg\",\"contentUrl\":\"https:\/\/emob-italia.it\/wp-content\/uploads\/2023\/04\/CD13F0E5-DF8C-402E-BC39-4896F311056F.jpeg\",\"width\":1920,\"height\":1222},{\"@type\":\"BreadcrumbList\",\"@id\":\"https:\/\/emob-italia.it\/2023\/04\/20\/le-auto-elettriche-strizzano-locchio-al-portafoglio\/#breadcrumb\",\"itemListElement\":[{\"@type\":\"ListItem\",\"position\":1,\"name\":\"Home\",\"item\":\"https:\/\/emob-italia.it\/en\/\"},{\"@type\":\"ListItem\",\"position\":2,\"name\":\"Le auto elettriche strizzano l\u2019occhio al portafoglio\"}]},{\"@type\":\"WebSite\",\"@id\":\"https:\/\/emob-italia.it\/#website\",\"url\":\"https:\/\/emob-italia.it\/\",\"name\":\"e_mob\",\"description\":\"Mobilit\u00e0 Elettrica\",\"publisher\":{\"@id\":\"https:\/\/emob-italia.it\/#organization\"},\"potentialAction\":[{\"@type\":\"SearchAction\",\"target\":{\"@type\":\"EntryPoint\",\"urlTemplate\":\"https:\/\/emob-italia.it\/?s={search_term_string}\"},\"query-input\":\"required name=search_term_string\"}],\"inLanguage\":\"en-US\"},{\"@type\":\"Organization\",\"@id\":\"https:\/\/emob-italia.it\/#organization\",\"name\":\"Class Onlus\",\"url\":\"https:\/\/emob-italia.it\/\",\"logo\":{\"@type\":\"ImageObject\",\"inLanguage\":\"en-US\",\"@id\":\"https:\/\/emob-italia.it\/#\/schema\/logo\/image\/\",\"url\":\"https:\/\/emob-italia.it\/wp-content\/uploads\/2019\/03\/0_CLASS-ONLUS-logo-web.png\",\"contentUrl\":\"https:\/\/emob-italia.it\/wp-content\/uploads\/2019\/03\/0_CLASS-ONLUS-logo-web.png\",\"width\":598,\"height\":202,\"caption\":\"Class Onlus\"},\"image\":{\"@id\":\"https:\/\/emob-italia.it\/#\/schema\/logo\/image\/\"},\"sameAs\":[\"https:\/\/www.facebook.com\/emobitalia\/\",\"https:\/\/www.instagram.com\/e_mob_italia\/\",\"https:\/\/www.linkedin.com\/groups\/12186185\/\",\"https:\/\/www.youtube.com\/channel\/UCvnTcrhggAX_AkFwGxRfqFw\/featured?view_as=subscriber\"]},{\"@type\":\"Person\",\"@id\":\"https:\/\/emob-italia.it\/#\/schema\/person\/59871c976b1a5e842e3d0b98901e4f6d\",\"name\":\"Redazione\",\"image\":{\"@type\":\"ImageObject\",\"inLanguage\":\"en-US\",\"@id\":\"https:\/\/emob-italia.it\/#\/schema\/person\/image\/\",\"url\":\"https:\/\/secure.gravatar.com\/avatar\/5389093e19decc01f17a4f367aa6ce45?s=96&r=g\",\"contentUrl\":\"https:\/\/secure.gravatar.com\/avatar\/5389093e19decc01f17a4f367aa6ce45?s=96&r=g\",\"caption\":\"Redazione\"},\"url\":\"https:\/\/emob-italia.it\/en\/author\/redazione\/\"}]}<\/script>\n<!-- \/ Yoast SEO plugin. -->","yoast_head_json":{"title":"Le auto elettriche strizzano l\u2019occhio al portafoglio &#8226; e_mob","description":"e_mob \u00e8 il tavolo permanente degli stakeholder della mobilit\u00e0 elettrica in Italia. Organizza ogni anno a Milano la Conferenza Nazionale del settore, nel 2021 in programma dal 16 al 19 ottobre.","robots":{"index":"index","follow":"follow","max-snippet":"max-snippet:-1","max-image-preview":"max-image-preview:large","max-video-preview":"max-video-preview:-1"},"canonical":"https:\/\/emob-italia.it\/2023\/04\/20\/le-auto-elettriche-strizzano-locchio-al-portafoglio\/","og_locale":"en_US","og_type":"article","og_title":"Le auto elettriche strizzano l\u2019occhio al portafoglio &#8226; e_mob","og_description":"e_mob \u00e8 il tavolo permanente degli stakeholder della mobilit\u00e0 elettrica in Italia. Organizza ogni anno a Milano la Conferenza Nazionale del settore, nel 2021 in programma dal 16 al 19 ottobre.","og_url":"https:\/\/emob-italia.it\/2023\/04\/20\/le-auto-elettriche-strizzano-locchio-al-portafoglio\/","og_site_name":"e_mob","article_publisher":"https:\/\/www.facebook.com\/emobitalia\/","article_published_time":"2023-04-20T18:19:35+00:00","article_modified_time":"2024-03-05T19:45:22+00:00","og_image":[{"width":1920,"height":1222,"url":"https:\/\/emob-italia.it\/wp-content\/uploads\/2023\/04\/CD13F0E5-DF8C-402E-BC39-4896F311056F.jpeg","type":"image\/jpeg"}],"author":"Redazione","twitter_misc":{"Written by":"Redazione","Est. reading time":"3 minutes"},"schema":{"@context":"https:\/\/schema.org","@graph":[{"@type":"Article","@id":"https:\/\/emob-italia.it\/2023\/04\/20\/le-auto-elettriche-strizzano-locchio-al-portafoglio\/#article","isPartOf":{"@id":"https:\/\/emob-italia.it\/2023\/04\/20\/le-auto-elettriche-strizzano-locchio-al-portafoglio\/"},"author":{"name":"Redazione","@id":"https:\/\/emob-italia.it\/#\/schema\/person\/59871c976b1a5e842e3d0b98901e4f6d"},"headline":"Le auto elettriche strizzano l\u2019occhio al portafoglio","datePublished":"2023-04-20T18:19:35+00:00","dateModified":"2024-03-05T19:45:22+00:00","mainEntityOfPage":{"@id":"https:\/\/emob-italia.it\/2023\/04\/20\/le-auto-elettriche-strizzano-locchio-al-portafoglio\/"},"wordCount":665,"commentCount":0,"publisher":{"@id":"https:\/\/emob-italia.it\/#organization"},"image":{"@id":"https:\/\/emob-italia.it\/2023\/04\/20\/le-auto-elettriche-strizzano-locchio-al-portafoglio\/#primaryimage"},"thumbnailUrl":"https:\/\/emob-italia.it\/wp-content\/uploads\/2023\/04\/CD13F0E5-DF8C-402E-BC39-4896F311056F.jpeg","keywords":["Auto Elettriche","auto green","mobilit\u00e0 elettrica","mobilit\u00e0 green"],"articleSection":["Eventi","Notizie"],"inLanguage":"en-US","potentialAction":[{"@type":"CommentAction","name":"Comment","target":["https:\/\/emob-italia.it\/2023\/04\/20\/le-auto-elettriche-strizzano-locchio-al-portafoglio\/#respond"]}]},{"@type":"WebPage","@id":"https:\/\/emob-italia.it\/2023\/04\/20\/le-auto-elettriche-strizzano-locchio-al-portafoglio\/","url":"https:\/\/emob-italia.it\/2023\/04\/20\/le-auto-elettriche-strizzano-locchio-al-portafoglio\/","name":"Le auto elettriche strizzano l\u2019occhio al portafoglio &#8226; e_mob","isPartOf":{"@id":"https:\/\/emob-italia.it\/#website"},"primaryImageOfPage":{"@id":"https:\/\/emob-italia.it\/2023\/04\/20\/le-auto-elettriche-strizzano-locchio-al-portafoglio\/#primaryimage"},"image":{"@id":"https:\/\/emob-italia.it\/2023\/04\/20\/le-auto-elettriche-strizzano-locchio-al-portafoglio\/#primaryimage"},"thumbnailUrl":"https:\/\/emob-italia.it\/wp-content\/uploads\/2023\/04\/CD13F0E5-DF8C-402E-BC39-4896F311056F.jpeg","datePublished":"2023-04-20T18:19:35+00:00","dateModified":"2024-03-05T19:45:22+00:00","description":"e_mob \u00e8 il tavolo permanente degli stakeholder della mobilit\u00e0 elettrica in Italia. Organizza ogni anno a Milano la Conferenza Nazionale del settore, nel 2021 in programma dal 16 al 19 ottobre.","breadcrumb":{"@id":"https:\/\/emob-italia.it\/2023\/04\/20\/le-auto-elettriche-strizzano-locchio-al-portafoglio\/#breadcrumb"},"inLanguage":"en-US","potentialAction":[{"@type":"ReadAction","target":["https:\/\/emob-italia.it\/2023\/04\/20\/le-auto-elettriche-strizzano-locchio-al-portafoglio\/"]}]},{"@type":"ImageObject","inLanguage":"en-US","@id":"https:\/\/emob-italia.it\/2023\/04\/20\/le-auto-elettriche-strizzano-locchio-al-portafoglio\/#primaryimage","url":"https:\/\/emob-italia.it\/wp-content\/uploads\/2023\/04\/CD13F0E5-DF8C-402E-BC39-4896F311056F.jpeg","contentUrl":"https:\/\/emob-italia.it\/wp-content\/uploads\/2023\/04\/CD13F0E5-DF8C-402E-BC39-4896F311056F.jpeg","width":1920,"height":1222},{"@type":"BreadcrumbList","@id":"https:\/\/emob-italia.it\/2023\/04\/20\/le-auto-elettriche-strizzano-locchio-al-portafoglio\/#breadcrumb","itemListElement":[{"@type":"ListItem","position":1,"name":"Home","item":"https:\/\/emob-italia.it\/en\/"},{"@type":"ListItem","position":2,"name":"Le auto elettriche strizzano l\u2019occhio al portafoglio"}]},{"@type":"WebSite","@id":"https:\/\/emob-italia.it\/#website","url":"https:\/\/emob-italia.it\/","name":"e_mob","description":"Mobilit\u00e0 Elettrica","publisher":{"@id":"https:\/\/emob-italia.it\/#organization"},"potentialAction":[{"@type":"SearchAction","target":{"@type":"EntryPoint","urlTemplate":"https:\/\/emob-italia.it\/?s={search_term_string}"},"query-input":"required name=search_term_string"}],"inLanguage":"en-US"},{"@type":"Organization","@id":"https:\/\/emob-italia.it\/#organization","name":"Class Onlus","url":"https:\/\/emob-italia.it\/","logo":{"@type":"ImageObject","inLanguage":"en-US","@id":"https:\/\/emob-italia.it\/#\/schema\/logo\/image\/","url":"https:\/\/emob-italia.it\/wp-content\/uploads\/2019\/03\/0_CLASS-ONLUS-logo-web.png","contentUrl":"https:\/\/emob-italia.it\/wp-content\/uploads\/2019\/03\/0_CLASS-ONLUS-logo-web.png","width":598,"height":202,"caption":"Class Onlus"},"image":{"@id":"https:\/\/emob-italia.it\/#\/schema\/logo\/image\/"},"sameAs":["https:\/\/www.facebook.com\/emobitalia\/","https:\/\/www.instagram.com\/e_mob_italia\/","https:\/\/www.linkedin.com\/groups\/12186185\/","https:\/\/www.youtube.com\/channel\/UCvnTcrhggAX_AkFwGxRfqFw\/featured?view_as=subscriber"]},{"@type":"Person","@id":"https:\/\/emob-italia.it\/#\/schema\/person\/59871c976b1a5e842e3d0b98901e4f6d","name":"Redazione","image":{"@type":"ImageObject","inLanguage":"en-US","@id":"https:\/\/emob-italia.it\/#\/schema\/person\/image\/","url":"https:\/\/secure.gravatar.com\/avatar\/5389093e19decc01f17a4f367aa6ce45?s=96&r=g","contentUrl":"https:\/\/secure.gravatar.com\/avatar\/5389093e19decc01f17a4f367aa6ce45?s=96&r=g","caption":"Redazione"},"url":"https:\/\/emob-italia.it\/en\/author\/redazione\/"}]}},"_links":{"self":[{"href":"https:\/\/emob-italia.it\/en\/wp-json\/wp\/v2\/posts\/63923"}],"collection":[{"href":"https:\/\/emob-italia.it\/en\/wp-json\/wp\/v2\/posts"}],"about":[{"href":"https:\/\/emob-italia.it\/en\/wp-json\/wp\/v2\/types\/post"}],"author":[{"embeddable":true,"href":"https:\/\/emob-italia.it\/en\/wp-json\/wp\/v2\/users\/19"}],"replies":[{"embeddable":true,"href":"https:\/\/emob-italia.it\/en\/wp-json\/wp\/v2\/comments?post=63923"}],"version-history":[{"count":1,"href":"https:\/\/emob-italia.it\/en\/wp-json\/wp\/v2\/posts\/63923\/revisions"}],"predecessor-version":[{"id":64079,"href":"https:\/\/emob-italia.it\/en\/wp-json\/wp\/v2\/posts\/63923\/revisions\/64079"}],"wp:featuredmedia":[{"embeddable":true,"href":"https:\/\/emob-italia.it\/en\/wp-json\/wp\/v2\/media\/61647"}],"wp:attachment":[{"href":"https:\/\/emob-italia.it\/en\/wp-json\/wp\/v2\/media?parent=63923"}],"wp:term":[{"taxonomy":"category","embeddable":true,"href":"https:\/\/emob-italia.it\/en\/wp-json\/wp\/v2\/categories?post=63923"},{"taxonomy":"post_tag","embeddable":true,"href":"https:\/\/emob-italia.it\/en\/wp-json\/wp\/v2\/tags?post=63923"}],"curies":[{"name":"wp","href":"https:\/\/api.w.org\/{rel}","templated":true}]}}