{"id":63919,"date":"2023-05-13T20:18:48","date_gmt":"2023-05-13T18:18:48","guid":{"rendered":"https:\/\/emob-italia.it\/?p=63919"},"modified":"2024-03-05T20:43:13","modified_gmt":"2024-03-05T19:43:13","slug":"formaper-cciaa-di-mi-mb-e-lo-formano-le-figure-della-soft-mobility-2","status":"publish","type":"post","link":"https:\/\/emob-italia.it\/en\/2023\/05\/13\/formaper-cciaa-di-mi-mb-e-lo-formano-le-figure-della-soft-mobility-2\/","title":{"rendered":"Formaper, CCIAA di Milano, Monza e Brianza e Lodi formano le nuove figure della mobilit\u00e0 sostenibile"},"content":{"rendered":"\n<p>E\u2019 giunto ai primi 3 mesi il progetto di Formaper, Camera di Commercio di Milano, Monza e Brianza e Lodi con Class Onlus ed altri importanti attori della formazione e delle imprese.&nbsp;<\/p>\n\n\n\n<p>Ricordiamo che la Camera di Commercio ha identificato tra i propri progetti strategici pluriennali un\u2019azione di supporto al settore della Bike Economy per sostenere progetti innovativi legati alla mobilit\u00e0 sostenibile a beneficio del territorio sia in termini ambientali che economici e per generare nuove opportunit\u00e0 per le filiere imprenditoriali ad essa collegate.\u00a0<\/p>\n\n\n\n<p>Il progetto formativo ha messo in campo e prosegue nella realizzazione di obiettivi strategici per anticipare il futuro della mobilit\u00e0 sostenibile ed economica. I corsi e gli incontri vedono protagonisti i seguenti temi:<\/p>\n\n\n\n<p>Informazione, sensibilizzazione e networking per le imprese \u2022 Incontri informativi sulla sostenibilit\u00e0 e la mobilit\u00e0 sostenibile \u2022 Sviluppo Sostenibile Agenda 2030, Indici ESG nella Startup: tra Brand Reputation e CSR, tecnologie per la mobilit\u00e0 sostenibile, servizi per la mobilit\u00e0 sostenibile, smart cities, comunit\u00e0 energetiche \u2022 Diffusione conoscenza sulle nuove figure professionali e dei nuovi compiti per una mobilit\u00e0 sostenibile \u2022 Le nuove figure professionali della mobilit\u00e0 sostenibile: \u2022 I servizi alla mobilit\u00e0 sostenibile \u2022 Networking (ad esempio car, bike, sharing, etc e digitali: software, app, etc).<\/p>\n\n\n\n<p>Le attivit\u00e0 formative sono e verranno destinate sia ad occupati che a disoccupati, oltre che a liberi professionisti e persone che necessitano di riqualificare le proprie competenze. Le figure formate sono relative ai mobility manager, alle e agli installatori e manutentori di colonnine di ricarica, esperti del bilancio di sostenibilit\u00e0. La formazione continua per le imprese Webinar e percorsi misti (presenza e\/o distanza) vertono invece sui temi chiave come la gestione, lo stoccaggio e l\u2019utilizzo delle batterie al litio, tematiche legate alla sostenibilit\u00e0 e al bilancio di sostenibilit\u00e0. L\u2019orientamento formativo e informativo a favore degli studenti delle scuole secondarie di primo e secondo grado, prevedono attivit\u00e0 formative e informative per i docenti, attivit\u00e0 formative e informative per famiglie e operatori.<\/p>\n\n\n\n<p>All\u2019incontro per fare il punto sui primi tre mesi di attivit\u00e0 erano presenti:<\/p>\n\n\n\n<p>FORMAPER, CLASS ONLUS, ANCMA, APACONFARTIGIANATO, ITS GREEN, SIAM e UNIONE ARTIGIANI<\/p>\n\n\n\n<p>Il primo trimestre 2023, la formazione dei&nbsp; mobility manager ha visto la richiesta di adesione tra le imprese con pi\u00f9 di 100 dipendenti e di oltre 100 partecipanti.<\/p>\n\n\n\n<p>Foto credits scott graham by unsplash.com<\/p>\n","protected":false},"excerpt":{"rendered":"<p>E\u2019 giunto ai primi 3 mesi il progetto di Formaper, CCIAA di Milano, Monza e Brianza e Lodi con Class Onlus ed altri attori della formazione e delle imprese.<\/p>\n","protected":false},"author":19,"featured_media":61703,"comment_status":"open","ping_status":"open","sticky":false,"template":"","format":"standard","meta":{"_et_pb_use_builder":"","_et_pb_old_content":"","_et_gb_content_width":"","_exactmetrics_skip_tracking":false,"_exactmetrics_sitenote_active":false,"_exactmetrics_sitenote_note":"","_exactmetrics_sitenote_category":0,"footnotes":""},"categories":[698,26,114],"tags":[100,10,11],"yoast_head":"<!-- This site is optimized with the Yoast SEO plugin v22.9 - https:\/\/yoast.com\/wordpress\/plugins\/seo\/ -->\n<title>Formaper, CCIAA di Milano, Monza e Brianza e Lodi formano le nuove figure della mobilit\u00e0 sostenibile &#8226; e_mob<\/title>\n<meta name=\"description\" content=\"e_mob \u00e8 il tavolo permanente degli stakeholder della mobilit\u00e0 elettrica in Italia. Organizza ogni anno a Milano la Conferenza Nazionale del settore, nel 2021 in programma dal 16 al 19 ottobre.\" \/>\n<meta name=\"robots\" content=\"index, follow, max-snippet:-1, max-image-preview:large, max-video-preview:-1\" \/>\n<link rel=\"canonical\" href=\"https:\/\/emob-italia.it\/2023\/05\/13\/formaper-cciaa-di-mi-mb-e-lo-formano-le-figure-della-soft-mobility-2\/\" \/>\n<meta property=\"og:locale\" content=\"en_US\" \/>\n<meta property=\"og:type\" content=\"article\" \/>\n<meta property=\"og:title\" content=\"Formaper, CCIAA di Milano, Monza e Brianza e Lodi formano le nuove figure della mobilit\u00e0 sostenibile &#8226; e_mob\" \/>\n<meta property=\"og:description\" content=\"e_mob \u00e8 il tavolo permanente degli stakeholder della mobilit\u00e0 elettrica in Italia. Organizza ogni anno a Milano la Conferenza Nazionale del settore, nel 2021 in programma dal 16 al 19 ottobre.\" \/>\n<meta property=\"og:url\" content=\"https:\/\/emob-italia.it\/2023\/05\/13\/formaper-cciaa-di-mi-mb-e-lo-formano-le-figure-della-soft-mobility-2\/\" \/>\n<meta property=\"og:site_name\" content=\"e_mob\" \/>\n<meta property=\"article:publisher\" content=\"https:\/\/www.facebook.com\/emobitalia\/\" \/>\n<meta property=\"article:published_time\" content=\"2023-05-13T18:18:48+00:00\" \/>\n<meta property=\"article:modified_time\" content=\"2024-03-05T19:43:13+00:00\" \/>\n<meta property=\"og:image\" content=\"https:\/\/emob-italia.it\/wp-content\/uploads\/2023\/05\/scott-graham-5fNmWej4tAA-unsplash-scaled.jpg\" \/>\n\t<meta property=\"og:image:width\" content=\"2560\" \/>\n\t<meta property=\"og:image:height\" content=\"1709\" \/>\n\t<meta property=\"og:image:type\" content=\"image\/jpeg\" \/>\n<meta name=\"author\" content=\"Redazione\" \/>\n<meta name=\"twitter:label1\" content=\"Written by\" \/>\n\t<meta name=\"twitter:data1\" content=\"Redazione\" \/>\n\t<meta name=\"twitter:label2\" content=\"Est. reading time\" \/>\n\t<meta name=\"twitter:data2\" content=\"2 minutes\" \/>\n<script type=\"application\/ld+json\" class=\"yoast-schema-graph\">{\"@context\":\"https:\/\/schema.org\",\"@graph\":[{\"@type\":\"Article\",\"@id\":\"https:\/\/emob-italia.it\/2023\/05\/13\/formaper-cciaa-di-mi-mb-e-lo-formano-le-figure-della-soft-mobility-2\/#article\",\"isPartOf\":{\"@id\":\"https:\/\/emob-italia.it\/2023\/05\/13\/formaper-cciaa-di-mi-mb-e-lo-formano-le-figure-della-soft-mobility-2\/\"},\"author\":{\"name\":\"Redazione\",\"@id\":\"https:\/\/emob-italia.it\/#\/schema\/person\/59871c976b1a5e842e3d0b98901e4f6d\"},\"headline\":\"Formaper, CCIAA di Milano, Monza e Brianza e Lodi formano le nuove figure della mobilit\u00e0 sostenibile\",\"datePublished\":\"2023-05-13T18:18:48+00:00\",\"dateModified\":\"2024-03-05T19:43:13+00:00\",\"mainEntityOfPage\":{\"@id\":\"https:\/\/emob-italia.it\/2023\/05\/13\/formaper-cciaa-di-mi-mb-e-lo-formano-le-figure-della-soft-mobility-2\/\"},\"wordCount\":394,\"commentCount\":0,\"publisher\":{\"@id\":\"https:\/\/emob-italia.it\/#organization\"},\"image\":{\"@id\":\"https:\/\/emob-italia.it\/2023\/05\/13\/formaper-cciaa-di-mi-mb-e-lo-formano-le-figure-della-soft-mobility-2\/#primaryimage\"},\"thumbnailUrl\":\"https:\/\/emob-italia.it\/wp-content\/uploads\/2023\/05\/scott-graham-5fNmWej4tAA-unsplash-scaled.jpg\",\"keywords\":[\"divulgazione\",\"mobilit\u00e0 elettrica\",\"Mobilit\u00e0 Sostenibile\"],\"articleSection\":[\"Maggio 2023\",\"Notizie\",\"Notizie Newsletter\"],\"inLanguage\":\"en-US\",\"potentialAction\":[{\"@type\":\"CommentAction\",\"name\":\"Comment\",\"target\":[\"https:\/\/emob-italia.it\/2023\/05\/13\/formaper-cciaa-di-mi-mb-e-lo-formano-le-figure-della-soft-mobility-2\/#respond\"]}]},{\"@type\":\"WebPage\",\"@id\":\"https:\/\/emob-italia.it\/2023\/05\/13\/formaper-cciaa-di-mi-mb-e-lo-formano-le-figure-della-soft-mobility-2\/\",\"url\":\"https:\/\/emob-italia.it\/2023\/05\/13\/formaper-cciaa-di-mi-mb-e-lo-formano-le-figure-della-soft-mobility-2\/\",\"name\":\"Formaper, CCIAA di Milano, Monza e Brianza e Lodi formano le nuove figure della mobilit\u00e0 sostenibile &#8226; e_mob\",\"isPartOf\":{\"@id\":\"https:\/\/emob-italia.it\/#website\"},\"primaryImageOfPage\":{\"@id\":\"https:\/\/emob-italia.it\/2023\/05\/13\/formaper-cciaa-di-mi-mb-e-lo-formano-le-figure-della-soft-mobility-2\/#primaryimage\"},\"image\":{\"@id\":\"https:\/\/emob-italia.it\/2023\/05\/13\/formaper-cciaa-di-mi-mb-e-lo-formano-le-figure-della-soft-mobility-2\/#primaryimage\"},\"thumbnailUrl\":\"https:\/\/emob-italia.it\/wp-content\/uploads\/2023\/05\/scott-graham-5fNmWej4tAA-unsplash-scaled.jpg\",\"datePublished\":\"2023-05-13T18:18:48+00:00\",\"dateModified\":\"2024-03-05T19:43:13+00:00\",\"description\":\"e_mob \u00e8 il tavolo permanente degli stakeholder della mobilit\u00e0 elettrica in Italia. Organizza ogni anno a Milano la Conferenza Nazionale del settore, nel 2021 in programma dal 16 al 19 ottobre.\",\"breadcrumb\":{\"@id\":\"https:\/\/emob-italia.it\/2023\/05\/13\/formaper-cciaa-di-mi-mb-e-lo-formano-le-figure-della-soft-mobility-2\/#breadcrumb\"},\"inLanguage\":\"en-US\",\"potentialAction\":[{\"@type\":\"ReadAction\",\"target\":[\"https:\/\/emob-italia.it\/2023\/05\/13\/formaper-cciaa-di-mi-mb-e-lo-formano-le-figure-della-soft-mobility-2\/\"]}]},{\"@type\":\"ImageObject\",\"inLanguage\":\"en-US\",\"@id\":\"https:\/\/emob-italia.it\/2023\/05\/13\/formaper-cciaa-di-mi-mb-e-lo-formano-le-figure-della-soft-mobility-2\/#primaryimage\",\"url\":\"https:\/\/emob-italia.it\/wp-content\/uploads\/2023\/05\/scott-graham-5fNmWej4tAA-unsplash-scaled.jpg\",\"contentUrl\":\"https:\/\/emob-italia.it\/wp-content\/uploads\/2023\/05\/scott-graham-5fNmWej4tAA-unsplash-scaled.jpg\",\"width\":2560,\"height\":1709,\"caption\":\"scott-graham-5fNmWej4tAA-unsplash\"},{\"@type\":\"BreadcrumbList\",\"@id\":\"https:\/\/emob-italia.it\/2023\/05\/13\/formaper-cciaa-di-mi-mb-e-lo-formano-le-figure-della-soft-mobility-2\/#breadcrumb\",\"itemListElement\":[{\"@type\":\"ListItem\",\"position\":1,\"name\":\"Home\",\"item\":\"https:\/\/emob-italia.it\/en\/\"},{\"@type\":\"ListItem\",\"position\":2,\"name\":\"Formaper, CCIAA di Milano, Monza e Brianza e Lodi formano le nuove figure della mobilit\u00e0 sostenibile\"}]},{\"@type\":\"WebSite\",\"@id\":\"https:\/\/emob-italia.it\/#website\",\"url\":\"https:\/\/emob-italia.it\/\",\"name\":\"e_mob\",\"description\":\"Mobilit\u00e0 Elettrica\",\"publisher\":{\"@id\":\"https:\/\/emob-italia.it\/#organization\"},\"potentialAction\":[{\"@type\":\"SearchAction\",\"target\":{\"@type\":\"EntryPoint\",\"urlTemplate\":\"https:\/\/emob-italia.it\/?s={search_term_string}\"},\"query-input\":\"required name=search_term_string\"}],\"inLanguage\":\"en-US\"},{\"@type\":\"Organization\",\"@id\":\"https:\/\/emob-italia.it\/#organization\",\"name\":\"Class Onlus\",\"url\":\"https:\/\/emob-italia.it\/\",\"logo\":{\"@type\":\"ImageObject\",\"inLanguage\":\"en-US\",\"@id\":\"https:\/\/emob-italia.it\/#\/schema\/logo\/image\/\",\"url\":\"https:\/\/emob-italia.it\/wp-content\/uploads\/2019\/03\/0_CLASS-ONLUS-logo-web.png\",\"contentUrl\":\"https:\/\/emob-italia.it\/wp-content\/uploads\/2019\/03\/0_CLASS-ONLUS-logo-web.png\",\"width\":598,\"height\":202,\"caption\":\"Class Onlus\"},\"image\":{\"@id\":\"https:\/\/emob-italia.it\/#\/schema\/logo\/image\/\"},\"sameAs\":[\"https:\/\/www.facebook.com\/emobitalia\/\",\"https:\/\/www.instagram.com\/e_mob_italia\/\",\"https:\/\/www.linkedin.com\/groups\/12186185\/\",\"https:\/\/www.youtube.com\/channel\/UCvnTcrhggAX_AkFwGxRfqFw\/featured?view_as=subscriber\"]},{\"@type\":\"Person\",\"@id\":\"https:\/\/emob-italia.it\/#\/schema\/person\/59871c976b1a5e842e3d0b98901e4f6d\",\"name\":\"Redazione\",\"image\":{\"@type\":\"ImageObject\",\"inLanguage\":\"en-US\",\"@id\":\"https:\/\/emob-italia.it\/#\/schema\/person\/image\/\",\"url\":\"https:\/\/secure.gravatar.com\/avatar\/5389093e19decc01f17a4f367aa6ce45?s=96&r=g\",\"contentUrl\":\"https:\/\/secure.gravatar.com\/avatar\/5389093e19decc01f17a4f367aa6ce45?s=96&r=g\",\"caption\":\"Redazione\"},\"url\":\"https:\/\/emob-italia.it\/en\/author\/redazione\/\"}]}<\/script>\n<!-- \/ Yoast SEO plugin. -->","yoast_head_json":{"title":"Formaper, CCIAA di Milano, Monza e Brianza e Lodi formano le nuove figure della mobilit\u00e0 sostenibile &#8226; e_mob","description":"e_mob \u00e8 il tavolo permanente degli stakeholder della mobilit\u00e0 elettrica in Italia. Organizza ogni anno a Milano la Conferenza Nazionale del settore, nel 2021 in programma dal 16 al 19 ottobre.","robots":{"index":"index","follow":"follow","max-snippet":"max-snippet:-1","max-image-preview":"max-image-preview:large","max-video-preview":"max-video-preview:-1"},"canonical":"https:\/\/emob-italia.it\/2023\/05\/13\/formaper-cciaa-di-mi-mb-e-lo-formano-le-figure-della-soft-mobility-2\/","og_locale":"en_US","og_type":"article","og_title":"Formaper, CCIAA di Milano, Monza e Brianza e Lodi formano le nuove figure della mobilit\u00e0 sostenibile &#8226; e_mob","og_description":"e_mob \u00e8 il tavolo permanente degli stakeholder della mobilit\u00e0 elettrica in Italia. Organizza ogni anno a Milano la Conferenza Nazionale del settore, nel 2021 in programma dal 16 al 19 ottobre.","og_url":"https:\/\/emob-italia.it\/2023\/05\/13\/formaper-cciaa-di-mi-mb-e-lo-formano-le-figure-della-soft-mobility-2\/","og_site_name":"e_mob","article_publisher":"https:\/\/www.facebook.com\/emobitalia\/","article_published_time":"2023-05-13T18:18:48+00:00","article_modified_time":"2024-03-05T19:43:13+00:00","og_image":[{"width":2560,"height":1709,"url":"https:\/\/emob-italia.it\/wp-content\/uploads\/2023\/05\/scott-graham-5fNmWej4tAA-unsplash-scaled.jpg","type":"image\/jpeg"}],"author":"Redazione","twitter_misc":{"Written by":"Redazione","Est. reading time":"2 minutes"},"schema":{"@context":"https:\/\/schema.org","@graph":[{"@type":"Article","@id":"https:\/\/emob-italia.it\/2023\/05\/13\/formaper-cciaa-di-mi-mb-e-lo-formano-le-figure-della-soft-mobility-2\/#article","isPartOf":{"@id":"https:\/\/emob-italia.it\/2023\/05\/13\/formaper-cciaa-di-mi-mb-e-lo-formano-le-figure-della-soft-mobility-2\/"},"author":{"name":"Redazione","@id":"https:\/\/emob-italia.it\/#\/schema\/person\/59871c976b1a5e842e3d0b98901e4f6d"},"headline":"Formaper, CCIAA di Milano, Monza e Brianza e Lodi formano le nuove figure della mobilit\u00e0 sostenibile","datePublished":"2023-05-13T18:18:48+00:00","dateModified":"2024-03-05T19:43:13+00:00","mainEntityOfPage":{"@id":"https:\/\/emob-italia.it\/2023\/05\/13\/formaper-cciaa-di-mi-mb-e-lo-formano-le-figure-della-soft-mobility-2\/"},"wordCount":394,"commentCount":0,"publisher":{"@id":"https:\/\/emob-italia.it\/#organization"},"image":{"@id":"https:\/\/emob-italia.it\/2023\/05\/13\/formaper-cciaa-di-mi-mb-e-lo-formano-le-figure-della-soft-mobility-2\/#primaryimage"},"thumbnailUrl":"https:\/\/emob-italia.it\/wp-content\/uploads\/2023\/05\/scott-graham-5fNmWej4tAA-unsplash-scaled.jpg","keywords":["divulgazione","mobilit\u00e0 elettrica","Mobilit\u00e0 Sostenibile"],"articleSection":["Maggio 2023","Notizie","Notizie Newsletter"],"inLanguage":"en-US","potentialAction":[{"@type":"CommentAction","name":"Comment","target":["https:\/\/emob-italia.it\/2023\/05\/13\/formaper-cciaa-di-mi-mb-e-lo-formano-le-figure-della-soft-mobility-2\/#respond"]}]},{"@type":"WebPage","@id":"https:\/\/emob-italia.it\/2023\/05\/13\/formaper-cciaa-di-mi-mb-e-lo-formano-le-figure-della-soft-mobility-2\/","url":"https:\/\/emob-italia.it\/2023\/05\/13\/formaper-cciaa-di-mi-mb-e-lo-formano-le-figure-della-soft-mobility-2\/","name":"Formaper, CCIAA di Milano, Monza e Brianza e Lodi formano le nuove figure della mobilit\u00e0 sostenibile &#8226; e_mob","isPartOf":{"@id":"https:\/\/emob-italia.it\/#website"},"primaryImageOfPage":{"@id":"https:\/\/emob-italia.it\/2023\/05\/13\/formaper-cciaa-di-mi-mb-e-lo-formano-le-figure-della-soft-mobility-2\/#primaryimage"},"image":{"@id":"https:\/\/emob-italia.it\/2023\/05\/13\/formaper-cciaa-di-mi-mb-e-lo-formano-le-figure-della-soft-mobility-2\/#primaryimage"},"thumbnailUrl":"https:\/\/emob-italia.it\/wp-content\/uploads\/2023\/05\/scott-graham-5fNmWej4tAA-unsplash-scaled.jpg","datePublished":"2023-05-13T18:18:48+00:00","dateModified":"2024-03-05T19:43:13+00:00","description":"e_mob \u00e8 il tavolo permanente degli stakeholder della mobilit\u00e0 elettrica in Italia. Organizza ogni anno a Milano la Conferenza Nazionale del settore, nel 2021 in programma dal 16 al 19 ottobre.","breadcrumb":{"@id":"https:\/\/emob-italia.it\/2023\/05\/13\/formaper-cciaa-di-mi-mb-e-lo-formano-le-figure-della-soft-mobility-2\/#breadcrumb"},"inLanguage":"en-US","potentialAction":[{"@type":"ReadAction","target":["https:\/\/emob-italia.it\/2023\/05\/13\/formaper-cciaa-di-mi-mb-e-lo-formano-le-figure-della-soft-mobility-2\/"]}]},{"@type":"ImageObject","inLanguage":"en-US","@id":"https:\/\/emob-italia.it\/2023\/05\/13\/formaper-cciaa-di-mi-mb-e-lo-formano-le-figure-della-soft-mobility-2\/#primaryimage","url":"https:\/\/emob-italia.it\/wp-content\/uploads\/2023\/05\/scott-graham-5fNmWej4tAA-unsplash-scaled.jpg","contentUrl":"https:\/\/emob-italia.it\/wp-content\/uploads\/2023\/05\/scott-graham-5fNmWej4tAA-unsplash-scaled.jpg","width":2560,"height":1709,"caption":"scott-graham-5fNmWej4tAA-unsplash"},{"@type":"BreadcrumbList","@id":"https:\/\/emob-italia.it\/2023\/05\/13\/formaper-cciaa-di-mi-mb-e-lo-formano-le-figure-della-soft-mobility-2\/#breadcrumb","itemListElement":[{"@type":"ListItem","position":1,"name":"Home","item":"https:\/\/emob-italia.it\/en\/"},{"@type":"ListItem","position":2,"name":"Formaper, CCIAA di Milano, Monza e Brianza e Lodi formano le nuove figure della mobilit\u00e0 sostenibile"}]},{"@type":"WebSite","@id":"https:\/\/emob-italia.it\/#website","url":"https:\/\/emob-italia.it\/","name":"e_mob","description":"Mobilit\u00e0 Elettrica","publisher":{"@id":"https:\/\/emob-italia.it\/#organization"},"potentialAction":[{"@type":"SearchAction","target":{"@type":"EntryPoint","urlTemplate":"https:\/\/emob-italia.it\/?s={search_term_string}"},"query-input":"required name=search_term_string"}],"inLanguage":"en-US"},{"@type":"Organization","@id":"https:\/\/emob-italia.it\/#organization","name":"Class Onlus","url":"https:\/\/emob-italia.it\/","logo":{"@type":"ImageObject","inLanguage":"en-US","@id":"https:\/\/emob-italia.it\/#\/schema\/logo\/image\/","url":"https:\/\/emob-italia.it\/wp-content\/uploads\/2019\/03\/0_CLASS-ONLUS-logo-web.png","contentUrl":"https:\/\/emob-italia.it\/wp-content\/uploads\/2019\/03\/0_CLASS-ONLUS-logo-web.png","width":598,"height":202,"caption":"Class Onlus"},"image":{"@id":"https:\/\/emob-italia.it\/#\/schema\/logo\/image\/"},"sameAs":["https:\/\/www.facebook.com\/emobitalia\/","https:\/\/www.instagram.com\/e_mob_italia\/","https:\/\/www.linkedin.com\/groups\/12186185\/","https:\/\/www.youtube.com\/channel\/UCvnTcrhggAX_AkFwGxRfqFw\/featured?view_as=subscriber"]},{"@type":"Person","@id":"https:\/\/emob-italia.it\/#\/schema\/person\/59871c976b1a5e842e3d0b98901e4f6d","name":"Redazione","image":{"@type":"ImageObject","inLanguage":"en-US","@id":"https:\/\/emob-italia.it\/#\/schema\/person\/image\/","url":"https:\/\/secure.gravatar.com\/avatar\/5389093e19decc01f17a4f367aa6ce45?s=96&r=g","contentUrl":"https:\/\/secure.gravatar.com\/avatar\/5389093e19decc01f17a4f367aa6ce45?s=96&r=g","caption":"Redazione"},"url":"https:\/\/emob-italia.it\/en\/author\/redazione\/"}]}},"_links":{"self":[{"href":"https:\/\/emob-italia.it\/en\/wp-json\/wp\/v2\/posts\/63919"}],"collection":[{"href":"https:\/\/emob-italia.it\/en\/wp-json\/wp\/v2\/posts"}],"about":[{"href":"https:\/\/emob-italia.it\/en\/wp-json\/wp\/v2\/types\/post"}],"author":[{"embeddable":true,"href":"https:\/\/emob-italia.it\/en\/wp-json\/wp\/v2\/users\/19"}],"replies":[{"embeddable":true,"href":"https:\/\/emob-italia.it\/en\/wp-json\/wp\/v2\/comments?post=63919"}],"version-history":[{"count":1,"href":"https:\/\/emob-italia.it\/en\/wp-json\/wp\/v2\/posts\/63919\/revisions"}],"predecessor-version":[{"id":64075,"href":"https:\/\/emob-italia.it\/en\/wp-json\/wp\/v2\/posts\/63919\/revisions\/64075"}],"wp:featuredmedia":[{"embeddable":true,"href":"https:\/\/emob-italia.it\/en\/wp-json\/wp\/v2\/media\/61703"}],"wp:attachment":[{"href":"https:\/\/emob-italia.it\/en\/wp-json\/wp\/v2\/media?parent=63919"}],"wp:term":[{"taxonomy":"category","embeddable":true,"href":"https:\/\/emob-italia.it\/en\/wp-json\/wp\/v2\/categories?post=63919"},{"taxonomy":"post_tag","embeddable":true,"href":"https:\/\/emob-italia.it\/en\/wp-json\/wp\/v2\/tags?post=63919"}],"curies":[{"name":"wp","href":"https:\/\/api.w.org\/{rel}","templated":true}]}}