{"id":63914,"date":"2023-05-26T20:14:56","date_gmt":"2023-05-26T18:14:56","guid":{"rendered":"https:\/\/emob-italia.it\/?p=63914"},"modified":"2024-03-05T20:40:27","modified_gmt":"2024-03-05T19:40:27","slug":"enel-x-e-la-sfida-per-elettrificare-la-mobilita-urbana","status":"publish","type":"post","link":"https:\/\/emob-italia.it\/en\/2023\/05\/26\/enel-x-e-la-sfida-per-elettrificare-la-mobilita-urbana\/","title":{"rendered":"Enel X e la sfida per elettrificare la mobilit\u00e0 urbana"},"content":{"rendered":"\n<p>L\u2019elettrificazione del trasporto pubblico urbano\u00a0rappresenta un tassello fondamentale per rendere le citt\u00e0 pi\u00f9 pulite, sostenibili e intelligenti. <\/p>\n\n\n\n<p>La diffusione di autobus ed altri automezzi elettrici permette, infatti, di migliorare la qualit\u00e0 dell\u2019aria, tagliare le emissioni climalteranti, ridurre l\u2019inquinamento acustico e abbassare i costi, abbracciando a pieno la transizione energetica. <\/p>\n\n\n\n<p><strong><em>Ridisegnare la mobilit\u00e0 urbana<\/em><\/strong><\/p>\n\n\n\n<p>Oggi, soprattutto nelle metropoli e nelle citt\u00e0 europee, \u00e8 necessario un nuovo modo di concepire e progettare il trasporto pubblico: pi\u00f9 integrato, pulito, flessibile, intelligente ed efficiente. Questa \u00e8 la visione che caratterizza il lavoro di&nbsp;Enel X, principale player a livello mondiale in termini di soluzioni di elettrificazione del TPL su gomma.&nbsp;<\/p>\n\n\n\n<p>Enel X intende offrire un progetto chiavi in mano e su misura coprendo tutti gli aspetti chiave della catena del valore. Dalla fornitura di e-bus, navette stagionali e scuolabus elettrici, all\u2019intera infrastrutturazione (colonnine, cabine, cavidotti)\u200b\u200b, mettendo a disposizione anche i servizi manutentivi e di gestione, di efficientamento energetico dei depositi e persino di generazione energetica distribuita tramite impianti fotovoltaici integrati. Quello che contraddistingue la societ\u00e0 \u00e8 un\u00a0approccio olistico orientato alla massima efficienza e accompagnato con soluzioni finanziarie ad hoc. Enel X, infatti, si offre di coprire il 100% dei costi, ma anche di co-finanziare, insieme ai clienti, il progetto.<\/p>\n\n\n\n<p><strong><em>Trasporto pubblico elettrico<\/em><\/strong><\/p>\n\n\n\n<p>Per rendere il tutto ancora pi\u00f9 intelligente e su misura, la societ\u00e0 ha aperto le porte a logiche proprie dell\u2019era digitale, quelle che generalmente vengono etichettate come \u201cAs-a-Service\u201d\u00a0(AAS). Stiamo parlando di nuovi approcci economici che stanno contagiando anche la mobilit\u00e0 ed in cui il focus non \u00e8 pi\u00f9 il prodotto ma il servizio completo, in un\u2019ottica modulare, a consumo.<\/p>\n\n\n\n<p>Enel X ha tradotto questo approccio in due modelli di business ideati per pubbliche amministrazioni e aziende di TPL: l\u2019e-Bus-as-a-Service\u00a0e il\u00a0Charging-as-a-Service. Il primo segue tutti gli step di un completo processo di elettrificazione del trasporto pubblico, fornendo consulenza strategica, progettazione, mezzi ed infrastrutture (compresi i lavori di installazione), ma anche l\u2019energia necessaria agli e-bus. L\u2019e-Bus-as-a-Service\u00a0pu\u00f2 essere integrato con servizi orientati alla smart city o interventi di efficientamento energetico e solarizzazione dei depositi. Discorso non troppo dissimile per Charging-as-a-service. La differenza sostanziale \u00e8 che in questo modello non sono forniti i mezzi. Il focus \u00e8 sull\u2019infrastruttura di ricarica, adattandosi dunque meglio a PA o aziende gi\u00e0 in possesso di e-Bus.<\/p>\n\n\n\n<p>Foto credits by Niels Baars on un splash.com<\/p>\n","protected":false},"excerpt":{"rendered":"<p>Ecco la sfida di Enel X per elettrificare il trasporto pubblico urbano, un\u00a0tassello fondamentale per citt\u00e0 pi\u00f9 pulite, sostenibili e smart. <\/p>\n","protected":false},"author":19,"featured_media":61744,"comment_status":"open","ping_status":"open","sticky":false,"template":"","format":"standard","meta":{"_et_pb_use_builder":"","_et_pb_old_content":"","_et_gb_content_width":"","_exactmetrics_skip_tracking":false,"_exactmetrics_sitenote_active":false,"_exactmetrics_sitenote_note":"","_exactmetrics_sitenote_category":0,"footnotes":""},"categories":[698,26,114],"tags":[],"yoast_head":"<!-- This site is optimized with the Yoast SEO plugin v22.9 - https:\/\/yoast.com\/wordpress\/plugins\/seo\/ -->\n<title>Enel X e la sfida per elettrificare la mobilit\u00e0 urbana &#8226; e_mob<\/title>\n<meta name=\"description\" content=\"e_mob \u00e8 il tavolo permanente degli stakeholder della mobilit\u00e0 elettrica in Italia. Organizza ogni anno a Milano la Conferenza Nazionale del settore, nel 2021 in programma dal 16 al 19 ottobre.\" \/>\n<meta name=\"robots\" content=\"index, follow, max-snippet:-1, max-image-preview:large, max-video-preview:-1\" \/>\n<link rel=\"canonical\" href=\"https:\/\/emob-italia.it\/2023\/05\/26\/enel-x-e-la-sfida-per-elettrificare-la-mobilita-urbana\/\" \/>\n<meta property=\"og:locale\" content=\"en_US\" \/>\n<meta property=\"og:type\" content=\"article\" \/>\n<meta property=\"og:title\" content=\"Enel X e la sfida per elettrificare la mobilit\u00e0 urbana &#8226; e_mob\" \/>\n<meta property=\"og:description\" content=\"e_mob \u00e8 il tavolo permanente degli stakeholder della mobilit\u00e0 elettrica in Italia. Organizza ogni anno a Milano la Conferenza Nazionale del settore, nel 2021 in programma dal 16 al 19 ottobre.\" \/>\n<meta property=\"og:url\" content=\"https:\/\/emob-italia.it\/2023\/05\/26\/enel-x-e-la-sfida-per-elettrificare-la-mobilita-urbana\/\" \/>\n<meta property=\"og:site_name\" content=\"e_mob\" \/>\n<meta property=\"article:publisher\" content=\"https:\/\/www.facebook.com\/emobitalia\/\" \/>\n<meta property=\"article:published_time\" content=\"2023-05-26T18:14:56+00:00\" \/>\n<meta property=\"article:modified_time\" content=\"2024-03-05T19:40:27+00:00\" \/>\n<meta property=\"og:image\" content=\"https:\/\/emob-italia.it\/wp-content\/uploads\/2023\/05\/niels-baars-FymfCMpqSHs-unsplash-scaled.jpg\" \/>\n\t<meta property=\"og:image:width\" content=\"1920\" \/>\n\t<meta property=\"og:image:height\" content=\"2560\" \/>\n\t<meta property=\"og:image:type\" content=\"image\/jpeg\" \/>\n<meta name=\"author\" content=\"Redazione\" \/>\n<meta name=\"twitter:label1\" content=\"Written by\" \/>\n\t<meta name=\"twitter:data1\" content=\"Redazione\" \/>\n\t<meta name=\"twitter:label2\" content=\"Est. reading time\" \/>\n\t<meta name=\"twitter:data2\" content=\"2 minutes\" \/>\n<script type=\"application\/ld+json\" class=\"yoast-schema-graph\">{\"@context\":\"https:\/\/schema.org\",\"@graph\":[{\"@type\":\"Article\",\"@id\":\"https:\/\/emob-italia.it\/2023\/05\/26\/enel-x-e-la-sfida-per-elettrificare-la-mobilita-urbana\/#article\",\"isPartOf\":{\"@id\":\"https:\/\/emob-italia.it\/2023\/05\/26\/enel-x-e-la-sfida-per-elettrificare-la-mobilita-urbana\/\"},\"author\":{\"name\":\"Redazione\",\"@id\":\"https:\/\/emob-italia.it\/#\/schema\/person\/59871c976b1a5e842e3d0b98901e4f6d\"},\"headline\":\"Enel X e la sfida per elettrificare la mobilit\u00e0 urbana\",\"datePublished\":\"2023-05-26T18:14:56+00:00\",\"dateModified\":\"2024-03-05T19:40:27+00:00\",\"mainEntityOfPage\":{\"@id\":\"https:\/\/emob-italia.it\/2023\/05\/26\/enel-x-e-la-sfida-per-elettrificare-la-mobilita-urbana\/\"},\"wordCount\":406,\"commentCount\":0,\"publisher\":{\"@id\":\"https:\/\/emob-italia.it\/#organization\"},\"image\":{\"@id\":\"https:\/\/emob-italia.it\/2023\/05\/26\/enel-x-e-la-sfida-per-elettrificare-la-mobilita-urbana\/#primaryimage\"},\"thumbnailUrl\":\"https:\/\/emob-italia.it\/wp-content\/uploads\/2023\/05\/niels-baars-FymfCMpqSHs-unsplash-scaled.jpg\",\"articleSection\":[\"Maggio 2023\",\"Notizie\",\"Notizie Newsletter\"],\"inLanguage\":\"en-US\",\"potentialAction\":[{\"@type\":\"CommentAction\",\"name\":\"Comment\",\"target\":[\"https:\/\/emob-italia.it\/2023\/05\/26\/enel-x-e-la-sfida-per-elettrificare-la-mobilita-urbana\/#respond\"]}]},{\"@type\":\"WebPage\",\"@id\":\"https:\/\/emob-italia.it\/2023\/05\/26\/enel-x-e-la-sfida-per-elettrificare-la-mobilita-urbana\/\",\"url\":\"https:\/\/emob-italia.it\/2023\/05\/26\/enel-x-e-la-sfida-per-elettrificare-la-mobilita-urbana\/\",\"name\":\"Enel X e la sfida per elettrificare la mobilit\u00e0 urbana &#8226; e_mob\",\"isPartOf\":{\"@id\":\"https:\/\/emob-italia.it\/#website\"},\"primaryImageOfPage\":{\"@id\":\"https:\/\/emob-italia.it\/2023\/05\/26\/enel-x-e-la-sfida-per-elettrificare-la-mobilita-urbana\/#primaryimage\"},\"image\":{\"@id\":\"https:\/\/emob-italia.it\/2023\/05\/26\/enel-x-e-la-sfida-per-elettrificare-la-mobilita-urbana\/#primaryimage\"},\"thumbnailUrl\":\"https:\/\/emob-italia.it\/wp-content\/uploads\/2023\/05\/niels-baars-FymfCMpqSHs-unsplash-scaled.jpg\",\"datePublished\":\"2023-05-26T18:14:56+00:00\",\"dateModified\":\"2024-03-05T19:40:27+00:00\",\"description\":\"e_mob \u00e8 il tavolo permanente degli stakeholder della mobilit\u00e0 elettrica in Italia. Organizza ogni anno a Milano la Conferenza Nazionale del settore, nel 2021 in programma dal 16 al 19 ottobre.\",\"breadcrumb\":{\"@id\":\"https:\/\/emob-italia.it\/2023\/05\/26\/enel-x-e-la-sfida-per-elettrificare-la-mobilita-urbana\/#breadcrumb\"},\"inLanguage\":\"en-US\",\"potentialAction\":[{\"@type\":\"ReadAction\",\"target\":[\"https:\/\/emob-italia.it\/2023\/05\/26\/enel-x-e-la-sfida-per-elettrificare-la-mobilita-urbana\/\"]}]},{\"@type\":\"ImageObject\",\"inLanguage\":\"en-US\",\"@id\":\"https:\/\/emob-italia.it\/2023\/05\/26\/enel-x-e-la-sfida-per-elettrificare-la-mobilita-urbana\/#primaryimage\",\"url\":\"https:\/\/emob-italia.it\/wp-content\/uploads\/2023\/05\/niels-baars-FymfCMpqSHs-unsplash-scaled.jpg\",\"contentUrl\":\"https:\/\/emob-italia.it\/wp-content\/uploads\/2023\/05\/niels-baars-FymfCMpqSHs-unsplash-scaled.jpg\",\"width\":1920,\"height\":2560,\"caption\":\"enel x\"},{\"@type\":\"BreadcrumbList\",\"@id\":\"https:\/\/emob-italia.it\/2023\/05\/26\/enel-x-e-la-sfida-per-elettrificare-la-mobilita-urbana\/#breadcrumb\",\"itemListElement\":[{\"@type\":\"ListItem\",\"position\":1,\"name\":\"Home\",\"item\":\"https:\/\/emob-italia.it\/en\/\"},{\"@type\":\"ListItem\",\"position\":2,\"name\":\"Enel X e la sfida per elettrificare la mobilit\u00e0 urbana\"}]},{\"@type\":\"WebSite\",\"@id\":\"https:\/\/emob-italia.it\/#website\",\"url\":\"https:\/\/emob-italia.it\/\",\"name\":\"e_mob\",\"description\":\"Mobilit\u00e0 Elettrica\",\"publisher\":{\"@id\":\"https:\/\/emob-italia.it\/#organization\"},\"potentialAction\":[{\"@type\":\"SearchAction\",\"target\":{\"@type\":\"EntryPoint\",\"urlTemplate\":\"https:\/\/emob-italia.it\/?s={search_term_string}\"},\"query-input\":\"required name=search_term_string\"}],\"inLanguage\":\"en-US\"},{\"@type\":\"Organization\",\"@id\":\"https:\/\/emob-italia.it\/#organization\",\"name\":\"Class Onlus\",\"url\":\"https:\/\/emob-italia.it\/\",\"logo\":{\"@type\":\"ImageObject\",\"inLanguage\":\"en-US\",\"@id\":\"https:\/\/emob-italia.it\/#\/schema\/logo\/image\/\",\"url\":\"https:\/\/emob-italia.it\/wp-content\/uploads\/2019\/03\/0_CLASS-ONLUS-logo-web.png\",\"contentUrl\":\"https:\/\/emob-italia.it\/wp-content\/uploads\/2019\/03\/0_CLASS-ONLUS-logo-web.png\",\"width\":598,\"height\":202,\"caption\":\"Class Onlus\"},\"image\":{\"@id\":\"https:\/\/emob-italia.it\/#\/schema\/logo\/image\/\"},\"sameAs\":[\"https:\/\/www.facebook.com\/emobitalia\/\",\"https:\/\/www.instagram.com\/e_mob_italia\/\",\"https:\/\/www.linkedin.com\/groups\/12186185\/\",\"https:\/\/www.youtube.com\/channel\/UCvnTcrhggAX_AkFwGxRfqFw\/featured?view_as=subscriber\"]},{\"@type\":\"Person\",\"@id\":\"https:\/\/emob-italia.it\/#\/schema\/person\/59871c976b1a5e842e3d0b98901e4f6d\",\"name\":\"Redazione\",\"image\":{\"@type\":\"ImageObject\",\"inLanguage\":\"en-US\",\"@id\":\"https:\/\/emob-italia.it\/#\/schema\/person\/image\/\",\"url\":\"https:\/\/secure.gravatar.com\/avatar\/5389093e19decc01f17a4f367aa6ce45?s=96&r=g\",\"contentUrl\":\"https:\/\/secure.gravatar.com\/avatar\/5389093e19decc01f17a4f367aa6ce45?s=96&r=g\",\"caption\":\"Redazione\"},\"url\":\"https:\/\/emob-italia.it\/en\/author\/redazione\/\"}]}<\/script>\n<!-- \/ Yoast SEO plugin. -->","yoast_head_json":{"title":"Enel X e la sfida per elettrificare la mobilit\u00e0 urbana &#8226; e_mob","description":"e_mob \u00e8 il tavolo permanente degli stakeholder della mobilit\u00e0 elettrica in Italia. Organizza ogni anno a Milano la Conferenza Nazionale del settore, nel 2021 in programma dal 16 al 19 ottobre.","robots":{"index":"index","follow":"follow","max-snippet":"max-snippet:-1","max-image-preview":"max-image-preview:large","max-video-preview":"max-video-preview:-1"},"canonical":"https:\/\/emob-italia.it\/2023\/05\/26\/enel-x-e-la-sfida-per-elettrificare-la-mobilita-urbana\/","og_locale":"en_US","og_type":"article","og_title":"Enel X e la sfida per elettrificare la mobilit\u00e0 urbana &#8226; e_mob","og_description":"e_mob \u00e8 il tavolo permanente degli stakeholder della mobilit\u00e0 elettrica in Italia. Organizza ogni anno a Milano la Conferenza Nazionale del settore, nel 2021 in programma dal 16 al 19 ottobre.","og_url":"https:\/\/emob-italia.it\/2023\/05\/26\/enel-x-e-la-sfida-per-elettrificare-la-mobilita-urbana\/","og_site_name":"e_mob","article_publisher":"https:\/\/www.facebook.com\/emobitalia\/","article_published_time":"2023-05-26T18:14:56+00:00","article_modified_time":"2024-03-05T19:40:27+00:00","og_image":[{"width":1920,"height":2560,"url":"https:\/\/emob-italia.it\/wp-content\/uploads\/2023\/05\/niels-baars-FymfCMpqSHs-unsplash-scaled.jpg","type":"image\/jpeg"}],"author":"Redazione","twitter_misc":{"Written by":"Redazione","Est. reading time":"2 minutes"},"schema":{"@context":"https:\/\/schema.org","@graph":[{"@type":"Article","@id":"https:\/\/emob-italia.it\/2023\/05\/26\/enel-x-e-la-sfida-per-elettrificare-la-mobilita-urbana\/#article","isPartOf":{"@id":"https:\/\/emob-italia.it\/2023\/05\/26\/enel-x-e-la-sfida-per-elettrificare-la-mobilita-urbana\/"},"author":{"name":"Redazione","@id":"https:\/\/emob-italia.it\/#\/schema\/person\/59871c976b1a5e842e3d0b98901e4f6d"},"headline":"Enel X e la sfida per elettrificare la mobilit\u00e0 urbana","datePublished":"2023-05-26T18:14:56+00:00","dateModified":"2024-03-05T19:40:27+00:00","mainEntityOfPage":{"@id":"https:\/\/emob-italia.it\/2023\/05\/26\/enel-x-e-la-sfida-per-elettrificare-la-mobilita-urbana\/"},"wordCount":406,"commentCount":0,"publisher":{"@id":"https:\/\/emob-italia.it\/#organization"},"image":{"@id":"https:\/\/emob-italia.it\/2023\/05\/26\/enel-x-e-la-sfida-per-elettrificare-la-mobilita-urbana\/#primaryimage"},"thumbnailUrl":"https:\/\/emob-italia.it\/wp-content\/uploads\/2023\/05\/niels-baars-FymfCMpqSHs-unsplash-scaled.jpg","articleSection":["Maggio 2023","Notizie","Notizie Newsletter"],"inLanguage":"en-US","potentialAction":[{"@type":"CommentAction","name":"Comment","target":["https:\/\/emob-italia.it\/2023\/05\/26\/enel-x-e-la-sfida-per-elettrificare-la-mobilita-urbana\/#respond"]}]},{"@type":"WebPage","@id":"https:\/\/emob-italia.it\/2023\/05\/26\/enel-x-e-la-sfida-per-elettrificare-la-mobilita-urbana\/","url":"https:\/\/emob-italia.it\/2023\/05\/26\/enel-x-e-la-sfida-per-elettrificare-la-mobilita-urbana\/","name":"Enel X e la sfida per elettrificare la mobilit\u00e0 urbana &#8226; e_mob","isPartOf":{"@id":"https:\/\/emob-italia.it\/#website"},"primaryImageOfPage":{"@id":"https:\/\/emob-italia.it\/2023\/05\/26\/enel-x-e-la-sfida-per-elettrificare-la-mobilita-urbana\/#primaryimage"},"image":{"@id":"https:\/\/emob-italia.it\/2023\/05\/26\/enel-x-e-la-sfida-per-elettrificare-la-mobilita-urbana\/#primaryimage"},"thumbnailUrl":"https:\/\/emob-italia.it\/wp-content\/uploads\/2023\/05\/niels-baars-FymfCMpqSHs-unsplash-scaled.jpg","datePublished":"2023-05-26T18:14:56+00:00","dateModified":"2024-03-05T19:40:27+00:00","description":"e_mob \u00e8 il tavolo permanente degli stakeholder della mobilit\u00e0 elettrica in Italia. Organizza ogni anno a Milano la Conferenza Nazionale del settore, nel 2021 in programma dal 16 al 19 ottobre.","breadcrumb":{"@id":"https:\/\/emob-italia.it\/2023\/05\/26\/enel-x-e-la-sfida-per-elettrificare-la-mobilita-urbana\/#breadcrumb"},"inLanguage":"en-US","potentialAction":[{"@type":"ReadAction","target":["https:\/\/emob-italia.it\/2023\/05\/26\/enel-x-e-la-sfida-per-elettrificare-la-mobilita-urbana\/"]}]},{"@type":"ImageObject","inLanguage":"en-US","@id":"https:\/\/emob-italia.it\/2023\/05\/26\/enel-x-e-la-sfida-per-elettrificare-la-mobilita-urbana\/#primaryimage","url":"https:\/\/emob-italia.it\/wp-content\/uploads\/2023\/05\/niels-baars-FymfCMpqSHs-unsplash-scaled.jpg","contentUrl":"https:\/\/emob-italia.it\/wp-content\/uploads\/2023\/05\/niels-baars-FymfCMpqSHs-unsplash-scaled.jpg","width":1920,"height":2560,"caption":"enel x"},{"@type":"BreadcrumbList","@id":"https:\/\/emob-italia.it\/2023\/05\/26\/enel-x-e-la-sfida-per-elettrificare-la-mobilita-urbana\/#breadcrumb","itemListElement":[{"@type":"ListItem","position":1,"name":"Home","item":"https:\/\/emob-italia.it\/en\/"},{"@type":"ListItem","position":2,"name":"Enel X e la sfida per elettrificare la mobilit\u00e0 urbana"}]},{"@type":"WebSite","@id":"https:\/\/emob-italia.it\/#website","url":"https:\/\/emob-italia.it\/","name":"e_mob","description":"Mobilit\u00e0 Elettrica","publisher":{"@id":"https:\/\/emob-italia.it\/#organization"},"potentialAction":[{"@type":"SearchAction","target":{"@type":"EntryPoint","urlTemplate":"https:\/\/emob-italia.it\/?s={search_term_string}"},"query-input":"required name=search_term_string"}],"inLanguage":"en-US"},{"@type":"Organization","@id":"https:\/\/emob-italia.it\/#organization","name":"Class Onlus","url":"https:\/\/emob-italia.it\/","logo":{"@type":"ImageObject","inLanguage":"en-US","@id":"https:\/\/emob-italia.it\/#\/schema\/logo\/image\/","url":"https:\/\/emob-italia.it\/wp-content\/uploads\/2019\/03\/0_CLASS-ONLUS-logo-web.png","contentUrl":"https:\/\/emob-italia.it\/wp-content\/uploads\/2019\/03\/0_CLASS-ONLUS-logo-web.png","width":598,"height":202,"caption":"Class Onlus"},"image":{"@id":"https:\/\/emob-italia.it\/#\/schema\/logo\/image\/"},"sameAs":["https:\/\/www.facebook.com\/emobitalia\/","https:\/\/www.instagram.com\/e_mob_italia\/","https:\/\/www.linkedin.com\/groups\/12186185\/","https:\/\/www.youtube.com\/channel\/UCvnTcrhggAX_AkFwGxRfqFw\/featured?view_as=subscriber"]},{"@type":"Person","@id":"https:\/\/emob-italia.it\/#\/schema\/person\/59871c976b1a5e842e3d0b98901e4f6d","name":"Redazione","image":{"@type":"ImageObject","inLanguage":"en-US","@id":"https:\/\/emob-italia.it\/#\/schema\/person\/image\/","url":"https:\/\/secure.gravatar.com\/avatar\/5389093e19decc01f17a4f367aa6ce45?s=96&r=g","contentUrl":"https:\/\/secure.gravatar.com\/avatar\/5389093e19decc01f17a4f367aa6ce45?s=96&r=g","caption":"Redazione"},"url":"https:\/\/emob-italia.it\/en\/author\/redazione\/"}]}},"_links":{"self":[{"href":"https:\/\/emob-italia.it\/en\/wp-json\/wp\/v2\/posts\/63914"}],"collection":[{"href":"https:\/\/emob-italia.it\/en\/wp-json\/wp\/v2\/posts"}],"about":[{"href":"https:\/\/emob-italia.it\/en\/wp-json\/wp\/v2\/types\/post"}],"author":[{"embeddable":true,"href":"https:\/\/emob-italia.it\/en\/wp-json\/wp\/v2\/users\/19"}],"replies":[{"embeddable":true,"href":"https:\/\/emob-italia.it\/en\/wp-json\/wp\/v2\/comments?post=63914"}],"version-history":[{"count":1,"href":"https:\/\/emob-italia.it\/en\/wp-json\/wp\/v2\/posts\/63914\/revisions"}],"predecessor-version":[{"id":64069,"href":"https:\/\/emob-italia.it\/en\/wp-json\/wp\/v2\/posts\/63914\/revisions\/64069"}],"wp:featuredmedia":[{"embeddable":true,"href":"https:\/\/emob-italia.it\/en\/wp-json\/wp\/v2\/media\/61744"}],"wp:attachment":[{"href":"https:\/\/emob-italia.it\/en\/wp-json\/wp\/v2\/media?parent=63914"}],"wp:term":[{"taxonomy":"category","embeddable":true,"href":"https:\/\/emob-italia.it\/en\/wp-json\/wp\/v2\/categories?post=63914"},{"taxonomy":"post_tag","embeddable":true,"href":"https:\/\/emob-italia.it\/en\/wp-json\/wp\/v2\/tags?post=63914"}],"curies":[{"name":"wp","href":"https:\/\/api.w.org\/{rel}","templated":true}]}}