{"id":63912,"date":"2023-06-24T20:14:02","date_gmt":"2023-06-24T18:14:02","guid":{"rendered":"https:\/\/emob-italia.it\/?p=63912"},"modified":"2024-03-05T20:39:35","modified_gmt":"2024-03-05T19:39:35","slug":"la-nanocar-elettrica-di-exelentia-debutta-sul-mercato-italiano","status":"publish","type":"post","link":"https:\/\/emob-italia.it\/en\/2023\/06\/24\/la-nanocar-elettrica-di-exelentia-debutta-sul-mercato-italiano\/","title":{"rendered":"La nanocar elettrica di Exelentia debutta sul mercato italiano"},"content":{"rendered":"\n<p>Sono sempre pi\u00f9 diffuse, in Italia e in Europa, le minicar, ideali nel traffico congestionato delle grandi citt\u00e0. Ridurre l\u2019ingombro e l\u2019inquinamento delle autovetture: \u00e8 in questa direzione che si sta sviluppando la mobilit\u00e0 urbana. Exelentia sbarca sul mercato italiano con la\u00a0Silence S04, una nanocar dal design avveniristico, dotazioni premium e soluzioni innovative come la batteria rimovibile.\u00a0Exelentia, la mobility factory italiana, importatrice esclusiva del brand Silence per l\u2019Italia, l\u2019ha presentata come prototipo ad Eicma 2021, dove ha riscosso un grande interesse di pubblico, confermato dalle tante richieste di persone interessate all\u2019acquisto. Finalmente pronta per la commercializzazione, la versione definitiva della miniauto elettrica.<\/p>\n\n\n\n<p>Il 19\u00b0 Rapporto sulla mobilit\u00e0 degli italiani,&nbsp;redatto dall\u2019Isfort,&nbsp;ha registrato quasi&nbsp;100 milioni di spostamenti giornalieri&nbsp;nel primo semestre del 2022, quelli pi\u00f9 brevi (fino a 2 km) pesano per quasi il 30% del totale e quelli di scala urbana (tra 2 e 10 km) quasi per il 50%. Di fatto, il 77,6% delle percorrenze si esaurisce nel perimetro dei 10 km. Le auto, inoltre, sono sempre pi\u00f9 ingombranti e grandi, come i SUV, si calcola il 20% in pi\u00f9 in vent\u2019anni.<\/p>\n\n\n\n<p>Il costruttore spagnolo Silence, ha voluto realizzare un&nbsp;NEV&nbsp;(veicolo elettrico di prossimit\u00e0), grazie all\u2019esperienza maturata con gli scooter a zero emissioni. Omologata come quadriciclo non leggero L7e \u00e8 compatta nelle dimensioni, 2.282 mm in lunghezza per 1.268 larghezza, e perfetta per muoversi in citt\u00e0, anche nelle ZTL grazie alla motorizzazione a zero emissioni. Le ampie luci diurne a LED migliorano la visibilit\u00e0 in ogni condizione, i retrovisori a regolazione elettrica offrono un valido supporto in fase parcheggio che, ovviamente, si effettua in pochissimo spazio.<\/p>\n\n\n\n<p>L\u2019abitacolo \u00e8 comodo e spazioso, a dispetto delle modeste dimensioni dell\u2019auto, con ben 247 litri di capienza del bagagliaio. L\u2019ampia superficie&nbsp;vetrata garantisce, inoltre, una visibilit\u00e0 ottimale sia in marcia, sia in manovra e conferisce ai passeggeri una confortevole luminosit\u00e0. Il&nbsp;condizionatore d\u2019aria garantisce la giusta temperatura anche in estate e permette di disappannare i vetri&nbsp;durante le giornate umide.&nbsp;Sulla plancia di fronte al conducente \u00e8 collocato lo schermo con tutte le informazioni utili alla marcia incluse quelle relative alla carica della batteria, all\u2019autonomia residua e alla climatizzazione. La&nbsp;connettivit\u00e0&nbsp;Bluetooth permette di collegare il proprio smartphone all\u2019impianto audio della vettura per ascoltare musica o podcast e per telefonare. Sulla parte sinistra del volante multifunzione trovano posto&nbsp;i pulsanti dedicati alla gestione delle informazioni di guida, a destra quelli dedicati all\u2019impianto multimediale.<\/p>\n\n\n\n<p>Il robusto telaio tubolare in acciaio e la carrozzeria, il materiale plastico (ABS e polipropilene), garantiscono rispettivamente rigidit\u00e0 torsionale e leggerezza, garanzia di sicurezza e precisione di guida. L\u2019impianto frenante conta su\u00a0freni a disco\u00a0all\u2019avantreno e al retrotreno.<\/p>\n\n\n\n<p>La trazione sull\u2019asse posteriore \u00e8 assicurata da due motori elettrici&nbsp;<em>brushless<\/em>&nbsp;a magneti permanenti posizionati nelle ruote posteriori per ridurre gli ingombri in grado di erogare una potenza di 14 kW &#8211; con un picco di 23,6 kW &#8211; e una coppia massima continua di 200 Nm. Tre le modalit\u00e0 di guida selezionabili dal conducente: Eco, City e Sport, tutte dotate della&nbsp;frenata rigenerativa&nbsp;che consente di ricaricare le batterie, particolarmente&nbsp;efficace&nbsp;in citt\u00e0. La S04 raggiunge gli 85 km\/h.<\/p>\n\n\n\n<p>La Silence S04&nbsp;\u00e8 equipaggiata con due accumulatori agli ioni di litio da 11,2 kWh nominali, che garantiscono un\u2019autonomia di 149 km secondo il ciclo WMTC con un consumo di energia pari a 119 Wh\/km. Le batterie, con&nbsp;struttura a trolley&nbsp;in alluminio dotata di manico estensibile e rotelle, possono essere estratte e portate comodamente a casa o in ufficio per essere ricaricate attraverso normali prese domestiche. Se completamente scarica, per rifornire ogni batteria del 100% di energia occorrono circa 7 ore circa ciascuna. In alternativa \u00e8 sufficiente collegare il cavo di ricarica della vettura, con presa Schuko.<\/p>\n\n\n\n<p>La nanocar \u00e8 gi\u00e0 ordinabile ad un prezzo di listino di 16.650,00 euro con carrozzeria in tonalit\u00e0 White Metallic. Come quadriciclo elettrico beneficia dell\u2019Ecobonus statale&nbsp;che permette uno sconto in fattura del 30% o del 40%, in presenza di una rottamazione, salvo esaurimento fondi disponibili.&nbsp;Le prime 500 saranno prodotte a partire da luglio 2023 e saranno equipaggiate con il Premium Pack che include il condizionatore d\u2019aria, la plancia e i pannelli porta rivestiti in ecopelle e il volante multifunzione.<\/p>\n\n\n\n<p><strong>Giovanni Zappia<\/strong>, owner E<a href=\"https:\/\/lulop.com\/it_IT\/tag\/exelentia\/index\" target=\"_blank\" rel=\"noreferrer noopener\">xelentia<\/a>, ha dichiarato:<em>\u201cLa mobilit\u00e0 urbana \u00e8 uno dei grandi temi della&nbsp;<a href=\"https:\/\/lulop.com\/it_IT\/tag\/sostenibilita\/index\" target=\"_blank\" rel=\"noreferrer noopener\">sostenibilita<\/a>. Per E<a href=\"https:\/\/lulop.com\/it_IT\/tag\/exelentia\/index\" target=\"_blank\" rel=\"noreferrer noopener\">xelentia<\/a>, azienda nativa sostenibile, \u00e8 il perno attorno a cui ruota tutta la proposta di prodotti e servizi pensati per gli spostamenti di prossimit\u00e0, ovvero gli spostamenti che impattano la viabilit\u00e0 interna delle nostre citt\u00e0, dei nostri centri storici, del cuore pulsante, vivo, culturale del nostro territorio, cos\u00ec ricco di bellezze e valori. Per questo siamo gli importatori del brand Silence e oggi presentiamo sul mercato la nanocar S04, la vettura cittadina che potenzia il segmento della mobilit\u00e0 urbana, con il giusto pedale dell\u2019innovazione sostenibile. Questa minicar nasce infatti sul concetto di intermodalit\u00e0, ovvero dialoga con la gamma di scooter elettrici Silence e, grazie alla batteria estraibile e trasportabile come un trolley, consente il facile interscambio e il comodo swap. Immaginiamo che presto le due e quattro ruote diventeranno una scelta libera dell\u2019utente che, a seconda delle proprie esigenze, potr\u00e0 preferire la nanocar allo scooter e viceversa, non rinunciando, grazie a questa batteria, alla possibilit\u00e0 di avere uno storage domestico sempre disponibile. L\u2019energia guarda al futuro, pulito. E<a href=\"https:\/\/lulop.com\/it_IT\/tag\/exelentia\/index\" target=\"_blank\" rel=\"noreferrer noopener\">xelentia<\/a>&nbsp;\u00e8 gi\u00e0 l\u00ec<\/em>\u201d.<\/p>\n\n\n\n<p>Link alla fonte https:\/\/automotive.lulop.com\/it_IT\/post\/show\/269769\/exelentia-presenta-silence-s04.html<\/p>\n\n\n\n<p><\/p>\n","protected":false},"excerpt":{"rendered":"<p>Exelentia sbarca sul mercato italiano con una nanocar dal design avveniristico, dotazioni premium e soluzioni innovative.<\/p>\n","protected":false},"author":19,"featured_media":61801,"comment_status":"open","ping_status":"open","sticky":false,"template":"","format":"standard","meta":{"_et_pb_use_builder":"","_et_pb_old_content":"","_et_gb_content_width":"","_exactmetrics_skip_tracking":false,"_exactmetrics_sitenote_active":false,"_exactmetrics_sitenote_note":"","_exactmetrics_sitenote_category":0,"footnotes":""},"categories":[705,704,26,114],"tags":[707,708,709,706],"yoast_head":"<!-- This site is optimized with the Yoast SEO plugin v22.9 - https:\/\/yoast.com\/wordpress\/plugins\/seo\/ -->\n<title>La nanocar elettrica di Exelentia debutta sul mercato italiano &#8226; e_mob<\/title>\n<meta name=\"description\" content=\"e_mob \u00e8 il tavolo permanente degli stakeholder della mobilit\u00e0 elettrica in Italia. Organizza ogni anno a Milano la Conferenza Nazionale del settore, nel 2021 in programma dal 16 al 19 ottobre.\" \/>\n<meta name=\"robots\" content=\"index, follow, max-snippet:-1, max-image-preview:large, max-video-preview:-1\" \/>\n<link rel=\"canonical\" href=\"https:\/\/emob-italia.it\/2023\/06\/24\/la-nanocar-elettrica-di-exelentia-debutta-sul-mercato-italiano\/\" \/>\n<meta property=\"og:locale\" content=\"en_US\" \/>\n<meta property=\"og:type\" content=\"article\" \/>\n<meta property=\"og:title\" content=\"La nanocar elettrica di Exelentia debutta sul mercato italiano &#8226; e_mob\" \/>\n<meta property=\"og:description\" content=\"e_mob \u00e8 il tavolo permanente degli stakeholder della mobilit\u00e0 elettrica in Italia. Organizza ogni anno a Milano la Conferenza Nazionale del settore, nel 2021 in programma dal 16 al 19 ottobre.\" \/>\n<meta property=\"og:url\" content=\"https:\/\/emob-italia.it\/2023\/06\/24\/la-nanocar-elettrica-di-exelentia-debutta-sul-mercato-italiano\/\" \/>\n<meta property=\"og:site_name\" content=\"e_mob\" \/>\n<meta property=\"article:publisher\" content=\"https:\/\/www.facebook.com\/emobitalia\/\" \/>\n<meta property=\"article:published_time\" content=\"2023-06-24T18:14:02+00:00\" \/>\n<meta property=\"article:modified_time\" content=\"2024-03-05T19:39:35+00:00\" \/>\n<meta property=\"og:image\" content=\"https:\/\/emob-italia.it\/wp-content\/uploads\/2023\/06\/tommy-krombacher-Ax3_T5pNJ1k-unsplash-scaled.jpg\" \/>\n\t<meta property=\"og:image:width\" content=\"2560\" \/>\n\t<meta property=\"og:image:height\" content=\"1706\" \/>\n\t<meta property=\"og:image:type\" content=\"image\/jpeg\" \/>\n<meta name=\"author\" content=\"Redazione\" \/>\n<meta name=\"twitter:label1\" content=\"Written by\" \/>\n\t<meta name=\"twitter:data1\" content=\"Redazione\" \/>\n\t<meta name=\"twitter:label2\" content=\"Est. reading time\" \/>\n\t<meta name=\"twitter:data2\" content=\"5 minutes\" \/>\n<script type=\"application\/ld+json\" class=\"yoast-schema-graph\">{\"@context\":\"https:\/\/schema.org\",\"@graph\":[{\"@type\":\"Article\",\"@id\":\"https:\/\/emob-italia.it\/2023\/06\/24\/la-nanocar-elettrica-di-exelentia-debutta-sul-mercato-italiano\/#article\",\"isPartOf\":{\"@id\":\"https:\/\/emob-italia.it\/2023\/06\/24\/la-nanocar-elettrica-di-exelentia-debutta-sul-mercato-italiano\/\"},\"author\":{\"name\":\"Redazione\",\"@id\":\"https:\/\/emob-italia.it\/#\/schema\/person\/59871c976b1a5e842e3d0b98901e4f6d\"},\"headline\":\"La nanocar elettrica di Exelentia debutta sul mercato italiano\",\"datePublished\":\"2023-06-24T18:14:02+00:00\",\"dateModified\":\"2024-03-05T19:39:35+00:00\",\"mainEntityOfPage\":{\"@id\":\"https:\/\/emob-italia.it\/2023\/06\/24\/la-nanocar-elettrica-di-exelentia-debutta-sul-mercato-italiano\/\"},\"wordCount\":925,\"commentCount\":0,\"publisher\":{\"@id\":\"https:\/\/emob-italia.it\/#organization\"},\"image\":{\"@id\":\"https:\/\/emob-italia.it\/2023\/06\/24\/la-nanocar-elettrica-di-exelentia-debutta-sul-mercato-italiano\/#primaryimage\"},\"thumbnailUrl\":\"https:\/\/emob-italia.it\/wp-content\/uploads\/2023\/06\/tommy-krombacher-Ax3_T5pNJ1k-unsplash-scaled.jpg\",\"keywords\":[\"car\",\"electric car\",\"exelentia\",\"nanocar\"],\"articleSection\":[\"Giugno 2023\",\"Giugno 2023\",\"Notizie\",\"Notizie Newsletter\"],\"inLanguage\":\"en-US\",\"potentialAction\":[{\"@type\":\"CommentAction\",\"name\":\"Comment\",\"target\":[\"https:\/\/emob-italia.it\/2023\/06\/24\/la-nanocar-elettrica-di-exelentia-debutta-sul-mercato-italiano\/#respond\"]}]},{\"@type\":\"WebPage\",\"@id\":\"https:\/\/emob-italia.it\/2023\/06\/24\/la-nanocar-elettrica-di-exelentia-debutta-sul-mercato-italiano\/\",\"url\":\"https:\/\/emob-italia.it\/2023\/06\/24\/la-nanocar-elettrica-di-exelentia-debutta-sul-mercato-italiano\/\",\"name\":\"La nanocar elettrica di Exelentia debutta sul mercato italiano &#8226; e_mob\",\"isPartOf\":{\"@id\":\"https:\/\/emob-italia.it\/#website\"},\"primaryImageOfPage\":{\"@id\":\"https:\/\/emob-italia.it\/2023\/06\/24\/la-nanocar-elettrica-di-exelentia-debutta-sul-mercato-italiano\/#primaryimage\"},\"image\":{\"@id\":\"https:\/\/emob-italia.it\/2023\/06\/24\/la-nanocar-elettrica-di-exelentia-debutta-sul-mercato-italiano\/#primaryimage\"},\"thumbnailUrl\":\"https:\/\/emob-italia.it\/wp-content\/uploads\/2023\/06\/tommy-krombacher-Ax3_T5pNJ1k-unsplash-scaled.jpg\",\"datePublished\":\"2023-06-24T18:14:02+00:00\",\"dateModified\":\"2024-03-05T19:39:35+00:00\",\"description\":\"e_mob \u00e8 il tavolo permanente degli stakeholder della mobilit\u00e0 elettrica in Italia. Organizza ogni anno a Milano la Conferenza Nazionale del settore, nel 2021 in programma dal 16 al 19 ottobre.\",\"breadcrumb\":{\"@id\":\"https:\/\/emob-italia.it\/2023\/06\/24\/la-nanocar-elettrica-di-exelentia-debutta-sul-mercato-italiano\/#breadcrumb\"},\"inLanguage\":\"en-US\",\"potentialAction\":[{\"@type\":\"ReadAction\",\"target\":[\"https:\/\/emob-italia.it\/2023\/06\/24\/la-nanocar-elettrica-di-exelentia-debutta-sul-mercato-italiano\/\"]}]},{\"@type\":\"ImageObject\",\"inLanguage\":\"en-US\",\"@id\":\"https:\/\/emob-italia.it\/2023\/06\/24\/la-nanocar-elettrica-di-exelentia-debutta-sul-mercato-italiano\/#primaryimage\",\"url\":\"https:\/\/emob-italia.it\/wp-content\/uploads\/2023\/06\/tommy-krombacher-Ax3_T5pNJ1k-unsplash-scaled.jpg\",\"contentUrl\":\"https:\/\/emob-italia.it\/wp-content\/uploads\/2023\/06\/tommy-krombacher-Ax3_T5pNJ1k-unsplash-scaled.jpg\",\"width\":2560,\"height\":1706},{\"@type\":\"BreadcrumbList\",\"@id\":\"https:\/\/emob-italia.it\/2023\/06\/24\/la-nanocar-elettrica-di-exelentia-debutta-sul-mercato-italiano\/#breadcrumb\",\"itemListElement\":[{\"@type\":\"ListItem\",\"position\":1,\"name\":\"Home\",\"item\":\"https:\/\/emob-italia.it\/en\/\"},{\"@type\":\"ListItem\",\"position\":2,\"name\":\"La nanocar elettrica di Exelentia debutta sul mercato italiano\"}]},{\"@type\":\"WebSite\",\"@id\":\"https:\/\/emob-italia.it\/#website\",\"url\":\"https:\/\/emob-italia.it\/\",\"name\":\"e_mob\",\"description\":\"Mobilit\u00e0 Elettrica\",\"publisher\":{\"@id\":\"https:\/\/emob-italia.it\/#organization\"},\"potentialAction\":[{\"@type\":\"SearchAction\",\"target\":{\"@type\":\"EntryPoint\",\"urlTemplate\":\"https:\/\/emob-italia.it\/?s={search_term_string}\"},\"query-input\":\"required name=search_term_string\"}],\"inLanguage\":\"en-US\"},{\"@type\":\"Organization\",\"@id\":\"https:\/\/emob-italia.it\/#organization\",\"name\":\"Class Onlus\",\"url\":\"https:\/\/emob-italia.it\/\",\"logo\":{\"@type\":\"ImageObject\",\"inLanguage\":\"en-US\",\"@id\":\"https:\/\/emob-italia.it\/#\/schema\/logo\/image\/\",\"url\":\"https:\/\/emob-italia.it\/wp-content\/uploads\/2019\/03\/0_CLASS-ONLUS-logo-web.png\",\"contentUrl\":\"https:\/\/emob-italia.it\/wp-content\/uploads\/2019\/03\/0_CLASS-ONLUS-logo-web.png\",\"width\":598,\"height\":202,\"caption\":\"Class Onlus\"},\"image\":{\"@id\":\"https:\/\/emob-italia.it\/#\/schema\/logo\/image\/\"},\"sameAs\":[\"https:\/\/www.facebook.com\/emobitalia\/\",\"https:\/\/www.instagram.com\/e_mob_italia\/\",\"https:\/\/www.linkedin.com\/groups\/12186185\/\",\"https:\/\/www.youtube.com\/channel\/UCvnTcrhggAX_AkFwGxRfqFw\/featured?view_as=subscriber\"]},{\"@type\":\"Person\",\"@id\":\"https:\/\/emob-italia.it\/#\/schema\/person\/59871c976b1a5e842e3d0b98901e4f6d\",\"name\":\"Redazione\",\"image\":{\"@type\":\"ImageObject\",\"inLanguage\":\"en-US\",\"@id\":\"https:\/\/emob-italia.it\/#\/schema\/person\/image\/\",\"url\":\"https:\/\/secure.gravatar.com\/avatar\/5389093e19decc01f17a4f367aa6ce45?s=96&r=g\",\"contentUrl\":\"https:\/\/secure.gravatar.com\/avatar\/5389093e19decc01f17a4f367aa6ce45?s=96&r=g\",\"caption\":\"Redazione\"},\"url\":\"https:\/\/emob-italia.it\/en\/author\/redazione\/\"}]}<\/script>\n<!-- \/ Yoast SEO plugin. -->","yoast_head_json":{"title":"La nanocar elettrica di Exelentia debutta sul mercato italiano &#8226; e_mob","description":"e_mob \u00e8 il tavolo permanente degli stakeholder della mobilit\u00e0 elettrica in Italia. Organizza ogni anno a Milano la Conferenza Nazionale del settore, nel 2021 in programma dal 16 al 19 ottobre.","robots":{"index":"index","follow":"follow","max-snippet":"max-snippet:-1","max-image-preview":"max-image-preview:large","max-video-preview":"max-video-preview:-1"},"canonical":"https:\/\/emob-italia.it\/2023\/06\/24\/la-nanocar-elettrica-di-exelentia-debutta-sul-mercato-italiano\/","og_locale":"en_US","og_type":"article","og_title":"La nanocar elettrica di Exelentia debutta sul mercato italiano &#8226; e_mob","og_description":"e_mob \u00e8 il tavolo permanente degli stakeholder della mobilit\u00e0 elettrica in Italia. Organizza ogni anno a Milano la Conferenza Nazionale del settore, nel 2021 in programma dal 16 al 19 ottobre.","og_url":"https:\/\/emob-italia.it\/2023\/06\/24\/la-nanocar-elettrica-di-exelentia-debutta-sul-mercato-italiano\/","og_site_name":"e_mob","article_publisher":"https:\/\/www.facebook.com\/emobitalia\/","article_published_time":"2023-06-24T18:14:02+00:00","article_modified_time":"2024-03-05T19:39:35+00:00","og_image":[{"width":2560,"height":1706,"url":"https:\/\/emob-italia.it\/wp-content\/uploads\/2023\/06\/tommy-krombacher-Ax3_T5pNJ1k-unsplash-scaled.jpg","type":"image\/jpeg"}],"author":"Redazione","twitter_misc":{"Written by":"Redazione","Est. reading time":"5 minutes"},"schema":{"@context":"https:\/\/schema.org","@graph":[{"@type":"Article","@id":"https:\/\/emob-italia.it\/2023\/06\/24\/la-nanocar-elettrica-di-exelentia-debutta-sul-mercato-italiano\/#article","isPartOf":{"@id":"https:\/\/emob-italia.it\/2023\/06\/24\/la-nanocar-elettrica-di-exelentia-debutta-sul-mercato-italiano\/"},"author":{"name":"Redazione","@id":"https:\/\/emob-italia.it\/#\/schema\/person\/59871c976b1a5e842e3d0b98901e4f6d"},"headline":"La nanocar elettrica di Exelentia debutta sul mercato italiano","datePublished":"2023-06-24T18:14:02+00:00","dateModified":"2024-03-05T19:39:35+00:00","mainEntityOfPage":{"@id":"https:\/\/emob-italia.it\/2023\/06\/24\/la-nanocar-elettrica-di-exelentia-debutta-sul-mercato-italiano\/"},"wordCount":925,"commentCount":0,"publisher":{"@id":"https:\/\/emob-italia.it\/#organization"},"image":{"@id":"https:\/\/emob-italia.it\/2023\/06\/24\/la-nanocar-elettrica-di-exelentia-debutta-sul-mercato-italiano\/#primaryimage"},"thumbnailUrl":"https:\/\/emob-italia.it\/wp-content\/uploads\/2023\/06\/tommy-krombacher-Ax3_T5pNJ1k-unsplash-scaled.jpg","keywords":["car","electric car","exelentia","nanocar"],"articleSection":["Giugno 2023","Giugno 2023","Notizie","Notizie Newsletter"],"inLanguage":"en-US","potentialAction":[{"@type":"CommentAction","name":"Comment","target":["https:\/\/emob-italia.it\/2023\/06\/24\/la-nanocar-elettrica-di-exelentia-debutta-sul-mercato-italiano\/#respond"]}]},{"@type":"WebPage","@id":"https:\/\/emob-italia.it\/2023\/06\/24\/la-nanocar-elettrica-di-exelentia-debutta-sul-mercato-italiano\/","url":"https:\/\/emob-italia.it\/2023\/06\/24\/la-nanocar-elettrica-di-exelentia-debutta-sul-mercato-italiano\/","name":"La nanocar elettrica di Exelentia debutta sul mercato italiano &#8226; e_mob","isPartOf":{"@id":"https:\/\/emob-italia.it\/#website"},"primaryImageOfPage":{"@id":"https:\/\/emob-italia.it\/2023\/06\/24\/la-nanocar-elettrica-di-exelentia-debutta-sul-mercato-italiano\/#primaryimage"},"image":{"@id":"https:\/\/emob-italia.it\/2023\/06\/24\/la-nanocar-elettrica-di-exelentia-debutta-sul-mercato-italiano\/#primaryimage"},"thumbnailUrl":"https:\/\/emob-italia.it\/wp-content\/uploads\/2023\/06\/tommy-krombacher-Ax3_T5pNJ1k-unsplash-scaled.jpg","datePublished":"2023-06-24T18:14:02+00:00","dateModified":"2024-03-05T19:39:35+00:00","description":"e_mob \u00e8 il tavolo permanente degli stakeholder della mobilit\u00e0 elettrica in Italia. Organizza ogni anno a Milano la Conferenza Nazionale del settore, nel 2021 in programma dal 16 al 19 ottobre.","breadcrumb":{"@id":"https:\/\/emob-italia.it\/2023\/06\/24\/la-nanocar-elettrica-di-exelentia-debutta-sul-mercato-italiano\/#breadcrumb"},"inLanguage":"en-US","potentialAction":[{"@type":"ReadAction","target":["https:\/\/emob-italia.it\/2023\/06\/24\/la-nanocar-elettrica-di-exelentia-debutta-sul-mercato-italiano\/"]}]},{"@type":"ImageObject","inLanguage":"en-US","@id":"https:\/\/emob-italia.it\/2023\/06\/24\/la-nanocar-elettrica-di-exelentia-debutta-sul-mercato-italiano\/#primaryimage","url":"https:\/\/emob-italia.it\/wp-content\/uploads\/2023\/06\/tommy-krombacher-Ax3_T5pNJ1k-unsplash-scaled.jpg","contentUrl":"https:\/\/emob-italia.it\/wp-content\/uploads\/2023\/06\/tommy-krombacher-Ax3_T5pNJ1k-unsplash-scaled.jpg","width":2560,"height":1706},{"@type":"BreadcrumbList","@id":"https:\/\/emob-italia.it\/2023\/06\/24\/la-nanocar-elettrica-di-exelentia-debutta-sul-mercato-italiano\/#breadcrumb","itemListElement":[{"@type":"ListItem","position":1,"name":"Home","item":"https:\/\/emob-italia.it\/en\/"},{"@type":"ListItem","position":2,"name":"La nanocar elettrica di Exelentia debutta sul mercato italiano"}]},{"@type":"WebSite","@id":"https:\/\/emob-italia.it\/#website","url":"https:\/\/emob-italia.it\/","name":"e_mob","description":"Mobilit\u00e0 Elettrica","publisher":{"@id":"https:\/\/emob-italia.it\/#organization"},"potentialAction":[{"@type":"SearchAction","target":{"@type":"EntryPoint","urlTemplate":"https:\/\/emob-italia.it\/?s={search_term_string}"},"query-input":"required name=search_term_string"}],"inLanguage":"en-US"},{"@type":"Organization","@id":"https:\/\/emob-italia.it\/#organization","name":"Class Onlus","url":"https:\/\/emob-italia.it\/","logo":{"@type":"ImageObject","inLanguage":"en-US","@id":"https:\/\/emob-italia.it\/#\/schema\/logo\/image\/","url":"https:\/\/emob-italia.it\/wp-content\/uploads\/2019\/03\/0_CLASS-ONLUS-logo-web.png","contentUrl":"https:\/\/emob-italia.it\/wp-content\/uploads\/2019\/03\/0_CLASS-ONLUS-logo-web.png","width":598,"height":202,"caption":"Class Onlus"},"image":{"@id":"https:\/\/emob-italia.it\/#\/schema\/logo\/image\/"},"sameAs":["https:\/\/www.facebook.com\/emobitalia\/","https:\/\/www.instagram.com\/e_mob_italia\/","https:\/\/www.linkedin.com\/groups\/12186185\/","https:\/\/www.youtube.com\/channel\/UCvnTcrhggAX_AkFwGxRfqFw\/featured?view_as=subscriber"]},{"@type":"Person","@id":"https:\/\/emob-italia.it\/#\/schema\/person\/59871c976b1a5e842e3d0b98901e4f6d","name":"Redazione","image":{"@type":"ImageObject","inLanguage":"en-US","@id":"https:\/\/emob-italia.it\/#\/schema\/person\/image\/","url":"https:\/\/secure.gravatar.com\/avatar\/5389093e19decc01f17a4f367aa6ce45?s=96&r=g","contentUrl":"https:\/\/secure.gravatar.com\/avatar\/5389093e19decc01f17a4f367aa6ce45?s=96&r=g","caption":"Redazione"},"url":"https:\/\/emob-italia.it\/en\/author\/redazione\/"}]}},"_links":{"self":[{"href":"https:\/\/emob-italia.it\/en\/wp-json\/wp\/v2\/posts\/63912"}],"collection":[{"href":"https:\/\/emob-italia.it\/en\/wp-json\/wp\/v2\/posts"}],"about":[{"href":"https:\/\/emob-italia.it\/en\/wp-json\/wp\/v2\/types\/post"}],"author":[{"embeddable":true,"href":"https:\/\/emob-italia.it\/en\/wp-json\/wp\/v2\/users\/19"}],"replies":[{"embeddable":true,"href":"https:\/\/emob-italia.it\/en\/wp-json\/wp\/v2\/comments?post=63912"}],"version-history":[{"count":1,"href":"https:\/\/emob-italia.it\/en\/wp-json\/wp\/v2\/posts\/63912\/revisions"}],"predecessor-version":[{"id":64066,"href":"https:\/\/emob-italia.it\/en\/wp-json\/wp\/v2\/posts\/63912\/revisions\/64066"}],"wp:featuredmedia":[{"embeddable":true,"href":"https:\/\/emob-italia.it\/en\/wp-json\/wp\/v2\/media\/61801"}],"wp:attachment":[{"href":"https:\/\/emob-italia.it\/en\/wp-json\/wp\/v2\/media?parent=63912"}],"wp:term":[{"taxonomy":"category","embeddable":true,"href":"https:\/\/emob-italia.it\/en\/wp-json\/wp\/v2\/categories?post=63912"},{"taxonomy":"post_tag","embeddable":true,"href":"https:\/\/emob-italia.it\/en\/wp-json\/wp\/v2\/tags?post=63912"}],"curies":[{"name":"wp","href":"https:\/\/api.w.org\/{rel}","templated":true}]}}