{"id":63909,"date":"2023-06-26T20:11:46","date_gmt":"2023-06-26T18:11:46","guid":{"rendered":"https:\/\/emob-italia.it\/?p=63909"},"modified":"2024-03-05T20:38:14","modified_gmt":"2024-03-05T19:38:14","slug":"la-settima-edizione-di-e_mob-dal-7-al-10-ottobre-2023","status":"publish","type":"post","link":"https:\/\/emob-italia.it\/en\/2023\/06\/26\/la-settima-edizione-di-e_mob-dal-7-al-10-ottobre-2023\/","title":{"rendered":"La settima edizione di e_mob, dal 7 al 10 ottobre 2023"},"content":{"rendered":"\n<p>L\u2019evento \u00e8 promosso da <a href=\"https:\/\/classonlus.it\">Class Onlus<\/a> con Regione Lombardia, Comune di Milano, Camera di Commercio di Milano, Monza e Brianza e Lodi, A2A, ATM, Enel X Way e Innovatec, con il patrocinio del Ministero dell\u2019Ambiente e della Sicurezza Energetica, di ANCI e di Fondazione Cariplo.<\/p>\n\n\n\n<p>Intenso e interessante il programma di questa settima edizione di e_mob, in particolare alla luce delle novit\u00e0 derivanti dall\u2019Europa, dal PNRR, dal Governo e dalle aziende protagoniste della transizione elettrica alla mobilit\u00e0.<\/p>\n\n\n\n<p>Variegato e interessante anche il parterre dei partecipanti e degli esponenti istituzionali, aziendali e politici: dal Ministero delle Infrastrutture a quello dell\u2019Ambiente e della Sicurezza Energetica, dai parlamentari di tutte le forze politiche impegnati sui temi oggetto della Conferenza, fino alle pi\u00f9 grandi aziende, pubbliche e private, in prima fila nello sviluppo di beni e servizi per la mobilit\u00e0 dolce, economica ed elettrica.<\/p>\n\n\n\n<p>Agli impegni normativi assunti in sede europea dagli Stati membri, le industrie e i protagonisti economici del settore della mobilit\u00e0 stanno in verit\u00e0 rispondendo gi\u00e0 da alcuni anni e la strada verso la mobilit\u00e0 elettrica sembra segnata oltre che ineluttabile. L\u2019opposizione e la ritrosia di qualche Paese, per quanto importante, non fermer\u00e0 la rivoluzione industriale elettrica in corso. L\u2019economia, non di rado, si muove in anticipo sulla politica. E questo \u00e8 uno di quei casi.<\/p>\n\n\n\n<p>Ma quali saranno gli argomenti e le novit\u00e0 oggetto di confronto e discussione ad e_mob 2023? Quali le iniziative e le esposizioni al grande pubblico? Ricordiamo che gli eventi pubblici ed espositivi o laboratori si terranno in piazza Duomo, mentre i convegni, i talk e gli incontri si svolgeranno presso il vicino Palazzo dei Giureconsulti.<\/p>\n\n\n\n<p>Piazza del Duomo vedr\u00e0 i laboratori, Pump Track, giochi e attrattive, ovvero l\u2019esposizione delle infrastrutture di ricarica, dei mezzi elettrici e dei mezzi di pubblica utilit\u00e0 (es. servizi comunali, raccolta rifiuti, raccolta del verde e trasporto cose), ma anche del trasporto pubblico locale.<\/p>\n\n\n\n<p>Sempre tra Piazza Duomo e via Mercanti si terranno i test drive di moto e biciclette a pedalata assistita, con l\u2019esposizione di mobilit\u00e0 dolce urbana (Bike Lane).<\/p>\n\n\n\n<p>Gli argomenti della Conferenza, alla luce delle novit\u00e0 e delle prospettive del prossimo futuro, saranno affrontati con i protagonisti istituzionali, politici, aziendali e della pubblica amministrazione.&nbsp;<\/p>\n\n\n\n<p>Si discuter\u00e0 di:&nbsp;<\/p>\n\n\n\n<ul>\n<li>mobilit\u00e0 e trasporto pubblico locale e nazionale;&nbsp;<\/li>\n<\/ul>\n\n\n\n<ul>\n<li>mobilit\u00e0 dolce a due ruote (bici e moto elettriche), per l\u2019ultimo miglio e per gli spostamenti casa\/lavoro&nbsp;;<\/li>\n<\/ul>\n\n\n\n<ul>\n<li>mobilit\u00e0 di prossimit\u00e0 e per i servizi pubblici urbani, applicazione del decreto DAFI sull\u2019obbligo delle PA di utilizzo di almeno il 25% di veicoli elettrici nei servizi di pubblica utilit\u00e0 \u2013 accesso degli automezzi nelle aree ZTL e LEZ e attivit\u00e0 di sharing;<\/li>\n<\/ul>\n\n\n\n<ul>\n<li>la navigazione elettrica e la de-carbonizzazione del trasporto aereo;<\/li>\n<\/ul>\n\n\n\n<ul>\n<li>formazione professionale ed educazione &#8211; creazione di posti di lavoro nei diversi comparti;<\/li>\n<\/ul>\n\n\n\n<ul>\n<li>i sistemi di ricarica e le molteplici modalit\u00e0 di erogazione del servizio di ricarica pubblica che si stanno realizzando;<\/li>\n<\/ul>\n\n\n\n<ul>\n<li>approvvigionamento energetico sostenibile ed ecologico &#8211; come si crea e si sviluppa una comunit\u00e0 elettrica &#8211; i servizi per i possessori di veicoli elettrici;<\/li>\n<\/ul>\n\n\n\n<ul>\n<li>a che punto siamo sul PNRR e in che modo possiamo contribuire nel dare una mano alle pubbliche amministrazioni.<\/li>\n<\/ul>\n\n\n\n<p>Oltre alle sedi per gli incontri istituzionali, vi saranno tre salette per incontri B2B e di confronto delle varie esperienze aziendali pubbliche e private.<\/p>\n\n\n\n<p>Ad esempio, lunedi 9 ottobre, la mattina, si terr\u00e0 la Tavola rotonda con i protagonisti della mobilit\u00e0 elettrica in Italia: PNRR, Legge di Bilancio. Stato dell\u2019arte dei progetti in corso e indicazioni sulle attivit\u00e0 da programmare. Il pomeriggio dello stesso giorno, saranno, invece, affrontate e discusse:<\/p>\n\n\n\n<ul>\n<li>prospettive e gli strumenti verso l\u2019elettrificazione massiva della mobilit\u00e0;<\/li>\n<\/ul>\n\n\n\n<ul>\n<li>l\u2019elettrificazione della mobilit\u00e0 rappresenta un tassello chiave delle politiche di de-carbonizzazione europee e nazionali. Occorre ridefinire il PNIRE sulle caratteristiche dei sistemi di ricarica e meglio declinare e omogeneizzare le molteplici modalit\u00e0 di erogazione dei servizi di ricarica pubblica.<\/li>\n<\/ul>\n\n\n\n<p>L\u2019Osservatorio Tea (Motus-E), ci dice come gi\u00e0 alla fine del 2023, un quinto delle auto prodotte in Italia sar\u00e0 full electric e come per l\u2019elettrificazione, entro il 2030, le&nbsp;case automobilistiche investiranno quasi 1.200 miliardi di euro.<\/p>\n\n\n\n<p>(Sessione a cura di MOTUS E &#8211;&nbsp; ANCMA \u2013 ANFIA)<\/p>\n\n\n\n<p>Molto interessante, per comprendere le prospettive dell\u2019elettrificazione nel nostro Paese, la Tavola Rotonda \u2013 La politica che dice? Priorit\u00e0 e soluzioni possibili nelle mani dei decisori politici, con i responsabili dei diversi partiti.<\/p>\n\n\n\n<p>Dall\u2019elettrificazione della mobilit\u00e0, emergeranno anche molte nuove figure professionali che occorre formare oggi. Come rispondere, quindi, con innovazione alle richieste di un mercato del lavoro in mutamento? E\u2019 l\u2019argomento che verr\u00e0 sviscerato dal Vicesegretario Generale Camera di commercio Milano Monza-Brianza e Lodi e Direttore di Formaper, il quale presenter\u00e0 il Patto Territoriale, attivato nell\u2019ambito della filiera della mobilit\u00e0 elettrica e sostenibile.&nbsp;<\/p>\n\n\n\n<p>Non solo politiche e aziende italiane. e_mob vedr\u00e0 anche la partecipazione di due Paesi europei che proporranno e spiegheranno le proprie azioni e politiche per la mobilit\u00e0 sostenibile.<\/p>\n\n\n\n<p>Per realizzare politiche industriali \u00e8 necessario anche l\u2019approvvigionamento alle materie prime essenziali. Ecco perch\u00e9 ci confronteremo sulla Piattaforma Italiana per l\u2019Economia Circolare (ICESP), ovvero quali sono i materiali critici che l\u2019Italia vuole mappare: Litio e Cobalto, dove si trovano i giacimenti in Italia.<\/p>\n\n\n\n<p>Lo sviluppo del sistema della mobilit\u00e0 ecologica ha, tuttavia, bisogno di elettricit\u00e0. Le fonti di produzione e approvvigionamento non sono per nulla un fattore secondario. \u201cApprovvigionamento energetico sostenibile ed ecologico &#8211; come si crea e si sviluppa una comunit\u00e0 elettrica &#8211; i servizi per i possessori di veicoli elettrici\u201d, sar\u00e0 uno degli argomenti fondamentali per \u201cnutrire il sistema\u201d.<\/p>\n\n\n\n<p>Infine, si discuter\u00e0 la Carta di e_mob, che intende implementare e rinvigorire la Carta Metropolitana, promossa dai Comuni di Milano, Torino, Firenze, Bologna e Varese.<\/p>\n\n\n\n<p>Il contributo di idee, argomenti, fonti e dati, fornito dal Comitato Scientifico di e_mob \u00e8 stato fondamentale e indispensabile per la piattaforma di confronto di questa Settima Conferenza Nazionale. Vogliamo ricordare i componenti del Comitato: Agenzia Ambiente Territorio, ANFIA, ANIE, Confindustria, Motus E, Amsa, RSE, Agens, RFI, Circularity, Utilitalia, Confindustria Ancma, Agiconsum.<\/p>\n","protected":false},"excerpt":{"rendered":"<p>e_mob \u00e8 il tavolo permanente degli stakeholder della mobilit\u00e0 elettrica in Italia. A Milano dal 7 al 10 ottobre 2023, piazza Duomo e dintorni.<\/p>\n","protected":false},"author":19,"featured_media":61058,"comment_status":"open","ping_status":"open","sticky":false,"template":"","format":"standard","meta":{"_et_pb_use_builder":"","_et_pb_old_content":"","_et_gb_content_width":"","_exactmetrics_skip_tracking":false,"_exactmetrics_sitenote_active":false,"_exactmetrics_sitenote_note":"","_exactmetrics_sitenote_category":0,"footnotes":""},"categories":[691,705,26,114],"tags":[8,165,199,10,11,357],"yoast_head":"<!-- This site is optimized with the Yoast SEO plugin v22.9 - https:\/\/yoast.com\/wordpress\/plugins\/seo\/ -->\n<title>La settima edizione di e_mob, dal 7 al 10 ottobre 2023 &#8226; e_mob<\/title>\n<meta name=\"description\" content=\"e_mob \u00e8 il tavolo permanente degli stakeholder della mobilit\u00e0 elettrica in Italia. Organizza ogni anno a Milano la Conferenza Nazionale del settore, nel 2021 in programma dal 16 al 19 ottobre.\" \/>\n<meta name=\"robots\" content=\"index, follow, max-snippet:-1, max-image-preview:large, max-video-preview:-1\" \/>\n<link rel=\"canonical\" href=\"https:\/\/emob-italia.it\/2023\/06\/26\/la-settima-edizione-di-e_mob-dal-7-al-10-ottobre-2023\/\" \/>\n<meta property=\"og:locale\" content=\"en_US\" \/>\n<meta property=\"og:type\" content=\"article\" \/>\n<meta property=\"og:title\" content=\"La settima edizione di e_mob, dal 7 al 10 ottobre 2023 &#8226; e_mob\" \/>\n<meta property=\"og:description\" content=\"e_mob \u00e8 il tavolo permanente degli stakeholder della mobilit\u00e0 elettrica in Italia. Organizza ogni anno a Milano la Conferenza Nazionale del settore, nel 2021 in programma dal 16 al 19 ottobre.\" \/>\n<meta property=\"og:url\" content=\"https:\/\/emob-italia.it\/2023\/06\/26\/la-settima-edizione-di-e_mob-dal-7-al-10-ottobre-2023\/\" \/>\n<meta property=\"og:site_name\" content=\"e_mob\" \/>\n<meta property=\"article:publisher\" content=\"https:\/\/www.facebook.com\/emobitalia\/\" \/>\n<meta property=\"article:published_time\" content=\"2023-06-26T18:11:46+00:00\" \/>\n<meta property=\"article:modified_time\" content=\"2024-03-05T19:38:14+00:00\" \/>\n<meta property=\"og:image\" content=\"https:\/\/emob-italia.it\/wp-content\/uploads\/2022\/09\/emob_2021_007.jpg\" \/>\n\t<meta property=\"og:image:width\" content=\"1024\" \/>\n\t<meta property=\"og:image:height\" content=\"768\" \/>\n\t<meta property=\"og:image:type\" content=\"image\/jpeg\" \/>\n<meta name=\"author\" content=\"Redazione\" \/>\n<meta name=\"twitter:label1\" content=\"Written by\" \/>\n\t<meta name=\"twitter:data1\" content=\"Redazione\" \/>\n\t<meta name=\"twitter:label2\" content=\"Est. reading time\" \/>\n\t<meta name=\"twitter:data2\" content=\"5 minutes\" \/>\n<script type=\"application\/ld+json\" class=\"yoast-schema-graph\">{\"@context\":\"https:\/\/schema.org\",\"@graph\":[{\"@type\":\"Article\",\"@id\":\"https:\/\/emob-italia.it\/2023\/06\/26\/la-settima-edizione-di-e_mob-dal-7-al-10-ottobre-2023\/#article\",\"isPartOf\":{\"@id\":\"https:\/\/emob-italia.it\/2023\/06\/26\/la-settima-edizione-di-e_mob-dal-7-al-10-ottobre-2023\/\"},\"author\":{\"name\":\"Redazione\",\"@id\":\"https:\/\/emob-italia.it\/#\/schema\/person\/59871c976b1a5e842e3d0b98901e4f6d\"},\"headline\":\"La settima edizione di e_mob, dal 7 al 10 ottobre 2023\",\"datePublished\":\"2023-06-26T18:11:46+00:00\",\"dateModified\":\"2024-03-05T19:38:14+00:00\",\"mainEntityOfPage\":{\"@id\":\"https:\/\/emob-italia.it\/2023\/06\/26\/la-settima-edizione-di-e_mob-dal-7-al-10-ottobre-2023\/\"},\"wordCount\":1018,\"commentCount\":0,\"publisher\":{\"@id\":\"https:\/\/emob-italia.it\/#organization\"},\"image\":{\"@id\":\"https:\/\/emob-italia.it\/2023\/06\/26\/la-settima-edizione-di-e_mob-dal-7-al-10-ottobre-2023\/#primaryimage\"},\"thumbnailUrl\":\"https:\/\/emob-italia.it\/wp-content\/uploads\/2022\/09\/emob_2021_007.jpg\",\"keywords\":[\"Auto Elettriche\",\"emob\",\"infrastrutture di ricarica\",\"mobilit\u00e0 elettrica\",\"Mobilit\u00e0 Sostenibile\",\"veicoli elettrici\"],\"articleSection\":[\"e_mob2023\",\"Giugno 2023\",\"Notizie\",\"Notizie Newsletter\"],\"inLanguage\":\"en-US\",\"potentialAction\":[{\"@type\":\"CommentAction\",\"name\":\"Comment\",\"target\":[\"https:\/\/emob-italia.it\/2023\/06\/26\/la-settima-edizione-di-e_mob-dal-7-al-10-ottobre-2023\/#respond\"]}]},{\"@type\":\"WebPage\",\"@id\":\"https:\/\/emob-italia.it\/2023\/06\/26\/la-settima-edizione-di-e_mob-dal-7-al-10-ottobre-2023\/\",\"url\":\"https:\/\/emob-italia.it\/2023\/06\/26\/la-settima-edizione-di-e_mob-dal-7-al-10-ottobre-2023\/\",\"name\":\"La settima edizione di e_mob, dal 7 al 10 ottobre 2023 &#8226; e_mob\",\"isPartOf\":{\"@id\":\"https:\/\/emob-italia.it\/#website\"},\"primaryImageOfPage\":{\"@id\":\"https:\/\/emob-italia.it\/2023\/06\/26\/la-settima-edizione-di-e_mob-dal-7-al-10-ottobre-2023\/#primaryimage\"},\"image\":{\"@id\":\"https:\/\/emob-italia.it\/2023\/06\/26\/la-settima-edizione-di-e_mob-dal-7-al-10-ottobre-2023\/#primaryimage\"},\"thumbnailUrl\":\"https:\/\/emob-italia.it\/wp-content\/uploads\/2022\/09\/emob_2021_007.jpg\",\"datePublished\":\"2023-06-26T18:11:46+00:00\",\"dateModified\":\"2024-03-05T19:38:14+00:00\",\"description\":\"e_mob \u00e8 il tavolo permanente degli stakeholder della mobilit\u00e0 elettrica in Italia. Organizza ogni anno a Milano la Conferenza Nazionale del settore, nel 2021 in programma dal 16 al 19 ottobre.\",\"breadcrumb\":{\"@id\":\"https:\/\/emob-italia.it\/2023\/06\/26\/la-settima-edizione-di-e_mob-dal-7-al-10-ottobre-2023\/#breadcrumb\"},\"inLanguage\":\"en-US\",\"potentialAction\":[{\"@type\":\"ReadAction\",\"target\":[\"https:\/\/emob-italia.it\/2023\/06\/26\/la-settima-edizione-di-e_mob-dal-7-al-10-ottobre-2023\/\"]}]},{\"@type\":\"ImageObject\",\"inLanguage\":\"en-US\",\"@id\":\"https:\/\/emob-italia.it\/2023\/06\/26\/la-settima-edizione-di-e_mob-dal-7-al-10-ottobre-2023\/#primaryimage\",\"url\":\"https:\/\/emob-italia.it\/wp-content\/uploads\/2022\/09\/emob_2021_007.jpg\",\"contentUrl\":\"https:\/\/emob-italia.it\/wp-content\/uploads\/2022\/09\/emob_2021_007.jpg\",\"width\":1024,\"height\":768},{\"@type\":\"BreadcrumbList\",\"@id\":\"https:\/\/emob-italia.it\/2023\/06\/26\/la-settima-edizione-di-e_mob-dal-7-al-10-ottobre-2023\/#breadcrumb\",\"itemListElement\":[{\"@type\":\"ListItem\",\"position\":1,\"name\":\"Home\",\"item\":\"https:\/\/emob-italia.it\/en\/\"},{\"@type\":\"ListItem\",\"position\":2,\"name\":\"La settima edizione di e_mob, dal 7 al 10 ottobre 2023\"}]},{\"@type\":\"WebSite\",\"@id\":\"https:\/\/emob-italia.it\/#website\",\"url\":\"https:\/\/emob-italia.it\/\",\"name\":\"e_mob\",\"description\":\"Mobilit\u00e0 Elettrica\",\"publisher\":{\"@id\":\"https:\/\/emob-italia.it\/#organization\"},\"potentialAction\":[{\"@type\":\"SearchAction\",\"target\":{\"@type\":\"EntryPoint\",\"urlTemplate\":\"https:\/\/emob-italia.it\/?s={search_term_string}\"},\"query-input\":\"required name=search_term_string\"}],\"inLanguage\":\"en-US\"},{\"@type\":\"Organization\",\"@id\":\"https:\/\/emob-italia.it\/#organization\",\"name\":\"Class Onlus\",\"url\":\"https:\/\/emob-italia.it\/\",\"logo\":{\"@type\":\"ImageObject\",\"inLanguage\":\"en-US\",\"@id\":\"https:\/\/emob-italia.it\/#\/schema\/logo\/image\/\",\"url\":\"https:\/\/emob-italia.it\/wp-content\/uploads\/2019\/03\/0_CLASS-ONLUS-logo-web.png\",\"contentUrl\":\"https:\/\/emob-italia.it\/wp-content\/uploads\/2019\/03\/0_CLASS-ONLUS-logo-web.png\",\"width\":598,\"height\":202,\"caption\":\"Class Onlus\"},\"image\":{\"@id\":\"https:\/\/emob-italia.it\/#\/schema\/logo\/image\/\"},\"sameAs\":[\"https:\/\/www.facebook.com\/emobitalia\/\",\"https:\/\/www.instagram.com\/e_mob_italia\/\",\"https:\/\/www.linkedin.com\/groups\/12186185\/\",\"https:\/\/www.youtube.com\/channel\/UCvnTcrhggAX_AkFwGxRfqFw\/featured?view_as=subscriber\"]},{\"@type\":\"Person\",\"@id\":\"https:\/\/emob-italia.it\/#\/schema\/person\/59871c976b1a5e842e3d0b98901e4f6d\",\"name\":\"Redazione\",\"image\":{\"@type\":\"ImageObject\",\"inLanguage\":\"en-US\",\"@id\":\"https:\/\/emob-italia.it\/#\/schema\/person\/image\/\",\"url\":\"https:\/\/secure.gravatar.com\/avatar\/5389093e19decc01f17a4f367aa6ce45?s=96&r=g\",\"contentUrl\":\"https:\/\/secure.gravatar.com\/avatar\/5389093e19decc01f17a4f367aa6ce45?s=96&r=g\",\"caption\":\"Redazione\"},\"url\":\"https:\/\/emob-italia.it\/en\/author\/redazione\/\"}]}<\/script>\n<!-- \/ Yoast SEO plugin. -->","yoast_head_json":{"title":"La settima edizione di e_mob, dal 7 al 10 ottobre 2023 &#8226; e_mob","description":"e_mob \u00e8 il tavolo permanente degli stakeholder della mobilit\u00e0 elettrica in Italia. Organizza ogni anno a Milano la Conferenza Nazionale del settore, nel 2021 in programma dal 16 al 19 ottobre.","robots":{"index":"index","follow":"follow","max-snippet":"max-snippet:-1","max-image-preview":"max-image-preview:large","max-video-preview":"max-video-preview:-1"},"canonical":"https:\/\/emob-italia.it\/2023\/06\/26\/la-settima-edizione-di-e_mob-dal-7-al-10-ottobre-2023\/","og_locale":"en_US","og_type":"article","og_title":"La settima edizione di e_mob, dal 7 al 10 ottobre 2023 &#8226; e_mob","og_description":"e_mob \u00e8 il tavolo permanente degli stakeholder della mobilit\u00e0 elettrica in Italia. Organizza ogni anno a Milano la Conferenza Nazionale del settore, nel 2021 in programma dal 16 al 19 ottobre.","og_url":"https:\/\/emob-italia.it\/2023\/06\/26\/la-settima-edizione-di-e_mob-dal-7-al-10-ottobre-2023\/","og_site_name":"e_mob","article_publisher":"https:\/\/www.facebook.com\/emobitalia\/","article_published_time":"2023-06-26T18:11:46+00:00","article_modified_time":"2024-03-05T19:38:14+00:00","og_image":[{"width":1024,"height":768,"url":"https:\/\/emob-italia.it\/wp-content\/uploads\/2022\/09\/emob_2021_007.jpg","type":"image\/jpeg"}],"author":"Redazione","twitter_misc":{"Written by":"Redazione","Est. reading time":"5 minutes"},"schema":{"@context":"https:\/\/schema.org","@graph":[{"@type":"Article","@id":"https:\/\/emob-italia.it\/2023\/06\/26\/la-settima-edizione-di-e_mob-dal-7-al-10-ottobre-2023\/#article","isPartOf":{"@id":"https:\/\/emob-italia.it\/2023\/06\/26\/la-settima-edizione-di-e_mob-dal-7-al-10-ottobre-2023\/"},"author":{"name":"Redazione","@id":"https:\/\/emob-italia.it\/#\/schema\/person\/59871c976b1a5e842e3d0b98901e4f6d"},"headline":"La settima edizione di e_mob, dal 7 al 10 ottobre 2023","datePublished":"2023-06-26T18:11:46+00:00","dateModified":"2024-03-05T19:38:14+00:00","mainEntityOfPage":{"@id":"https:\/\/emob-italia.it\/2023\/06\/26\/la-settima-edizione-di-e_mob-dal-7-al-10-ottobre-2023\/"},"wordCount":1018,"commentCount":0,"publisher":{"@id":"https:\/\/emob-italia.it\/#organization"},"image":{"@id":"https:\/\/emob-italia.it\/2023\/06\/26\/la-settima-edizione-di-e_mob-dal-7-al-10-ottobre-2023\/#primaryimage"},"thumbnailUrl":"https:\/\/emob-italia.it\/wp-content\/uploads\/2022\/09\/emob_2021_007.jpg","keywords":["Auto Elettriche","emob","infrastrutture di ricarica","mobilit\u00e0 elettrica","Mobilit\u00e0 Sostenibile","veicoli elettrici"],"articleSection":["e_mob2023","Giugno 2023","Notizie","Notizie Newsletter"],"inLanguage":"en-US","potentialAction":[{"@type":"CommentAction","name":"Comment","target":["https:\/\/emob-italia.it\/2023\/06\/26\/la-settima-edizione-di-e_mob-dal-7-al-10-ottobre-2023\/#respond"]}]},{"@type":"WebPage","@id":"https:\/\/emob-italia.it\/2023\/06\/26\/la-settima-edizione-di-e_mob-dal-7-al-10-ottobre-2023\/","url":"https:\/\/emob-italia.it\/2023\/06\/26\/la-settima-edizione-di-e_mob-dal-7-al-10-ottobre-2023\/","name":"La settima edizione di e_mob, dal 7 al 10 ottobre 2023 &#8226; e_mob","isPartOf":{"@id":"https:\/\/emob-italia.it\/#website"},"primaryImageOfPage":{"@id":"https:\/\/emob-italia.it\/2023\/06\/26\/la-settima-edizione-di-e_mob-dal-7-al-10-ottobre-2023\/#primaryimage"},"image":{"@id":"https:\/\/emob-italia.it\/2023\/06\/26\/la-settima-edizione-di-e_mob-dal-7-al-10-ottobre-2023\/#primaryimage"},"thumbnailUrl":"https:\/\/emob-italia.it\/wp-content\/uploads\/2022\/09\/emob_2021_007.jpg","datePublished":"2023-06-26T18:11:46+00:00","dateModified":"2024-03-05T19:38:14+00:00","description":"e_mob \u00e8 il tavolo permanente degli stakeholder della mobilit\u00e0 elettrica in Italia. Organizza ogni anno a Milano la Conferenza Nazionale del settore, nel 2021 in programma dal 16 al 19 ottobre.","breadcrumb":{"@id":"https:\/\/emob-italia.it\/2023\/06\/26\/la-settima-edizione-di-e_mob-dal-7-al-10-ottobre-2023\/#breadcrumb"},"inLanguage":"en-US","potentialAction":[{"@type":"ReadAction","target":["https:\/\/emob-italia.it\/2023\/06\/26\/la-settima-edizione-di-e_mob-dal-7-al-10-ottobre-2023\/"]}]},{"@type":"ImageObject","inLanguage":"en-US","@id":"https:\/\/emob-italia.it\/2023\/06\/26\/la-settima-edizione-di-e_mob-dal-7-al-10-ottobre-2023\/#primaryimage","url":"https:\/\/emob-italia.it\/wp-content\/uploads\/2022\/09\/emob_2021_007.jpg","contentUrl":"https:\/\/emob-italia.it\/wp-content\/uploads\/2022\/09\/emob_2021_007.jpg","width":1024,"height":768},{"@type":"BreadcrumbList","@id":"https:\/\/emob-italia.it\/2023\/06\/26\/la-settima-edizione-di-e_mob-dal-7-al-10-ottobre-2023\/#breadcrumb","itemListElement":[{"@type":"ListItem","position":1,"name":"Home","item":"https:\/\/emob-italia.it\/en\/"},{"@type":"ListItem","position":2,"name":"La settima edizione di e_mob, dal 7 al 10 ottobre 2023"}]},{"@type":"WebSite","@id":"https:\/\/emob-italia.it\/#website","url":"https:\/\/emob-italia.it\/","name":"e_mob","description":"Mobilit\u00e0 Elettrica","publisher":{"@id":"https:\/\/emob-italia.it\/#organization"},"potentialAction":[{"@type":"SearchAction","target":{"@type":"EntryPoint","urlTemplate":"https:\/\/emob-italia.it\/?s={search_term_string}"},"query-input":"required name=search_term_string"}],"inLanguage":"en-US"},{"@type":"Organization","@id":"https:\/\/emob-italia.it\/#organization","name":"Class Onlus","url":"https:\/\/emob-italia.it\/","logo":{"@type":"ImageObject","inLanguage":"en-US","@id":"https:\/\/emob-italia.it\/#\/schema\/logo\/image\/","url":"https:\/\/emob-italia.it\/wp-content\/uploads\/2019\/03\/0_CLASS-ONLUS-logo-web.png","contentUrl":"https:\/\/emob-italia.it\/wp-content\/uploads\/2019\/03\/0_CLASS-ONLUS-logo-web.png","width":598,"height":202,"caption":"Class Onlus"},"image":{"@id":"https:\/\/emob-italia.it\/#\/schema\/logo\/image\/"},"sameAs":["https:\/\/www.facebook.com\/emobitalia\/","https:\/\/www.instagram.com\/e_mob_italia\/","https:\/\/www.linkedin.com\/groups\/12186185\/","https:\/\/www.youtube.com\/channel\/UCvnTcrhggAX_AkFwGxRfqFw\/featured?view_as=subscriber"]},{"@type":"Person","@id":"https:\/\/emob-italia.it\/#\/schema\/person\/59871c976b1a5e842e3d0b98901e4f6d","name":"Redazione","image":{"@type":"ImageObject","inLanguage":"en-US","@id":"https:\/\/emob-italia.it\/#\/schema\/person\/image\/","url":"https:\/\/secure.gravatar.com\/avatar\/5389093e19decc01f17a4f367aa6ce45?s=96&r=g","contentUrl":"https:\/\/secure.gravatar.com\/avatar\/5389093e19decc01f17a4f367aa6ce45?s=96&r=g","caption":"Redazione"},"url":"https:\/\/emob-italia.it\/en\/author\/redazione\/"}]}},"_links":{"self":[{"href":"https:\/\/emob-italia.it\/en\/wp-json\/wp\/v2\/posts\/63909"}],"collection":[{"href":"https:\/\/emob-italia.it\/en\/wp-json\/wp\/v2\/posts"}],"about":[{"href":"https:\/\/emob-italia.it\/en\/wp-json\/wp\/v2\/types\/post"}],"author":[{"embeddable":true,"href":"https:\/\/emob-italia.it\/en\/wp-json\/wp\/v2\/users\/19"}],"replies":[{"embeddable":true,"href":"https:\/\/emob-italia.it\/en\/wp-json\/wp\/v2\/comments?post=63909"}],"version-history":[{"count":1,"href":"https:\/\/emob-italia.it\/en\/wp-json\/wp\/v2\/posts\/63909\/revisions"}],"predecessor-version":[{"id":64062,"href":"https:\/\/emob-italia.it\/en\/wp-json\/wp\/v2\/posts\/63909\/revisions\/64062"}],"wp:featuredmedia":[{"embeddable":true,"href":"https:\/\/emob-italia.it\/en\/wp-json\/wp\/v2\/media\/61058"}],"wp:attachment":[{"href":"https:\/\/emob-italia.it\/en\/wp-json\/wp\/v2\/media?parent=63909"}],"wp:term":[{"taxonomy":"category","embeddable":true,"href":"https:\/\/emob-italia.it\/en\/wp-json\/wp\/v2\/categories?post=63909"},{"taxonomy":"post_tag","embeddable":true,"href":"https:\/\/emob-italia.it\/en\/wp-json\/wp\/v2\/tags?post=63909"}],"curies":[{"name":"wp","href":"https:\/\/api.w.org\/{rel}","templated":true}]}}