{"id":63908,"date":"2023-07-14T20:11:40","date_gmt":"2023-07-14T18:11:40","guid":{"rendered":"https:\/\/emob-italia.it\/?p=63908"},"modified":"2024-03-05T20:37:56","modified_gmt":"2024-03-05T19:37:56","slug":"motus-e-litalia-supera-i-400-000-punti-di-ricarica","status":"publish","type":"post","link":"https:\/\/emob-italia.it\/en\/2023\/07\/14\/motus-e-litalia-supera-i-400-000-punti-di-ricarica\/","title":{"rendered":"Motus-E: l\u2019Italia supera i 400.000 punti di ricarica"},"content":{"rendered":"\n<p>Il monitoraggio periodico di Motus-E ci dice che i dispositivi per la ricarica domestica crescono del 700% in due anni e nel primo semestre 2023 sono stati installati 8.438 nuovi punti a uso pubblico. Non solo: le colonnine sbarcano in un\u2019area di servizio autostradale su quattro.&nbsp;<\/p>\n\n\n\n<p>Nel primo semestre 2023 sono stati installati 8.438 nuovi punti di ricarica a uso pubblico (+80% rispetto allo stesso periodo del 2022), che portano il totale a 45.210.<\/p>\n\n\n\n<p>Le infrastrutture di ricarica per uso domestico hanno superato quota 400.000 unit\u00e0 (+700% rispetto al 2021), vedendo la Lombardia in testa con il maggior numero di punti di ricarica a uso pubblico, mentre la Campania si conferma anche nel Q2 2023 quella dove si \u00e8 registrata la maggiore crescita.<\/p>\n\n\n\n<p>L\u2019Italia \u00e8 sempre pi\u00f9 elettrica e corre per dotarsi di una rete di ricarica per le auto elettriche a prova di futuro. \u00c8 quanto emerge dal monitoraggio trimestrale delle infrastrutture di Motus-E, che prende in esame anche i dati sui dispositivi per la ricarica domestica, cresciuti di ben 8 volte in soli due anni, grazie anche alle incentivazioni connesse alla riqualificazione energetica degli edifici (110%). <\/p>\n\n\n\n<p>I punti di ricarica per auto elettriche presenti nelle case degli italiani hanno superato infatti quota 400.000, con 304.000 installazioni collegate ai bonus edilizi (dati Enea). Un numero importante, che testimonia una sempre pi\u00f9 diffusa apertura dei cittadini al trend di elettrificazione della mobilit\u00e0.<\/p>\n\n\n\n<p>Un\u2019ulteriore accelerazione su questo fronte si registrer\u00e0 non appena verranno resi disponibili gli incentivi &#8211; gi\u00e0 stanziati e in attesa dei decreti attuativi &#8211; per le infrastrutture di ricarica a uso domestico per privati e condom\u00ecni. Risorse che peraltro ricadranno in gran parte sull&#8217;economia nazionale: pi\u00f9 del 70% delle wallbox vendute in Italia sono infatti prodotte nella Penisola e oltre il 50% del costo chiavi in mano \u00e8 appannaggio dell&#8217;installazione, svolta da aziende e professionisti locali.<\/p>\n\n\n\n<p>Quanto alle infrastrutture di ricarica a uso pubblico, il secondo trimestre dell\u2019anno conferma una vigorosa crescita delle installazioni, con 4.037 nuovi punti di ricarica messi a terra tra aprile e giugno, che portano il totale sul territorio a quota 45.210. Nel primo semestre del 2023 sono stati installati 8.438 nuovi punti di ricarica a uso pubblico, contro i 4.680 dello stesso periodo del 2022 (+80%). Un progresso destinato a rafforzarsi ancor di pi\u00f9 grazie alle infrastrutture che verranno installate attraverso il Pnrr, anticipando il raggiungimento degli obiettivi di penetrazione e presenza capillare della rete di ricarica.<\/p>\n\n\n\n<p>A livello di macroaree, il Mezzogiorno continua a recuperare terreno. Sud e Isole contano infatti il 23% del totale dei punti di ricarica italiani, scavalcando il Centro (21%) e rosicchiando un altro punto percentuale sul Nord Italia (56%).&nbsp;<\/p>\n\n\n\n<p>Tra le Regioni continua a primeggiare la Lombardia (7.657 punti di ricarica), davanti a Piemonte (4.514), Veneto (4.420), Lazio (4.351) ed Emilia-Romagna (3.966). A crescere pi\u00f9 di tutti \u00e8 anche questo trimestre la Campania (+54% di punti installati rispetto al primo trimestre dell\u2019anno), che ha fatto meglio di Lombardia (+15%), Liguria (+11%), Lazio (+8%) e Sicilia (+7%).<\/p>\n\n\n\n<p>Comincia a espandersi in modo vistoso anche la rete di ricarica sulle autostrade, dove si registra al 30 giugno la presenza di 657 punti di ricarica (+422 rispetto a un anno fa) distribuiti in 121 aree di servizio sulle 476 totali. \u201c<em>I passi avanti compiuti sulla grande viabilit\u00e0 riflettono il grande impegno degli operatori coinvolti, che continua purtroppo a scontrarsi con l\u2019immobilismo di tutti quei concessionari autostradali che nonostante un obbligo di legge &#8211; in vigore dalla fine del 2020 &#8211; continuano a non bandire le gare per installare le colonnine nelle aree di servizio<\/em>\u201d, commenta il segretario generale di Motus-E, <strong>Francesco Naso<\/strong>, secondo cui in ogni caso, in termini complessivi, \u201c<em>i notevoli passi avanti registrati dai punti di ricarica privati e a uso pubblico indicano che l\u2019Italia si sta infrastrutturando in modo particolarmente virtuoso, per uno sviluppo della mobilit\u00e0 elettrica allineato agli obiettivi che il Paese si \u00e8 dato anche con il recente aggiornamento del Piano energia-clima (Pniec)<\/em>. <em>Estremamente importante sar\u00e0 ora riuscire a investire tutti i fondi che il Pnrr ha destinato alle colonnine di ricarica<\/em>\u201d, conclude Naso.<\/p>\n\n\n\n<p>Per approfondire clicca <a href=\"https:\/\/www.motus-e.org\/news-associative\/auto-elettriche-litalia-supera-i-400-000-punti-di-ricarica-privati-e-i-45-000-a-uso-pubblico\/\">qui<\/a>.<\/p>\n\n\n\n<p>Foto crediti by Red Dot @unsplash.com<\/p>\n","protected":false},"excerpt":{"rendered":"<p>Secondo il monitoraggio periodico di Motus-E, crescono del 700% rispetto al 2021, le colonnine di ricarica. <\/p>\n","protected":false},"author":19,"featured_media":61825,"comment_status":"open","ping_status":"open","sticky":false,"template":"","format":"standard","meta":{"_et_pb_use_builder":"","_et_pb_old_content":"","_et_gb_content_width":"","_exactmetrics_skip_tracking":false,"_exactmetrics_sitenote_active":false,"_exactmetrics_sitenote_note":"","_exactmetrics_sitenote_category":0,"footnotes":""},"categories":[717,26,114],"tags":[8,199,10,11],"yoast_head":"<!-- This site is optimized with the Yoast SEO plugin v22.9 - https:\/\/yoast.com\/wordpress\/plugins\/seo\/ -->\n<title>Motus-E: l\u2019Italia supera i 400.000 punti di ricarica &#8226; e_mob<\/title>\n<meta name=\"description\" content=\"e_mob \u00e8 il tavolo permanente degli stakeholder della mobilit\u00e0 elettrica in Italia. Organizza ogni anno a Milano la Conferenza Nazionale del settore, nel 2021 in programma dal 16 al 19 ottobre.\" \/>\n<meta name=\"robots\" content=\"index, follow, max-snippet:-1, max-image-preview:large, max-video-preview:-1\" \/>\n<link rel=\"canonical\" href=\"https:\/\/emob-italia.it\/2023\/07\/14\/motus-e-litalia-supera-i-400-000-punti-di-ricarica\/\" \/>\n<meta property=\"og:locale\" content=\"en_US\" \/>\n<meta property=\"og:type\" content=\"article\" \/>\n<meta property=\"og:title\" content=\"Motus-E: l\u2019Italia supera i 400.000 punti di ricarica &#8226; e_mob\" \/>\n<meta property=\"og:description\" content=\"e_mob \u00e8 il tavolo permanente degli stakeholder della mobilit\u00e0 elettrica in Italia. Organizza ogni anno a Milano la Conferenza Nazionale del settore, nel 2021 in programma dal 16 al 19 ottobre.\" \/>\n<meta property=\"og:url\" content=\"https:\/\/emob-italia.it\/2023\/07\/14\/motus-e-litalia-supera-i-400-000-punti-di-ricarica\/\" \/>\n<meta property=\"og:site_name\" content=\"e_mob\" \/>\n<meta property=\"article:publisher\" content=\"https:\/\/www.facebook.com\/emobitalia\/\" \/>\n<meta property=\"article:published_time\" content=\"2023-07-14T18:11:40+00:00\" \/>\n<meta property=\"article:modified_time\" content=\"2024-03-05T19:37:56+00:00\" \/>\n<meta property=\"og:image\" content=\"https:\/\/emob-italia.it\/wp-content\/uploads\/2023\/07\/red-dot-iy8h-Cl8MLc-unsplash-scaled.jpg\" \/>\n\t<meta property=\"og:image:width\" content=\"2560\" \/>\n\t<meta property=\"og:image:height\" content=\"1920\" \/>\n\t<meta property=\"og:image:type\" content=\"image\/jpeg\" \/>\n<meta name=\"author\" content=\"Redazione\" \/>\n<meta name=\"twitter:label1\" content=\"Written by\" \/>\n\t<meta name=\"twitter:data1\" content=\"Redazione\" \/>\n\t<meta name=\"twitter:label2\" content=\"Est. reading time\" \/>\n\t<meta name=\"twitter:data2\" content=\"3 minutes\" \/>\n<script type=\"application\/ld+json\" class=\"yoast-schema-graph\">{\"@context\":\"https:\/\/schema.org\",\"@graph\":[{\"@type\":\"Article\",\"@id\":\"https:\/\/emob-italia.it\/2023\/07\/14\/motus-e-litalia-supera-i-400-000-punti-di-ricarica\/#article\",\"isPartOf\":{\"@id\":\"https:\/\/emob-italia.it\/2023\/07\/14\/motus-e-litalia-supera-i-400-000-punti-di-ricarica\/\"},\"author\":{\"name\":\"Redazione\",\"@id\":\"https:\/\/emob-italia.it\/#\/schema\/person\/59871c976b1a5e842e3d0b98901e4f6d\"},\"headline\":\"Motus-E: l\u2019Italia supera i 400.000 punti di ricarica\",\"datePublished\":\"2023-07-14T18:11:40+00:00\",\"dateModified\":\"2024-03-05T19:37:56+00:00\",\"mainEntityOfPage\":{\"@id\":\"https:\/\/emob-italia.it\/2023\/07\/14\/motus-e-litalia-supera-i-400-000-punti-di-ricarica\/\"},\"wordCount\":660,\"commentCount\":0,\"publisher\":{\"@id\":\"https:\/\/emob-italia.it\/#organization\"},\"image\":{\"@id\":\"https:\/\/emob-italia.it\/2023\/07\/14\/motus-e-litalia-supera-i-400-000-punti-di-ricarica\/#primaryimage\"},\"thumbnailUrl\":\"https:\/\/emob-italia.it\/wp-content\/uploads\/2023\/07\/red-dot-iy8h-Cl8MLc-unsplash-scaled.jpg\",\"keywords\":[\"Auto Elettriche\",\"infrastrutture di ricarica\",\"mobilit\u00e0 elettrica\",\"Mobilit\u00e0 Sostenibile\"],\"articleSection\":[\"Luglio 2023\",\"Notizie\",\"Notizie Newsletter\"],\"inLanguage\":\"en-US\",\"potentialAction\":[{\"@type\":\"CommentAction\",\"name\":\"Comment\",\"target\":[\"https:\/\/emob-italia.it\/2023\/07\/14\/motus-e-litalia-supera-i-400-000-punti-di-ricarica\/#respond\"]}]},{\"@type\":\"WebPage\",\"@id\":\"https:\/\/emob-italia.it\/2023\/07\/14\/motus-e-litalia-supera-i-400-000-punti-di-ricarica\/\",\"url\":\"https:\/\/emob-italia.it\/2023\/07\/14\/motus-e-litalia-supera-i-400-000-punti-di-ricarica\/\",\"name\":\"Motus-E: l\u2019Italia supera i 400.000 punti di ricarica &#8226; e_mob\",\"isPartOf\":{\"@id\":\"https:\/\/emob-italia.it\/#website\"},\"primaryImageOfPage\":{\"@id\":\"https:\/\/emob-italia.it\/2023\/07\/14\/motus-e-litalia-supera-i-400-000-punti-di-ricarica\/#primaryimage\"},\"image\":{\"@id\":\"https:\/\/emob-italia.it\/2023\/07\/14\/motus-e-litalia-supera-i-400-000-punti-di-ricarica\/#primaryimage\"},\"thumbnailUrl\":\"https:\/\/emob-italia.it\/wp-content\/uploads\/2023\/07\/red-dot-iy8h-Cl8MLc-unsplash-scaled.jpg\",\"datePublished\":\"2023-07-14T18:11:40+00:00\",\"dateModified\":\"2024-03-05T19:37:56+00:00\",\"description\":\"e_mob \u00e8 il tavolo permanente degli stakeholder della mobilit\u00e0 elettrica in Italia. Organizza ogni anno a Milano la Conferenza Nazionale del settore, nel 2021 in programma dal 16 al 19 ottobre.\",\"breadcrumb\":{\"@id\":\"https:\/\/emob-italia.it\/2023\/07\/14\/motus-e-litalia-supera-i-400-000-punti-di-ricarica\/#breadcrumb\"},\"inLanguage\":\"en-US\",\"potentialAction\":[{\"@type\":\"ReadAction\",\"target\":[\"https:\/\/emob-italia.it\/2023\/07\/14\/motus-e-litalia-supera-i-400-000-punti-di-ricarica\/\"]}]},{\"@type\":\"ImageObject\",\"inLanguage\":\"en-US\",\"@id\":\"https:\/\/emob-italia.it\/2023\/07\/14\/motus-e-litalia-supera-i-400-000-punti-di-ricarica\/#primaryimage\",\"url\":\"https:\/\/emob-italia.it\/wp-content\/uploads\/2023\/07\/red-dot-iy8h-Cl8MLc-unsplash-scaled.jpg\",\"contentUrl\":\"https:\/\/emob-italia.it\/wp-content\/uploads\/2023\/07\/red-dot-iy8h-Cl8MLc-unsplash-scaled.jpg\",\"width\":2560,\"height\":1920,\"caption\":\"motus e\"},{\"@type\":\"BreadcrumbList\",\"@id\":\"https:\/\/emob-italia.it\/2023\/07\/14\/motus-e-litalia-supera-i-400-000-punti-di-ricarica\/#breadcrumb\",\"itemListElement\":[{\"@type\":\"ListItem\",\"position\":1,\"name\":\"Home\",\"item\":\"https:\/\/emob-italia.it\/en\/\"},{\"@type\":\"ListItem\",\"position\":2,\"name\":\"Motus-E: l\u2019Italia supera i 400.000 punti di ricarica\"}]},{\"@type\":\"WebSite\",\"@id\":\"https:\/\/emob-italia.it\/#website\",\"url\":\"https:\/\/emob-italia.it\/\",\"name\":\"e_mob\",\"description\":\"Mobilit\u00e0 Elettrica\",\"publisher\":{\"@id\":\"https:\/\/emob-italia.it\/#organization\"},\"potentialAction\":[{\"@type\":\"SearchAction\",\"target\":{\"@type\":\"EntryPoint\",\"urlTemplate\":\"https:\/\/emob-italia.it\/?s={search_term_string}\"},\"query-input\":\"required name=search_term_string\"}],\"inLanguage\":\"en-US\"},{\"@type\":\"Organization\",\"@id\":\"https:\/\/emob-italia.it\/#organization\",\"name\":\"Class Onlus\",\"url\":\"https:\/\/emob-italia.it\/\",\"logo\":{\"@type\":\"ImageObject\",\"inLanguage\":\"en-US\",\"@id\":\"https:\/\/emob-italia.it\/#\/schema\/logo\/image\/\",\"url\":\"https:\/\/emob-italia.it\/wp-content\/uploads\/2019\/03\/0_CLASS-ONLUS-logo-web.png\",\"contentUrl\":\"https:\/\/emob-italia.it\/wp-content\/uploads\/2019\/03\/0_CLASS-ONLUS-logo-web.png\",\"width\":598,\"height\":202,\"caption\":\"Class Onlus\"},\"image\":{\"@id\":\"https:\/\/emob-italia.it\/#\/schema\/logo\/image\/\"},\"sameAs\":[\"https:\/\/www.facebook.com\/emobitalia\/\",\"https:\/\/www.instagram.com\/e_mob_italia\/\",\"https:\/\/www.linkedin.com\/groups\/12186185\/\",\"https:\/\/www.youtube.com\/channel\/UCvnTcrhggAX_AkFwGxRfqFw\/featured?view_as=subscriber\"]},{\"@type\":\"Person\",\"@id\":\"https:\/\/emob-italia.it\/#\/schema\/person\/59871c976b1a5e842e3d0b98901e4f6d\",\"name\":\"Redazione\",\"image\":{\"@type\":\"ImageObject\",\"inLanguage\":\"en-US\",\"@id\":\"https:\/\/emob-italia.it\/#\/schema\/person\/image\/\",\"url\":\"https:\/\/secure.gravatar.com\/avatar\/5389093e19decc01f17a4f367aa6ce45?s=96&r=g\",\"contentUrl\":\"https:\/\/secure.gravatar.com\/avatar\/5389093e19decc01f17a4f367aa6ce45?s=96&r=g\",\"caption\":\"Redazione\"},\"url\":\"https:\/\/emob-italia.it\/en\/author\/redazione\/\"}]}<\/script>\n<!-- \/ Yoast SEO plugin. -->","yoast_head_json":{"title":"Motus-E: l\u2019Italia supera i 400.000 punti di ricarica &#8226; e_mob","description":"e_mob \u00e8 il tavolo permanente degli stakeholder della mobilit\u00e0 elettrica in Italia. Organizza ogni anno a Milano la Conferenza Nazionale del settore, nel 2021 in programma dal 16 al 19 ottobre.","robots":{"index":"index","follow":"follow","max-snippet":"max-snippet:-1","max-image-preview":"max-image-preview:large","max-video-preview":"max-video-preview:-1"},"canonical":"https:\/\/emob-italia.it\/2023\/07\/14\/motus-e-litalia-supera-i-400-000-punti-di-ricarica\/","og_locale":"en_US","og_type":"article","og_title":"Motus-E: l\u2019Italia supera i 400.000 punti di ricarica &#8226; e_mob","og_description":"e_mob \u00e8 il tavolo permanente degli stakeholder della mobilit\u00e0 elettrica in Italia. Organizza ogni anno a Milano la Conferenza Nazionale del settore, nel 2021 in programma dal 16 al 19 ottobre.","og_url":"https:\/\/emob-italia.it\/2023\/07\/14\/motus-e-litalia-supera-i-400-000-punti-di-ricarica\/","og_site_name":"e_mob","article_publisher":"https:\/\/www.facebook.com\/emobitalia\/","article_published_time":"2023-07-14T18:11:40+00:00","article_modified_time":"2024-03-05T19:37:56+00:00","og_image":[{"width":2560,"height":1920,"url":"https:\/\/emob-italia.it\/wp-content\/uploads\/2023\/07\/red-dot-iy8h-Cl8MLc-unsplash-scaled.jpg","type":"image\/jpeg"}],"author":"Redazione","twitter_misc":{"Written by":"Redazione","Est. reading time":"3 minutes"},"schema":{"@context":"https:\/\/schema.org","@graph":[{"@type":"Article","@id":"https:\/\/emob-italia.it\/2023\/07\/14\/motus-e-litalia-supera-i-400-000-punti-di-ricarica\/#article","isPartOf":{"@id":"https:\/\/emob-italia.it\/2023\/07\/14\/motus-e-litalia-supera-i-400-000-punti-di-ricarica\/"},"author":{"name":"Redazione","@id":"https:\/\/emob-italia.it\/#\/schema\/person\/59871c976b1a5e842e3d0b98901e4f6d"},"headline":"Motus-E: l\u2019Italia supera i 400.000 punti di ricarica","datePublished":"2023-07-14T18:11:40+00:00","dateModified":"2024-03-05T19:37:56+00:00","mainEntityOfPage":{"@id":"https:\/\/emob-italia.it\/2023\/07\/14\/motus-e-litalia-supera-i-400-000-punti-di-ricarica\/"},"wordCount":660,"commentCount":0,"publisher":{"@id":"https:\/\/emob-italia.it\/#organization"},"image":{"@id":"https:\/\/emob-italia.it\/2023\/07\/14\/motus-e-litalia-supera-i-400-000-punti-di-ricarica\/#primaryimage"},"thumbnailUrl":"https:\/\/emob-italia.it\/wp-content\/uploads\/2023\/07\/red-dot-iy8h-Cl8MLc-unsplash-scaled.jpg","keywords":["Auto Elettriche","infrastrutture di ricarica","mobilit\u00e0 elettrica","Mobilit\u00e0 Sostenibile"],"articleSection":["Luglio 2023","Notizie","Notizie Newsletter"],"inLanguage":"en-US","potentialAction":[{"@type":"CommentAction","name":"Comment","target":["https:\/\/emob-italia.it\/2023\/07\/14\/motus-e-litalia-supera-i-400-000-punti-di-ricarica\/#respond"]}]},{"@type":"WebPage","@id":"https:\/\/emob-italia.it\/2023\/07\/14\/motus-e-litalia-supera-i-400-000-punti-di-ricarica\/","url":"https:\/\/emob-italia.it\/2023\/07\/14\/motus-e-litalia-supera-i-400-000-punti-di-ricarica\/","name":"Motus-E: l\u2019Italia supera i 400.000 punti di ricarica &#8226; e_mob","isPartOf":{"@id":"https:\/\/emob-italia.it\/#website"},"primaryImageOfPage":{"@id":"https:\/\/emob-italia.it\/2023\/07\/14\/motus-e-litalia-supera-i-400-000-punti-di-ricarica\/#primaryimage"},"image":{"@id":"https:\/\/emob-italia.it\/2023\/07\/14\/motus-e-litalia-supera-i-400-000-punti-di-ricarica\/#primaryimage"},"thumbnailUrl":"https:\/\/emob-italia.it\/wp-content\/uploads\/2023\/07\/red-dot-iy8h-Cl8MLc-unsplash-scaled.jpg","datePublished":"2023-07-14T18:11:40+00:00","dateModified":"2024-03-05T19:37:56+00:00","description":"e_mob \u00e8 il tavolo permanente degli stakeholder della mobilit\u00e0 elettrica in Italia. Organizza ogni anno a Milano la Conferenza Nazionale del settore, nel 2021 in programma dal 16 al 19 ottobre.","breadcrumb":{"@id":"https:\/\/emob-italia.it\/2023\/07\/14\/motus-e-litalia-supera-i-400-000-punti-di-ricarica\/#breadcrumb"},"inLanguage":"en-US","potentialAction":[{"@type":"ReadAction","target":["https:\/\/emob-italia.it\/2023\/07\/14\/motus-e-litalia-supera-i-400-000-punti-di-ricarica\/"]}]},{"@type":"ImageObject","inLanguage":"en-US","@id":"https:\/\/emob-italia.it\/2023\/07\/14\/motus-e-litalia-supera-i-400-000-punti-di-ricarica\/#primaryimage","url":"https:\/\/emob-italia.it\/wp-content\/uploads\/2023\/07\/red-dot-iy8h-Cl8MLc-unsplash-scaled.jpg","contentUrl":"https:\/\/emob-italia.it\/wp-content\/uploads\/2023\/07\/red-dot-iy8h-Cl8MLc-unsplash-scaled.jpg","width":2560,"height":1920,"caption":"motus e"},{"@type":"BreadcrumbList","@id":"https:\/\/emob-italia.it\/2023\/07\/14\/motus-e-litalia-supera-i-400-000-punti-di-ricarica\/#breadcrumb","itemListElement":[{"@type":"ListItem","position":1,"name":"Home","item":"https:\/\/emob-italia.it\/en\/"},{"@type":"ListItem","position":2,"name":"Motus-E: l\u2019Italia supera i 400.000 punti di ricarica"}]},{"@type":"WebSite","@id":"https:\/\/emob-italia.it\/#website","url":"https:\/\/emob-italia.it\/","name":"e_mob","description":"Mobilit\u00e0 Elettrica","publisher":{"@id":"https:\/\/emob-italia.it\/#organization"},"potentialAction":[{"@type":"SearchAction","target":{"@type":"EntryPoint","urlTemplate":"https:\/\/emob-italia.it\/?s={search_term_string}"},"query-input":"required name=search_term_string"}],"inLanguage":"en-US"},{"@type":"Organization","@id":"https:\/\/emob-italia.it\/#organization","name":"Class Onlus","url":"https:\/\/emob-italia.it\/","logo":{"@type":"ImageObject","inLanguage":"en-US","@id":"https:\/\/emob-italia.it\/#\/schema\/logo\/image\/","url":"https:\/\/emob-italia.it\/wp-content\/uploads\/2019\/03\/0_CLASS-ONLUS-logo-web.png","contentUrl":"https:\/\/emob-italia.it\/wp-content\/uploads\/2019\/03\/0_CLASS-ONLUS-logo-web.png","width":598,"height":202,"caption":"Class Onlus"},"image":{"@id":"https:\/\/emob-italia.it\/#\/schema\/logo\/image\/"},"sameAs":["https:\/\/www.facebook.com\/emobitalia\/","https:\/\/www.instagram.com\/e_mob_italia\/","https:\/\/www.linkedin.com\/groups\/12186185\/","https:\/\/www.youtube.com\/channel\/UCvnTcrhggAX_AkFwGxRfqFw\/featured?view_as=subscriber"]},{"@type":"Person","@id":"https:\/\/emob-italia.it\/#\/schema\/person\/59871c976b1a5e842e3d0b98901e4f6d","name":"Redazione","image":{"@type":"ImageObject","inLanguage":"en-US","@id":"https:\/\/emob-italia.it\/#\/schema\/person\/image\/","url":"https:\/\/secure.gravatar.com\/avatar\/5389093e19decc01f17a4f367aa6ce45?s=96&r=g","contentUrl":"https:\/\/secure.gravatar.com\/avatar\/5389093e19decc01f17a4f367aa6ce45?s=96&r=g","caption":"Redazione"},"url":"https:\/\/emob-italia.it\/en\/author\/redazione\/"}]}},"_links":{"self":[{"href":"https:\/\/emob-italia.it\/en\/wp-json\/wp\/v2\/posts\/63908"}],"collection":[{"href":"https:\/\/emob-italia.it\/en\/wp-json\/wp\/v2\/posts"}],"about":[{"href":"https:\/\/emob-italia.it\/en\/wp-json\/wp\/v2\/types\/post"}],"author":[{"embeddable":true,"href":"https:\/\/emob-italia.it\/en\/wp-json\/wp\/v2\/users\/19"}],"replies":[{"embeddable":true,"href":"https:\/\/emob-italia.it\/en\/wp-json\/wp\/v2\/comments?post=63908"}],"version-history":[{"count":1,"href":"https:\/\/emob-italia.it\/en\/wp-json\/wp\/v2\/posts\/63908\/revisions"}],"predecessor-version":[{"id":64061,"href":"https:\/\/emob-italia.it\/en\/wp-json\/wp\/v2\/posts\/63908\/revisions\/64061"}],"wp:featuredmedia":[{"embeddable":true,"href":"https:\/\/emob-italia.it\/en\/wp-json\/wp\/v2\/media\/61825"}],"wp:attachment":[{"href":"https:\/\/emob-italia.it\/en\/wp-json\/wp\/v2\/media?parent=63908"}],"wp:term":[{"taxonomy":"category","embeddable":true,"href":"https:\/\/emob-italia.it\/en\/wp-json\/wp\/v2\/categories?post=63908"},{"taxonomy":"post_tag","embeddable":true,"href":"https:\/\/emob-italia.it\/en\/wp-json\/wp\/v2\/tags?post=63908"}],"curies":[{"name":"wp","href":"https:\/\/api.w.org\/{rel}","templated":true}]}}