{"id":63906,"date":"2023-07-14T20:11:26","date_gmt":"2023-07-14T18:11:26","guid":{"rendered":"https:\/\/emob-italia.it\/?p=63906"},"modified":"2024-03-05T20:36:26","modified_gmt":"2024-03-05T19:36:26","slug":"2030-la-mobilita-elettrica-traina-loccupazione-piu-17-000-posti","status":"publish","type":"post","link":"https:\/\/emob-italia.it\/en\/2023\/07\/14\/2030-la-mobilita-elettrica-traina-loccupazione-piu-17-000-posti\/","title":{"rendered":"2030: la mobilit\u00e0 elettrica traina l\u2019occupazione, pi\u00f9 17.000 posti"},"content":{"rendered":"\n<p>La transizione verso la mobilit\u00e0 elettrica porter\u00e0 benefici non solo per\u00a0l&#8217;ambiente e la salute pubblica, bens\u00ec anche all\u2019occupazione nel nostro Paese. <\/p>\n\n\n\n<p>Nel 2030 il settore automobilistico italiano conter\u00e0 296.800 posti di lavoro rispetto ai 280.000 del 2022, con una crescita del 6 per cento, seppur a patto di cogliere le principali sfide dell\u2019immediato futuro: il\u00a0riciclo dei componenti\u00a0e la\u00a0riconversione\u00a0delle piccole e medie imprese.<\/p>\n\n\n\n<p>A queste conclusioni \u00e8 giunta la ricerca&nbsp;\u201cL\u2019evoluzione del settore automotive in Italia. L\u2019impatto della mobilit\u00e0 sostenibile su economia e lavoro\u201d, condotta da&nbsp;<strong>Rome Business School<\/strong>.&nbsp;Uno studio che confuta una delle tesi pi\u00f9 critiche rispetto all\u2019accelerazione imposta dall\u2019Europa verso l\u2019elettrificazione del comparto che paventa la perdita di migliaia di posti di lavoro. Per le imprese specializzate nella produzione di componenti, la sola creazione di&nbsp;infrastrutture di ricarica&nbsp;dei veicoli elettrici \u2013 che si stima sia di 3,2 milioni di punti di ricarica domestici e 110.000 punti di ricarica pubblici \u2013 generer\u00e0 oltre 4.000 nuovi occupati diretti entro il 2030.<\/p>\n\n\n\n<p><strong>Fabrizio Zucca<\/strong>, esperto di automotive e sostenibilit\u00e0 che ha curato la ricerca, evidenzia che \u201c<em>sono a rischio tanti posti di lavoro,&nbsp;ma le piccole e medie imprese hanno la capacit\u00e0 e le conoscenze per adattarsi e cos\u00ec mitigare l\u2019impatto del passaggio alla mobilit\u00e0 elettrica<\/em>\u201d. Con queste prospettive, nell\u2019immediato futuro \u201c<em>\u00e8 fondamentale sostenere la loro riconversione verso nuove tecnologie e favorire l\u2019adozione&nbsp;di nuovi modelli di business&nbsp;per garantire la competitivit\u00e0 dell\u2019intero settore automobilistico italiano<\/em>\u201d.&nbsp;<\/p>\n\n\n\n<p>Le imprese sono pronte, spetta ora ai decisori premere sul pedale dell\u2019accelerazione dei progetti del Pnrr e di infrastrutturazione della rete stradale, ma anche della formazione e dell\u2019incentivo alla transizione economica ed ecologica.\u00a0<\/p>\n\n\n\n<p><a href=\"http:\/\/RBS_Report_Levoluzione-del-settore-automotive-in-Italia.pdf (romebusinessschool.com)\">Qui<\/a> per saperne di pi\u00f9.<\/p>\n\n\n\n<p><\/p>\n","protected":false},"excerpt":{"rendered":"<p>La mobilit\u00e0 elettrica avr\u00e0 ricadute positive sull\u2019occupazione: nel 2030 il settore conter\u00e0 296.800 posti di lavoro.<\/p>\n","protected":false},"author":19,"featured_media":0,"comment_status":"open","ping_status":"open","sticky":false,"template":"","format":"standard","meta":{"_et_pb_use_builder":"","_et_pb_old_content":"","_et_gb_content_width":"","_exactmetrics_skip_tracking":false,"_exactmetrics_sitenote_active":false,"_exactmetrics_sitenote_note":"","_exactmetrics_sitenote_category":0,"footnotes":""},"categories":[717,26,114],"tags":[8,594,10,11,357],"yoast_head":"<!-- This site is optimized with the Yoast SEO plugin v22.9 - https:\/\/yoast.com\/wordpress\/plugins\/seo\/ -->\n<title>2030: la mobilit\u00e0 elettrica traina l\u2019occupazione, pi\u00f9 17.000 posti &#8226; e_mob<\/title>\n<meta name=\"description\" content=\"e_mob \u00e8 il tavolo permanente degli stakeholder della mobilit\u00e0 elettrica in Italia. Organizza ogni anno a Milano la Conferenza Nazionale del settore, nel 2021 in programma dal 16 al 19 ottobre.\" \/>\n<meta name=\"robots\" content=\"index, follow, max-snippet:-1, max-image-preview:large, max-video-preview:-1\" \/>\n<link rel=\"canonical\" href=\"https:\/\/emob-italia.it\/2023\/07\/14\/2030-la-mobilita-elettrica-traina-loccupazione-piu-17-000-posti\/\" \/>\n<meta property=\"og:locale\" content=\"en_US\" \/>\n<meta property=\"og:type\" content=\"article\" \/>\n<meta property=\"og:title\" content=\"2030: la mobilit\u00e0 elettrica traina l\u2019occupazione, pi\u00f9 17.000 posti &#8226; e_mob\" \/>\n<meta property=\"og:description\" content=\"e_mob \u00e8 il tavolo permanente degli stakeholder della mobilit\u00e0 elettrica in Italia. Organizza ogni anno a Milano la Conferenza Nazionale del settore, nel 2021 in programma dal 16 al 19 ottobre.\" \/>\n<meta property=\"og:url\" content=\"https:\/\/emob-italia.it\/2023\/07\/14\/2030-la-mobilita-elettrica-traina-loccupazione-piu-17-000-posti\/\" \/>\n<meta property=\"og:site_name\" content=\"e_mob\" \/>\n<meta property=\"article:publisher\" content=\"https:\/\/www.facebook.com\/emobitalia\/\" \/>\n<meta property=\"article:published_time\" content=\"2023-07-14T18:11:26+00:00\" \/>\n<meta property=\"article:modified_time\" content=\"2024-03-05T19:36:26+00:00\" \/>\n<meta property=\"og:image\" content=\"https:\/\/emob-italia.it\/wp-content\/uploads\/2019\/09\/emob-logo-registrato.png\" \/>\n\t<meta property=\"og:image:width\" content=\"400\" \/>\n\t<meta property=\"og:image:height\" content=\"110\" \/>\n\t<meta property=\"og:image:type\" content=\"image\/png\" \/>\n<meta name=\"author\" content=\"Redazione\" \/>\n<meta name=\"twitter:label1\" content=\"Written by\" \/>\n\t<meta name=\"twitter:data1\" content=\"Redazione\" \/>\n\t<meta name=\"twitter:label2\" content=\"Est. reading time\" \/>\n\t<meta name=\"twitter:data2\" content=\"1 minute\" \/>\n<script type=\"application\/ld+json\" class=\"yoast-schema-graph\">{\"@context\":\"https:\/\/schema.org\",\"@graph\":[{\"@type\":\"Article\",\"@id\":\"https:\/\/emob-italia.it\/2023\/07\/14\/2030-la-mobilita-elettrica-traina-loccupazione-piu-17-000-posti\/#article\",\"isPartOf\":{\"@id\":\"https:\/\/emob-italia.it\/2023\/07\/14\/2030-la-mobilita-elettrica-traina-loccupazione-piu-17-000-posti\/\"},\"author\":{\"name\":\"Redazione\",\"@id\":\"https:\/\/emob-italia.it\/#\/schema\/person\/59871c976b1a5e842e3d0b98901e4f6d\"},\"headline\":\"2030: la mobilit\u00e0 elettrica traina l\u2019occupazione, pi\u00f9 17.000 posti\",\"datePublished\":\"2023-07-14T18:11:26+00:00\",\"dateModified\":\"2024-03-05T19:36:26+00:00\",\"mainEntityOfPage\":{\"@id\":\"https:\/\/emob-italia.it\/2023\/07\/14\/2030-la-mobilita-elettrica-traina-loccupazione-piu-17-000-posti\/\"},\"wordCount\":297,\"commentCount\":0,\"publisher\":{\"@id\":\"https:\/\/emob-italia.it\/#organization\"},\"keywords\":[\"Auto Elettriche\",\"lavoro\",\"mobilit\u00e0 elettrica\",\"Mobilit\u00e0 Sostenibile\",\"veicoli elettrici\"],\"articleSection\":[\"Luglio 2023\",\"Notizie\",\"Notizie Newsletter\"],\"inLanguage\":\"en-US\",\"potentialAction\":[{\"@type\":\"CommentAction\",\"name\":\"Comment\",\"target\":[\"https:\/\/emob-italia.it\/2023\/07\/14\/2030-la-mobilita-elettrica-traina-loccupazione-piu-17-000-posti\/#respond\"]}]},{\"@type\":\"WebPage\",\"@id\":\"https:\/\/emob-italia.it\/2023\/07\/14\/2030-la-mobilita-elettrica-traina-loccupazione-piu-17-000-posti\/\",\"url\":\"https:\/\/emob-italia.it\/2023\/07\/14\/2030-la-mobilita-elettrica-traina-loccupazione-piu-17-000-posti\/\",\"name\":\"2030: la mobilit\u00e0 elettrica traina l\u2019occupazione, pi\u00f9 17.000 posti &#8226; e_mob\",\"isPartOf\":{\"@id\":\"https:\/\/emob-italia.it\/#website\"},\"datePublished\":\"2023-07-14T18:11:26+00:00\",\"dateModified\":\"2024-03-05T19:36:26+00:00\",\"description\":\"e_mob \u00e8 il tavolo permanente degli stakeholder della mobilit\u00e0 elettrica in Italia. Organizza ogni anno a Milano la Conferenza Nazionale del settore, nel 2021 in programma dal 16 al 19 ottobre.\",\"breadcrumb\":{\"@id\":\"https:\/\/emob-italia.it\/2023\/07\/14\/2030-la-mobilita-elettrica-traina-loccupazione-piu-17-000-posti\/#breadcrumb\"},\"inLanguage\":\"en-US\",\"potentialAction\":[{\"@type\":\"ReadAction\",\"target\":[\"https:\/\/emob-italia.it\/2023\/07\/14\/2030-la-mobilita-elettrica-traina-loccupazione-piu-17-000-posti\/\"]}]},{\"@type\":\"BreadcrumbList\",\"@id\":\"https:\/\/emob-italia.it\/2023\/07\/14\/2030-la-mobilita-elettrica-traina-loccupazione-piu-17-000-posti\/#breadcrumb\",\"itemListElement\":[{\"@type\":\"ListItem\",\"position\":1,\"name\":\"Home\",\"item\":\"https:\/\/emob-italia.it\/en\/\"},{\"@type\":\"ListItem\",\"position\":2,\"name\":\"2030: la mobilit\u00e0 elettrica traina l\u2019occupazione, pi\u00f9 17.000 posti\"}]},{\"@type\":\"WebSite\",\"@id\":\"https:\/\/emob-italia.it\/#website\",\"url\":\"https:\/\/emob-italia.it\/\",\"name\":\"e_mob\",\"description\":\"Mobilit\u00e0 Elettrica\",\"publisher\":{\"@id\":\"https:\/\/emob-italia.it\/#organization\"},\"potentialAction\":[{\"@type\":\"SearchAction\",\"target\":{\"@type\":\"EntryPoint\",\"urlTemplate\":\"https:\/\/emob-italia.it\/?s={search_term_string}\"},\"query-input\":\"required name=search_term_string\"}],\"inLanguage\":\"en-US\"},{\"@type\":\"Organization\",\"@id\":\"https:\/\/emob-italia.it\/#organization\",\"name\":\"Class Onlus\",\"url\":\"https:\/\/emob-italia.it\/\",\"logo\":{\"@type\":\"ImageObject\",\"inLanguage\":\"en-US\",\"@id\":\"https:\/\/emob-italia.it\/#\/schema\/logo\/image\/\",\"url\":\"https:\/\/emob-italia.it\/wp-content\/uploads\/2019\/03\/0_CLASS-ONLUS-logo-web.png\",\"contentUrl\":\"https:\/\/emob-italia.it\/wp-content\/uploads\/2019\/03\/0_CLASS-ONLUS-logo-web.png\",\"width\":598,\"height\":202,\"caption\":\"Class Onlus\"},\"image\":{\"@id\":\"https:\/\/emob-italia.it\/#\/schema\/logo\/image\/\"},\"sameAs\":[\"https:\/\/www.facebook.com\/emobitalia\/\",\"https:\/\/www.instagram.com\/e_mob_italia\/\",\"https:\/\/www.linkedin.com\/groups\/12186185\/\",\"https:\/\/www.youtube.com\/channel\/UCvnTcrhggAX_AkFwGxRfqFw\/featured?view_as=subscriber\"]},{\"@type\":\"Person\",\"@id\":\"https:\/\/emob-italia.it\/#\/schema\/person\/59871c976b1a5e842e3d0b98901e4f6d\",\"name\":\"Redazione\",\"image\":{\"@type\":\"ImageObject\",\"inLanguage\":\"en-US\",\"@id\":\"https:\/\/emob-italia.it\/#\/schema\/person\/image\/\",\"url\":\"https:\/\/secure.gravatar.com\/avatar\/5389093e19decc01f17a4f367aa6ce45?s=96&r=g\",\"contentUrl\":\"https:\/\/secure.gravatar.com\/avatar\/5389093e19decc01f17a4f367aa6ce45?s=96&r=g\",\"caption\":\"Redazione\"},\"url\":\"https:\/\/emob-italia.it\/en\/author\/redazione\/\"}]}<\/script>\n<!-- \/ Yoast SEO plugin. -->","yoast_head_json":{"title":"2030: la mobilit\u00e0 elettrica traina l\u2019occupazione, pi\u00f9 17.000 posti &#8226; e_mob","description":"e_mob \u00e8 il tavolo permanente degli stakeholder della mobilit\u00e0 elettrica in Italia. Organizza ogni anno a Milano la Conferenza Nazionale del settore, nel 2021 in programma dal 16 al 19 ottobre.","robots":{"index":"index","follow":"follow","max-snippet":"max-snippet:-1","max-image-preview":"max-image-preview:large","max-video-preview":"max-video-preview:-1"},"canonical":"https:\/\/emob-italia.it\/2023\/07\/14\/2030-la-mobilita-elettrica-traina-loccupazione-piu-17-000-posti\/","og_locale":"en_US","og_type":"article","og_title":"2030: la mobilit\u00e0 elettrica traina l\u2019occupazione, pi\u00f9 17.000 posti &#8226; e_mob","og_description":"e_mob \u00e8 il tavolo permanente degli stakeholder della mobilit\u00e0 elettrica in Italia. Organizza ogni anno a Milano la Conferenza Nazionale del settore, nel 2021 in programma dal 16 al 19 ottobre.","og_url":"https:\/\/emob-italia.it\/2023\/07\/14\/2030-la-mobilita-elettrica-traina-loccupazione-piu-17-000-posti\/","og_site_name":"e_mob","article_publisher":"https:\/\/www.facebook.com\/emobitalia\/","article_published_time":"2023-07-14T18:11:26+00:00","article_modified_time":"2024-03-05T19:36:26+00:00","og_image":[{"width":400,"height":110,"url":"https:\/\/emob-italia.it\/wp-content\/uploads\/2019\/09\/emob-logo-registrato.png","type":"image\/png"}],"author":"Redazione","twitter_misc":{"Written by":"Redazione","Est. reading time":"1 minute"},"schema":{"@context":"https:\/\/schema.org","@graph":[{"@type":"Article","@id":"https:\/\/emob-italia.it\/2023\/07\/14\/2030-la-mobilita-elettrica-traina-loccupazione-piu-17-000-posti\/#article","isPartOf":{"@id":"https:\/\/emob-italia.it\/2023\/07\/14\/2030-la-mobilita-elettrica-traina-loccupazione-piu-17-000-posti\/"},"author":{"name":"Redazione","@id":"https:\/\/emob-italia.it\/#\/schema\/person\/59871c976b1a5e842e3d0b98901e4f6d"},"headline":"2030: la mobilit\u00e0 elettrica traina l\u2019occupazione, pi\u00f9 17.000 posti","datePublished":"2023-07-14T18:11:26+00:00","dateModified":"2024-03-05T19:36:26+00:00","mainEntityOfPage":{"@id":"https:\/\/emob-italia.it\/2023\/07\/14\/2030-la-mobilita-elettrica-traina-loccupazione-piu-17-000-posti\/"},"wordCount":297,"commentCount":0,"publisher":{"@id":"https:\/\/emob-italia.it\/#organization"},"keywords":["Auto Elettriche","lavoro","mobilit\u00e0 elettrica","Mobilit\u00e0 Sostenibile","veicoli elettrici"],"articleSection":["Luglio 2023","Notizie","Notizie Newsletter"],"inLanguage":"en-US","potentialAction":[{"@type":"CommentAction","name":"Comment","target":["https:\/\/emob-italia.it\/2023\/07\/14\/2030-la-mobilita-elettrica-traina-loccupazione-piu-17-000-posti\/#respond"]}]},{"@type":"WebPage","@id":"https:\/\/emob-italia.it\/2023\/07\/14\/2030-la-mobilita-elettrica-traina-loccupazione-piu-17-000-posti\/","url":"https:\/\/emob-italia.it\/2023\/07\/14\/2030-la-mobilita-elettrica-traina-loccupazione-piu-17-000-posti\/","name":"2030: la mobilit\u00e0 elettrica traina l\u2019occupazione, pi\u00f9 17.000 posti &#8226; e_mob","isPartOf":{"@id":"https:\/\/emob-italia.it\/#website"},"datePublished":"2023-07-14T18:11:26+00:00","dateModified":"2024-03-05T19:36:26+00:00","description":"e_mob \u00e8 il tavolo permanente degli stakeholder della mobilit\u00e0 elettrica in Italia. Organizza ogni anno a Milano la Conferenza Nazionale del settore, nel 2021 in programma dal 16 al 19 ottobre.","breadcrumb":{"@id":"https:\/\/emob-italia.it\/2023\/07\/14\/2030-la-mobilita-elettrica-traina-loccupazione-piu-17-000-posti\/#breadcrumb"},"inLanguage":"en-US","potentialAction":[{"@type":"ReadAction","target":["https:\/\/emob-italia.it\/2023\/07\/14\/2030-la-mobilita-elettrica-traina-loccupazione-piu-17-000-posti\/"]}]},{"@type":"BreadcrumbList","@id":"https:\/\/emob-italia.it\/2023\/07\/14\/2030-la-mobilita-elettrica-traina-loccupazione-piu-17-000-posti\/#breadcrumb","itemListElement":[{"@type":"ListItem","position":1,"name":"Home","item":"https:\/\/emob-italia.it\/en\/"},{"@type":"ListItem","position":2,"name":"2030: la mobilit\u00e0 elettrica traina l\u2019occupazione, pi\u00f9 17.000 posti"}]},{"@type":"WebSite","@id":"https:\/\/emob-italia.it\/#website","url":"https:\/\/emob-italia.it\/","name":"e_mob","description":"Mobilit\u00e0 Elettrica","publisher":{"@id":"https:\/\/emob-italia.it\/#organization"},"potentialAction":[{"@type":"SearchAction","target":{"@type":"EntryPoint","urlTemplate":"https:\/\/emob-italia.it\/?s={search_term_string}"},"query-input":"required name=search_term_string"}],"inLanguage":"en-US"},{"@type":"Organization","@id":"https:\/\/emob-italia.it\/#organization","name":"Class Onlus","url":"https:\/\/emob-italia.it\/","logo":{"@type":"ImageObject","inLanguage":"en-US","@id":"https:\/\/emob-italia.it\/#\/schema\/logo\/image\/","url":"https:\/\/emob-italia.it\/wp-content\/uploads\/2019\/03\/0_CLASS-ONLUS-logo-web.png","contentUrl":"https:\/\/emob-italia.it\/wp-content\/uploads\/2019\/03\/0_CLASS-ONLUS-logo-web.png","width":598,"height":202,"caption":"Class Onlus"},"image":{"@id":"https:\/\/emob-italia.it\/#\/schema\/logo\/image\/"},"sameAs":["https:\/\/www.facebook.com\/emobitalia\/","https:\/\/www.instagram.com\/e_mob_italia\/","https:\/\/www.linkedin.com\/groups\/12186185\/","https:\/\/www.youtube.com\/channel\/UCvnTcrhggAX_AkFwGxRfqFw\/featured?view_as=subscriber"]},{"@type":"Person","@id":"https:\/\/emob-italia.it\/#\/schema\/person\/59871c976b1a5e842e3d0b98901e4f6d","name":"Redazione","image":{"@type":"ImageObject","inLanguage":"en-US","@id":"https:\/\/emob-italia.it\/#\/schema\/person\/image\/","url":"https:\/\/secure.gravatar.com\/avatar\/5389093e19decc01f17a4f367aa6ce45?s=96&r=g","contentUrl":"https:\/\/secure.gravatar.com\/avatar\/5389093e19decc01f17a4f367aa6ce45?s=96&r=g","caption":"Redazione"},"url":"https:\/\/emob-italia.it\/en\/author\/redazione\/"}]}},"_links":{"self":[{"href":"https:\/\/emob-italia.it\/en\/wp-json\/wp\/v2\/posts\/63906"}],"collection":[{"href":"https:\/\/emob-italia.it\/en\/wp-json\/wp\/v2\/posts"}],"about":[{"href":"https:\/\/emob-italia.it\/en\/wp-json\/wp\/v2\/types\/post"}],"author":[{"embeddable":true,"href":"https:\/\/emob-italia.it\/en\/wp-json\/wp\/v2\/users\/19"}],"replies":[{"embeddable":true,"href":"https:\/\/emob-italia.it\/en\/wp-json\/wp\/v2\/comments?post=63906"}],"version-history":[{"count":1,"href":"https:\/\/emob-italia.it\/en\/wp-json\/wp\/v2\/posts\/63906\/revisions"}],"predecessor-version":[{"id":64059,"href":"https:\/\/emob-italia.it\/en\/wp-json\/wp\/v2\/posts\/63906\/revisions\/64059"}],"wp:attachment":[{"href":"https:\/\/emob-italia.it\/en\/wp-json\/wp\/v2\/media?parent=63906"}],"wp:term":[{"taxonomy":"category","embeddable":true,"href":"https:\/\/emob-italia.it\/en\/wp-json\/wp\/v2\/categories?post=63906"},{"taxonomy":"post_tag","embeddable":true,"href":"https:\/\/emob-italia.it\/en\/wp-json\/wp\/v2\/tags?post=63906"}],"curies":[{"name":"wp","href":"https:\/\/api.w.org\/{rel}","templated":true}]}}