{"id":63905,"date":"2023-07-14T20:11:14","date_gmt":"2023-07-14T18:11:14","guid":{"rendered":"https:\/\/emob-italia.it\/?p=63905"},"modified":"2024-03-05T20:36:08","modified_gmt":"2024-03-05T19:36:08","slug":"e-gap-colonnine-di-ricarica-senza-rete","status":"publish","type":"post","link":"https:\/\/emob-italia.it\/en\/2023\/07\/14\/e-gap-colonnine-di-ricarica-senza-rete\/","title":{"rendered":"E-Gap: colonnine di ricarica senza rete"},"content":{"rendered":"\n<p>Gli operatori del settore conoscono bene le difficolt\u00e0 burocratiche di un allacciamento alla distribuzione elettrica su suolo pubblico. Il player pu\u00f2 essere pronto ad installare una certa quantit\u00e0 di colonnine di ricarica, ma sa che dovr\u00e0 attendere non poco per l\u2019allacciamento alla rete. La soluzione pu\u00f2 anche fare a meno della rete.<\/p>\n\n\n\n<p>Con questo obiettivo, E-Gap&nbsp;ha lanciato&nbsp;E-Gap Fast, la prima colonnina off-grid di&nbsp;ricarica ultrafast,&nbsp;firmata da&nbsp;Pininfarina,&nbsp;che non necessita del collegamento alla rete energetica di distribuzione.<\/p>\n\n\n\n<p>La colonnina, realizzata interamente da&nbsp;E-Gap Engineering, conterr\u00e0 una batteria da&nbsp;200 kWh&nbsp;che accumuler\u00e0 energia anche quando non utilizzata e combiner\u00e0 in maniera dinamica la ricarica fast, con una potenza di ricarica massima di 120kW (distribuibile anche su due veicoli con una potenza di 60kW ciascuno), e la ricarica lenta, fino a 5 colonnine di ricarica da 22 kW.<\/p>\n\n\n\n<p>L\u2019idea nasce per accogliere le esigenze di chi, per ragioni tecniche, di tempistiche e di opportunit\u00e0, ha necessit\u00e0 di avvalersi di soluzioni di ricarica off-grid, con elevate performance e totalmente integrate.<\/p>\n\n\n\n<p>Questa soluzione di ricarica si integra in una piattaforma di servizi unica di E-Gap che permette anche di usufruire dei servizi offerti dai van, denominati&nbsp;E-Gap Fast Delivery, e da E-GAP Trolley, un sistema di ricarica portatile con batteria integrata capace di fornire un&#8217;autonomia di circa 25 km in 30 minuti.<\/p>\n\n\n\n<p>Pininfarina ha collaborato alla progettazione di E-Gap Fast partendo dall\u2019esperienza degli utenti, lavorando poi sul design del prodotto e definendo infine l\u2019interfaccia utente. In termini di design fisico, E-Gap Fast presenta&nbsp;due attacchi di ricarica&nbsp;dotati di un\u2019interfaccia luminosa che ha l\u2019obiettivo di comunicare in maniera intuitiva lo stato di ricarica del veicolo. La lunghezza del cavo di ricarica \u00e8 stata massimizzata, per facilitarne l\u2019utilizzo. Il lato posteriore di E-Gap Fast \u00e8 dotato di schermi LED di grandi dimensioni, utilizzabili sia per l\u2019interazione con l\u2019utente, sia per la proiezione di immagini e video.<\/p>\n\n\n\n<p>\u00ab<em>Ancora una volta sorprendiamo il mercato della transizione energetica e della mobilit\u00e0 con una soluzione ultraveloce e indipendente dalle problematiche della rete e, ancora una volta, l\u2019Italia si dimostra leader mondiale e innovatrice nel mondo dell\u2019energia<\/em> \u2013 ha dichiarato\u00a0<strong>Eugenio de Blasio<\/strong>, Fondatore e Presidente di E-Gap. <em>Soluzioni di ricarica innovative come E-Gap Fast sono il risultato concreto della capacit\u00e0 di E-Gap di convertire la propria tecnologia all\u2019avanguardia in un servizio, grazie alle eccellenze ingegneristiche del polo produttivo E-Gap Engineering. Auspichiamo che le soluzioni di ricarica di E-Gap, dai van alla colonnina off-grid, contribuiscano ad accrescere la domanda di auto non inquinanti e, di conseguenza, al raggiungimento dei sempre pi\u00f9 urgenti obiettivi di mobilit\u00e0 sostenibile italiani ed europei<\/em>\u00bb.<\/p>\n\n\n\n<p><a href=\"https:\/\/www.e-gap.com\/\">Qui<\/a> per maggiori dettagli.<\/p>\n\n\n\n<p>Crediti foto <a href=\"https:\/\/unsplash.com\/it\/@possessedphotography\">Possessed Photography<\/a> @unsplash.com<\/p>\n","protected":false},"excerpt":{"rendered":"<p>E-Gap Fast, la prima colonnina off-grid di\u00a0ricarica ultrafast,\u00a0firmata da\u00a0Pininfarina,\u00a0che non necessita del collegamento alla rete.<\/p>\n","protected":false},"author":19,"featured_media":61835,"comment_status":"open","ping_status":"open","sticky":false,"template":"","format":"standard","meta":{"_et_pb_use_builder":"","_et_pb_old_content":"","_et_gb_content_width":"","_exactmetrics_skip_tracking":false,"_exactmetrics_sitenote_active":false,"_exactmetrics_sitenote_note":"","_exactmetrics_sitenote_category":0,"footnotes":""},"categories":[717,26,114],"tags":[8,10,11,357],"yoast_head":"<!-- This site is optimized with the Yoast SEO plugin v22.9 - https:\/\/yoast.com\/wordpress\/plugins\/seo\/ -->\n<title>E-Gap: colonnine di ricarica senza rete &#8226; e_mob<\/title>\n<meta name=\"description\" content=\"e_mob \u00e8 il tavolo permanente degli stakeholder della mobilit\u00e0 elettrica in Italia. Organizza ogni anno a Milano la Conferenza Nazionale del settore, nel 2021 in programma dal 16 al 19 ottobre.\" \/>\n<meta name=\"robots\" content=\"index, follow, max-snippet:-1, max-image-preview:large, max-video-preview:-1\" \/>\n<link rel=\"canonical\" href=\"https:\/\/emob-italia.it\/2023\/07\/14\/e-gap-colonnine-di-ricarica-senza-rete\/\" \/>\n<meta property=\"og:locale\" content=\"en_US\" \/>\n<meta property=\"og:type\" content=\"article\" \/>\n<meta property=\"og:title\" content=\"E-Gap: colonnine di ricarica senza rete &#8226; e_mob\" \/>\n<meta property=\"og:description\" content=\"e_mob \u00e8 il tavolo permanente degli stakeholder della mobilit\u00e0 elettrica in Italia. Organizza ogni anno a Milano la Conferenza Nazionale del settore, nel 2021 in programma dal 16 al 19 ottobre.\" \/>\n<meta property=\"og:url\" content=\"https:\/\/emob-italia.it\/2023\/07\/14\/e-gap-colonnine-di-ricarica-senza-rete\/\" \/>\n<meta property=\"og:site_name\" content=\"e_mob\" \/>\n<meta property=\"article:publisher\" content=\"https:\/\/www.facebook.com\/emobitalia\/\" \/>\n<meta property=\"article:published_time\" content=\"2023-07-14T18:11:14+00:00\" \/>\n<meta property=\"article:modified_time\" content=\"2024-03-05T19:36:08+00:00\" \/>\n<meta property=\"og:image\" content=\"https:\/\/emob-italia.it\/wp-content\/uploads\/2023\/07\/possessed-photography-PuwfRakCJvk-unsplash-scaled.jpg\" \/>\n\t<meta property=\"og:image:width\" content=\"2560\" \/>\n\t<meta property=\"og:image:height\" content=\"1920\" \/>\n\t<meta property=\"og:image:type\" content=\"image\/jpeg\" \/>\n<meta name=\"author\" content=\"Redazione\" \/>\n<meta name=\"twitter:label1\" content=\"Written by\" \/>\n\t<meta name=\"twitter:data1\" content=\"Redazione\" \/>\n\t<meta name=\"twitter:label2\" content=\"Est. reading time\" \/>\n\t<meta name=\"twitter:data2\" content=\"2 minutes\" \/>\n<script type=\"application\/ld+json\" class=\"yoast-schema-graph\">{\"@context\":\"https:\/\/schema.org\",\"@graph\":[{\"@type\":\"Article\",\"@id\":\"https:\/\/emob-italia.it\/2023\/07\/14\/e-gap-colonnine-di-ricarica-senza-rete\/#article\",\"isPartOf\":{\"@id\":\"https:\/\/emob-italia.it\/2023\/07\/14\/e-gap-colonnine-di-ricarica-senza-rete\/\"},\"author\":{\"name\":\"Redazione\",\"@id\":\"https:\/\/emob-italia.it\/#\/schema\/person\/59871c976b1a5e842e3d0b98901e4f6d\"},\"headline\":\"E-Gap: colonnine di ricarica senza rete\",\"datePublished\":\"2023-07-14T18:11:14+00:00\",\"dateModified\":\"2024-03-05T19:36:08+00:00\",\"mainEntityOfPage\":{\"@id\":\"https:\/\/emob-italia.it\/2023\/07\/14\/e-gap-colonnine-di-ricarica-senza-rete\/\"},\"wordCount\":466,\"commentCount\":0,\"publisher\":{\"@id\":\"https:\/\/emob-italia.it\/#organization\"},\"image\":{\"@id\":\"https:\/\/emob-italia.it\/2023\/07\/14\/e-gap-colonnine-di-ricarica-senza-rete\/#primaryimage\"},\"thumbnailUrl\":\"https:\/\/emob-italia.it\/wp-content\/uploads\/2023\/07\/possessed-photography-PuwfRakCJvk-unsplash-scaled.jpg\",\"keywords\":[\"Auto Elettriche\",\"mobilit\u00e0 elettrica\",\"Mobilit\u00e0 Sostenibile\",\"veicoli elettrici\"],\"articleSection\":[\"Luglio 2023\",\"Notizie\",\"Notizie Newsletter\"],\"inLanguage\":\"en-US\",\"potentialAction\":[{\"@type\":\"CommentAction\",\"name\":\"Comment\",\"target\":[\"https:\/\/emob-italia.it\/2023\/07\/14\/e-gap-colonnine-di-ricarica-senza-rete\/#respond\"]}]},{\"@type\":\"WebPage\",\"@id\":\"https:\/\/emob-italia.it\/2023\/07\/14\/e-gap-colonnine-di-ricarica-senza-rete\/\",\"url\":\"https:\/\/emob-italia.it\/2023\/07\/14\/e-gap-colonnine-di-ricarica-senza-rete\/\",\"name\":\"E-Gap: colonnine di ricarica senza rete &#8226; e_mob\",\"isPartOf\":{\"@id\":\"https:\/\/emob-italia.it\/#website\"},\"primaryImageOfPage\":{\"@id\":\"https:\/\/emob-italia.it\/2023\/07\/14\/e-gap-colonnine-di-ricarica-senza-rete\/#primaryimage\"},\"image\":{\"@id\":\"https:\/\/emob-italia.it\/2023\/07\/14\/e-gap-colonnine-di-ricarica-senza-rete\/#primaryimage\"},\"thumbnailUrl\":\"https:\/\/emob-italia.it\/wp-content\/uploads\/2023\/07\/possessed-photography-PuwfRakCJvk-unsplash-scaled.jpg\",\"datePublished\":\"2023-07-14T18:11:14+00:00\",\"dateModified\":\"2024-03-05T19:36:08+00:00\",\"description\":\"e_mob \u00e8 il tavolo permanente degli stakeholder della mobilit\u00e0 elettrica in Italia. Organizza ogni anno a Milano la Conferenza Nazionale del settore, nel 2021 in programma dal 16 al 19 ottobre.\",\"breadcrumb\":{\"@id\":\"https:\/\/emob-italia.it\/2023\/07\/14\/e-gap-colonnine-di-ricarica-senza-rete\/#breadcrumb\"},\"inLanguage\":\"en-US\",\"potentialAction\":[{\"@type\":\"ReadAction\",\"target\":[\"https:\/\/emob-italia.it\/2023\/07\/14\/e-gap-colonnine-di-ricarica-senza-rete\/\"]}]},{\"@type\":\"ImageObject\",\"inLanguage\":\"en-US\",\"@id\":\"https:\/\/emob-italia.it\/2023\/07\/14\/e-gap-colonnine-di-ricarica-senza-rete\/#primaryimage\",\"url\":\"https:\/\/emob-italia.it\/wp-content\/uploads\/2023\/07\/possessed-photography-PuwfRakCJvk-unsplash-scaled.jpg\",\"contentUrl\":\"https:\/\/emob-italia.it\/wp-content\/uploads\/2023\/07\/possessed-photography-PuwfRakCJvk-unsplash-scaled.jpg\",\"width\":2560,\"height\":1920,\"caption\":\"colonnine\"},{\"@type\":\"BreadcrumbList\",\"@id\":\"https:\/\/emob-italia.it\/2023\/07\/14\/e-gap-colonnine-di-ricarica-senza-rete\/#breadcrumb\",\"itemListElement\":[{\"@type\":\"ListItem\",\"position\":1,\"name\":\"Home\",\"item\":\"https:\/\/emob-italia.it\/en\/\"},{\"@type\":\"ListItem\",\"position\":2,\"name\":\"E-Gap: colonnine di ricarica senza rete\"}]},{\"@type\":\"WebSite\",\"@id\":\"https:\/\/emob-italia.it\/#website\",\"url\":\"https:\/\/emob-italia.it\/\",\"name\":\"e_mob\",\"description\":\"Mobilit\u00e0 Elettrica\",\"publisher\":{\"@id\":\"https:\/\/emob-italia.it\/#organization\"},\"potentialAction\":[{\"@type\":\"SearchAction\",\"target\":{\"@type\":\"EntryPoint\",\"urlTemplate\":\"https:\/\/emob-italia.it\/?s={search_term_string}\"},\"query-input\":\"required name=search_term_string\"}],\"inLanguage\":\"en-US\"},{\"@type\":\"Organization\",\"@id\":\"https:\/\/emob-italia.it\/#organization\",\"name\":\"Class Onlus\",\"url\":\"https:\/\/emob-italia.it\/\",\"logo\":{\"@type\":\"ImageObject\",\"inLanguage\":\"en-US\",\"@id\":\"https:\/\/emob-italia.it\/#\/schema\/logo\/image\/\",\"url\":\"https:\/\/emob-italia.it\/wp-content\/uploads\/2019\/03\/0_CLASS-ONLUS-logo-web.png\",\"contentUrl\":\"https:\/\/emob-italia.it\/wp-content\/uploads\/2019\/03\/0_CLASS-ONLUS-logo-web.png\",\"width\":598,\"height\":202,\"caption\":\"Class Onlus\"},\"image\":{\"@id\":\"https:\/\/emob-italia.it\/#\/schema\/logo\/image\/\"},\"sameAs\":[\"https:\/\/www.facebook.com\/emobitalia\/\",\"https:\/\/www.instagram.com\/e_mob_italia\/\",\"https:\/\/www.linkedin.com\/groups\/12186185\/\",\"https:\/\/www.youtube.com\/channel\/UCvnTcrhggAX_AkFwGxRfqFw\/featured?view_as=subscriber\"]},{\"@type\":\"Person\",\"@id\":\"https:\/\/emob-italia.it\/#\/schema\/person\/59871c976b1a5e842e3d0b98901e4f6d\",\"name\":\"Redazione\",\"image\":{\"@type\":\"ImageObject\",\"inLanguage\":\"en-US\",\"@id\":\"https:\/\/emob-italia.it\/#\/schema\/person\/image\/\",\"url\":\"https:\/\/secure.gravatar.com\/avatar\/5389093e19decc01f17a4f367aa6ce45?s=96&r=g\",\"contentUrl\":\"https:\/\/secure.gravatar.com\/avatar\/5389093e19decc01f17a4f367aa6ce45?s=96&r=g\",\"caption\":\"Redazione\"},\"url\":\"https:\/\/emob-italia.it\/en\/author\/redazione\/\"}]}<\/script>\n<!-- \/ Yoast SEO plugin. -->","yoast_head_json":{"title":"E-Gap: colonnine di ricarica senza rete &#8226; e_mob","description":"e_mob \u00e8 il tavolo permanente degli stakeholder della mobilit\u00e0 elettrica in Italia. Organizza ogni anno a Milano la Conferenza Nazionale del settore, nel 2021 in programma dal 16 al 19 ottobre.","robots":{"index":"index","follow":"follow","max-snippet":"max-snippet:-1","max-image-preview":"max-image-preview:large","max-video-preview":"max-video-preview:-1"},"canonical":"https:\/\/emob-italia.it\/2023\/07\/14\/e-gap-colonnine-di-ricarica-senza-rete\/","og_locale":"en_US","og_type":"article","og_title":"E-Gap: colonnine di ricarica senza rete &#8226; e_mob","og_description":"e_mob \u00e8 il tavolo permanente degli stakeholder della mobilit\u00e0 elettrica in Italia. Organizza ogni anno a Milano la Conferenza Nazionale del settore, nel 2021 in programma dal 16 al 19 ottobre.","og_url":"https:\/\/emob-italia.it\/2023\/07\/14\/e-gap-colonnine-di-ricarica-senza-rete\/","og_site_name":"e_mob","article_publisher":"https:\/\/www.facebook.com\/emobitalia\/","article_published_time":"2023-07-14T18:11:14+00:00","article_modified_time":"2024-03-05T19:36:08+00:00","og_image":[{"width":2560,"height":1920,"url":"https:\/\/emob-italia.it\/wp-content\/uploads\/2023\/07\/possessed-photography-PuwfRakCJvk-unsplash-scaled.jpg","type":"image\/jpeg"}],"author":"Redazione","twitter_misc":{"Written by":"Redazione","Est. reading time":"2 minutes"},"schema":{"@context":"https:\/\/schema.org","@graph":[{"@type":"Article","@id":"https:\/\/emob-italia.it\/2023\/07\/14\/e-gap-colonnine-di-ricarica-senza-rete\/#article","isPartOf":{"@id":"https:\/\/emob-italia.it\/2023\/07\/14\/e-gap-colonnine-di-ricarica-senza-rete\/"},"author":{"name":"Redazione","@id":"https:\/\/emob-italia.it\/#\/schema\/person\/59871c976b1a5e842e3d0b98901e4f6d"},"headline":"E-Gap: colonnine di ricarica senza rete","datePublished":"2023-07-14T18:11:14+00:00","dateModified":"2024-03-05T19:36:08+00:00","mainEntityOfPage":{"@id":"https:\/\/emob-italia.it\/2023\/07\/14\/e-gap-colonnine-di-ricarica-senza-rete\/"},"wordCount":466,"commentCount":0,"publisher":{"@id":"https:\/\/emob-italia.it\/#organization"},"image":{"@id":"https:\/\/emob-italia.it\/2023\/07\/14\/e-gap-colonnine-di-ricarica-senza-rete\/#primaryimage"},"thumbnailUrl":"https:\/\/emob-italia.it\/wp-content\/uploads\/2023\/07\/possessed-photography-PuwfRakCJvk-unsplash-scaled.jpg","keywords":["Auto Elettriche","mobilit\u00e0 elettrica","Mobilit\u00e0 Sostenibile","veicoli elettrici"],"articleSection":["Luglio 2023","Notizie","Notizie Newsletter"],"inLanguage":"en-US","potentialAction":[{"@type":"CommentAction","name":"Comment","target":["https:\/\/emob-italia.it\/2023\/07\/14\/e-gap-colonnine-di-ricarica-senza-rete\/#respond"]}]},{"@type":"WebPage","@id":"https:\/\/emob-italia.it\/2023\/07\/14\/e-gap-colonnine-di-ricarica-senza-rete\/","url":"https:\/\/emob-italia.it\/2023\/07\/14\/e-gap-colonnine-di-ricarica-senza-rete\/","name":"E-Gap: colonnine di ricarica senza rete &#8226; e_mob","isPartOf":{"@id":"https:\/\/emob-italia.it\/#website"},"primaryImageOfPage":{"@id":"https:\/\/emob-italia.it\/2023\/07\/14\/e-gap-colonnine-di-ricarica-senza-rete\/#primaryimage"},"image":{"@id":"https:\/\/emob-italia.it\/2023\/07\/14\/e-gap-colonnine-di-ricarica-senza-rete\/#primaryimage"},"thumbnailUrl":"https:\/\/emob-italia.it\/wp-content\/uploads\/2023\/07\/possessed-photography-PuwfRakCJvk-unsplash-scaled.jpg","datePublished":"2023-07-14T18:11:14+00:00","dateModified":"2024-03-05T19:36:08+00:00","description":"e_mob \u00e8 il tavolo permanente degli stakeholder della mobilit\u00e0 elettrica in Italia. Organizza ogni anno a Milano la Conferenza Nazionale del settore, nel 2021 in programma dal 16 al 19 ottobre.","breadcrumb":{"@id":"https:\/\/emob-italia.it\/2023\/07\/14\/e-gap-colonnine-di-ricarica-senza-rete\/#breadcrumb"},"inLanguage":"en-US","potentialAction":[{"@type":"ReadAction","target":["https:\/\/emob-italia.it\/2023\/07\/14\/e-gap-colonnine-di-ricarica-senza-rete\/"]}]},{"@type":"ImageObject","inLanguage":"en-US","@id":"https:\/\/emob-italia.it\/2023\/07\/14\/e-gap-colonnine-di-ricarica-senza-rete\/#primaryimage","url":"https:\/\/emob-italia.it\/wp-content\/uploads\/2023\/07\/possessed-photography-PuwfRakCJvk-unsplash-scaled.jpg","contentUrl":"https:\/\/emob-italia.it\/wp-content\/uploads\/2023\/07\/possessed-photography-PuwfRakCJvk-unsplash-scaled.jpg","width":2560,"height":1920,"caption":"colonnine"},{"@type":"BreadcrumbList","@id":"https:\/\/emob-italia.it\/2023\/07\/14\/e-gap-colonnine-di-ricarica-senza-rete\/#breadcrumb","itemListElement":[{"@type":"ListItem","position":1,"name":"Home","item":"https:\/\/emob-italia.it\/en\/"},{"@type":"ListItem","position":2,"name":"E-Gap: colonnine di ricarica senza rete"}]},{"@type":"WebSite","@id":"https:\/\/emob-italia.it\/#website","url":"https:\/\/emob-italia.it\/","name":"e_mob","description":"Mobilit\u00e0 Elettrica","publisher":{"@id":"https:\/\/emob-italia.it\/#organization"},"potentialAction":[{"@type":"SearchAction","target":{"@type":"EntryPoint","urlTemplate":"https:\/\/emob-italia.it\/?s={search_term_string}"},"query-input":"required name=search_term_string"}],"inLanguage":"en-US"},{"@type":"Organization","@id":"https:\/\/emob-italia.it\/#organization","name":"Class Onlus","url":"https:\/\/emob-italia.it\/","logo":{"@type":"ImageObject","inLanguage":"en-US","@id":"https:\/\/emob-italia.it\/#\/schema\/logo\/image\/","url":"https:\/\/emob-italia.it\/wp-content\/uploads\/2019\/03\/0_CLASS-ONLUS-logo-web.png","contentUrl":"https:\/\/emob-italia.it\/wp-content\/uploads\/2019\/03\/0_CLASS-ONLUS-logo-web.png","width":598,"height":202,"caption":"Class Onlus"},"image":{"@id":"https:\/\/emob-italia.it\/#\/schema\/logo\/image\/"},"sameAs":["https:\/\/www.facebook.com\/emobitalia\/","https:\/\/www.instagram.com\/e_mob_italia\/","https:\/\/www.linkedin.com\/groups\/12186185\/","https:\/\/www.youtube.com\/channel\/UCvnTcrhggAX_AkFwGxRfqFw\/featured?view_as=subscriber"]},{"@type":"Person","@id":"https:\/\/emob-italia.it\/#\/schema\/person\/59871c976b1a5e842e3d0b98901e4f6d","name":"Redazione","image":{"@type":"ImageObject","inLanguage":"en-US","@id":"https:\/\/emob-italia.it\/#\/schema\/person\/image\/","url":"https:\/\/secure.gravatar.com\/avatar\/5389093e19decc01f17a4f367aa6ce45?s=96&r=g","contentUrl":"https:\/\/secure.gravatar.com\/avatar\/5389093e19decc01f17a4f367aa6ce45?s=96&r=g","caption":"Redazione"},"url":"https:\/\/emob-italia.it\/en\/author\/redazione\/"}]}},"_links":{"self":[{"href":"https:\/\/emob-italia.it\/en\/wp-json\/wp\/v2\/posts\/63905"}],"collection":[{"href":"https:\/\/emob-italia.it\/en\/wp-json\/wp\/v2\/posts"}],"about":[{"href":"https:\/\/emob-italia.it\/en\/wp-json\/wp\/v2\/types\/post"}],"author":[{"embeddable":true,"href":"https:\/\/emob-italia.it\/en\/wp-json\/wp\/v2\/users\/19"}],"replies":[{"embeddable":true,"href":"https:\/\/emob-italia.it\/en\/wp-json\/wp\/v2\/comments?post=63905"}],"version-history":[{"count":1,"href":"https:\/\/emob-italia.it\/en\/wp-json\/wp\/v2\/posts\/63905\/revisions"}],"predecessor-version":[{"id":64058,"href":"https:\/\/emob-italia.it\/en\/wp-json\/wp\/v2\/posts\/63905\/revisions\/64058"}],"wp:featuredmedia":[{"embeddable":true,"href":"https:\/\/emob-italia.it\/en\/wp-json\/wp\/v2\/media\/61835"}],"wp:attachment":[{"href":"https:\/\/emob-italia.it\/en\/wp-json\/wp\/v2\/media?parent=63905"}],"wp:term":[{"taxonomy":"category","embeddable":true,"href":"https:\/\/emob-italia.it\/en\/wp-json\/wp\/v2\/categories?post=63905"},{"taxonomy":"post_tag","embeddable":true,"href":"https:\/\/emob-italia.it\/en\/wp-json\/wp\/v2\/tags?post=63905"}],"curies":[{"name":"wp","href":"https:\/\/api.w.org\/{rel}","templated":true}]}}