{"id":63904,"date":"2023-07-30T20:11:07","date_gmt":"2023-07-30T18:11:07","guid":{"rendered":"https:\/\/emob-italia.it\/?p=63904"},"modified":"2024-03-05T20:35:48","modified_gmt":"2024-03-05T19:35:48","slug":"elettrico-da-1-000-km-di-autonomia-in-cina-e-realta","status":"publish","type":"post","link":"https:\/\/emob-italia.it\/en\/2023\/07\/30\/elettrico-da-1-000-km-di-autonomia-in-cina-e-realta\/","title":{"rendered":"Elettrico da 1.000 Km di autonomia: in Cina \u00e8 realt\u00e0"},"content":{"rendered":"\n<p>Il marchio cinese <a href=\"https:\/\/www.nio.com\">NIO<\/a> annuncia per il suo nuovo modello un\u2019autonomia di 1.000 Km.<\/p>\n\n\n\n<p>Due anni e mezzo dopo aver condiviso per la prima volta l\u2019intenzione di implementare un pacco batteria a stato solido da 150 kWh,\u00a0NIO sembra sul punto di compiere il grande passo. I player della filiera elettrica hanno il compito di acquisire la sufficiente maturit\u00e0 per sfruttare a pieno gli accumulatori oggi reperibili in commercio.\u00a0<\/p>\n\n\n\n<p>Filtrano, finalmente, alcuni dettagli del progetto tenuto in serbo da NIO. Il package viene messo a disposizione da&nbsp;WeLion, con il montaggio previsto sul suv&nbsp;ES6, il quale uscir\u00e0 nei prossimi mesi. L\u2019aggiornamento conferma le recenti promesse della NIO secondo cui i clienti in Cina avranno gi\u00e0 l\u2019opportunit\u00e0 di selezionare tale soluzione a elevata densit\u00e0 energetica gi\u00e0 nel mese di luglio.<\/p>\n\n\n\n<p>Le prime dichiarazioni in merito risalgono all\u2019evento&nbsp;NIO Day 2020, andato in scena nel gennaio 2021. Al tempo, la compagnia present\u00f2 un&nbsp;battery package da 150 kWh, con celle a stato solido configurate con lo stesso design delle attuali, a ioni di litio. All\u2019epoca i portavoce ufficiali promettevano una&nbsp;percorrenza di 1.000 km con una singola carica. Mentre altri operatori dell\u2019industria garantivano minore volatilit\u00e0 e maggiore densit\u00e0 energetica, in grado di superare agevolmente la chimica degli ioni di litio, l\u2019ambizioso obiettivo prefissato da NIO ha mirato fin dal principio a risultati superiori, a parit\u00e0 di costo con l\u2019attuale standard delle celle.<\/p>\n\n\n\n<p>La WeLion ha comunicato, nei giorni scorsi, di aver fornito le unit\u00e0 iniziali del battery package, per un ordine annuale. Non sono disponibili ulteriori dettagli a proposito della portata del carico. Ma \u00e8 dato conoscere l\u2019autonomia della&nbsp;ES6, inferiore alle previsioni, sicch\u00e9 sar\u00e0 in grado di spingersi fino ai 930 km mediante una singola carica con il pacchetto da 150 kWh.<\/p>\n\n\n\n<p>Un difetto esiste nella notizia che sembra aprire nuovi scenari per l\u2019autonomia dell\u2019elettrico, ovvero che la batteria super energetica, monta su un Suv, automobile ingombrante che mal si adatta agli spazi urbani odierni. In ogni caso, non \u00e8 pi\u00f9 utopistico il conseguimento dei fatidici 1.000 km per le vetture elettriche.<\/p>\n","protected":false},"excerpt":{"rendered":"<p>Il package viene messo a disposizione da\u00a0WeLion, con il montaggio previsto sul suv\u00a0ES6, il quale uscir\u00e0 nei prossimi mesi: la svolta di NIO.<\/p>\n","protected":false},"author":19,"featured_media":61866,"comment_status":"open","ping_status":"open","sticky":false,"template":"","format":"standard","meta":{"_et_pb_use_builder":"","_et_pb_old_content":"","_et_gb_content_width":"","_exactmetrics_skip_tracking":false,"_exactmetrics_sitenote_active":false,"_exactmetrics_sitenote_note":"","_exactmetrics_sitenote_category":0,"footnotes":""},"categories":[717,26,114],"tags":[8,10,11,720,357],"yoast_head":"<!-- This site is optimized with the Yoast SEO plugin v22.9 - https:\/\/yoast.com\/wordpress\/plugins\/seo\/ -->\n<title>Elettrico da 1.000 Km di autonomia: in Cina \u00e8 realt\u00e0 &#8226; e_mob<\/title>\n<meta name=\"description\" content=\"e_mob \u00e8 il tavolo permanente degli stakeholder della mobilit\u00e0 elettrica in Italia. Organizza ogni anno a Milano la Conferenza Nazionale del settore, nel 2021 in programma dal 16 al 19 ottobre.\" \/>\n<meta name=\"robots\" content=\"index, follow, max-snippet:-1, max-image-preview:large, max-video-preview:-1\" \/>\n<link rel=\"canonical\" href=\"https:\/\/emob-italia.it\/2023\/07\/30\/elettrico-da-1-000-km-di-autonomia-in-cina-e-realta\/\" \/>\n<meta property=\"og:locale\" content=\"en_US\" \/>\n<meta property=\"og:type\" content=\"article\" \/>\n<meta property=\"og:title\" content=\"Elettrico da 1.000 Km di autonomia: in Cina \u00e8 realt\u00e0 &#8226; e_mob\" \/>\n<meta property=\"og:description\" content=\"e_mob \u00e8 il tavolo permanente degli stakeholder della mobilit\u00e0 elettrica in Italia. Organizza ogni anno a Milano la Conferenza Nazionale del settore, nel 2021 in programma dal 16 al 19 ottobre.\" \/>\n<meta property=\"og:url\" content=\"https:\/\/emob-italia.it\/2023\/07\/30\/elettrico-da-1-000-km-di-autonomia-in-cina-e-realta\/\" \/>\n<meta property=\"og:site_name\" content=\"e_mob\" \/>\n<meta property=\"article:publisher\" content=\"https:\/\/www.facebook.com\/emobitalia\/\" \/>\n<meta property=\"article:published_time\" content=\"2023-07-30T18:11:07+00:00\" \/>\n<meta property=\"article:modified_time\" content=\"2024-03-05T19:35:48+00:00\" \/>\n<meta property=\"og:image\" content=\"https:\/\/emob-italia.it\/wp-content\/uploads\/2023\/07\/nio-scaled.jpg\" \/>\n\t<meta property=\"og:image:width\" content=\"2560\" \/>\n\t<meta property=\"og:image:height\" content=\"1708\" \/>\n\t<meta property=\"og:image:type\" content=\"image\/jpeg\" \/>\n<meta name=\"author\" content=\"Redazione\" \/>\n<meta name=\"twitter:label1\" content=\"Written by\" \/>\n\t<meta name=\"twitter:data1\" content=\"Redazione\" \/>\n\t<meta name=\"twitter:label2\" content=\"Est. reading time\" \/>\n\t<meta name=\"twitter:data2\" content=\"2 minutes\" \/>\n<script type=\"application\/ld+json\" class=\"yoast-schema-graph\">{\"@context\":\"https:\/\/schema.org\",\"@graph\":[{\"@type\":\"Article\",\"@id\":\"https:\/\/emob-italia.it\/2023\/07\/30\/elettrico-da-1-000-km-di-autonomia-in-cina-e-realta\/#article\",\"isPartOf\":{\"@id\":\"https:\/\/emob-italia.it\/2023\/07\/30\/elettrico-da-1-000-km-di-autonomia-in-cina-e-realta\/\"},\"author\":{\"name\":\"Redazione\",\"@id\":\"https:\/\/emob-italia.it\/#\/schema\/person\/59871c976b1a5e842e3d0b98901e4f6d\"},\"headline\":\"Elettrico da 1.000 Km di autonomia: in Cina \u00e8 realt\u00e0\",\"datePublished\":\"2023-07-30T18:11:07+00:00\",\"dateModified\":\"2024-03-05T19:35:48+00:00\",\"mainEntityOfPage\":{\"@id\":\"https:\/\/emob-italia.it\/2023\/07\/30\/elettrico-da-1-000-km-di-autonomia-in-cina-e-realta\/\"},\"wordCount\":357,\"commentCount\":0,\"publisher\":{\"@id\":\"https:\/\/emob-italia.it\/#organization\"},\"image\":{\"@id\":\"https:\/\/emob-italia.it\/2023\/07\/30\/elettrico-da-1-000-km-di-autonomia-in-cina-e-realta\/#primaryimage\"},\"thumbnailUrl\":\"https:\/\/emob-italia.it\/wp-content\/uploads\/2023\/07\/nio-scaled.jpg\",\"keywords\":[\"Auto Elettriche\",\"mobilit\u00e0 elettrica\",\"Mobilit\u00e0 Sostenibile\",\"nio\",\"veicoli elettrici\"],\"articleSection\":[\"Luglio 2023\",\"Notizie\",\"Notizie Newsletter\"],\"inLanguage\":\"en-US\",\"potentialAction\":[{\"@type\":\"CommentAction\",\"name\":\"Comment\",\"target\":[\"https:\/\/emob-italia.it\/2023\/07\/30\/elettrico-da-1-000-km-di-autonomia-in-cina-e-realta\/#respond\"]}]},{\"@type\":\"WebPage\",\"@id\":\"https:\/\/emob-italia.it\/2023\/07\/30\/elettrico-da-1-000-km-di-autonomia-in-cina-e-realta\/\",\"url\":\"https:\/\/emob-italia.it\/2023\/07\/30\/elettrico-da-1-000-km-di-autonomia-in-cina-e-realta\/\",\"name\":\"Elettrico da 1.000 Km di autonomia: in Cina \u00e8 realt\u00e0 &#8226; e_mob\",\"isPartOf\":{\"@id\":\"https:\/\/emob-italia.it\/#website\"},\"primaryImageOfPage\":{\"@id\":\"https:\/\/emob-italia.it\/2023\/07\/30\/elettrico-da-1-000-km-di-autonomia-in-cina-e-realta\/#primaryimage\"},\"image\":{\"@id\":\"https:\/\/emob-italia.it\/2023\/07\/30\/elettrico-da-1-000-km-di-autonomia-in-cina-e-realta\/#primaryimage\"},\"thumbnailUrl\":\"https:\/\/emob-italia.it\/wp-content\/uploads\/2023\/07\/nio-scaled.jpg\",\"datePublished\":\"2023-07-30T18:11:07+00:00\",\"dateModified\":\"2024-03-05T19:35:48+00:00\",\"description\":\"e_mob \u00e8 il tavolo permanente degli stakeholder della mobilit\u00e0 elettrica in Italia. Organizza ogni anno a Milano la Conferenza Nazionale del settore, nel 2021 in programma dal 16 al 19 ottobre.\",\"breadcrumb\":{\"@id\":\"https:\/\/emob-italia.it\/2023\/07\/30\/elettrico-da-1-000-km-di-autonomia-in-cina-e-realta\/#breadcrumb\"},\"inLanguage\":\"en-US\",\"potentialAction\":[{\"@type\":\"ReadAction\",\"target\":[\"https:\/\/emob-italia.it\/2023\/07\/30\/elettrico-da-1-000-km-di-autonomia-in-cina-e-realta\/\"]}]},{\"@type\":\"ImageObject\",\"inLanguage\":\"en-US\",\"@id\":\"https:\/\/emob-italia.it\/2023\/07\/30\/elettrico-da-1-000-km-di-autonomia-in-cina-e-realta\/#primaryimage\",\"url\":\"https:\/\/emob-italia.it\/wp-content\/uploads\/2023\/07\/nio-scaled.jpg\",\"contentUrl\":\"https:\/\/emob-italia.it\/wp-content\/uploads\/2023\/07\/nio-scaled.jpg\",\"width\":2560,\"height\":1708,\"caption\":\"nio\"},{\"@type\":\"BreadcrumbList\",\"@id\":\"https:\/\/emob-italia.it\/2023\/07\/30\/elettrico-da-1-000-km-di-autonomia-in-cina-e-realta\/#breadcrumb\",\"itemListElement\":[{\"@type\":\"ListItem\",\"position\":1,\"name\":\"Home\",\"item\":\"https:\/\/emob-italia.it\/en\/\"},{\"@type\":\"ListItem\",\"position\":2,\"name\":\"Elettrico da 1.000 Km di autonomia: in Cina \u00e8 realt\u00e0\"}]},{\"@type\":\"WebSite\",\"@id\":\"https:\/\/emob-italia.it\/#website\",\"url\":\"https:\/\/emob-italia.it\/\",\"name\":\"e_mob\",\"description\":\"Mobilit\u00e0 Elettrica\",\"publisher\":{\"@id\":\"https:\/\/emob-italia.it\/#organization\"},\"potentialAction\":[{\"@type\":\"SearchAction\",\"target\":{\"@type\":\"EntryPoint\",\"urlTemplate\":\"https:\/\/emob-italia.it\/?s={search_term_string}\"},\"query-input\":\"required name=search_term_string\"}],\"inLanguage\":\"en-US\"},{\"@type\":\"Organization\",\"@id\":\"https:\/\/emob-italia.it\/#organization\",\"name\":\"Class Onlus\",\"url\":\"https:\/\/emob-italia.it\/\",\"logo\":{\"@type\":\"ImageObject\",\"inLanguage\":\"en-US\",\"@id\":\"https:\/\/emob-italia.it\/#\/schema\/logo\/image\/\",\"url\":\"https:\/\/emob-italia.it\/wp-content\/uploads\/2019\/03\/0_CLASS-ONLUS-logo-web.png\",\"contentUrl\":\"https:\/\/emob-italia.it\/wp-content\/uploads\/2019\/03\/0_CLASS-ONLUS-logo-web.png\",\"width\":598,\"height\":202,\"caption\":\"Class Onlus\"},\"image\":{\"@id\":\"https:\/\/emob-italia.it\/#\/schema\/logo\/image\/\"},\"sameAs\":[\"https:\/\/www.facebook.com\/emobitalia\/\",\"https:\/\/www.instagram.com\/e_mob_italia\/\",\"https:\/\/www.linkedin.com\/groups\/12186185\/\",\"https:\/\/www.youtube.com\/channel\/UCvnTcrhggAX_AkFwGxRfqFw\/featured?view_as=subscriber\"]},{\"@type\":\"Person\",\"@id\":\"https:\/\/emob-italia.it\/#\/schema\/person\/59871c976b1a5e842e3d0b98901e4f6d\",\"name\":\"Redazione\",\"image\":{\"@type\":\"ImageObject\",\"inLanguage\":\"en-US\",\"@id\":\"https:\/\/emob-italia.it\/#\/schema\/person\/image\/\",\"url\":\"https:\/\/secure.gravatar.com\/avatar\/5389093e19decc01f17a4f367aa6ce45?s=96&r=g\",\"contentUrl\":\"https:\/\/secure.gravatar.com\/avatar\/5389093e19decc01f17a4f367aa6ce45?s=96&r=g\",\"caption\":\"Redazione\"},\"url\":\"https:\/\/emob-italia.it\/en\/author\/redazione\/\"}]}<\/script>\n<!-- \/ Yoast SEO plugin. -->","yoast_head_json":{"title":"Elettrico da 1.000 Km di autonomia: in Cina \u00e8 realt\u00e0 &#8226; e_mob","description":"e_mob \u00e8 il tavolo permanente degli stakeholder della mobilit\u00e0 elettrica in Italia. Organizza ogni anno a Milano la Conferenza Nazionale del settore, nel 2021 in programma dal 16 al 19 ottobre.","robots":{"index":"index","follow":"follow","max-snippet":"max-snippet:-1","max-image-preview":"max-image-preview:large","max-video-preview":"max-video-preview:-1"},"canonical":"https:\/\/emob-italia.it\/2023\/07\/30\/elettrico-da-1-000-km-di-autonomia-in-cina-e-realta\/","og_locale":"en_US","og_type":"article","og_title":"Elettrico da 1.000 Km di autonomia: in Cina \u00e8 realt\u00e0 &#8226; e_mob","og_description":"e_mob \u00e8 il tavolo permanente degli stakeholder della mobilit\u00e0 elettrica in Italia. Organizza ogni anno a Milano la Conferenza Nazionale del settore, nel 2021 in programma dal 16 al 19 ottobre.","og_url":"https:\/\/emob-italia.it\/2023\/07\/30\/elettrico-da-1-000-km-di-autonomia-in-cina-e-realta\/","og_site_name":"e_mob","article_publisher":"https:\/\/www.facebook.com\/emobitalia\/","article_published_time":"2023-07-30T18:11:07+00:00","article_modified_time":"2024-03-05T19:35:48+00:00","og_image":[{"width":2560,"height":1708,"url":"https:\/\/emob-italia.it\/wp-content\/uploads\/2023\/07\/nio-scaled.jpg","type":"image\/jpeg"}],"author":"Redazione","twitter_misc":{"Written by":"Redazione","Est. reading time":"2 minutes"},"schema":{"@context":"https:\/\/schema.org","@graph":[{"@type":"Article","@id":"https:\/\/emob-italia.it\/2023\/07\/30\/elettrico-da-1-000-km-di-autonomia-in-cina-e-realta\/#article","isPartOf":{"@id":"https:\/\/emob-italia.it\/2023\/07\/30\/elettrico-da-1-000-km-di-autonomia-in-cina-e-realta\/"},"author":{"name":"Redazione","@id":"https:\/\/emob-italia.it\/#\/schema\/person\/59871c976b1a5e842e3d0b98901e4f6d"},"headline":"Elettrico da 1.000 Km di autonomia: in Cina \u00e8 realt\u00e0","datePublished":"2023-07-30T18:11:07+00:00","dateModified":"2024-03-05T19:35:48+00:00","mainEntityOfPage":{"@id":"https:\/\/emob-italia.it\/2023\/07\/30\/elettrico-da-1-000-km-di-autonomia-in-cina-e-realta\/"},"wordCount":357,"commentCount":0,"publisher":{"@id":"https:\/\/emob-italia.it\/#organization"},"image":{"@id":"https:\/\/emob-italia.it\/2023\/07\/30\/elettrico-da-1-000-km-di-autonomia-in-cina-e-realta\/#primaryimage"},"thumbnailUrl":"https:\/\/emob-italia.it\/wp-content\/uploads\/2023\/07\/nio-scaled.jpg","keywords":["Auto Elettriche","mobilit\u00e0 elettrica","Mobilit\u00e0 Sostenibile","nio","veicoli elettrici"],"articleSection":["Luglio 2023","Notizie","Notizie Newsletter"],"inLanguage":"en-US","potentialAction":[{"@type":"CommentAction","name":"Comment","target":["https:\/\/emob-italia.it\/2023\/07\/30\/elettrico-da-1-000-km-di-autonomia-in-cina-e-realta\/#respond"]}]},{"@type":"WebPage","@id":"https:\/\/emob-italia.it\/2023\/07\/30\/elettrico-da-1-000-km-di-autonomia-in-cina-e-realta\/","url":"https:\/\/emob-italia.it\/2023\/07\/30\/elettrico-da-1-000-km-di-autonomia-in-cina-e-realta\/","name":"Elettrico da 1.000 Km di autonomia: in Cina \u00e8 realt\u00e0 &#8226; e_mob","isPartOf":{"@id":"https:\/\/emob-italia.it\/#website"},"primaryImageOfPage":{"@id":"https:\/\/emob-italia.it\/2023\/07\/30\/elettrico-da-1-000-km-di-autonomia-in-cina-e-realta\/#primaryimage"},"image":{"@id":"https:\/\/emob-italia.it\/2023\/07\/30\/elettrico-da-1-000-km-di-autonomia-in-cina-e-realta\/#primaryimage"},"thumbnailUrl":"https:\/\/emob-italia.it\/wp-content\/uploads\/2023\/07\/nio-scaled.jpg","datePublished":"2023-07-30T18:11:07+00:00","dateModified":"2024-03-05T19:35:48+00:00","description":"e_mob \u00e8 il tavolo permanente degli stakeholder della mobilit\u00e0 elettrica in Italia. Organizza ogni anno a Milano la Conferenza Nazionale del settore, nel 2021 in programma dal 16 al 19 ottobre.","breadcrumb":{"@id":"https:\/\/emob-italia.it\/2023\/07\/30\/elettrico-da-1-000-km-di-autonomia-in-cina-e-realta\/#breadcrumb"},"inLanguage":"en-US","potentialAction":[{"@type":"ReadAction","target":["https:\/\/emob-italia.it\/2023\/07\/30\/elettrico-da-1-000-km-di-autonomia-in-cina-e-realta\/"]}]},{"@type":"ImageObject","inLanguage":"en-US","@id":"https:\/\/emob-italia.it\/2023\/07\/30\/elettrico-da-1-000-km-di-autonomia-in-cina-e-realta\/#primaryimage","url":"https:\/\/emob-italia.it\/wp-content\/uploads\/2023\/07\/nio-scaled.jpg","contentUrl":"https:\/\/emob-italia.it\/wp-content\/uploads\/2023\/07\/nio-scaled.jpg","width":2560,"height":1708,"caption":"nio"},{"@type":"BreadcrumbList","@id":"https:\/\/emob-italia.it\/2023\/07\/30\/elettrico-da-1-000-km-di-autonomia-in-cina-e-realta\/#breadcrumb","itemListElement":[{"@type":"ListItem","position":1,"name":"Home","item":"https:\/\/emob-italia.it\/en\/"},{"@type":"ListItem","position":2,"name":"Elettrico da 1.000 Km di autonomia: in Cina \u00e8 realt\u00e0"}]},{"@type":"WebSite","@id":"https:\/\/emob-italia.it\/#website","url":"https:\/\/emob-italia.it\/","name":"e_mob","description":"Mobilit\u00e0 Elettrica","publisher":{"@id":"https:\/\/emob-italia.it\/#organization"},"potentialAction":[{"@type":"SearchAction","target":{"@type":"EntryPoint","urlTemplate":"https:\/\/emob-italia.it\/?s={search_term_string}"},"query-input":"required name=search_term_string"}],"inLanguage":"en-US"},{"@type":"Organization","@id":"https:\/\/emob-italia.it\/#organization","name":"Class Onlus","url":"https:\/\/emob-italia.it\/","logo":{"@type":"ImageObject","inLanguage":"en-US","@id":"https:\/\/emob-italia.it\/#\/schema\/logo\/image\/","url":"https:\/\/emob-italia.it\/wp-content\/uploads\/2019\/03\/0_CLASS-ONLUS-logo-web.png","contentUrl":"https:\/\/emob-italia.it\/wp-content\/uploads\/2019\/03\/0_CLASS-ONLUS-logo-web.png","width":598,"height":202,"caption":"Class Onlus"},"image":{"@id":"https:\/\/emob-italia.it\/#\/schema\/logo\/image\/"},"sameAs":["https:\/\/www.facebook.com\/emobitalia\/","https:\/\/www.instagram.com\/e_mob_italia\/","https:\/\/www.linkedin.com\/groups\/12186185\/","https:\/\/www.youtube.com\/channel\/UCvnTcrhggAX_AkFwGxRfqFw\/featured?view_as=subscriber"]},{"@type":"Person","@id":"https:\/\/emob-italia.it\/#\/schema\/person\/59871c976b1a5e842e3d0b98901e4f6d","name":"Redazione","image":{"@type":"ImageObject","inLanguage":"en-US","@id":"https:\/\/emob-italia.it\/#\/schema\/person\/image\/","url":"https:\/\/secure.gravatar.com\/avatar\/5389093e19decc01f17a4f367aa6ce45?s=96&r=g","contentUrl":"https:\/\/secure.gravatar.com\/avatar\/5389093e19decc01f17a4f367aa6ce45?s=96&r=g","caption":"Redazione"},"url":"https:\/\/emob-italia.it\/en\/author\/redazione\/"}]}},"_links":{"self":[{"href":"https:\/\/emob-italia.it\/en\/wp-json\/wp\/v2\/posts\/63904"}],"collection":[{"href":"https:\/\/emob-italia.it\/en\/wp-json\/wp\/v2\/posts"}],"about":[{"href":"https:\/\/emob-italia.it\/en\/wp-json\/wp\/v2\/types\/post"}],"author":[{"embeddable":true,"href":"https:\/\/emob-italia.it\/en\/wp-json\/wp\/v2\/users\/19"}],"replies":[{"embeddable":true,"href":"https:\/\/emob-italia.it\/en\/wp-json\/wp\/v2\/comments?post=63904"}],"version-history":[{"count":1,"href":"https:\/\/emob-italia.it\/en\/wp-json\/wp\/v2\/posts\/63904\/revisions"}],"predecessor-version":[{"id":64057,"href":"https:\/\/emob-italia.it\/en\/wp-json\/wp\/v2\/posts\/63904\/revisions\/64057"}],"wp:featuredmedia":[{"embeddable":true,"href":"https:\/\/emob-italia.it\/en\/wp-json\/wp\/v2\/media\/61866"}],"wp:attachment":[{"href":"https:\/\/emob-italia.it\/en\/wp-json\/wp\/v2\/media?parent=63904"}],"wp:term":[{"taxonomy":"category","embeddable":true,"href":"https:\/\/emob-italia.it\/en\/wp-json\/wp\/v2\/categories?post=63904"},{"taxonomy":"post_tag","embeddable":true,"href":"https:\/\/emob-italia.it\/en\/wp-json\/wp\/v2\/tags?post=63904"}],"curies":[{"name":"wp","href":"https:\/\/api.w.org\/{rel}","templated":true}]}}