{"id":63903,"date":"2023-07-30T20:11:01","date_gmt":"2023-07-30T18:11:01","guid":{"rendered":"https:\/\/emob-italia.it\/?p=63903"},"modified":"2024-03-05T20:35:08","modified_gmt":"2024-03-05T19:35:08","slug":"atm-milano-m4-inaugurata-la-fermata-san-babila","status":"publish","type":"post","link":"https:\/\/emob-italia.it\/en\/2023\/07\/30\/atm-milano-m4-inaugurata-la-fermata-san-babila\/","title":{"rendered":"ATM Milano M4, inaugurata la fermata San Babila"},"content":{"rendered":"\n<p>Il 4 luglio, a Milano, \u00e8 stata inaugurata la stazione di piazza San Babila della linea M4. Ora sar\u00e0 possibile raggiungere in metropolitana il centro citt\u00e0 dall&#8217;aeroporto di Linate. Si tratta, a tutti gli effetti, di mobilit\u00e0 sostenibile, ecologica, elettrica e pubblica. Il futuro delle citt\u00e0&nbsp; citt\u00e0 europee passa, obbligatoriamente da qui (e dalla condivisione), pi\u00f9 che dalla mobilit\u00e0 privata, in particolare nei centri urbani.<\/p>\n\n\n\n<p>La nuova linea permetter\u00e0 a cittadini e turisti di raggiungere il centro della citt\u00e0 direttamente dall&#8217;aeroporto di Linate. Il nuovo tratto Dateo-San Babila va ad ampliare quello Linate-Dateo, inaugurato nel novembre del 2022. Devono essere ancora conclusi i lavori sul tratto San Babila-San Cristoforo: l&#8217;inaugurazione della linea completa \u00e8 prevista per&nbsp;ottobre 2024.&nbsp;<\/p>\n\n\n\n<p>La linea M4, chiamata anche \u201cblu\u201d, \u00e8 ancora da completare, tuttavia \u00e8 possibile usufruire del servizio nelle fermate gi\u00e0 completate, ovvero Linate Aeroporto,\u00a0Repetti,\u00a0Stazione Forlanini,\u00a0Argonne,\u00a0Susa,\u00a0Dateo,\u00a0Tricolore\u00a0e\u00a0San Babila. In quest\u2019ultima fermata \u00e8 possibile, inoltre, cambiare linea e passare sulla M1, comunemente detta \u201crossa\u201d. Il biglietto per accedere alla M4 \u00e8 disponibile al costo di\u00a02,20 euro, vale per 90 minuti e permette di entrare e uscire dalla metropolitana pi\u00f9 volte nel corso della validit\u00e0. Da sottolineare che l\u2019intera linea si trova all\u2019interno della zona tariffaria Mi1, dunque sar\u00e0 possibile percorrerla da un capolinea all\u2019altro con il biglietto &#8220;base&#8221;. L&#8217;apertura di questa nuova tratta ha comportato dei\u00a0cambiamenti alle linee di superficie, in particolare, provocando diversi malumori: la\u00a0linea 73\u00a0(che in precedenza collegava proprio la tratta Linate-San Babila) \u00e8 diventata \u00a0973, garantendo il servizio tra Linate e San Felicino; \u00a0l\u2019autobus 60\u00a0allunga il proprio percorso da Largo Augusto a Duomo per sostituire la 73 in questo tratto.\u00a0<\/p>\n\n\n\n<p><a href=\"https:\/\/www.metro4milano.it\/\">Qui<\/a> per saperne di pi\u00f9.<\/p>\n\n\n\n<p>Foto credit by andrea Ferrari su unsplash.com<\/p>\n","protected":false},"excerpt":{"rendered":"<p>Inaugurata la stazione di San Babila della linea M4: \u00e8 possibile raggiungere in metropolitana il centro citt\u00e0 dall&#8217;aeroporto di Linate.<\/p>\n","protected":false},"author":19,"featured_media":61871,"comment_status":"open","ping_status":"open","sticky":false,"template":"","format":"standard","meta":{"_et_pb_use_builder":"","_et_pb_old_content":"","_et_gb_content_width":"","_exactmetrics_skip_tracking":false,"_exactmetrics_sitenote_active":false,"_exactmetrics_sitenote_note":"","_exactmetrics_sitenote_category":0,"footnotes":""},"categories":[717,26,114],"tags":[306,721,722,164],"yoast_head":"<!-- This site is optimized with the Yoast SEO plugin v22.9 - https:\/\/yoast.com\/wordpress\/plugins\/seo\/ -->\n<title>ATM Milano M4, inaugurata la fermata San Babila &#8226; e_mob<\/title>\n<meta name=\"description\" content=\"e_mob \u00e8 il tavolo permanente degli stakeholder della mobilit\u00e0 elettrica in Italia. Organizza ogni anno a Milano la Conferenza Nazionale del settore, nel 2021 in programma dal 16 al 19 ottobre.\" \/>\n<meta name=\"robots\" content=\"index, follow, max-snippet:-1, max-image-preview:large, max-video-preview:-1\" \/>\n<link rel=\"canonical\" href=\"https:\/\/emob-italia.it\/2023\/07\/30\/atm-milano-m4-inaugurata-la-fermata-san-babila\/\" \/>\n<meta property=\"og:locale\" content=\"en_US\" \/>\n<meta property=\"og:type\" content=\"article\" \/>\n<meta property=\"og:title\" content=\"ATM Milano M4, inaugurata la fermata San Babila &#8226; e_mob\" \/>\n<meta property=\"og:description\" content=\"e_mob \u00e8 il tavolo permanente degli stakeholder della mobilit\u00e0 elettrica in Italia. Organizza ogni anno a Milano la Conferenza Nazionale del settore, nel 2021 in programma dal 16 al 19 ottobre.\" \/>\n<meta property=\"og:url\" content=\"https:\/\/emob-italia.it\/2023\/07\/30\/atm-milano-m4-inaugurata-la-fermata-san-babila\/\" \/>\n<meta property=\"og:site_name\" content=\"e_mob\" \/>\n<meta property=\"article:publisher\" content=\"https:\/\/www.facebook.com\/emobitalia\/\" \/>\n<meta property=\"article:published_time\" content=\"2023-07-30T18:11:01+00:00\" \/>\n<meta property=\"article:modified_time\" content=\"2024-03-05T19:35:08+00:00\" \/>\n<meta property=\"og:image\" content=\"https:\/\/emob-italia.it\/wp-content\/uploads\/2023\/07\/Schermata-2023-07-30-alle-11.57.58.png\" \/>\n\t<meta property=\"og:image:width\" content=\"1582\" \/>\n\t<meta property=\"og:image:height\" content=\"1092\" \/>\n\t<meta property=\"og:image:type\" content=\"image\/png\" \/>\n<meta name=\"author\" content=\"Redazione\" \/>\n<meta name=\"twitter:label1\" content=\"Written by\" \/>\n\t<meta name=\"twitter:data1\" content=\"Redazione\" \/>\n\t<meta name=\"twitter:label2\" content=\"Est. reading time\" \/>\n\t<meta name=\"twitter:data2\" content=\"1 minute\" \/>\n<script type=\"application\/ld+json\" class=\"yoast-schema-graph\">{\"@context\":\"https:\/\/schema.org\",\"@graph\":[{\"@type\":\"Article\",\"@id\":\"https:\/\/emob-italia.it\/2023\/07\/30\/atm-milano-m4-inaugurata-la-fermata-san-babila\/#article\",\"isPartOf\":{\"@id\":\"https:\/\/emob-italia.it\/2023\/07\/30\/atm-milano-m4-inaugurata-la-fermata-san-babila\/\"},\"author\":{\"name\":\"Redazione\",\"@id\":\"https:\/\/emob-italia.it\/#\/schema\/person\/59871c976b1a5e842e3d0b98901e4f6d\"},\"headline\":\"ATM Milano M4, inaugurata la fermata San Babila\",\"datePublished\":\"2023-07-30T18:11:01+00:00\",\"dateModified\":\"2024-03-05T19:35:08+00:00\",\"mainEntityOfPage\":{\"@id\":\"https:\/\/emob-italia.it\/2023\/07\/30\/atm-milano-m4-inaugurata-la-fermata-san-babila\/\"},\"wordCount\":297,\"commentCount\":0,\"publisher\":{\"@id\":\"https:\/\/emob-italia.it\/#organization\"},\"image\":{\"@id\":\"https:\/\/emob-italia.it\/2023\/07\/30\/atm-milano-m4-inaugurata-la-fermata-san-babila\/#primaryimage\"},\"thumbnailUrl\":\"https:\/\/emob-italia.it\/wp-content\/uploads\/2023\/07\/Schermata-2023-07-30-alle-11.57.58.png\",\"keywords\":[\"ATM\",\"m4\",\"metropolitana\",\"Milano\"],\"articleSection\":[\"Luglio 2023\",\"Notizie\",\"Notizie Newsletter\"],\"inLanguage\":\"en-US\",\"potentialAction\":[{\"@type\":\"CommentAction\",\"name\":\"Comment\",\"target\":[\"https:\/\/emob-italia.it\/2023\/07\/30\/atm-milano-m4-inaugurata-la-fermata-san-babila\/#respond\"]}]},{\"@type\":\"WebPage\",\"@id\":\"https:\/\/emob-italia.it\/2023\/07\/30\/atm-milano-m4-inaugurata-la-fermata-san-babila\/\",\"url\":\"https:\/\/emob-italia.it\/2023\/07\/30\/atm-milano-m4-inaugurata-la-fermata-san-babila\/\",\"name\":\"ATM Milano M4, inaugurata la fermata San Babila &#8226; e_mob\",\"isPartOf\":{\"@id\":\"https:\/\/emob-italia.it\/#website\"},\"primaryImageOfPage\":{\"@id\":\"https:\/\/emob-italia.it\/2023\/07\/30\/atm-milano-m4-inaugurata-la-fermata-san-babila\/#primaryimage\"},\"image\":{\"@id\":\"https:\/\/emob-italia.it\/2023\/07\/30\/atm-milano-m4-inaugurata-la-fermata-san-babila\/#primaryimage\"},\"thumbnailUrl\":\"https:\/\/emob-italia.it\/wp-content\/uploads\/2023\/07\/Schermata-2023-07-30-alle-11.57.58.png\",\"datePublished\":\"2023-07-30T18:11:01+00:00\",\"dateModified\":\"2024-03-05T19:35:08+00:00\",\"description\":\"e_mob \u00e8 il tavolo permanente degli stakeholder della mobilit\u00e0 elettrica in Italia. Organizza ogni anno a Milano la Conferenza Nazionale del settore, nel 2021 in programma dal 16 al 19 ottobre.\",\"breadcrumb\":{\"@id\":\"https:\/\/emob-italia.it\/2023\/07\/30\/atm-milano-m4-inaugurata-la-fermata-san-babila\/#breadcrumb\"},\"inLanguage\":\"en-US\",\"potentialAction\":[{\"@type\":\"ReadAction\",\"target\":[\"https:\/\/emob-italia.it\/2023\/07\/30\/atm-milano-m4-inaugurata-la-fermata-san-babila\/\"]}]},{\"@type\":\"ImageObject\",\"inLanguage\":\"en-US\",\"@id\":\"https:\/\/emob-italia.it\/2023\/07\/30\/atm-milano-m4-inaugurata-la-fermata-san-babila\/#primaryimage\",\"url\":\"https:\/\/emob-italia.it\/wp-content\/uploads\/2023\/07\/Schermata-2023-07-30-alle-11.57.58.png\",\"contentUrl\":\"https:\/\/emob-italia.it\/wp-content\/uploads\/2023\/07\/Schermata-2023-07-30-alle-11.57.58.png\",\"width\":1582,\"height\":1092,\"caption\":\"atm\"},{\"@type\":\"BreadcrumbList\",\"@id\":\"https:\/\/emob-italia.it\/2023\/07\/30\/atm-milano-m4-inaugurata-la-fermata-san-babila\/#breadcrumb\",\"itemListElement\":[{\"@type\":\"ListItem\",\"position\":1,\"name\":\"Home\",\"item\":\"https:\/\/emob-italia.it\/en\/\"},{\"@type\":\"ListItem\",\"position\":2,\"name\":\"ATM Milano M4, inaugurata la fermata San Babila\"}]},{\"@type\":\"WebSite\",\"@id\":\"https:\/\/emob-italia.it\/#website\",\"url\":\"https:\/\/emob-italia.it\/\",\"name\":\"e_mob\",\"description\":\"Mobilit\u00e0 Elettrica\",\"publisher\":{\"@id\":\"https:\/\/emob-italia.it\/#organization\"},\"potentialAction\":[{\"@type\":\"SearchAction\",\"target\":{\"@type\":\"EntryPoint\",\"urlTemplate\":\"https:\/\/emob-italia.it\/?s={search_term_string}\"},\"query-input\":\"required name=search_term_string\"}],\"inLanguage\":\"en-US\"},{\"@type\":\"Organization\",\"@id\":\"https:\/\/emob-italia.it\/#organization\",\"name\":\"Class Onlus\",\"url\":\"https:\/\/emob-italia.it\/\",\"logo\":{\"@type\":\"ImageObject\",\"inLanguage\":\"en-US\",\"@id\":\"https:\/\/emob-italia.it\/#\/schema\/logo\/image\/\",\"url\":\"https:\/\/emob-italia.it\/wp-content\/uploads\/2019\/03\/0_CLASS-ONLUS-logo-web.png\",\"contentUrl\":\"https:\/\/emob-italia.it\/wp-content\/uploads\/2019\/03\/0_CLASS-ONLUS-logo-web.png\",\"width\":598,\"height\":202,\"caption\":\"Class Onlus\"},\"image\":{\"@id\":\"https:\/\/emob-italia.it\/#\/schema\/logo\/image\/\"},\"sameAs\":[\"https:\/\/www.facebook.com\/emobitalia\/\",\"https:\/\/www.instagram.com\/e_mob_italia\/\",\"https:\/\/www.linkedin.com\/groups\/12186185\/\",\"https:\/\/www.youtube.com\/channel\/UCvnTcrhggAX_AkFwGxRfqFw\/featured?view_as=subscriber\"]},{\"@type\":\"Person\",\"@id\":\"https:\/\/emob-italia.it\/#\/schema\/person\/59871c976b1a5e842e3d0b98901e4f6d\",\"name\":\"Redazione\",\"image\":{\"@type\":\"ImageObject\",\"inLanguage\":\"en-US\",\"@id\":\"https:\/\/emob-italia.it\/#\/schema\/person\/image\/\",\"url\":\"https:\/\/secure.gravatar.com\/avatar\/5389093e19decc01f17a4f367aa6ce45?s=96&r=g\",\"contentUrl\":\"https:\/\/secure.gravatar.com\/avatar\/5389093e19decc01f17a4f367aa6ce45?s=96&r=g\",\"caption\":\"Redazione\"},\"url\":\"https:\/\/emob-italia.it\/en\/author\/redazione\/\"}]}<\/script>\n<!-- \/ Yoast SEO plugin. -->","yoast_head_json":{"title":"ATM Milano M4, inaugurata la fermata San Babila &#8226; e_mob","description":"e_mob \u00e8 il tavolo permanente degli stakeholder della mobilit\u00e0 elettrica in Italia. Organizza ogni anno a Milano la Conferenza Nazionale del settore, nel 2021 in programma dal 16 al 19 ottobre.","robots":{"index":"index","follow":"follow","max-snippet":"max-snippet:-1","max-image-preview":"max-image-preview:large","max-video-preview":"max-video-preview:-1"},"canonical":"https:\/\/emob-italia.it\/2023\/07\/30\/atm-milano-m4-inaugurata-la-fermata-san-babila\/","og_locale":"en_US","og_type":"article","og_title":"ATM Milano M4, inaugurata la fermata San Babila &#8226; e_mob","og_description":"e_mob \u00e8 il tavolo permanente degli stakeholder della mobilit\u00e0 elettrica in Italia. Organizza ogni anno a Milano la Conferenza Nazionale del settore, nel 2021 in programma dal 16 al 19 ottobre.","og_url":"https:\/\/emob-italia.it\/2023\/07\/30\/atm-milano-m4-inaugurata-la-fermata-san-babila\/","og_site_name":"e_mob","article_publisher":"https:\/\/www.facebook.com\/emobitalia\/","article_published_time":"2023-07-30T18:11:01+00:00","article_modified_time":"2024-03-05T19:35:08+00:00","og_image":[{"width":1582,"height":1092,"url":"https:\/\/emob-italia.it\/wp-content\/uploads\/2023\/07\/Schermata-2023-07-30-alle-11.57.58.png","type":"image\/png"}],"author":"Redazione","twitter_misc":{"Written by":"Redazione","Est. reading time":"1 minute"},"schema":{"@context":"https:\/\/schema.org","@graph":[{"@type":"Article","@id":"https:\/\/emob-italia.it\/2023\/07\/30\/atm-milano-m4-inaugurata-la-fermata-san-babila\/#article","isPartOf":{"@id":"https:\/\/emob-italia.it\/2023\/07\/30\/atm-milano-m4-inaugurata-la-fermata-san-babila\/"},"author":{"name":"Redazione","@id":"https:\/\/emob-italia.it\/#\/schema\/person\/59871c976b1a5e842e3d0b98901e4f6d"},"headline":"ATM Milano M4, inaugurata la fermata San Babila","datePublished":"2023-07-30T18:11:01+00:00","dateModified":"2024-03-05T19:35:08+00:00","mainEntityOfPage":{"@id":"https:\/\/emob-italia.it\/2023\/07\/30\/atm-milano-m4-inaugurata-la-fermata-san-babila\/"},"wordCount":297,"commentCount":0,"publisher":{"@id":"https:\/\/emob-italia.it\/#organization"},"image":{"@id":"https:\/\/emob-italia.it\/2023\/07\/30\/atm-milano-m4-inaugurata-la-fermata-san-babila\/#primaryimage"},"thumbnailUrl":"https:\/\/emob-italia.it\/wp-content\/uploads\/2023\/07\/Schermata-2023-07-30-alle-11.57.58.png","keywords":["ATM","m4","metropolitana","Milano"],"articleSection":["Luglio 2023","Notizie","Notizie Newsletter"],"inLanguage":"en-US","potentialAction":[{"@type":"CommentAction","name":"Comment","target":["https:\/\/emob-italia.it\/2023\/07\/30\/atm-milano-m4-inaugurata-la-fermata-san-babila\/#respond"]}]},{"@type":"WebPage","@id":"https:\/\/emob-italia.it\/2023\/07\/30\/atm-milano-m4-inaugurata-la-fermata-san-babila\/","url":"https:\/\/emob-italia.it\/2023\/07\/30\/atm-milano-m4-inaugurata-la-fermata-san-babila\/","name":"ATM Milano M4, inaugurata la fermata San Babila &#8226; e_mob","isPartOf":{"@id":"https:\/\/emob-italia.it\/#website"},"primaryImageOfPage":{"@id":"https:\/\/emob-italia.it\/2023\/07\/30\/atm-milano-m4-inaugurata-la-fermata-san-babila\/#primaryimage"},"image":{"@id":"https:\/\/emob-italia.it\/2023\/07\/30\/atm-milano-m4-inaugurata-la-fermata-san-babila\/#primaryimage"},"thumbnailUrl":"https:\/\/emob-italia.it\/wp-content\/uploads\/2023\/07\/Schermata-2023-07-30-alle-11.57.58.png","datePublished":"2023-07-30T18:11:01+00:00","dateModified":"2024-03-05T19:35:08+00:00","description":"e_mob \u00e8 il tavolo permanente degli stakeholder della mobilit\u00e0 elettrica in Italia. Organizza ogni anno a Milano la Conferenza Nazionale del settore, nel 2021 in programma dal 16 al 19 ottobre.","breadcrumb":{"@id":"https:\/\/emob-italia.it\/2023\/07\/30\/atm-milano-m4-inaugurata-la-fermata-san-babila\/#breadcrumb"},"inLanguage":"en-US","potentialAction":[{"@type":"ReadAction","target":["https:\/\/emob-italia.it\/2023\/07\/30\/atm-milano-m4-inaugurata-la-fermata-san-babila\/"]}]},{"@type":"ImageObject","inLanguage":"en-US","@id":"https:\/\/emob-italia.it\/2023\/07\/30\/atm-milano-m4-inaugurata-la-fermata-san-babila\/#primaryimage","url":"https:\/\/emob-italia.it\/wp-content\/uploads\/2023\/07\/Schermata-2023-07-30-alle-11.57.58.png","contentUrl":"https:\/\/emob-italia.it\/wp-content\/uploads\/2023\/07\/Schermata-2023-07-30-alle-11.57.58.png","width":1582,"height":1092,"caption":"atm"},{"@type":"BreadcrumbList","@id":"https:\/\/emob-italia.it\/2023\/07\/30\/atm-milano-m4-inaugurata-la-fermata-san-babila\/#breadcrumb","itemListElement":[{"@type":"ListItem","position":1,"name":"Home","item":"https:\/\/emob-italia.it\/en\/"},{"@type":"ListItem","position":2,"name":"ATM Milano M4, inaugurata la fermata San Babila"}]},{"@type":"WebSite","@id":"https:\/\/emob-italia.it\/#website","url":"https:\/\/emob-italia.it\/","name":"e_mob","description":"Mobilit\u00e0 Elettrica","publisher":{"@id":"https:\/\/emob-italia.it\/#organization"},"potentialAction":[{"@type":"SearchAction","target":{"@type":"EntryPoint","urlTemplate":"https:\/\/emob-italia.it\/?s={search_term_string}"},"query-input":"required name=search_term_string"}],"inLanguage":"en-US"},{"@type":"Organization","@id":"https:\/\/emob-italia.it\/#organization","name":"Class Onlus","url":"https:\/\/emob-italia.it\/","logo":{"@type":"ImageObject","inLanguage":"en-US","@id":"https:\/\/emob-italia.it\/#\/schema\/logo\/image\/","url":"https:\/\/emob-italia.it\/wp-content\/uploads\/2019\/03\/0_CLASS-ONLUS-logo-web.png","contentUrl":"https:\/\/emob-italia.it\/wp-content\/uploads\/2019\/03\/0_CLASS-ONLUS-logo-web.png","width":598,"height":202,"caption":"Class Onlus"},"image":{"@id":"https:\/\/emob-italia.it\/#\/schema\/logo\/image\/"},"sameAs":["https:\/\/www.facebook.com\/emobitalia\/","https:\/\/www.instagram.com\/e_mob_italia\/","https:\/\/www.linkedin.com\/groups\/12186185\/","https:\/\/www.youtube.com\/channel\/UCvnTcrhggAX_AkFwGxRfqFw\/featured?view_as=subscriber"]},{"@type":"Person","@id":"https:\/\/emob-italia.it\/#\/schema\/person\/59871c976b1a5e842e3d0b98901e4f6d","name":"Redazione","image":{"@type":"ImageObject","inLanguage":"en-US","@id":"https:\/\/emob-italia.it\/#\/schema\/person\/image\/","url":"https:\/\/secure.gravatar.com\/avatar\/5389093e19decc01f17a4f367aa6ce45?s=96&r=g","contentUrl":"https:\/\/secure.gravatar.com\/avatar\/5389093e19decc01f17a4f367aa6ce45?s=96&r=g","caption":"Redazione"},"url":"https:\/\/emob-italia.it\/en\/author\/redazione\/"}]}},"_links":{"self":[{"href":"https:\/\/emob-italia.it\/en\/wp-json\/wp\/v2\/posts\/63903"}],"collection":[{"href":"https:\/\/emob-italia.it\/en\/wp-json\/wp\/v2\/posts"}],"about":[{"href":"https:\/\/emob-italia.it\/en\/wp-json\/wp\/v2\/types\/post"}],"author":[{"embeddable":true,"href":"https:\/\/emob-italia.it\/en\/wp-json\/wp\/v2\/users\/19"}],"replies":[{"embeddable":true,"href":"https:\/\/emob-italia.it\/en\/wp-json\/wp\/v2\/comments?post=63903"}],"version-history":[{"count":1,"href":"https:\/\/emob-italia.it\/en\/wp-json\/wp\/v2\/posts\/63903\/revisions"}],"predecessor-version":[{"id":64056,"href":"https:\/\/emob-italia.it\/en\/wp-json\/wp\/v2\/posts\/63903\/revisions\/64056"}],"wp:featuredmedia":[{"embeddable":true,"href":"https:\/\/emob-italia.it\/en\/wp-json\/wp\/v2\/media\/61871"}],"wp:attachment":[{"href":"https:\/\/emob-italia.it\/en\/wp-json\/wp\/v2\/media?parent=63903"}],"wp:term":[{"taxonomy":"category","embeddable":true,"href":"https:\/\/emob-italia.it\/en\/wp-json\/wp\/v2\/categories?post=63903"},{"taxonomy":"post_tag","embeddable":true,"href":"https:\/\/emob-italia.it\/en\/wp-json\/wp\/v2\/tags?post=63903"}],"curies":[{"name":"wp","href":"https:\/\/api.w.org\/{rel}","templated":true}]}}