{"id":63902,"date":"2023-07-30T20:10:54","date_gmt":"2023-07-30T18:10:54","guid":{"rendered":"https:\/\/emob-italia.it\/?p=63902"},"modified":"2024-03-05T20:34:48","modified_gmt":"2024-03-05T19:34:48","slug":"sul-mercato-arriva-lxkp-di-askoll","status":"publish","type":"post","link":"https:\/\/emob-italia.it\/en\/2023\/07\/30\/sul-mercato-arriva-lxkp-di-askoll\/","title":{"rendered":"Sul mercato arriva l\u2019XKP di Askoll"},"content":{"rendered":"\n<p>Non c\u2019\u00e8 bisogno di spiegare alla Generazione Y che XKP si legge <em>escape<\/em> e che il loro significato \u00e8 libert\u00e0. Askoll EVA ha pensato proprio a loro e ha creato peri Millennials il compagno di avventura ideale. Linee pulite e aggressive, tanta tecnologia e tutta l\u2019affidabilit\u00e0 del Made in Italy. Askoll XKP \u00e8 lo scooter che permette di combinare sostenibilit\u00e0 ambientale e uno stile senza compromessi. Pochi fronzoli: con la massima libert\u00e0 di essere aggressivo, Askoll EVA presenta due nuovi scooter pensati per i pi\u00f9 giovani ma che sono il frutto di quasi un decennio di esperienza della Casa vicentina. Due perch\u00e9 XKP \u00e8 disponibile in due varianti: L1 (che pu\u00f2 essere guidato anche con la patente AM), e il fratello maggiore omologato L3. I due modelli hanno la stessa base, quella della fortunatissima serie eS che Askoll ha perfezionato e rinnovato negli anni. Il look per\u00f2 \u00e8 radicalmente diverso a partire dall\u2019anteriore che \u00e8 caratterizzato dal nuovo faro rotondo e leggermente inclinato. Oltre ad essere pi\u00f9 luminoso, combinato al nuovo parafango, stravolge completamente l\u2019impatto visivo rispetto ai precedenti modelli e definisce immediatamente un carattere grintoso e sportivo.&nbsp;<\/p>\n\n\n\n<p>Linee aggressive, essenziali e di rottura, con un design di tendenza, che prevede nuovo display, nuovi gruppi ottici, parafanghi sportivi, tecnologia IoT, nuova App XKP.<\/p>\n\n\n\n<p>Il centro stile Askoll ha poi rimarcato lo stesso look anche nel posteriore con un gruppo ottico completamente ridisegnato che trova posto sotto un codino pi\u00f9 corto. Il risultato \u00e8 uno scooter dal design dinamico che, anche grazie alla cura dei dettagli, si distingue nel panorama delle due ruote elettriche. Tutto nuovo anche il display multicolor da 5,5 pollici che, oltre a seguire il design delle due ruote pi\u00f9 sportive, garantisce grande visibilit\u00e0. In qualsiasi condizione di luce sono infatti ben visibili tutte le informazioni (velocit\u00e0, carica della batteria, temperatura, orario e chilometri percorsi). XKP \u00e8 inoltre dotato delle pi\u00f9 avanzate tecnologie IoT che, combinate alla nuova app, consentono di avere un completo accesso allo scooter anche da remoto e personalizzare moltissime funzioni. Si pu\u00f2, ad esempio, conoscere in ogni momento la posizione di XKP e, in caso di furto, bloccare il veicolo da remoto. Sotto alla freschezza del nuovo look si nasconde un\u2019incredibile concretezza tecnologica in entrambe le versioni. L1 ed L3 si differenziano infatti solo per la velocit\u00e0 massima che nel primo raggiunge i 45 km\/h e nel secondo i 66 km\/h. Ovviamente ne deriva anche una diversa autonomia che per l\u2019L1 arriva fino a 87 km mentre per l\u2019L3 a 90 km (Secondo la 168\/2013 CE).&nbsp;<\/p>\n\n\n\n<p>Le batterie estraibili, possono essere ricaricate con la normale corrente domestica in circa 6 ore. Le doti dinamiche del XKP sono frutto della combinazione di due fattori: la leggerezza e la scelta delle ruote da 16\u201d. Con un peso di soli 71 kg, lo scooter Askoll si conferma molto maneggevole. Merito anche dell\u2019altezza della sella da terra: solo 76 cm. Le ruote da 16\u201d offrono un ottimo comfort e grande sicurezza anche sui fondi sconnessi. Il costo \u00e8 di di \u20ac 5.090 \u20ac per il modello L1 e 5.290 \u20ac per l\u2019L3.<\/p>\n\n\n\n<p><a href=\"https:\/\/testride.askollelectric.com\/it.html\">Qui<\/a> per approfondire.<\/p>\n\n\n\n<p>foto credit by askollelecrtic.com<\/p>\n","protected":false},"excerpt":{"rendered":"<p>Linee pulite e aggressive, tanta tecnologia e tutta l\u2019affidabilit\u00e0 del Made in Italy: questi i punti di forza dei nuovi modelli di Askoll.<\/p>\n","protected":false},"author":19,"featured_media":61878,"comment_status":"open","ping_status":"open","sticky":false,"template":"","format":"standard","meta":{"_et_pb_use_builder":"","_et_pb_old_content":"","_et_gb_content_width":"","_exactmetrics_skip_tracking":false,"_exactmetrics_sitenote_active":false,"_exactmetrics_sitenote_note":"","_exactmetrics_sitenote_category":0,"footnotes":""},"categories":[717,26,114],"tags":[221,10,11,728],"yoast_head":"<!-- This site is optimized with the Yoast SEO plugin v22.9 - https:\/\/yoast.com\/wordpress\/plugins\/seo\/ -->\n<title>Sul mercato arriva l\u2019XKP di Askoll &#8226; e_mob<\/title>\n<meta name=\"description\" content=\"e_mob \u00e8 il tavolo permanente degli stakeholder della mobilit\u00e0 elettrica in Italia. Organizza ogni anno a Milano la Conferenza Nazionale del settore, nel 2021 in programma dal 16 al 19 ottobre.\" \/>\n<meta name=\"robots\" content=\"index, follow, max-snippet:-1, max-image-preview:large, max-video-preview:-1\" \/>\n<link rel=\"canonical\" href=\"https:\/\/emob-italia.it\/2023\/07\/30\/sul-mercato-arriva-lxkp-di-askoll\/\" \/>\n<meta property=\"og:locale\" content=\"en_US\" \/>\n<meta property=\"og:type\" content=\"article\" \/>\n<meta property=\"og:title\" content=\"Sul mercato arriva l\u2019XKP di Askoll &#8226; e_mob\" \/>\n<meta property=\"og:description\" content=\"e_mob \u00e8 il tavolo permanente degli stakeholder della mobilit\u00e0 elettrica in Italia. Organizza ogni anno a Milano la Conferenza Nazionale del settore, nel 2021 in programma dal 16 al 19 ottobre.\" \/>\n<meta property=\"og:url\" content=\"https:\/\/emob-italia.it\/2023\/07\/30\/sul-mercato-arriva-lxkp-di-askoll\/\" \/>\n<meta property=\"og:site_name\" content=\"e_mob\" \/>\n<meta property=\"article:publisher\" content=\"https:\/\/www.facebook.com\/emobitalia\/\" \/>\n<meta property=\"article:published_time\" content=\"2023-07-30T18:10:54+00:00\" \/>\n<meta property=\"article:modified_time\" content=\"2024-03-05T19:34:48+00:00\" \/>\n<meta property=\"og:image\" content=\"https:\/\/emob-italia.it\/wp-content\/uploads\/2023\/07\/askoll.jpeg\" \/>\n\t<meta property=\"og:image:width\" content=\"1920\" \/>\n\t<meta property=\"og:image:height\" content=\"1280\" \/>\n\t<meta property=\"og:image:type\" content=\"image\/jpeg\" \/>\n<meta name=\"author\" content=\"Redazione\" \/>\n<meta name=\"twitter:label1\" content=\"Written by\" \/>\n\t<meta name=\"twitter:data1\" content=\"Redazione\" \/>\n\t<meta name=\"twitter:label2\" content=\"Est. reading time\" \/>\n\t<meta name=\"twitter:data2\" content=\"3 minutes\" \/>\n<script type=\"application\/ld+json\" class=\"yoast-schema-graph\">{\"@context\":\"https:\/\/schema.org\",\"@graph\":[{\"@type\":\"Article\",\"@id\":\"https:\/\/emob-italia.it\/2023\/07\/30\/sul-mercato-arriva-lxkp-di-askoll\/#article\",\"isPartOf\":{\"@id\":\"https:\/\/emob-italia.it\/2023\/07\/30\/sul-mercato-arriva-lxkp-di-askoll\/\"},\"author\":{\"name\":\"Redazione\",\"@id\":\"https:\/\/emob-italia.it\/#\/schema\/person\/59871c976b1a5e842e3d0b98901e4f6d\"},\"headline\":\"Sul mercato arriva l\u2019XKP di Askoll\",\"datePublished\":\"2023-07-30T18:10:54+00:00\",\"dateModified\":\"2024-03-05T19:34:48+00:00\",\"mainEntityOfPage\":{\"@id\":\"https:\/\/emob-italia.it\/2023\/07\/30\/sul-mercato-arriva-lxkp-di-askoll\/\"},\"wordCount\":517,\"commentCount\":0,\"publisher\":{\"@id\":\"https:\/\/emob-italia.it\/#organization\"},\"image\":{\"@id\":\"https:\/\/emob-italia.it\/2023\/07\/30\/sul-mercato-arriva-lxkp-di-askoll\/#primaryimage\"},\"thumbnailUrl\":\"https:\/\/emob-italia.it\/wp-content\/uploads\/2023\/07\/askoll.jpeg\",\"keywords\":[\"askoll\",\"mobilit\u00e0 elettrica\",\"Mobilit\u00e0 Sostenibile\",\"scooter\"],\"articleSection\":[\"Luglio 2023\",\"Notizie\",\"Notizie Newsletter\"],\"inLanguage\":\"en-US\",\"potentialAction\":[{\"@type\":\"CommentAction\",\"name\":\"Comment\",\"target\":[\"https:\/\/emob-italia.it\/2023\/07\/30\/sul-mercato-arriva-lxkp-di-askoll\/#respond\"]}]},{\"@type\":\"WebPage\",\"@id\":\"https:\/\/emob-italia.it\/2023\/07\/30\/sul-mercato-arriva-lxkp-di-askoll\/\",\"url\":\"https:\/\/emob-italia.it\/2023\/07\/30\/sul-mercato-arriva-lxkp-di-askoll\/\",\"name\":\"Sul mercato arriva l\u2019XKP di Askoll &#8226; e_mob\",\"isPartOf\":{\"@id\":\"https:\/\/emob-italia.it\/#website\"},\"primaryImageOfPage\":{\"@id\":\"https:\/\/emob-italia.it\/2023\/07\/30\/sul-mercato-arriva-lxkp-di-askoll\/#primaryimage\"},\"image\":{\"@id\":\"https:\/\/emob-italia.it\/2023\/07\/30\/sul-mercato-arriva-lxkp-di-askoll\/#primaryimage\"},\"thumbnailUrl\":\"https:\/\/emob-italia.it\/wp-content\/uploads\/2023\/07\/askoll.jpeg\",\"datePublished\":\"2023-07-30T18:10:54+00:00\",\"dateModified\":\"2024-03-05T19:34:48+00:00\",\"description\":\"e_mob \u00e8 il tavolo permanente degli stakeholder della mobilit\u00e0 elettrica in Italia. Organizza ogni anno a Milano la Conferenza Nazionale del settore, nel 2021 in programma dal 16 al 19 ottobre.\",\"breadcrumb\":{\"@id\":\"https:\/\/emob-italia.it\/2023\/07\/30\/sul-mercato-arriva-lxkp-di-askoll\/#breadcrumb\"},\"inLanguage\":\"en-US\",\"potentialAction\":[{\"@type\":\"ReadAction\",\"target\":[\"https:\/\/emob-italia.it\/2023\/07\/30\/sul-mercato-arriva-lxkp-di-askoll\/\"]}]},{\"@type\":\"ImageObject\",\"inLanguage\":\"en-US\",\"@id\":\"https:\/\/emob-italia.it\/2023\/07\/30\/sul-mercato-arriva-lxkp-di-askoll\/#primaryimage\",\"url\":\"https:\/\/emob-italia.it\/wp-content\/uploads\/2023\/07\/askoll.jpeg\",\"contentUrl\":\"https:\/\/emob-italia.it\/wp-content\/uploads\/2023\/07\/askoll.jpeg\",\"width\":1920,\"height\":1280,\"caption\":\"askoll\"},{\"@type\":\"BreadcrumbList\",\"@id\":\"https:\/\/emob-italia.it\/2023\/07\/30\/sul-mercato-arriva-lxkp-di-askoll\/#breadcrumb\",\"itemListElement\":[{\"@type\":\"ListItem\",\"position\":1,\"name\":\"Home\",\"item\":\"https:\/\/emob-italia.it\/en\/\"},{\"@type\":\"ListItem\",\"position\":2,\"name\":\"Sul mercato arriva l\u2019XKP di Askoll\"}]},{\"@type\":\"WebSite\",\"@id\":\"https:\/\/emob-italia.it\/#website\",\"url\":\"https:\/\/emob-italia.it\/\",\"name\":\"e_mob\",\"description\":\"Mobilit\u00e0 Elettrica\",\"publisher\":{\"@id\":\"https:\/\/emob-italia.it\/#organization\"},\"potentialAction\":[{\"@type\":\"SearchAction\",\"target\":{\"@type\":\"EntryPoint\",\"urlTemplate\":\"https:\/\/emob-italia.it\/?s={search_term_string}\"},\"query-input\":\"required name=search_term_string\"}],\"inLanguage\":\"en-US\"},{\"@type\":\"Organization\",\"@id\":\"https:\/\/emob-italia.it\/#organization\",\"name\":\"Class Onlus\",\"url\":\"https:\/\/emob-italia.it\/\",\"logo\":{\"@type\":\"ImageObject\",\"inLanguage\":\"en-US\",\"@id\":\"https:\/\/emob-italia.it\/#\/schema\/logo\/image\/\",\"url\":\"https:\/\/emob-italia.it\/wp-content\/uploads\/2019\/03\/0_CLASS-ONLUS-logo-web.png\",\"contentUrl\":\"https:\/\/emob-italia.it\/wp-content\/uploads\/2019\/03\/0_CLASS-ONLUS-logo-web.png\",\"width\":598,\"height\":202,\"caption\":\"Class Onlus\"},\"image\":{\"@id\":\"https:\/\/emob-italia.it\/#\/schema\/logo\/image\/\"},\"sameAs\":[\"https:\/\/www.facebook.com\/emobitalia\/\",\"https:\/\/www.instagram.com\/e_mob_italia\/\",\"https:\/\/www.linkedin.com\/groups\/12186185\/\",\"https:\/\/www.youtube.com\/channel\/UCvnTcrhggAX_AkFwGxRfqFw\/featured?view_as=subscriber\"]},{\"@type\":\"Person\",\"@id\":\"https:\/\/emob-italia.it\/#\/schema\/person\/59871c976b1a5e842e3d0b98901e4f6d\",\"name\":\"Redazione\",\"image\":{\"@type\":\"ImageObject\",\"inLanguage\":\"en-US\",\"@id\":\"https:\/\/emob-italia.it\/#\/schema\/person\/image\/\",\"url\":\"https:\/\/secure.gravatar.com\/avatar\/5389093e19decc01f17a4f367aa6ce45?s=96&r=g\",\"contentUrl\":\"https:\/\/secure.gravatar.com\/avatar\/5389093e19decc01f17a4f367aa6ce45?s=96&r=g\",\"caption\":\"Redazione\"},\"url\":\"https:\/\/emob-italia.it\/en\/author\/redazione\/\"}]}<\/script>\n<!-- \/ Yoast SEO plugin. -->","yoast_head_json":{"title":"Sul mercato arriva l\u2019XKP di Askoll &#8226; e_mob","description":"e_mob \u00e8 il tavolo permanente degli stakeholder della mobilit\u00e0 elettrica in Italia. Organizza ogni anno a Milano la Conferenza Nazionale del settore, nel 2021 in programma dal 16 al 19 ottobre.","robots":{"index":"index","follow":"follow","max-snippet":"max-snippet:-1","max-image-preview":"max-image-preview:large","max-video-preview":"max-video-preview:-1"},"canonical":"https:\/\/emob-italia.it\/2023\/07\/30\/sul-mercato-arriva-lxkp-di-askoll\/","og_locale":"en_US","og_type":"article","og_title":"Sul mercato arriva l\u2019XKP di Askoll &#8226; e_mob","og_description":"e_mob \u00e8 il tavolo permanente degli stakeholder della mobilit\u00e0 elettrica in Italia. Organizza ogni anno a Milano la Conferenza Nazionale del settore, nel 2021 in programma dal 16 al 19 ottobre.","og_url":"https:\/\/emob-italia.it\/2023\/07\/30\/sul-mercato-arriva-lxkp-di-askoll\/","og_site_name":"e_mob","article_publisher":"https:\/\/www.facebook.com\/emobitalia\/","article_published_time":"2023-07-30T18:10:54+00:00","article_modified_time":"2024-03-05T19:34:48+00:00","og_image":[{"width":1920,"height":1280,"url":"https:\/\/emob-italia.it\/wp-content\/uploads\/2023\/07\/askoll.jpeg","type":"image\/jpeg"}],"author":"Redazione","twitter_misc":{"Written by":"Redazione","Est. reading time":"3 minutes"},"schema":{"@context":"https:\/\/schema.org","@graph":[{"@type":"Article","@id":"https:\/\/emob-italia.it\/2023\/07\/30\/sul-mercato-arriva-lxkp-di-askoll\/#article","isPartOf":{"@id":"https:\/\/emob-italia.it\/2023\/07\/30\/sul-mercato-arriva-lxkp-di-askoll\/"},"author":{"name":"Redazione","@id":"https:\/\/emob-italia.it\/#\/schema\/person\/59871c976b1a5e842e3d0b98901e4f6d"},"headline":"Sul mercato arriva l\u2019XKP di Askoll","datePublished":"2023-07-30T18:10:54+00:00","dateModified":"2024-03-05T19:34:48+00:00","mainEntityOfPage":{"@id":"https:\/\/emob-italia.it\/2023\/07\/30\/sul-mercato-arriva-lxkp-di-askoll\/"},"wordCount":517,"commentCount":0,"publisher":{"@id":"https:\/\/emob-italia.it\/#organization"},"image":{"@id":"https:\/\/emob-italia.it\/2023\/07\/30\/sul-mercato-arriva-lxkp-di-askoll\/#primaryimage"},"thumbnailUrl":"https:\/\/emob-italia.it\/wp-content\/uploads\/2023\/07\/askoll.jpeg","keywords":["askoll","mobilit\u00e0 elettrica","Mobilit\u00e0 Sostenibile","scooter"],"articleSection":["Luglio 2023","Notizie","Notizie Newsletter"],"inLanguage":"en-US","potentialAction":[{"@type":"CommentAction","name":"Comment","target":["https:\/\/emob-italia.it\/2023\/07\/30\/sul-mercato-arriva-lxkp-di-askoll\/#respond"]}]},{"@type":"WebPage","@id":"https:\/\/emob-italia.it\/2023\/07\/30\/sul-mercato-arriva-lxkp-di-askoll\/","url":"https:\/\/emob-italia.it\/2023\/07\/30\/sul-mercato-arriva-lxkp-di-askoll\/","name":"Sul mercato arriva l\u2019XKP di Askoll &#8226; e_mob","isPartOf":{"@id":"https:\/\/emob-italia.it\/#website"},"primaryImageOfPage":{"@id":"https:\/\/emob-italia.it\/2023\/07\/30\/sul-mercato-arriva-lxkp-di-askoll\/#primaryimage"},"image":{"@id":"https:\/\/emob-italia.it\/2023\/07\/30\/sul-mercato-arriva-lxkp-di-askoll\/#primaryimage"},"thumbnailUrl":"https:\/\/emob-italia.it\/wp-content\/uploads\/2023\/07\/askoll.jpeg","datePublished":"2023-07-30T18:10:54+00:00","dateModified":"2024-03-05T19:34:48+00:00","description":"e_mob \u00e8 il tavolo permanente degli stakeholder della mobilit\u00e0 elettrica in Italia. Organizza ogni anno a Milano la Conferenza Nazionale del settore, nel 2021 in programma dal 16 al 19 ottobre.","breadcrumb":{"@id":"https:\/\/emob-italia.it\/2023\/07\/30\/sul-mercato-arriva-lxkp-di-askoll\/#breadcrumb"},"inLanguage":"en-US","potentialAction":[{"@type":"ReadAction","target":["https:\/\/emob-italia.it\/2023\/07\/30\/sul-mercato-arriva-lxkp-di-askoll\/"]}]},{"@type":"ImageObject","inLanguage":"en-US","@id":"https:\/\/emob-italia.it\/2023\/07\/30\/sul-mercato-arriva-lxkp-di-askoll\/#primaryimage","url":"https:\/\/emob-italia.it\/wp-content\/uploads\/2023\/07\/askoll.jpeg","contentUrl":"https:\/\/emob-italia.it\/wp-content\/uploads\/2023\/07\/askoll.jpeg","width":1920,"height":1280,"caption":"askoll"},{"@type":"BreadcrumbList","@id":"https:\/\/emob-italia.it\/2023\/07\/30\/sul-mercato-arriva-lxkp-di-askoll\/#breadcrumb","itemListElement":[{"@type":"ListItem","position":1,"name":"Home","item":"https:\/\/emob-italia.it\/en\/"},{"@type":"ListItem","position":2,"name":"Sul mercato arriva l\u2019XKP di Askoll"}]},{"@type":"WebSite","@id":"https:\/\/emob-italia.it\/#website","url":"https:\/\/emob-italia.it\/","name":"e_mob","description":"Mobilit\u00e0 Elettrica","publisher":{"@id":"https:\/\/emob-italia.it\/#organization"},"potentialAction":[{"@type":"SearchAction","target":{"@type":"EntryPoint","urlTemplate":"https:\/\/emob-italia.it\/?s={search_term_string}"},"query-input":"required name=search_term_string"}],"inLanguage":"en-US"},{"@type":"Organization","@id":"https:\/\/emob-italia.it\/#organization","name":"Class Onlus","url":"https:\/\/emob-italia.it\/","logo":{"@type":"ImageObject","inLanguage":"en-US","@id":"https:\/\/emob-italia.it\/#\/schema\/logo\/image\/","url":"https:\/\/emob-italia.it\/wp-content\/uploads\/2019\/03\/0_CLASS-ONLUS-logo-web.png","contentUrl":"https:\/\/emob-italia.it\/wp-content\/uploads\/2019\/03\/0_CLASS-ONLUS-logo-web.png","width":598,"height":202,"caption":"Class Onlus"},"image":{"@id":"https:\/\/emob-italia.it\/#\/schema\/logo\/image\/"},"sameAs":["https:\/\/www.facebook.com\/emobitalia\/","https:\/\/www.instagram.com\/e_mob_italia\/","https:\/\/www.linkedin.com\/groups\/12186185\/","https:\/\/www.youtube.com\/channel\/UCvnTcrhggAX_AkFwGxRfqFw\/featured?view_as=subscriber"]},{"@type":"Person","@id":"https:\/\/emob-italia.it\/#\/schema\/person\/59871c976b1a5e842e3d0b98901e4f6d","name":"Redazione","image":{"@type":"ImageObject","inLanguage":"en-US","@id":"https:\/\/emob-italia.it\/#\/schema\/person\/image\/","url":"https:\/\/secure.gravatar.com\/avatar\/5389093e19decc01f17a4f367aa6ce45?s=96&r=g","contentUrl":"https:\/\/secure.gravatar.com\/avatar\/5389093e19decc01f17a4f367aa6ce45?s=96&r=g","caption":"Redazione"},"url":"https:\/\/emob-italia.it\/en\/author\/redazione\/"}]}},"_links":{"self":[{"href":"https:\/\/emob-italia.it\/en\/wp-json\/wp\/v2\/posts\/63902"}],"collection":[{"href":"https:\/\/emob-italia.it\/en\/wp-json\/wp\/v2\/posts"}],"about":[{"href":"https:\/\/emob-italia.it\/en\/wp-json\/wp\/v2\/types\/post"}],"author":[{"embeddable":true,"href":"https:\/\/emob-italia.it\/en\/wp-json\/wp\/v2\/users\/19"}],"replies":[{"embeddable":true,"href":"https:\/\/emob-italia.it\/en\/wp-json\/wp\/v2\/comments?post=63902"}],"version-history":[{"count":1,"href":"https:\/\/emob-italia.it\/en\/wp-json\/wp\/v2\/posts\/63902\/revisions"}],"predecessor-version":[{"id":64055,"href":"https:\/\/emob-italia.it\/en\/wp-json\/wp\/v2\/posts\/63902\/revisions\/64055"}],"wp:featuredmedia":[{"embeddable":true,"href":"https:\/\/emob-italia.it\/en\/wp-json\/wp\/v2\/media\/61878"}],"wp:attachment":[{"href":"https:\/\/emob-italia.it\/en\/wp-json\/wp\/v2\/media?parent=63902"}],"wp:term":[{"taxonomy":"category","embeddable":true,"href":"https:\/\/emob-italia.it\/en\/wp-json\/wp\/v2\/categories?post=63902"},{"taxonomy":"post_tag","embeddable":true,"href":"https:\/\/emob-italia.it\/en\/wp-json\/wp\/v2\/tags?post=63902"}],"curies":[{"name":"wp","href":"https:\/\/api.w.org\/{rel}","templated":true}]}}