{"id":63900,"date":"2023-08-15T20:09:44","date_gmt":"2023-08-15T18:09:44","guid":{"rendered":"https:\/\/emob-italia.it\/?p=63900"},"modified":"2024-03-05T20:33:56","modified_gmt":"2024-03-05T19:33:56","slug":"e_mob-nautico-per-lelettrico-in-mare-e-laghi","status":"publish","type":"post","link":"https:\/\/emob-italia.it\/en\/2023\/08\/15\/e_mob-nautico-per-lelettrico-in-mare-e-laghi\/","title":{"rendered":"e_mob nautica per l\u2019elettrico in mare e laghi"},"content":{"rendered":"\n<p>La transizione&nbsp;verso il&nbsp;\u201cnon fossile\u201d&nbsp;dei trasporti marittimi&nbsp;\u00e8 necessaria,&nbsp;subito. Interviene anche il ministro del mare, Nello Musumeci.<\/p>\n\n\n\n<p>L\u2019estate 2022 \u00e8 stata davvero caldissima\u00a0e adesso rischiamo\u00a0non solo di giungere a tappe forzate al\u00a0punto di non ritorno\u00a0paventato dai climatologi e dagli scienziati,\u00a0ma\u00a0anche\u00a0di pagare\u00a0duramente da subito\u00a0le conseguenze dei\u00a0cambiamenti climatici in atto.<\/p>\n\n\n\n<p>L\u2019aumento delle temperature provoca&nbsp;infatti&nbsp;una maggior evaporazione nei nostri mari e quindi un eccesso di umidit\u00e0 nei bassi strati dell&#8217;atmosfera, la vera energia potenziale in grado di alimentare gli eventi meteo estremi come i temibili &#8220;Medicane&#8221;, dalla fusione dei termini inglesi MEDIterranean hurriCANE (uragano mediterraneo).&nbsp;La&nbsp;temperatura media&nbsp;del mar Mediterraneo \u00e8 giunta a 25 \u2013 27 gradi:&nbsp;un&nbsp;calore&nbsp;eccessivo&nbsp;che smorza le normali correnti caldo-freddo, che priva i fondali di ossigeno, che tropicalizza i nostri mari e che fa proliferare in maniera anomala animali e invertebrati pericolosi (come le meduse).&nbsp;<\/p>\n\n\n\n<p>Al momento, non sono molte le esperienze di elettrificazione dei trasporti marini\u00a0e lacustri\u00a0e di riduzione dell\u2019impatto fossile e inquinante delle navi mercantili e da crociera. Ma\u00a0le innovazioni nel traffico marittimo esistono.\u00a0Il prossimo 14 ottobre, ad esempio, sul lago di Como, si svolger\u00e0 la kermesse\u00a0<strong>e_mob nautica<\/strong>, con le migliori esperienze di nautica elettrica.\u00a0Anche il ministro del mare, <strong>Nello Musumeci<\/strong>, si \u00e8 espresso in merito, nella speranza di dare seguito\u00a0con i fatti alle parole di preoccupazioni espresse.<\/p>\n\n\n\n<p>In un\u2019intervista al Corriere della Sera, alla domanda \u201c\u00e8 preoccupato?\u201d, risponde:\u00a0\u00abVentotto gradi in superficie sono tanti, la temperatura del Mediterraneo \u00e8 salita di due gradi. \u00c9 un mare con la febbre e la colpa \u00e8 anche dell\u2019inquinamento prodotto dal carburante fossile delle navi, dal petrolio sversato e dai milioni di tonnellate di plastica che a poco a poco lo stanno soffocando. Quindi dico che non c\u2019\u00e8 da preoccuparsi, piuttosto c\u2019\u00e8 da occuparsene seriamente, perch\u00e9 lo sconvolgimento climatico gi\u00e0 in atto da almeno 15 anni ormai \u00e8 evidente. Io non sono un negazionista. Siccit\u00e0 e\u00a0alluvioni sono le due facce della stessa medaglia: la tropicalizzazione del nostro clima. Adesso abbiamo il Piano del Mare,\u00a0varato pochi giorni fa. Siamo pronti ad accettare la sfida\u00bb.<\/p>\n\n\n\n<p>Il\u00a0Ministro\u00a0poi\u00a0aggiunge: \u00abLa lotta all\u2019inquinamento\u00a0si svolge\u00a0innanzitutto\u00a0con\u00a0la transizione energetica, cio\u00e8 la produzione di energia green anche per le navi. Per fortuna il buon Dio ci ha gi\u00e0 messo a disposizione le risorse: con il solare, l\u2019eolico, l\u2019idrogeno verde, il Mezzogiorno potr\u00e0 diventare l\u2019hub energetico meridionale dell\u2019Europa. Non dimenticate che l\u2019Ue ha gi\u00e0 come obiettivo il rinnovo della flotta, con la rottamazione delle navi che inquinano di pi\u00f9. E ancora: nel Piano c\u2019\u00e8 il rilancio di pesca e acquacoltura, un sistema delle Isole minori, abitate da 220 mila italiani con tanti problemi, maggiore coinvolgimento dei privati nei porti, la cantieristica, la nautica. Le\u00a0aree retroportuali al servizio dell\u2019attivit\u00e0 manifatturiera: non pi\u00f9 solo luoghi di carico e di scarico ma anche di trasformazione delle merci\u00bb.<\/p>\n","protected":false},"excerpt":{"rendered":"<p>L\u2019estate 2022 \u00e8 stata davvero caldissima\u00a0e adesso rischiamo\u00a0non solo di giungere a tappe forzate al\u00a0punto di non ritorno\u00a0paventato dai climatologi e dagli scienziati,\u00a0ma\u00a0anche\u00a0di pagare\u00a0duramente da subito\u00a0le conseguenze dei\u00a0cambiamenti climatici in atto.<\/p>\n","protected":false},"author":19,"featured_media":61762,"comment_status":"open","ping_status":"open","sticky":false,"template":"","format":"standard","meta":{"_et_pb_use_builder":"","_et_pb_old_content":"","_et_gb_content_width":"","_exactmetrics_skip_tracking":false,"_exactmetrics_sitenote_active":false,"_exactmetrics_sitenote_note":"","_exactmetrics_sitenote_category":0,"footnotes":""},"categories":[730,26,114],"tags":[165,10,11],"yoast_head":"<!-- This site is optimized with the Yoast SEO plugin v22.9 - https:\/\/yoast.com\/wordpress\/plugins\/seo\/ -->\n<title>e_mob nautica per l\u2019elettrico in mare e laghi &#8226; e_mob<\/title>\n<meta name=\"description\" content=\"e_mob \u00e8 il tavolo permanente degli stakeholder della mobilit\u00e0 elettrica in Italia. Organizza ogni anno a Milano la Conferenza Nazionale del settore, nel 2021 in programma dal 16 al 19 ottobre.\" \/>\n<meta name=\"robots\" content=\"index, follow, max-snippet:-1, max-image-preview:large, max-video-preview:-1\" \/>\n<link rel=\"canonical\" href=\"https:\/\/emob-italia.it\/2023\/08\/15\/e_mob-nautico-per-lelettrico-in-mare-e-laghi\/\" \/>\n<meta property=\"og:locale\" content=\"en_US\" \/>\n<meta property=\"og:type\" content=\"article\" \/>\n<meta property=\"og:title\" content=\"e_mob nautica per l\u2019elettrico in mare e laghi &#8226; e_mob\" \/>\n<meta property=\"og:description\" content=\"e_mob \u00e8 il tavolo permanente degli stakeholder della mobilit\u00e0 elettrica in Italia. Organizza ogni anno a Milano la Conferenza Nazionale del settore, nel 2021 in programma dal 16 al 19 ottobre.\" \/>\n<meta property=\"og:url\" content=\"https:\/\/emob-italia.it\/2023\/08\/15\/e_mob-nautico-per-lelettrico-in-mare-e-laghi\/\" \/>\n<meta property=\"og:site_name\" content=\"e_mob\" \/>\n<meta property=\"article:publisher\" content=\"https:\/\/www.facebook.com\/emobitalia\/\" \/>\n<meta property=\"article:published_time\" content=\"2023-08-15T18:09:44+00:00\" \/>\n<meta property=\"article:modified_time\" content=\"2024-03-05T19:33:56+00:00\" \/>\n<meta property=\"og:image\" content=\"https:\/\/emob-italia.it\/wp-content\/uploads\/2023\/06\/PresentazioneEMOB_nautica_2023Ok_Pagina_01-1-scaled.jpg\" \/>\n\t<meta property=\"og:image:width\" content=\"2560\" \/>\n\t<meta property=\"og:image:height\" content=\"1475\" \/>\n\t<meta property=\"og:image:type\" content=\"image\/jpeg\" \/>\n<meta name=\"author\" content=\"Redazione\" \/>\n<meta name=\"twitter:label1\" content=\"Written by\" \/>\n\t<meta name=\"twitter:data1\" content=\"Redazione\" \/>\n\t<meta name=\"twitter:label2\" content=\"Est. reading time\" \/>\n\t<meta name=\"twitter:data2\" content=\"3 minutes\" \/>\n<script type=\"application\/ld+json\" class=\"yoast-schema-graph\">{\"@context\":\"https:\/\/schema.org\",\"@graph\":[{\"@type\":\"Article\",\"@id\":\"https:\/\/emob-italia.it\/2023\/08\/15\/e_mob-nautico-per-lelettrico-in-mare-e-laghi\/#article\",\"isPartOf\":{\"@id\":\"https:\/\/emob-italia.it\/2023\/08\/15\/e_mob-nautico-per-lelettrico-in-mare-e-laghi\/\"},\"author\":{\"name\":\"Redazione\",\"@id\":\"https:\/\/emob-italia.it\/#\/schema\/person\/59871c976b1a5e842e3d0b98901e4f6d\"},\"headline\":\"e_mob nautica per l\u2019elettrico in mare e laghi\",\"datePublished\":\"2023-08-15T18:09:44+00:00\",\"dateModified\":\"2024-03-05T19:33:56+00:00\",\"mainEntityOfPage\":{\"@id\":\"https:\/\/emob-italia.it\/2023\/08\/15\/e_mob-nautico-per-lelettrico-in-mare-e-laghi\/\"},\"wordCount\":511,\"commentCount\":0,\"publisher\":{\"@id\":\"https:\/\/emob-italia.it\/#organization\"},\"image\":{\"@id\":\"https:\/\/emob-italia.it\/2023\/08\/15\/e_mob-nautico-per-lelettrico-in-mare-e-laghi\/#primaryimage\"},\"thumbnailUrl\":\"https:\/\/emob-italia.it\/wp-content\/uploads\/2023\/06\/PresentazioneEMOB_nautica_2023Ok_Pagina_01-1-scaled.jpg\",\"keywords\":[\"emob\",\"mobilit\u00e0 elettrica\",\"Mobilit\u00e0 Sostenibile\"],\"articleSection\":[\"Agosto 2023\",\"Notizie\",\"Notizie Newsletter\"],\"inLanguage\":\"en-US\",\"potentialAction\":[{\"@type\":\"CommentAction\",\"name\":\"Comment\",\"target\":[\"https:\/\/emob-italia.it\/2023\/08\/15\/e_mob-nautico-per-lelettrico-in-mare-e-laghi\/#respond\"]}]},{\"@type\":\"WebPage\",\"@id\":\"https:\/\/emob-italia.it\/2023\/08\/15\/e_mob-nautico-per-lelettrico-in-mare-e-laghi\/\",\"url\":\"https:\/\/emob-italia.it\/2023\/08\/15\/e_mob-nautico-per-lelettrico-in-mare-e-laghi\/\",\"name\":\"e_mob nautica per l\u2019elettrico in mare e laghi &#8226; e_mob\",\"isPartOf\":{\"@id\":\"https:\/\/emob-italia.it\/#website\"},\"primaryImageOfPage\":{\"@id\":\"https:\/\/emob-italia.it\/2023\/08\/15\/e_mob-nautico-per-lelettrico-in-mare-e-laghi\/#primaryimage\"},\"image\":{\"@id\":\"https:\/\/emob-italia.it\/2023\/08\/15\/e_mob-nautico-per-lelettrico-in-mare-e-laghi\/#primaryimage\"},\"thumbnailUrl\":\"https:\/\/emob-italia.it\/wp-content\/uploads\/2023\/06\/PresentazioneEMOB_nautica_2023Ok_Pagina_01-1-scaled.jpg\",\"datePublished\":\"2023-08-15T18:09:44+00:00\",\"dateModified\":\"2024-03-05T19:33:56+00:00\",\"description\":\"e_mob \u00e8 il tavolo permanente degli stakeholder della mobilit\u00e0 elettrica in Italia. Organizza ogni anno a Milano la Conferenza Nazionale del settore, nel 2021 in programma dal 16 al 19 ottobre.\",\"breadcrumb\":{\"@id\":\"https:\/\/emob-italia.it\/2023\/08\/15\/e_mob-nautico-per-lelettrico-in-mare-e-laghi\/#breadcrumb\"},\"inLanguage\":\"en-US\",\"potentialAction\":[{\"@type\":\"ReadAction\",\"target\":[\"https:\/\/emob-italia.it\/2023\/08\/15\/e_mob-nautico-per-lelettrico-in-mare-e-laghi\/\"]}]},{\"@type\":\"ImageObject\",\"inLanguage\":\"en-US\",\"@id\":\"https:\/\/emob-italia.it\/2023\/08\/15\/e_mob-nautico-per-lelettrico-in-mare-e-laghi\/#primaryimage\",\"url\":\"https:\/\/emob-italia.it\/wp-content\/uploads\/2023\/06\/PresentazioneEMOB_nautica_2023Ok_Pagina_01-1-scaled.jpg\",\"contentUrl\":\"https:\/\/emob-italia.it\/wp-content\/uploads\/2023\/06\/PresentazioneEMOB_nautica_2023Ok_Pagina_01-1-scaled.jpg\",\"width\":2560,\"height\":1475,\"caption\":\"e_mob nautica\"},{\"@type\":\"BreadcrumbList\",\"@id\":\"https:\/\/emob-italia.it\/2023\/08\/15\/e_mob-nautico-per-lelettrico-in-mare-e-laghi\/#breadcrumb\",\"itemListElement\":[{\"@type\":\"ListItem\",\"position\":1,\"name\":\"Home\",\"item\":\"https:\/\/emob-italia.it\/en\/\"},{\"@type\":\"ListItem\",\"position\":2,\"name\":\"e_mob nautica per l\u2019elettrico in mare e laghi\"}]},{\"@type\":\"WebSite\",\"@id\":\"https:\/\/emob-italia.it\/#website\",\"url\":\"https:\/\/emob-italia.it\/\",\"name\":\"e_mob\",\"description\":\"Mobilit\u00e0 Elettrica\",\"publisher\":{\"@id\":\"https:\/\/emob-italia.it\/#organization\"},\"potentialAction\":[{\"@type\":\"SearchAction\",\"target\":{\"@type\":\"EntryPoint\",\"urlTemplate\":\"https:\/\/emob-italia.it\/?s={search_term_string}\"},\"query-input\":\"required name=search_term_string\"}],\"inLanguage\":\"en-US\"},{\"@type\":\"Organization\",\"@id\":\"https:\/\/emob-italia.it\/#organization\",\"name\":\"Class Onlus\",\"url\":\"https:\/\/emob-italia.it\/\",\"logo\":{\"@type\":\"ImageObject\",\"inLanguage\":\"en-US\",\"@id\":\"https:\/\/emob-italia.it\/#\/schema\/logo\/image\/\",\"url\":\"https:\/\/emob-italia.it\/wp-content\/uploads\/2019\/03\/0_CLASS-ONLUS-logo-web.png\",\"contentUrl\":\"https:\/\/emob-italia.it\/wp-content\/uploads\/2019\/03\/0_CLASS-ONLUS-logo-web.png\",\"width\":598,\"height\":202,\"caption\":\"Class Onlus\"},\"image\":{\"@id\":\"https:\/\/emob-italia.it\/#\/schema\/logo\/image\/\"},\"sameAs\":[\"https:\/\/www.facebook.com\/emobitalia\/\",\"https:\/\/www.instagram.com\/e_mob_italia\/\",\"https:\/\/www.linkedin.com\/groups\/12186185\/\",\"https:\/\/www.youtube.com\/channel\/UCvnTcrhggAX_AkFwGxRfqFw\/featured?view_as=subscriber\"]},{\"@type\":\"Person\",\"@id\":\"https:\/\/emob-italia.it\/#\/schema\/person\/59871c976b1a5e842e3d0b98901e4f6d\",\"name\":\"Redazione\",\"image\":{\"@type\":\"ImageObject\",\"inLanguage\":\"en-US\",\"@id\":\"https:\/\/emob-italia.it\/#\/schema\/person\/image\/\",\"url\":\"https:\/\/secure.gravatar.com\/avatar\/5389093e19decc01f17a4f367aa6ce45?s=96&r=g\",\"contentUrl\":\"https:\/\/secure.gravatar.com\/avatar\/5389093e19decc01f17a4f367aa6ce45?s=96&r=g\",\"caption\":\"Redazione\"},\"url\":\"https:\/\/emob-italia.it\/en\/author\/redazione\/\"}]}<\/script>\n<!-- \/ Yoast SEO plugin. -->","yoast_head_json":{"title":"e_mob nautica per l\u2019elettrico in mare e laghi &#8226; e_mob","description":"e_mob \u00e8 il tavolo permanente degli stakeholder della mobilit\u00e0 elettrica in Italia. Organizza ogni anno a Milano la Conferenza Nazionale del settore, nel 2021 in programma dal 16 al 19 ottobre.","robots":{"index":"index","follow":"follow","max-snippet":"max-snippet:-1","max-image-preview":"max-image-preview:large","max-video-preview":"max-video-preview:-1"},"canonical":"https:\/\/emob-italia.it\/2023\/08\/15\/e_mob-nautico-per-lelettrico-in-mare-e-laghi\/","og_locale":"en_US","og_type":"article","og_title":"e_mob nautica per l\u2019elettrico in mare e laghi &#8226; e_mob","og_description":"e_mob \u00e8 il tavolo permanente degli stakeholder della mobilit\u00e0 elettrica in Italia. Organizza ogni anno a Milano la Conferenza Nazionale del settore, nel 2021 in programma dal 16 al 19 ottobre.","og_url":"https:\/\/emob-italia.it\/2023\/08\/15\/e_mob-nautico-per-lelettrico-in-mare-e-laghi\/","og_site_name":"e_mob","article_publisher":"https:\/\/www.facebook.com\/emobitalia\/","article_published_time":"2023-08-15T18:09:44+00:00","article_modified_time":"2024-03-05T19:33:56+00:00","og_image":[{"width":2560,"height":1475,"url":"https:\/\/emob-italia.it\/wp-content\/uploads\/2023\/06\/PresentazioneEMOB_nautica_2023Ok_Pagina_01-1-scaled.jpg","type":"image\/jpeg"}],"author":"Redazione","twitter_misc":{"Written by":"Redazione","Est. reading time":"3 minutes"},"schema":{"@context":"https:\/\/schema.org","@graph":[{"@type":"Article","@id":"https:\/\/emob-italia.it\/2023\/08\/15\/e_mob-nautico-per-lelettrico-in-mare-e-laghi\/#article","isPartOf":{"@id":"https:\/\/emob-italia.it\/2023\/08\/15\/e_mob-nautico-per-lelettrico-in-mare-e-laghi\/"},"author":{"name":"Redazione","@id":"https:\/\/emob-italia.it\/#\/schema\/person\/59871c976b1a5e842e3d0b98901e4f6d"},"headline":"e_mob nautica per l\u2019elettrico in mare e laghi","datePublished":"2023-08-15T18:09:44+00:00","dateModified":"2024-03-05T19:33:56+00:00","mainEntityOfPage":{"@id":"https:\/\/emob-italia.it\/2023\/08\/15\/e_mob-nautico-per-lelettrico-in-mare-e-laghi\/"},"wordCount":511,"commentCount":0,"publisher":{"@id":"https:\/\/emob-italia.it\/#organization"},"image":{"@id":"https:\/\/emob-italia.it\/2023\/08\/15\/e_mob-nautico-per-lelettrico-in-mare-e-laghi\/#primaryimage"},"thumbnailUrl":"https:\/\/emob-italia.it\/wp-content\/uploads\/2023\/06\/PresentazioneEMOB_nautica_2023Ok_Pagina_01-1-scaled.jpg","keywords":["emob","mobilit\u00e0 elettrica","Mobilit\u00e0 Sostenibile"],"articleSection":["Agosto 2023","Notizie","Notizie Newsletter"],"inLanguage":"en-US","potentialAction":[{"@type":"CommentAction","name":"Comment","target":["https:\/\/emob-italia.it\/2023\/08\/15\/e_mob-nautico-per-lelettrico-in-mare-e-laghi\/#respond"]}]},{"@type":"WebPage","@id":"https:\/\/emob-italia.it\/2023\/08\/15\/e_mob-nautico-per-lelettrico-in-mare-e-laghi\/","url":"https:\/\/emob-italia.it\/2023\/08\/15\/e_mob-nautico-per-lelettrico-in-mare-e-laghi\/","name":"e_mob nautica per l\u2019elettrico in mare e laghi &#8226; e_mob","isPartOf":{"@id":"https:\/\/emob-italia.it\/#website"},"primaryImageOfPage":{"@id":"https:\/\/emob-italia.it\/2023\/08\/15\/e_mob-nautico-per-lelettrico-in-mare-e-laghi\/#primaryimage"},"image":{"@id":"https:\/\/emob-italia.it\/2023\/08\/15\/e_mob-nautico-per-lelettrico-in-mare-e-laghi\/#primaryimage"},"thumbnailUrl":"https:\/\/emob-italia.it\/wp-content\/uploads\/2023\/06\/PresentazioneEMOB_nautica_2023Ok_Pagina_01-1-scaled.jpg","datePublished":"2023-08-15T18:09:44+00:00","dateModified":"2024-03-05T19:33:56+00:00","description":"e_mob \u00e8 il tavolo permanente degli stakeholder della mobilit\u00e0 elettrica in Italia. Organizza ogni anno a Milano la Conferenza Nazionale del settore, nel 2021 in programma dal 16 al 19 ottobre.","breadcrumb":{"@id":"https:\/\/emob-italia.it\/2023\/08\/15\/e_mob-nautico-per-lelettrico-in-mare-e-laghi\/#breadcrumb"},"inLanguage":"en-US","potentialAction":[{"@type":"ReadAction","target":["https:\/\/emob-italia.it\/2023\/08\/15\/e_mob-nautico-per-lelettrico-in-mare-e-laghi\/"]}]},{"@type":"ImageObject","inLanguage":"en-US","@id":"https:\/\/emob-italia.it\/2023\/08\/15\/e_mob-nautico-per-lelettrico-in-mare-e-laghi\/#primaryimage","url":"https:\/\/emob-italia.it\/wp-content\/uploads\/2023\/06\/PresentazioneEMOB_nautica_2023Ok_Pagina_01-1-scaled.jpg","contentUrl":"https:\/\/emob-italia.it\/wp-content\/uploads\/2023\/06\/PresentazioneEMOB_nautica_2023Ok_Pagina_01-1-scaled.jpg","width":2560,"height":1475,"caption":"e_mob nautica"},{"@type":"BreadcrumbList","@id":"https:\/\/emob-italia.it\/2023\/08\/15\/e_mob-nautico-per-lelettrico-in-mare-e-laghi\/#breadcrumb","itemListElement":[{"@type":"ListItem","position":1,"name":"Home","item":"https:\/\/emob-italia.it\/en\/"},{"@type":"ListItem","position":2,"name":"e_mob nautica per l\u2019elettrico in mare e laghi"}]},{"@type":"WebSite","@id":"https:\/\/emob-italia.it\/#website","url":"https:\/\/emob-italia.it\/","name":"e_mob","description":"Mobilit\u00e0 Elettrica","publisher":{"@id":"https:\/\/emob-italia.it\/#organization"},"potentialAction":[{"@type":"SearchAction","target":{"@type":"EntryPoint","urlTemplate":"https:\/\/emob-italia.it\/?s={search_term_string}"},"query-input":"required name=search_term_string"}],"inLanguage":"en-US"},{"@type":"Organization","@id":"https:\/\/emob-italia.it\/#organization","name":"Class Onlus","url":"https:\/\/emob-italia.it\/","logo":{"@type":"ImageObject","inLanguage":"en-US","@id":"https:\/\/emob-italia.it\/#\/schema\/logo\/image\/","url":"https:\/\/emob-italia.it\/wp-content\/uploads\/2019\/03\/0_CLASS-ONLUS-logo-web.png","contentUrl":"https:\/\/emob-italia.it\/wp-content\/uploads\/2019\/03\/0_CLASS-ONLUS-logo-web.png","width":598,"height":202,"caption":"Class Onlus"},"image":{"@id":"https:\/\/emob-italia.it\/#\/schema\/logo\/image\/"},"sameAs":["https:\/\/www.facebook.com\/emobitalia\/","https:\/\/www.instagram.com\/e_mob_italia\/","https:\/\/www.linkedin.com\/groups\/12186185\/","https:\/\/www.youtube.com\/channel\/UCvnTcrhggAX_AkFwGxRfqFw\/featured?view_as=subscriber"]},{"@type":"Person","@id":"https:\/\/emob-italia.it\/#\/schema\/person\/59871c976b1a5e842e3d0b98901e4f6d","name":"Redazione","image":{"@type":"ImageObject","inLanguage":"en-US","@id":"https:\/\/emob-italia.it\/#\/schema\/person\/image\/","url":"https:\/\/secure.gravatar.com\/avatar\/5389093e19decc01f17a4f367aa6ce45?s=96&r=g","contentUrl":"https:\/\/secure.gravatar.com\/avatar\/5389093e19decc01f17a4f367aa6ce45?s=96&r=g","caption":"Redazione"},"url":"https:\/\/emob-italia.it\/en\/author\/redazione\/"}]}},"_links":{"self":[{"href":"https:\/\/emob-italia.it\/en\/wp-json\/wp\/v2\/posts\/63900"}],"collection":[{"href":"https:\/\/emob-italia.it\/en\/wp-json\/wp\/v2\/posts"}],"about":[{"href":"https:\/\/emob-italia.it\/en\/wp-json\/wp\/v2\/types\/post"}],"author":[{"embeddable":true,"href":"https:\/\/emob-italia.it\/en\/wp-json\/wp\/v2\/users\/19"}],"replies":[{"embeddable":true,"href":"https:\/\/emob-italia.it\/en\/wp-json\/wp\/v2\/comments?post=63900"}],"version-history":[{"count":1,"href":"https:\/\/emob-italia.it\/en\/wp-json\/wp\/v2\/posts\/63900\/revisions"}],"predecessor-version":[{"id":64053,"href":"https:\/\/emob-italia.it\/en\/wp-json\/wp\/v2\/posts\/63900\/revisions\/64053"}],"wp:featuredmedia":[{"embeddable":true,"href":"https:\/\/emob-italia.it\/en\/wp-json\/wp\/v2\/media\/61762"}],"wp:attachment":[{"href":"https:\/\/emob-italia.it\/en\/wp-json\/wp\/v2\/media?parent=63900"}],"wp:term":[{"taxonomy":"category","embeddable":true,"href":"https:\/\/emob-italia.it\/en\/wp-json\/wp\/v2\/categories?post=63900"},{"taxonomy":"post_tag","embeddable":true,"href":"https:\/\/emob-italia.it\/en\/wp-json\/wp\/v2\/tags?post=63900"}],"curies":[{"name":"wp","href":"https:\/\/api.w.org\/{rel}","templated":true}]}}