{"id":63898,"date":"2023-08-15T20:09:24","date_gmt":"2023-08-15T18:09:24","guid":{"rendered":"https:\/\/emob-italia.it\/?p=63898"},"modified":"2024-03-05T20:32:25","modified_gmt":"2024-03-05T19:32:25","slug":"piu-stazioni-di-ricarica-in-europa-nuova-legge-del-consiglio-ue","status":"publish","type":"post","link":"https:\/\/emob-italia.it\/en\/2023\/08\/15\/piu-stazioni-di-ricarica-in-europa-nuova-legge-del-consiglio-ue\/","title":{"rendered":"Pi\u00f9 stazioni di ricarica in Europa: nuova legge del Consiglio Ue"},"content":{"rendered":"\n<p>Nei prossimi anni in tutta Europa saranno installate pi\u00f9 stazioni di ricarica e rifornimento di carburanti alternativi, consentendo al settore dei trasporti di&nbsp;ridurre significativamente la propria impronta di carbonio.&nbsp;Il nuovo Regolamento&nbsp;sull&#8217;infrastruttura per i carburanti alternativi, AFIR, voluto&nbsp;dal Consiglio d\u2019Europa,&nbsp;\u00e8 una pietra&nbsp;miliare della nostra politica \u201cFit for 55\u201d&nbsp;che prevede una maggiore capacit\u00e0 di ricarica pubblica per le strade delle citt\u00e0 e lungo le autostrade in tutta Europa.&nbsp;In un&nbsp;prossimo&nbsp;futuro,&nbsp;i cittadini potranno ricaricare le loro auto elettriche con la stessa facilit\u00e0 con cui lo fanno oggi nelle tradizionali stazioni di servizio.<\/p>\n\n\n\n<p>Il testo del regolamento prevede obiettivi di diffusione specifici che dovranno essere raggiunti nel 2025&nbsp;o nel 2030, in particolare:<\/p>\n\n\n\n<p>&#8211;&nbsp;dal&nbsp;2025&nbsp;in poi dovranno essere installate&nbsp;stazioni di ricarica rapida di almeno 150 kW per&nbsp;auto e furgoni ogni&nbsp;60 km&nbsp;lungo i principali corridoi di trasporto dell&#8217;UE, la cosiddetta \u201crete transeuropea di trasporto (TEN-T)\u201d;<\/p>\n\n\n\n<p>&#8211;&nbsp;dal 2025, e&nbsp;con copertura completa della rete entro il&nbsp;2030, dovranno essere installate&nbsp;stazioni di ricarica per&nbsp;veicoli pesanti,&nbsp;con una potenza minima di 350 kW,&nbsp;ogni&nbsp;60 km&nbsp;lungo la rete centrale TEN-T e ogni&nbsp;100 km&nbsp;sulla pi\u00f9 ampia rete globale TEN-T&nbsp;in poi;<\/p>\n\n\n\n<p>dal&nbsp;2030&nbsp;dovranno essere installate&nbsp;<\/p>\n\n\n\n<p>&#8211;&nbsp;stazioni di rifornimento di idrogeno,&nbsp;per servire&nbsp;sia auto che camion,&nbsp;in tutti i nodi urbani e ogni&nbsp;200 km&nbsp;lungo la rete centrale TEN-T&nbsp;<\/p>\n\n\n\n<p>&#8211;&nbsp;entro il 2030&nbsp;i porti marittimi&nbsp;che accolgono un numero minimo di grandi navi passeggeri o portacontainer dovranno&nbsp;fornire&nbsp;elettricit\u00e0 a terra&nbsp;per tali navi;<\/p>\n\n\n\n<p>entro il 2025<\/p>\n\n\n\n<p>&#8211;&nbsp;gli aeroporti&nbsp;dovranno&nbsp;fornire elettricit\u00e0 agli aeromobili stazionati in tutti i gate&nbsp;e&nbsp;entro il 2030 anche&nbsp;in tutti gli stand remoti;<\/p>\n\n\n\n<p>&#8211;&nbsp;gli utenti&nbsp;di veicoli elettrici o alimentati a idrogeno dovranno&nbsp;poter&nbsp;pagare agevolmente&nbsp;presso i punti di ricarica o rifornimento con carte di pagamento o dispositivi contactless e senza necessit\u00e0 di abbonamento,&nbsp;in piena trasparenza dei prezzi;<\/p>\n\n\n\n<p>&#8211;&nbsp;gli operatori&nbsp;dei punti di ricarica o di rifornimento&nbsp;dovranno&nbsp;fornire ai consumatori&nbsp;informazioni complete&nbsp;attraverso mezzi elettronici sulla disponibilit\u00e0, sui tempi di attesa o sul prezzo nelle diverse stazioni.<\/p>\n\n\n\n<p>Dopo l\u2019adozione formale da parte del Consiglio, il nuovo regolamento sar\u00e0 pubblicato nella Gazzetta ufficiale dell&#8217;UE dopo l\u2019estate ed entrer\u00e0 in vigore il ventesimo giorno successivo a tale pubblicazione.&nbsp;Le nuove regole si applicheranno a partire da sei mesi dalla data di entrata in vigore del regolamento.<\/p>\n\n\n\n<p><strong><em>Informazioni di base<\/em><\/strong><\/p>\n\n\n\n<p>Il regolamento sull&#8217;infrastruttura per i combustibili alternativi (AFIR) fa parte del pacchetto Fit for 55.\u00a0presentato dalla Commissione europea il 14 luglio 2021,\u00a0pacchetto\u00a0che\u00a0mira a consentire all&#8217;UE di ridurre le proprie emissioni nette di gas a effetto serra di almeno il 55% entro il 2030 rispetto ai livelli del 1990 e di raggiungere la neutralit\u00e0 climatica nel 2050.<\/p>\n\n\n\n<p>Puoi approfondire cliccando <a href=\"https:\/\/www.consilium.europa.eu\/en\/press\/press-releases\/2023\/07\/25\/alternative-fuels-infrastructure-council-adopts-new-law-for-more-recharging-and-refuelling-stations-across-europe\/?utm_source=dsms-auto&amp;utm_medium=email&amp;utm_campaign=Alternative+fuels+infrastructure%3a+Council+adopts+new+law+for+more+recharging+and+refuelling+stations+across+Europe\">qui<\/a>. <\/p>\n","protected":false},"excerpt":{"rendered":"<p>Il nuovo Regolamento\u00a0sull&#8217;infrastruttura per i carburanti alternativi, AFIR, voluto\u00a0dal Consiglio d\u2019Europa,\u00a0\u00e8 una pietra\u00a0miliare della nostra politica \u201cFit for 55\u201d\u00a0che prevede una maggiore capacit\u00e0 di ricarica pubblica per le strade delle citt\u00e0 e lungo le autostrade in tutta Europa.<\/p>\n","protected":false},"author":19,"featured_media":61918,"comment_status":"open","ping_status":"open","sticky":false,"template":"","format":"standard","meta":{"_et_pb_use_builder":"","_et_pb_old_content":"","_et_gb_content_width":"","_exactmetrics_skip_tracking":false,"_exactmetrics_sitenote_active":false,"_exactmetrics_sitenote_note":"","_exactmetrics_sitenote_category":0,"footnotes":""},"categories":[694,26,114],"tags":[10,11,514],"yoast_head":"<!-- This site is optimized with the Yoast SEO plugin v22.9 - https:\/\/yoast.com\/wordpress\/plugins\/seo\/ -->\n<title>Pi\u00f9 stazioni di ricarica in Europa: nuova legge del Consiglio Ue &#8226; e_mob<\/title>\n<meta name=\"description\" content=\"e_mob \u00e8 il tavolo permanente degli stakeholder della mobilit\u00e0 elettrica in Italia. Organizza ogni anno a Milano la Conferenza Nazionale del settore, nel 2021 in programma dal 16 al 19 ottobre.\" \/>\n<meta name=\"robots\" content=\"index, follow, max-snippet:-1, max-image-preview:large, max-video-preview:-1\" \/>\n<link rel=\"canonical\" href=\"https:\/\/emob-italia.it\/2023\/08\/15\/piu-stazioni-di-ricarica-in-europa-nuova-legge-del-consiglio-ue\/\" \/>\n<meta property=\"og:locale\" content=\"en_US\" \/>\n<meta property=\"og:type\" content=\"article\" \/>\n<meta property=\"og:title\" content=\"Pi\u00f9 stazioni di ricarica in Europa: nuova legge del Consiglio Ue &#8226; e_mob\" \/>\n<meta property=\"og:description\" content=\"e_mob \u00e8 il tavolo permanente degli stakeholder della mobilit\u00e0 elettrica in Italia. Organizza ogni anno a Milano la Conferenza Nazionale del settore, nel 2021 in programma dal 16 al 19 ottobre.\" \/>\n<meta property=\"og:url\" content=\"https:\/\/emob-italia.it\/2023\/08\/15\/piu-stazioni-di-ricarica-in-europa-nuova-legge-del-consiglio-ue\/\" \/>\n<meta property=\"og:site_name\" content=\"e_mob\" \/>\n<meta property=\"article:publisher\" content=\"https:\/\/www.facebook.com\/emobitalia\/\" \/>\n<meta property=\"article:published_time\" content=\"2023-08-15T18:09:24+00:00\" \/>\n<meta property=\"article:modified_time\" content=\"2024-03-05T19:32:25+00:00\" \/>\n<meta property=\"og:image\" content=\"https:\/\/emob-italia.it\/wp-content\/uploads\/2023\/08\/IMG_2226.jpeg\" \/>\n\t<meta property=\"og:image:width\" content=\"1170\" \/>\n\t<meta property=\"og:image:height\" content=\"755\" \/>\n\t<meta property=\"og:image:type\" content=\"image\/jpeg\" \/>\n<meta name=\"author\" content=\"Redazione\" \/>\n<meta name=\"twitter:label1\" content=\"Written by\" \/>\n\t<meta name=\"twitter:data1\" content=\"Redazione\" \/>\n\t<meta name=\"twitter:label2\" content=\"Est. reading time\" \/>\n\t<meta name=\"twitter:data2\" content=\"3 minutes\" \/>\n<script type=\"application\/ld+json\" class=\"yoast-schema-graph\">{\"@context\":\"https:\/\/schema.org\",\"@graph\":[{\"@type\":\"Article\",\"@id\":\"https:\/\/emob-italia.it\/2023\/08\/15\/piu-stazioni-di-ricarica-in-europa-nuova-legge-del-consiglio-ue\/#article\",\"isPartOf\":{\"@id\":\"https:\/\/emob-italia.it\/2023\/08\/15\/piu-stazioni-di-ricarica-in-europa-nuova-legge-del-consiglio-ue\/\"},\"author\":{\"name\":\"Redazione\",\"@id\":\"https:\/\/emob-italia.it\/#\/schema\/person\/59871c976b1a5e842e3d0b98901e4f6d\"},\"headline\":\"Pi\u00f9 stazioni di ricarica in Europa: nuova legge del Consiglio Ue\",\"datePublished\":\"2023-08-15T18:09:24+00:00\",\"dateModified\":\"2024-03-05T19:32:25+00:00\",\"mainEntityOfPage\":{\"@id\":\"https:\/\/emob-italia.it\/2023\/08\/15\/piu-stazioni-di-ricarica-in-europa-nuova-legge-del-consiglio-ue\/\"},\"wordCount\":531,\"commentCount\":0,\"publisher\":{\"@id\":\"https:\/\/emob-italia.it\/#organization\"},\"image\":{\"@id\":\"https:\/\/emob-italia.it\/2023\/08\/15\/piu-stazioni-di-ricarica-in-europa-nuova-legge-del-consiglio-ue\/#primaryimage\"},\"thumbnailUrl\":\"https:\/\/emob-italia.it\/wp-content\/uploads\/2023\/08\/IMG_2226.jpeg\",\"keywords\":[\"mobilit\u00e0 elettrica\",\"Mobilit\u00e0 Sostenibile\",\"Unione Europea\"],\"articleSection\":[\"Febbraio 2023\",\"Notizie\",\"Notizie Newsletter\"],\"inLanguage\":\"en-US\",\"potentialAction\":[{\"@type\":\"CommentAction\",\"name\":\"Comment\",\"target\":[\"https:\/\/emob-italia.it\/2023\/08\/15\/piu-stazioni-di-ricarica-in-europa-nuova-legge-del-consiglio-ue\/#respond\"]}]},{\"@type\":\"WebPage\",\"@id\":\"https:\/\/emob-italia.it\/2023\/08\/15\/piu-stazioni-di-ricarica-in-europa-nuova-legge-del-consiglio-ue\/\",\"url\":\"https:\/\/emob-italia.it\/2023\/08\/15\/piu-stazioni-di-ricarica-in-europa-nuova-legge-del-consiglio-ue\/\",\"name\":\"Pi\u00f9 stazioni di ricarica in Europa: nuova legge del Consiglio Ue &#8226; e_mob\",\"isPartOf\":{\"@id\":\"https:\/\/emob-italia.it\/#website\"},\"primaryImageOfPage\":{\"@id\":\"https:\/\/emob-italia.it\/2023\/08\/15\/piu-stazioni-di-ricarica-in-europa-nuova-legge-del-consiglio-ue\/#primaryimage\"},\"image\":{\"@id\":\"https:\/\/emob-italia.it\/2023\/08\/15\/piu-stazioni-di-ricarica-in-europa-nuova-legge-del-consiglio-ue\/#primaryimage\"},\"thumbnailUrl\":\"https:\/\/emob-italia.it\/wp-content\/uploads\/2023\/08\/IMG_2226.jpeg\",\"datePublished\":\"2023-08-15T18:09:24+00:00\",\"dateModified\":\"2024-03-05T19:32:25+00:00\",\"description\":\"e_mob \u00e8 il tavolo permanente degli stakeholder della mobilit\u00e0 elettrica in Italia. Organizza ogni anno a Milano la Conferenza Nazionale del settore, nel 2021 in programma dal 16 al 19 ottobre.\",\"breadcrumb\":{\"@id\":\"https:\/\/emob-italia.it\/2023\/08\/15\/piu-stazioni-di-ricarica-in-europa-nuova-legge-del-consiglio-ue\/#breadcrumb\"},\"inLanguage\":\"en-US\",\"potentialAction\":[{\"@type\":\"ReadAction\",\"target\":[\"https:\/\/emob-italia.it\/2023\/08\/15\/piu-stazioni-di-ricarica-in-europa-nuova-legge-del-consiglio-ue\/\"]}]},{\"@type\":\"ImageObject\",\"inLanguage\":\"en-US\",\"@id\":\"https:\/\/emob-italia.it\/2023\/08\/15\/piu-stazioni-di-ricarica-in-europa-nuova-legge-del-consiglio-ue\/#primaryimage\",\"url\":\"https:\/\/emob-italia.it\/wp-content\/uploads\/2023\/08\/IMG_2226.jpeg\",\"contentUrl\":\"https:\/\/emob-italia.it\/wp-content\/uploads\/2023\/08\/IMG_2226.jpeg\",\"width\":1170,\"height\":755},{\"@type\":\"BreadcrumbList\",\"@id\":\"https:\/\/emob-italia.it\/2023\/08\/15\/piu-stazioni-di-ricarica-in-europa-nuova-legge-del-consiglio-ue\/#breadcrumb\",\"itemListElement\":[{\"@type\":\"ListItem\",\"position\":1,\"name\":\"Home\",\"item\":\"https:\/\/emob-italia.it\/en\/\"},{\"@type\":\"ListItem\",\"position\":2,\"name\":\"Pi\u00f9 stazioni di ricarica in Europa: nuova legge del Consiglio Ue\"}]},{\"@type\":\"WebSite\",\"@id\":\"https:\/\/emob-italia.it\/#website\",\"url\":\"https:\/\/emob-italia.it\/\",\"name\":\"e_mob\",\"description\":\"Mobilit\u00e0 Elettrica\",\"publisher\":{\"@id\":\"https:\/\/emob-italia.it\/#organization\"},\"potentialAction\":[{\"@type\":\"SearchAction\",\"target\":{\"@type\":\"EntryPoint\",\"urlTemplate\":\"https:\/\/emob-italia.it\/?s={search_term_string}\"},\"query-input\":\"required name=search_term_string\"}],\"inLanguage\":\"en-US\"},{\"@type\":\"Organization\",\"@id\":\"https:\/\/emob-italia.it\/#organization\",\"name\":\"Class Onlus\",\"url\":\"https:\/\/emob-italia.it\/\",\"logo\":{\"@type\":\"ImageObject\",\"inLanguage\":\"en-US\",\"@id\":\"https:\/\/emob-italia.it\/#\/schema\/logo\/image\/\",\"url\":\"https:\/\/emob-italia.it\/wp-content\/uploads\/2019\/03\/0_CLASS-ONLUS-logo-web.png\",\"contentUrl\":\"https:\/\/emob-italia.it\/wp-content\/uploads\/2019\/03\/0_CLASS-ONLUS-logo-web.png\",\"width\":598,\"height\":202,\"caption\":\"Class Onlus\"},\"image\":{\"@id\":\"https:\/\/emob-italia.it\/#\/schema\/logo\/image\/\"},\"sameAs\":[\"https:\/\/www.facebook.com\/emobitalia\/\",\"https:\/\/www.instagram.com\/e_mob_italia\/\",\"https:\/\/www.linkedin.com\/groups\/12186185\/\",\"https:\/\/www.youtube.com\/channel\/UCvnTcrhggAX_AkFwGxRfqFw\/featured?view_as=subscriber\"]},{\"@type\":\"Person\",\"@id\":\"https:\/\/emob-italia.it\/#\/schema\/person\/59871c976b1a5e842e3d0b98901e4f6d\",\"name\":\"Redazione\",\"image\":{\"@type\":\"ImageObject\",\"inLanguage\":\"en-US\",\"@id\":\"https:\/\/emob-italia.it\/#\/schema\/person\/image\/\",\"url\":\"https:\/\/secure.gravatar.com\/avatar\/5389093e19decc01f17a4f367aa6ce45?s=96&r=g\",\"contentUrl\":\"https:\/\/secure.gravatar.com\/avatar\/5389093e19decc01f17a4f367aa6ce45?s=96&r=g\",\"caption\":\"Redazione\"},\"url\":\"https:\/\/emob-italia.it\/en\/author\/redazione\/\"}]}<\/script>\n<!-- \/ Yoast SEO plugin. -->","yoast_head_json":{"title":"Pi\u00f9 stazioni di ricarica in Europa: nuova legge del Consiglio Ue &#8226; e_mob","description":"e_mob \u00e8 il tavolo permanente degli stakeholder della mobilit\u00e0 elettrica in Italia. Organizza ogni anno a Milano la Conferenza Nazionale del settore, nel 2021 in programma dal 16 al 19 ottobre.","robots":{"index":"index","follow":"follow","max-snippet":"max-snippet:-1","max-image-preview":"max-image-preview:large","max-video-preview":"max-video-preview:-1"},"canonical":"https:\/\/emob-italia.it\/2023\/08\/15\/piu-stazioni-di-ricarica-in-europa-nuova-legge-del-consiglio-ue\/","og_locale":"en_US","og_type":"article","og_title":"Pi\u00f9 stazioni di ricarica in Europa: nuova legge del Consiglio Ue &#8226; e_mob","og_description":"e_mob \u00e8 il tavolo permanente degli stakeholder della mobilit\u00e0 elettrica in Italia. Organizza ogni anno a Milano la Conferenza Nazionale del settore, nel 2021 in programma dal 16 al 19 ottobre.","og_url":"https:\/\/emob-italia.it\/2023\/08\/15\/piu-stazioni-di-ricarica-in-europa-nuova-legge-del-consiglio-ue\/","og_site_name":"e_mob","article_publisher":"https:\/\/www.facebook.com\/emobitalia\/","article_published_time":"2023-08-15T18:09:24+00:00","article_modified_time":"2024-03-05T19:32:25+00:00","og_image":[{"width":1170,"height":755,"url":"https:\/\/emob-italia.it\/wp-content\/uploads\/2023\/08\/IMG_2226.jpeg","type":"image\/jpeg"}],"author":"Redazione","twitter_misc":{"Written by":"Redazione","Est. reading time":"3 minutes"},"schema":{"@context":"https:\/\/schema.org","@graph":[{"@type":"Article","@id":"https:\/\/emob-italia.it\/2023\/08\/15\/piu-stazioni-di-ricarica-in-europa-nuova-legge-del-consiglio-ue\/#article","isPartOf":{"@id":"https:\/\/emob-italia.it\/2023\/08\/15\/piu-stazioni-di-ricarica-in-europa-nuova-legge-del-consiglio-ue\/"},"author":{"name":"Redazione","@id":"https:\/\/emob-italia.it\/#\/schema\/person\/59871c976b1a5e842e3d0b98901e4f6d"},"headline":"Pi\u00f9 stazioni di ricarica in Europa: nuova legge del Consiglio Ue","datePublished":"2023-08-15T18:09:24+00:00","dateModified":"2024-03-05T19:32:25+00:00","mainEntityOfPage":{"@id":"https:\/\/emob-italia.it\/2023\/08\/15\/piu-stazioni-di-ricarica-in-europa-nuova-legge-del-consiglio-ue\/"},"wordCount":531,"commentCount":0,"publisher":{"@id":"https:\/\/emob-italia.it\/#organization"},"image":{"@id":"https:\/\/emob-italia.it\/2023\/08\/15\/piu-stazioni-di-ricarica-in-europa-nuova-legge-del-consiglio-ue\/#primaryimage"},"thumbnailUrl":"https:\/\/emob-italia.it\/wp-content\/uploads\/2023\/08\/IMG_2226.jpeg","keywords":["mobilit\u00e0 elettrica","Mobilit\u00e0 Sostenibile","Unione Europea"],"articleSection":["Febbraio 2023","Notizie","Notizie Newsletter"],"inLanguage":"en-US","potentialAction":[{"@type":"CommentAction","name":"Comment","target":["https:\/\/emob-italia.it\/2023\/08\/15\/piu-stazioni-di-ricarica-in-europa-nuova-legge-del-consiglio-ue\/#respond"]}]},{"@type":"WebPage","@id":"https:\/\/emob-italia.it\/2023\/08\/15\/piu-stazioni-di-ricarica-in-europa-nuova-legge-del-consiglio-ue\/","url":"https:\/\/emob-italia.it\/2023\/08\/15\/piu-stazioni-di-ricarica-in-europa-nuova-legge-del-consiglio-ue\/","name":"Pi\u00f9 stazioni di ricarica in Europa: nuova legge del Consiglio Ue &#8226; e_mob","isPartOf":{"@id":"https:\/\/emob-italia.it\/#website"},"primaryImageOfPage":{"@id":"https:\/\/emob-italia.it\/2023\/08\/15\/piu-stazioni-di-ricarica-in-europa-nuova-legge-del-consiglio-ue\/#primaryimage"},"image":{"@id":"https:\/\/emob-italia.it\/2023\/08\/15\/piu-stazioni-di-ricarica-in-europa-nuova-legge-del-consiglio-ue\/#primaryimage"},"thumbnailUrl":"https:\/\/emob-italia.it\/wp-content\/uploads\/2023\/08\/IMG_2226.jpeg","datePublished":"2023-08-15T18:09:24+00:00","dateModified":"2024-03-05T19:32:25+00:00","description":"e_mob \u00e8 il tavolo permanente degli stakeholder della mobilit\u00e0 elettrica in Italia. Organizza ogni anno a Milano la Conferenza Nazionale del settore, nel 2021 in programma dal 16 al 19 ottobre.","breadcrumb":{"@id":"https:\/\/emob-italia.it\/2023\/08\/15\/piu-stazioni-di-ricarica-in-europa-nuova-legge-del-consiglio-ue\/#breadcrumb"},"inLanguage":"en-US","potentialAction":[{"@type":"ReadAction","target":["https:\/\/emob-italia.it\/2023\/08\/15\/piu-stazioni-di-ricarica-in-europa-nuova-legge-del-consiglio-ue\/"]}]},{"@type":"ImageObject","inLanguage":"en-US","@id":"https:\/\/emob-italia.it\/2023\/08\/15\/piu-stazioni-di-ricarica-in-europa-nuova-legge-del-consiglio-ue\/#primaryimage","url":"https:\/\/emob-italia.it\/wp-content\/uploads\/2023\/08\/IMG_2226.jpeg","contentUrl":"https:\/\/emob-italia.it\/wp-content\/uploads\/2023\/08\/IMG_2226.jpeg","width":1170,"height":755},{"@type":"BreadcrumbList","@id":"https:\/\/emob-italia.it\/2023\/08\/15\/piu-stazioni-di-ricarica-in-europa-nuova-legge-del-consiglio-ue\/#breadcrumb","itemListElement":[{"@type":"ListItem","position":1,"name":"Home","item":"https:\/\/emob-italia.it\/en\/"},{"@type":"ListItem","position":2,"name":"Pi\u00f9 stazioni di ricarica in Europa: nuova legge del Consiglio Ue"}]},{"@type":"WebSite","@id":"https:\/\/emob-italia.it\/#website","url":"https:\/\/emob-italia.it\/","name":"e_mob","description":"Mobilit\u00e0 Elettrica","publisher":{"@id":"https:\/\/emob-italia.it\/#organization"},"potentialAction":[{"@type":"SearchAction","target":{"@type":"EntryPoint","urlTemplate":"https:\/\/emob-italia.it\/?s={search_term_string}"},"query-input":"required name=search_term_string"}],"inLanguage":"en-US"},{"@type":"Organization","@id":"https:\/\/emob-italia.it\/#organization","name":"Class Onlus","url":"https:\/\/emob-italia.it\/","logo":{"@type":"ImageObject","inLanguage":"en-US","@id":"https:\/\/emob-italia.it\/#\/schema\/logo\/image\/","url":"https:\/\/emob-italia.it\/wp-content\/uploads\/2019\/03\/0_CLASS-ONLUS-logo-web.png","contentUrl":"https:\/\/emob-italia.it\/wp-content\/uploads\/2019\/03\/0_CLASS-ONLUS-logo-web.png","width":598,"height":202,"caption":"Class Onlus"},"image":{"@id":"https:\/\/emob-italia.it\/#\/schema\/logo\/image\/"},"sameAs":["https:\/\/www.facebook.com\/emobitalia\/","https:\/\/www.instagram.com\/e_mob_italia\/","https:\/\/www.linkedin.com\/groups\/12186185\/","https:\/\/www.youtube.com\/channel\/UCvnTcrhggAX_AkFwGxRfqFw\/featured?view_as=subscriber"]},{"@type":"Person","@id":"https:\/\/emob-italia.it\/#\/schema\/person\/59871c976b1a5e842e3d0b98901e4f6d","name":"Redazione","image":{"@type":"ImageObject","inLanguage":"en-US","@id":"https:\/\/emob-italia.it\/#\/schema\/person\/image\/","url":"https:\/\/secure.gravatar.com\/avatar\/5389093e19decc01f17a4f367aa6ce45?s=96&r=g","contentUrl":"https:\/\/secure.gravatar.com\/avatar\/5389093e19decc01f17a4f367aa6ce45?s=96&r=g","caption":"Redazione"},"url":"https:\/\/emob-italia.it\/en\/author\/redazione\/"}]}},"_links":{"self":[{"href":"https:\/\/emob-italia.it\/en\/wp-json\/wp\/v2\/posts\/63898"}],"collection":[{"href":"https:\/\/emob-italia.it\/en\/wp-json\/wp\/v2\/posts"}],"about":[{"href":"https:\/\/emob-italia.it\/en\/wp-json\/wp\/v2\/types\/post"}],"author":[{"embeddable":true,"href":"https:\/\/emob-italia.it\/en\/wp-json\/wp\/v2\/users\/19"}],"replies":[{"embeddable":true,"href":"https:\/\/emob-italia.it\/en\/wp-json\/wp\/v2\/comments?post=63898"}],"version-history":[{"count":1,"href":"https:\/\/emob-italia.it\/en\/wp-json\/wp\/v2\/posts\/63898\/revisions"}],"predecessor-version":[{"id":64051,"href":"https:\/\/emob-italia.it\/en\/wp-json\/wp\/v2\/posts\/63898\/revisions\/64051"}],"wp:featuredmedia":[{"embeddable":true,"href":"https:\/\/emob-italia.it\/en\/wp-json\/wp\/v2\/media\/61918"}],"wp:attachment":[{"href":"https:\/\/emob-italia.it\/en\/wp-json\/wp\/v2\/media?parent=63898"}],"wp:term":[{"taxonomy":"category","embeddable":true,"href":"https:\/\/emob-italia.it\/en\/wp-json\/wp\/v2\/categories?post=63898"},{"taxonomy":"post_tag","embeddable":true,"href":"https:\/\/emob-italia.it\/en\/wp-json\/wp\/v2\/tags?post=63898"}],"curies":[{"name":"wp","href":"https:\/\/api.w.org\/{rel}","templated":true}]}}