{"id":63897,"date":"2023-08-16T20:09:18","date_gmt":"2023-08-16T18:09:18","guid":{"rendered":"https:\/\/emob-italia.it\/?p=63897"},"modified":"2024-03-05T20:31:40","modified_gmt":"2024-03-05T19:31:40","slug":"elettrico-vs-diesel-sfida-di-efficienza-su-strada-in-660-km","status":"publish","type":"post","link":"https:\/\/emob-italia.it\/en\/2023\/08\/16\/elettrico-vs-diesel-sfida-di-efficienza-su-strada-in-660-km\/","title":{"rendered":"Elettrico vs diesel: sfida di efficienza su strada in 660 km"},"content":{"rendered":"\n<p>Il 5 agosto si&nbsp;\u00e8 tenuta&nbsp;un\u2019avvincente gara tra auto, non di velocit\u00e0, bens\u00ec di efficienza. A parit\u00e0 di chilometri percorsi, quanto carburante e kWh,&nbsp;avranno&nbsp;consumano le due automobili? Quale il bilancio finale, in termini di efficienza energetica dell\u2019elettrico e quale quella del diesel? Chi&nbsp;avr\u00e0 vinto&nbsp;la sfida tra la Tesla model Y elettrica, 75 kWh, e l\u2019autovettura diesel (una Mercedes classe A)?<\/p>\n\n\n\n<p>La curiosa sfida su strada, organizzata da Ricaricafast.com e Class Onlus, in collaborazione con Enel X way, si&nbsp;\u00e8 svolta&nbsp;con partenza da Padova alle ore 6 del 5 agosto, per giungere a Thiene (Vicenza), lo&nbsp;stesso giorno alle 18.55 (tappe a Gemona &#8211; Udine, Cortina, Moena,&nbsp;Trento, Verona, Vicenza), con velocit\u00e0 di crociera di 130 Km\/h, per complessivi 660 chilometri.<\/p>\n\n\n\n<p>Class Onlus \u00e8 promotrice, con molti soggetti istituzionali e privati, di e_mob 2023, la settima edizione della Conferenza-esposizione nazionale sulla mobilit\u00e0 elettrica, che si svolger\u00e0 a Milano dal 7 al 10 ottobre. <br><\/p>\n\n\n\n<p>Enel X way \u00e8&nbsp;tra i principali protagonisti&nbsp;dell\u2019infrastrutturazione per la mobilit\u00e0 elettrica nel nostro Paese (<a href=\"https:\/\/www.company.enelxway.com\/it\">https:\/\/www.company.enelxway.com\/it<\/a>)&nbsp;<\/p>\n\n\n\n<p>E\u2019&nbsp;stato possibile seguire in diretta&nbsp;la gara&nbsp;sul sito&nbsp;<\/p>\n\n\n\n<p><a href=\"https:\/\/ricaricafast.com\/#\/eventi\/elettrica-vs-diesel\">https:\/\/ricaricafast.com\/#\/eventi\/elettrica-vs-diesel<\/a><\/p>\n\n\n\n<p><strong>Ecco i risultati:<\/strong><strong><\/strong><\/p>\n\n\n\n<p>Il percorso totale \u00e8&nbsp;stato&nbsp;di 666 km.<\/p>\n\n\n\n<p>L&#8217;auto elettrica ha utilizzato 119,1 kWh di energia elettrica.<\/p>\n\n\n\n<p>L&#8217;auto diesel ha consumato 35,4 litri di gasolio, equivalente a 378,8 kWh di energia. (1litro di gasolio corrisponde a 10,7 kWh).Il consumo energetico dell&#8217;auto elettrica\u00a0ha totalizzato\u00a017,9 kWh\/100 km, mentre quella dell&#8217;auto diesel\u00a0\u00e8 giunto a\u00a056,9 kWh\/100 km.<\/p>\n\n\n\n<figure class=\"wp-block-image size-large\"><img loading=\"lazy\" decoding=\"async\" width=\"1024\" height=\"471\" src=\"https:\/\/emob-italia.it\/wp-content\/uploads\/2023\/08\/a666dd2a-5cb4-4cd3-b4ce-2a4e1ddb76fd-1024x471.jpeg\" alt=\"\" class=\"wp-image-61925\" srcset=\"https:\/\/emob-italia.it\/wp-content\/uploads\/2023\/08\/a666dd2a-5cb4-4cd3-b4ce-2a4e1ddb76fd-980x451.jpeg 980w, https:\/\/emob-italia.it\/wp-content\/uploads\/2023\/08\/a666dd2a-5cb4-4cd3-b4ce-2a4e1ddb76fd-480x221.jpeg 480w\" sizes=\"(min-width: 0px) and (max-width: 480px) 480px, (min-width: 481px) and (max-width: 980px) 980px, (min-width: 981px) 1024px, 100vw\" \/><\/figure>\n\n\n\n<p>Tratto 1: Padova &#8211; Gemona<\/p>\n\n\n\n<p>Tempo di percorrenza: 1 ora e 50 minuti<\/p>\n\n\n\n<p>Distanza: 190 km<\/p>\n\n\n\n<p>Veicolo elettrico: 40,2 kWh<\/p>\n\n\n\n<p>Veicolo diesel: 9,9 litri\/105,9 kWh<\/p>\n\n\n\n<p>Tratto 2: Gemona &#8211; Cortina d&#8217;Ampezzo &#8211; Moena<\/p>\n\n\n\n<p>Tempo di percorrenza: 4 ore e 10 minuti<\/p>\n\n\n\n<p>Distanza: 208 km<\/p>\n\n\n\n<p>Veicolo elettrico: 38,9 kWh<\/p>\n\n\n\n<p>Veicolo diesel: 13,8 litri\/147,7 kWh<\/p>\n\n\n\n<p>Tratto 3: Moena &#8211; Affi &#8211; Thiene (VI)<\/p>\n\n\n\n<p>Tempo di percorrenza: 3 ore<\/p>\n\n\n\n<p>Distanza: 268 km<\/p>\n\n\n\n<p>Veicolo elettrico: 40 kWh<\/p>\n\n\n\n<p>Veicolo diesel: 11,7 litri\/125,2 kWh<\/p>\n\n\n\n<p>Il\u00a0percorso\u00a0\u00e8 stato suddiviso in tre\u00a0tratte:\u00a0la\u00a0prima\u00a0alternava\u00a0autostrada e percorso urbano,\u00a0la\u00a0seconda\u00a0di\u00a0montagna\u00a0e\u00a0l\u2019ultima ancora\u00a0autostrada e percorso urbano.\u00a0<\/p>\n\n\n\n<figure class=\"wp-block-image size-large\"><img decoding=\"async\" src=\"https:\/\/emob-italia.it\/wp-content\/uploads\/2023\/08\/image-1024x471.jpeg\" alt=\"\" class=\"wp-image-61923\"\/><\/figure>\n\n\n\n<p>Il tempo per le&nbsp;ricariche \u00e8&nbsp;stato&nbsp;di 55 minuti, suddiviso nella sosta per&nbsp;colazione e pranzo quindi non ha influenzato le tempistiche del&nbsp;percorso.<\/p>\n\n\n\n<p>Con l&#8217;auto elettrica (Tesla model Y), abbiamo registrato i seguenti dati: batteria&nbsp;alla&nbsp;partenza 80 %, ricariche&nbsp;fino all&#8217; 80 %, arrivo&nbsp;batteria&nbsp;riportata all&#8217; 80 %.<\/p>\n","protected":false},"excerpt":{"rendered":"<p>Il 5 agosto si&nbsp;\u00e8 tenuta&nbsp;un\u2019avvincente gara tra auto, non di velocit\u00e0, bens\u00ec di efficienza. A parit\u00e0 di chilometri percorsi, quanto carburante e kWh,&nbsp;avranno&nbsp;consumano le due automobili? Quale il bilancio finale, in termini di efficienza energetica dell\u2019elettrico e quale quella del diesel? Chi&nbsp;avr\u00e0 vinto&nbsp;la sfida tra la Tesla model Y elettrica, 75 kWh, e l\u2019autovettura diesel [&hellip;]<\/p>\n","protected":false},"author":19,"featured_media":61920,"comment_status":"open","ping_status":"open","sticky":false,"template":"","format":"standard","meta":{"_et_pb_use_builder":"","_et_pb_old_content":"","_et_gb_content_width":"","_exactmetrics_skip_tracking":false,"_exactmetrics_sitenote_active":false,"_exactmetrics_sitenote_note":"","_exactmetrics_sitenote_category":0,"footnotes":""},"categories":[730,26,114],"tags":[8,199,10,357],"yoast_head":"<!-- This site is optimized with the Yoast SEO plugin v22.9 - https:\/\/yoast.com\/wordpress\/plugins\/seo\/ -->\n<title>Elettrico vs diesel: sfida di efficienza su strada in 660 km &#8226; e_mob<\/title>\n<meta name=\"description\" content=\"e_mob \u00e8 il tavolo permanente degli stakeholder della mobilit\u00e0 elettrica in Italia. Organizza ogni anno a Milano la Conferenza Nazionale del settore, nel 2021 in programma dal 16 al 19 ottobre.\" \/>\n<meta name=\"robots\" content=\"index, follow, max-snippet:-1, max-image-preview:large, max-video-preview:-1\" \/>\n<link rel=\"canonical\" href=\"https:\/\/emob-italia.it\/2023\/08\/16\/elettrico-vs-diesel-sfida-di-efficienza-su-strada-in-660-km\/\" \/>\n<meta property=\"og:locale\" content=\"en_US\" \/>\n<meta property=\"og:type\" content=\"article\" \/>\n<meta property=\"og:title\" content=\"Elettrico vs diesel: sfida di efficienza su strada in 660 km &#8226; e_mob\" \/>\n<meta property=\"og:description\" content=\"e_mob \u00e8 il tavolo permanente degli stakeholder della mobilit\u00e0 elettrica in Italia. Organizza ogni anno a Milano la Conferenza Nazionale del settore, nel 2021 in programma dal 16 al 19 ottobre.\" \/>\n<meta property=\"og:url\" content=\"https:\/\/emob-italia.it\/2023\/08\/16\/elettrico-vs-diesel-sfida-di-efficienza-su-strada-in-660-km\/\" \/>\n<meta property=\"og:site_name\" content=\"e_mob\" \/>\n<meta property=\"article:publisher\" content=\"https:\/\/www.facebook.com\/emobitalia\/\" \/>\n<meta property=\"article:published_time\" content=\"2023-08-16T18:09:18+00:00\" \/>\n<meta property=\"article:modified_time\" content=\"2024-03-05T19:31:40+00:00\" \/>\n<meta property=\"og:image\" content=\"https:\/\/emob-italia.it\/wp-content\/uploads\/2023\/08\/80e1e493-9d6c-4034-b363-dceae344e90e.jpeg\" \/>\n\t<meta property=\"og:image:width\" content=\"1600\" \/>\n\t<meta property=\"og:image:height\" content=\"736\" \/>\n\t<meta property=\"og:image:type\" content=\"image\/jpeg\" \/>\n<meta name=\"author\" content=\"Redazione\" \/>\n<meta name=\"twitter:label1\" content=\"Written by\" \/>\n\t<meta name=\"twitter:data1\" content=\"Redazione\" \/>\n\t<meta name=\"twitter:label2\" content=\"Est. reading time\" \/>\n\t<meta name=\"twitter:data2\" content=\"2 minutes\" \/>\n<script type=\"application\/ld+json\" class=\"yoast-schema-graph\">{\"@context\":\"https:\/\/schema.org\",\"@graph\":[{\"@type\":\"Article\",\"@id\":\"https:\/\/emob-italia.it\/2023\/08\/16\/elettrico-vs-diesel-sfida-di-efficienza-su-strada-in-660-km\/#article\",\"isPartOf\":{\"@id\":\"https:\/\/emob-italia.it\/2023\/08\/16\/elettrico-vs-diesel-sfida-di-efficienza-su-strada-in-660-km\/\"},\"author\":{\"name\":\"Redazione\",\"@id\":\"https:\/\/emob-italia.it\/#\/schema\/person\/59871c976b1a5e842e3d0b98901e4f6d\"},\"headline\":\"Elettrico vs diesel: sfida di efficienza su strada in 660 km\",\"datePublished\":\"2023-08-16T18:09:18+00:00\",\"dateModified\":\"2024-03-05T19:31:40+00:00\",\"mainEntityOfPage\":{\"@id\":\"https:\/\/emob-italia.it\/2023\/08\/16\/elettrico-vs-diesel-sfida-di-efficienza-su-strada-in-660-km\/\"},\"wordCount\":416,\"commentCount\":0,\"publisher\":{\"@id\":\"https:\/\/emob-italia.it\/#organization\"},\"image\":{\"@id\":\"https:\/\/emob-italia.it\/2023\/08\/16\/elettrico-vs-diesel-sfida-di-efficienza-su-strada-in-660-km\/#primaryimage\"},\"thumbnailUrl\":\"https:\/\/emob-italia.it\/wp-content\/uploads\/2023\/08\/80e1e493-9d6c-4034-b363-dceae344e90e.jpeg\",\"keywords\":[\"Auto Elettriche\",\"infrastrutture di ricarica\",\"mobilit\u00e0 elettrica\",\"veicoli elettrici\"],\"articleSection\":[\"Agosto 2023\",\"Notizie\",\"Notizie Newsletter\"],\"inLanguage\":\"en-US\",\"potentialAction\":[{\"@type\":\"CommentAction\",\"name\":\"Comment\",\"target\":[\"https:\/\/emob-italia.it\/2023\/08\/16\/elettrico-vs-diesel-sfida-di-efficienza-su-strada-in-660-km\/#respond\"]}]},{\"@type\":\"WebPage\",\"@id\":\"https:\/\/emob-italia.it\/2023\/08\/16\/elettrico-vs-diesel-sfida-di-efficienza-su-strada-in-660-km\/\",\"url\":\"https:\/\/emob-italia.it\/2023\/08\/16\/elettrico-vs-diesel-sfida-di-efficienza-su-strada-in-660-km\/\",\"name\":\"Elettrico vs diesel: sfida di efficienza su strada in 660 km &#8226; e_mob\",\"isPartOf\":{\"@id\":\"https:\/\/emob-italia.it\/#website\"},\"primaryImageOfPage\":{\"@id\":\"https:\/\/emob-italia.it\/2023\/08\/16\/elettrico-vs-diesel-sfida-di-efficienza-su-strada-in-660-km\/#primaryimage\"},\"image\":{\"@id\":\"https:\/\/emob-italia.it\/2023\/08\/16\/elettrico-vs-diesel-sfida-di-efficienza-su-strada-in-660-km\/#primaryimage\"},\"thumbnailUrl\":\"https:\/\/emob-italia.it\/wp-content\/uploads\/2023\/08\/80e1e493-9d6c-4034-b363-dceae344e90e.jpeg\",\"datePublished\":\"2023-08-16T18:09:18+00:00\",\"dateModified\":\"2024-03-05T19:31:40+00:00\",\"description\":\"e_mob \u00e8 il tavolo permanente degli stakeholder della mobilit\u00e0 elettrica in Italia. Organizza ogni anno a Milano la Conferenza Nazionale del settore, nel 2021 in programma dal 16 al 19 ottobre.\",\"breadcrumb\":{\"@id\":\"https:\/\/emob-italia.it\/2023\/08\/16\/elettrico-vs-diesel-sfida-di-efficienza-su-strada-in-660-km\/#breadcrumb\"},\"inLanguage\":\"en-US\",\"potentialAction\":[{\"@type\":\"ReadAction\",\"target\":[\"https:\/\/emob-italia.it\/2023\/08\/16\/elettrico-vs-diesel-sfida-di-efficienza-su-strada-in-660-km\/\"]}]},{\"@type\":\"ImageObject\",\"inLanguage\":\"en-US\",\"@id\":\"https:\/\/emob-italia.it\/2023\/08\/16\/elettrico-vs-diesel-sfida-di-efficienza-su-strada-in-660-km\/#primaryimage\",\"url\":\"https:\/\/emob-italia.it\/wp-content\/uploads\/2023\/08\/80e1e493-9d6c-4034-b363-dceae344e90e.jpeg\",\"contentUrl\":\"https:\/\/emob-italia.it\/wp-content\/uploads\/2023\/08\/80e1e493-9d6c-4034-b363-dceae344e90e.jpeg\",\"width\":1600,\"height\":736},{\"@type\":\"BreadcrumbList\",\"@id\":\"https:\/\/emob-italia.it\/2023\/08\/16\/elettrico-vs-diesel-sfida-di-efficienza-su-strada-in-660-km\/#breadcrumb\",\"itemListElement\":[{\"@type\":\"ListItem\",\"position\":1,\"name\":\"Home\",\"item\":\"https:\/\/emob-italia.it\/en\/\"},{\"@type\":\"ListItem\",\"position\":2,\"name\":\"Elettrico vs diesel: sfida di efficienza su strada in 660 km\"}]},{\"@type\":\"WebSite\",\"@id\":\"https:\/\/emob-italia.it\/#website\",\"url\":\"https:\/\/emob-italia.it\/\",\"name\":\"e_mob\",\"description\":\"Mobilit\u00e0 Elettrica\",\"publisher\":{\"@id\":\"https:\/\/emob-italia.it\/#organization\"},\"potentialAction\":[{\"@type\":\"SearchAction\",\"target\":{\"@type\":\"EntryPoint\",\"urlTemplate\":\"https:\/\/emob-italia.it\/?s={search_term_string}\"},\"query-input\":\"required name=search_term_string\"}],\"inLanguage\":\"en-US\"},{\"@type\":\"Organization\",\"@id\":\"https:\/\/emob-italia.it\/#organization\",\"name\":\"Class Onlus\",\"url\":\"https:\/\/emob-italia.it\/\",\"logo\":{\"@type\":\"ImageObject\",\"inLanguage\":\"en-US\",\"@id\":\"https:\/\/emob-italia.it\/#\/schema\/logo\/image\/\",\"url\":\"https:\/\/emob-italia.it\/wp-content\/uploads\/2019\/03\/0_CLASS-ONLUS-logo-web.png\",\"contentUrl\":\"https:\/\/emob-italia.it\/wp-content\/uploads\/2019\/03\/0_CLASS-ONLUS-logo-web.png\",\"width\":598,\"height\":202,\"caption\":\"Class Onlus\"},\"image\":{\"@id\":\"https:\/\/emob-italia.it\/#\/schema\/logo\/image\/\"},\"sameAs\":[\"https:\/\/www.facebook.com\/emobitalia\/\",\"https:\/\/www.instagram.com\/e_mob_italia\/\",\"https:\/\/www.linkedin.com\/groups\/12186185\/\",\"https:\/\/www.youtube.com\/channel\/UCvnTcrhggAX_AkFwGxRfqFw\/featured?view_as=subscriber\"]},{\"@type\":\"Person\",\"@id\":\"https:\/\/emob-italia.it\/#\/schema\/person\/59871c976b1a5e842e3d0b98901e4f6d\",\"name\":\"Redazione\",\"image\":{\"@type\":\"ImageObject\",\"inLanguage\":\"en-US\",\"@id\":\"https:\/\/emob-italia.it\/#\/schema\/person\/image\/\",\"url\":\"https:\/\/secure.gravatar.com\/avatar\/5389093e19decc01f17a4f367aa6ce45?s=96&r=g\",\"contentUrl\":\"https:\/\/secure.gravatar.com\/avatar\/5389093e19decc01f17a4f367aa6ce45?s=96&r=g\",\"caption\":\"Redazione\"},\"url\":\"https:\/\/emob-italia.it\/en\/author\/redazione\/\"}]}<\/script>\n<!-- \/ Yoast SEO plugin. -->","yoast_head_json":{"title":"Elettrico vs diesel: sfida di efficienza su strada in 660 km &#8226; e_mob","description":"e_mob \u00e8 il tavolo permanente degli stakeholder della mobilit\u00e0 elettrica in Italia. Organizza ogni anno a Milano la Conferenza Nazionale del settore, nel 2021 in programma dal 16 al 19 ottobre.","robots":{"index":"index","follow":"follow","max-snippet":"max-snippet:-1","max-image-preview":"max-image-preview:large","max-video-preview":"max-video-preview:-1"},"canonical":"https:\/\/emob-italia.it\/2023\/08\/16\/elettrico-vs-diesel-sfida-di-efficienza-su-strada-in-660-km\/","og_locale":"en_US","og_type":"article","og_title":"Elettrico vs diesel: sfida di efficienza su strada in 660 km &#8226; e_mob","og_description":"e_mob \u00e8 il tavolo permanente degli stakeholder della mobilit\u00e0 elettrica in Italia. Organizza ogni anno a Milano la Conferenza Nazionale del settore, nel 2021 in programma dal 16 al 19 ottobre.","og_url":"https:\/\/emob-italia.it\/2023\/08\/16\/elettrico-vs-diesel-sfida-di-efficienza-su-strada-in-660-km\/","og_site_name":"e_mob","article_publisher":"https:\/\/www.facebook.com\/emobitalia\/","article_published_time":"2023-08-16T18:09:18+00:00","article_modified_time":"2024-03-05T19:31:40+00:00","og_image":[{"width":1600,"height":736,"url":"https:\/\/emob-italia.it\/wp-content\/uploads\/2023\/08\/80e1e493-9d6c-4034-b363-dceae344e90e.jpeg","type":"image\/jpeg"}],"author":"Redazione","twitter_misc":{"Written by":"Redazione","Est. reading time":"2 minutes"},"schema":{"@context":"https:\/\/schema.org","@graph":[{"@type":"Article","@id":"https:\/\/emob-italia.it\/2023\/08\/16\/elettrico-vs-diesel-sfida-di-efficienza-su-strada-in-660-km\/#article","isPartOf":{"@id":"https:\/\/emob-italia.it\/2023\/08\/16\/elettrico-vs-diesel-sfida-di-efficienza-su-strada-in-660-km\/"},"author":{"name":"Redazione","@id":"https:\/\/emob-italia.it\/#\/schema\/person\/59871c976b1a5e842e3d0b98901e4f6d"},"headline":"Elettrico vs diesel: sfida di efficienza su strada in 660 km","datePublished":"2023-08-16T18:09:18+00:00","dateModified":"2024-03-05T19:31:40+00:00","mainEntityOfPage":{"@id":"https:\/\/emob-italia.it\/2023\/08\/16\/elettrico-vs-diesel-sfida-di-efficienza-su-strada-in-660-km\/"},"wordCount":416,"commentCount":0,"publisher":{"@id":"https:\/\/emob-italia.it\/#organization"},"image":{"@id":"https:\/\/emob-italia.it\/2023\/08\/16\/elettrico-vs-diesel-sfida-di-efficienza-su-strada-in-660-km\/#primaryimage"},"thumbnailUrl":"https:\/\/emob-italia.it\/wp-content\/uploads\/2023\/08\/80e1e493-9d6c-4034-b363-dceae344e90e.jpeg","keywords":["Auto Elettriche","infrastrutture di ricarica","mobilit\u00e0 elettrica","veicoli elettrici"],"articleSection":["Agosto 2023","Notizie","Notizie Newsletter"],"inLanguage":"en-US","potentialAction":[{"@type":"CommentAction","name":"Comment","target":["https:\/\/emob-italia.it\/2023\/08\/16\/elettrico-vs-diesel-sfida-di-efficienza-su-strada-in-660-km\/#respond"]}]},{"@type":"WebPage","@id":"https:\/\/emob-italia.it\/2023\/08\/16\/elettrico-vs-diesel-sfida-di-efficienza-su-strada-in-660-km\/","url":"https:\/\/emob-italia.it\/2023\/08\/16\/elettrico-vs-diesel-sfida-di-efficienza-su-strada-in-660-km\/","name":"Elettrico vs diesel: sfida di efficienza su strada in 660 km &#8226; e_mob","isPartOf":{"@id":"https:\/\/emob-italia.it\/#website"},"primaryImageOfPage":{"@id":"https:\/\/emob-italia.it\/2023\/08\/16\/elettrico-vs-diesel-sfida-di-efficienza-su-strada-in-660-km\/#primaryimage"},"image":{"@id":"https:\/\/emob-italia.it\/2023\/08\/16\/elettrico-vs-diesel-sfida-di-efficienza-su-strada-in-660-km\/#primaryimage"},"thumbnailUrl":"https:\/\/emob-italia.it\/wp-content\/uploads\/2023\/08\/80e1e493-9d6c-4034-b363-dceae344e90e.jpeg","datePublished":"2023-08-16T18:09:18+00:00","dateModified":"2024-03-05T19:31:40+00:00","description":"e_mob \u00e8 il tavolo permanente degli stakeholder della mobilit\u00e0 elettrica in Italia. Organizza ogni anno a Milano la Conferenza Nazionale del settore, nel 2021 in programma dal 16 al 19 ottobre.","breadcrumb":{"@id":"https:\/\/emob-italia.it\/2023\/08\/16\/elettrico-vs-diesel-sfida-di-efficienza-su-strada-in-660-km\/#breadcrumb"},"inLanguage":"en-US","potentialAction":[{"@type":"ReadAction","target":["https:\/\/emob-italia.it\/2023\/08\/16\/elettrico-vs-diesel-sfida-di-efficienza-su-strada-in-660-km\/"]}]},{"@type":"ImageObject","inLanguage":"en-US","@id":"https:\/\/emob-italia.it\/2023\/08\/16\/elettrico-vs-diesel-sfida-di-efficienza-su-strada-in-660-km\/#primaryimage","url":"https:\/\/emob-italia.it\/wp-content\/uploads\/2023\/08\/80e1e493-9d6c-4034-b363-dceae344e90e.jpeg","contentUrl":"https:\/\/emob-italia.it\/wp-content\/uploads\/2023\/08\/80e1e493-9d6c-4034-b363-dceae344e90e.jpeg","width":1600,"height":736},{"@type":"BreadcrumbList","@id":"https:\/\/emob-italia.it\/2023\/08\/16\/elettrico-vs-diesel-sfida-di-efficienza-su-strada-in-660-km\/#breadcrumb","itemListElement":[{"@type":"ListItem","position":1,"name":"Home","item":"https:\/\/emob-italia.it\/en\/"},{"@type":"ListItem","position":2,"name":"Elettrico vs diesel: sfida di efficienza su strada in 660 km"}]},{"@type":"WebSite","@id":"https:\/\/emob-italia.it\/#website","url":"https:\/\/emob-italia.it\/","name":"e_mob","description":"Mobilit\u00e0 Elettrica","publisher":{"@id":"https:\/\/emob-italia.it\/#organization"},"potentialAction":[{"@type":"SearchAction","target":{"@type":"EntryPoint","urlTemplate":"https:\/\/emob-italia.it\/?s={search_term_string}"},"query-input":"required name=search_term_string"}],"inLanguage":"en-US"},{"@type":"Organization","@id":"https:\/\/emob-italia.it\/#organization","name":"Class Onlus","url":"https:\/\/emob-italia.it\/","logo":{"@type":"ImageObject","inLanguage":"en-US","@id":"https:\/\/emob-italia.it\/#\/schema\/logo\/image\/","url":"https:\/\/emob-italia.it\/wp-content\/uploads\/2019\/03\/0_CLASS-ONLUS-logo-web.png","contentUrl":"https:\/\/emob-italia.it\/wp-content\/uploads\/2019\/03\/0_CLASS-ONLUS-logo-web.png","width":598,"height":202,"caption":"Class Onlus"},"image":{"@id":"https:\/\/emob-italia.it\/#\/schema\/logo\/image\/"},"sameAs":["https:\/\/www.facebook.com\/emobitalia\/","https:\/\/www.instagram.com\/e_mob_italia\/","https:\/\/www.linkedin.com\/groups\/12186185\/","https:\/\/www.youtube.com\/channel\/UCvnTcrhggAX_AkFwGxRfqFw\/featured?view_as=subscriber"]},{"@type":"Person","@id":"https:\/\/emob-italia.it\/#\/schema\/person\/59871c976b1a5e842e3d0b98901e4f6d","name":"Redazione","image":{"@type":"ImageObject","inLanguage":"en-US","@id":"https:\/\/emob-italia.it\/#\/schema\/person\/image\/","url":"https:\/\/secure.gravatar.com\/avatar\/5389093e19decc01f17a4f367aa6ce45?s=96&r=g","contentUrl":"https:\/\/secure.gravatar.com\/avatar\/5389093e19decc01f17a4f367aa6ce45?s=96&r=g","caption":"Redazione"},"url":"https:\/\/emob-italia.it\/en\/author\/redazione\/"}]}},"_links":{"self":[{"href":"https:\/\/emob-italia.it\/en\/wp-json\/wp\/v2\/posts\/63897"}],"collection":[{"href":"https:\/\/emob-italia.it\/en\/wp-json\/wp\/v2\/posts"}],"about":[{"href":"https:\/\/emob-italia.it\/en\/wp-json\/wp\/v2\/types\/post"}],"author":[{"embeddable":true,"href":"https:\/\/emob-italia.it\/en\/wp-json\/wp\/v2\/users\/19"}],"replies":[{"embeddable":true,"href":"https:\/\/emob-italia.it\/en\/wp-json\/wp\/v2\/comments?post=63897"}],"version-history":[{"count":1,"href":"https:\/\/emob-italia.it\/en\/wp-json\/wp\/v2\/posts\/63897\/revisions"}],"predecessor-version":[{"id":64050,"href":"https:\/\/emob-italia.it\/en\/wp-json\/wp\/v2\/posts\/63897\/revisions\/64050"}],"wp:featuredmedia":[{"embeddable":true,"href":"https:\/\/emob-italia.it\/en\/wp-json\/wp\/v2\/media\/61920"}],"wp:attachment":[{"href":"https:\/\/emob-italia.it\/en\/wp-json\/wp\/v2\/media?parent=63897"}],"wp:term":[{"taxonomy":"category","embeddable":true,"href":"https:\/\/emob-italia.it\/en\/wp-json\/wp\/v2\/categories?post=63897"},{"taxonomy":"post_tag","embeddable":true,"href":"https:\/\/emob-italia.it\/en\/wp-json\/wp\/v2\/tags?post=63897"}],"curies":[{"name":"wp","href":"https:\/\/api.w.org\/{rel}","templated":true}]}}