{"id":63896,"date":"2023-09-20T20:09:12","date_gmt":"2023-09-20T18:09:12","guid":{"rendered":"https:\/\/emob-italia.it\/?p=63896"},"modified":"2024-03-05T20:31:18","modified_gmt":"2024-03-05T19:31:18","slug":"il-triciclo-elettrico-indimob-per-combattere-il-traffico","status":"publish","type":"post","link":"https:\/\/emob-italia.it\/en\/2023\/09\/20\/il-triciclo-elettrico-indimob-per-combattere-il-traffico\/","title":{"rendered":"Il triciclo elettrico Indimob per combattere il traffico"},"content":{"rendered":"\n<p>La start-up milanese Indimob propone il suo modello di mobilit\u00e0 sostenibile: un triciclo elettrico a pedali pronto a convincere chi non ha mai considerato una bicicletta come un vero e proprio veicolo, ma anche chi da una bicicletta si aspetta di pi\u00f9.<\/p>\n\n\n\n<p>Le possibilit\u00e0 offerte sono svariate. Si va infatti dal modello Naked monoposto, alla versione per due persone, declinata anche nell\u2019allestimento coup\u00e9 con carrozzeria chiusa grazie a una leggera monoscocca in fibra di carbonio, fino al modello cargo dedicato ai piccoli trasporti urbani.<\/p>\n\n\n\n<p>Leggerezza, robustezza e affidabilit\u00e0 sono le doti di questo trike made in Italy costruito con cura su un telaio in alluminio, all\u2019insegna della modularit\u00e0 e della sicurezza, come sottolinea la presenza di freni a disco su tutte e tre le ruote. La posizione di guida abbina comfort, accessibilit\u00e0 ed efficienza della pedalata, mentre la posizione ad H distribuisce il peso in maniera uniforme e, insieme al design ergonomico dei sedili, garantisce una guida molto fluida. Anche lo sterzo-manubrio risulta molto facile e naturale.<\/p>\n\n\n\n<p>La gamma Indimob \u00e8 dotata di componenti per impieghi gravosi, come cerchi e pneumatici speciali adatti a sostenere due adulti pi\u00f9 il carico (conducente pi\u00f9 120 kg) e pu\u00f2 essere personalizzata in base alle proprie esigenze grazie a un\u2019ampia gamma di accessori. Il telaio, i freni, la stabilit\u00e0 e i meccanismi di sterzo di Indimob, sono stati testati da T\u00fcv Sud, soddisfacendo tutte le normative richieste dalla \u201cDirettiva Macchine\u201d, e inoltre la gamma \u00e8 conforme alla legislazione vigente in tutta Europa in materia di e-bike, per cui ha pieno accesso alle piste ciclabili e alle Ztl.<\/p>\n\n\n\n<p>La Indimob \u00e8 equipaggiata con un cambio a 5 rapporti, motore elettrico Bosch CX da 250 watt che offre una coppia di 85 Nm, aumentando la potenza della pedalata assistita del ciclista fino a una velocit\u00e0 massima di 25 km\/h. L\u2019autonomia della batteria varia dai 40 km (con carico utile pi\u00f9 pesante, livello pi\u00f9 alto di assistenza alla pedalata e batteria singola da 625 watt), e pu\u00f2 raggiungere i 140 km (carico pi\u00f9 leggero, minor assistenza, due batterie).<\/p>\n\n\n\n<p>Il trike elettrico, e tutti i suoi accessori, pu\u00f2 essere acquistato online sul sito ufficiale dell\u2019azienda milanese e il listino parte da 7.529 euro per la versione Naked con sedile singolo e arriva a 12.500 euro per la Coup\u00e9 a due posti.<\/p>\n\n\n\n<p>scopri di pi\u00f9 su <a href=\"https:\/\/indimob.it\">www.indimob.it<\/a><\/p>\n","protected":false},"excerpt":{"rendered":"<p>Indimob propone il suo modello di mobilit\u00e0 sostenibile: un triciclo elettrico a pedali pronto a convincere tutti.<\/p>\n","protected":false},"author":19,"featured_media":62489,"comment_status":"open","ping_status":"open","sticky":false,"template":"","format":"standard","meta":{"_et_pb_use_builder":"","_et_pb_old_content":"","_et_gb_content_width":"","_exactmetrics_skip_tracking":false,"_exactmetrics_sitenote_active":false,"_exactmetrics_sitenote_note":"","_exactmetrics_sitenote_category":0,"footnotes":""},"categories":[26,114,736],"tags":[741,10,11,742],"yoast_head":"<!-- This site is optimized with the Yoast SEO plugin v22.9 - https:\/\/yoast.com\/wordpress\/plugins\/seo\/ -->\n<title>Il triciclo elettrico Indimob per combattere il traffico &#8226; e_mob<\/title>\n<meta name=\"description\" content=\"e_mob \u00e8 il tavolo permanente degli stakeholder della mobilit\u00e0 elettrica in Italia. Organizza ogni anno a Milano la Conferenza Nazionale del settore, nel 2021 in programma dal 16 al 19 ottobre.\" \/>\n<meta name=\"robots\" content=\"index, follow, max-snippet:-1, max-image-preview:large, max-video-preview:-1\" \/>\n<link rel=\"canonical\" href=\"https:\/\/emob-italia.it\/2023\/09\/20\/il-triciclo-elettrico-indimob-per-combattere-il-traffico\/\" \/>\n<meta property=\"og:locale\" content=\"en_US\" \/>\n<meta property=\"og:type\" content=\"article\" \/>\n<meta property=\"og:title\" content=\"Il triciclo elettrico Indimob per combattere il traffico &#8226; e_mob\" \/>\n<meta property=\"og:description\" content=\"e_mob \u00e8 il tavolo permanente degli stakeholder della mobilit\u00e0 elettrica in Italia. Organizza ogni anno a Milano la Conferenza Nazionale del settore, nel 2021 in programma dal 16 al 19 ottobre.\" \/>\n<meta property=\"og:url\" content=\"https:\/\/emob-italia.it\/2023\/09\/20\/il-triciclo-elettrico-indimob-per-combattere-il-traffico\/\" \/>\n<meta property=\"og:site_name\" content=\"e_mob\" \/>\n<meta property=\"article:publisher\" content=\"https:\/\/www.facebook.com\/emobitalia\/\" \/>\n<meta property=\"article:published_time\" content=\"2023-09-20T18:09:12+00:00\" \/>\n<meta property=\"article:modified_time\" content=\"2024-03-05T19:31:18+00:00\" \/>\n<meta property=\"og:image\" content=\"https:\/\/emob-italia.it\/wp-content\/uploads\/2023\/09\/Coupee-TQA.jpg\" \/>\n\t<meta property=\"og:image:width\" content=\"1039\" \/>\n\t<meta property=\"og:image:height\" content=\"1019\" \/>\n\t<meta property=\"og:image:type\" content=\"image\/jpeg\" \/>\n<meta name=\"author\" content=\"Redazione\" \/>\n<meta name=\"twitter:label1\" content=\"Written by\" \/>\n\t<meta name=\"twitter:data1\" content=\"Redazione\" \/>\n\t<meta name=\"twitter:label2\" content=\"Est. reading time\" \/>\n\t<meta name=\"twitter:data2\" content=\"2 minutes\" \/>\n<script type=\"application\/ld+json\" class=\"yoast-schema-graph\">{\"@context\":\"https:\/\/schema.org\",\"@graph\":[{\"@type\":\"Article\",\"@id\":\"https:\/\/emob-italia.it\/2023\/09\/20\/il-triciclo-elettrico-indimob-per-combattere-il-traffico\/#article\",\"isPartOf\":{\"@id\":\"https:\/\/emob-italia.it\/2023\/09\/20\/il-triciclo-elettrico-indimob-per-combattere-il-traffico\/\"},\"author\":{\"name\":\"Redazione\",\"@id\":\"https:\/\/emob-italia.it\/#\/schema\/person\/59871c976b1a5e842e3d0b98901e4f6d\"},\"headline\":\"Il triciclo elettrico Indimob per combattere il traffico\",\"datePublished\":\"2023-09-20T18:09:12+00:00\",\"dateModified\":\"2024-03-05T19:31:18+00:00\",\"mainEntityOfPage\":{\"@id\":\"https:\/\/emob-italia.it\/2023\/09\/20\/il-triciclo-elettrico-indimob-per-combattere-il-traffico\/\"},\"wordCount\":392,\"commentCount\":0,\"publisher\":{\"@id\":\"https:\/\/emob-italia.it\/#organization\"},\"image\":{\"@id\":\"https:\/\/emob-italia.it\/2023\/09\/20\/il-triciclo-elettrico-indimob-per-combattere-il-traffico\/#primaryimage\"},\"thumbnailUrl\":\"https:\/\/emob-italia.it\/wp-content\/uploads\/2023\/09\/Coupee-TQA.jpg\",\"keywords\":[\"indimob\",\"mobilit\u00e0 elettrica\",\"Mobilit\u00e0 Sostenibile\",\"triciclo elettrico\"],\"articleSection\":[\"Notizie\",\"Notizie Newsletter\",\"Settembre 2023\"],\"inLanguage\":\"en-US\",\"potentialAction\":[{\"@type\":\"CommentAction\",\"name\":\"Comment\",\"target\":[\"https:\/\/emob-italia.it\/2023\/09\/20\/il-triciclo-elettrico-indimob-per-combattere-il-traffico\/#respond\"]}]},{\"@type\":\"WebPage\",\"@id\":\"https:\/\/emob-italia.it\/2023\/09\/20\/il-triciclo-elettrico-indimob-per-combattere-il-traffico\/\",\"url\":\"https:\/\/emob-italia.it\/2023\/09\/20\/il-triciclo-elettrico-indimob-per-combattere-il-traffico\/\",\"name\":\"Il triciclo elettrico Indimob per combattere il traffico &#8226; e_mob\",\"isPartOf\":{\"@id\":\"https:\/\/emob-italia.it\/#website\"},\"primaryImageOfPage\":{\"@id\":\"https:\/\/emob-italia.it\/2023\/09\/20\/il-triciclo-elettrico-indimob-per-combattere-il-traffico\/#primaryimage\"},\"image\":{\"@id\":\"https:\/\/emob-italia.it\/2023\/09\/20\/il-triciclo-elettrico-indimob-per-combattere-il-traffico\/#primaryimage\"},\"thumbnailUrl\":\"https:\/\/emob-italia.it\/wp-content\/uploads\/2023\/09\/Coupee-TQA.jpg\",\"datePublished\":\"2023-09-20T18:09:12+00:00\",\"dateModified\":\"2024-03-05T19:31:18+00:00\",\"description\":\"e_mob \u00e8 il tavolo permanente degli stakeholder della mobilit\u00e0 elettrica in Italia. Organizza ogni anno a Milano la Conferenza Nazionale del settore, nel 2021 in programma dal 16 al 19 ottobre.\",\"breadcrumb\":{\"@id\":\"https:\/\/emob-italia.it\/2023\/09\/20\/il-triciclo-elettrico-indimob-per-combattere-il-traffico\/#breadcrumb\"},\"inLanguage\":\"en-US\",\"potentialAction\":[{\"@type\":\"ReadAction\",\"target\":[\"https:\/\/emob-italia.it\/2023\/09\/20\/il-triciclo-elettrico-indimob-per-combattere-il-traffico\/\"]}]},{\"@type\":\"ImageObject\",\"inLanguage\":\"en-US\",\"@id\":\"https:\/\/emob-italia.it\/2023\/09\/20\/il-triciclo-elettrico-indimob-per-combattere-il-traffico\/#primaryimage\",\"url\":\"https:\/\/emob-italia.it\/wp-content\/uploads\/2023\/09\/Coupee-TQA.jpg\",\"contentUrl\":\"https:\/\/emob-italia.it\/wp-content\/uploads\/2023\/09\/Coupee-TQA.jpg\",\"width\":1039,\"height\":1019},{\"@type\":\"BreadcrumbList\",\"@id\":\"https:\/\/emob-italia.it\/2023\/09\/20\/il-triciclo-elettrico-indimob-per-combattere-il-traffico\/#breadcrumb\",\"itemListElement\":[{\"@type\":\"ListItem\",\"position\":1,\"name\":\"Home\",\"item\":\"https:\/\/emob-italia.it\/en\/\"},{\"@type\":\"ListItem\",\"position\":2,\"name\":\"Il triciclo elettrico Indimob per combattere il traffico\"}]},{\"@type\":\"WebSite\",\"@id\":\"https:\/\/emob-italia.it\/#website\",\"url\":\"https:\/\/emob-italia.it\/\",\"name\":\"e_mob\",\"description\":\"Mobilit\u00e0 Elettrica\",\"publisher\":{\"@id\":\"https:\/\/emob-italia.it\/#organization\"},\"potentialAction\":[{\"@type\":\"SearchAction\",\"target\":{\"@type\":\"EntryPoint\",\"urlTemplate\":\"https:\/\/emob-italia.it\/?s={search_term_string}\"},\"query-input\":\"required name=search_term_string\"}],\"inLanguage\":\"en-US\"},{\"@type\":\"Organization\",\"@id\":\"https:\/\/emob-italia.it\/#organization\",\"name\":\"Class Onlus\",\"url\":\"https:\/\/emob-italia.it\/\",\"logo\":{\"@type\":\"ImageObject\",\"inLanguage\":\"en-US\",\"@id\":\"https:\/\/emob-italia.it\/#\/schema\/logo\/image\/\",\"url\":\"https:\/\/emob-italia.it\/wp-content\/uploads\/2019\/03\/0_CLASS-ONLUS-logo-web.png\",\"contentUrl\":\"https:\/\/emob-italia.it\/wp-content\/uploads\/2019\/03\/0_CLASS-ONLUS-logo-web.png\",\"width\":598,\"height\":202,\"caption\":\"Class Onlus\"},\"image\":{\"@id\":\"https:\/\/emob-italia.it\/#\/schema\/logo\/image\/\"},\"sameAs\":[\"https:\/\/www.facebook.com\/emobitalia\/\",\"https:\/\/www.instagram.com\/e_mob_italia\/\",\"https:\/\/www.linkedin.com\/groups\/12186185\/\",\"https:\/\/www.youtube.com\/channel\/UCvnTcrhggAX_AkFwGxRfqFw\/featured?view_as=subscriber\"]},{\"@type\":\"Person\",\"@id\":\"https:\/\/emob-italia.it\/#\/schema\/person\/59871c976b1a5e842e3d0b98901e4f6d\",\"name\":\"Redazione\",\"image\":{\"@type\":\"ImageObject\",\"inLanguage\":\"en-US\",\"@id\":\"https:\/\/emob-italia.it\/#\/schema\/person\/image\/\",\"url\":\"https:\/\/secure.gravatar.com\/avatar\/5389093e19decc01f17a4f367aa6ce45?s=96&r=g\",\"contentUrl\":\"https:\/\/secure.gravatar.com\/avatar\/5389093e19decc01f17a4f367aa6ce45?s=96&r=g\",\"caption\":\"Redazione\"},\"url\":\"https:\/\/emob-italia.it\/en\/author\/redazione\/\"}]}<\/script>\n<!-- \/ Yoast SEO plugin. -->","yoast_head_json":{"title":"Il triciclo elettrico Indimob per combattere il traffico &#8226; e_mob","description":"e_mob \u00e8 il tavolo permanente degli stakeholder della mobilit\u00e0 elettrica in Italia. Organizza ogni anno a Milano la Conferenza Nazionale del settore, nel 2021 in programma dal 16 al 19 ottobre.","robots":{"index":"index","follow":"follow","max-snippet":"max-snippet:-1","max-image-preview":"max-image-preview:large","max-video-preview":"max-video-preview:-1"},"canonical":"https:\/\/emob-italia.it\/2023\/09\/20\/il-triciclo-elettrico-indimob-per-combattere-il-traffico\/","og_locale":"en_US","og_type":"article","og_title":"Il triciclo elettrico Indimob per combattere il traffico &#8226; e_mob","og_description":"e_mob \u00e8 il tavolo permanente degli stakeholder della mobilit\u00e0 elettrica in Italia. Organizza ogni anno a Milano la Conferenza Nazionale del settore, nel 2021 in programma dal 16 al 19 ottobre.","og_url":"https:\/\/emob-italia.it\/2023\/09\/20\/il-triciclo-elettrico-indimob-per-combattere-il-traffico\/","og_site_name":"e_mob","article_publisher":"https:\/\/www.facebook.com\/emobitalia\/","article_published_time":"2023-09-20T18:09:12+00:00","article_modified_time":"2024-03-05T19:31:18+00:00","og_image":[{"width":1039,"height":1019,"url":"https:\/\/emob-italia.it\/wp-content\/uploads\/2023\/09\/Coupee-TQA.jpg","type":"image\/jpeg"}],"author":"Redazione","twitter_misc":{"Written by":"Redazione","Est. reading time":"2 minutes"},"schema":{"@context":"https:\/\/schema.org","@graph":[{"@type":"Article","@id":"https:\/\/emob-italia.it\/2023\/09\/20\/il-triciclo-elettrico-indimob-per-combattere-il-traffico\/#article","isPartOf":{"@id":"https:\/\/emob-italia.it\/2023\/09\/20\/il-triciclo-elettrico-indimob-per-combattere-il-traffico\/"},"author":{"name":"Redazione","@id":"https:\/\/emob-italia.it\/#\/schema\/person\/59871c976b1a5e842e3d0b98901e4f6d"},"headline":"Il triciclo elettrico Indimob per combattere il traffico","datePublished":"2023-09-20T18:09:12+00:00","dateModified":"2024-03-05T19:31:18+00:00","mainEntityOfPage":{"@id":"https:\/\/emob-italia.it\/2023\/09\/20\/il-triciclo-elettrico-indimob-per-combattere-il-traffico\/"},"wordCount":392,"commentCount":0,"publisher":{"@id":"https:\/\/emob-italia.it\/#organization"},"image":{"@id":"https:\/\/emob-italia.it\/2023\/09\/20\/il-triciclo-elettrico-indimob-per-combattere-il-traffico\/#primaryimage"},"thumbnailUrl":"https:\/\/emob-italia.it\/wp-content\/uploads\/2023\/09\/Coupee-TQA.jpg","keywords":["indimob","mobilit\u00e0 elettrica","Mobilit\u00e0 Sostenibile","triciclo elettrico"],"articleSection":["Notizie","Notizie Newsletter","Settembre 2023"],"inLanguage":"en-US","potentialAction":[{"@type":"CommentAction","name":"Comment","target":["https:\/\/emob-italia.it\/2023\/09\/20\/il-triciclo-elettrico-indimob-per-combattere-il-traffico\/#respond"]}]},{"@type":"WebPage","@id":"https:\/\/emob-italia.it\/2023\/09\/20\/il-triciclo-elettrico-indimob-per-combattere-il-traffico\/","url":"https:\/\/emob-italia.it\/2023\/09\/20\/il-triciclo-elettrico-indimob-per-combattere-il-traffico\/","name":"Il triciclo elettrico Indimob per combattere il traffico &#8226; e_mob","isPartOf":{"@id":"https:\/\/emob-italia.it\/#website"},"primaryImageOfPage":{"@id":"https:\/\/emob-italia.it\/2023\/09\/20\/il-triciclo-elettrico-indimob-per-combattere-il-traffico\/#primaryimage"},"image":{"@id":"https:\/\/emob-italia.it\/2023\/09\/20\/il-triciclo-elettrico-indimob-per-combattere-il-traffico\/#primaryimage"},"thumbnailUrl":"https:\/\/emob-italia.it\/wp-content\/uploads\/2023\/09\/Coupee-TQA.jpg","datePublished":"2023-09-20T18:09:12+00:00","dateModified":"2024-03-05T19:31:18+00:00","description":"e_mob \u00e8 il tavolo permanente degli stakeholder della mobilit\u00e0 elettrica in Italia. Organizza ogni anno a Milano la Conferenza Nazionale del settore, nel 2021 in programma dal 16 al 19 ottobre.","breadcrumb":{"@id":"https:\/\/emob-italia.it\/2023\/09\/20\/il-triciclo-elettrico-indimob-per-combattere-il-traffico\/#breadcrumb"},"inLanguage":"en-US","potentialAction":[{"@type":"ReadAction","target":["https:\/\/emob-italia.it\/2023\/09\/20\/il-triciclo-elettrico-indimob-per-combattere-il-traffico\/"]}]},{"@type":"ImageObject","inLanguage":"en-US","@id":"https:\/\/emob-italia.it\/2023\/09\/20\/il-triciclo-elettrico-indimob-per-combattere-il-traffico\/#primaryimage","url":"https:\/\/emob-italia.it\/wp-content\/uploads\/2023\/09\/Coupee-TQA.jpg","contentUrl":"https:\/\/emob-italia.it\/wp-content\/uploads\/2023\/09\/Coupee-TQA.jpg","width":1039,"height":1019},{"@type":"BreadcrumbList","@id":"https:\/\/emob-italia.it\/2023\/09\/20\/il-triciclo-elettrico-indimob-per-combattere-il-traffico\/#breadcrumb","itemListElement":[{"@type":"ListItem","position":1,"name":"Home","item":"https:\/\/emob-italia.it\/en\/"},{"@type":"ListItem","position":2,"name":"Il triciclo elettrico Indimob per combattere il traffico"}]},{"@type":"WebSite","@id":"https:\/\/emob-italia.it\/#website","url":"https:\/\/emob-italia.it\/","name":"e_mob","description":"Mobilit\u00e0 Elettrica","publisher":{"@id":"https:\/\/emob-italia.it\/#organization"},"potentialAction":[{"@type":"SearchAction","target":{"@type":"EntryPoint","urlTemplate":"https:\/\/emob-italia.it\/?s={search_term_string}"},"query-input":"required name=search_term_string"}],"inLanguage":"en-US"},{"@type":"Organization","@id":"https:\/\/emob-italia.it\/#organization","name":"Class Onlus","url":"https:\/\/emob-italia.it\/","logo":{"@type":"ImageObject","inLanguage":"en-US","@id":"https:\/\/emob-italia.it\/#\/schema\/logo\/image\/","url":"https:\/\/emob-italia.it\/wp-content\/uploads\/2019\/03\/0_CLASS-ONLUS-logo-web.png","contentUrl":"https:\/\/emob-italia.it\/wp-content\/uploads\/2019\/03\/0_CLASS-ONLUS-logo-web.png","width":598,"height":202,"caption":"Class Onlus"},"image":{"@id":"https:\/\/emob-italia.it\/#\/schema\/logo\/image\/"},"sameAs":["https:\/\/www.facebook.com\/emobitalia\/","https:\/\/www.instagram.com\/e_mob_italia\/","https:\/\/www.linkedin.com\/groups\/12186185\/","https:\/\/www.youtube.com\/channel\/UCvnTcrhggAX_AkFwGxRfqFw\/featured?view_as=subscriber"]},{"@type":"Person","@id":"https:\/\/emob-italia.it\/#\/schema\/person\/59871c976b1a5e842e3d0b98901e4f6d","name":"Redazione","image":{"@type":"ImageObject","inLanguage":"en-US","@id":"https:\/\/emob-italia.it\/#\/schema\/person\/image\/","url":"https:\/\/secure.gravatar.com\/avatar\/5389093e19decc01f17a4f367aa6ce45?s=96&r=g","contentUrl":"https:\/\/secure.gravatar.com\/avatar\/5389093e19decc01f17a4f367aa6ce45?s=96&r=g","caption":"Redazione"},"url":"https:\/\/emob-italia.it\/en\/author\/redazione\/"}]}},"_links":{"self":[{"href":"https:\/\/emob-italia.it\/en\/wp-json\/wp\/v2\/posts\/63896"}],"collection":[{"href":"https:\/\/emob-italia.it\/en\/wp-json\/wp\/v2\/posts"}],"about":[{"href":"https:\/\/emob-italia.it\/en\/wp-json\/wp\/v2\/types\/post"}],"author":[{"embeddable":true,"href":"https:\/\/emob-italia.it\/en\/wp-json\/wp\/v2\/users\/19"}],"replies":[{"embeddable":true,"href":"https:\/\/emob-italia.it\/en\/wp-json\/wp\/v2\/comments?post=63896"}],"version-history":[{"count":1,"href":"https:\/\/emob-italia.it\/en\/wp-json\/wp\/v2\/posts\/63896\/revisions"}],"predecessor-version":[{"id":64049,"href":"https:\/\/emob-italia.it\/en\/wp-json\/wp\/v2\/posts\/63896\/revisions\/64049"}],"wp:featuredmedia":[{"embeddable":true,"href":"https:\/\/emob-italia.it\/en\/wp-json\/wp\/v2\/media\/62489"}],"wp:attachment":[{"href":"https:\/\/emob-italia.it\/en\/wp-json\/wp\/v2\/media?parent=63896"}],"wp:term":[{"taxonomy":"category","embeddable":true,"href":"https:\/\/emob-italia.it\/en\/wp-json\/wp\/v2\/categories?post=63896"},{"taxonomy":"post_tag","embeddable":true,"href":"https:\/\/emob-italia.it\/en\/wp-json\/wp\/v2\/tags?post=63896"}],"curies":[{"name":"wp","href":"https:\/\/api.w.org\/{rel}","templated":true}]}}