{"id":63894,"date":"2023-09-20T20:08:56","date_gmt":"2023-09-20T18:08:56","guid":{"rendered":"https:\/\/emob-italia.it\/?p=63894"},"modified":"2024-03-05T20:30:30","modified_gmt":"2024-03-05T19:30:30","slug":"renault-trucks-arriva-anche-trafic-e-tech-elettrico","status":"publish","type":"post","link":"https:\/\/emob-italia.it\/en\/2023\/09\/20\/renault-trucks-arriva-anche-trafic-e-tech-elettrico\/","title":{"rendered":"Renault Trucks, arriva anche Trafic E-Tech elettrico"},"content":{"rendered":"\n<p>Renault Trucks&nbsp;sta lavorando alacremente per elettrificare la propria gamma, sia i prodotti principali, ossia i veicoli pesanti, sia quelli della gamma leggera, i furgoni, che condivide con Renault.<\/p>\n\n\n\n<p>Dopo Master E-Tech, l&#8217;offerta si allarga adesso con la classe media,&nbsp;Trafic E-Tech, che rende finalmente disponibile la versione a batteria&nbsp;con la quale il costruttore pu\u00f2 vantare una copertura completa&nbsp;di veicoli 100% elettrici che include tutte le esigenze con mezzi dai 650 kg fino alle 44t.<\/p>\n\n\n\n<p>Renault Trucks E-Tech Trafic \u00e8 un Medio versatile, adatto all&#8217;impiego urbano ed extraurbano: si pu\u00f2 avere in&nbsp;tre varianti furgonate, una corta e una lunga, pi\u00f9 una terza lunga con tetto rialzato (L1H1, L2H1, L2H2), oltre a due versioni a doppia cabina (L1H1 e L2H1) e una a pianale.<\/p>\n\n\n\n<p>Il furgone ha un volume utile che va&nbsp;da 5,8 a 8,9 metri cubi&nbsp;con una lunghezza di carico fino a 4,15 m e la variante H2, con un&#8217;altezza interna di 1.898 mm che consente di stare in piedi nel vano di carico.<\/p>\n\n\n\n<p>Il motore elettrico da 90 kW (120 CV), consente una capacit\u00e0 di traino di 920 kg ed \u00e8 alimentato da un pacco batterie da 52 kWh, che promettono un\u2019autonomia in ciclo combinato WLTP di&nbsp;297 km&nbsp;e un consumo di energia elettrica di&nbsp;18,7 kWh. La ricarica rapida, in corrente continua, consente di riportare la riserva dal 15% all&#8217;80% in un\u2019ora.<\/p>\n\n\n\n<p>Anche per questo modello, Renault Trucks offre un&nbsp;pacchetto di servizi personalizzati&nbsp;che iniziano con l&#8217;analisi preliminare delle esigenze del cliente, cos\u00ec da modellare l\u2019offerta al meglio per quanto riguarda sia la ricarica sia la gestione flotte. La garanzia sulla batteria di trazione \u00e8 di otto anni, quella sul veicolo di due anni compresi i<br>ricambi, la manodopera e l&#8217;assistenza 24\/7, in caso di guasto.<\/p>\n\n\n\n<p>La gamma elettrica Renault Trucks parte dalle&nbsp;Cargo E Bike e prosegue con Trafic e&nbsp;<a href=\"https:\/\/www.omnifurgone.it\/news\/562045\/renault-trucks-master-ze-autonomia\/\">Master E-Tech<\/a>, per passare alla gamma pesante coni modelli D Wide E-Tech e Te C E-Tech. Si va quindi dalla&nbsp;consegna al dettaglio fino&nbsp;al trasporto vero e proprio.<\/p>\n\n\n\n<p>per approfondire <a href=\"http:\/\/www.renault-truks.it\">www.renault-truks.it <\/a><\/p>\n","protected":false},"excerpt":{"rendered":"<p>Dopo Master E-Tech, l&#8217;offerta si allarga adesso con la classe media,\u00a0Trafic E-Tech, 100% elettrico, da 90 kW (120 CV). <\/p>\n","protected":false},"author":19,"featured_media":62495,"comment_status":"open","ping_status":"open","sticky":false,"template":"","format":"standard","meta":{"_et_pb_use_builder":"","_et_pb_old_content":"","_et_gb_content_width":"","_exactmetrics_skip_tracking":false,"_exactmetrics_sitenote_active":false,"_exactmetrics_sitenote_note":"","_exactmetrics_sitenote_category":0,"footnotes":""},"categories":[26,114,736],"tags":[18,8,10,11,744,745,357],"yoast_head":"<!-- This site is optimized with the Yoast SEO plugin v22.9 - https:\/\/yoast.com\/wordpress\/plugins\/seo\/ -->\n<title>Renault Trucks, arriva anche Trafic E-Tech elettrico &#8226; e_mob<\/title>\n<meta name=\"description\" content=\"e_mob \u00e8 il tavolo permanente degli stakeholder della mobilit\u00e0 elettrica in Italia. Organizza ogni anno a Milano la Conferenza Nazionale del settore, nel 2021 in programma dal 16 al 19 ottobre.\" \/>\n<meta name=\"robots\" content=\"index, follow, max-snippet:-1, max-image-preview:large, max-video-preview:-1\" \/>\n<link rel=\"canonical\" href=\"https:\/\/emob-italia.it\/2023\/09\/20\/renault-trucks-arriva-anche-trafic-e-tech-elettrico\/\" \/>\n<meta property=\"og:locale\" content=\"en_US\" \/>\n<meta property=\"og:type\" content=\"article\" \/>\n<meta property=\"og:title\" content=\"Renault Trucks, arriva anche Trafic E-Tech elettrico &#8226; e_mob\" \/>\n<meta property=\"og:description\" content=\"e_mob \u00e8 il tavolo permanente degli stakeholder della mobilit\u00e0 elettrica in Italia. Organizza ogni anno a Milano la Conferenza Nazionale del settore, nel 2021 in programma dal 16 al 19 ottobre.\" \/>\n<meta property=\"og:url\" content=\"https:\/\/emob-italia.it\/2023\/09\/20\/renault-trucks-arriva-anche-trafic-e-tech-elettrico\/\" \/>\n<meta property=\"og:site_name\" content=\"e_mob\" \/>\n<meta property=\"article:publisher\" content=\"https:\/\/www.facebook.com\/emobitalia\/\" \/>\n<meta property=\"article:published_time\" content=\"2023-09-20T18:08:56+00:00\" \/>\n<meta property=\"article:modified_time\" content=\"2024-03-05T19:30:30+00:00\" \/>\n<meta property=\"og:image\" content=\"https:\/\/emob-italia.it\/wp-content\/uploads\/2023\/09\/Schermata-2023-09-20-alle-18.15.48-1024x709.png\" \/>\n\t<meta property=\"og:image:width\" content=\"1024\" \/>\n\t<meta property=\"og:image:height\" content=\"709\" \/>\n\t<meta property=\"og:image:type\" content=\"image\/png\" \/>\n<meta name=\"author\" content=\"Redazione\" \/>\n<meta name=\"twitter:label1\" content=\"Written by\" \/>\n\t<meta name=\"twitter:data1\" content=\"Redazione\" \/>\n\t<meta name=\"twitter:label2\" content=\"Est. reading time\" \/>\n\t<meta name=\"twitter:data2\" content=\"2 minutes\" \/>\n<script type=\"application\/ld+json\" class=\"yoast-schema-graph\">{\"@context\":\"https:\/\/schema.org\",\"@graph\":[{\"@type\":\"Article\",\"@id\":\"https:\/\/emob-italia.it\/2023\/09\/20\/renault-trucks-arriva-anche-trafic-e-tech-elettrico\/#article\",\"isPartOf\":{\"@id\":\"https:\/\/emob-italia.it\/2023\/09\/20\/renault-trucks-arriva-anche-trafic-e-tech-elettrico\/\"},\"author\":{\"name\":\"Redazione\",\"@id\":\"https:\/\/emob-italia.it\/#\/schema\/person\/59871c976b1a5e842e3d0b98901e4f6d\"},\"headline\":\"Renault Trucks, arriva anche Trafic E-Tech elettrico\",\"datePublished\":\"2023-09-20T18:08:56+00:00\",\"dateModified\":\"2024-03-05T19:30:30+00:00\",\"mainEntityOfPage\":{\"@id\":\"https:\/\/emob-italia.it\/2023\/09\/20\/renault-trucks-arriva-anche-trafic-e-tech-elettrico\/\"},\"wordCount\":362,\"commentCount\":0,\"publisher\":{\"@id\":\"https:\/\/emob-italia.it\/#organization\"},\"image\":{\"@id\":\"https:\/\/emob-italia.it\/2023\/09\/20\/renault-trucks-arriva-anche-trafic-e-tech-elettrico\/#primaryimage\"},\"thumbnailUrl\":\"https:\/\/emob-italia.it\/wp-content\/uploads\/2023\/09\/Schermata-2023-09-20-alle-18.15.48.png\",\"keywords\":[\"auto elettrica\",\"Auto Elettriche\",\"mobilit\u00e0 elettrica\",\"Mobilit\u00e0 Sostenibile\",\"Renault trucks\",\"trafic e tech\",\"veicoli elettrici\"],\"articleSection\":[\"Notizie\",\"Notizie Newsletter\",\"Settembre 2023\"],\"inLanguage\":\"en-US\",\"potentialAction\":[{\"@type\":\"CommentAction\",\"name\":\"Comment\",\"target\":[\"https:\/\/emob-italia.it\/2023\/09\/20\/renault-trucks-arriva-anche-trafic-e-tech-elettrico\/#respond\"]}]},{\"@type\":\"WebPage\",\"@id\":\"https:\/\/emob-italia.it\/2023\/09\/20\/renault-trucks-arriva-anche-trafic-e-tech-elettrico\/\",\"url\":\"https:\/\/emob-italia.it\/2023\/09\/20\/renault-trucks-arriva-anche-trafic-e-tech-elettrico\/\",\"name\":\"Renault Trucks, arriva anche Trafic E-Tech elettrico &#8226; e_mob\",\"isPartOf\":{\"@id\":\"https:\/\/emob-italia.it\/#website\"},\"primaryImageOfPage\":{\"@id\":\"https:\/\/emob-italia.it\/2023\/09\/20\/renault-trucks-arriva-anche-trafic-e-tech-elettrico\/#primaryimage\"},\"image\":{\"@id\":\"https:\/\/emob-italia.it\/2023\/09\/20\/renault-trucks-arriva-anche-trafic-e-tech-elettrico\/#primaryimage\"},\"thumbnailUrl\":\"https:\/\/emob-italia.it\/wp-content\/uploads\/2023\/09\/Schermata-2023-09-20-alle-18.15.48.png\",\"datePublished\":\"2023-09-20T18:08:56+00:00\",\"dateModified\":\"2024-03-05T19:30:30+00:00\",\"description\":\"e_mob \u00e8 il tavolo permanente degli stakeholder della mobilit\u00e0 elettrica in Italia. Organizza ogni anno a Milano la Conferenza Nazionale del settore, nel 2021 in programma dal 16 al 19 ottobre.\",\"breadcrumb\":{\"@id\":\"https:\/\/emob-italia.it\/2023\/09\/20\/renault-trucks-arriva-anche-trafic-e-tech-elettrico\/#breadcrumb\"},\"inLanguage\":\"en-US\",\"potentialAction\":[{\"@type\":\"ReadAction\",\"target\":[\"https:\/\/emob-italia.it\/2023\/09\/20\/renault-trucks-arriva-anche-trafic-e-tech-elettrico\/\"]}]},{\"@type\":\"ImageObject\",\"inLanguage\":\"en-US\",\"@id\":\"https:\/\/emob-italia.it\/2023\/09\/20\/renault-trucks-arriva-anche-trafic-e-tech-elettrico\/#primaryimage\",\"url\":\"https:\/\/emob-italia.it\/wp-content\/uploads\/2023\/09\/Schermata-2023-09-20-alle-18.15.48.png\",\"contentUrl\":\"https:\/\/emob-italia.it\/wp-content\/uploads\/2023\/09\/Schermata-2023-09-20-alle-18.15.48.png\",\"width\":1646,\"height\":1140},{\"@type\":\"BreadcrumbList\",\"@id\":\"https:\/\/emob-italia.it\/2023\/09\/20\/renault-trucks-arriva-anche-trafic-e-tech-elettrico\/#breadcrumb\",\"itemListElement\":[{\"@type\":\"ListItem\",\"position\":1,\"name\":\"Home\",\"item\":\"https:\/\/emob-italia.it\/en\/\"},{\"@type\":\"ListItem\",\"position\":2,\"name\":\"Renault Trucks, arriva anche Trafic E-Tech elettrico\"}]},{\"@type\":\"WebSite\",\"@id\":\"https:\/\/emob-italia.it\/#website\",\"url\":\"https:\/\/emob-italia.it\/\",\"name\":\"e_mob\",\"description\":\"Mobilit\u00e0 Elettrica\",\"publisher\":{\"@id\":\"https:\/\/emob-italia.it\/#organization\"},\"potentialAction\":[{\"@type\":\"SearchAction\",\"target\":{\"@type\":\"EntryPoint\",\"urlTemplate\":\"https:\/\/emob-italia.it\/?s={search_term_string}\"},\"query-input\":\"required name=search_term_string\"}],\"inLanguage\":\"en-US\"},{\"@type\":\"Organization\",\"@id\":\"https:\/\/emob-italia.it\/#organization\",\"name\":\"Class Onlus\",\"url\":\"https:\/\/emob-italia.it\/\",\"logo\":{\"@type\":\"ImageObject\",\"inLanguage\":\"en-US\",\"@id\":\"https:\/\/emob-italia.it\/#\/schema\/logo\/image\/\",\"url\":\"https:\/\/emob-italia.it\/wp-content\/uploads\/2019\/03\/0_CLASS-ONLUS-logo-web.png\",\"contentUrl\":\"https:\/\/emob-italia.it\/wp-content\/uploads\/2019\/03\/0_CLASS-ONLUS-logo-web.png\",\"width\":598,\"height\":202,\"caption\":\"Class Onlus\"},\"image\":{\"@id\":\"https:\/\/emob-italia.it\/#\/schema\/logo\/image\/\"},\"sameAs\":[\"https:\/\/www.facebook.com\/emobitalia\/\",\"https:\/\/www.instagram.com\/e_mob_italia\/\",\"https:\/\/www.linkedin.com\/groups\/12186185\/\",\"https:\/\/www.youtube.com\/channel\/UCvnTcrhggAX_AkFwGxRfqFw\/featured?view_as=subscriber\"]},{\"@type\":\"Person\",\"@id\":\"https:\/\/emob-italia.it\/#\/schema\/person\/59871c976b1a5e842e3d0b98901e4f6d\",\"name\":\"Redazione\",\"image\":{\"@type\":\"ImageObject\",\"inLanguage\":\"en-US\",\"@id\":\"https:\/\/emob-italia.it\/#\/schema\/person\/image\/\",\"url\":\"https:\/\/secure.gravatar.com\/avatar\/5389093e19decc01f17a4f367aa6ce45?s=96&r=g\",\"contentUrl\":\"https:\/\/secure.gravatar.com\/avatar\/5389093e19decc01f17a4f367aa6ce45?s=96&r=g\",\"caption\":\"Redazione\"},\"url\":\"https:\/\/emob-italia.it\/en\/author\/redazione\/\"}]}<\/script>\n<!-- \/ Yoast SEO plugin. -->","yoast_head_json":{"title":"Renault Trucks, arriva anche Trafic E-Tech elettrico &#8226; e_mob","description":"e_mob \u00e8 il tavolo permanente degli stakeholder della mobilit\u00e0 elettrica in Italia. Organizza ogni anno a Milano la Conferenza Nazionale del settore, nel 2021 in programma dal 16 al 19 ottobre.","robots":{"index":"index","follow":"follow","max-snippet":"max-snippet:-1","max-image-preview":"max-image-preview:large","max-video-preview":"max-video-preview:-1"},"canonical":"https:\/\/emob-italia.it\/2023\/09\/20\/renault-trucks-arriva-anche-trafic-e-tech-elettrico\/","og_locale":"en_US","og_type":"article","og_title":"Renault Trucks, arriva anche Trafic E-Tech elettrico &#8226; e_mob","og_description":"e_mob \u00e8 il tavolo permanente degli stakeholder della mobilit\u00e0 elettrica in Italia. Organizza ogni anno a Milano la Conferenza Nazionale del settore, nel 2021 in programma dal 16 al 19 ottobre.","og_url":"https:\/\/emob-italia.it\/2023\/09\/20\/renault-trucks-arriva-anche-trafic-e-tech-elettrico\/","og_site_name":"e_mob","article_publisher":"https:\/\/www.facebook.com\/emobitalia\/","article_published_time":"2023-09-20T18:08:56+00:00","article_modified_time":"2024-03-05T19:30:30+00:00","og_image":[{"width":1024,"height":709,"url":"https:\/\/emob-italia.it\/wp-content\/uploads\/2023\/09\/Schermata-2023-09-20-alle-18.15.48-1024x709.png","type":"image\/png"}],"author":"Redazione","twitter_misc":{"Written by":"Redazione","Est. reading time":"2 minutes"},"schema":{"@context":"https:\/\/schema.org","@graph":[{"@type":"Article","@id":"https:\/\/emob-italia.it\/2023\/09\/20\/renault-trucks-arriva-anche-trafic-e-tech-elettrico\/#article","isPartOf":{"@id":"https:\/\/emob-italia.it\/2023\/09\/20\/renault-trucks-arriva-anche-trafic-e-tech-elettrico\/"},"author":{"name":"Redazione","@id":"https:\/\/emob-italia.it\/#\/schema\/person\/59871c976b1a5e842e3d0b98901e4f6d"},"headline":"Renault Trucks, arriva anche Trafic E-Tech elettrico","datePublished":"2023-09-20T18:08:56+00:00","dateModified":"2024-03-05T19:30:30+00:00","mainEntityOfPage":{"@id":"https:\/\/emob-italia.it\/2023\/09\/20\/renault-trucks-arriva-anche-trafic-e-tech-elettrico\/"},"wordCount":362,"commentCount":0,"publisher":{"@id":"https:\/\/emob-italia.it\/#organization"},"image":{"@id":"https:\/\/emob-italia.it\/2023\/09\/20\/renault-trucks-arriva-anche-trafic-e-tech-elettrico\/#primaryimage"},"thumbnailUrl":"https:\/\/emob-italia.it\/wp-content\/uploads\/2023\/09\/Schermata-2023-09-20-alle-18.15.48.png","keywords":["auto elettrica","Auto Elettriche","mobilit\u00e0 elettrica","Mobilit\u00e0 Sostenibile","Renault trucks","trafic e tech","veicoli elettrici"],"articleSection":["Notizie","Notizie Newsletter","Settembre 2023"],"inLanguage":"en-US","potentialAction":[{"@type":"CommentAction","name":"Comment","target":["https:\/\/emob-italia.it\/2023\/09\/20\/renault-trucks-arriva-anche-trafic-e-tech-elettrico\/#respond"]}]},{"@type":"WebPage","@id":"https:\/\/emob-italia.it\/2023\/09\/20\/renault-trucks-arriva-anche-trafic-e-tech-elettrico\/","url":"https:\/\/emob-italia.it\/2023\/09\/20\/renault-trucks-arriva-anche-trafic-e-tech-elettrico\/","name":"Renault Trucks, arriva anche Trafic E-Tech elettrico &#8226; e_mob","isPartOf":{"@id":"https:\/\/emob-italia.it\/#website"},"primaryImageOfPage":{"@id":"https:\/\/emob-italia.it\/2023\/09\/20\/renault-trucks-arriva-anche-trafic-e-tech-elettrico\/#primaryimage"},"image":{"@id":"https:\/\/emob-italia.it\/2023\/09\/20\/renault-trucks-arriva-anche-trafic-e-tech-elettrico\/#primaryimage"},"thumbnailUrl":"https:\/\/emob-italia.it\/wp-content\/uploads\/2023\/09\/Schermata-2023-09-20-alle-18.15.48.png","datePublished":"2023-09-20T18:08:56+00:00","dateModified":"2024-03-05T19:30:30+00:00","description":"e_mob \u00e8 il tavolo permanente degli stakeholder della mobilit\u00e0 elettrica in Italia. Organizza ogni anno a Milano la Conferenza Nazionale del settore, nel 2021 in programma dal 16 al 19 ottobre.","breadcrumb":{"@id":"https:\/\/emob-italia.it\/2023\/09\/20\/renault-trucks-arriva-anche-trafic-e-tech-elettrico\/#breadcrumb"},"inLanguage":"en-US","potentialAction":[{"@type":"ReadAction","target":["https:\/\/emob-italia.it\/2023\/09\/20\/renault-trucks-arriva-anche-trafic-e-tech-elettrico\/"]}]},{"@type":"ImageObject","inLanguage":"en-US","@id":"https:\/\/emob-italia.it\/2023\/09\/20\/renault-trucks-arriva-anche-trafic-e-tech-elettrico\/#primaryimage","url":"https:\/\/emob-italia.it\/wp-content\/uploads\/2023\/09\/Schermata-2023-09-20-alle-18.15.48.png","contentUrl":"https:\/\/emob-italia.it\/wp-content\/uploads\/2023\/09\/Schermata-2023-09-20-alle-18.15.48.png","width":1646,"height":1140},{"@type":"BreadcrumbList","@id":"https:\/\/emob-italia.it\/2023\/09\/20\/renault-trucks-arriva-anche-trafic-e-tech-elettrico\/#breadcrumb","itemListElement":[{"@type":"ListItem","position":1,"name":"Home","item":"https:\/\/emob-italia.it\/en\/"},{"@type":"ListItem","position":2,"name":"Renault Trucks, arriva anche Trafic E-Tech elettrico"}]},{"@type":"WebSite","@id":"https:\/\/emob-italia.it\/#website","url":"https:\/\/emob-italia.it\/","name":"e_mob","description":"Mobilit\u00e0 Elettrica","publisher":{"@id":"https:\/\/emob-italia.it\/#organization"},"potentialAction":[{"@type":"SearchAction","target":{"@type":"EntryPoint","urlTemplate":"https:\/\/emob-italia.it\/?s={search_term_string}"},"query-input":"required name=search_term_string"}],"inLanguage":"en-US"},{"@type":"Organization","@id":"https:\/\/emob-italia.it\/#organization","name":"Class Onlus","url":"https:\/\/emob-italia.it\/","logo":{"@type":"ImageObject","inLanguage":"en-US","@id":"https:\/\/emob-italia.it\/#\/schema\/logo\/image\/","url":"https:\/\/emob-italia.it\/wp-content\/uploads\/2019\/03\/0_CLASS-ONLUS-logo-web.png","contentUrl":"https:\/\/emob-italia.it\/wp-content\/uploads\/2019\/03\/0_CLASS-ONLUS-logo-web.png","width":598,"height":202,"caption":"Class Onlus"},"image":{"@id":"https:\/\/emob-italia.it\/#\/schema\/logo\/image\/"},"sameAs":["https:\/\/www.facebook.com\/emobitalia\/","https:\/\/www.instagram.com\/e_mob_italia\/","https:\/\/www.linkedin.com\/groups\/12186185\/","https:\/\/www.youtube.com\/channel\/UCvnTcrhggAX_AkFwGxRfqFw\/featured?view_as=subscriber"]},{"@type":"Person","@id":"https:\/\/emob-italia.it\/#\/schema\/person\/59871c976b1a5e842e3d0b98901e4f6d","name":"Redazione","image":{"@type":"ImageObject","inLanguage":"en-US","@id":"https:\/\/emob-italia.it\/#\/schema\/person\/image\/","url":"https:\/\/secure.gravatar.com\/avatar\/5389093e19decc01f17a4f367aa6ce45?s=96&r=g","contentUrl":"https:\/\/secure.gravatar.com\/avatar\/5389093e19decc01f17a4f367aa6ce45?s=96&r=g","caption":"Redazione"},"url":"https:\/\/emob-italia.it\/en\/author\/redazione\/"}]}},"_links":{"self":[{"href":"https:\/\/emob-italia.it\/en\/wp-json\/wp\/v2\/posts\/63894"}],"collection":[{"href":"https:\/\/emob-italia.it\/en\/wp-json\/wp\/v2\/posts"}],"about":[{"href":"https:\/\/emob-italia.it\/en\/wp-json\/wp\/v2\/types\/post"}],"author":[{"embeddable":true,"href":"https:\/\/emob-italia.it\/en\/wp-json\/wp\/v2\/users\/19"}],"replies":[{"embeddable":true,"href":"https:\/\/emob-italia.it\/en\/wp-json\/wp\/v2\/comments?post=63894"}],"version-history":[{"count":1,"href":"https:\/\/emob-italia.it\/en\/wp-json\/wp\/v2\/posts\/63894\/revisions"}],"predecessor-version":[{"id":64047,"href":"https:\/\/emob-italia.it\/en\/wp-json\/wp\/v2\/posts\/63894\/revisions\/64047"}],"wp:featuredmedia":[{"embeddable":true,"href":"https:\/\/emob-italia.it\/en\/wp-json\/wp\/v2\/media\/62495"}],"wp:attachment":[{"href":"https:\/\/emob-italia.it\/en\/wp-json\/wp\/v2\/media?parent=63894"}],"wp:term":[{"taxonomy":"category","embeddable":true,"href":"https:\/\/emob-italia.it\/en\/wp-json\/wp\/v2\/categories?post=63894"},{"taxonomy":"post_tag","embeddable":true,"href":"https:\/\/emob-italia.it\/en\/wp-json\/wp\/v2\/tags?post=63894"}],"curies":[{"name":"wp","href":"https:\/\/api.w.org\/{rel}","templated":true}]}}