{"id":63891,"date":"2023-09-25T20:06:56","date_gmt":"2023-09-25T18:06:56","guid":{"rendered":"https:\/\/emob-italia.it\/?p=63891"},"modified":"2024-03-05T20:29:24","modified_gmt":"2024-03-05T19:29:24","slug":"plus-ev-charge-il-successo-delle-colonnine-dacciaio","status":"publish","type":"post","link":"https:\/\/emob-italia.it\/en\/2023\/09\/25\/plus-ev-charge-il-successo-delle-colonnine-dacciaio\/","title":{"rendered":"Plus EV Charge, il successo delle colonnine d\u2019acciaio"},"content":{"rendered":"\n<p>Il brand Plus EV-Charge, nasce nel 2021 dall\u2019esperienza ultraventennale di Plus Marine, ormai leader mondiale nel settore delle colonnine per i servizi destinati ai porti turistici.<\/p>\n\n\n\n<p>EV Charge \u00e8 entrato nel mercato dei caricatori per vetture elettriche ed ibride con una formula che unisce design, durevolezza ed affidabilit\u00e0 dei prodotti, i quali hanno un\u2019aspettativa di vita di gran lunga superiore alla media (prodotti smart e connessi alla rete, che offrono infinite possibilit\u00e0 d\u2019utilizzo).<\/p>\n\n\n\n<p>Nel parterre di e_mob 2023, EV Charge presenter\u00e0 i prodotti e le novit\u00e0 pi\u00f9 interessanti della propria scuderia:<\/p>\n\n\n\n<ul>\n<li>le colonnine AC, nella versione da suolo T-1000 e nella versione da muro W-760, disponibili in acciaio e in acciaio inox, dotate di funzioni smart;<\/li>\n<\/ul>\n\n\n\n<ul>\n<li>le colonnine DC, nella versione da suolo T-2000 e nella versione da muro W-1200, anch\u2019esse in acciaio e con funzionalit\u00e0 smart e connesse alla rete.<\/li>\n<\/ul>\n\n\n\n<p>Completa la gamma, il caricatore portatile \u201cEV-Rugged\u201d, per la ricarica possibile in ogni luogo, senza bisogno di particolari infrastrutture.<\/p>\n\n\n\n<p>Dal 2022, Plus EV Charge ha immediatamente attratto la clientela business per i caricatori delle flotte aziendali. Fin dal, recente, esordio dell\u2019azienda, realt\u00e0 come Terna Rete Italia, Baglietto Yachts, Amazon e BRT, hanno scelto di affidarsi alla guida e all\u2019assistenza, oltre che ai prodotti, di EV Charge.<\/p>\n\n\n\n<p>I nuovi progetti con BMW, eShore e FlyRen invece, vedono la fornitura di apparecchi di ricarica pubblica che diano un nuovo tipo di esperienza agli avventori delle colonnine, con ricarica pi\u00f9 affidabile e sicura, e con guasti e stop delle colonnine ridotti al minimo possibile.<\/p>\n\n\n\n<p><a href=\"https:\/\/plusevcharge.it\/\">https:\/\/plusevcharge.it\/<\/a><\/p>\n","protected":false},"excerpt":{"rendered":"<p>Il brand Plus EV-Charge, nasce nel 2021 dall\u2019esperienza ultraventennale di Plus Marine, ormai leader mondiale nel settore delle colonnine per i servizi destinati ai porti turistici.<\/p>\n","protected":false},"author":19,"featured_media":62590,"comment_status":"open","ping_status":"open","sticky":false,"template":"","format":"standard","meta":{"_et_pb_use_builder":"","_et_pb_old_content":"","_et_gb_content_width":"","_exactmetrics_skip_tracking":false,"_exactmetrics_sitenote_active":false,"_exactmetrics_sitenote_note":"","_exactmetrics_sitenote_category":0,"footnotes":""},"categories":[26,114,736],"tags":[8,199,10,11],"yoast_head":"<!-- This site is optimized with the Yoast SEO plugin v22.9 - https:\/\/yoast.com\/wordpress\/plugins\/seo\/ -->\n<title>Plus EV Charge, il successo delle colonnine d\u2019acciaio &#8226; e_mob<\/title>\n<meta name=\"description\" content=\"e_mob \u00e8 il tavolo permanente degli stakeholder della mobilit\u00e0 elettrica in Italia. Organizza ogni anno a Milano la Conferenza Nazionale del settore, nel 2021 in programma dal 16 al 19 ottobre.\" \/>\n<meta name=\"robots\" content=\"index, follow, max-snippet:-1, max-image-preview:large, max-video-preview:-1\" \/>\n<link rel=\"canonical\" href=\"https:\/\/emob-italia.it\/2023\/09\/25\/plus-ev-charge-il-successo-delle-colonnine-dacciaio\/\" \/>\n<meta property=\"og:locale\" content=\"en_US\" \/>\n<meta property=\"og:type\" content=\"article\" \/>\n<meta property=\"og:title\" content=\"Plus EV Charge, il successo delle colonnine d\u2019acciaio &#8226; e_mob\" \/>\n<meta property=\"og:description\" content=\"e_mob \u00e8 il tavolo permanente degli stakeholder della mobilit\u00e0 elettrica in Italia. Organizza ogni anno a Milano la Conferenza Nazionale del settore, nel 2021 in programma dal 16 al 19 ottobre.\" \/>\n<meta property=\"og:url\" content=\"https:\/\/emob-italia.it\/2023\/09\/25\/plus-ev-charge-il-successo-delle-colonnine-dacciaio\/\" \/>\n<meta property=\"og:site_name\" content=\"e_mob\" \/>\n<meta property=\"article:publisher\" content=\"https:\/\/www.facebook.com\/emobitalia\/\" \/>\n<meta property=\"article:published_time\" content=\"2023-09-25T18:06:56+00:00\" \/>\n<meta property=\"article:modified_time\" content=\"2024-03-05T19:29:24+00:00\" \/>\n<meta property=\"og:image\" content=\"https:\/\/emob-italia.it\/wp-content\/uploads\/2023\/09\/image0-3.jpeg\" \/>\n\t<meta property=\"og:image:width\" content=\"2048\" \/>\n\t<meta property=\"og:image:height\" content=\"1238\" \/>\n\t<meta property=\"og:image:type\" content=\"image\/jpeg\" \/>\n<meta name=\"author\" content=\"Redazione\" \/>\n<meta name=\"twitter:label1\" content=\"Written by\" \/>\n\t<meta name=\"twitter:data1\" content=\"Redazione\" \/>\n\t<meta name=\"twitter:label2\" content=\"Est. reading time\" \/>\n\t<meta name=\"twitter:data2\" content=\"1 minute\" \/>\n<script type=\"application\/ld+json\" class=\"yoast-schema-graph\">{\"@context\":\"https:\/\/schema.org\",\"@graph\":[{\"@type\":\"Article\",\"@id\":\"https:\/\/emob-italia.it\/2023\/09\/25\/plus-ev-charge-il-successo-delle-colonnine-dacciaio\/#article\",\"isPartOf\":{\"@id\":\"https:\/\/emob-italia.it\/2023\/09\/25\/plus-ev-charge-il-successo-delle-colonnine-dacciaio\/\"},\"author\":{\"name\":\"Redazione\",\"@id\":\"https:\/\/emob-italia.it\/#\/schema\/person\/59871c976b1a5e842e3d0b98901e4f6d\"},\"headline\":\"Plus EV Charge, il successo delle colonnine d\u2019acciaio\",\"datePublished\":\"2023-09-25T18:06:56+00:00\",\"dateModified\":\"2024-03-05T19:29:24+00:00\",\"mainEntityOfPage\":{\"@id\":\"https:\/\/emob-italia.it\/2023\/09\/25\/plus-ev-charge-il-successo-delle-colonnine-dacciaio\/\"},\"wordCount\":267,\"commentCount\":0,\"publisher\":{\"@id\":\"https:\/\/emob-italia.it\/#organization\"},\"image\":{\"@id\":\"https:\/\/emob-italia.it\/2023\/09\/25\/plus-ev-charge-il-successo-delle-colonnine-dacciaio\/#primaryimage\"},\"thumbnailUrl\":\"https:\/\/emob-italia.it\/wp-content\/uploads\/2023\/09\/image0-3.jpeg\",\"keywords\":[\"Auto Elettriche\",\"infrastrutture di ricarica\",\"mobilit\u00e0 elettrica\",\"Mobilit\u00e0 Sostenibile\"],\"articleSection\":[\"Notizie\",\"Notizie Newsletter\",\"Settembre 2023\"],\"inLanguage\":\"en-US\",\"potentialAction\":[{\"@type\":\"CommentAction\",\"name\":\"Comment\",\"target\":[\"https:\/\/emob-italia.it\/2023\/09\/25\/plus-ev-charge-il-successo-delle-colonnine-dacciaio\/#respond\"]}]},{\"@type\":\"WebPage\",\"@id\":\"https:\/\/emob-italia.it\/2023\/09\/25\/plus-ev-charge-il-successo-delle-colonnine-dacciaio\/\",\"url\":\"https:\/\/emob-italia.it\/2023\/09\/25\/plus-ev-charge-il-successo-delle-colonnine-dacciaio\/\",\"name\":\"Plus EV Charge, il successo delle colonnine d\u2019acciaio &#8226; e_mob\",\"isPartOf\":{\"@id\":\"https:\/\/emob-italia.it\/#website\"},\"primaryImageOfPage\":{\"@id\":\"https:\/\/emob-italia.it\/2023\/09\/25\/plus-ev-charge-il-successo-delle-colonnine-dacciaio\/#primaryimage\"},\"image\":{\"@id\":\"https:\/\/emob-italia.it\/2023\/09\/25\/plus-ev-charge-il-successo-delle-colonnine-dacciaio\/#primaryimage\"},\"thumbnailUrl\":\"https:\/\/emob-italia.it\/wp-content\/uploads\/2023\/09\/image0-3.jpeg\",\"datePublished\":\"2023-09-25T18:06:56+00:00\",\"dateModified\":\"2024-03-05T19:29:24+00:00\",\"description\":\"e_mob \u00e8 il tavolo permanente degli stakeholder della mobilit\u00e0 elettrica in Italia. Organizza ogni anno a Milano la Conferenza Nazionale del settore, nel 2021 in programma dal 16 al 19 ottobre.\",\"breadcrumb\":{\"@id\":\"https:\/\/emob-italia.it\/2023\/09\/25\/plus-ev-charge-il-successo-delle-colonnine-dacciaio\/#breadcrumb\"},\"inLanguage\":\"en-US\",\"potentialAction\":[{\"@type\":\"ReadAction\",\"target\":[\"https:\/\/emob-italia.it\/2023\/09\/25\/plus-ev-charge-il-successo-delle-colonnine-dacciaio\/\"]}]},{\"@type\":\"ImageObject\",\"inLanguage\":\"en-US\",\"@id\":\"https:\/\/emob-italia.it\/2023\/09\/25\/plus-ev-charge-il-successo-delle-colonnine-dacciaio\/#primaryimage\",\"url\":\"https:\/\/emob-italia.it\/wp-content\/uploads\/2023\/09\/image0-3.jpeg\",\"contentUrl\":\"https:\/\/emob-italia.it\/wp-content\/uploads\/2023\/09\/image0-3.jpeg\",\"width\":2048,\"height\":1238},{\"@type\":\"BreadcrumbList\",\"@id\":\"https:\/\/emob-italia.it\/2023\/09\/25\/plus-ev-charge-il-successo-delle-colonnine-dacciaio\/#breadcrumb\",\"itemListElement\":[{\"@type\":\"ListItem\",\"position\":1,\"name\":\"Home\",\"item\":\"https:\/\/emob-italia.it\/en\/\"},{\"@type\":\"ListItem\",\"position\":2,\"name\":\"Plus EV Charge, il successo delle colonnine d\u2019acciaio\"}]},{\"@type\":\"WebSite\",\"@id\":\"https:\/\/emob-italia.it\/#website\",\"url\":\"https:\/\/emob-italia.it\/\",\"name\":\"e_mob\",\"description\":\"Mobilit\u00e0 Elettrica\",\"publisher\":{\"@id\":\"https:\/\/emob-italia.it\/#organization\"},\"potentialAction\":[{\"@type\":\"SearchAction\",\"target\":{\"@type\":\"EntryPoint\",\"urlTemplate\":\"https:\/\/emob-italia.it\/?s={search_term_string}\"},\"query-input\":\"required name=search_term_string\"}],\"inLanguage\":\"en-US\"},{\"@type\":\"Organization\",\"@id\":\"https:\/\/emob-italia.it\/#organization\",\"name\":\"Class Onlus\",\"url\":\"https:\/\/emob-italia.it\/\",\"logo\":{\"@type\":\"ImageObject\",\"inLanguage\":\"en-US\",\"@id\":\"https:\/\/emob-italia.it\/#\/schema\/logo\/image\/\",\"url\":\"https:\/\/emob-italia.it\/wp-content\/uploads\/2019\/03\/0_CLASS-ONLUS-logo-web.png\",\"contentUrl\":\"https:\/\/emob-italia.it\/wp-content\/uploads\/2019\/03\/0_CLASS-ONLUS-logo-web.png\",\"width\":598,\"height\":202,\"caption\":\"Class Onlus\"},\"image\":{\"@id\":\"https:\/\/emob-italia.it\/#\/schema\/logo\/image\/\"},\"sameAs\":[\"https:\/\/www.facebook.com\/emobitalia\/\",\"https:\/\/www.instagram.com\/e_mob_italia\/\",\"https:\/\/www.linkedin.com\/groups\/12186185\/\",\"https:\/\/www.youtube.com\/channel\/UCvnTcrhggAX_AkFwGxRfqFw\/featured?view_as=subscriber\"]},{\"@type\":\"Person\",\"@id\":\"https:\/\/emob-italia.it\/#\/schema\/person\/59871c976b1a5e842e3d0b98901e4f6d\",\"name\":\"Redazione\",\"image\":{\"@type\":\"ImageObject\",\"inLanguage\":\"en-US\",\"@id\":\"https:\/\/emob-italia.it\/#\/schema\/person\/image\/\",\"url\":\"https:\/\/secure.gravatar.com\/avatar\/5389093e19decc01f17a4f367aa6ce45?s=96&r=g\",\"contentUrl\":\"https:\/\/secure.gravatar.com\/avatar\/5389093e19decc01f17a4f367aa6ce45?s=96&r=g\",\"caption\":\"Redazione\"},\"url\":\"https:\/\/emob-italia.it\/en\/author\/redazione\/\"}]}<\/script>\n<!-- \/ Yoast SEO plugin. -->","yoast_head_json":{"title":"Plus EV Charge, il successo delle colonnine d\u2019acciaio &#8226; e_mob","description":"e_mob \u00e8 il tavolo permanente degli stakeholder della mobilit\u00e0 elettrica in Italia. Organizza ogni anno a Milano la Conferenza Nazionale del settore, nel 2021 in programma dal 16 al 19 ottobre.","robots":{"index":"index","follow":"follow","max-snippet":"max-snippet:-1","max-image-preview":"max-image-preview:large","max-video-preview":"max-video-preview:-1"},"canonical":"https:\/\/emob-italia.it\/2023\/09\/25\/plus-ev-charge-il-successo-delle-colonnine-dacciaio\/","og_locale":"en_US","og_type":"article","og_title":"Plus EV Charge, il successo delle colonnine d\u2019acciaio &#8226; e_mob","og_description":"e_mob \u00e8 il tavolo permanente degli stakeholder della mobilit\u00e0 elettrica in Italia. Organizza ogni anno a Milano la Conferenza Nazionale del settore, nel 2021 in programma dal 16 al 19 ottobre.","og_url":"https:\/\/emob-italia.it\/2023\/09\/25\/plus-ev-charge-il-successo-delle-colonnine-dacciaio\/","og_site_name":"e_mob","article_publisher":"https:\/\/www.facebook.com\/emobitalia\/","article_published_time":"2023-09-25T18:06:56+00:00","article_modified_time":"2024-03-05T19:29:24+00:00","og_image":[{"width":2048,"height":1238,"url":"https:\/\/emob-italia.it\/wp-content\/uploads\/2023\/09\/image0-3.jpeg","type":"image\/jpeg"}],"author":"Redazione","twitter_misc":{"Written by":"Redazione","Est. reading time":"1 minute"},"schema":{"@context":"https:\/\/schema.org","@graph":[{"@type":"Article","@id":"https:\/\/emob-italia.it\/2023\/09\/25\/plus-ev-charge-il-successo-delle-colonnine-dacciaio\/#article","isPartOf":{"@id":"https:\/\/emob-italia.it\/2023\/09\/25\/plus-ev-charge-il-successo-delle-colonnine-dacciaio\/"},"author":{"name":"Redazione","@id":"https:\/\/emob-italia.it\/#\/schema\/person\/59871c976b1a5e842e3d0b98901e4f6d"},"headline":"Plus EV Charge, il successo delle colonnine d\u2019acciaio","datePublished":"2023-09-25T18:06:56+00:00","dateModified":"2024-03-05T19:29:24+00:00","mainEntityOfPage":{"@id":"https:\/\/emob-italia.it\/2023\/09\/25\/plus-ev-charge-il-successo-delle-colonnine-dacciaio\/"},"wordCount":267,"commentCount":0,"publisher":{"@id":"https:\/\/emob-italia.it\/#organization"},"image":{"@id":"https:\/\/emob-italia.it\/2023\/09\/25\/plus-ev-charge-il-successo-delle-colonnine-dacciaio\/#primaryimage"},"thumbnailUrl":"https:\/\/emob-italia.it\/wp-content\/uploads\/2023\/09\/image0-3.jpeg","keywords":["Auto Elettriche","infrastrutture di ricarica","mobilit\u00e0 elettrica","Mobilit\u00e0 Sostenibile"],"articleSection":["Notizie","Notizie Newsletter","Settembre 2023"],"inLanguage":"en-US","potentialAction":[{"@type":"CommentAction","name":"Comment","target":["https:\/\/emob-italia.it\/2023\/09\/25\/plus-ev-charge-il-successo-delle-colonnine-dacciaio\/#respond"]}]},{"@type":"WebPage","@id":"https:\/\/emob-italia.it\/2023\/09\/25\/plus-ev-charge-il-successo-delle-colonnine-dacciaio\/","url":"https:\/\/emob-italia.it\/2023\/09\/25\/plus-ev-charge-il-successo-delle-colonnine-dacciaio\/","name":"Plus EV Charge, il successo delle colonnine d\u2019acciaio &#8226; e_mob","isPartOf":{"@id":"https:\/\/emob-italia.it\/#website"},"primaryImageOfPage":{"@id":"https:\/\/emob-italia.it\/2023\/09\/25\/plus-ev-charge-il-successo-delle-colonnine-dacciaio\/#primaryimage"},"image":{"@id":"https:\/\/emob-italia.it\/2023\/09\/25\/plus-ev-charge-il-successo-delle-colonnine-dacciaio\/#primaryimage"},"thumbnailUrl":"https:\/\/emob-italia.it\/wp-content\/uploads\/2023\/09\/image0-3.jpeg","datePublished":"2023-09-25T18:06:56+00:00","dateModified":"2024-03-05T19:29:24+00:00","description":"e_mob \u00e8 il tavolo permanente degli stakeholder della mobilit\u00e0 elettrica in Italia. Organizza ogni anno a Milano la Conferenza Nazionale del settore, nel 2021 in programma dal 16 al 19 ottobre.","breadcrumb":{"@id":"https:\/\/emob-italia.it\/2023\/09\/25\/plus-ev-charge-il-successo-delle-colonnine-dacciaio\/#breadcrumb"},"inLanguage":"en-US","potentialAction":[{"@type":"ReadAction","target":["https:\/\/emob-italia.it\/2023\/09\/25\/plus-ev-charge-il-successo-delle-colonnine-dacciaio\/"]}]},{"@type":"ImageObject","inLanguage":"en-US","@id":"https:\/\/emob-italia.it\/2023\/09\/25\/plus-ev-charge-il-successo-delle-colonnine-dacciaio\/#primaryimage","url":"https:\/\/emob-italia.it\/wp-content\/uploads\/2023\/09\/image0-3.jpeg","contentUrl":"https:\/\/emob-italia.it\/wp-content\/uploads\/2023\/09\/image0-3.jpeg","width":2048,"height":1238},{"@type":"BreadcrumbList","@id":"https:\/\/emob-italia.it\/2023\/09\/25\/plus-ev-charge-il-successo-delle-colonnine-dacciaio\/#breadcrumb","itemListElement":[{"@type":"ListItem","position":1,"name":"Home","item":"https:\/\/emob-italia.it\/en\/"},{"@type":"ListItem","position":2,"name":"Plus EV Charge, il successo delle colonnine d\u2019acciaio"}]},{"@type":"WebSite","@id":"https:\/\/emob-italia.it\/#website","url":"https:\/\/emob-italia.it\/","name":"e_mob","description":"Mobilit\u00e0 Elettrica","publisher":{"@id":"https:\/\/emob-italia.it\/#organization"},"potentialAction":[{"@type":"SearchAction","target":{"@type":"EntryPoint","urlTemplate":"https:\/\/emob-italia.it\/?s={search_term_string}"},"query-input":"required name=search_term_string"}],"inLanguage":"en-US"},{"@type":"Organization","@id":"https:\/\/emob-italia.it\/#organization","name":"Class Onlus","url":"https:\/\/emob-italia.it\/","logo":{"@type":"ImageObject","inLanguage":"en-US","@id":"https:\/\/emob-italia.it\/#\/schema\/logo\/image\/","url":"https:\/\/emob-italia.it\/wp-content\/uploads\/2019\/03\/0_CLASS-ONLUS-logo-web.png","contentUrl":"https:\/\/emob-italia.it\/wp-content\/uploads\/2019\/03\/0_CLASS-ONLUS-logo-web.png","width":598,"height":202,"caption":"Class Onlus"},"image":{"@id":"https:\/\/emob-italia.it\/#\/schema\/logo\/image\/"},"sameAs":["https:\/\/www.facebook.com\/emobitalia\/","https:\/\/www.instagram.com\/e_mob_italia\/","https:\/\/www.linkedin.com\/groups\/12186185\/","https:\/\/www.youtube.com\/channel\/UCvnTcrhggAX_AkFwGxRfqFw\/featured?view_as=subscriber"]},{"@type":"Person","@id":"https:\/\/emob-italia.it\/#\/schema\/person\/59871c976b1a5e842e3d0b98901e4f6d","name":"Redazione","image":{"@type":"ImageObject","inLanguage":"en-US","@id":"https:\/\/emob-italia.it\/#\/schema\/person\/image\/","url":"https:\/\/secure.gravatar.com\/avatar\/5389093e19decc01f17a4f367aa6ce45?s=96&r=g","contentUrl":"https:\/\/secure.gravatar.com\/avatar\/5389093e19decc01f17a4f367aa6ce45?s=96&r=g","caption":"Redazione"},"url":"https:\/\/emob-italia.it\/en\/author\/redazione\/"}]}},"_links":{"self":[{"href":"https:\/\/emob-italia.it\/en\/wp-json\/wp\/v2\/posts\/63891"}],"collection":[{"href":"https:\/\/emob-italia.it\/en\/wp-json\/wp\/v2\/posts"}],"about":[{"href":"https:\/\/emob-italia.it\/en\/wp-json\/wp\/v2\/types\/post"}],"author":[{"embeddable":true,"href":"https:\/\/emob-italia.it\/en\/wp-json\/wp\/v2\/users\/19"}],"replies":[{"embeddable":true,"href":"https:\/\/emob-italia.it\/en\/wp-json\/wp\/v2\/comments?post=63891"}],"version-history":[{"count":1,"href":"https:\/\/emob-italia.it\/en\/wp-json\/wp\/v2\/posts\/63891\/revisions"}],"predecessor-version":[{"id":64044,"href":"https:\/\/emob-italia.it\/en\/wp-json\/wp\/v2\/posts\/63891\/revisions\/64044"}],"wp:featuredmedia":[{"embeddable":true,"href":"https:\/\/emob-italia.it\/en\/wp-json\/wp\/v2\/media\/62590"}],"wp:attachment":[{"href":"https:\/\/emob-italia.it\/en\/wp-json\/wp\/v2\/media?parent=63891"}],"wp:term":[{"taxonomy":"category","embeddable":true,"href":"https:\/\/emob-italia.it\/en\/wp-json\/wp\/v2\/categories?post=63891"},{"taxonomy":"post_tag","embeddable":true,"href":"https:\/\/emob-italia.it\/en\/wp-json\/wp\/v2\/tags?post=63891"}],"curies":[{"name":"wp","href":"https:\/\/api.w.org\/{rel}","templated":true}]}}