{"id":63885,"date":"2023-10-04T20:06:09","date_gmt":"2023-10-04T18:06:09","guid":{"rendered":"https:\/\/emob-italia.it\/?p=63885"},"modified":"2024-03-04T21:05:07","modified_gmt":"2024-03-04T20:05:07","slug":"niinivirta-del-gruppo-fll-i-di-martino-logistica-green-e-sicura","status":"publish","type":"post","link":"https:\/\/emob-italia.it\/en\/2023\/10\/04\/niinivirta-del-gruppo-fll-i-di-martino-logistica-green-e-sicura\/","title":{"rendered":"Niinivirta del Gruppo Fll.i Di Martino, logistica green e sicura"},"content":{"rendered":"\n<p>Niinivirta pu\u00f2 accedere con i suoi mezzi per la logistica al centro di Milano e delle altre citt\u00e0 con aree a traffico limitato, potendo vantare una flotta esclusivamente elettrica sin dal 2014, anno in cui l\u2019azienda ha acquistato il primo camion full electric, un primato assoluto per l\u2019Italia. <\/p>\n\n\n\n<p>Una scelta favorita sicuramente dalla matrice scandinava dell\u2019impresa, quindi una parte d\u2019Europa caratterizzata da una forte cultura ambientale che diviene valore determinante in tutte le scelte, inducendo l\u2019azienda ad accogliere la sfida tecnologica della sostenibilit\u00e0 ambientale nel campo forse pi\u00f9 ostico quale \u00e8 quello del trasporto delle merci.<\/p>\n\n\n\n<p>La flotta Niinivirta ha percorso in full electric circa 1.500.000 chilometri, con una flessibilit\u00e0 che va da 1 a 29 tonnellate di capacit\u00e0 in un\u2019unica soluzione e con dotazioni di sicurezza gi\u00e0 allineate anche alle pi\u00f9 stringenti prescrizioni, come ad esempio quelle recenti del Comune di Milano dopo i numerosi tragici incidenti che hanno avuto per protagonisti veicoli pesanti e ciclisti, che comprendono i sensori per gli angoli ciechi.<\/p>\n\n\n\n<p><a href=\"https:\/\/www.niinivirta.eu\/it\/camion-elettrico\/\">https:\/\/www.niinivirta.eu\/it\/camion-elettrico\/<\/a><\/p>\n","protected":false},"excerpt":{"rendered":"<p>La flotta Niinivirta ha percorso in full electric circa 1.500.000 km, con una flessibilit\u00e0 che va da 1 a 29 tonnellate in un\u2019unica soluzione.<\/p>\n","protected":false},"author":19,"featured_media":51704,"comment_status":"open","ping_status":"open","sticky":false,"template":"","format":"standard","meta":{"_et_pb_use_builder":"","_et_pb_old_content":"","_et_gb_content_width":"","_exactmetrics_skip_tracking":false,"_exactmetrics_sitenote_active":false,"_exactmetrics_sitenote_note":"","_exactmetrics_sitenote_category":0,"footnotes":""},"categories":[26,114,754],"tags":[8,165,10,11],"yoast_head":"<!-- This site is optimized with the Yoast SEO plugin v22.9 - https:\/\/yoast.com\/wordpress\/plugins\/seo\/ -->\n<title>Niinivirta del Gruppo Fll.i Di Martino, logistica green e sicura &#8226; e_mob<\/title>\n<meta name=\"description\" content=\"e_mob \u00e8 il tavolo permanente degli stakeholder della mobilit\u00e0 elettrica in Italia. Organizza ogni anno a Milano la Conferenza Nazionale del settore, nel 2021 in programma dal 16 al 19 ottobre.\" \/>\n<meta name=\"robots\" content=\"index, follow, max-snippet:-1, max-image-preview:large, max-video-preview:-1\" \/>\n<link rel=\"canonical\" href=\"https:\/\/emob-italia.it\/2023\/10\/04\/niinivirta-del-gruppo-fll-i-di-martino-logistica-green-e-sicura\/\" \/>\n<meta property=\"og:locale\" content=\"en_US\" \/>\n<meta property=\"og:type\" content=\"article\" \/>\n<meta property=\"og:title\" content=\"Niinivirta del Gruppo Fll.i Di Martino, logistica green e sicura &#8226; e_mob\" \/>\n<meta property=\"og:description\" content=\"e_mob \u00e8 il tavolo permanente degli stakeholder della mobilit\u00e0 elettrica in Italia. Organizza ogni anno a Milano la Conferenza Nazionale del settore, nel 2021 in programma dal 16 al 19 ottobre.\" \/>\n<meta property=\"og:url\" content=\"https:\/\/emob-italia.it\/2023\/10\/04\/niinivirta-del-gruppo-fll-i-di-martino-logistica-green-e-sicura\/\" \/>\n<meta property=\"og:site_name\" content=\"e_mob\" \/>\n<meta property=\"article:publisher\" content=\"https:\/\/www.facebook.com\/emobitalia\/\" \/>\n<meta property=\"article:published_time\" content=\"2023-10-04T18:06:09+00:00\" \/>\n<meta property=\"article:modified_time\" content=\"2024-03-04T20:05:07+00:00\" \/>\n<meta property=\"og:image\" content=\"https:\/\/emob-italia.it\/wp-content\/uploads\/2018\/09\/camion-niinivirta.jpg\" \/>\n\t<meta property=\"og:image:width\" content=\"1200\" \/>\n\t<meta property=\"og:image:height\" content=\"630\" \/>\n\t<meta property=\"og:image:type\" content=\"image\/jpeg\" \/>\n<meta name=\"author\" content=\"Redazione\" \/>\n<meta name=\"twitter:label1\" content=\"Written by\" \/>\n\t<meta name=\"twitter:data1\" content=\"Redazione\" \/>\n\t<meta name=\"twitter:label2\" content=\"Est. reading time\" \/>\n\t<meta name=\"twitter:data2\" content=\"2 minutes\" \/>\n<script type=\"application\/ld+json\" class=\"yoast-schema-graph\">{\"@context\":\"https:\/\/schema.org\",\"@graph\":[{\"@type\":\"Article\",\"@id\":\"https:\/\/emob-italia.it\/2023\/10\/04\/niinivirta-del-gruppo-fll-i-di-martino-logistica-green-e-sicura\/#article\",\"isPartOf\":{\"@id\":\"https:\/\/emob-italia.it\/2023\/10\/04\/niinivirta-del-gruppo-fll-i-di-martino-logistica-green-e-sicura\/\"},\"author\":{\"name\":\"Redazione\",\"@id\":\"https:\/\/emob-italia.it\/#\/schema\/person\/59871c976b1a5e842e3d0b98901e4f6d\"},\"headline\":\"Niinivirta del Gruppo Fll.i Di Martino, logistica green e sicura\",\"datePublished\":\"2023-10-04T18:06:09+00:00\",\"dateModified\":\"2024-03-04T20:05:07+00:00\",\"mainEntityOfPage\":{\"@id\":\"https:\/\/emob-italia.it\/2023\/10\/04\/niinivirta-del-gruppo-fll-i-di-martino-logistica-green-e-sicura\/\"},\"wordCount\":183,\"commentCount\":0,\"publisher\":{\"@id\":\"https:\/\/emob-italia.it\/#organization\"},\"image\":{\"@id\":\"https:\/\/emob-italia.it\/2023\/10\/04\/niinivirta-del-gruppo-fll-i-di-martino-logistica-green-e-sicura\/#primaryimage\"},\"thumbnailUrl\":\"https:\/\/emob-italia.it\/wp-content\/uploads\/2018\/09\/camion-niinivirta.jpg\",\"keywords\":[\"Auto Elettriche\",\"emob\",\"mobilit\u00e0 elettrica\",\"Mobilit\u00e0 Sostenibile\"],\"articleSection\":[\"Notizie\",\"Notizie Newsletter\",\"Ottobre 2023\"],\"inLanguage\":\"en-US\",\"potentialAction\":[{\"@type\":\"CommentAction\",\"name\":\"Comment\",\"target\":[\"https:\/\/emob-italia.it\/2023\/10\/04\/niinivirta-del-gruppo-fll-i-di-martino-logistica-green-e-sicura\/#respond\"]}]},{\"@type\":\"WebPage\",\"@id\":\"https:\/\/emob-italia.it\/2023\/10\/04\/niinivirta-del-gruppo-fll-i-di-martino-logistica-green-e-sicura\/\",\"url\":\"https:\/\/emob-italia.it\/2023\/10\/04\/niinivirta-del-gruppo-fll-i-di-martino-logistica-green-e-sicura\/\",\"name\":\"Niinivirta del Gruppo Fll.i Di Martino, logistica green e sicura &#8226; e_mob\",\"isPartOf\":{\"@id\":\"https:\/\/emob-italia.it\/#website\"},\"primaryImageOfPage\":{\"@id\":\"https:\/\/emob-italia.it\/2023\/10\/04\/niinivirta-del-gruppo-fll-i-di-martino-logistica-green-e-sicura\/#primaryimage\"},\"image\":{\"@id\":\"https:\/\/emob-italia.it\/2023\/10\/04\/niinivirta-del-gruppo-fll-i-di-martino-logistica-green-e-sicura\/#primaryimage\"},\"thumbnailUrl\":\"https:\/\/emob-italia.it\/wp-content\/uploads\/2018\/09\/camion-niinivirta.jpg\",\"datePublished\":\"2023-10-04T18:06:09+00:00\",\"dateModified\":\"2024-03-04T20:05:07+00:00\",\"description\":\"e_mob \u00e8 il tavolo permanente degli stakeholder della mobilit\u00e0 elettrica in Italia. Organizza ogni anno a Milano la Conferenza Nazionale del settore, nel 2021 in programma dal 16 al 19 ottobre.\",\"breadcrumb\":{\"@id\":\"https:\/\/emob-italia.it\/2023\/10\/04\/niinivirta-del-gruppo-fll-i-di-martino-logistica-green-e-sicura\/#breadcrumb\"},\"inLanguage\":\"en-US\",\"potentialAction\":[{\"@type\":\"ReadAction\",\"target\":[\"https:\/\/emob-italia.it\/2023\/10\/04\/niinivirta-del-gruppo-fll-i-di-martino-logistica-green-e-sicura\/\"]}]},{\"@type\":\"ImageObject\",\"inLanguage\":\"en-US\",\"@id\":\"https:\/\/emob-italia.it\/2023\/10\/04\/niinivirta-del-gruppo-fll-i-di-martino-logistica-green-e-sicura\/#primaryimage\",\"url\":\"https:\/\/emob-italia.it\/wp-content\/uploads\/2018\/09\/camion-niinivirta.jpg\",\"contentUrl\":\"https:\/\/emob-italia.it\/wp-content\/uploads\/2018\/09\/camion-niinivirta.jpg\",\"width\":1200,\"height\":630},{\"@type\":\"BreadcrumbList\",\"@id\":\"https:\/\/emob-italia.it\/2023\/10\/04\/niinivirta-del-gruppo-fll-i-di-martino-logistica-green-e-sicura\/#breadcrumb\",\"itemListElement\":[{\"@type\":\"ListItem\",\"position\":1,\"name\":\"Home\",\"item\":\"https:\/\/emob-italia.it\/en\/\"},{\"@type\":\"ListItem\",\"position\":2,\"name\":\"Niinivirta del Gruppo Fll.i Di Martino, logistica green e sicura\"}]},{\"@type\":\"WebSite\",\"@id\":\"https:\/\/emob-italia.it\/#website\",\"url\":\"https:\/\/emob-italia.it\/\",\"name\":\"e_mob\",\"description\":\"Mobilit\u00e0 Elettrica\",\"publisher\":{\"@id\":\"https:\/\/emob-italia.it\/#organization\"},\"potentialAction\":[{\"@type\":\"SearchAction\",\"target\":{\"@type\":\"EntryPoint\",\"urlTemplate\":\"https:\/\/emob-italia.it\/?s={search_term_string}\"},\"query-input\":\"required name=search_term_string\"}],\"inLanguage\":\"en-US\"},{\"@type\":\"Organization\",\"@id\":\"https:\/\/emob-italia.it\/#organization\",\"name\":\"Class Onlus\",\"url\":\"https:\/\/emob-italia.it\/\",\"logo\":{\"@type\":\"ImageObject\",\"inLanguage\":\"en-US\",\"@id\":\"https:\/\/emob-italia.it\/#\/schema\/logo\/image\/\",\"url\":\"https:\/\/emob-italia.it\/wp-content\/uploads\/2019\/03\/0_CLASS-ONLUS-logo-web.png\",\"contentUrl\":\"https:\/\/emob-italia.it\/wp-content\/uploads\/2019\/03\/0_CLASS-ONLUS-logo-web.png\",\"width\":598,\"height\":202,\"caption\":\"Class Onlus\"},\"image\":{\"@id\":\"https:\/\/emob-italia.it\/#\/schema\/logo\/image\/\"},\"sameAs\":[\"https:\/\/www.facebook.com\/emobitalia\/\",\"https:\/\/www.instagram.com\/e_mob_italia\/\",\"https:\/\/www.linkedin.com\/groups\/12186185\/\",\"https:\/\/www.youtube.com\/channel\/UCvnTcrhggAX_AkFwGxRfqFw\/featured?view_as=subscriber\"]},{\"@type\":\"Person\",\"@id\":\"https:\/\/emob-italia.it\/#\/schema\/person\/59871c976b1a5e842e3d0b98901e4f6d\",\"name\":\"Redazione\",\"image\":{\"@type\":\"ImageObject\",\"inLanguage\":\"en-US\",\"@id\":\"https:\/\/emob-italia.it\/#\/schema\/person\/image\/\",\"url\":\"https:\/\/secure.gravatar.com\/avatar\/5389093e19decc01f17a4f367aa6ce45?s=96&r=g\",\"contentUrl\":\"https:\/\/secure.gravatar.com\/avatar\/5389093e19decc01f17a4f367aa6ce45?s=96&r=g\",\"caption\":\"Redazione\"},\"url\":\"https:\/\/emob-italia.it\/en\/author\/redazione\/\"}]}<\/script>\n<!-- \/ Yoast SEO plugin. -->","yoast_head_json":{"title":"Niinivirta del Gruppo Fll.i Di Martino, logistica green e sicura &#8226; e_mob","description":"e_mob \u00e8 il tavolo permanente degli stakeholder della mobilit\u00e0 elettrica in Italia. Organizza ogni anno a Milano la Conferenza Nazionale del settore, nel 2021 in programma dal 16 al 19 ottobre.","robots":{"index":"index","follow":"follow","max-snippet":"max-snippet:-1","max-image-preview":"max-image-preview:large","max-video-preview":"max-video-preview:-1"},"canonical":"https:\/\/emob-italia.it\/2023\/10\/04\/niinivirta-del-gruppo-fll-i-di-martino-logistica-green-e-sicura\/","og_locale":"en_US","og_type":"article","og_title":"Niinivirta del Gruppo Fll.i Di Martino, logistica green e sicura &#8226; e_mob","og_description":"e_mob \u00e8 il tavolo permanente degli stakeholder della mobilit\u00e0 elettrica in Italia. Organizza ogni anno a Milano la Conferenza Nazionale del settore, nel 2021 in programma dal 16 al 19 ottobre.","og_url":"https:\/\/emob-italia.it\/2023\/10\/04\/niinivirta-del-gruppo-fll-i-di-martino-logistica-green-e-sicura\/","og_site_name":"e_mob","article_publisher":"https:\/\/www.facebook.com\/emobitalia\/","article_published_time":"2023-10-04T18:06:09+00:00","article_modified_time":"2024-03-04T20:05:07+00:00","og_image":[{"width":1200,"height":630,"url":"https:\/\/emob-italia.it\/wp-content\/uploads\/2018\/09\/camion-niinivirta.jpg","type":"image\/jpeg"}],"author":"Redazione","twitter_misc":{"Written by":"Redazione","Est. reading time":"2 minutes"},"schema":{"@context":"https:\/\/schema.org","@graph":[{"@type":"Article","@id":"https:\/\/emob-italia.it\/2023\/10\/04\/niinivirta-del-gruppo-fll-i-di-martino-logistica-green-e-sicura\/#article","isPartOf":{"@id":"https:\/\/emob-italia.it\/2023\/10\/04\/niinivirta-del-gruppo-fll-i-di-martino-logistica-green-e-sicura\/"},"author":{"name":"Redazione","@id":"https:\/\/emob-italia.it\/#\/schema\/person\/59871c976b1a5e842e3d0b98901e4f6d"},"headline":"Niinivirta del Gruppo Fll.i Di Martino, logistica green e sicura","datePublished":"2023-10-04T18:06:09+00:00","dateModified":"2024-03-04T20:05:07+00:00","mainEntityOfPage":{"@id":"https:\/\/emob-italia.it\/2023\/10\/04\/niinivirta-del-gruppo-fll-i-di-martino-logistica-green-e-sicura\/"},"wordCount":183,"commentCount":0,"publisher":{"@id":"https:\/\/emob-italia.it\/#organization"},"image":{"@id":"https:\/\/emob-italia.it\/2023\/10\/04\/niinivirta-del-gruppo-fll-i-di-martino-logistica-green-e-sicura\/#primaryimage"},"thumbnailUrl":"https:\/\/emob-italia.it\/wp-content\/uploads\/2018\/09\/camion-niinivirta.jpg","keywords":["Auto Elettriche","emob","mobilit\u00e0 elettrica","Mobilit\u00e0 Sostenibile"],"articleSection":["Notizie","Notizie Newsletter","Ottobre 2023"],"inLanguage":"en-US","potentialAction":[{"@type":"CommentAction","name":"Comment","target":["https:\/\/emob-italia.it\/2023\/10\/04\/niinivirta-del-gruppo-fll-i-di-martino-logistica-green-e-sicura\/#respond"]}]},{"@type":"WebPage","@id":"https:\/\/emob-italia.it\/2023\/10\/04\/niinivirta-del-gruppo-fll-i-di-martino-logistica-green-e-sicura\/","url":"https:\/\/emob-italia.it\/2023\/10\/04\/niinivirta-del-gruppo-fll-i-di-martino-logistica-green-e-sicura\/","name":"Niinivirta del Gruppo Fll.i Di Martino, logistica green e sicura &#8226; e_mob","isPartOf":{"@id":"https:\/\/emob-italia.it\/#website"},"primaryImageOfPage":{"@id":"https:\/\/emob-italia.it\/2023\/10\/04\/niinivirta-del-gruppo-fll-i-di-martino-logistica-green-e-sicura\/#primaryimage"},"image":{"@id":"https:\/\/emob-italia.it\/2023\/10\/04\/niinivirta-del-gruppo-fll-i-di-martino-logistica-green-e-sicura\/#primaryimage"},"thumbnailUrl":"https:\/\/emob-italia.it\/wp-content\/uploads\/2018\/09\/camion-niinivirta.jpg","datePublished":"2023-10-04T18:06:09+00:00","dateModified":"2024-03-04T20:05:07+00:00","description":"e_mob \u00e8 il tavolo permanente degli stakeholder della mobilit\u00e0 elettrica in Italia. Organizza ogni anno a Milano la Conferenza Nazionale del settore, nel 2021 in programma dal 16 al 19 ottobre.","breadcrumb":{"@id":"https:\/\/emob-italia.it\/2023\/10\/04\/niinivirta-del-gruppo-fll-i-di-martino-logistica-green-e-sicura\/#breadcrumb"},"inLanguage":"en-US","potentialAction":[{"@type":"ReadAction","target":["https:\/\/emob-italia.it\/2023\/10\/04\/niinivirta-del-gruppo-fll-i-di-martino-logistica-green-e-sicura\/"]}]},{"@type":"ImageObject","inLanguage":"en-US","@id":"https:\/\/emob-italia.it\/2023\/10\/04\/niinivirta-del-gruppo-fll-i-di-martino-logistica-green-e-sicura\/#primaryimage","url":"https:\/\/emob-italia.it\/wp-content\/uploads\/2018\/09\/camion-niinivirta.jpg","contentUrl":"https:\/\/emob-italia.it\/wp-content\/uploads\/2018\/09\/camion-niinivirta.jpg","width":1200,"height":630},{"@type":"BreadcrumbList","@id":"https:\/\/emob-italia.it\/2023\/10\/04\/niinivirta-del-gruppo-fll-i-di-martino-logistica-green-e-sicura\/#breadcrumb","itemListElement":[{"@type":"ListItem","position":1,"name":"Home","item":"https:\/\/emob-italia.it\/en\/"},{"@type":"ListItem","position":2,"name":"Niinivirta del Gruppo Fll.i Di Martino, logistica green e sicura"}]},{"@type":"WebSite","@id":"https:\/\/emob-italia.it\/#website","url":"https:\/\/emob-italia.it\/","name":"e_mob","description":"Mobilit\u00e0 Elettrica","publisher":{"@id":"https:\/\/emob-italia.it\/#organization"},"potentialAction":[{"@type":"SearchAction","target":{"@type":"EntryPoint","urlTemplate":"https:\/\/emob-italia.it\/?s={search_term_string}"},"query-input":"required name=search_term_string"}],"inLanguage":"en-US"},{"@type":"Organization","@id":"https:\/\/emob-italia.it\/#organization","name":"Class Onlus","url":"https:\/\/emob-italia.it\/","logo":{"@type":"ImageObject","inLanguage":"en-US","@id":"https:\/\/emob-italia.it\/#\/schema\/logo\/image\/","url":"https:\/\/emob-italia.it\/wp-content\/uploads\/2019\/03\/0_CLASS-ONLUS-logo-web.png","contentUrl":"https:\/\/emob-italia.it\/wp-content\/uploads\/2019\/03\/0_CLASS-ONLUS-logo-web.png","width":598,"height":202,"caption":"Class Onlus"},"image":{"@id":"https:\/\/emob-italia.it\/#\/schema\/logo\/image\/"},"sameAs":["https:\/\/www.facebook.com\/emobitalia\/","https:\/\/www.instagram.com\/e_mob_italia\/","https:\/\/www.linkedin.com\/groups\/12186185\/","https:\/\/www.youtube.com\/channel\/UCvnTcrhggAX_AkFwGxRfqFw\/featured?view_as=subscriber"]},{"@type":"Person","@id":"https:\/\/emob-italia.it\/#\/schema\/person\/59871c976b1a5e842e3d0b98901e4f6d","name":"Redazione","image":{"@type":"ImageObject","inLanguage":"en-US","@id":"https:\/\/emob-italia.it\/#\/schema\/person\/image\/","url":"https:\/\/secure.gravatar.com\/avatar\/5389093e19decc01f17a4f367aa6ce45?s=96&r=g","contentUrl":"https:\/\/secure.gravatar.com\/avatar\/5389093e19decc01f17a4f367aa6ce45?s=96&r=g","caption":"Redazione"},"url":"https:\/\/emob-italia.it\/en\/author\/redazione\/"}]}},"_links":{"self":[{"href":"https:\/\/emob-italia.it\/en\/wp-json\/wp\/v2\/posts\/63885"}],"collection":[{"href":"https:\/\/emob-italia.it\/en\/wp-json\/wp\/v2\/posts"}],"about":[{"href":"https:\/\/emob-italia.it\/en\/wp-json\/wp\/v2\/types\/post"}],"author":[{"embeddable":true,"href":"https:\/\/emob-italia.it\/en\/wp-json\/wp\/v2\/users\/19"}],"replies":[{"embeddable":true,"href":"https:\/\/emob-italia.it\/en\/wp-json\/wp\/v2\/comments?post=63885"}],"version-history":[{"count":2,"href":"https:\/\/emob-italia.it\/en\/wp-json\/wp\/v2\/posts\/63885\/revisions"}],"predecessor-version":[{"id":64133,"href":"https:\/\/emob-italia.it\/en\/wp-json\/wp\/v2\/posts\/63885\/revisions\/64133"}],"wp:featuredmedia":[{"embeddable":true,"href":"https:\/\/emob-italia.it\/en\/wp-json\/wp\/v2\/media\/51704"}],"wp:attachment":[{"href":"https:\/\/emob-italia.it\/en\/wp-json\/wp\/v2\/media?parent=63885"}],"wp:term":[{"taxonomy":"category","embeddable":true,"href":"https:\/\/emob-italia.it\/en\/wp-json\/wp\/v2\/categories?post=63885"},{"taxonomy":"post_tag","embeddable":true,"href":"https:\/\/emob-italia.it\/en\/wp-json\/wp\/v2\/tags?post=63885"}],"curies":[{"name":"wp","href":"https:\/\/api.w.org\/{rel}","templated":true}]}}