{"id":63883,"date":"2023-10-04T20:03:30","date_gmt":"2023-10-04T18:03:30","guid":{"rendered":"https:\/\/emob-italia.it\/?p=63883"},"modified":"2024-03-05T20:25:57","modified_gmt":"2024-03-05T19:25:57","slug":"atm-piano-full-electric-e-opportunita-di-lavoro","status":"publish","type":"post","link":"https:\/\/emob-italia.it\/en\/2023\/10\/04\/atm-piano-full-electric-e-opportunita-di-lavoro\/","title":{"rendered":"ATM, piano full electric e opportunit\u00e0 di lavoro"},"content":{"rendered":"\n<p>Anche quest\u2019anno ATM porter\u00e0 il proprio contributo a e_mob promuovendo, attraverso numerosi interventi dei suoi rappresentanti aziendali, il ruolo fondamentale che il trasporto pubblico riveste nella transizione ambientale e per lo sviluppo sostenibile della citt\u00e0.&nbsp;<\/p>\n\n\n\n<p>Per tutta la durata dell\u2019evento, dal 7 al 10 ottobre, in piazza del Duomo, sar\u00e0 esposto un bus elettrico di ATM, con personale di diverse direzioni aziendali con cui sar\u00e0 possibile approfondire sia progetti di mobilit\u00e0 sostenibile dell\u2019azienda sia, per la prima volta a e_mob, avere informazioni sulle opportunit\u00e0 di lavoro in ATM e le modalit\u00e0 per l\u2019invio delle candidature.<\/p>\n\n\n\n<p>Inoltre, marted\u00ec 10 ottobre dalle 9.30 alle 12.30, Roberta Segalini, Direttore Risorse Umane ATM interverr\u00e0 all\u2019interno della sessione \u201c<strong><em>Le nuove professioni nella mobilit\u00e0 sostenibile: come rispondere con innovazione alle richieste di un mercato del lavoro in mutamento<\/em><\/strong>\u201d approfondendo il tema del fabbisogno di nuove competenze e gli strumenti messi in campo da ATM per favorire e agevolare l\u2019inserimento di nuove risorse.<\/p>\n\n\n\n<p>La transizione, infatti, non passa solo dai mezzi e dalle infrastrutture, ma anche dalle tante persone che permettono alla citt\u00e0 di muoversi.<\/p>\n\n\n\n<p><a href=\"https:\/\/www.atm.it\">https:\/\/www.atm.it<\/a><\/p>\n","protected":false},"excerpt":{"rendered":"<p>ATM approfondisce sia progetti di mobilit\u00e0 sostenibile che informazioni sulle opportunit\u00e0 di lavoro in azienda durante la tre giorni di e_mob.<\/p>\n","protected":false},"author":19,"featured_media":0,"comment_status":"open","ping_status":"open","sticky":false,"template":"","format":"standard","meta":{"_et_pb_use_builder":"","_et_pb_old_content":"","_et_gb_content_width":"","_exactmetrics_skip_tracking":false,"_exactmetrics_sitenote_active":false,"_exactmetrics_sitenote_note":"","_exactmetrics_sitenote_category":0,"footnotes":""},"categories":[26,114,754],"tags":[306,165,10,11],"yoast_head":"<!-- This site is optimized with the Yoast SEO plugin v22.9 - https:\/\/yoast.com\/wordpress\/plugins\/seo\/ -->\n<title>ATM, piano full electric e opportunit\u00e0 di lavoro &#8226; e_mob<\/title>\n<meta name=\"description\" content=\"e_mob \u00e8 il tavolo permanente degli stakeholder della mobilit\u00e0 elettrica in Italia. Organizza ogni anno a Milano la Conferenza Nazionale del settore, nel 2021 in programma dal 16 al 19 ottobre.\" \/>\n<meta name=\"robots\" content=\"index, follow, max-snippet:-1, max-image-preview:large, max-video-preview:-1\" \/>\n<link rel=\"canonical\" href=\"https:\/\/emob-italia.it\/2023\/10\/04\/atm-piano-full-electric-e-opportunita-di-lavoro\/\" \/>\n<meta property=\"og:locale\" content=\"en_US\" \/>\n<meta property=\"og:type\" content=\"article\" \/>\n<meta property=\"og:title\" content=\"ATM, piano full electric e opportunit\u00e0 di lavoro &#8226; e_mob\" \/>\n<meta property=\"og:description\" content=\"e_mob \u00e8 il tavolo permanente degli stakeholder della mobilit\u00e0 elettrica in Italia. Organizza ogni anno a Milano la Conferenza Nazionale del settore, nel 2021 in programma dal 16 al 19 ottobre.\" \/>\n<meta property=\"og:url\" content=\"https:\/\/emob-italia.it\/2023\/10\/04\/atm-piano-full-electric-e-opportunita-di-lavoro\/\" \/>\n<meta property=\"og:site_name\" content=\"e_mob\" \/>\n<meta property=\"article:publisher\" content=\"https:\/\/www.facebook.com\/emobitalia\/\" \/>\n<meta property=\"article:published_time\" content=\"2023-10-04T18:03:30+00:00\" \/>\n<meta property=\"article:modified_time\" content=\"2024-03-05T19:25:57+00:00\" \/>\n<meta property=\"og:image\" content=\"https:\/\/emob-italia.it\/wp-content\/uploads\/2019\/09\/emob-logo-registrato.png\" \/>\n\t<meta property=\"og:image:width\" content=\"400\" \/>\n\t<meta property=\"og:image:height\" content=\"110\" \/>\n\t<meta property=\"og:image:type\" content=\"image\/png\" \/>\n<meta name=\"author\" content=\"Redazione\" \/>\n<meta name=\"twitter:label1\" content=\"Written by\" \/>\n\t<meta name=\"twitter:data1\" content=\"Redazione\" \/>\n\t<meta name=\"twitter:label2\" content=\"Est. reading time\" \/>\n\t<meta name=\"twitter:data2\" content=\"1 minute\" \/>\n<script type=\"application\/ld+json\" class=\"yoast-schema-graph\">{\"@context\":\"https:\/\/schema.org\",\"@graph\":[{\"@type\":\"Article\",\"@id\":\"https:\/\/emob-italia.it\/2023\/10\/04\/atm-piano-full-electric-e-opportunita-di-lavoro\/#article\",\"isPartOf\":{\"@id\":\"https:\/\/emob-italia.it\/2023\/10\/04\/atm-piano-full-electric-e-opportunita-di-lavoro\/\"},\"author\":{\"name\":\"Redazione\",\"@id\":\"https:\/\/emob-italia.it\/#\/schema\/person\/59871c976b1a5e842e3d0b98901e4f6d\"},\"headline\":\"ATM, piano full electric e opportunit\u00e0 di lavoro\",\"datePublished\":\"2023-10-04T18:03:30+00:00\",\"dateModified\":\"2024-03-05T19:25:57+00:00\",\"mainEntityOfPage\":{\"@id\":\"https:\/\/emob-italia.it\/2023\/10\/04\/atm-piano-full-electric-e-opportunita-di-lavoro\/\"},\"wordCount\":194,\"commentCount\":0,\"publisher\":{\"@id\":\"https:\/\/emob-italia.it\/#organization\"},\"keywords\":[\"ATM\",\"emob\",\"mobilit\u00e0 elettrica\",\"Mobilit\u00e0 Sostenibile\"],\"articleSection\":[\"Notizie\",\"Notizie Newsletter\",\"Ottobre 2023\"],\"inLanguage\":\"en-US\",\"potentialAction\":[{\"@type\":\"CommentAction\",\"name\":\"Comment\",\"target\":[\"https:\/\/emob-italia.it\/2023\/10\/04\/atm-piano-full-electric-e-opportunita-di-lavoro\/#respond\"]}]},{\"@type\":\"WebPage\",\"@id\":\"https:\/\/emob-italia.it\/2023\/10\/04\/atm-piano-full-electric-e-opportunita-di-lavoro\/\",\"url\":\"https:\/\/emob-italia.it\/2023\/10\/04\/atm-piano-full-electric-e-opportunita-di-lavoro\/\",\"name\":\"ATM, piano full electric e opportunit\u00e0 di lavoro &#8226; e_mob\",\"isPartOf\":{\"@id\":\"https:\/\/emob-italia.it\/#website\"},\"datePublished\":\"2023-10-04T18:03:30+00:00\",\"dateModified\":\"2024-03-05T19:25:57+00:00\",\"description\":\"e_mob \u00e8 il tavolo permanente degli stakeholder della mobilit\u00e0 elettrica in Italia. Organizza ogni anno a Milano la Conferenza Nazionale del settore, nel 2021 in programma dal 16 al 19 ottobre.\",\"breadcrumb\":{\"@id\":\"https:\/\/emob-italia.it\/2023\/10\/04\/atm-piano-full-electric-e-opportunita-di-lavoro\/#breadcrumb\"},\"inLanguage\":\"en-US\",\"potentialAction\":[{\"@type\":\"ReadAction\",\"target\":[\"https:\/\/emob-italia.it\/2023\/10\/04\/atm-piano-full-electric-e-opportunita-di-lavoro\/\"]}]},{\"@type\":\"BreadcrumbList\",\"@id\":\"https:\/\/emob-italia.it\/2023\/10\/04\/atm-piano-full-electric-e-opportunita-di-lavoro\/#breadcrumb\",\"itemListElement\":[{\"@type\":\"ListItem\",\"position\":1,\"name\":\"Home\",\"item\":\"https:\/\/emob-italia.it\/en\/\"},{\"@type\":\"ListItem\",\"position\":2,\"name\":\"ATM, piano full electric e opportunit\u00e0 di lavoro\"}]},{\"@type\":\"WebSite\",\"@id\":\"https:\/\/emob-italia.it\/#website\",\"url\":\"https:\/\/emob-italia.it\/\",\"name\":\"e_mob\",\"description\":\"Mobilit\u00e0 Elettrica\",\"publisher\":{\"@id\":\"https:\/\/emob-italia.it\/#organization\"},\"potentialAction\":[{\"@type\":\"SearchAction\",\"target\":{\"@type\":\"EntryPoint\",\"urlTemplate\":\"https:\/\/emob-italia.it\/?s={search_term_string}\"},\"query-input\":\"required name=search_term_string\"}],\"inLanguage\":\"en-US\"},{\"@type\":\"Organization\",\"@id\":\"https:\/\/emob-italia.it\/#organization\",\"name\":\"Class Onlus\",\"url\":\"https:\/\/emob-italia.it\/\",\"logo\":{\"@type\":\"ImageObject\",\"inLanguage\":\"en-US\",\"@id\":\"https:\/\/emob-italia.it\/#\/schema\/logo\/image\/\",\"url\":\"https:\/\/emob-italia.it\/wp-content\/uploads\/2019\/03\/0_CLASS-ONLUS-logo-web.png\",\"contentUrl\":\"https:\/\/emob-italia.it\/wp-content\/uploads\/2019\/03\/0_CLASS-ONLUS-logo-web.png\",\"width\":598,\"height\":202,\"caption\":\"Class Onlus\"},\"image\":{\"@id\":\"https:\/\/emob-italia.it\/#\/schema\/logo\/image\/\"},\"sameAs\":[\"https:\/\/www.facebook.com\/emobitalia\/\",\"https:\/\/www.instagram.com\/e_mob_italia\/\",\"https:\/\/www.linkedin.com\/groups\/12186185\/\",\"https:\/\/www.youtube.com\/channel\/UCvnTcrhggAX_AkFwGxRfqFw\/featured?view_as=subscriber\"]},{\"@type\":\"Person\",\"@id\":\"https:\/\/emob-italia.it\/#\/schema\/person\/59871c976b1a5e842e3d0b98901e4f6d\",\"name\":\"Redazione\",\"image\":{\"@type\":\"ImageObject\",\"inLanguage\":\"en-US\",\"@id\":\"https:\/\/emob-italia.it\/#\/schema\/person\/image\/\",\"url\":\"https:\/\/secure.gravatar.com\/avatar\/5389093e19decc01f17a4f367aa6ce45?s=96&r=g\",\"contentUrl\":\"https:\/\/secure.gravatar.com\/avatar\/5389093e19decc01f17a4f367aa6ce45?s=96&r=g\",\"caption\":\"Redazione\"},\"url\":\"https:\/\/emob-italia.it\/en\/author\/redazione\/\"}]}<\/script>\n<!-- \/ Yoast SEO plugin. -->","yoast_head_json":{"title":"ATM, piano full electric e opportunit\u00e0 di lavoro &#8226; e_mob","description":"e_mob \u00e8 il tavolo permanente degli stakeholder della mobilit\u00e0 elettrica in Italia. Organizza ogni anno a Milano la Conferenza Nazionale del settore, nel 2021 in programma dal 16 al 19 ottobre.","robots":{"index":"index","follow":"follow","max-snippet":"max-snippet:-1","max-image-preview":"max-image-preview:large","max-video-preview":"max-video-preview:-1"},"canonical":"https:\/\/emob-italia.it\/2023\/10\/04\/atm-piano-full-electric-e-opportunita-di-lavoro\/","og_locale":"en_US","og_type":"article","og_title":"ATM, piano full electric e opportunit\u00e0 di lavoro &#8226; e_mob","og_description":"e_mob \u00e8 il tavolo permanente degli stakeholder della mobilit\u00e0 elettrica in Italia. Organizza ogni anno a Milano la Conferenza Nazionale del settore, nel 2021 in programma dal 16 al 19 ottobre.","og_url":"https:\/\/emob-italia.it\/2023\/10\/04\/atm-piano-full-electric-e-opportunita-di-lavoro\/","og_site_name":"e_mob","article_publisher":"https:\/\/www.facebook.com\/emobitalia\/","article_published_time":"2023-10-04T18:03:30+00:00","article_modified_time":"2024-03-05T19:25:57+00:00","og_image":[{"width":400,"height":110,"url":"https:\/\/emob-italia.it\/wp-content\/uploads\/2019\/09\/emob-logo-registrato.png","type":"image\/png"}],"author":"Redazione","twitter_misc":{"Written by":"Redazione","Est. reading time":"1 minute"},"schema":{"@context":"https:\/\/schema.org","@graph":[{"@type":"Article","@id":"https:\/\/emob-italia.it\/2023\/10\/04\/atm-piano-full-electric-e-opportunita-di-lavoro\/#article","isPartOf":{"@id":"https:\/\/emob-italia.it\/2023\/10\/04\/atm-piano-full-electric-e-opportunita-di-lavoro\/"},"author":{"name":"Redazione","@id":"https:\/\/emob-italia.it\/#\/schema\/person\/59871c976b1a5e842e3d0b98901e4f6d"},"headline":"ATM, piano full electric e opportunit\u00e0 di lavoro","datePublished":"2023-10-04T18:03:30+00:00","dateModified":"2024-03-05T19:25:57+00:00","mainEntityOfPage":{"@id":"https:\/\/emob-italia.it\/2023\/10\/04\/atm-piano-full-electric-e-opportunita-di-lavoro\/"},"wordCount":194,"commentCount":0,"publisher":{"@id":"https:\/\/emob-italia.it\/#organization"},"keywords":["ATM","emob","mobilit\u00e0 elettrica","Mobilit\u00e0 Sostenibile"],"articleSection":["Notizie","Notizie Newsletter","Ottobre 2023"],"inLanguage":"en-US","potentialAction":[{"@type":"CommentAction","name":"Comment","target":["https:\/\/emob-italia.it\/2023\/10\/04\/atm-piano-full-electric-e-opportunita-di-lavoro\/#respond"]}]},{"@type":"WebPage","@id":"https:\/\/emob-italia.it\/2023\/10\/04\/atm-piano-full-electric-e-opportunita-di-lavoro\/","url":"https:\/\/emob-italia.it\/2023\/10\/04\/atm-piano-full-electric-e-opportunita-di-lavoro\/","name":"ATM, piano full electric e opportunit\u00e0 di lavoro &#8226; e_mob","isPartOf":{"@id":"https:\/\/emob-italia.it\/#website"},"datePublished":"2023-10-04T18:03:30+00:00","dateModified":"2024-03-05T19:25:57+00:00","description":"e_mob \u00e8 il tavolo permanente degli stakeholder della mobilit\u00e0 elettrica in Italia. Organizza ogni anno a Milano la Conferenza Nazionale del settore, nel 2021 in programma dal 16 al 19 ottobre.","breadcrumb":{"@id":"https:\/\/emob-italia.it\/2023\/10\/04\/atm-piano-full-electric-e-opportunita-di-lavoro\/#breadcrumb"},"inLanguage":"en-US","potentialAction":[{"@type":"ReadAction","target":["https:\/\/emob-italia.it\/2023\/10\/04\/atm-piano-full-electric-e-opportunita-di-lavoro\/"]}]},{"@type":"BreadcrumbList","@id":"https:\/\/emob-italia.it\/2023\/10\/04\/atm-piano-full-electric-e-opportunita-di-lavoro\/#breadcrumb","itemListElement":[{"@type":"ListItem","position":1,"name":"Home","item":"https:\/\/emob-italia.it\/en\/"},{"@type":"ListItem","position":2,"name":"ATM, piano full electric e opportunit\u00e0 di lavoro"}]},{"@type":"WebSite","@id":"https:\/\/emob-italia.it\/#website","url":"https:\/\/emob-italia.it\/","name":"e_mob","description":"Mobilit\u00e0 Elettrica","publisher":{"@id":"https:\/\/emob-italia.it\/#organization"},"potentialAction":[{"@type":"SearchAction","target":{"@type":"EntryPoint","urlTemplate":"https:\/\/emob-italia.it\/?s={search_term_string}"},"query-input":"required name=search_term_string"}],"inLanguage":"en-US"},{"@type":"Organization","@id":"https:\/\/emob-italia.it\/#organization","name":"Class Onlus","url":"https:\/\/emob-italia.it\/","logo":{"@type":"ImageObject","inLanguage":"en-US","@id":"https:\/\/emob-italia.it\/#\/schema\/logo\/image\/","url":"https:\/\/emob-italia.it\/wp-content\/uploads\/2019\/03\/0_CLASS-ONLUS-logo-web.png","contentUrl":"https:\/\/emob-italia.it\/wp-content\/uploads\/2019\/03\/0_CLASS-ONLUS-logo-web.png","width":598,"height":202,"caption":"Class Onlus"},"image":{"@id":"https:\/\/emob-italia.it\/#\/schema\/logo\/image\/"},"sameAs":["https:\/\/www.facebook.com\/emobitalia\/","https:\/\/www.instagram.com\/e_mob_italia\/","https:\/\/www.linkedin.com\/groups\/12186185\/","https:\/\/www.youtube.com\/channel\/UCvnTcrhggAX_AkFwGxRfqFw\/featured?view_as=subscriber"]},{"@type":"Person","@id":"https:\/\/emob-italia.it\/#\/schema\/person\/59871c976b1a5e842e3d0b98901e4f6d","name":"Redazione","image":{"@type":"ImageObject","inLanguage":"en-US","@id":"https:\/\/emob-italia.it\/#\/schema\/person\/image\/","url":"https:\/\/secure.gravatar.com\/avatar\/5389093e19decc01f17a4f367aa6ce45?s=96&r=g","contentUrl":"https:\/\/secure.gravatar.com\/avatar\/5389093e19decc01f17a4f367aa6ce45?s=96&r=g","caption":"Redazione"},"url":"https:\/\/emob-italia.it\/en\/author\/redazione\/"}]}},"_links":{"self":[{"href":"https:\/\/emob-italia.it\/en\/wp-json\/wp\/v2\/posts\/63883"}],"collection":[{"href":"https:\/\/emob-italia.it\/en\/wp-json\/wp\/v2\/posts"}],"about":[{"href":"https:\/\/emob-italia.it\/en\/wp-json\/wp\/v2\/types\/post"}],"author":[{"embeddable":true,"href":"https:\/\/emob-italia.it\/en\/wp-json\/wp\/v2\/users\/19"}],"replies":[{"embeddable":true,"href":"https:\/\/emob-italia.it\/en\/wp-json\/wp\/v2\/comments?post=63883"}],"version-history":[{"count":1,"href":"https:\/\/emob-italia.it\/en\/wp-json\/wp\/v2\/posts\/63883\/revisions"}],"predecessor-version":[{"id":64035,"href":"https:\/\/emob-italia.it\/en\/wp-json\/wp\/v2\/posts\/63883\/revisions\/64035"}],"wp:attachment":[{"href":"https:\/\/emob-italia.it\/en\/wp-json\/wp\/v2\/media?parent=63883"}],"wp:term":[{"taxonomy":"category","embeddable":true,"href":"https:\/\/emob-italia.it\/en\/wp-json\/wp\/v2\/categories?post=63883"},{"taxonomy":"post_tag","embeddable":true,"href":"https:\/\/emob-italia.it\/en\/wp-json\/wp\/v2\/tags?post=63883"}],"curies":[{"name":"wp","href":"https:\/\/api.w.org\/{rel}","templated":true}]}}