{"id":63878,"date":"2023-10-12T20:03:00","date_gmt":"2023-10-12T18:03:00","guid":{"rendered":"https:\/\/emob-italia.it\/?p=63878"},"modified":"2024-03-05T20:23:25","modified_gmt":"2024-03-05T19:23:25","slug":"e_mob-2023-il-futuro-dellautomotive-e-oggi-e-puo-essere-italiano","status":"publish","type":"post","link":"https:\/\/emob-italia.it\/en\/2023\/10\/12\/e_mob-2023-il-futuro-dellautomotive-e-oggi-e-puo-essere-italiano\/","title":{"rendered":"COMUNICATO STAMPA e_mob 2023"},"content":{"rendered":"\n<p><strong>Il futuro dell\u2019automotive \u00e8 oggi e pu\u00f2 essere italiano.\u00a0 \u00c8 quanto emerso dalla settima edizione di e_mob<\/strong><\/p>\n\n\n\n<figure class=\"wp-block-image size-large\"><img loading=\"lazy\" decoding=\"async\" width=\"1024\" height=\"283\" src=\"https:\/\/emob-italia.it\/wp-content\/uploads\/2023\/10\/image-1024x283.png\" alt=\"\" class=\"wp-image-63053\" srcset=\"https:\/\/emob-italia.it\/wp-content\/uploads\/2023\/10\/image-980x271.png 980w, https:\/\/emob-italia.it\/wp-content\/uploads\/2023\/10\/image-480x133.png 480w\" sizes=\"(min-width: 0px) and (max-width: 480px) 480px, (min-width: 481px) and (max-width: 980px) 980px, (min-width: 981px) 1024px, 100vw\" \/><\/figure>\n\n\n\n<h1 class=\"wp-block-heading\"><strong>Il futuro dell\u2019automotive \u00e8 oggi e pu\u00f2 essere italiano.\u00a0 \u00c8 quanto emerso dalla settima edizione di e_mob<\/strong><\/h1>\n\n\n\n<p><\/p>\n\n\n\n<p><em>Milano, 12 ottobre 2023<\/em> &#8211; Si \u00e8 chiuso, dopo 4 giorni di esposizione in piazza Duomo e due giorni di incontri e convegni a Palazzo Giureconsulti, e_mob 2023, il Festival della mobilit\u00e0 elettrica e sostenibile, che ha visto attivamente partecipi centinaia di addetti ai lavori, 80 relatori, oltre 20 aziende espositrici, numerose scuole e i professionisti iscritti all\u2019Ordine degli Ingegneri, oltre che migliaia di curiosi e appassionati dell\u2019elettrico (200.000 in 4 giorni).\u00a0<\/p>\n\n\n\n<p>Il nastro inaugurale della parte espositiva \u00e8 stato tagliato, sabato scorso, dall\u2019Assessora alla Mobilit\u00e0 del Comune di Milano, Arianna Censi, alla presenza di Andrea Dellabianca,&nbsp;Membro di Giunta della Camera di Commercio di Milano&nbsp;Monza Brianza e Lodi, dell\u2019Assessore alla Sicurezza Marco Granelli, insieme all&#8217;assessore regionale Giorgio Maione e al vice presidente della Camera di Commercio di Milano Lodi Monza e Brianza, Massimo Dal Checco. Ai dibattiti sulle prospettive dell\u2019elettrico nel nostro Paese sono intervenuti amministratori, come l\u2019assessore regionale ai trasporti e mobilit\u00e0 Franco Lucente, parlamentari, rappresentanti sindacali e della Camera di Commercio di Milano, Monza e Brianza e Lodi.<\/p>\n\n\n\n<p>La Conferenza Nazionale della Mobilit\u00e0 Elettrica 2023 si \u00e8 aperta con la fotografia della realt\u00e0 dell\u2019elettrico italiano: le auto elettriche circolanti in Italia al 30 settembre 2023 sono poco pi\u00f9 di 209.000, con le immatricolazioni full Electric che, nei primi nove mesi dell\u2019anno, sono pari a 45.790 unit\u00e0, con un incremento del 28,17% rispetto allo stesso periodo del 2022. Il nostro Paese ha una rete di ricarica particolarmente significativa; sono infatti quasi 50.000 i punti di ricarica presenti sul territorio, numero che andr\u00e0 ad aumentare grazie ai contributi del PNRR.<\/p>\n\n\n\n<p>In questo scenario, sono arrivate molte suggestioni per ridurre l\u2019impatto ambientale del settore dei trasporti, per velocizzare la transizione ecologica puntando sull\u2019elettrificazione dei mezzi, sulla mobilit\u00e0 alternativa e sullo sviluppo di hub della mobilit\u00e0. Importanti anche le proposte per elettrificare le imbarcazioni private e pubbliche in navigazione sui laghi e tratte marine per ridurre le emissioni acustiche ed inquinanti.&nbsp;<\/p>\n\n\n\n<p>\u201c<em>Esistono settori della mobilit\u00e0 sostenibile nei quali possiamo essere di esempio e trainanti in Europa. Mi riferisco in particolare alla mobilit\u00e0 nautica e aerea, dove abbiamo imprese e professionalit\u00e0 in Italia che ci vengono invidiate nel resto del mondo, oltre che la presenza dei maggiori laghi navigabili in Europa\u201d<\/em> &#8211; afferma <strong>Camillo Piazza<\/strong>, presidente di CLASS Onlus, promotore di e_mob &#8211; \u201c<em>Inoltre, uno tra i fattori che pi\u00f9 rischiano di penalizzare lo sviluppo italiano dell\u2019elettrico ce n\u2019\u00e8 uno particolarmente insidioso: la diffusione di informazioni sulla mobilit\u00e0 elettrica pi\u00f9 o meno fuorvianti, quando non palesemente fallaci. \u00c8 anche da questa esigenza che nasce e_mob, dalla volont\u00e0 di informare, fare chiarezza e democratizzare la cultura dell\u2019elettrico<\/em>\u201d. &nbsp;<\/p>\n\n\n\n<p>L\u2019appello dei relatori e degli esperti \u00e8 quello di un cambiamento di passo, partendo da una visione industriale che ci permetta di recuperare il ritardo rispetto all\u2019Europa nell\u2019essenziale comparto dei trasporti. L\u2019Europa \u00e8 gi\u00e0\u0300 oggi, grazie alle politiche dei rispettivi governi &#8211; Germania: 29,319 \u20ac\/mld a fondo perduto, di cui circa 8,2 \u20ac\/mld per la mobilit\u00e0 sostenibile \/ Francia: 100 \u20ac\/mld di cui circa 7 \u20ac\/mld per la mobilit\u00e0 sostenibile &#8211; il primo mercato mondiale per i veicoli elettrici. Servono azioni mirate sull\u2019industria e sulla formazione e i lavori della settima Conferenza nazionale della mobilit\u00e0 elettrica, hanno dato chiare indicazioni e spunti di intervento concreto.<\/p>\n\n\n\n<p>La Conferenza ha creato sinergie tra le diverse imprese, creando una vera e propria Squadra Italia capace di cogliere le opportunit\u00e0 della transizione ecologica.&nbsp;<\/p>\n\n\n\n<p>Al termine della 4 giorni elettrica \u00e8 stata presentata la Carta di e_mob23 che sintetizza le richieste del comparto elettrico e dei protagonisti della transizione verso la mobilit\u00e0 ecologica. Punti programmatici che saranno trasmessi al governo e al parlamento, alla conferenza stato-regione e ai comuni superiori ai 20.000 abitanti.<\/p>\n\n\n\n<p>A e_mob 2023 erano presenti le maggiori aziende, pubbliche e private, protagoniste della transizione verso la mobilit\u00e0 elettrica tra cui A2A, AMSA, Askoll, Atlante, ATM, Enel X Way, E-shore, Ferrovie dello Stato, Indimob, Innovatec, Cobat, Circolarity, Plenitude (Eni), SEA, Renault Trucks Italia, R.S.E., Motus E, Milano Industrial \u2013 Iveco, Ninivirta Transport, Plus EV Charge, Scame, 5 5r Service &amp; Counsulting-Untouchable.<\/p>\n\n\n\n<p><strong><em>E_mob \u00e8 un coordinamento di istituzioni, aziende e associazioni attive nel promuovere la mobilit\u00e0 elettrica come strumento per rendere pi\u00f9 sostenibile il comparto dei trasporti. Organizza il Festival e_mob, il pi\u00f9 importante evento in Italia legato ai temi della mobilit\u00e0 elettrica col fine di diffondere la cultura di un sistema ambientale sostenibile, anche tramite la Conferenza Nazionale della Mobilit\u00e0 Elettrica.&nbsp;<\/em><\/strong><\/p>\n\n\n\n<p><\/p>\n\n\n\n<p><\/p>\n\n\n\n<p><strong><em>Per ulteriori informazioni:\u00a0<\/em><\/strong><\/p>\n\n\n\n<p><strong><em>Ufficio stampa &#8211; Comunity Lab<\/em><\/strong><\/p>\n\n\n\n<p><em>Sabrina Cungi &#8211; email: <\/em><a href=\"mailto:scungi@comunitylab.it\">scungi@comunitylab.it<\/a> &#8211; <em>mob: +39 347 8822278<\/em><\/p>\n\n\n\n<p><em>Marica Caputo &#8211; email: <\/em><a href=\"mailto:mcaputo@comunitylab.it\">mcaputo@comunitylab.it<\/a> &#8211; <em>mob: +39 335 7698073<\/em><\/p>\n\n\n\n<figure class=\"wp-block-image size-large\"><img loading=\"lazy\" decoding=\"async\" width=\"1024\" height=\"283\" src=\"https:\/\/emob-italia.it\/wp-content\/uploads\/2023\/10\/image-1-1024x283.png\" alt=\"\" class=\"wp-image-63054\" srcset=\"https:\/\/emob-italia.it\/wp-content\/uploads\/2023\/10\/image-1-980x271.png 980w, https:\/\/emob-italia.it\/wp-content\/uploads\/2023\/10\/image-1-480x133.png 480w\" sizes=\"(min-width: 0px) and (max-width: 480px) 480px, (min-width: 481px) and (max-width: 980px) 980px, (min-width: 981px) 1024px, 100vw\" \/><\/figure>\n","protected":false},"excerpt":{"rendered":"<p>e_mob \u00e8 il tavolo permanente degli stakeholder della mobilit\u00e0 elettrica in Italia. Organizza ogni anno la Conferenza Nazionale del settore.<\/p>\n","protected":false},"author":19,"featured_media":61995,"comment_status":"open","ping_status":"open","sticky":false,"template":"","format":"standard","meta":{"_et_pb_use_builder":"","_et_pb_old_content":"","_et_gb_content_width":"","_exactmetrics_skip_tracking":false,"_exactmetrics_sitenote_active":false,"_exactmetrics_sitenote_note":"","_exactmetrics_sitenote_category":0,"footnotes":""},"categories":[27,26],"tags":[18,165,10,11],"yoast_head":"<!-- This site is optimized with the Yoast SEO plugin v22.9 - https:\/\/yoast.com\/wordpress\/plugins\/seo\/ -->\n<title>COMUNICATO STAMPA e_mob 2023 &#8226; e_mob<\/title>\n<meta name=\"description\" content=\"e_mob \u00e8 il tavolo permanente degli stakeholder della mobilit\u00e0 elettrica in Italia. Organizza ogni anno a Milano la Conferenza Nazionale del settore, nel 2021 in programma dal 16 al 19 ottobre.\" \/>\n<meta name=\"robots\" content=\"index, follow, max-snippet:-1, max-image-preview:large, max-video-preview:-1\" \/>\n<link rel=\"canonical\" href=\"https:\/\/emob-italia.it\/2023\/10\/12\/e_mob-2023-il-futuro-dellautomotive-e-oggi-e-puo-essere-italiano\/\" \/>\n<meta property=\"og:locale\" content=\"en_US\" \/>\n<meta property=\"og:type\" content=\"article\" \/>\n<meta property=\"og:title\" content=\"COMUNICATO STAMPA e_mob 2023 &#8226; e_mob\" \/>\n<meta property=\"og:description\" content=\"e_mob \u00e8 il tavolo permanente degli stakeholder della mobilit\u00e0 elettrica in Italia. Organizza ogni anno a Milano la Conferenza Nazionale del settore, nel 2021 in programma dal 16 al 19 ottobre.\" \/>\n<meta property=\"og:url\" content=\"https:\/\/emob-italia.it\/2023\/10\/12\/e_mob-2023-il-futuro-dellautomotive-e-oggi-e-puo-essere-italiano\/\" \/>\n<meta property=\"og:site_name\" content=\"e_mob\" \/>\n<meta property=\"article:publisher\" content=\"https:\/\/www.facebook.com\/emobitalia\/\" \/>\n<meta property=\"article:published_time\" content=\"2023-10-12T18:03:00+00:00\" \/>\n<meta property=\"article:modified_time\" content=\"2024-03-05T19:23:25+00:00\" \/>\n<meta property=\"og:image\" content=\"https:\/\/emob-italia.it\/wp-content\/uploads\/2023\/08\/emob2023-atm-banners_home-sx.png\" \/>\n\t<meta property=\"og:image:width\" content=\"394\" \/>\n\t<meta property=\"og:image:height\" content=\"160\" \/>\n\t<meta property=\"og:image:type\" content=\"image\/png\" \/>\n<meta name=\"author\" content=\"Redazione\" \/>\n<meta name=\"twitter:label1\" content=\"Written by\" \/>\n\t<meta name=\"twitter:data1\" content=\"Redazione\" \/>\n\t<meta name=\"twitter:label2\" content=\"Est. reading time\" \/>\n\t<meta name=\"twitter:data2\" content=\"4 minutes\" \/>\n<script type=\"application\/ld+json\" class=\"yoast-schema-graph\">{\"@context\":\"https:\/\/schema.org\",\"@graph\":[{\"@type\":\"Article\",\"@id\":\"https:\/\/emob-italia.it\/2023\/10\/12\/e_mob-2023-il-futuro-dellautomotive-e-oggi-e-puo-essere-italiano\/#article\",\"isPartOf\":{\"@id\":\"https:\/\/emob-italia.it\/2023\/10\/12\/e_mob-2023-il-futuro-dellautomotive-e-oggi-e-puo-essere-italiano\/\"},\"author\":{\"name\":\"Redazione\",\"@id\":\"https:\/\/emob-italia.it\/#\/schema\/person\/59871c976b1a5e842e3d0b98901e4f6d\"},\"headline\":\"COMUNICATO STAMPA e_mob 2023\",\"datePublished\":\"2023-10-12T18:03:00+00:00\",\"dateModified\":\"2024-03-05T19:23:25+00:00\",\"mainEntityOfPage\":{\"@id\":\"https:\/\/emob-italia.it\/2023\/10\/12\/e_mob-2023-il-futuro-dellautomotive-e-oggi-e-puo-essere-italiano\/\"},\"wordCount\":797,\"commentCount\":0,\"publisher\":{\"@id\":\"https:\/\/emob-italia.it\/#organization\"},\"image\":{\"@id\":\"https:\/\/emob-italia.it\/2023\/10\/12\/e_mob-2023-il-futuro-dellautomotive-e-oggi-e-puo-essere-italiano\/#primaryimage\"},\"thumbnailUrl\":\"https:\/\/emob-italia.it\/wp-content\/uploads\/2023\/08\/emob2023-atm-banners_home-sx.png\",\"keywords\":[\"auto elettrica\",\"emob\",\"mobilit\u00e0 elettrica\",\"Mobilit\u00e0 Sostenibile\"],\"articleSection\":[\"Comunicati stampa\",\"Notizie\"],\"inLanguage\":\"en-US\",\"potentialAction\":[{\"@type\":\"CommentAction\",\"name\":\"Comment\",\"target\":[\"https:\/\/emob-italia.it\/2023\/10\/12\/e_mob-2023-il-futuro-dellautomotive-e-oggi-e-puo-essere-italiano\/#respond\"]}]},{\"@type\":\"WebPage\",\"@id\":\"https:\/\/emob-italia.it\/2023\/10\/12\/e_mob-2023-il-futuro-dellautomotive-e-oggi-e-puo-essere-italiano\/\",\"url\":\"https:\/\/emob-italia.it\/2023\/10\/12\/e_mob-2023-il-futuro-dellautomotive-e-oggi-e-puo-essere-italiano\/\",\"name\":\"COMUNICATO STAMPA e_mob 2023 &#8226; e_mob\",\"isPartOf\":{\"@id\":\"https:\/\/emob-italia.it\/#website\"},\"primaryImageOfPage\":{\"@id\":\"https:\/\/emob-italia.it\/2023\/10\/12\/e_mob-2023-il-futuro-dellautomotive-e-oggi-e-puo-essere-italiano\/#primaryimage\"},\"image\":{\"@id\":\"https:\/\/emob-italia.it\/2023\/10\/12\/e_mob-2023-il-futuro-dellautomotive-e-oggi-e-puo-essere-italiano\/#primaryimage\"},\"thumbnailUrl\":\"https:\/\/emob-italia.it\/wp-content\/uploads\/2023\/08\/emob2023-atm-banners_home-sx.png\",\"datePublished\":\"2023-10-12T18:03:00+00:00\",\"dateModified\":\"2024-03-05T19:23:25+00:00\",\"description\":\"e_mob \u00e8 il tavolo permanente degli stakeholder della mobilit\u00e0 elettrica in Italia. Organizza ogni anno a Milano la Conferenza Nazionale del settore, nel 2021 in programma dal 16 al 19 ottobre.\",\"breadcrumb\":{\"@id\":\"https:\/\/emob-italia.it\/2023\/10\/12\/e_mob-2023-il-futuro-dellautomotive-e-oggi-e-puo-essere-italiano\/#breadcrumb\"},\"inLanguage\":\"en-US\",\"potentialAction\":[{\"@type\":\"ReadAction\",\"target\":[\"https:\/\/emob-italia.it\/2023\/10\/12\/e_mob-2023-il-futuro-dellautomotive-e-oggi-e-puo-essere-italiano\/\"]}]},{\"@type\":\"ImageObject\",\"inLanguage\":\"en-US\",\"@id\":\"https:\/\/emob-italia.it\/2023\/10\/12\/e_mob-2023-il-futuro-dellautomotive-e-oggi-e-puo-essere-italiano\/#primaryimage\",\"url\":\"https:\/\/emob-italia.it\/wp-content\/uploads\/2023\/08\/emob2023-atm-banners_home-sx.png\",\"contentUrl\":\"https:\/\/emob-italia.it\/wp-content\/uploads\/2023\/08\/emob2023-atm-banners_home-sx.png\",\"width\":394,\"height\":160},{\"@type\":\"BreadcrumbList\",\"@id\":\"https:\/\/emob-italia.it\/2023\/10\/12\/e_mob-2023-il-futuro-dellautomotive-e-oggi-e-puo-essere-italiano\/#breadcrumb\",\"itemListElement\":[{\"@type\":\"ListItem\",\"position\":1,\"name\":\"Home\",\"item\":\"https:\/\/emob-italia.it\/en\/\"},{\"@type\":\"ListItem\",\"position\":2,\"name\":\"COMUNICATO STAMPA e_mob 2023\"}]},{\"@type\":\"WebSite\",\"@id\":\"https:\/\/emob-italia.it\/#website\",\"url\":\"https:\/\/emob-italia.it\/\",\"name\":\"e_mob\",\"description\":\"Mobilit\u00e0 Elettrica\",\"publisher\":{\"@id\":\"https:\/\/emob-italia.it\/#organization\"},\"potentialAction\":[{\"@type\":\"SearchAction\",\"target\":{\"@type\":\"EntryPoint\",\"urlTemplate\":\"https:\/\/emob-italia.it\/?s={search_term_string}\"},\"query-input\":\"required name=search_term_string\"}],\"inLanguage\":\"en-US\"},{\"@type\":\"Organization\",\"@id\":\"https:\/\/emob-italia.it\/#organization\",\"name\":\"Class Onlus\",\"url\":\"https:\/\/emob-italia.it\/\",\"logo\":{\"@type\":\"ImageObject\",\"inLanguage\":\"en-US\",\"@id\":\"https:\/\/emob-italia.it\/#\/schema\/logo\/image\/\",\"url\":\"https:\/\/emob-italia.it\/wp-content\/uploads\/2019\/03\/0_CLASS-ONLUS-logo-web.png\",\"contentUrl\":\"https:\/\/emob-italia.it\/wp-content\/uploads\/2019\/03\/0_CLASS-ONLUS-logo-web.png\",\"width\":598,\"height\":202,\"caption\":\"Class Onlus\"},\"image\":{\"@id\":\"https:\/\/emob-italia.it\/#\/schema\/logo\/image\/\"},\"sameAs\":[\"https:\/\/www.facebook.com\/emobitalia\/\",\"https:\/\/www.instagram.com\/e_mob_italia\/\",\"https:\/\/www.linkedin.com\/groups\/12186185\/\",\"https:\/\/www.youtube.com\/channel\/UCvnTcrhggAX_AkFwGxRfqFw\/featured?view_as=subscriber\"]},{\"@type\":\"Person\",\"@id\":\"https:\/\/emob-italia.it\/#\/schema\/person\/59871c976b1a5e842e3d0b98901e4f6d\",\"name\":\"Redazione\",\"image\":{\"@type\":\"ImageObject\",\"inLanguage\":\"en-US\",\"@id\":\"https:\/\/emob-italia.it\/#\/schema\/person\/image\/\",\"url\":\"https:\/\/secure.gravatar.com\/avatar\/5389093e19decc01f17a4f367aa6ce45?s=96&r=g\",\"contentUrl\":\"https:\/\/secure.gravatar.com\/avatar\/5389093e19decc01f17a4f367aa6ce45?s=96&r=g\",\"caption\":\"Redazione\"},\"url\":\"https:\/\/emob-italia.it\/en\/author\/redazione\/\"}]}<\/script>\n<!-- \/ Yoast SEO plugin. -->","yoast_head_json":{"title":"COMUNICATO STAMPA e_mob 2023 &#8226; e_mob","description":"e_mob \u00e8 il tavolo permanente degli stakeholder della mobilit\u00e0 elettrica in Italia. Organizza ogni anno a Milano la Conferenza Nazionale del settore, nel 2021 in programma dal 16 al 19 ottobre.","robots":{"index":"index","follow":"follow","max-snippet":"max-snippet:-1","max-image-preview":"max-image-preview:large","max-video-preview":"max-video-preview:-1"},"canonical":"https:\/\/emob-italia.it\/2023\/10\/12\/e_mob-2023-il-futuro-dellautomotive-e-oggi-e-puo-essere-italiano\/","og_locale":"en_US","og_type":"article","og_title":"COMUNICATO STAMPA e_mob 2023 &#8226; e_mob","og_description":"e_mob \u00e8 il tavolo permanente degli stakeholder della mobilit\u00e0 elettrica in Italia. Organizza ogni anno a Milano la Conferenza Nazionale del settore, nel 2021 in programma dal 16 al 19 ottobre.","og_url":"https:\/\/emob-italia.it\/2023\/10\/12\/e_mob-2023-il-futuro-dellautomotive-e-oggi-e-puo-essere-italiano\/","og_site_name":"e_mob","article_publisher":"https:\/\/www.facebook.com\/emobitalia\/","article_published_time":"2023-10-12T18:03:00+00:00","article_modified_time":"2024-03-05T19:23:25+00:00","og_image":[{"width":394,"height":160,"url":"https:\/\/emob-italia.it\/wp-content\/uploads\/2023\/08\/emob2023-atm-banners_home-sx.png","type":"image\/png"}],"author":"Redazione","twitter_misc":{"Written by":"Redazione","Est. reading time":"4 minutes"},"schema":{"@context":"https:\/\/schema.org","@graph":[{"@type":"Article","@id":"https:\/\/emob-italia.it\/2023\/10\/12\/e_mob-2023-il-futuro-dellautomotive-e-oggi-e-puo-essere-italiano\/#article","isPartOf":{"@id":"https:\/\/emob-italia.it\/2023\/10\/12\/e_mob-2023-il-futuro-dellautomotive-e-oggi-e-puo-essere-italiano\/"},"author":{"name":"Redazione","@id":"https:\/\/emob-italia.it\/#\/schema\/person\/59871c976b1a5e842e3d0b98901e4f6d"},"headline":"COMUNICATO STAMPA e_mob 2023","datePublished":"2023-10-12T18:03:00+00:00","dateModified":"2024-03-05T19:23:25+00:00","mainEntityOfPage":{"@id":"https:\/\/emob-italia.it\/2023\/10\/12\/e_mob-2023-il-futuro-dellautomotive-e-oggi-e-puo-essere-italiano\/"},"wordCount":797,"commentCount":0,"publisher":{"@id":"https:\/\/emob-italia.it\/#organization"},"image":{"@id":"https:\/\/emob-italia.it\/2023\/10\/12\/e_mob-2023-il-futuro-dellautomotive-e-oggi-e-puo-essere-italiano\/#primaryimage"},"thumbnailUrl":"https:\/\/emob-italia.it\/wp-content\/uploads\/2023\/08\/emob2023-atm-banners_home-sx.png","keywords":["auto elettrica","emob","mobilit\u00e0 elettrica","Mobilit\u00e0 Sostenibile"],"articleSection":["Comunicati stampa","Notizie"],"inLanguage":"en-US","potentialAction":[{"@type":"CommentAction","name":"Comment","target":["https:\/\/emob-italia.it\/2023\/10\/12\/e_mob-2023-il-futuro-dellautomotive-e-oggi-e-puo-essere-italiano\/#respond"]}]},{"@type":"WebPage","@id":"https:\/\/emob-italia.it\/2023\/10\/12\/e_mob-2023-il-futuro-dellautomotive-e-oggi-e-puo-essere-italiano\/","url":"https:\/\/emob-italia.it\/2023\/10\/12\/e_mob-2023-il-futuro-dellautomotive-e-oggi-e-puo-essere-italiano\/","name":"COMUNICATO STAMPA e_mob 2023 &#8226; e_mob","isPartOf":{"@id":"https:\/\/emob-italia.it\/#website"},"primaryImageOfPage":{"@id":"https:\/\/emob-italia.it\/2023\/10\/12\/e_mob-2023-il-futuro-dellautomotive-e-oggi-e-puo-essere-italiano\/#primaryimage"},"image":{"@id":"https:\/\/emob-italia.it\/2023\/10\/12\/e_mob-2023-il-futuro-dellautomotive-e-oggi-e-puo-essere-italiano\/#primaryimage"},"thumbnailUrl":"https:\/\/emob-italia.it\/wp-content\/uploads\/2023\/08\/emob2023-atm-banners_home-sx.png","datePublished":"2023-10-12T18:03:00+00:00","dateModified":"2024-03-05T19:23:25+00:00","description":"e_mob \u00e8 il tavolo permanente degli stakeholder della mobilit\u00e0 elettrica in Italia. Organizza ogni anno a Milano la Conferenza Nazionale del settore, nel 2021 in programma dal 16 al 19 ottobre.","breadcrumb":{"@id":"https:\/\/emob-italia.it\/2023\/10\/12\/e_mob-2023-il-futuro-dellautomotive-e-oggi-e-puo-essere-italiano\/#breadcrumb"},"inLanguage":"en-US","potentialAction":[{"@type":"ReadAction","target":["https:\/\/emob-italia.it\/2023\/10\/12\/e_mob-2023-il-futuro-dellautomotive-e-oggi-e-puo-essere-italiano\/"]}]},{"@type":"ImageObject","inLanguage":"en-US","@id":"https:\/\/emob-italia.it\/2023\/10\/12\/e_mob-2023-il-futuro-dellautomotive-e-oggi-e-puo-essere-italiano\/#primaryimage","url":"https:\/\/emob-italia.it\/wp-content\/uploads\/2023\/08\/emob2023-atm-banners_home-sx.png","contentUrl":"https:\/\/emob-italia.it\/wp-content\/uploads\/2023\/08\/emob2023-atm-banners_home-sx.png","width":394,"height":160},{"@type":"BreadcrumbList","@id":"https:\/\/emob-italia.it\/2023\/10\/12\/e_mob-2023-il-futuro-dellautomotive-e-oggi-e-puo-essere-italiano\/#breadcrumb","itemListElement":[{"@type":"ListItem","position":1,"name":"Home","item":"https:\/\/emob-italia.it\/en\/"},{"@type":"ListItem","position":2,"name":"COMUNICATO STAMPA e_mob 2023"}]},{"@type":"WebSite","@id":"https:\/\/emob-italia.it\/#website","url":"https:\/\/emob-italia.it\/","name":"e_mob","description":"Mobilit\u00e0 Elettrica","publisher":{"@id":"https:\/\/emob-italia.it\/#organization"},"potentialAction":[{"@type":"SearchAction","target":{"@type":"EntryPoint","urlTemplate":"https:\/\/emob-italia.it\/?s={search_term_string}"},"query-input":"required name=search_term_string"}],"inLanguage":"en-US"},{"@type":"Organization","@id":"https:\/\/emob-italia.it\/#organization","name":"Class Onlus","url":"https:\/\/emob-italia.it\/","logo":{"@type":"ImageObject","inLanguage":"en-US","@id":"https:\/\/emob-italia.it\/#\/schema\/logo\/image\/","url":"https:\/\/emob-italia.it\/wp-content\/uploads\/2019\/03\/0_CLASS-ONLUS-logo-web.png","contentUrl":"https:\/\/emob-italia.it\/wp-content\/uploads\/2019\/03\/0_CLASS-ONLUS-logo-web.png","width":598,"height":202,"caption":"Class Onlus"},"image":{"@id":"https:\/\/emob-italia.it\/#\/schema\/logo\/image\/"},"sameAs":["https:\/\/www.facebook.com\/emobitalia\/","https:\/\/www.instagram.com\/e_mob_italia\/","https:\/\/www.linkedin.com\/groups\/12186185\/","https:\/\/www.youtube.com\/channel\/UCvnTcrhggAX_AkFwGxRfqFw\/featured?view_as=subscriber"]},{"@type":"Person","@id":"https:\/\/emob-italia.it\/#\/schema\/person\/59871c976b1a5e842e3d0b98901e4f6d","name":"Redazione","image":{"@type":"ImageObject","inLanguage":"en-US","@id":"https:\/\/emob-italia.it\/#\/schema\/person\/image\/","url":"https:\/\/secure.gravatar.com\/avatar\/5389093e19decc01f17a4f367aa6ce45?s=96&r=g","contentUrl":"https:\/\/secure.gravatar.com\/avatar\/5389093e19decc01f17a4f367aa6ce45?s=96&r=g","caption":"Redazione"},"url":"https:\/\/emob-italia.it\/en\/author\/redazione\/"}]}},"_links":{"self":[{"href":"https:\/\/emob-italia.it\/en\/wp-json\/wp\/v2\/posts\/63878"}],"collection":[{"href":"https:\/\/emob-italia.it\/en\/wp-json\/wp\/v2\/posts"}],"about":[{"href":"https:\/\/emob-italia.it\/en\/wp-json\/wp\/v2\/types\/post"}],"author":[{"embeddable":true,"href":"https:\/\/emob-italia.it\/en\/wp-json\/wp\/v2\/users\/19"}],"replies":[{"embeddable":true,"href":"https:\/\/emob-italia.it\/en\/wp-json\/wp\/v2\/comments?post=63878"}],"version-history":[{"count":1,"href":"https:\/\/emob-italia.it\/en\/wp-json\/wp\/v2\/posts\/63878\/revisions"}],"predecessor-version":[{"id":64031,"href":"https:\/\/emob-italia.it\/en\/wp-json\/wp\/v2\/posts\/63878\/revisions\/64031"}],"wp:featuredmedia":[{"embeddable":true,"href":"https:\/\/emob-italia.it\/en\/wp-json\/wp\/v2\/media\/61995"}],"wp:attachment":[{"href":"https:\/\/emob-italia.it\/en\/wp-json\/wp\/v2\/media?parent=63878"}],"wp:term":[{"taxonomy":"category","embeddable":true,"href":"https:\/\/emob-italia.it\/en\/wp-json\/wp\/v2\/categories?post=63878"},{"taxonomy":"post_tag","embeddable":true,"href":"https:\/\/emob-italia.it\/en\/wp-json\/wp\/v2\/tags?post=63878"}],"curies":[{"name":"wp","href":"https:\/\/api.w.org\/{rel}","templated":true}]}}