{"id":62814,"date":"2023-10-05T11:34:13","date_gmt":"2023-10-05T09:34:13","guid":{"rendered":"https:\/\/emob-italia.it\/?p=62814"},"modified":"2024-03-03T20:44:22","modified_gmt":"2024-03-03T19:44:22","slug":"regione-lombardia-e-il-ciclo-di-vita-delle-batterie-esauste","status":"publish","type":"post","link":"https:\/\/emob-italia.it\/en\/2023\/10\/05\/regione-lombardia-e-il-ciclo-di-vita-delle-batterie-esauste\/","title":{"rendered":"Regione Lombardia e il ciclo di vita delle batterie esauste"},"content":{"rendered":"\n<p>Economia, ecologia e circolarit\u00e0 al centro dell&#8217;incontro pubblico tenutosi il 4 ottobre in Regione Lombardia. I relatori, coordinati da Camilla Colucci, CEO Circularity, hanno illustrato le linee di indirizzo e azione della Regione sulla circolarit\u00e0 e sulle politiche relative a clima, mobilit\u00e0 elettrica e incentivi. L&#8217;esordio ha visto l&#8217;assessore all&#8217;ambiente e clima della Regione, Giorgio Maione, illustrare gli impegni regionali sul tema della formazione di nuove figure professionali e gli incentivi per le vetture elettriche per agevolare lo sviluppo del settore e delle imprese locali.<\/p>\n\n\n\n<p>Il responsabile dell&#8217;Unit\u00e0 Aria e Clima, Gianluca Gurrieri, ha illustrato i bandi regionali per l&#8217;incentivo alla rottamazione di veicoli inquinanti, per la produzione di energia da fotovoltaico e per l&#8217;installazione di colonnine di ricarica. Tutti bandi che hanno riscontrato un ottimo successo. Gli incentivi alle vetture elettriche, quota negli anni attestatasi sempre sopra il 50%, si sono ridotti sensibilmente con il tempo, ma hanno contribuito virtuosamente allo sviluppo del mercato. Ad esempio, la Lombardia risulta la regione con la maggior quota di colonnine installate. In crescita anche la produzione di elettricit\u00e0 da fonte fotovoltaica. La Regione Lombardia ha confermato il proprio interesse per lo sviluppo di un sistema industriale regionale di recupero dei materiali e di riciclo,&nbsp; come auspicato da Camilla Colucci e dal presidente di Class Onlus, Camillo Piazza.<\/p>\n\n\n\n<p>La tavola rotonda ha, in seguito, dibattuto delle criticit\u00e0 e delle opportunit\u00e0 del mercato delle batterie, con una vera e propria miniera di materie prime-seconde nel riciclo. Il litio resta il materiale maggiormente critico per l&#8217;approvvigionamento. Meno critica la condizione di reperimento e utilizzo del manganese, del nickel e del cobalto.<\/p>\n\n\n\n<p>L&#8217;efficienza di riciclo delle batterie esauste, potr\u00e0 offrire un contributo significativo al recupero di materiali e terre rare. In ogni caso, il nuovo Regolamento europeo definisce importanti obiettivi di recupero di materiali e prevede obblighi in capo ai costruttori di impiegare differenti percentuali di materie prime-seconde nelle nuove batterie. Ad esempio, dal 2036, i costruttori di nuove batterie dovranno impiegare come minimo il 26% di Cobalto recuperato, l&#8217;85 % di piombo e il 12% di litio e nichel. I dati sono stati illustrati da Luigi De Rocchi del Cobat.&nbsp;In Europa abbiamo una capacit\u00e0 di riciclo di 80 mila tonnellate anno. Ma la quantit\u00e0 di batterie da riciclare nel vecchio continente, \u00e8 di molto maggiore. Quella delle materie di recupero rappresenta una miniera che pu\u00f2 e deve offrire un contributo molto significativo all&#8217;autonomia di approvvigionamento dei materiali indispensabili per l&#8217;automotive europeo. Nel 2021, Regione Lombardia e alcuni attori della ricerca universitaria (tra cui il Politecnico di Milano e CNR), stipulano l\u2019Accordo di collaborazione per la realizzazione di un\u2019innovativa infrastruttura pilota regionale di supporto alla transizione verso l\u2019economia circolare\u201d, con una dotazione iniziale di 5 milioni di euro. Il futuro \u00e8 in costruzione nel presente e quella contro le nuove tecnologie, \u00e8 una battaglia di retromarcia, dannosa per le imprese nostrane.<\/p>\n","protected":false},"excerpt":{"rendered":"<p>Economia, ecologia e circolarit\u00e0 al centro dell&#8217;incontro pubblico tenutosi il 4 ottobre in Regione Lombardia. <\/p>\n","protected":false},"author":19,"featured_media":62815,"comment_status":"open","ping_status":"open","sticky":false,"template":"","format":"standard","meta":{"_et_pb_use_builder":"off","_et_pb_old_content":"","_et_gb_content_width":"","_exactmetrics_skip_tracking":false,"_exactmetrics_sitenote_active":false,"_exactmetrics_sitenote_note":"","_exactmetrics_sitenote_category":0,"footnotes":""},"categories":[26,114,754],"tags":[8,165,10,11,17],"yoast_head":"<!-- This site is optimized with the Yoast SEO plugin v22.9 - https:\/\/yoast.com\/wordpress\/plugins\/seo\/ -->\n<title>Regione Lombardia e il ciclo di vita delle batterie esauste<\/title>\n<meta name=\"description\" content=\"Economia, ecologia e circolarit\u00e0 al centro dell&#039;incontro pubblico tenutosi il 4 ottobre in Regione Lombardia.\" \/>\n<meta name=\"robots\" content=\"index, follow, max-snippet:-1, max-image-preview:large, max-video-preview:-1\" \/>\n<link rel=\"canonical\" href=\"https:\/\/emob-italia.it\/2023\/10\/05\/regione-lombardia-e-il-ciclo-di-vita-delle-batterie-esauste\/\" \/>\n<meta property=\"og:locale\" content=\"en_US\" \/>\n<meta property=\"og:type\" content=\"article\" \/>\n<meta property=\"og:title\" content=\"Regione Lombardia e il ciclo di vita delle batterie esauste\" \/>\n<meta property=\"og:description\" content=\"Economia, ecologia e circolarit\u00e0 al centro dell&#039;incontro pubblico tenutosi il 4 ottobre in Regione Lombardia.\" \/>\n<meta property=\"og:url\" content=\"https:\/\/emob-italia.it\/2023\/10\/05\/regione-lombardia-e-il-ciclo-di-vita-delle-batterie-esauste\/\" \/>\n<meta property=\"og:site_name\" content=\"e_mob\" \/>\n<meta property=\"article:publisher\" content=\"https:\/\/www.facebook.com\/emobitalia\/\" \/>\n<meta property=\"article:published_time\" content=\"2023-10-05T09:34:13+00:00\" \/>\n<meta property=\"article:modified_time\" content=\"2024-03-03T19:44:22+00:00\" \/>\n<meta property=\"og:image\" content=\"https:\/\/emob-italia.it\/wp-content\/uploads\/2023\/10\/e9ccc0da-06f9-4e8e-89a6-bced748e0328.jpg\" \/>\n\t<meta property=\"og:image:width\" content=\"2048\" \/>\n\t<meta property=\"og:image:height\" content=\"1533\" \/>\n\t<meta property=\"og:image:type\" content=\"image\/jpeg\" \/>\n<meta name=\"author\" content=\"Redazione\" \/>\n<meta name=\"twitter:label1\" content=\"Written by\" \/>\n\t<meta name=\"twitter:data1\" content=\"Redazione\" \/>\n\t<meta name=\"twitter:label2\" content=\"Est. reading time\" \/>\n\t<meta name=\"twitter:data2\" content=\"3 minutes\" \/>\n<script type=\"application\/ld+json\" class=\"yoast-schema-graph\">{\"@context\":\"https:\/\/schema.org\",\"@graph\":[{\"@type\":\"Article\",\"@id\":\"https:\/\/emob-italia.it\/2023\/10\/05\/regione-lombardia-e-il-ciclo-di-vita-delle-batterie-esauste\/#article\",\"isPartOf\":{\"@id\":\"https:\/\/emob-italia.it\/2023\/10\/05\/regione-lombardia-e-il-ciclo-di-vita-delle-batterie-esauste\/\"},\"author\":{\"name\":\"Redazione\",\"@id\":\"https:\/\/emob-italia.it\/#\/schema\/person\/59871c976b1a5e842e3d0b98901e4f6d\"},\"headline\":\"Regione Lombardia e il ciclo di vita delle batterie esauste\",\"datePublished\":\"2023-10-05T09:34:13+00:00\",\"dateModified\":\"2024-03-03T19:44:22+00:00\",\"mainEntityOfPage\":{\"@id\":\"https:\/\/emob-italia.it\/2023\/10\/05\/regione-lombardia-e-il-ciclo-di-vita-delle-batterie-esauste\/\"},\"wordCount\":490,\"commentCount\":0,\"publisher\":{\"@id\":\"https:\/\/emob-italia.it\/#organization\"},\"image\":{\"@id\":\"https:\/\/emob-italia.it\/2023\/10\/05\/regione-lombardia-e-il-ciclo-di-vita-delle-batterie-esauste\/#primaryimage\"},\"thumbnailUrl\":\"https:\/\/emob-italia.it\/wp-content\/uploads\/2023\/10\/e9ccc0da-06f9-4e8e-89a6-bced748e0328.jpg\",\"keywords\":[\"Auto Elettriche\",\"emob\",\"mobilit\u00e0 elettrica\",\"Mobilit\u00e0 Sostenibile\",\"Regione Lombardia\"],\"articleSection\":[\"Notizie\",\"Notizie Newsletter\",\"Ottobre 2023\"],\"inLanguage\":\"en-US\",\"potentialAction\":[{\"@type\":\"CommentAction\",\"name\":\"Comment\",\"target\":[\"https:\/\/emob-italia.it\/2023\/10\/05\/regione-lombardia-e-il-ciclo-di-vita-delle-batterie-esauste\/#respond\"]}]},{\"@type\":\"WebPage\",\"@id\":\"https:\/\/emob-italia.it\/2023\/10\/05\/regione-lombardia-e-il-ciclo-di-vita-delle-batterie-esauste\/\",\"url\":\"https:\/\/emob-italia.it\/2023\/10\/05\/regione-lombardia-e-il-ciclo-di-vita-delle-batterie-esauste\/\",\"name\":\"Regione Lombardia e il ciclo di vita delle batterie esauste\",\"isPartOf\":{\"@id\":\"https:\/\/emob-italia.it\/#website\"},\"primaryImageOfPage\":{\"@id\":\"https:\/\/emob-italia.it\/2023\/10\/05\/regione-lombardia-e-il-ciclo-di-vita-delle-batterie-esauste\/#primaryimage\"},\"image\":{\"@id\":\"https:\/\/emob-italia.it\/2023\/10\/05\/regione-lombardia-e-il-ciclo-di-vita-delle-batterie-esauste\/#primaryimage\"},\"thumbnailUrl\":\"https:\/\/emob-italia.it\/wp-content\/uploads\/2023\/10\/e9ccc0da-06f9-4e8e-89a6-bced748e0328.jpg\",\"datePublished\":\"2023-10-05T09:34:13+00:00\",\"dateModified\":\"2024-03-03T19:44:22+00:00\",\"description\":\"Economia, ecologia e circolarit\u00e0 al centro dell'incontro pubblico tenutosi il 4 ottobre in Regione Lombardia.\",\"breadcrumb\":{\"@id\":\"https:\/\/emob-italia.it\/2023\/10\/05\/regione-lombardia-e-il-ciclo-di-vita-delle-batterie-esauste\/#breadcrumb\"},\"inLanguage\":\"en-US\",\"potentialAction\":[{\"@type\":\"ReadAction\",\"target\":[\"https:\/\/emob-italia.it\/2023\/10\/05\/regione-lombardia-e-il-ciclo-di-vita-delle-batterie-esauste\/\"]}]},{\"@type\":\"ImageObject\",\"inLanguage\":\"en-US\",\"@id\":\"https:\/\/emob-italia.it\/2023\/10\/05\/regione-lombardia-e-il-ciclo-di-vita-delle-batterie-esauste\/#primaryimage\",\"url\":\"https:\/\/emob-italia.it\/wp-content\/uploads\/2023\/10\/e9ccc0da-06f9-4e8e-89a6-bced748e0328.jpg\",\"contentUrl\":\"https:\/\/emob-italia.it\/wp-content\/uploads\/2023\/10\/e9ccc0da-06f9-4e8e-89a6-bced748e0328.jpg\",\"width\":2048,\"height\":1533,\"caption\":\"CONFERENZA EMOB\"},{\"@type\":\"BreadcrumbList\",\"@id\":\"https:\/\/emob-italia.it\/2023\/10\/05\/regione-lombardia-e-il-ciclo-di-vita-delle-batterie-esauste\/#breadcrumb\",\"itemListElement\":[{\"@type\":\"ListItem\",\"position\":1,\"name\":\"Home\",\"item\":\"https:\/\/emob-italia.it\/en\/\"},{\"@type\":\"ListItem\",\"position\":2,\"name\":\"Regione Lombardia e il ciclo di vita delle batterie esauste\"}]},{\"@type\":\"WebSite\",\"@id\":\"https:\/\/emob-italia.it\/#website\",\"url\":\"https:\/\/emob-italia.it\/\",\"name\":\"e_mob\",\"description\":\"Mobilit\u00e0 Elettrica\",\"publisher\":{\"@id\":\"https:\/\/emob-italia.it\/#organization\"},\"potentialAction\":[{\"@type\":\"SearchAction\",\"target\":{\"@type\":\"EntryPoint\",\"urlTemplate\":\"https:\/\/emob-italia.it\/?s={search_term_string}\"},\"query-input\":\"required name=search_term_string\"}],\"inLanguage\":\"en-US\"},{\"@type\":\"Organization\",\"@id\":\"https:\/\/emob-italia.it\/#organization\",\"name\":\"Class Onlus\",\"url\":\"https:\/\/emob-italia.it\/\",\"logo\":{\"@type\":\"ImageObject\",\"inLanguage\":\"en-US\",\"@id\":\"https:\/\/emob-italia.it\/#\/schema\/logo\/image\/\",\"url\":\"https:\/\/emob-italia.it\/wp-content\/uploads\/2019\/03\/0_CLASS-ONLUS-logo-web.png\",\"contentUrl\":\"https:\/\/emob-italia.it\/wp-content\/uploads\/2019\/03\/0_CLASS-ONLUS-logo-web.png\",\"width\":598,\"height\":202,\"caption\":\"Class Onlus\"},\"image\":{\"@id\":\"https:\/\/emob-italia.it\/#\/schema\/logo\/image\/\"},\"sameAs\":[\"https:\/\/www.facebook.com\/emobitalia\/\",\"https:\/\/www.instagram.com\/e_mob_italia\/\",\"https:\/\/www.linkedin.com\/groups\/12186185\/\",\"https:\/\/www.youtube.com\/channel\/UCvnTcrhggAX_AkFwGxRfqFw\/featured?view_as=subscriber\"]},{\"@type\":\"Person\",\"@id\":\"https:\/\/emob-italia.it\/#\/schema\/person\/59871c976b1a5e842e3d0b98901e4f6d\",\"name\":\"Redazione\",\"image\":{\"@type\":\"ImageObject\",\"inLanguage\":\"en-US\",\"@id\":\"https:\/\/emob-italia.it\/#\/schema\/person\/image\/\",\"url\":\"https:\/\/secure.gravatar.com\/avatar\/5389093e19decc01f17a4f367aa6ce45?s=96&r=g\",\"contentUrl\":\"https:\/\/secure.gravatar.com\/avatar\/5389093e19decc01f17a4f367aa6ce45?s=96&r=g\",\"caption\":\"Redazione\"},\"url\":\"https:\/\/emob-italia.it\/en\/author\/redazione\/\"}]}<\/script>\n<!-- \/ Yoast SEO plugin. -->","yoast_head_json":{"title":"Regione Lombardia e il ciclo di vita delle batterie esauste","description":"Economia, ecologia e circolarit\u00e0 al centro dell'incontro pubblico tenutosi il 4 ottobre in Regione Lombardia.","robots":{"index":"index","follow":"follow","max-snippet":"max-snippet:-1","max-image-preview":"max-image-preview:large","max-video-preview":"max-video-preview:-1"},"canonical":"https:\/\/emob-italia.it\/2023\/10\/05\/regione-lombardia-e-il-ciclo-di-vita-delle-batterie-esauste\/","og_locale":"en_US","og_type":"article","og_title":"Regione Lombardia e il ciclo di vita delle batterie esauste","og_description":"Economia, ecologia e circolarit\u00e0 al centro dell'incontro pubblico tenutosi il 4 ottobre in Regione Lombardia.","og_url":"https:\/\/emob-italia.it\/2023\/10\/05\/regione-lombardia-e-il-ciclo-di-vita-delle-batterie-esauste\/","og_site_name":"e_mob","article_publisher":"https:\/\/www.facebook.com\/emobitalia\/","article_published_time":"2023-10-05T09:34:13+00:00","article_modified_time":"2024-03-03T19:44:22+00:00","og_image":[{"width":2048,"height":1533,"url":"https:\/\/emob-italia.it\/wp-content\/uploads\/2023\/10\/e9ccc0da-06f9-4e8e-89a6-bced748e0328.jpg","type":"image\/jpeg"}],"author":"Redazione","twitter_misc":{"Written by":"Redazione","Est. reading time":"3 minutes"},"schema":{"@context":"https:\/\/schema.org","@graph":[{"@type":"Article","@id":"https:\/\/emob-italia.it\/2023\/10\/05\/regione-lombardia-e-il-ciclo-di-vita-delle-batterie-esauste\/#article","isPartOf":{"@id":"https:\/\/emob-italia.it\/2023\/10\/05\/regione-lombardia-e-il-ciclo-di-vita-delle-batterie-esauste\/"},"author":{"name":"Redazione","@id":"https:\/\/emob-italia.it\/#\/schema\/person\/59871c976b1a5e842e3d0b98901e4f6d"},"headline":"Regione Lombardia e il ciclo di vita delle batterie esauste","datePublished":"2023-10-05T09:34:13+00:00","dateModified":"2024-03-03T19:44:22+00:00","mainEntityOfPage":{"@id":"https:\/\/emob-italia.it\/2023\/10\/05\/regione-lombardia-e-il-ciclo-di-vita-delle-batterie-esauste\/"},"wordCount":490,"commentCount":0,"publisher":{"@id":"https:\/\/emob-italia.it\/#organization"},"image":{"@id":"https:\/\/emob-italia.it\/2023\/10\/05\/regione-lombardia-e-il-ciclo-di-vita-delle-batterie-esauste\/#primaryimage"},"thumbnailUrl":"https:\/\/emob-italia.it\/wp-content\/uploads\/2023\/10\/e9ccc0da-06f9-4e8e-89a6-bced748e0328.jpg","keywords":["Auto Elettriche","emob","mobilit\u00e0 elettrica","Mobilit\u00e0 Sostenibile","Regione Lombardia"],"articleSection":["Notizie","Notizie Newsletter","Ottobre 2023"],"inLanguage":"en-US","potentialAction":[{"@type":"CommentAction","name":"Comment","target":["https:\/\/emob-italia.it\/2023\/10\/05\/regione-lombardia-e-il-ciclo-di-vita-delle-batterie-esauste\/#respond"]}]},{"@type":"WebPage","@id":"https:\/\/emob-italia.it\/2023\/10\/05\/regione-lombardia-e-il-ciclo-di-vita-delle-batterie-esauste\/","url":"https:\/\/emob-italia.it\/2023\/10\/05\/regione-lombardia-e-il-ciclo-di-vita-delle-batterie-esauste\/","name":"Regione Lombardia e il ciclo di vita delle batterie esauste","isPartOf":{"@id":"https:\/\/emob-italia.it\/#website"},"primaryImageOfPage":{"@id":"https:\/\/emob-italia.it\/2023\/10\/05\/regione-lombardia-e-il-ciclo-di-vita-delle-batterie-esauste\/#primaryimage"},"image":{"@id":"https:\/\/emob-italia.it\/2023\/10\/05\/regione-lombardia-e-il-ciclo-di-vita-delle-batterie-esauste\/#primaryimage"},"thumbnailUrl":"https:\/\/emob-italia.it\/wp-content\/uploads\/2023\/10\/e9ccc0da-06f9-4e8e-89a6-bced748e0328.jpg","datePublished":"2023-10-05T09:34:13+00:00","dateModified":"2024-03-03T19:44:22+00:00","description":"Economia, ecologia e circolarit\u00e0 al centro dell'incontro pubblico tenutosi il 4 ottobre in Regione Lombardia.","breadcrumb":{"@id":"https:\/\/emob-italia.it\/2023\/10\/05\/regione-lombardia-e-il-ciclo-di-vita-delle-batterie-esauste\/#breadcrumb"},"inLanguage":"en-US","potentialAction":[{"@type":"ReadAction","target":["https:\/\/emob-italia.it\/2023\/10\/05\/regione-lombardia-e-il-ciclo-di-vita-delle-batterie-esauste\/"]}]},{"@type":"ImageObject","inLanguage":"en-US","@id":"https:\/\/emob-italia.it\/2023\/10\/05\/regione-lombardia-e-il-ciclo-di-vita-delle-batterie-esauste\/#primaryimage","url":"https:\/\/emob-italia.it\/wp-content\/uploads\/2023\/10\/e9ccc0da-06f9-4e8e-89a6-bced748e0328.jpg","contentUrl":"https:\/\/emob-italia.it\/wp-content\/uploads\/2023\/10\/e9ccc0da-06f9-4e8e-89a6-bced748e0328.jpg","width":2048,"height":1533,"caption":"CONFERENZA EMOB"},{"@type":"BreadcrumbList","@id":"https:\/\/emob-italia.it\/2023\/10\/05\/regione-lombardia-e-il-ciclo-di-vita-delle-batterie-esauste\/#breadcrumb","itemListElement":[{"@type":"ListItem","position":1,"name":"Home","item":"https:\/\/emob-italia.it\/en\/"},{"@type":"ListItem","position":2,"name":"Regione Lombardia e il ciclo di vita delle batterie esauste"}]},{"@type":"WebSite","@id":"https:\/\/emob-italia.it\/#website","url":"https:\/\/emob-italia.it\/","name":"e_mob","description":"Mobilit\u00e0 Elettrica","publisher":{"@id":"https:\/\/emob-italia.it\/#organization"},"potentialAction":[{"@type":"SearchAction","target":{"@type":"EntryPoint","urlTemplate":"https:\/\/emob-italia.it\/?s={search_term_string}"},"query-input":"required name=search_term_string"}],"inLanguage":"en-US"},{"@type":"Organization","@id":"https:\/\/emob-italia.it\/#organization","name":"Class Onlus","url":"https:\/\/emob-italia.it\/","logo":{"@type":"ImageObject","inLanguage":"en-US","@id":"https:\/\/emob-italia.it\/#\/schema\/logo\/image\/","url":"https:\/\/emob-italia.it\/wp-content\/uploads\/2019\/03\/0_CLASS-ONLUS-logo-web.png","contentUrl":"https:\/\/emob-italia.it\/wp-content\/uploads\/2019\/03\/0_CLASS-ONLUS-logo-web.png","width":598,"height":202,"caption":"Class Onlus"},"image":{"@id":"https:\/\/emob-italia.it\/#\/schema\/logo\/image\/"},"sameAs":["https:\/\/www.facebook.com\/emobitalia\/","https:\/\/www.instagram.com\/e_mob_italia\/","https:\/\/www.linkedin.com\/groups\/12186185\/","https:\/\/www.youtube.com\/channel\/UCvnTcrhggAX_AkFwGxRfqFw\/featured?view_as=subscriber"]},{"@type":"Person","@id":"https:\/\/emob-italia.it\/#\/schema\/person\/59871c976b1a5e842e3d0b98901e4f6d","name":"Redazione","image":{"@type":"ImageObject","inLanguage":"en-US","@id":"https:\/\/emob-italia.it\/#\/schema\/person\/image\/","url":"https:\/\/secure.gravatar.com\/avatar\/5389093e19decc01f17a4f367aa6ce45?s=96&r=g","contentUrl":"https:\/\/secure.gravatar.com\/avatar\/5389093e19decc01f17a4f367aa6ce45?s=96&r=g","caption":"Redazione"},"url":"https:\/\/emob-italia.it\/en\/author\/redazione\/"}]}},"_links":{"self":[{"href":"https:\/\/emob-italia.it\/en\/wp-json\/wp\/v2\/posts\/62814"}],"collection":[{"href":"https:\/\/emob-italia.it\/en\/wp-json\/wp\/v2\/posts"}],"about":[{"href":"https:\/\/emob-italia.it\/en\/wp-json\/wp\/v2\/types\/post"}],"author":[{"embeddable":true,"href":"https:\/\/emob-italia.it\/en\/wp-json\/wp\/v2\/users\/19"}],"replies":[{"embeddable":true,"href":"https:\/\/emob-italia.it\/en\/wp-json\/wp\/v2\/comments?post=62814"}],"version-history":[{"count":2,"href":"https:\/\/emob-italia.it\/en\/wp-json\/wp\/v2\/posts\/62814\/revisions"}],"predecessor-version":[{"id":63850,"href":"https:\/\/emob-italia.it\/en\/wp-json\/wp\/v2\/posts\/62814\/revisions\/63850"}],"wp:featuredmedia":[{"embeddable":true,"href":"https:\/\/emob-italia.it\/en\/wp-json\/wp\/v2\/media\/62815"}],"wp:attachment":[{"href":"https:\/\/emob-italia.it\/en\/wp-json\/wp\/v2\/media?parent=62814"}],"wp:term":[{"taxonomy":"category","embeddable":true,"href":"https:\/\/emob-italia.it\/en\/wp-json\/wp\/v2\/categories?post=62814"},{"taxonomy":"post_tag","embeddable":true,"href":"https:\/\/emob-italia.it\/en\/wp-json\/wp\/v2\/tags?post=62814"}],"curies":[{"name":"wp","href":"https:\/\/api.w.org\/{rel}","templated":true}]}}