{"id":62786,"date":"2023-10-04T17:35:35","date_gmt":"2023-10-04T15:35:35","guid":{"rendered":"https:\/\/emob-italia.it\/?p=62786"},"modified":"2023-10-04T17:35:36","modified_gmt":"2023-10-04T15:35:36","slug":"amsa-terzo-anno-allemobility-festival","status":"publish","type":"post","link":"https:\/\/emob-italia.it\/en\/2023\/10\/04\/amsa-terzo-anno-allemobility-festival\/","title":{"rendered":"AMSA, terzo anno all&#8217;emobility festival"},"content":{"rendered":"\n<p>L\u2019ultimo automezzo elettrico che in questi giorni vedremo girare a Milano \u00e8 il piu\u2019 piccolo della flotta composta da 16&nbsp; mezzi.<\/p>\n\n\n\n<p>Si tratta di un automezzo 100% elettrico, con autonomia di 314 km e&nbsp;portata massima di 537 kg.<\/p>\n\n\n\n<p>La politica aziendale \u00e8 protesa ad incrementare &nbsp;la &nbsp;flotta, per consentire di effettuare in un\u2019unica soluzione il trasporto in aree urbane di carichi sempre pi\u00f9 significativi e ingombranti, riducendo, in tal modo, la necessit\u00e0 di utilizzare un alto numero di mezzi pi\u00f9 piccoli e contribuendo cos\u00ec a decongestionare il traffico. In questo modo AMSA pu\u00f2 operare servizi senza alcuna limitazione in ogni parte del centro urbano, contribuendo a promuovere concretamente l\u2019eco-sostenibilit\u00e0 ambientale e la sicurezza, concetti da sempre integranti nella sua politica aziendale.<\/p>\n\n\n\n<p>Amsa, che si prende cura della pulizia e del decoro della citt\u00e0 di Milano ogni giorno, ha infatti gi\u00e0 finalizzato la completa elettrificazione del segmento leggero del parco automezzi e si sta impegnando per rendere la sua flotta sempre pi\u00f9 sostenibile. Per questo nelle sue sedi ha installato 206 punti di ricarica elettrica e sta testando mezzi a emissioni zero, full-electric, per la raccolta dei rifiuti e lo spazzamento della citt\u00e0: cinque di questi mezzi 100% green saranno esposti durante e_mob. A presidio dello stand sar\u00e0 presente personale della Societ\u00e0 per fornire ai cittadini informazioni sui mezzi e sui servizi Amsa.<\/p>\n\n\n\n<p><a href=\"http:\/\/www.amsa.it\">www.amsa.it<\/a>&nbsp;<\/p>\n","protected":false},"excerpt":{"rendered":"<p>Nelle sedi AMSA 206 punti di ricarica per testare mezzi a emissioni zero, full-electric, per la raccolta dei rifiuti e la pulizia della citt\u00e0.<\/p>\n","protected":false},"author":19,"featured_media":0,"comment_status":"open","ping_status":"open","sticky":false,"template":"","format":"standard","meta":{"_et_pb_use_builder":"off","_et_pb_old_content":"","_et_gb_content_width":"","_exactmetrics_skip_tracking":false,"_exactmetrics_sitenote_active":false,"_exactmetrics_sitenote_note":"","_exactmetrics_sitenote_category":0,"footnotes":""},"categories":[26,114,754],"tags":[756,8,165,10,11],"yoast_head":"<!-- This site is optimized with the Yoast SEO plugin v22.9 - https:\/\/yoast.com\/wordpress\/plugins\/seo\/ -->\n<title>AMSA, terzo anno all&#039;emobility festival<\/title>\n<meta name=\"description\" content=\"Nelle sedi AMSA 206 punti di ricarica per testare mezzi a emissioni zero, full-electric, per la raccolta dei rifiuti e la pulizia della citt\u00e0.\" \/>\n<meta name=\"robots\" content=\"index, follow, max-snippet:-1, max-image-preview:large, max-video-preview:-1\" \/>\n<link rel=\"canonical\" href=\"https:\/\/emob-italia.it\/2023\/10\/04\/amsa-terzo-anno-allemobility-festival\/\" \/>\n<meta property=\"og:locale\" content=\"en_US\" \/>\n<meta property=\"og:type\" content=\"article\" \/>\n<meta property=\"og:title\" content=\"AMSA, terzo anno all&#039;emobility festival\" \/>\n<meta property=\"og:description\" content=\"Nelle sedi AMSA 206 punti di ricarica per testare mezzi a emissioni zero, full-electric, per la raccolta dei rifiuti e la pulizia della citt\u00e0.\" \/>\n<meta property=\"og:url\" content=\"https:\/\/emob-italia.it\/2023\/10\/04\/amsa-terzo-anno-allemobility-festival\/\" \/>\n<meta property=\"og:site_name\" content=\"e_mob\" \/>\n<meta property=\"article:publisher\" content=\"https:\/\/www.facebook.com\/emobitalia\/\" \/>\n<meta property=\"article:published_time\" content=\"2023-10-04T15:35:35+00:00\" \/>\n<meta property=\"article:modified_time\" content=\"2023-10-04T15:35:36+00:00\" \/>\n<meta property=\"og:image\" content=\"https:\/\/emob-italia.it\/wp-content\/uploads\/2023\/10\/Schermata-2023-10-04-alle-17.34.02.png\" \/>\n\t<meta property=\"og:image:width\" content=\"720\" \/>\n\t<meta property=\"og:image:height\" content=\"414\" \/>\n\t<meta property=\"og:image:type\" content=\"image\/png\" \/>\n<meta name=\"author\" content=\"Redazione\" \/>\n<meta name=\"twitter:label1\" content=\"Written by\" \/>\n\t<meta name=\"twitter:data1\" content=\"Redazione\" \/>\n\t<meta name=\"twitter:label2\" content=\"Est. reading time\" \/>\n\t<meta name=\"twitter:data2\" content=\"2 minutes\" \/>\n<script type=\"application\/ld+json\" class=\"yoast-schema-graph\">{\"@context\":\"https:\/\/schema.org\",\"@graph\":[{\"@type\":\"Article\",\"@id\":\"https:\/\/emob-italia.it\/2023\/10\/04\/amsa-terzo-anno-allemobility-festival\/#article\",\"isPartOf\":{\"@id\":\"https:\/\/emob-italia.it\/2023\/10\/04\/amsa-terzo-anno-allemobility-festival\/\"},\"author\":{\"name\":\"Redazione\",\"@id\":\"https:\/\/emob-italia.it\/#\/schema\/person\/59871c976b1a5e842e3d0b98901e4f6d\"},\"headline\":\"AMSA, terzo anno all&#8217;emobility festival\",\"datePublished\":\"2023-10-04T15:35:35+00:00\",\"dateModified\":\"2023-10-04T15:35:36+00:00\",\"mainEntityOfPage\":{\"@id\":\"https:\/\/emob-italia.it\/2023\/10\/04\/amsa-terzo-anno-allemobility-festival\/\"},\"wordCount\":233,\"commentCount\":0,\"publisher\":{\"@id\":\"https:\/\/emob-italia.it\/#organization\"},\"keywords\":[\"amsa\",\"Auto Elettriche\",\"emob\",\"mobilit\u00e0 elettrica\",\"Mobilit\u00e0 Sostenibile\"],\"articleSection\":[\"Notizie\",\"Notizie Newsletter\",\"Ottobre 2023\"],\"inLanguage\":\"en-US\",\"potentialAction\":[{\"@type\":\"CommentAction\",\"name\":\"Comment\",\"target\":[\"https:\/\/emob-italia.it\/2023\/10\/04\/amsa-terzo-anno-allemobility-festival\/#respond\"]}]},{\"@type\":\"WebPage\",\"@id\":\"https:\/\/emob-italia.it\/2023\/10\/04\/amsa-terzo-anno-allemobility-festival\/\",\"url\":\"https:\/\/emob-italia.it\/2023\/10\/04\/amsa-terzo-anno-allemobility-festival\/\",\"name\":\"AMSA, terzo anno all'emobility festival\",\"isPartOf\":{\"@id\":\"https:\/\/emob-italia.it\/#website\"},\"datePublished\":\"2023-10-04T15:35:35+00:00\",\"dateModified\":\"2023-10-04T15:35:36+00:00\",\"description\":\"Nelle sedi AMSA 206 punti di ricarica per testare mezzi a emissioni zero, full-electric, per la raccolta dei rifiuti e la pulizia della citt\u00e0.\",\"breadcrumb\":{\"@id\":\"https:\/\/emob-italia.it\/2023\/10\/04\/amsa-terzo-anno-allemobility-festival\/#breadcrumb\"},\"inLanguage\":\"en-US\",\"potentialAction\":[{\"@type\":\"ReadAction\",\"target\":[\"https:\/\/emob-italia.it\/2023\/10\/04\/amsa-terzo-anno-allemobility-festival\/\"]}]},{\"@type\":\"BreadcrumbList\",\"@id\":\"https:\/\/emob-italia.it\/2023\/10\/04\/amsa-terzo-anno-allemobility-festival\/#breadcrumb\",\"itemListElement\":[{\"@type\":\"ListItem\",\"position\":1,\"name\":\"Home\",\"item\":\"https:\/\/emob-italia.it\/en\/\"},{\"@type\":\"ListItem\",\"position\":2,\"name\":\"AMSA, terzo anno all&#8217;emobility festival\"}]},{\"@type\":\"WebSite\",\"@id\":\"https:\/\/emob-italia.it\/#website\",\"url\":\"https:\/\/emob-italia.it\/\",\"name\":\"e_mob\",\"description\":\"Mobilit\u00e0 Elettrica\",\"publisher\":{\"@id\":\"https:\/\/emob-italia.it\/#organization\"},\"potentialAction\":[{\"@type\":\"SearchAction\",\"target\":{\"@type\":\"EntryPoint\",\"urlTemplate\":\"https:\/\/emob-italia.it\/?s={search_term_string}\"},\"query-input\":\"required name=search_term_string\"}],\"inLanguage\":\"en-US\"},{\"@type\":\"Organization\",\"@id\":\"https:\/\/emob-italia.it\/#organization\",\"name\":\"Class Onlus\",\"url\":\"https:\/\/emob-italia.it\/\",\"logo\":{\"@type\":\"ImageObject\",\"inLanguage\":\"en-US\",\"@id\":\"https:\/\/emob-italia.it\/#\/schema\/logo\/image\/\",\"url\":\"https:\/\/emob-italia.it\/wp-content\/uploads\/2019\/03\/0_CLASS-ONLUS-logo-web.png\",\"contentUrl\":\"https:\/\/emob-italia.it\/wp-content\/uploads\/2019\/03\/0_CLASS-ONLUS-logo-web.png\",\"width\":598,\"height\":202,\"caption\":\"Class Onlus\"},\"image\":{\"@id\":\"https:\/\/emob-italia.it\/#\/schema\/logo\/image\/\"},\"sameAs\":[\"https:\/\/www.facebook.com\/emobitalia\/\",\"https:\/\/www.instagram.com\/e_mob_italia\/\",\"https:\/\/www.linkedin.com\/groups\/12186185\/\",\"https:\/\/www.youtube.com\/channel\/UCvnTcrhggAX_AkFwGxRfqFw\/featured?view_as=subscriber\"]},{\"@type\":\"Person\",\"@id\":\"https:\/\/emob-italia.it\/#\/schema\/person\/59871c976b1a5e842e3d0b98901e4f6d\",\"name\":\"Redazione\",\"image\":{\"@type\":\"ImageObject\",\"inLanguage\":\"en-US\",\"@id\":\"https:\/\/emob-italia.it\/#\/schema\/person\/image\/\",\"url\":\"https:\/\/secure.gravatar.com\/avatar\/5389093e19decc01f17a4f367aa6ce45?s=96&r=g\",\"contentUrl\":\"https:\/\/secure.gravatar.com\/avatar\/5389093e19decc01f17a4f367aa6ce45?s=96&r=g\",\"caption\":\"Redazione\"},\"url\":\"https:\/\/emob-italia.it\/en\/author\/redazione\/\"}]}<\/script>\n<!-- \/ Yoast SEO plugin. -->","yoast_head_json":{"title":"AMSA, terzo anno all'emobility festival","description":"Nelle sedi AMSA 206 punti di ricarica per testare mezzi a emissioni zero, full-electric, per la raccolta dei rifiuti e la pulizia della citt\u00e0.","robots":{"index":"index","follow":"follow","max-snippet":"max-snippet:-1","max-image-preview":"max-image-preview:large","max-video-preview":"max-video-preview:-1"},"canonical":"https:\/\/emob-italia.it\/2023\/10\/04\/amsa-terzo-anno-allemobility-festival\/","og_locale":"en_US","og_type":"article","og_title":"AMSA, terzo anno all'emobility festival","og_description":"Nelle sedi AMSA 206 punti di ricarica per testare mezzi a emissioni zero, full-electric, per la raccolta dei rifiuti e la pulizia della citt\u00e0.","og_url":"https:\/\/emob-italia.it\/2023\/10\/04\/amsa-terzo-anno-allemobility-festival\/","og_site_name":"e_mob","article_publisher":"https:\/\/www.facebook.com\/emobitalia\/","article_published_time":"2023-10-04T15:35:35+00:00","article_modified_time":"2023-10-04T15:35:36+00:00","og_image":[{"width":720,"height":414,"url":"https:\/\/emob-italia.it\/wp-content\/uploads\/2023\/10\/Schermata-2023-10-04-alle-17.34.02.png","type":"image\/png"}],"author":"Redazione","twitter_misc":{"Written by":"Redazione","Est. reading time":"2 minutes"},"schema":{"@context":"https:\/\/schema.org","@graph":[{"@type":"Article","@id":"https:\/\/emob-italia.it\/2023\/10\/04\/amsa-terzo-anno-allemobility-festival\/#article","isPartOf":{"@id":"https:\/\/emob-italia.it\/2023\/10\/04\/amsa-terzo-anno-allemobility-festival\/"},"author":{"name":"Redazione","@id":"https:\/\/emob-italia.it\/#\/schema\/person\/59871c976b1a5e842e3d0b98901e4f6d"},"headline":"AMSA, terzo anno all&#8217;emobility festival","datePublished":"2023-10-04T15:35:35+00:00","dateModified":"2023-10-04T15:35:36+00:00","mainEntityOfPage":{"@id":"https:\/\/emob-italia.it\/2023\/10\/04\/amsa-terzo-anno-allemobility-festival\/"},"wordCount":233,"commentCount":0,"publisher":{"@id":"https:\/\/emob-italia.it\/#organization"},"keywords":["amsa","Auto Elettriche","emob","mobilit\u00e0 elettrica","Mobilit\u00e0 Sostenibile"],"articleSection":["Notizie","Notizie Newsletter","Ottobre 2023"],"inLanguage":"en-US","potentialAction":[{"@type":"CommentAction","name":"Comment","target":["https:\/\/emob-italia.it\/2023\/10\/04\/amsa-terzo-anno-allemobility-festival\/#respond"]}]},{"@type":"WebPage","@id":"https:\/\/emob-italia.it\/2023\/10\/04\/amsa-terzo-anno-allemobility-festival\/","url":"https:\/\/emob-italia.it\/2023\/10\/04\/amsa-terzo-anno-allemobility-festival\/","name":"AMSA, terzo anno all'emobility festival","isPartOf":{"@id":"https:\/\/emob-italia.it\/#website"},"datePublished":"2023-10-04T15:35:35+00:00","dateModified":"2023-10-04T15:35:36+00:00","description":"Nelle sedi AMSA 206 punti di ricarica per testare mezzi a emissioni zero, full-electric, per la raccolta dei rifiuti e la pulizia della citt\u00e0.","breadcrumb":{"@id":"https:\/\/emob-italia.it\/2023\/10\/04\/amsa-terzo-anno-allemobility-festival\/#breadcrumb"},"inLanguage":"en-US","potentialAction":[{"@type":"ReadAction","target":["https:\/\/emob-italia.it\/2023\/10\/04\/amsa-terzo-anno-allemobility-festival\/"]}]},{"@type":"BreadcrumbList","@id":"https:\/\/emob-italia.it\/2023\/10\/04\/amsa-terzo-anno-allemobility-festival\/#breadcrumb","itemListElement":[{"@type":"ListItem","position":1,"name":"Home","item":"https:\/\/emob-italia.it\/en\/"},{"@type":"ListItem","position":2,"name":"AMSA, terzo anno all&#8217;emobility festival"}]},{"@type":"WebSite","@id":"https:\/\/emob-italia.it\/#website","url":"https:\/\/emob-italia.it\/","name":"e_mob","description":"Mobilit\u00e0 Elettrica","publisher":{"@id":"https:\/\/emob-italia.it\/#organization"},"potentialAction":[{"@type":"SearchAction","target":{"@type":"EntryPoint","urlTemplate":"https:\/\/emob-italia.it\/?s={search_term_string}"},"query-input":"required name=search_term_string"}],"inLanguage":"en-US"},{"@type":"Organization","@id":"https:\/\/emob-italia.it\/#organization","name":"Class Onlus","url":"https:\/\/emob-italia.it\/","logo":{"@type":"ImageObject","inLanguage":"en-US","@id":"https:\/\/emob-italia.it\/#\/schema\/logo\/image\/","url":"https:\/\/emob-italia.it\/wp-content\/uploads\/2019\/03\/0_CLASS-ONLUS-logo-web.png","contentUrl":"https:\/\/emob-italia.it\/wp-content\/uploads\/2019\/03\/0_CLASS-ONLUS-logo-web.png","width":598,"height":202,"caption":"Class Onlus"},"image":{"@id":"https:\/\/emob-italia.it\/#\/schema\/logo\/image\/"},"sameAs":["https:\/\/www.facebook.com\/emobitalia\/","https:\/\/www.instagram.com\/e_mob_italia\/","https:\/\/www.linkedin.com\/groups\/12186185\/","https:\/\/www.youtube.com\/channel\/UCvnTcrhggAX_AkFwGxRfqFw\/featured?view_as=subscriber"]},{"@type":"Person","@id":"https:\/\/emob-italia.it\/#\/schema\/person\/59871c976b1a5e842e3d0b98901e4f6d","name":"Redazione","image":{"@type":"ImageObject","inLanguage":"en-US","@id":"https:\/\/emob-italia.it\/#\/schema\/person\/image\/","url":"https:\/\/secure.gravatar.com\/avatar\/5389093e19decc01f17a4f367aa6ce45?s=96&r=g","contentUrl":"https:\/\/secure.gravatar.com\/avatar\/5389093e19decc01f17a4f367aa6ce45?s=96&r=g","caption":"Redazione"},"url":"https:\/\/emob-italia.it\/en\/author\/redazione\/"}]}},"_links":{"self":[{"href":"https:\/\/emob-italia.it\/en\/wp-json\/wp\/v2\/posts\/62786"}],"collection":[{"href":"https:\/\/emob-italia.it\/en\/wp-json\/wp\/v2\/posts"}],"about":[{"href":"https:\/\/emob-italia.it\/en\/wp-json\/wp\/v2\/types\/post"}],"author":[{"embeddable":true,"href":"https:\/\/emob-italia.it\/en\/wp-json\/wp\/v2\/users\/19"}],"replies":[{"embeddable":true,"href":"https:\/\/emob-italia.it\/en\/wp-json\/wp\/v2\/comments?post=62786"}],"version-history":[{"count":2,"href":"https:\/\/emob-italia.it\/en\/wp-json\/wp\/v2\/posts\/62786\/revisions"}],"predecessor-version":[{"id":62795,"href":"https:\/\/emob-italia.it\/en\/wp-json\/wp\/v2\/posts\/62786\/revisions\/62795"}],"wp:attachment":[{"href":"https:\/\/emob-italia.it\/en\/wp-json\/wp\/v2\/media?parent=62786"}],"wp:term":[{"taxonomy":"category","embeddable":true,"href":"https:\/\/emob-italia.it\/en\/wp-json\/wp\/v2\/categories?post=62786"},{"taxonomy":"post_tag","embeddable":true,"href":"https:\/\/emob-italia.it\/en\/wp-json\/wp\/v2\/tags?post=62786"}],"curies":[{"name":"wp","href":"https:\/\/api.w.org\/{rel}","templated":true}]}}