{"id":62357,"date":"2023-09-05T22:06:02","date_gmt":"2023-09-05T20:06:02","guid":{"rendered":"https:\/\/emob-italia.it\/?p=62357"},"modified":"2024-03-04T20:59:22","modified_gmt":"2024-03-04T19:59:22","slug":"acea-e-be-charge-diventano-interoperabili","status":"publish","type":"post","link":"https:\/\/emob-italia.it\/en\/2023\/09\/05\/acea-e-be-charge-diventano-interoperabili\/","title":{"rendered":"Acea e Be Charge diventano interoperabili"},"content":{"rendered":"\n<p>Con app e card dei due marchi si potr\u00e0 cos\u00ec accedere alle reti di ricarica di entrambi.<\/p>\n\n\n\n<p>Semplificare la vita degli automobilisti elettrici \u00e8 l\u2019obiettivo di tutti i gestori e la possibilit\u00e0 di accedere&nbsp;con un\u2019unica app o card&nbsp;al maggior numero possibile di colonnine \u00e8 un ottimo passo avanti. La principale utility romana, ACEA, \u00e8 presente nel business dei servizi di ricarica tramite&nbsp;Acea Innovation, Charge Point Operator ed \u00e8 anche proprietaria della piattaforma ICT denominata&nbsp;B.O.M.T.S. Non solo, attraverso la societ\u00e0&nbsp;Acea Energia&nbsp;(e-Mobility Service Provider), gestisce l\u2019offerta commerciale verso i clienti finali, mettendo loro a disposizione l\u2019App&nbsp;<em>ACEA e-mobility&nbsp;<\/em>per una gestione self care della ricarica. Be Charge a sua volta possiede un\u2019infrastruttura di oltre&nbsp;17.000 punti di ricarica, che sar\u00e0 ampliata sia in Italia, sia in Europa con l\u2019obiettivo di raggiungere quota 30.000 entro il 2026.<\/p>\n\n\n\n<p><strong>Simone Zuccotti<\/strong>,\u00a0Head of Business Development di Plenitude e Presidente di Be Charge, \u00a0spiega: \u201c<em>Con questo accordo siamo orgogliosi di poter offrire ai nostri clienti servizi innovativi di mobilit\u00e0 elettrica\u00a0nel 100% delle province\u00a0del territorio nazionale. Raggiungendo in modo capillare sia i grandi centri urbani sia\u00a0i piccoli borghi, in linea con la nostra strategia di crescita<\/em>\u201d. Gli fa eco\u00a0<strong>Valerio Marra<\/strong>,\u00a0Presidente di Acea Energia e di Acea Innovation: \u201c<em>L\u2019accordo di interoperabilit\u00e0 con Plenitude rafforza la strategia di ACEA Energia e ACEA Innovation che punta a favorire lo sviluppo della mobilit\u00e0 sostenibile. Fornendo a livello nazionale servizi altamente tecnologici con accessibilit\u00e0 sempre pi\u00f9 diffusa a cittadini e imprese. E contribuendo cos\u00ec alla transizione energetica del Paese<\/em>\u201d.<\/p>\n\n\n\n<p>Per approfondire www.bec.energy <\/p>\n","protected":false},"excerpt":{"rendered":"<p>Con app e card dei due marchi si potr\u00e0 cos\u00ec accedere alle reti di ricarica di entrambi.<\/p>\n","protected":false},"author":19,"featured_media":62358,"comment_status":"open","ping_status":"open","sticky":false,"template":"","format":"standard","meta":{"_et_pb_use_builder":"off","_et_pb_old_content":"","_et_gb_content_width":"","_exactmetrics_skip_tracking":false,"_exactmetrics_sitenote_active":false,"_exactmetrics_sitenote_note":"","_exactmetrics_sitenote_category":0,"footnotes":""},"categories":[26,114,736],"tags":[737,8,307,199,10,11,357],"yoast_head":"<!-- This site is optimized with the Yoast SEO plugin v22.9 - https:\/\/yoast.com\/wordpress\/plugins\/seo\/ -->\n<title>Acea e Be Charge diventano interoperabili &#8226; e_mob<\/title>\n<meta name=\"description\" content=\"e_mob \u00e8 il tavolo permanente degli stakeholder della mobilit\u00e0 elettrica in Italia. Organizza ogni anno a Milano la Conferenza Nazionale del settore, nel 2021 in programma dal 16 al 19 ottobre.\" \/>\n<meta name=\"robots\" content=\"index, follow, max-snippet:-1, max-image-preview:large, max-video-preview:-1\" \/>\n<link rel=\"canonical\" href=\"https:\/\/emob-italia.it\/2023\/09\/05\/acea-e-be-charge-diventano-interoperabili\/\" \/>\n<meta property=\"og:locale\" content=\"en_US\" \/>\n<meta property=\"og:type\" content=\"article\" \/>\n<meta property=\"og:title\" content=\"Acea e Be Charge diventano interoperabili &#8226; e_mob\" \/>\n<meta property=\"og:description\" content=\"e_mob \u00e8 il tavolo permanente degli stakeholder della mobilit\u00e0 elettrica in Italia. Organizza ogni anno a Milano la Conferenza Nazionale del settore, nel 2021 in programma dal 16 al 19 ottobre.\" \/>\n<meta property=\"og:url\" content=\"https:\/\/emob-italia.it\/2023\/09\/05\/acea-e-be-charge-diventano-interoperabili\/\" \/>\n<meta property=\"og:site_name\" content=\"e_mob\" \/>\n<meta property=\"article:publisher\" content=\"https:\/\/www.facebook.com\/emobitalia\/\" \/>\n<meta property=\"article:published_time\" content=\"2023-09-05T20:06:02+00:00\" \/>\n<meta property=\"article:modified_time\" content=\"2024-03-04T19:59:22+00:00\" \/>\n<meta property=\"og:image\" content=\"https:\/\/emob-italia.it\/wp-content\/uploads\/2023\/09\/john-cameron-18IQ8As9odc-unsplash-scaled-e1693944242563.jpg\" \/>\n\t<meta property=\"og:image:width\" content=\"1920\" \/>\n\t<meta property=\"og:image:height\" content=\"1824\" \/>\n\t<meta property=\"og:image:type\" content=\"image\/jpeg\" \/>\n<meta name=\"author\" content=\"Redazione\" \/>\n<meta name=\"twitter:label1\" content=\"Written by\" \/>\n\t<meta name=\"twitter:data1\" content=\"Redazione\" \/>\n\t<meta name=\"twitter:label2\" content=\"Est. reading time\" \/>\n\t<meta name=\"twitter:data2\" content=\"2 minutes\" \/>\n<script type=\"application\/ld+json\" class=\"yoast-schema-graph\">{\"@context\":\"https:\/\/schema.org\",\"@graph\":[{\"@type\":\"Article\",\"@id\":\"https:\/\/emob-italia.it\/2023\/09\/05\/acea-e-be-charge-diventano-interoperabili\/#article\",\"isPartOf\":{\"@id\":\"https:\/\/emob-italia.it\/2023\/09\/05\/acea-e-be-charge-diventano-interoperabili\/\"},\"author\":{\"name\":\"Redazione\",\"@id\":\"https:\/\/emob-italia.it\/#\/schema\/person\/59871c976b1a5e842e3d0b98901e4f6d\"},\"headline\":\"Acea e Be Charge diventano interoperabili\",\"datePublished\":\"2023-09-05T20:06:02+00:00\",\"dateModified\":\"2024-03-04T19:59:22+00:00\",\"mainEntityOfPage\":{\"@id\":\"https:\/\/emob-italia.it\/2023\/09\/05\/acea-e-be-charge-diventano-interoperabili\/\"},\"wordCount\":281,\"commentCount\":0,\"publisher\":{\"@id\":\"https:\/\/emob-italia.it\/#organization\"},\"image\":{\"@id\":\"https:\/\/emob-italia.it\/2023\/09\/05\/acea-e-be-charge-diventano-interoperabili\/#primaryimage\"},\"thumbnailUrl\":\"https:\/\/emob-italia.it\/wp-content\/uploads\/2023\/09\/john-cameron-18IQ8As9odc-unsplash-scaled-e1693944242563.jpg\",\"keywords\":[\"acea\",\"Auto Elettriche\",\"Be Charge\",\"infrastrutture di ricarica\",\"mobilit\u00e0 elettrica\",\"Mobilit\u00e0 Sostenibile\",\"veicoli elettrici\"],\"articleSection\":[\"Notizie\",\"Notizie Newsletter\",\"Settembre 2023\"],\"inLanguage\":\"en-US\",\"potentialAction\":[{\"@type\":\"CommentAction\",\"name\":\"Comment\",\"target\":[\"https:\/\/emob-italia.it\/2023\/09\/05\/acea-e-be-charge-diventano-interoperabili\/#respond\"]}]},{\"@type\":\"WebPage\",\"@id\":\"https:\/\/emob-italia.it\/2023\/09\/05\/acea-e-be-charge-diventano-interoperabili\/\",\"url\":\"https:\/\/emob-italia.it\/2023\/09\/05\/acea-e-be-charge-diventano-interoperabili\/\",\"name\":\"Acea e Be Charge diventano interoperabili &#8226; e_mob\",\"isPartOf\":{\"@id\":\"https:\/\/emob-italia.it\/#website\"},\"primaryImageOfPage\":{\"@id\":\"https:\/\/emob-italia.it\/2023\/09\/05\/acea-e-be-charge-diventano-interoperabili\/#primaryimage\"},\"image\":{\"@id\":\"https:\/\/emob-italia.it\/2023\/09\/05\/acea-e-be-charge-diventano-interoperabili\/#primaryimage\"},\"thumbnailUrl\":\"https:\/\/emob-italia.it\/wp-content\/uploads\/2023\/09\/john-cameron-18IQ8As9odc-unsplash-scaled-e1693944242563.jpg\",\"datePublished\":\"2023-09-05T20:06:02+00:00\",\"dateModified\":\"2024-03-04T19:59:22+00:00\",\"description\":\"e_mob \u00e8 il tavolo permanente degli stakeholder della mobilit\u00e0 elettrica in Italia. Organizza ogni anno a Milano la Conferenza Nazionale del settore, nel 2021 in programma dal 16 al 19 ottobre.\",\"breadcrumb\":{\"@id\":\"https:\/\/emob-italia.it\/2023\/09\/05\/acea-e-be-charge-diventano-interoperabili\/#breadcrumb\"},\"inLanguage\":\"en-US\",\"potentialAction\":[{\"@type\":\"ReadAction\",\"target\":[\"https:\/\/emob-italia.it\/2023\/09\/05\/acea-e-be-charge-diventano-interoperabili\/\"]}]},{\"@type\":\"ImageObject\",\"inLanguage\":\"en-US\",\"@id\":\"https:\/\/emob-italia.it\/2023\/09\/05\/acea-e-be-charge-diventano-interoperabili\/#primaryimage\",\"url\":\"https:\/\/emob-italia.it\/wp-content\/uploads\/2023\/09\/john-cameron-18IQ8As9odc-unsplash-scaled-e1693944242563.jpg\",\"contentUrl\":\"https:\/\/emob-italia.it\/wp-content\/uploads\/2023\/09\/john-cameron-18IQ8As9odc-unsplash-scaled-e1693944242563.jpg\",\"width\":1920,\"height\":1824},{\"@type\":\"BreadcrumbList\",\"@id\":\"https:\/\/emob-italia.it\/2023\/09\/05\/acea-e-be-charge-diventano-interoperabili\/#breadcrumb\",\"itemListElement\":[{\"@type\":\"ListItem\",\"position\":1,\"name\":\"Home\",\"item\":\"https:\/\/emob-italia.it\/en\/\"},{\"@type\":\"ListItem\",\"position\":2,\"name\":\"Acea e Be Charge diventano interoperabili\"}]},{\"@type\":\"WebSite\",\"@id\":\"https:\/\/emob-italia.it\/#website\",\"url\":\"https:\/\/emob-italia.it\/\",\"name\":\"e_mob\",\"description\":\"Mobilit\u00e0 Elettrica\",\"publisher\":{\"@id\":\"https:\/\/emob-italia.it\/#organization\"},\"potentialAction\":[{\"@type\":\"SearchAction\",\"target\":{\"@type\":\"EntryPoint\",\"urlTemplate\":\"https:\/\/emob-italia.it\/?s={search_term_string}\"},\"query-input\":\"required name=search_term_string\"}],\"inLanguage\":\"en-US\"},{\"@type\":\"Organization\",\"@id\":\"https:\/\/emob-italia.it\/#organization\",\"name\":\"Class Onlus\",\"url\":\"https:\/\/emob-italia.it\/\",\"logo\":{\"@type\":\"ImageObject\",\"inLanguage\":\"en-US\",\"@id\":\"https:\/\/emob-italia.it\/#\/schema\/logo\/image\/\",\"url\":\"https:\/\/emob-italia.it\/wp-content\/uploads\/2019\/03\/0_CLASS-ONLUS-logo-web.png\",\"contentUrl\":\"https:\/\/emob-italia.it\/wp-content\/uploads\/2019\/03\/0_CLASS-ONLUS-logo-web.png\",\"width\":598,\"height\":202,\"caption\":\"Class Onlus\"},\"image\":{\"@id\":\"https:\/\/emob-italia.it\/#\/schema\/logo\/image\/\"},\"sameAs\":[\"https:\/\/www.facebook.com\/emobitalia\/\",\"https:\/\/www.instagram.com\/e_mob_italia\/\",\"https:\/\/www.linkedin.com\/groups\/12186185\/\",\"https:\/\/www.youtube.com\/channel\/UCvnTcrhggAX_AkFwGxRfqFw\/featured?view_as=subscriber\"]},{\"@type\":\"Person\",\"@id\":\"https:\/\/emob-italia.it\/#\/schema\/person\/59871c976b1a5e842e3d0b98901e4f6d\",\"name\":\"Redazione\",\"image\":{\"@type\":\"ImageObject\",\"inLanguage\":\"en-US\",\"@id\":\"https:\/\/emob-italia.it\/#\/schema\/person\/image\/\",\"url\":\"https:\/\/secure.gravatar.com\/avatar\/5389093e19decc01f17a4f367aa6ce45?s=96&r=g\",\"contentUrl\":\"https:\/\/secure.gravatar.com\/avatar\/5389093e19decc01f17a4f367aa6ce45?s=96&r=g\",\"caption\":\"Redazione\"},\"url\":\"https:\/\/emob-italia.it\/en\/author\/redazione\/\"}]}<\/script>\n<!-- \/ Yoast SEO plugin. -->","yoast_head_json":{"title":"Acea e Be Charge diventano interoperabili &#8226; e_mob","description":"e_mob \u00e8 il tavolo permanente degli stakeholder della mobilit\u00e0 elettrica in Italia. Organizza ogni anno a Milano la Conferenza Nazionale del settore, nel 2021 in programma dal 16 al 19 ottobre.","robots":{"index":"index","follow":"follow","max-snippet":"max-snippet:-1","max-image-preview":"max-image-preview:large","max-video-preview":"max-video-preview:-1"},"canonical":"https:\/\/emob-italia.it\/2023\/09\/05\/acea-e-be-charge-diventano-interoperabili\/","og_locale":"en_US","og_type":"article","og_title":"Acea e Be Charge diventano interoperabili &#8226; e_mob","og_description":"e_mob \u00e8 il tavolo permanente degli stakeholder della mobilit\u00e0 elettrica in Italia. Organizza ogni anno a Milano la Conferenza Nazionale del settore, nel 2021 in programma dal 16 al 19 ottobre.","og_url":"https:\/\/emob-italia.it\/2023\/09\/05\/acea-e-be-charge-diventano-interoperabili\/","og_site_name":"e_mob","article_publisher":"https:\/\/www.facebook.com\/emobitalia\/","article_published_time":"2023-09-05T20:06:02+00:00","article_modified_time":"2024-03-04T19:59:22+00:00","og_image":[{"width":1920,"height":1824,"url":"https:\/\/emob-italia.it\/wp-content\/uploads\/2023\/09\/john-cameron-18IQ8As9odc-unsplash-scaled-e1693944242563.jpg","type":"image\/jpeg"}],"author":"Redazione","twitter_misc":{"Written by":"Redazione","Est. reading time":"2 minutes"},"schema":{"@context":"https:\/\/schema.org","@graph":[{"@type":"Article","@id":"https:\/\/emob-italia.it\/2023\/09\/05\/acea-e-be-charge-diventano-interoperabili\/#article","isPartOf":{"@id":"https:\/\/emob-italia.it\/2023\/09\/05\/acea-e-be-charge-diventano-interoperabili\/"},"author":{"name":"Redazione","@id":"https:\/\/emob-italia.it\/#\/schema\/person\/59871c976b1a5e842e3d0b98901e4f6d"},"headline":"Acea e Be Charge diventano interoperabili","datePublished":"2023-09-05T20:06:02+00:00","dateModified":"2024-03-04T19:59:22+00:00","mainEntityOfPage":{"@id":"https:\/\/emob-italia.it\/2023\/09\/05\/acea-e-be-charge-diventano-interoperabili\/"},"wordCount":281,"commentCount":0,"publisher":{"@id":"https:\/\/emob-italia.it\/#organization"},"image":{"@id":"https:\/\/emob-italia.it\/2023\/09\/05\/acea-e-be-charge-diventano-interoperabili\/#primaryimage"},"thumbnailUrl":"https:\/\/emob-italia.it\/wp-content\/uploads\/2023\/09\/john-cameron-18IQ8As9odc-unsplash-scaled-e1693944242563.jpg","keywords":["acea","Auto Elettriche","Be Charge","infrastrutture di ricarica","mobilit\u00e0 elettrica","Mobilit\u00e0 Sostenibile","veicoli elettrici"],"articleSection":["Notizie","Notizie Newsletter","Settembre 2023"],"inLanguage":"en-US","potentialAction":[{"@type":"CommentAction","name":"Comment","target":["https:\/\/emob-italia.it\/2023\/09\/05\/acea-e-be-charge-diventano-interoperabili\/#respond"]}]},{"@type":"WebPage","@id":"https:\/\/emob-italia.it\/2023\/09\/05\/acea-e-be-charge-diventano-interoperabili\/","url":"https:\/\/emob-italia.it\/2023\/09\/05\/acea-e-be-charge-diventano-interoperabili\/","name":"Acea e Be Charge diventano interoperabili &#8226; e_mob","isPartOf":{"@id":"https:\/\/emob-italia.it\/#website"},"primaryImageOfPage":{"@id":"https:\/\/emob-italia.it\/2023\/09\/05\/acea-e-be-charge-diventano-interoperabili\/#primaryimage"},"image":{"@id":"https:\/\/emob-italia.it\/2023\/09\/05\/acea-e-be-charge-diventano-interoperabili\/#primaryimage"},"thumbnailUrl":"https:\/\/emob-italia.it\/wp-content\/uploads\/2023\/09\/john-cameron-18IQ8As9odc-unsplash-scaled-e1693944242563.jpg","datePublished":"2023-09-05T20:06:02+00:00","dateModified":"2024-03-04T19:59:22+00:00","description":"e_mob \u00e8 il tavolo permanente degli stakeholder della mobilit\u00e0 elettrica in Italia. Organizza ogni anno a Milano la Conferenza Nazionale del settore, nel 2021 in programma dal 16 al 19 ottobre.","breadcrumb":{"@id":"https:\/\/emob-italia.it\/2023\/09\/05\/acea-e-be-charge-diventano-interoperabili\/#breadcrumb"},"inLanguage":"en-US","potentialAction":[{"@type":"ReadAction","target":["https:\/\/emob-italia.it\/2023\/09\/05\/acea-e-be-charge-diventano-interoperabili\/"]}]},{"@type":"ImageObject","inLanguage":"en-US","@id":"https:\/\/emob-italia.it\/2023\/09\/05\/acea-e-be-charge-diventano-interoperabili\/#primaryimage","url":"https:\/\/emob-italia.it\/wp-content\/uploads\/2023\/09\/john-cameron-18IQ8As9odc-unsplash-scaled-e1693944242563.jpg","contentUrl":"https:\/\/emob-italia.it\/wp-content\/uploads\/2023\/09\/john-cameron-18IQ8As9odc-unsplash-scaled-e1693944242563.jpg","width":1920,"height":1824},{"@type":"BreadcrumbList","@id":"https:\/\/emob-italia.it\/2023\/09\/05\/acea-e-be-charge-diventano-interoperabili\/#breadcrumb","itemListElement":[{"@type":"ListItem","position":1,"name":"Home","item":"https:\/\/emob-italia.it\/en\/"},{"@type":"ListItem","position":2,"name":"Acea e Be Charge diventano interoperabili"}]},{"@type":"WebSite","@id":"https:\/\/emob-italia.it\/#website","url":"https:\/\/emob-italia.it\/","name":"e_mob","description":"Mobilit\u00e0 Elettrica","publisher":{"@id":"https:\/\/emob-italia.it\/#organization"},"potentialAction":[{"@type":"SearchAction","target":{"@type":"EntryPoint","urlTemplate":"https:\/\/emob-italia.it\/?s={search_term_string}"},"query-input":"required name=search_term_string"}],"inLanguage":"en-US"},{"@type":"Organization","@id":"https:\/\/emob-italia.it\/#organization","name":"Class Onlus","url":"https:\/\/emob-italia.it\/","logo":{"@type":"ImageObject","inLanguage":"en-US","@id":"https:\/\/emob-italia.it\/#\/schema\/logo\/image\/","url":"https:\/\/emob-italia.it\/wp-content\/uploads\/2019\/03\/0_CLASS-ONLUS-logo-web.png","contentUrl":"https:\/\/emob-italia.it\/wp-content\/uploads\/2019\/03\/0_CLASS-ONLUS-logo-web.png","width":598,"height":202,"caption":"Class Onlus"},"image":{"@id":"https:\/\/emob-italia.it\/#\/schema\/logo\/image\/"},"sameAs":["https:\/\/www.facebook.com\/emobitalia\/","https:\/\/www.instagram.com\/e_mob_italia\/","https:\/\/www.linkedin.com\/groups\/12186185\/","https:\/\/www.youtube.com\/channel\/UCvnTcrhggAX_AkFwGxRfqFw\/featured?view_as=subscriber"]},{"@type":"Person","@id":"https:\/\/emob-italia.it\/#\/schema\/person\/59871c976b1a5e842e3d0b98901e4f6d","name":"Redazione","image":{"@type":"ImageObject","inLanguage":"en-US","@id":"https:\/\/emob-italia.it\/#\/schema\/person\/image\/","url":"https:\/\/secure.gravatar.com\/avatar\/5389093e19decc01f17a4f367aa6ce45?s=96&r=g","contentUrl":"https:\/\/secure.gravatar.com\/avatar\/5389093e19decc01f17a4f367aa6ce45?s=96&r=g","caption":"Redazione"},"url":"https:\/\/emob-italia.it\/en\/author\/redazione\/"}]}},"_links":{"self":[{"href":"https:\/\/emob-italia.it\/en\/wp-json\/wp\/v2\/posts\/62357"}],"collection":[{"href":"https:\/\/emob-italia.it\/en\/wp-json\/wp\/v2\/posts"}],"about":[{"href":"https:\/\/emob-italia.it\/en\/wp-json\/wp\/v2\/types\/post"}],"author":[{"embeddable":true,"href":"https:\/\/emob-italia.it\/en\/wp-json\/wp\/v2\/users\/19"}],"replies":[{"embeddable":true,"href":"https:\/\/emob-italia.it\/en\/wp-json\/wp\/v2\/comments?post=62357"}],"version-history":[{"count":2,"href":"https:\/\/emob-italia.it\/en\/wp-json\/wp\/v2\/posts\/62357\/revisions"}],"predecessor-version":[{"id":64130,"href":"https:\/\/emob-italia.it\/en\/wp-json\/wp\/v2\/posts\/62357\/revisions\/64130"}],"wp:featuredmedia":[{"embeddable":true,"href":"https:\/\/emob-italia.it\/en\/wp-json\/wp\/v2\/media\/62358"}],"wp:attachment":[{"href":"https:\/\/emob-italia.it\/en\/wp-json\/wp\/v2\/media?parent=62357"}],"wp:term":[{"taxonomy":"category","embeddable":true,"href":"https:\/\/emob-italia.it\/en\/wp-json\/wp\/v2\/categories?post=62357"},{"taxonomy":"post_tag","embeddable":true,"href":"https:\/\/emob-italia.it\/en\/wp-json\/wp\/v2\/tags?post=62357"}],"curies":[{"name":"wp","href":"https:\/\/api.w.org\/{rel}","templated":true}]}}