{"id":62355,"date":"2023-09-05T22:17:01","date_gmt":"2023-09-05T20:17:01","guid":{"rendered":"https:\/\/emob-italia.it\/?p=62355"},"modified":"2023-09-05T22:17:04","modified_gmt":"2023-09-05T20:17:04","slug":"e-shore-mobility-approccio-a-tutto-campo","status":"publish","type":"post","link":"https:\/\/emob-italia.it\/en\/2023\/09\/05\/e-shore-mobility-approccio-a-tutto-campo\/","title":{"rendered":"<strong>E-Shore Mobility, approccio a tutto campo<\/strong>"},"content":{"rendered":"\n<p>E-Shore Srl, eroga servizi energetici integrati per la mobilit\u00e0 elettrica, opera come Charging Point Operator (CPO) ed&nbsp; E Mobility Service Provider (EMSP), attraverso la costruzione di un network di stazioni di ricarica di propriet\u00e0 \u201cQuick\u201d e \u201cFast Charge\u201d, nei parcheggi e nelle aree pubbliche o private ad uso pubblico, con l\u2019obiettivo di implementazione di una rete di 2.500 infrastrutture di ricarica EVs sul territorio italiano entro il 2025. Ogni punto di ricarica E-Shore viene segnalato sull\u2019App E-Shore Mobility, come pure su tutte le piattaforme di geolocalizzazione dei punti di ricarica sulle migliori piattaforme di interoperabilit\u00e0. Con un approccio sistemico ed integrato, E-Shore \u00e8 il partner per i servizi personalizzati chiavi in mano che supportano i soggetti pubblici e quelli privati nella transizione verso la mobilit\u00e0 sostenibile e condivisa ( gestione flotte elettriche, progetti MaaS, car sharing).<\/p>\n\n\n\n<p>L\u2019azienda si rivolge agli&nbsp;operatori di flotte,&nbsp;concessionari e proprietari&nbsp;di&nbsp;parcheggi,&nbsp;stazioni di rifornimento&nbsp;e&nbsp;aree pubbliche, anche acquisendo diritti pluriennali&nbsp;per la fornitura di servizi energetici per la ricarica di vetture elettriche tramite la creazione diretta di&nbsp;isole e sistemi&nbsp;su parcheggi ed aree di sosta, con&nbsp;zero investimenti per gli operatori,&nbsp;rapidit\u00e0 nell\u2019installazione e gestione completa del servizio per l\u2019utente finale (infrastructure as a service).<\/p>\n\n\n\n<p>E-Shore gestisce in conto terzi infrastrutture, tramite servizi di gestione dei punti di ricarica interconnessi, tramite una propria piattaforma e si incarica dei piani di manutenzione.<\/p>\n\n\n\n<p>E-Shore ed E-truck Trade hanno sottoscritto un protocollo di intesa per la diffusione della mobilit\u00e0 elettrica in Italia.<br>E-Truck trade (Foton Truck Italia) \u00e8 leader nella commercializzazione di prodotti e soluzioni per la mobilit\u00e0 elettrica ed \u00e8 importatore e distributore per l\u2019Italia del marchio FOTON, per veicoli commerciali e industriali elettrici (Trucks e Van).<br>L\u2019accordo mira a diffondere la mobilit\u00e0 elettrica, sviluppando soluzioni congiunte per i clienti di flotte elettriche, per clienti B2B ed aziende municipalizzate sul territorio nazionale, tramite la fornitura da parte di E-Shore di servizi energetici, di tecnologie ed infrastrutture per la ricarica di veicoli elettrici (AC e DC), ai clienti Foton o aziende municipalizzate indicate da E-Truck Trade sia secondo il modello IaaS (infrastructure as a service) che EPC contractor per lo sviluppo di soluzioni \u201ctailored\u201d o OAS (Operation as Service).<\/p>\n","protected":false},"excerpt":{"rendered":"<p>E-Shore Srl, eroga servizi energetici integrati per la mobilit\u00e0 elettrica, opera come Charging Point Operator (CPO) ed\u00a0 E Mobility Service Provider (EMSP), attraverso la costruzione di un network di stazioni di ricarica di propriet\u00e0 \u201cQuick\u201d e \u201cFast Charge\u201d, nei parcheggi e nelle aree pubbliche o private ad uso pubblico<\/p>\n","protected":false},"author":19,"featured_media":62361,"comment_status":"open","ping_status":"open","sticky":false,"template":"","format":"standard","meta":{"_et_pb_use_builder":"off","_et_pb_old_content":"","_et_gb_content_width":"","_exactmetrics_skip_tracking":false,"_exactmetrics_sitenote_active":false,"_exactmetrics_sitenote_note":"","_exactmetrics_sitenote_category":0,"footnotes":""},"categories":[26,114,736],"tags":[8,738,199,10,11],"yoast_head":"<!-- This site is optimized with the Yoast SEO plugin v22.9 - https:\/\/yoast.com\/wordpress\/plugins\/seo\/ -->\n<title>E-Shore Mobility, approccio a tutto campo &#8226; e_mob<\/title>\n<meta name=\"description\" content=\"e_mob \u00e8 il tavolo permanente degli stakeholder della mobilit\u00e0 elettrica in Italia. Organizza ogni anno a Milano la Conferenza Nazionale del settore, nel 2021 in programma dal 16 al 19 ottobre.\" \/>\n<meta name=\"robots\" content=\"index, follow, max-snippet:-1, max-image-preview:large, max-video-preview:-1\" \/>\n<link rel=\"canonical\" href=\"https:\/\/emob-italia.it\/2023\/09\/05\/e-shore-mobility-approccio-a-tutto-campo\/\" \/>\n<meta property=\"og:locale\" content=\"en_US\" \/>\n<meta property=\"og:type\" content=\"article\" \/>\n<meta property=\"og:title\" content=\"E-Shore Mobility, approccio a tutto campo &#8226; e_mob\" \/>\n<meta property=\"og:description\" content=\"e_mob \u00e8 il tavolo permanente degli stakeholder della mobilit\u00e0 elettrica in Italia. Organizza ogni anno a Milano la Conferenza Nazionale del settore, nel 2021 in programma dal 16 al 19 ottobre.\" \/>\n<meta property=\"og:url\" content=\"https:\/\/emob-italia.it\/2023\/09\/05\/e-shore-mobility-approccio-a-tutto-campo\/\" \/>\n<meta property=\"og:site_name\" content=\"e_mob\" \/>\n<meta property=\"article:publisher\" content=\"https:\/\/www.facebook.com\/emobitalia\/\" \/>\n<meta property=\"article:published_time\" content=\"2023-09-05T20:17:01+00:00\" \/>\n<meta property=\"article:modified_time\" content=\"2023-09-05T20:17:04+00:00\" \/>\n<meta property=\"og:image\" content=\"https:\/\/emob-italia.it\/wp-content\/uploads\/2023\/09\/Schermata-2023-09-05-alle-22.14.58-e1693944955982.png\" \/>\n\t<meta property=\"og:image:width\" content=\"1282\" \/>\n\t<meta property=\"og:image:height\" content=\"1060\" \/>\n\t<meta property=\"og:image:type\" content=\"image\/png\" \/>\n<meta name=\"author\" content=\"Redazione\" \/>\n<meta name=\"twitter:label1\" content=\"Written by\" \/>\n\t<meta name=\"twitter:data1\" content=\"Redazione\" \/>\n\t<meta name=\"twitter:label2\" content=\"Est. reading time\" \/>\n\t<meta name=\"twitter:data2\" content=\"2 minutes\" \/>\n<script type=\"application\/ld+json\" class=\"yoast-schema-graph\">{\"@context\":\"https:\/\/schema.org\",\"@graph\":[{\"@type\":\"Article\",\"@id\":\"https:\/\/emob-italia.it\/2023\/09\/05\/e-shore-mobility-approccio-a-tutto-campo\/#article\",\"isPartOf\":{\"@id\":\"https:\/\/emob-italia.it\/2023\/09\/05\/e-shore-mobility-approccio-a-tutto-campo\/\"},\"author\":{\"name\":\"Redazione\",\"@id\":\"https:\/\/emob-italia.it\/#\/schema\/person\/59871c976b1a5e842e3d0b98901e4f6d\"},\"headline\":\"E-Shore Mobility, approccio a tutto campo\",\"datePublished\":\"2023-09-05T20:17:01+00:00\",\"dateModified\":\"2023-09-05T20:17:04+00:00\",\"mainEntityOfPage\":{\"@id\":\"https:\/\/emob-italia.it\/2023\/09\/05\/e-shore-mobility-approccio-a-tutto-campo\/\"},\"wordCount\":386,\"commentCount\":0,\"publisher\":{\"@id\":\"https:\/\/emob-italia.it\/#organization\"},\"image\":{\"@id\":\"https:\/\/emob-italia.it\/2023\/09\/05\/e-shore-mobility-approccio-a-tutto-campo\/#primaryimage\"},\"thumbnailUrl\":\"https:\/\/emob-italia.it\/wp-content\/uploads\/2023\/09\/Schermata-2023-09-05-alle-22.14.58-e1693944955982.png\",\"keywords\":[\"Auto Elettriche\",\"e-shore\",\"infrastrutture di ricarica\",\"mobilit\u00e0 elettrica\",\"Mobilit\u00e0 Sostenibile\"],\"articleSection\":[\"Notizie\",\"Notizie Newsletter\",\"Settembre 2023\"],\"inLanguage\":\"en-US\",\"potentialAction\":[{\"@type\":\"CommentAction\",\"name\":\"Comment\",\"target\":[\"https:\/\/emob-italia.it\/2023\/09\/05\/e-shore-mobility-approccio-a-tutto-campo\/#respond\"]}]},{\"@type\":\"WebPage\",\"@id\":\"https:\/\/emob-italia.it\/2023\/09\/05\/e-shore-mobility-approccio-a-tutto-campo\/\",\"url\":\"https:\/\/emob-italia.it\/2023\/09\/05\/e-shore-mobility-approccio-a-tutto-campo\/\",\"name\":\"E-Shore Mobility, approccio a tutto campo &#8226; e_mob\",\"isPartOf\":{\"@id\":\"https:\/\/emob-italia.it\/#website\"},\"primaryImageOfPage\":{\"@id\":\"https:\/\/emob-italia.it\/2023\/09\/05\/e-shore-mobility-approccio-a-tutto-campo\/#primaryimage\"},\"image\":{\"@id\":\"https:\/\/emob-italia.it\/2023\/09\/05\/e-shore-mobility-approccio-a-tutto-campo\/#primaryimage\"},\"thumbnailUrl\":\"https:\/\/emob-italia.it\/wp-content\/uploads\/2023\/09\/Schermata-2023-09-05-alle-22.14.58-e1693944955982.png\",\"datePublished\":\"2023-09-05T20:17:01+00:00\",\"dateModified\":\"2023-09-05T20:17:04+00:00\",\"description\":\"e_mob \u00e8 il tavolo permanente degli stakeholder della mobilit\u00e0 elettrica in Italia. Organizza ogni anno a Milano la Conferenza Nazionale del settore, nel 2021 in programma dal 16 al 19 ottobre.\",\"breadcrumb\":{\"@id\":\"https:\/\/emob-italia.it\/2023\/09\/05\/e-shore-mobility-approccio-a-tutto-campo\/#breadcrumb\"},\"inLanguage\":\"en-US\",\"potentialAction\":[{\"@type\":\"ReadAction\",\"target\":[\"https:\/\/emob-italia.it\/2023\/09\/05\/e-shore-mobility-approccio-a-tutto-campo\/\"]}]},{\"@type\":\"ImageObject\",\"inLanguage\":\"en-US\",\"@id\":\"https:\/\/emob-italia.it\/2023\/09\/05\/e-shore-mobility-approccio-a-tutto-campo\/#primaryimage\",\"url\":\"https:\/\/emob-italia.it\/wp-content\/uploads\/2023\/09\/Schermata-2023-09-05-alle-22.14.58-e1693944955982.png\",\"contentUrl\":\"https:\/\/emob-italia.it\/wp-content\/uploads\/2023\/09\/Schermata-2023-09-05-alle-22.14.58-e1693944955982.png\",\"width\":1282,\"height\":1060},{\"@type\":\"BreadcrumbList\",\"@id\":\"https:\/\/emob-italia.it\/2023\/09\/05\/e-shore-mobility-approccio-a-tutto-campo\/#breadcrumb\",\"itemListElement\":[{\"@type\":\"ListItem\",\"position\":1,\"name\":\"Home\",\"item\":\"https:\/\/emob-italia.it\/en\/\"},{\"@type\":\"ListItem\",\"position\":2,\"name\":\"E-Shore Mobility, approccio a tutto campo\"}]},{\"@type\":\"WebSite\",\"@id\":\"https:\/\/emob-italia.it\/#website\",\"url\":\"https:\/\/emob-italia.it\/\",\"name\":\"e_mob\",\"description\":\"Mobilit\u00e0 Elettrica\",\"publisher\":{\"@id\":\"https:\/\/emob-italia.it\/#organization\"},\"potentialAction\":[{\"@type\":\"SearchAction\",\"target\":{\"@type\":\"EntryPoint\",\"urlTemplate\":\"https:\/\/emob-italia.it\/?s={search_term_string}\"},\"query-input\":\"required name=search_term_string\"}],\"inLanguage\":\"en-US\"},{\"@type\":\"Organization\",\"@id\":\"https:\/\/emob-italia.it\/#organization\",\"name\":\"Class Onlus\",\"url\":\"https:\/\/emob-italia.it\/\",\"logo\":{\"@type\":\"ImageObject\",\"inLanguage\":\"en-US\",\"@id\":\"https:\/\/emob-italia.it\/#\/schema\/logo\/image\/\",\"url\":\"https:\/\/emob-italia.it\/wp-content\/uploads\/2019\/03\/0_CLASS-ONLUS-logo-web.png\",\"contentUrl\":\"https:\/\/emob-italia.it\/wp-content\/uploads\/2019\/03\/0_CLASS-ONLUS-logo-web.png\",\"width\":598,\"height\":202,\"caption\":\"Class Onlus\"},\"image\":{\"@id\":\"https:\/\/emob-italia.it\/#\/schema\/logo\/image\/\"},\"sameAs\":[\"https:\/\/www.facebook.com\/emobitalia\/\",\"https:\/\/www.instagram.com\/e_mob_italia\/\",\"https:\/\/www.linkedin.com\/groups\/12186185\/\",\"https:\/\/www.youtube.com\/channel\/UCvnTcrhggAX_AkFwGxRfqFw\/featured?view_as=subscriber\"]},{\"@type\":\"Person\",\"@id\":\"https:\/\/emob-italia.it\/#\/schema\/person\/59871c976b1a5e842e3d0b98901e4f6d\",\"name\":\"Redazione\",\"image\":{\"@type\":\"ImageObject\",\"inLanguage\":\"en-US\",\"@id\":\"https:\/\/emob-italia.it\/#\/schema\/person\/image\/\",\"url\":\"https:\/\/secure.gravatar.com\/avatar\/5389093e19decc01f17a4f367aa6ce45?s=96&r=g\",\"contentUrl\":\"https:\/\/secure.gravatar.com\/avatar\/5389093e19decc01f17a4f367aa6ce45?s=96&r=g\",\"caption\":\"Redazione\"},\"url\":\"https:\/\/emob-italia.it\/en\/author\/redazione\/\"}]}<\/script>\n<!-- \/ Yoast SEO plugin. -->","yoast_head_json":{"title":"E-Shore Mobility, approccio a tutto campo &#8226; e_mob","description":"e_mob \u00e8 il tavolo permanente degli stakeholder della mobilit\u00e0 elettrica in Italia. Organizza ogni anno a Milano la Conferenza Nazionale del settore, nel 2021 in programma dal 16 al 19 ottobre.","robots":{"index":"index","follow":"follow","max-snippet":"max-snippet:-1","max-image-preview":"max-image-preview:large","max-video-preview":"max-video-preview:-1"},"canonical":"https:\/\/emob-italia.it\/2023\/09\/05\/e-shore-mobility-approccio-a-tutto-campo\/","og_locale":"en_US","og_type":"article","og_title":"E-Shore Mobility, approccio a tutto campo &#8226; e_mob","og_description":"e_mob \u00e8 il tavolo permanente degli stakeholder della mobilit\u00e0 elettrica in Italia. Organizza ogni anno a Milano la Conferenza Nazionale del settore, nel 2021 in programma dal 16 al 19 ottobre.","og_url":"https:\/\/emob-italia.it\/2023\/09\/05\/e-shore-mobility-approccio-a-tutto-campo\/","og_site_name":"e_mob","article_publisher":"https:\/\/www.facebook.com\/emobitalia\/","article_published_time":"2023-09-05T20:17:01+00:00","article_modified_time":"2023-09-05T20:17:04+00:00","og_image":[{"width":1282,"height":1060,"url":"https:\/\/emob-italia.it\/wp-content\/uploads\/2023\/09\/Schermata-2023-09-05-alle-22.14.58-e1693944955982.png","type":"image\/png"}],"author":"Redazione","twitter_misc":{"Written by":"Redazione","Est. reading time":"2 minutes"},"schema":{"@context":"https:\/\/schema.org","@graph":[{"@type":"Article","@id":"https:\/\/emob-italia.it\/2023\/09\/05\/e-shore-mobility-approccio-a-tutto-campo\/#article","isPartOf":{"@id":"https:\/\/emob-italia.it\/2023\/09\/05\/e-shore-mobility-approccio-a-tutto-campo\/"},"author":{"name":"Redazione","@id":"https:\/\/emob-italia.it\/#\/schema\/person\/59871c976b1a5e842e3d0b98901e4f6d"},"headline":"E-Shore Mobility, approccio a tutto campo","datePublished":"2023-09-05T20:17:01+00:00","dateModified":"2023-09-05T20:17:04+00:00","mainEntityOfPage":{"@id":"https:\/\/emob-italia.it\/2023\/09\/05\/e-shore-mobility-approccio-a-tutto-campo\/"},"wordCount":386,"commentCount":0,"publisher":{"@id":"https:\/\/emob-italia.it\/#organization"},"image":{"@id":"https:\/\/emob-italia.it\/2023\/09\/05\/e-shore-mobility-approccio-a-tutto-campo\/#primaryimage"},"thumbnailUrl":"https:\/\/emob-italia.it\/wp-content\/uploads\/2023\/09\/Schermata-2023-09-05-alle-22.14.58-e1693944955982.png","keywords":["Auto Elettriche","e-shore","infrastrutture di ricarica","mobilit\u00e0 elettrica","Mobilit\u00e0 Sostenibile"],"articleSection":["Notizie","Notizie Newsletter","Settembre 2023"],"inLanguage":"en-US","potentialAction":[{"@type":"CommentAction","name":"Comment","target":["https:\/\/emob-italia.it\/2023\/09\/05\/e-shore-mobility-approccio-a-tutto-campo\/#respond"]}]},{"@type":"WebPage","@id":"https:\/\/emob-italia.it\/2023\/09\/05\/e-shore-mobility-approccio-a-tutto-campo\/","url":"https:\/\/emob-italia.it\/2023\/09\/05\/e-shore-mobility-approccio-a-tutto-campo\/","name":"E-Shore Mobility, approccio a tutto campo &#8226; e_mob","isPartOf":{"@id":"https:\/\/emob-italia.it\/#website"},"primaryImageOfPage":{"@id":"https:\/\/emob-italia.it\/2023\/09\/05\/e-shore-mobility-approccio-a-tutto-campo\/#primaryimage"},"image":{"@id":"https:\/\/emob-italia.it\/2023\/09\/05\/e-shore-mobility-approccio-a-tutto-campo\/#primaryimage"},"thumbnailUrl":"https:\/\/emob-italia.it\/wp-content\/uploads\/2023\/09\/Schermata-2023-09-05-alle-22.14.58-e1693944955982.png","datePublished":"2023-09-05T20:17:01+00:00","dateModified":"2023-09-05T20:17:04+00:00","description":"e_mob \u00e8 il tavolo permanente degli stakeholder della mobilit\u00e0 elettrica in Italia. Organizza ogni anno a Milano la Conferenza Nazionale del settore, nel 2021 in programma dal 16 al 19 ottobre.","breadcrumb":{"@id":"https:\/\/emob-italia.it\/2023\/09\/05\/e-shore-mobility-approccio-a-tutto-campo\/#breadcrumb"},"inLanguage":"en-US","potentialAction":[{"@type":"ReadAction","target":["https:\/\/emob-italia.it\/2023\/09\/05\/e-shore-mobility-approccio-a-tutto-campo\/"]}]},{"@type":"ImageObject","inLanguage":"en-US","@id":"https:\/\/emob-italia.it\/2023\/09\/05\/e-shore-mobility-approccio-a-tutto-campo\/#primaryimage","url":"https:\/\/emob-italia.it\/wp-content\/uploads\/2023\/09\/Schermata-2023-09-05-alle-22.14.58-e1693944955982.png","contentUrl":"https:\/\/emob-italia.it\/wp-content\/uploads\/2023\/09\/Schermata-2023-09-05-alle-22.14.58-e1693944955982.png","width":1282,"height":1060},{"@type":"BreadcrumbList","@id":"https:\/\/emob-italia.it\/2023\/09\/05\/e-shore-mobility-approccio-a-tutto-campo\/#breadcrumb","itemListElement":[{"@type":"ListItem","position":1,"name":"Home","item":"https:\/\/emob-italia.it\/en\/"},{"@type":"ListItem","position":2,"name":"E-Shore Mobility, approccio a tutto campo"}]},{"@type":"WebSite","@id":"https:\/\/emob-italia.it\/#website","url":"https:\/\/emob-italia.it\/","name":"e_mob","description":"Mobilit\u00e0 Elettrica","publisher":{"@id":"https:\/\/emob-italia.it\/#organization"},"potentialAction":[{"@type":"SearchAction","target":{"@type":"EntryPoint","urlTemplate":"https:\/\/emob-italia.it\/?s={search_term_string}"},"query-input":"required name=search_term_string"}],"inLanguage":"en-US"},{"@type":"Organization","@id":"https:\/\/emob-italia.it\/#organization","name":"Class Onlus","url":"https:\/\/emob-italia.it\/","logo":{"@type":"ImageObject","inLanguage":"en-US","@id":"https:\/\/emob-italia.it\/#\/schema\/logo\/image\/","url":"https:\/\/emob-italia.it\/wp-content\/uploads\/2019\/03\/0_CLASS-ONLUS-logo-web.png","contentUrl":"https:\/\/emob-italia.it\/wp-content\/uploads\/2019\/03\/0_CLASS-ONLUS-logo-web.png","width":598,"height":202,"caption":"Class Onlus"},"image":{"@id":"https:\/\/emob-italia.it\/#\/schema\/logo\/image\/"},"sameAs":["https:\/\/www.facebook.com\/emobitalia\/","https:\/\/www.instagram.com\/e_mob_italia\/","https:\/\/www.linkedin.com\/groups\/12186185\/","https:\/\/www.youtube.com\/channel\/UCvnTcrhggAX_AkFwGxRfqFw\/featured?view_as=subscriber"]},{"@type":"Person","@id":"https:\/\/emob-italia.it\/#\/schema\/person\/59871c976b1a5e842e3d0b98901e4f6d","name":"Redazione","image":{"@type":"ImageObject","inLanguage":"en-US","@id":"https:\/\/emob-italia.it\/#\/schema\/person\/image\/","url":"https:\/\/secure.gravatar.com\/avatar\/5389093e19decc01f17a4f367aa6ce45?s=96&r=g","contentUrl":"https:\/\/secure.gravatar.com\/avatar\/5389093e19decc01f17a4f367aa6ce45?s=96&r=g","caption":"Redazione"},"url":"https:\/\/emob-italia.it\/en\/author\/redazione\/"}]}},"_links":{"self":[{"href":"https:\/\/emob-italia.it\/en\/wp-json\/wp\/v2\/posts\/62355"}],"collection":[{"href":"https:\/\/emob-italia.it\/en\/wp-json\/wp\/v2\/posts"}],"about":[{"href":"https:\/\/emob-italia.it\/en\/wp-json\/wp\/v2\/types\/post"}],"author":[{"embeddable":true,"href":"https:\/\/emob-italia.it\/en\/wp-json\/wp\/v2\/users\/19"}],"replies":[{"embeddable":true,"href":"https:\/\/emob-italia.it\/en\/wp-json\/wp\/v2\/comments?post=62355"}],"version-history":[{"count":2,"href":"https:\/\/emob-italia.it\/en\/wp-json\/wp\/v2\/posts\/62355\/revisions"}],"predecessor-version":[{"id":62362,"href":"https:\/\/emob-italia.it\/en\/wp-json\/wp\/v2\/posts\/62355\/revisions\/62362"}],"wp:featuredmedia":[{"embeddable":true,"href":"https:\/\/emob-italia.it\/en\/wp-json\/wp\/v2\/media\/62361"}],"wp:attachment":[{"href":"https:\/\/emob-italia.it\/en\/wp-json\/wp\/v2\/media?parent=62355"}],"wp:term":[{"taxonomy":"category","embeddable":true,"href":"https:\/\/emob-italia.it\/en\/wp-json\/wp\/v2\/categories?post=62355"},{"taxonomy":"post_tag","embeddable":true,"href":"https:\/\/emob-italia.it\/en\/wp-json\/wp\/v2\/tags?post=62355"}],"curies":[{"name":"wp","href":"https:\/\/api.w.org\/{rel}","templated":true}]}}