{"id":61886,"date":"2023-08-05T07:24:35","date_gmt":"2023-08-05T05:24:35","guid":{"rendered":"https:\/\/emob-italia.it\/?p=61886"},"modified":"2024-03-24T11:13:52","modified_gmt":"2024-03-24T10:13:52","slug":"auto-elettrica-verso-diesel-sfida-di-efficienza-su-strada-5-agosto-2023","status":"publish","type":"post","link":"https:\/\/emob-italia.it\/en\/2023\/08\/05\/auto-elettrica-verso-diesel-sfida-di-efficienza-su-strada-5-agosto-2023\/","title":{"rendered":"Auto elettrica verso diesel: sfida di efficienza su strada, 5 agosto 2023"},"content":{"rendered":"<p>[et_pb_section][et_pb_row][et_pb_column type=&#8221;4_4&#8243;][et_pb_text]<!-- divi:paragraph --><\/p>\n<p>Il 5 agosto si svolger\u00e0 un\u2019avvincente gara tra auto, non di velocit\u00e0, bens\u00ec di efficienza. A parit\u00e0 di chilometri percorsi, quanto carburante e kWh, consumano le due automobili? Quale sar\u00e0 il bilancio finale, in termini di efficienza energetica dell\u2019elettrico e quale quella del diesel? Chi vincer\u00e0 la sfida tra la Tesla model Y elettrica, 75 kWh, e l\u2019autovettura diesel (una Mercedes classe A)?<\/p>\n<p><!-- \/divi:paragraph --><\/p>\n<p><!-- divi:paragraph --><\/p>\n<p>La curiosa sfida su strada, organizzata da&nbsp;Ricaricafast.com&nbsp;e Class Onlus, in collaborazione con Enel X way, si svolger\u00e0 con partenza da Padova&nbsp;alle ore 6 del 5 agosto, per giungere a Thiene (Vicenza), lo stesso giorno&nbsp;alle 18.55&nbsp;(tappe a Gemona &#8211; Udine, Cortina, Moena &#8211; Trento, Verona, Vicenza), con velocit\u00e0 di crociera di 130 Km\/h, per complessivi 660 chilometri.<\/p>\n<p><!-- \/divi:paragraph --><\/p>\n<p><!-- divi:paragraph --><\/p>\n<p>Class Onlus \u00e8 promotrice, con molti soggetti istituzionali e privati, di e_mob 2023, la settima edizione della Conferenza-esposizione nazionale sulla mobilit\u00e0 elettrica, che si svolger\u00e0 a Milano&nbsp;dal 7 al 10 ottobre&nbsp;(<a href=\"https:\/\/emob-italia.it\/\">https:\/\/emob-italia.it\/<\/a>)<\/p>\n<p><!-- \/divi:paragraph --><\/p>\n<p><!-- divi:paragraph --><\/p>\n<p>Enel X way \u00e8 tra i principali protagonisti dell\u2019infrastrutturazione per la mobilit\u00e0 elettrica nel nostro Paese (<a href=\"https:\/\/www.company.enelxway.com\/it\">https:\/\/www.company.enelxway.com\/it<\/a>)<\/p>\n<p><!-- \/divi:paragraph --><\/p>\n<p><!-- divi:paragraph --><\/p>\n<p>L\u2019evento, prodromico e anticipatore del Convegno-esposizione e_mob del\u00a07 ottobre\u00a0a Milano, potr\u00e0 essere seguito in diretta anche sul sito <a href=\"https:\/\/ricaricafast.com\/#\/eventi\/elettrica-vs-diesel\">https:\/\/ricaricafast.com\/#\/eventi\/elettrica-vs-diesel<\/a><\/p>\n<p><!-- \/divi:paragraph --><\/p>\n<p><!-- divi:paragraph --><\/p>\n<p>Info giornalisti: 348.2714931 \u2013 02.27208182<\/p>\n<p><!-- \/divi:paragraph -->[\/et_pb_text][\/et_pb_column][\/et_pb_row][\/et_pb_section]<\/p>\n","protected":false},"excerpt":{"rendered":"<p>Organizzata da Ricaricafast.com e Class Onlus, in collaborazione con Enel X Way, si svolger\u00e0 con partenza da Padova con destinazione Thiene.<\/p>\n","protected":false},"author":19,"featured_media":61892,"comment_status":"open","ping_status":"open","sticky":false,"template":"","format":"standard","meta":{"_et_pb_use_builder":"on","_et_pb_old_content":"<!-- wp:paragraph -->\n<p>Il 5 agosto si svolger\u00e0 un\u2019avvincente gara tra auto, non di velocit\u00e0, bens\u00ec di efficienza. A parit\u00e0 di chilometri percorsi, quanto carburante e kWh, consumano le due automobili? Quale sar\u00e0 il bilancio finale, in termini di efficienza energetica dell\u2019elettrico e quale quella del diesel? Chi vincer\u00e0 la sfida tra la Tesla model Y elettrica, 75 kWh, e l\u2019autovettura diesel (una Mercedes classe A)?<\/p>\n<!-- \/wp:paragraph -->\n\n<!-- wp:paragraph -->\n<p>La curiosa sfida su strada, organizzata da&nbsp;Ricaricafast.com&nbsp;e Class Onlus, in collaborazione con Enel X way, si svolger\u00e0 con partenza da Padova&nbsp;alle ore 6 del 5 agosto, per giungere a Thiene (Vicenza), lo stesso giorno&nbsp;alle 18.55&nbsp;(tappe a Gemona - Udine, Cortina, Moena - Trento, Verona, Vicenza), con velocit\u00e0 di crociera di 130 Km\/h, per complessivi 660 chilometri.<\/p>\n<!-- \/wp:paragraph -->\n\n<!-- wp:paragraph -->\n<p>Class Onlus \u00e8 promotrice, con molti soggetti istituzionali e privati, di e_mob 2023, la settima edizione della Conferenza-esposizione nazionale sulla mobilit\u00e0 elettrica, che si svolger\u00e0 a Milano&nbsp;dal 7 al 10 ottobre&nbsp;(<a href=\"https:\/\/emob-italia.it\/\">https:\/\/emob-italia.it\/<\/a>)<\/p>\n<!-- \/wp:paragraph -->\n\n<!-- wp:paragraph -->\n<p>Enel X way \u00e8 tra i principali protagonisti dell\u2019infrastrutturazione per la mobilit\u00e0 elettrica nel nostro Paese (<a href=\"https:\/\/www.company.enelxway.com\/it\">https:\/\/www.company.enelxway.com\/it<\/a>)<\/p>\n<!-- \/wp:paragraph -->\n\n<!-- wp:paragraph -->\n<p>L\u2019evento, prodromico e anticipatore del Convegno-esposizione e_mob del\u00a07 ottobre\u00a0a Milano, potr\u00e0 essere seguito in diretta anche sul sito <a href=\"https:\/\/ricaricafast.com\/#\/eventi\/elettrica-vs-diesel\">https:\/\/ricaricafast.com\/#\/eventi\/elettrica-vs-diesel<\/a><\/p>\n<!-- \/wp:paragraph -->\n\n<!-- wp:paragraph -->\n<p>Info giornalisti: 348.2714931 \u2013 02.27208182<\/p>\n<!-- \/wp:paragraph -->","_et_gb_content_width":"","_exactmetrics_skip_tracking":false,"_exactmetrics_sitenote_active":false,"_exactmetrics_sitenote_note":"","_exactmetrics_sitenote_category":0,"footnotes":""},"categories":[26],"tags":[18,8,10,11,71,357],"yoast_head":"<!-- This site is optimized with the Yoast SEO plugin v22.9 - https:\/\/yoast.com\/wordpress\/plugins\/seo\/ -->\n<title>Auto elettrica vs diesel: sfida di efficienza su strada, 5 agosto 2023<\/title>\n<meta name=\"description\" content=\"Organizzata da Ricaricafast.com e Class Onlus, in collaborazione con Enel X way, si svolger\u00e0 con partenza da Padova con destinazione Thiene.\" \/>\n<meta name=\"robots\" content=\"index, follow, max-snippet:-1, max-image-preview:large, max-video-preview:-1\" \/>\n<link rel=\"canonical\" href=\"https:\/\/emob-italia.it\/2023\/08\/05\/auto-elettrica-verso-diesel-sfida-di-efficienza-su-strada-5-agosto-2023\/\" \/>\n<meta property=\"og:locale\" content=\"en_US\" \/>\n<meta property=\"og:type\" content=\"article\" \/>\n<meta property=\"og:title\" content=\"Auto elettrica vs diesel: sfida di efficienza su strada, 5 agosto 2023\" \/>\n<meta property=\"og:description\" content=\"Organizzata da Ricaricafast.com e Class Onlus, in collaborazione con Enel X way, si svolger\u00e0 con partenza da Padova con destinazione Thiene.\" \/>\n<meta property=\"og:url\" content=\"https:\/\/emob-italia.it\/2023\/08\/05\/auto-elettrica-verso-diesel-sfida-di-efficienza-su-strada-5-agosto-2023\/\" \/>\n<meta property=\"og:site_name\" content=\"e_mob\" \/>\n<meta property=\"article:publisher\" content=\"https:\/\/www.facebook.com\/emobitalia\/\" \/>\n<meta property=\"article:published_time\" content=\"2023-08-05T05:24:35+00:00\" \/>\n<meta property=\"article:modified_time\" content=\"2024-03-24T10:13:52+00:00\" \/>\n<meta property=\"og:image\" content=\"https:\/\/emob-italia.it\/wp-content\/uploads\/2023\/08\/IMG_2143-1.jpeg\" \/>\n\t<meta property=\"og:image:width\" content=\"1170\" \/>\n\t<meta property=\"og:image:height\" content=\"974\" \/>\n\t<meta property=\"og:image:type\" content=\"image\/jpeg\" \/>\n<meta name=\"author\" content=\"Redazione\" \/>\n<meta name=\"twitter:label1\" content=\"Written by\" \/>\n\t<meta name=\"twitter:data1\" content=\"Redazione\" \/>\n\t<meta name=\"twitter:label2\" content=\"Est. reading time\" \/>\n\t<meta name=\"twitter:data2\" content=\"2 minutes\" \/>\n<script type=\"application\/ld+json\" class=\"yoast-schema-graph\">{\"@context\":\"https:\/\/schema.org\",\"@graph\":[{\"@type\":\"Article\",\"@id\":\"https:\/\/emob-italia.it\/2023\/08\/05\/auto-elettrica-verso-diesel-sfida-di-efficienza-su-strada-5-agosto-2023\/#article\",\"isPartOf\":{\"@id\":\"https:\/\/emob-italia.it\/2023\/08\/05\/auto-elettrica-verso-diesel-sfida-di-efficienza-su-strada-5-agosto-2023\/\"},\"author\":{\"name\":\"Redazione\",\"@id\":\"https:\/\/emob-italia.it\/#\/schema\/person\/59871c976b1a5e842e3d0b98901e4f6d\"},\"headline\":\"Auto elettrica verso diesel: sfida di efficienza su strada, 5 agosto 2023\",\"datePublished\":\"2023-08-05T05:24:35+00:00\",\"dateModified\":\"2024-03-24T10:13:52+00:00\",\"mainEntityOfPage\":{\"@id\":\"https:\/\/emob-italia.it\/2023\/08\/05\/auto-elettrica-verso-diesel-sfida-di-efficienza-su-strada-5-agosto-2023\/\"},\"wordCount\":246,\"commentCount\":0,\"publisher\":{\"@id\":\"https:\/\/emob-italia.it\/#organization\"},\"image\":{\"@id\":\"https:\/\/emob-italia.it\/2023\/08\/05\/auto-elettrica-verso-diesel-sfida-di-efficienza-su-strada-5-agosto-2023\/#primaryimage\"},\"thumbnailUrl\":\"https:\/\/emob-italia.it\/wp-content\/uploads\/2023\/08\/IMG_2143-1.jpeg\",\"keywords\":[\"auto elettrica\",\"Auto Elettriche\",\"mobilit\u00e0 elettrica\",\"Mobilit\u00e0 Sostenibile\",\"TESLA\",\"veicoli elettrici\"],\"articleSection\":[\"Notizie\"],\"inLanguage\":\"en-US\",\"potentialAction\":[{\"@type\":\"CommentAction\",\"name\":\"Comment\",\"target\":[\"https:\/\/emob-italia.it\/2023\/08\/05\/auto-elettrica-verso-diesel-sfida-di-efficienza-su-strada-5-agosto-2023\/#respond\"]}]},{\"@type\":\"WebPage\",\"@id\":\"https:\/\/emob-italia.it\/2023\/08\/05\/auto-elettrica-verso-diesel-sfida-di-efficienza-su-strada-5-agosto-2023\/\",\"url\":\"https:\/\/emob-italia.it\/2023\/08\/05\/auto-elettrica-verso-diesel-sfida-di-efficienza-su-strada-5-agosto-2023\/\",\"name\":\"Auto elettrica vs diesel: sfida di efficienza su strada, 5 agosto 2023\",\"isPartOf\":{\"@id\":\"https:\/\/emob-italia.it\/#website\"},\"primaryImageOfPage\":{\"@id\":\"https:\/\/emob-italia.it\/2023\/08\/05\/auto-elettrica-verso-diesel-sfida-di-efficienza-su-strada-5-agosto-2023\/#primaryimage\"},\"image\":{\"@id\":\"https:\/\/emob-italia.it\/2023\/08\/05\/auto-elettrica-verso-diesel-sfida-di-efficienza-su-strada-5-agosto-2023\/#primaryimage\"},\"thumbnailUrl\":\"https:\/\/emob-italia.it\/wp-content\/uploads\/2023\/08\/IMG_2143-1.jpeg\",\"datePublished\":\"2023-08-05T05:24:35+00:00\",\"dateModified\":\"2024-03-24T10:13:52+00:00\",\"description\":\"Organizzata da Ricaricafast.com e Class Onlus, in collaborazione con Enel X way, si svolger\u00e0 con partenza da Padova con destinazione Thiene.\",\"breadcrumb\":{\"@id\":\"https:\/\/emob-italia.it\/2023\/08\/05\/auto-elettrica-verso-diesel-sfida-di-efficienza-su-strada-5-agosto-2023\/#breadcrumb\"},\"inLanguage\":\"en-US\",\"potentialAction\":[{\"@type\":\"ReadAction\",\"target\":[\"https:\/\/emob-italia.it\/2023\/08\/05\/auto-elettrica-verso-diesel-sfida-di-efficienza-su-strada-5-agosto-2023\/\"]}]},{\"@type\":\"ImageObject\",\"inLanguage\":\"en-US\",\"@id\":\"https:\/\/emob-italia.it\/2023\/08\/05\/auto-elettrica-verso-diesel-sfida-di-efficienza-su-strada-5-agosto-2023\/#primaryimage\",\"url\":\"https:\/\/emob-italia.it\/wp-content\/uploads\/2023\/08\/IMG_2143-1.jpeg\",\"contentUrl\":\"https:\/\/emob-italia.it\/wp-content\/uploads\/2023\/08\/IMG_2143-1.jpeg\",\"width\":1170,\"height\":974},{\"@type\":\"BreadcrumbList\",\"@id\":\"https:\/\/emob-italia.it\/2023\/08\/05\/auto-elettrica-verso-diesel-sfida-di-efficienza-su-strada-5-agosto-2023\/#breadcrumb\",\"itemListElement\":[{\"@type\":\"ListItem\",\"position\":1,\"name\":\"Home\",\"item\":\"https:\/\/emob-italia.it\/en\/\"},{\"@type\":\"ListItem\",\"position\":2,\"name\":\"Auto elettrica verso diesel: sfida di efficienza su strada, 5 agosto 2023\"}]},{\"@type\":\"WebSite\",\"@id\":\"https:\/\/emob-italia.it\/#website\",\"url\":\"https:\/\/emob-italia.it\/\",\"name\":\"e_mob\",\"description\":\"Mobilit\u00e0 Elettrica\",\"publisher\":{\"@id\":\"https:\/\/emob-italia.it\/#organization\"},\"potentialAction\":[{\"@type\":\"SearchAction\",\"target\":{\"@type\":\"EntryPoint\",\"urlTemplate\":\"https:\/\/emob-italia.it\/?s={search_term_string}\"},\"query-input\":\"required name=search_term_string\"}],\"inLanguage\":\"en-US\"},{\"@type\":\"Organization\",\"@id\":\"https:\/\/emob-italia.it\/#organization\",\"name\":\"Class Onlus\",\"url\":\"https:\/\/emob-italia.it\/\",\"logo\":{\"@type\":\"ImageObject\",\"inLanguage\":\"en-US\",\"@id\":\"https:\/\/emob-italia.it\/#\/schema\/logo\/image\/\",\"url\":\"https:\/\/emob-italia.it\/wp-content\/uploads\/2019\/03\/0_CLASS-ONLUS-logo-web.png\",\"contentUrl\":\"https:\/\/emob-italia.it\/wp-content\/uploads\/2019\/03\/0_CLASS-ONLUS-logo-web.png\",\"width\":598,\"height\":202,\"caption\":\"Class Onlus\"},\"image\":{\"@id\":\"https:\/\/emob-italia.it\/#\/schema\/logo\/image\/\"},\"sameAs\":[\"https:\/\/www.facebook.com\/emobitalia\/\",\"https:\/\/www.instagram.com\/e_mob_italia\/\",\"https:\/\/www.linkedin.com\/groups\/12186185\/\",\"https:\/\/www.youtube.com\/channel\/UCvnTcrhggAX_AkFwGxRfqFw\/featured?view_as=subscriber\"]},{\"@type\":\"Person\",\"@id\":\"https:\/\/emob-italia.it\/#\/schema\/person\/59871c976b1a5e842e3d0b98901e4f6d\",\"name\":\"Redazione\",\"image\":{\"@type\":\"ImageObject\",\"inLanguage\":\"en-US\",\"@id\":\"https:\/\/emob-italia.it\/#\/schema\/person\/image\/\",\"url\":\"https:\/\/secure.gravatar.com\/avatar\/5389093e19decc01f17a4f367aa6ce45?s=96&r=g\",\"contentUrl\":\"https:\/\/secure.gravatar.com\/avatar\/5389093e19decc01f17a4f367aa6ce45?s=96&r=g\",\"caption\":\"Redazione\"},\"url\":\"https:\/\/emob-italia.it\/en\/author\/redazione\/\"}]}<\/script>\n<!-- \/ Yoast SEO plugin. -->","yoast_head_json":{"title":"Auto elettrica vs diesel: sfida di efficienza su strada, 5 agosto 2023","description":"Organizzata da Ricaricafast.com e Class Onlus, in collaborazione con Enel X way, si svolger\u00e0 con partenza da Padova con destinazione Thiene.","robots":{"index":"index","follow":"follow","max-snippet":"max-snippet:-1","max-image-preview":"max-image-preview:large","max-video-preview":"max-video-preview:-1"},"canonical":"https:\/\/emob-italia.it\/2023\/08\/05\/auto-elettrica-verso-diesel-sfida-di-efficienza-su-strada-5-agosto-2023\/","og_locale":"en_US","og_type":"article","og_title":"Auto elettrica vs diesel: sfida di efficienza su strada, 5 agosto 2023","og_description":"Organizzata da Ricaricafast.com e Class Onlus, in collaborazione con Enel X way, si svolger\u00e0 con partenza da Padova con destinazione Thiene.","og_url":"https:\/\/emob-italia.it\/2023\/08\/05\/auto-elettrica-verso-diesel-sfida-di-efficienza-su-strada-5-agosto-2023\/","og_site_name":"e_mob","article_publisher":"https:\/\/www.facebook.com\/emobitalia\/","article_published_time":"2023-08-05T05:24:35+00:00","article_modified_time":"2024-03-24T10:13:52+00:00","og_image":[{"width":1170,"height":974,"url":"https:\/\/emob-italia.it\/wp-content\/uploads\/2023\/08\/IMG_2143-1.jpeg","type":"image\/jpeg"}],"author":"Redazione","twitter_misc":{"Written by":"Redazione","Est. reading time":"2 minutes"},"schema":{"@context":"https:\/\/schema.org","@graph":[{"@type":"Article","@id":"https:\/\/emob-italia.it\/2023\/08\/05\/auto-elettrica-verso-diesel-sfida-di-efficienza-su-strada-5-agosto-2023\/#article","isPartOf":{"@id":"https:\/\/emob-italia.it\/2023\/08\/05\/auto-elettrica-verso-diesel-sfida-di-efficienza-su-strada-5-agosto-2023\/"},"author":{"name":"Redazione","@id":"https:\/\/emob-italia.it\/#\/schema\/person\/59871c976b1a5e842e3d0b98901e4f6d"},"headline":"Auto elettrica verso diesel: sfida di efficienza su strada, 5 agosto 2023","datePublished":"2023-08-05T05:24:35+00:00","dateModified":"2024-03-24T10:13:52+00:00","mainEntityOfPage":{"@id":"https:\/\/emob-italia.it\/2023\/08\/05\/auto-elettrica-verso-diesel-sfida-di-efficienza-su-strada-5-agosto-2023\/"},"wordCount":246,"commentCount":0,"publisher":{"@id":"https:\/\/emob-italia.it\/#organization"},"image":{"@id":"https:\/\/emob-italia.it\/2023\/08\/05\/auto-elettrica-verso-diesel-sfida-di-efficienza-su-strada-5-agosto-2023\/#primaryimage"},"thumbnailUrl":"https:\/\/emob-italia.it\/wp-content\/uploads\/2023\/08\/IMG_2143-1.jpeg","keywords":["auto elettrica","Auto Elettriche","mobilit\u00e0 elettrica","Mobilit\u00e0 Sostenibile","TESLA","veicoli elettrici"],"articleSection":["Notizie"],"inLanguage":"en-US","potentialAction":[{"@type":"CommentAction","name":"Comment","target":["https:\/\/emob-italia.it\/2023\/08\/05\/auto-elettrica-verso-diesel-sfida-di-efficienza-su-strada-5-agosto-2023\/#respond"]}]},{"@type":"WebPage","@id":"https:\/\/emob-italia.it\/2023\/08\/05\/auto-elettrica-verso-diesel-sfida-di-efficienza-su-strada-5-agosto-2023\/","url":"https:\/\/emob-italia.it\/2023\/08\/05\/auto-elettrica-verso-diesel-sfida-di-efficienza-su-strada-5-agosto-2023\/","name":"Auto elettrica vs diesel: sfida di efficienza su strada, 5 agosto 2023","isPartOf":{"@id":"https:\/\/emob-italia.it\/#website"},"primaryImageOfPage":{"@id":"https:\/\/emob-italia.it\/2023\/08\/05\/auto-elettrica-verso-diesel-sfida-di-efficienza-su-strada-5-agosto-2023\/#primaryimage"},"image":{"@id":"https:\/\/emob-italia.it\/2023\/08\/05\/auto-elettrica-verso-diesel-sfida-di-efficienza-su-strada-5-agosto-2023\/#primaryimage"},"thumbnailUrl":"https:\/\/emob-italia.it\/wp-content\/uploads\/2023\/08\/IMG_2143-1.jpeg","datePublished":"2023-08-05T05:24:35+00:00","dateModified":"2024-03-24T10:13:52+00:00","description":"Organizzata da Ricaricafast.com e Class Onlus, in collaborazione con Enel X way, si svolger\u00e0 con partenza da Padova con destinazione Thiene.","breadcrumb":{"@id":"https:\/\/emob-italia.it\/2023\/08\/05\/auto-elettrica-verso-diesel-sfida-di-efficienza-su-strada-5-agosto-2023\/#breadcrumb"},"inLanguage":"en-US","potentialAction":[{"@type":"ReadAction","target":["https:\/\/emob-italia.it\/2023\/08\/05\/auto-elettrica-verso-diesel-sfida-di-efficienza-su-strada-5-agosto-2023\/"]}]},{"@type":"ImageObject","inLanguage":"en-US","@id":"https:\/\/emob-italia.it\/2023\/08\/05\/auto-elettrica-verso-diesel-sfida-di-efficienza-su-strada-5-agosto-2023\/#primaryimage","url":"https:\/\/emob-italia.it\/wp-content\/uploads\/2023\/08\/IMG_2143-1.jpeg","contentUrl":"https:\/\/emob-italia.it\/wp-content\/uploads\/2023\/08\/IMG_2143-1.jpeg","width":1170,"height":974},{"@type":"BreadcrumbList","@id":"https:\/\/emob-italia.it\/2023\/08\/05\/auto-elettrica-verso-diesel-sfida-di-efficienza-su-strada-5-agosto-2023\/#breadcrumb","itemListElement":[{"@type":"ListItem","position":1,"name":"Home","item":"https:\/\/emob-italia.it\/en\/"},{"@type":"ListItem","position":2,"name":"Auto elettrica verso diesel: sfida di efficienza su strada, 5 agosto 2023"}]},{"@type":"WebSite","@id":"https:\/\/emob-italia.it\/#website","url":"https:\/\/emob-italia.it\/","name":"e_mob","description":"Mobilit\u00e0 Elettrica","publisher":{"@id":"https:\/\/emob-italia.it\/#organization"},"potentialAction":[{"@type":"SearchAction","target":{"@type":"EntryPoint","urlTemplate":"https:\/\/emob-italia.it\/?s={search_term_string}"},"query-input":"required name=search_term_string"}],"inLanguage":"en-US"},{"@type":"Organization","@id":"https:\/\/emob-italia.it\/#organization","name":"Class Onlus","url":"https:\/\/emob-italia.it\/","logo":{"@type":"ImageObject","inLanguage":"en-US","@id":"https:\/\/emob-italia.it\/#\/schema\/logo\/image\/","url":"https:\/\/emob-italia.it\/wp-content\/uploads\/2019\/03\/0_CLASS-ONLUS-logo-web.png","contentUrl":"https:\/\/emob-italia.it\/wp-content\/uploads\/2019\/03\/0_CLASS-ONLUS-logo-web.png","width":598,"height":202,"caption":"Class Onlus"},"image":{"@id":"https:\/\/emob-italia.it\/#\/schema\/logo\/image\/"},"sameAs":["https:\/\/www.facebook.com\/emobitalia\/","https:\/\/www.instagram.com\/e_mob_italia\/","https:\/\/www.linkedin.com\/groups\/12186185\/","https:\/\/www.youtube.com\/channel\/UCvnTcrhggAX_AkFwGxRfqFw\/featured?view_as=subscriber"]},{"@type":"Person","@id":"https:\/\/emob-italia.it\/#\/schema\/person\/59871c976b1a5e842e3d0b98901e4f6d","name":"Redazione","image":{"@type":"ImageObject","inLanguage":"en-US","@id":"https:\/\/emob-italia.it\/#\/schema\/person\/image\/","url":"https:\/\/secure.gravatar.com\/avatar\/5389093e19decc01f17a4f367aa6ce45?s=96&r=g","contentUrl":"https:\/\/secure.gravatar.com\/avatar\/5389093e19decc01f17a4f367aa6ce45?s=96&r=g","caption":"Redazione"},"url":"https:\/\/emob-italia.it\/en\/author\/redazione\/"}]}},"_links":{"self":[{"href":"https:\/\/emob-italia.it\/en\/wp-json\/wp\/v2\/posts\/61886"}],"collection":[{"href":"https:\/\/emob-italia.it\/en\/wp-json\/wp\/v2\/posts"}],"about":[{"href":"https:\/\/emob-italia.it\/en\/wp-json\/wp\/v2\/types\/post"}],"author":[{"embeddable":true,"href":"https:\/\/emob-italia.it\/en\/wp-json\/wp\/v2\/users\/19"}],"replies":[{"embeddable":true,"href":"https:\/\/emob-italia.it\/en\/wp-json\/wp\/v2\/comments?post=61886"}],"version-history":[{"count":9,"href":"https:\/\/emob-italia.it\/en\/wp-json\/wp\/v2\/posts\/61886\/revisions"}],"predecessor-version":[{"id":64491,"href":"https:\/\/emob-italia.it\/en\/wp-json\/wp\/v2\/posts\/61886\/revisions\/64491"}],"wp:featuredmedia":[{"embeddable":true,"href":"https:\/\/emob-italia.it\/en\/wp-json\/wp\/v2\/media\/61892"}],"wp:attachment":[{"href":"https:\/\/emob-italia.it\/en\/wp-json\/wp\/v2\/media?parent=61886"}],"wp:term":[{"taxonomy":"category","embeddable":true,"href":"https:\/\/emob-italia.it\/en\/wp-json\/wp\/v2\/categories?post=61886"},{"taxonomy":"post_tag","embeddable":true,"href":"https:\/\/emob-italia.it\/en\/wp-json\/wp\/v2\/tags?post=61886"}],"curies":[{"name":"wp","href":"https:\/\/api.w.org\/{rel}","templated":true}]}}