{"id":61857,"date":"2023-07-29T18:55:22","date_gmt":"2023-07-29T16:55:22","guid":{"rendered":"https:\/\/emob-italia.it\/?p=61857"},"modified":"2023-08-01T21:25:44","modified_gmt":"2023-08-01T19:25:44","slug":"e_mob-2023-la-settima-edizione-dellemobility-festival","status":"publish","type":"post","link":"https:\/\/emob-italia.it\/en\/2023\/07\/29\/e_mob-2023-la-settima-edizione-dellemobility-festival\/","title":{"rendered":"Comunicato stampa"},"content":{"rendered":"\n<figure class=\"wp-block-image size-full\"><img loading=\"lazy\" decoding=\"async\" width=\"976\" height=\"238\" src=\"https:\/\/emob-italia.it\/wp-content\/uploads\/2023\/08\/Schermata-2023-08-01-alle-21.20.46.png\" alt=\"\" class=\"wp-image-61881\" srcset=\"https:\/\/emob-italia.it\/wp-content\/uploads\/2023\/08\/Schermata-2023-08-01-alle-21.20.46.png 976w, https:\/\/emob-italia.it\/wp-content\/uploads\/2023\/08\/Schermata-2023-08-01-alle-21.20.46-480x117.png 480w\" sizes=\"(min-width: 0px) and (max-width: 480px) 480px, (min-width: 481px) 976px, 100vw\" \/><\/figure>\n\n\n\n<p class=\"has-text-align-center\"><strong>LA 7\u00aa EDIZIONE DI E_MOB, LA CONFERENZA NAZIONALE DELLA MOBILIT\u00c0 ELETTRICA, SI SVOLGER\u00c0 A MILANO\u00a0<\/strong><\/p>\n\n\n\n<p class=\"has-text-align-center\"><strong>DAL 7 AL 10 OTTOBRE 2023<\/strong><\/p>\n\n\n\n<p class=\"has-text-align-center\"><strong><em>Un format dinamico e ricco di appuntamenti tra dibattiti, esposizioni e test drive&nbsp;<\/em><\/strong><\/p>\n\n\n\n<p>La settima edizione di e_mob si svolger\u00e0 dal 7 al 10 ottobre 2023 tra Palazzo Giureconsulti e Piazza Duomo, con un format coinvolgente e un ricco programma di appuntamenti. Generare dibattito, fare cultura e sensibilizzare, sono questi gli obiettivi che e_mob persegue fin dalla sua prima edizione nel 2017.<\/p>\n\n\n\n<p>L\u2019evento \u00e8 promosso da Class Onlus con Regione Lombardia, Comune di Milano, Camera di Commercio di Milano, Monza e Brianza e Lodi, A2A, ATM, Enel X Way, Ferrovie dello Stato e Innovatec\/Cobat, con il patrocinio del Ministero dell\u2019Ambiente e della Sicurezza Energetica, di ANCI e di Fondazione Cariplo.&nbsp;<\/p>\n\n\n\n<p>La manifestazione vedr\u00e0 la partecipazione di importanti esponenti istituzionali, aziendali e politici: dal Ministero delle Infrastrutture a quello dell\u2019Ambiente e della Sicurezza Energetica, dai parlamentari di tutte le forze politiche impegnati sui temi oggetto della Conferenza, fino alle pi\u00f9 grandi aziende, pubbliche e private, in prima fila nello sviluppo di beni e servizi per la mobilit\u00e0 dolce, economica ed elettrica.<\/p>\n\n\n\n<p>\u201c<em>E_mob si \u00e8 affermato negli anni come un appuntamento di riferimento per il settore della mobilit\u00e0 elettrica in grado di coinvolgere istituzioni, politici, operatori del settore, aziende ma anche il pubblico finale, a cui saranno dedicati momenti di experience, test e interazione con i partner coinvolti<\/em>\u201d \u2013 dichiara <strong>Camillo Piazza<\/strong>, Presidente di CLASS Onlus \u2013 \u201c<em>Quest\u2019anno affronteremo le novit\u00e0 previste dal PNRR per l\u2019infrastrutturazione elettrica del Paese, la fondamentale mobilit\u00e0 di prossimit\u00e0 e la sinergia con il trasporto urbano, con interessanti esperienze circa l\u2019obbligo dei Comuni e delle partecipate di acquistare il<\/em> <\/p>\n\n\n\n<p><em>25 per cento dei mezzi elettrici come prevede la normativa vigente. Il futuro \u00e8 qui e il sistema delle imprese \u00e8 pronto. Lo \u00e8 altrettanto la pubblica amministrazione<\/em>?\u201d&nbsp;<\/p>\n\n\n\n<p>E_mob prender\u00e0 il via il 7 ottobre con l\u2019apertura al pubblico dell\u2019area espositiva in Piazza del Duomo e via Mercanti. Uno spazio dove poter conoscere alcune delle novit\u00e0 pi\u00f9 interessanti e le tante nuove opportunit\u00e0 nel settore della mobilit\u00e0 a zero emissioni: in mostra auto, moto, scooter, biciclette ma anche veicoli di pubblica utilit\u00e0, mezzi destinati al trasporto pubblico e infrastrutture di ricarica. E ancora laboratori, Pump Truck e un\u2019ampia area test drive.<\/p>\n\n\n\n<p>Il 9 e il 10 ottobre, oltre all\u2019area espositiva aperta a tutti, a Palazzo Giureconsulti si svolger\u00e0 la due giorni di&nbsp;Conferenza nazionale sulla mobilit\u00e0 elettrica&nbsp;con tavole rotonde, convegni e workshop. La conferenza inizier\u00e0 con la giornata istituzionale il 9 ottobre dove il comitato scientifico e_mob dialogher\u00e0 con aziende e i rappresentanti delle istituzioni per comprendere le prospettive dell\u2019elettrificazione nel nostro Paese.<\/p>\n\n\n\n<p>Nella prima tavola rotonda della giornata i protagonisti della mobilit\u00e0 elettrica si confronteranno su \u201cPNRR e Legge di Bilancio. Stato dell\u2019arte dei progetti in corso e indicazioni sulle attivit\u00e0 da programmare\u201d. Nel pomeriggio sono previsti approfondimenti con le sessioni \u201cProspettive e strumenti verso l\u2019elettrificazione massiva della mobilit\u00e0\u201d e \u201cLa politica che dice? Priorit\u00e0 e soluzioni possibili nelle mani dei decisori politici\u201d. Al termine della giornata uno sguardo ai dati dell\u2019Osservatorio Tea in collaborazione con Motus_E.<\/p>\n\n\n\n<p>La seconda giornata sar\u00e0 dedicata a workshop e convegni. Un focus importante sar\u00e0 dedicato alle nuove professioni nella mobilit\u00e0 sostenibile e alla modifica del decreto DAFI e ai nuovi sistemi di ricarica. Approfondimenti saranno dedicati anche ad importanti argomenti come l\u2019approvvigionamento e mappatura in Italia delle materie prime essenziali per la transizione energetica, la de-carbonizzazione del trasporto pubblico e mobilit\u00e0 intermodale.<\/p>\n\n\n\n<p>Non solo, parleremo dei sistemi di ricarica e le molteplici modalit\u00e0 di erogazione del servizio di ricarica pubblica che si stanno realizzando. Dell\u2019approvvigionamento energetico sostenibile ed ecologico: come si crea e si sviluppa una comunit\u00e0 elettrica e i servizi per i possessori di veicoli elettrici.<\/p>\n\n\n\n<figure class=\"wp-block-image size-large\"><img loading=\"lazy\" decoding=\"async\" width=\"1024\" height=\"260\" src=\"https:\/\/emob-italia.it\/wp-content\/uploads\/2023\/08\/Schermata-2023-08-01-alle-21.23.38-1024x260.png\" alt=\"\" class=\"wp-image-61883\" srcset=\"https:\/\/emob-italia.it\/wp-content\/uploads\/2023\/08\/Schermata-2023-08-01-alle-21.23.38-980x249.png 980w, https:\/\/emob-italia.it\/wp-content\/uploads\/2023\/08\/Schermata-2023-08-01-alle-21.23.38-480x122.png 480w\" sizes=\"(min-width: 0px) and (max-width: 480px) 480px, (min-width: 481px) and (max-width: 980px) 980px, (min-width: 981px) 1024px, 100vw\" \/><\/figure>\n\n\n\n<p><strong><em>\u201ce_mob\u201d \u00e8 un coordinamento di istituzioni, aziende e associazioni attive nel promuovere la mobilit\u00e0 elettrica come strumento per rendere pi\u00f9 sostenibile il comparto dei trasporti. Organizza il Festival e_mob, il pi\u00f9 importante evento in Italia legato ai temi della mobilit\u00e0 elettrica col fine di diffondere la cultura di un sistema ambientale sostenibile, anche tramite la Conferenza Nazionale della Mobilit\u00e0 Elettrica. Il comitato scientifico e_mob \u00e8 composto da: Agenzia Ambiente Territorio, ANFIA, ANIE, Confindustria, Motus E, Amsa, RSE, Agens, RFI, Circularity, Utilitalia, Confindustria Ancma, Agiconsum.<\/em><\/strong><\/p>\n\n\n\n<figure class=\"wp-block-image size-full is-resized\"><img loading=\"lazy\" decoding=\"async\" src=\"https:\/\/emob-italia.it\/wp-content\/uploads\/2023\/08\/Schermata-2023-08-01-alle-21.24.31.png\" alt=\"\" class=\"wp-image-61884\" width=\"174\" height=\"169\"\/><\/figure>\n","protected":false},"excerpt":{"rendered":"<p>e_mob \u00e8 il tavolo permanente degli stakeholder della mobilit\u00e0 elettrica in Italia. Organizza ogni anno a Milano la Conferenza Nazionale del settore.<\/p>\n","protected":false},"author":19,"featured_media":61508,"comment_status":"open","ping_status":"open","sticky":false,"template":"","format":"standard","meta":{"_et_pb_use_builder":"off","_et_pb_old_content":"","_et_gb_content_width":"","_exactmetrics_skip_tracking":false,"_exactmetrics_sitenote_active":false,"_exactmetrics_sitenote_note":"","_exactmetrics_sitenote_category":0,"footnotes":""},"categories":[16,691,26],"tags":[18,8,28,100,165,692,199,10,11,357],"yoast_head":"<!-- This site is optimized with the Yoast SEO plugin v22.9 - https:\/\/yoast.com\/wordpress\/plugins\/seo\/ -->\n<title>e_mob 2023, la settima edizione dell&#039;emobility festival<\/title>\n<meta name=\"description\" content=\"e_mob \u00e8 il tavolo permanente degli stakeholder della mobilit\u00e0 elettrica in Italia. Organizza ogni anno a Milano la Conferenza Nazionale del settore.\" \/>\n<meta name=\"robots\" content=\"index, follow, max-snippet:-1, max-image-preview:large, max-video-preview:-1\" \/>\n<link rel=\"canonical\" href=\"https:\/\/emob-italia.it\/2023\/07\/29\/e_mob-2023-la-settima-edizione-dellemobility-festival\/\" \/>\n<meta property=\"og:locale\" content=\"en_US\" \/>\n<meta property=\"og:type\" content=\"article\" \/>\n<meta property=\"og:title\" content=\"e_mob 2023, la settima edizione dell&#039;emobility festival\" \/>\n<meta property=\"og:description\" content=\"e_mob \u00e8 il tavolo permanente degli stakeholder della mobilit\u00e0 elettrica in Italia. Organizza ogni anno a Milano la Conferenza Nazionale del settore.\" \/>\n<meta property=\"og:url\" content=\"https:\/\/emob-italia.it\/2023\/07\/29\/e_mob-2023-la-settima-edizione-dellemobility-festival\/\" \/>\n<meta property=\"og:site_name\" content=\"e_mob\" \/>\n<meta property=\"article:publisher\" content=\"https:\/\/www.facebook.com\/emobitalia\/\" \/>\n<meta property=\"article:published_time\" content=\"2023-07-29T16:55:22+00:00\" \/>\n<meta property=\"article:modified_time\" content=\"2023-08-01T19:25:44+00:00\" \/>\n<meta property=\"og:image\" content=\"https:\/\/emob-italia.it\/wp-content\/uploads\/2023\/02\/Prospetto-e_mob-2023_ridotto_page-0001-scaled.jpg\" \/>\n\t<meta property=\"og:image:width\" content=\"2560\" \/>\n\t<meta property=\"og:image:height\" content=\"1920\" \/>\n\t<meta property=\"og:image:type\" content=\"image\/jpeg\" \/>\n<meta name=\"author\" content=\"Redazione\" \/>\n<meta name=\"twitter:label1\" content=\"Written by\" \/>\n\t<meta name=\"twitter:data1\" content=\"Redazione\" \/>\n\t<meta name=\"twitter:label2\" content=\"Est. reading time\" \/>\n\t<meta name=\"twitter:data2\" content=\"5 minutes\" \/>\n<script type=\"application\/ld+json\" class=\"yoast-schema-graph\">{\"@context\":\"https:\/\/schema.org\",\"@graph\":[{\"@type\":\"Article\",\"@id\":\"https:\/\/emob-italia.it\/2023\/07\/29\/e_mob-2023-la-settima-edizione-dellemobility-festival\/#article\",\"isPartOf\":{\"@id\":\"https:\/\/emob-italia.it\/2023\/07\/29\/e_mob-2023-la-settima-edizione-dellemobility-festival\/\"},\"author\":{\"name\":\"Redazione\",\"@id\":\"https:\/\/emob-italia.it\/#\/schema\/person\/59871c976b1a5e842e3d0b98901e4f6d\"},\"headline\":\"Comunicato stampa\",\"datePublished\":\"2023-07-29T16:55:22+00:00\",\"dateModified\":\"2023-08-01T19:25:44+00:00\",\"mainEntityOfPage\":{\"@id\":\"https:\/\/emob-italia.it\/2023\/07\/29\/e_mob-2023-la-settima-edizione-dellemobility-festival\/\"},\"wordCount\":725,\"commentCount\":0,\"publisher\":{\"@id\":\"https:\/\/emob-italia.it\/#organization\"},\"image\":{\"@id\":\"https:\/\/emob-italia.it\/2023\/07\/29\/e_mob-2023-la-settima-edizione-dellemobility-festival\/#primaryimage\"},\"thumbnailUrl\":\"https:\/\/emob-italia.it\/wp-content\/uploads\/2023\/02\/Prospetto-e_mob-2023_ridotto_page-0001-scaled.jpg\",\"keywords\":[\"auto elettrica\",\"Auto Elettriche\",\"comunicato stampa\",\"divulgazione\",\"emob\",\"emob2023\",\"infrastrutture di ricarica\",\"mobilit\u00e0 elettrica\",\"Mobilit\u00e0 Sostenibile\",\"veicoli elettrici\"],\"articleSection\":[\"Eventi\",\"e_mob2023\",\"Notizie\"],\"inLanguage\":\"en-US\",\"potentialAction\":[{\"@type\":\"CommentAction\",\"name\":\"Comment\",\"target\":[\"https:\/\/emob-italia.it\/2023\/07\/29\/e_mob-2023-la-settima-edizione-dellemobility-festival\/#respond\"]}]},{\"@type\":\"WebPage\",\"@id\":\"https:\/\/emob-italia.it\/2023\/07\/29\/e_mob-2023-la-settima-edizione-dellemobility-festival\/\",\"url\":\"https:\/\/emob-italia.it\/2023\/07\/29\/e_mob-2023-la-settima-edizione-dellemobility-festival\/\",\"name\":\"e_mob 2023, la settima edizione dell'emobility festival\",\"isPartOf\":{\"@id\":\"https:\/\/emob-italia.it\/#website\"},\"primaryImageOfPage\":{\"@id\":\"https:\/\/emob-italia.it\/2023\/07\/29\/e_mob-2023-la-settima-edizione-dellemobility-festival\/#primaryimage\"},\"image\":{\"@id\":\"https:\/\/emob-italia.it\/2023\/07\/29\/e_mob-2023-la-settima-edizione-dellemobility-festival\/#primaryimage\"},\"thumbnailUrl\":\"https:\/\/emob-italia.it\/wp-content\/uploads\/2023\/02\/Prospetto-e_mob-2023_ridotto_page-0001-scaled.jpg\",\"datePublished\":\"2023-07-29T16:55:22+00:00\",\"dateModified\":\"2023-08-01T19:25:44+00:00\",\"description\":\"e_mob \u00e8 il tavolo permanente degli stakeholder della mobilit\u00e0 elettrica in Italia. Organizza ogni anno a Milano la Conferenza Nazionale del settore.\",\"breadcrumb\":{\"@id\":\"https:\/\/emob-italia.it\/2023\/07\/29\/e_mob-2023-la-settima-edizione-dellemobility-festival\/#breadcrumb\"},\"inLanguage\":\"en-US\",\"potentialAction\":[{\"@type\":\"ReadAction\",\"target\":[\"https:\/\/emob-italia.it\/2023\/07\/29\/e_mob-2023-la-settima-edizione-dellemobility-festival\/\"]}]},{\"@type\":\"ImageObject\",\"inLanguage\":\"en-US\",\"@id\":\"https:\/\/emob-italia.it\/2023\/07\/29\/e_mob-2023-la-settima-edizione-dellemobility-festival\/#primaryimage\",\"url\":\"https:\/\/emob-italia.it\/wp-content\/uploads\/2023\/02\/Prospetto-e_mob-2023_ridotto_page-0001-scaled.jpg\",\"contentUrl\":\"https:\/\/emob-italia.it\/wp-content\/uploads\/2023\/02\/Prospetto-e_mob-2023_ridotto_page-0001-scaled.jpg\",\"width\":2560,\"height\":1920},{\"@type\":\"BreadcrumbList\",\"@id\":\"https:\/\/emob-italia.it\/2023\/07\/29\/e_mob-2023-la-settima-edizione-dellemobility-festival\/#breadcrumb\",\"itemListElement\":[{\"@type\":\"ListItem\",\"position\":1,\"name\":\"Home\",\"item\":\"https:\/\/emob-italia.it\/en\/\"},{\"@type\":\"ListItem\",\"position\":2,\"name\":\"Comunicato stampa\"}]},{\"@type\":\"WebSite\",\"@id\":\"https:\/\/emob-italia.it\/#website\",\"url\":\"https:\/\/emob-italia.it\/\",\"name\":\"e_mob\",\"description\":\"Mobilit\u00e0 Elettrica\",\"publisher\":{\"@id\":\"https:\/\/emob-italia.it\/#organization\"},\"potentialAction\":[{\"@type\":\"SearchAction\",\"target\":{\"@type\":\"EntryPoint\",\"urlTemplate\":\"https:\/\/emob-italia.it\/?s={search_term_string}\"},\"query-input\":\"required name=search_term_string\"}],\"inLanguage\":\"en-US\"},{\"@type\":\"Organization\",\"@id\":\"https:\/\/emob-italia.it\/#organization\",\"name\":\"Class Onlus\",\"url\":\"https:\/\/emob-italia.it\/\",\"logo\":{\"@type\":\"ImageObject\",\"inLanguage\":\"en-US\",\"@id\":\"https:\/\/emob-italia.it\/#\/schema\/logo\/image\/\",\"url\":\"https:\/\/emob-italia.it\/wp-content\/uploads\/2019\/03\/0_CLASS-ONLUS-logo-web.png\",\"contentUrl\":\"https:\/\/emob-italia.it\/wp-content\/uploads\/2019\/03\/0_CLASS-ONLUS-logo-web.png\",\"width\":598,\"height\":202,\"caption\":\"Class Onlus\"},\"image\":{\"@id\":\"https:\/\/emob-italia.it\/#\/schema\/logo\/image\/\"},\"sameAs\":[\"https:\/\/www.facebook.com\/emobitalia\/\",\"https:\/\/www.instagram.com\/e_mob_italia\/\",\"https:\/\/www.linkedin.com\/groups\/12186185\/\",\"https:\/\/www.youtube.com\/channel\/UCvnTcrhggAX_AkFwGxRfqFw\/featured?view_as=subscriber\"]},{\"@type\":\"Person\",\"@id\":\"https:\/\/emob-italia.it\/#\/schema\/person\/59871c976b1a5e842e3d0b98901e4f6d\",\"name\":\"Redazione\",\"image\":{\"@type\":\"ImageObject\",\"inLanguage\":\"en-US\",\"@id\":\"https:\/\/emob-italia.it\/#\/schema\/person\/image\/\",\"url\":\"https:\/\/secure.gravatar.com\/avatar\/5389093e19decc01f17a4f367aa6ce45?s=96&r=g\",\"contentUrl\":\"https:\/\/secure.gravatar.com\/avatar\/5389093e19decc01f17a4f367aa6ce45?s=96&r=g\",\"caption\":\"Redazione\"},\"url\":\"https:\/\/emob-italia.it\/en\/author\/redazione\/\"}]}<\/script>\n<!-- \/ Yoast SEO plugin. -->","yoast_head_json":{"title":"e_mob 2023, la settima edizione dell'emobility festival","description":"e_mob \u00e8 il tavolo permanente degli stakeholder della mobilit\u00e0 elettrica in Italia. Organizza ogni anno a Milano la Conferenza Nazionale del settore.","robots":{"index":"index","follow":"follow","max-snippet":"max-snippet:-1","max-image-preview":"max-image-preview:large","max-video-preview":"max-video-preview:-1"},"canonical":"https:\/\/emob-italia.it\/2023\/07\/29\/e_mob-2023-la-settima-edizione-dellemobility-festival\/","og_locale":"en_US","og_type":"article","og_title":"e_mob 2023, la settima edizione dell'emobility festival","og_description":"e_mob \u00e8 il tavolo permanente degli stakeholder della mobilit\u00e0 elettrica in Italia. Organizza ogni anno a Milano la Conferenza Nazionale del settore.","og_url":"https:\/\/emob-italia.it\/2023\/07\/29\/e_mob-2023-la-settima-edizione-dellemobility-festival\/","og_site_name":"e_mob","article_publisher":"https:\/\/www.facebook.com\/emobitalia\/","article_published_time":"2023-07-29T16:55:22+00:00","article_modified_time":"2023-08-01T19:25:44+00:00","og_image":[{"width":2560,"height":1920,"url":"https:\/\/emob-italia.it\/wp-content\/uploads\/2023\/02\/Prospetto-e_mob-2023_ridotto_page-0001-scaled.jpg","type":"image\/jpeg"}],"author":"Redazione","twitter_misc":{"Written by":"Redazione","Est. reading time":"5 minutes"},"schema":{"@context":"https:\/\/schema.org","@graph":[{"@type":"Article","@id":"https:\/\/emob-italia.it\/2023\/07\/29\/e_mob-2023-la-settima-edizione-dellemobility-festival\/#article","isPartOf":{"@id":"https:\/\/emob-italia.it\/2023\/07\/29\/e_mob-2023-la-settima-edizione-dellemobility-festival\/"},"author":{"name":"Redazione","@id":"https:\/\/emob-italia.it\/#\/schema\/person\/59871c976b1a5e842e3d0b98901e4f6d"},"headline":"Comunicato stampa","datePublished":"2023-07-29T16:55:22+00:00","dateModified":"2023-08-01T19:25:44+00:00","mainEntityOfPage":{"@id":"https:\/\/emob-italia.it\/2023\/07\/29\/e_mob-2023-la-settima-edizione-dellemobility-festival\/"},"wordCount":725,"commentCount":0,"publisher":{"@id":"https:\/\/emob-italia.it\/#organization"},"image":{"@id":"https:\/\/emob-italia.it\/2023\/07\/29\/e_mob-2023-la-settima-edizione-dellemobility-festival\/#primaryimage"},"thumbnailUrl":"https:\/\/emob-italia.it\/wp-content\/uploads\/2023\/02\/Prospetto-e_mob-2023_ridotto_page-0001-scaled.jpg","keywords":["auto elettrica","Auto Elettriche","comunicato stampa","divulgazione","emob","emob2023","infrastrutture di ricarica","mobilit\u00e0 elettrica","Mobilit\u00e0 Sostenibile","veicoli elettrici"],"articleSection":["Eventi","e_mob2023","Notizie"],"inLanguage":"en-US","potentialAction":[{"@type":"CommentAction","name":"Comment","target":["https:\/\/emob-italia.it\/2023\/07\/29\/e_mob-2023-la-settima-edizione-dellemobility-festival\/#respond"]}]},{"@type":"WebPage","@id":"https:\/\/emob-italia.it\/2023\/07\/29\/e_mob-2023-la-settima-edizione-dellemobility-festival\/","url":"https:\/\/emob-italia.it\/2023\/07\/29\/e_mob-2023-la-settima-edizione-dellemobility-festival\/","name":"e_mob 2023, la settima edizione dell'emobility festival","isPartOf":{"@id":"https:\/\/emob-italia.it\/#website"},"primaryImageOfPage":{"@id":"https:\/\/emob-italia.it\/2023\/07\/29\/e_mob-2023-la-settima-edizione-dellemobility-festival\/#primaryimage"},"image":{"@id":"https:\/\/emob-italia.it\/2023\/07\/29\/e_mob-2023-la-settima-edizione-dellemobility-festival\/#primaryimage"},"thumbnailUrl":"https:\/\/emob-italia.it\/wp-content\/uploads\/2023\/02\/Prospetto-e_mob-2023_ridotto_page-0001-scaled.jpg","datePublished":"2023-07-29T16:55:22+00:00","dateModified":"2023-08-01T19:25:44+00:00","description":"e_mob \u00e8 il tavolo permanente degli stakeholder della mobilit\u00e0 elettrica in Italia. Organizza ogni anno a Milano la Conferenza Nazionale del settore.","breadcrumb":{"@id":"https:\/\/emob-italia.it\/2023\/07\/29\/e_mob-2023-la-settima-edizione-dellemobility-festival\/#breadcrumb"},"inLanguage":"en-US","potentialAction":[{"@type":"ReadAction","target":["https:\/\/emob-italia.it\/2023\/07\/29\/e_mob-2023-la-settima-edizione-dellemobility-festival\/"]}]},{"@type":"ImageObject","inLanguage":"en-US","@id":"https:\/\/emob-italia.it\/2023\/07\/29\/e_mob-2023-la-settima-edizione-dellemobility-festival\/#primaryimage","url":"https:\/\/emob-italia.it\/wp-content\/uploads\/2023\/02\/Prospetto-e_mob-2023_ridotto_page-0001-scaled.jpg","contentUrl":"https:\/\/emob-italia.it\/wp-content\/uploads\/2023\/02\/Prospetto-e_mob-2023_ridotto_page-0001-scaled.jpg","width":2560,"height":1920},{"@type":"BreadcrumbList","@id":"https:\/\/emob-italia.it\/2023\/07\/29\/e_mob-2023-la-settima-edizione-dellemobility-festival\/#breadcrumb","itemListElement":[{"@type":"ListItem","position":1,"name":"Home","item":"https:\/\/emob-italia.it\/en\/"},{"@type":"ListItem","position":2,"name":"Comunicato stampa"}]},{"@type":"WebSite","@id":"https:\/\/emob-italia.it\/#website","url":"https:\/\/emob-italia.it\/","name":"e_mob","description":"Mobilit\u00e0 Elettrica","publisher":{"@id":"https:\/\/emob-italia.it\/#organization"},"potentialAction":[{"@type":"SearchAction","target":{"@type":"EntryPoint","urlTemplate":"https:\/\/emob-italia.it\/?s={search_term_string}"},"query-input":"required name=search_term_string"}],"inLanguage":"en-US"},{"@type":"Organization","@id":"https:\/\/emob-italia.it\/#organization","name":"Class Onlus","url":"https:\/\/emob-italia.it\/","logo":{"@type":"ImageObject","inLanguage":"en-US","@id":"https:\/\/emob-italia.it\/#\/schema\/logo\/image\/","url":"https:\/\/emob-italia.it\/wp-content\/uploads\/2019\/03\/0_CLASS-ONLUS-logo-web.png","contentUrl":"https:\/\/emob-italia.it\/wp-content\/uploads\/2019\/03\/0_CLASS-ONLUS-logo-web.png","width":598,"height":202,"caption":"Class Onlus"},"image":{"@id":"https:\/\/emob-italia.it\/#\/schema\/logo\/image\/"},"sameAs":["https:\/\/www.facebook.com\/emobitalia\/","https:\/\/www.instagram.com\/e_mob_italia\/","https:\/\/www.linkedin.com\/groups\/12186185\/","https:\/\/www.youtube.com\/channel\/UCvnTcrhggAX_AkFwGxRfqFw\/featured?view_as=subscriber"]},{"@type":"Person","@id":"https:\/\/emob-italia.it\/#\/schema\/person\/59871c976b1a5e842e3d0b98901e4f6d","name":"Redazione","image":{"@type":"ImageObject","inLanguage":"en-US","@id":"https:\/\/emob-italia.it\/#\/schema\/person\/image\/","url":"https:\/\/secure.gravatar.com\/avatar\/5389093e19decc01f17a4f367aa6ce45?s=96&r=g","contentUrl":"https:\/\/secure.gravatar.com\/avatar\/5389093e19decc01f17a4f367aa6ce45?s=96&r=g","caption":"Redazione"},"url":"https:\/\/emob-italia.it\/en\/author\/redazione\/"}]}},"_links":{"self":[{"href":"https:\/\/emob-italia.it\/en\/wp-json\/wp\/v2\/posts\/61857"}],"collection":[{"href":"https:\/\/emob-italia.it\/en\/wp-json\/wp\/v2\/posts"}],"about":[{"href":"https:\/\/emob-italia.it\/en\/wp-json\/wp\/v2\/types\/post"}],"author":[{"embeddable":true,"href":"https:\/\/emob-italia.it\/en\/wp-json\/wp\/v2\/users\/19"}],"replies":[{"embeddable":true,"href":"https:\/\/emob-italia.it\/en\/wp-json\/wp\/v2\/comments?post=61857"}],"version-history":[{"count":4,"href":"https:\/\/emob-italia.it\/en\/wp-json\/wp\/v2\/posts\/61857\/revisions"}],"predecessor-version":[{"id":61885,"href":"https:\/\/emob-italia.it\/en\/wp-json\/wp\/v2\/posts\/61857\/revisions\/61885"}],"wp:featuredmedia":[{"embeddable":true,"href":"https:\/\/emob-italia.it\/en\/wp-json\/wp\/v2\/media\/61508"}],"wp:attachment":[{"href":"https:\/\/emob-italia.it\/en\/wp-json\/wp\/v2\/media?parent=61857"}],"wp:term":[{"taxonomy":"category","embeddable":true,"href":"https:\/\/emob-italia.it\/en\/wp-json\/wp\/v2\/categories?post=61857"},{"taxonomy":"post_tag","embeddable":true,"href":"https:\/\/emob-italia.it\/en\/wp-json\/wp\/v2\/tags?post=61857"}],"curies":[{"name":"wp","href":"https:\/\/api.w.org\/{rel}","templated":true}]}}