{"id":61746,"date":"2023-05-04T20:14:48","date_gmt":"2023-05-04T18:14:48","guid":{"rendered":"https:\/\/emob-italia.it\/?p=61746"},"modified":"2024-03-04T20:57:43","modified_gmt":"2024-03-04T19:57:43","slug":"natanti-elettrici-la-sostenibilita-corre-sul-lago-di-como","status":"publish","type":"post","link":"https:\/\/emob-italia.it\/en\/2023\/05\/04\/natanti-elettrici-la-sostenibilita-corre-sul-lago-di-como\/","title":{"rendered":"Natanti elettrici: la sostenibilit\u00e0 corre sul lago di Como"},"content":{"rendered":"\n<p>\u00c8 ufficiale: arriva e_mob Nautica 2023, alla sua prima edizione. Obiettivo: divenire un punto di riferimento in Italia per lo sviluppo di una nautica sostenibile.<\/p>\n\n\n\n<p>La prima edizione dell\u2019evento sar\u00e0 ospitata nel Comune di Tremezzina, lungo le suggestive sponde del lago di Como e vedr\u00e0 talk e tavole rotonde connessi a diversi spazi espositivi. Questa primizia sull\u2019acqua nasce dall\u2019esperienza di 7 edizioni di e-mob, l\u2019evento nazionale che si svolge a Milano, tra piazza Duomo e Palazzo dei Giureconsulti. Durante la due giorni, grazie agli espositori, sar\u00e0 possibile provare l\u2019esperienza di un silenzioso tour panoramico nei pressi della Villa del Balbianello e dell\u2019Isola Comacina, immerse e affacciate sul lago di Como.<\/p>\n\n\n\n<p>L\u2019organizzazione di E-mob Nautica vanta il team impegnato da 7 anni nella realizzazione della Conferenza nazionale della Mobilit\u00e0 Elettrica. Ricalcando in parte il format di e-mob, l\u2019evento sul lago abbina innovazioni tecnologiche, politiche per la mobilit\u00e0 sostenibile ed elettrica a tutto tondo ed un\u2019area espositiva. E_mob nautica \u00e8 un evento dinamico in cui le eccellenze del settore hanno la possibilit\u00e0 di mettersi in mostra nella cornice unica del Lago di Como, una vera e propria vetrina per costruttori di imbarcazioni, artigiani e pi\u00f9 in generale per tutti gli operatori e gli appassionati di nautica, provenienti dal territorio nazionale ed internazionale.<\/p>\n\n\n\n<p>Nell\u2019ambito di e_mob Nautica, gli stakeholder del mercato della nautica elettrica potranno confrontarsi e farsi conoscere, anche dal largo pubblico.&nbsp;<\/p>\n\n\n\n<p>Il Grand Hotel Tremezzo,&nbsp;icona&nbsp;di&nbsp;Art Nuoveau,&nbsp;situato&nbsp;sulla sponda occidentale del Lago di Como&nbsp;\u00e8 la location scelta per l\u2019evento e le conferenze. Sullo sfondo di viste che spaziano dalle acque cristalline verso Bellagio alle vette delle Grigne, si disegna la cornice perfetta per questo evento.<\/p>\n\n\n\n<p>Le sessioni di lavoro di e-mob_nautica si svolgeranno&nbsp;presso il Giardino d\u2019Inverno dell\u2019hotel.<\/p>\n\n\n\n<p>L\u2019area espositiva&nbsp;sar\u00e0, invece,&nbsp;allestita all\u2019interno del Parco Civico Teresio Olivelli, a soli 500 metri dal Grand Hotel Tremezzo.&nbsp;Lo spazio, che si affaccia sul Lago, \u00e8 dotato di un molo che verr\u00e0 attrezzato per l\u2019evento e ospiter\u00e0 tutte le imbarcazioni presenti. Ci sar\u00e0 spazio anche per tutti i mezzi di mobilit\u00e0 alternativa (surf, hydrofoil, seascooter, etc) e per tutti gli operatori&nbsp;della&nbsp;filiera.<\/p>\n\n\n\n<p>Organizzano l\u2019evento Triumph Group e Class Onlus\u00a0con il Comune di Tremezzina (Co).<\/p>\n","protected":false},"excerpt":{"rendered":"<p>\u00c8 ufficiale: arriva e_mob Nautica 2023, alla sua prima edizione. Obiettivo: divenire un punto di riferimento in Italia per lo sviluppo di una nautica sostenibile. La prima edizione dell\u2019evento sar\u00e0 ospitata nel Comune di Tremezzina, lungo le suggestive sponde del lago di Como e vedr\u00e0 talk e tavole rotonde connessi a diversi spazi espositivi. Questa [&hellip;]<\/p>\n","protected":false},"author":19,"featured_media":0,"comment_status":"open","ping_status":"open","sticky":false,"template":"","format":"standard","meta":{"_et_pb_use_builder":"","_et_pb_old_content":"","_et_gb_content_width":"","_exactmetrics_skip_tracking":false,"_exactmetrics_sitenote_active":false,"_exactmetrics_sitenote_note":"","_exactmetrics_sitenote_category":0,"footnotes":""},"categories":[697,26,114],"tags":[],"yoast_head":"<!-- This site is optimized with the Yoast SEO plugin v22.9 - https:\/\/yoast.com\/wordpress\/plugins\/seo\/ -->\n<title>Natanti elettrici: la sostenibilit\u00e0 corre sul lago di Como &#8226; e_mob<\/title>\n<meta name=\"description\" content=\"e_mob \u00e8 il tavolo permanente degli stakeholder della mobilit\u00e0 elettrica in Italia. Organizza ogni anno a Milano la Conferenza Nazionale del settore, nel 2021 in programma dal 16 al 19 ottobre.\" \/>\n<meta name=\"robots\" content=\"index, follow, max-snippet:-1, max-image-preview:large, max-video-preview:-1\" \/>\n<link rel=\"canonical\" href=\"https:\/\/emob-italia.it\/2023\/05\/04\/natanti-elettrici-la-sostenibilita-corre-sul-lago-di-como\/\" \/>\n<meta property=\"og:locale\" content=\"en_US\" \/>\n<meta property=\"og:type\" content=\"article\" \/>\n<meta property=\"og:title\" content=\"Natanti elettrici: la sostenibilit\u00e0 corre sul lago di Como &#8226; e_mob\" \/>\n<meta property=\"og:description\" content=\"e_mob \u00e8 il tavolo permanente degli stakeholder della mobilit\u00e0 elettrica in Italia. Organizza ogni anno a Milano la Conferenza Nazionale del settore, nel 2021 in programma dal 16 al 19 ottobre.\" \/>\n<meta property=\"og:url\" content=\"https:\/\/emob-italia.it\/2023\/05\/04\/natanti-elettrici-la-sostenibilita-corre-sul-lago-di-como\/\" \/>\n<meta property=\"og:site_name\" content=\"e_mob\" \/>\n<meta property=\"article:publisher\" content=\"https:\/\/www.facebook.com\/emobitalia\/\" \/>\n<meta property=\"article:published_time\" content=\"2023-05-04T18:14:48+00:00\" \/>\n<meta property=\"article:modified_time\" content=\"2024-03-04T19:57:43+00:00\" \/>\n<meta property=\"og:image\" content=\"https:\/\/emob-italia.it\/wp-content\/uploads\/2019\/09\/emob-logo-registrato.png\" \/>\n\t<meta property=\"og:image:width\" content=\"400\" \/>\n\t<meta property=\"og:image:height\" content=\"110\" \/>\n\t<meta property=\"og:image:type\" content=\"image\/png\" \/>\n<meta name=\"author\" content=\"Redazione\" \/>\n<meta name=\"twitter:label1\" content=\"Written by\" \/>\n\t<meta name=\"twitter:data1\" content=\"Redazione\" \/>\n\t<meta name=\"twitter:label2\" content=\"Est. reading time\" \/>\n\t<meta name=\"twitter:data2\" content=\"2 minutes\" \/>\n<script type=\"application\/ld+json\" class=\"yoast-schema-graph\">{\"@context\":\"https:\/\/schema.org\",\"@graph\":[{\"@type\":\"Article\",\"@id\":\"https:\/\/emob-italia.it\/2023\/05\/04\/natanti-elettrici-la-sostenibilita-corre-sul-lago-di-como\/#article\",\"isPartOf\":{\"@id\":\"https:\/\/emob-italia.it\/2023\/05\/04\/natanti-elettrici-la-sostenibilita-corre-sul-lago-di-como\/\"},\"author\":{\"name\":\"Redazione\",\"@id\":\"https:\/\/emob-italia.it\/#\/schema\/person\/59871c976b1a5e842e3d0b98901e4f6d\"},\"headline\":\"Natanti elettrici: la sostenibilit\u00e0 corre sul lago di Como\",\"datePublished\":\"2023-05-04T18:14:48+00:00\",\"dateModified\":\"2024-03-04T19:57:43+00:00\",\"mainEntityOfPage\":{\"@id\":\"https:\/\/emob-italia.it\/2023\/05\/04\/natanti-elettrici-la-sostenibilita-corre-sul-lago-di-como\/\"},\"wordCount\":403,\"commentCount\":0,\"publisher\":{\"@id\":\"https:\/\/emob-italia.it\/#organization\"},\"articleSection\":[\"Maggio 2023\",\"Notizie\",\"Notizie Newsletter\"],\"inLanguage\":\"en-US\",\"potentialAction\":[{\"@type\":\"CommentAction\",\"name\":\"Comment\",\"target\":[\"https:\/\/emob-italia.it\/2023\/05\/04\/natanti-elettrici-la-sostenibilita-corre-sul-lago-di-como\/#respond\"]}]},{\"@type\":\"WebPage\",\"@id\":\"https:\/\/emob-italia.it\/2023\/05\/04\/natanti-elettrici-la-sostenibilita-corre-sul-lago-di-como\/\",\"url\":\"https:\/\/emob-italia.it\/2023\/05\/04\/natanti-elettrici-la-sostenibilita-corre-sul-lago-di-como\/\",\"name\":\"Natanti elettrici: la sostenibilit\u00e0 corre sul lago di Como &#8226; e_mob\",\"isPartOf\":{\"@id\":\"https:\/\/emob-italia.it\/#website\"},\"datePublished\":\"2023-05-04T18:14:48+00:00\",\"dateModified\":\"2024-03-04T19:57:43+00:00\",\"description\":\"e_mob \u00e8 il tavolo permanente degli stakeholder della mobilit\u00e0 elettrica in Italia. Organizza ogni anno a Milano la Conferenza Nazionale del settore, nel 2021 in programma dal 16 al 19 ottobre.\",\"breadcrumb\":{\"@id\":\"https:\/\/emob-italia.it\/2023\/05\/04\/natanti-elettrici-la-sostenibilita-corre-sul-lago-di-como\/#breadcrumb\"},\"inLanguage\":\"en-US\",\"potentialAction\":[{\"@type\":\"ReadAction\",\"target\":[\"https:\/\/emob-italia.it\/2023\/05\/04\/natanti-elettrici-la-sostenibilita-corre-sul-lago-di-como\/\"]}]},{\"@type\":\"BreadcrumbList\",\"@id\":\"https:\/\/emob-italia.it\/2023\/05\/04\/natanti-elettrici-la-sostenibilita-corre-sul-lago-di-como\/#breadcrumb\",\"itemListElement\":[{\"@type\":\"ListItem\",\"position\":1,\"name\":\"Home\",\"item\":\"https:\/\/emob-italia.it\/en\/\"},{\"@type\":\"ListItem\",\"position\":2,\"name\":\"Natanti elettrici: la sostenibilit\u00e0 corre sul lago di Como\"}]},{\"@type\":\"WebSite\",\"@id\":\"https:\/\/emob-italia.it\/#website\",\"url\":\"https:\/\/emob-italia.it\/\",\"name\":\"e_mob\",\"description\":\"Mobilit\u00e0 Elettrica\",\"publisher\":{\"@id\":\"https:\/\/emob-italia.it\/#organization\"},\"potentialAction\":[{\"@type\":\"SearchAction\",\"target\":{\"@type\":\"EntryPoint\",\"urlTemplate\":\"https:\/\/emob-italia.it\/?s={search_term_string}\"},\"query-input\":\"required name=search_term_string\"}],\"inLanguage\":\"en-US\"},{\"@type\":\"Organization\",\"@id\":\"https:\/\/emob-italia.it\/#organization\",\"name\":\"Class Onlus\",\"url\":\"https:\/\/emob-italia.it\/\",\"logo\":{\"@type\":\"ImageObject\",\"inLanguage\":\"en-US\",\"@id\":\"https:\/\/emob-italia.it\/#\/schema\/logo\/image\/\",\"url\":\"https:\/\/emob-italia.it\/wp-content\/uploads\/2019\/03\/0_CLASS-ONLUS-logo-web.png\",\"contentUrl\":\"https:\/\/emob-italia.it\/wp-content\/uploads\/2019\/03\/0_CLASS-ONLUS-logo-web.png\",\"width\":598,\"height\":202,\"caption\":\"Class Onlus\"},\"image\":{\"@id\":\"https:\/\/emob-italia.it\/#\/schema\/logo\/image\/\"},\"sameAs\":[\"https:\/\/www.facebook.com\/emobitalia\/\",\"https:\/\/www.instagram.com\/e_mob_italia\/\",\"https:\/\/www.linkedin.com\/groups\/12186185\/\",\"https:\/\/www.youtube.com\/channel\/UCvnTcrhggAX_AkFwGxRfqFw\/featured?view_as=subscriber\"]},{\"@type\":\"Person\",\"@id\":\"https:\/\/emob-italia.it\/#\/schema\/person\/59871c976b1a5e842e3d0b98901e4f6d\",\"name\":\"Redazione\",\"image\":{\"@type\":\"ImageObject\",\"inLanguage\":\"en-US\",\"@id\":\"https:\/\/emob-italia.it\/#\/schema\/person\/image\/\",\"url\":\"https:\/\/secure.gravatar.com\/avatar\/5389093e19decc01f17a4f367aa6ce45?s=96&r=g\",\"contentUrl\":\"https:\/\/secure.gravatar.com\/avatar\/5389093e19decc01f17a4f367aa6ce45?s=96&r=g\",\"caption\":\"Redazione\"},\"url\":\"https:\/\/emob-italia.it\/en\/author\/redazione\/\"}]}<\/script>\n<!-- \/ Yoast SEO plugin. -->","yoast_head_json":{"title":"Natanti elettrici: la sostenibilit\u00e0 corre sul lago di Como &#8226; e_mob","description":"e_mob \u00e8 il tavolo permanente degli stakeholder della mobilit\u00e0 elettrica in Italia. Organizza ogni anno a Milano la Conferenza Nazionale del settore, nel 2021 in programma dal 16 al 19 ottobre.","robots":{"index":"index","follow":"follow","max-snippet":"max-snippet:-1","max-image-preview":"max-image-preview:large","max-video-preview":"max-video-preview:-1"},"canonical":"https:\/\/emob-italia.it\/2023\/05\/04\/natanti-elettrici-la-sostenibilita-corre-sul-lago-di-como\/","og_locale":"en_US","og_type":"article","og_title":"Natanti elettrici: la sostenibilit\u00e0 corre sul lago di Como &#8226; e_mob","og_description":"e_mob \u00e8 il tavolo permanente degli stakeholder della mobilit\u00e0 elettrica in Italia. Organizza ogni anno a Milano la Conferenza Nazionale del settore, nel 2021 in programma dal 16 al 19 ottobre.","og_url":"https:\/\/emob-italia.it\/2023\/05\/04\/natanti-elettrici-la-sostenibilita-corre-sul-lago-di-como\/","og_site_name":"e_mob","article_publisher":"https:\/\/www.facebook.com\/emobitalia\/","article_published_time":"2023-05-04T18:14:48+00:00","article_modified_time":"2024-03-04T19:57:43+00:00","og_image":[{"width":400,"height":110,"url":"https:\/\/emob-italia.it\/wp-content\/uploads\/2019\/09\/emob-logo-registrato.png","type":"image\/png"}],"author":"Redazione","twitter_misc":{"Written by":"Redazione","Est. reading time":"2 minutes"},"schema":{"@context":"https:\/\/schema.org","@graph":[{"@type":"Article","@id":"https:\/\/emob-italia.it\/2023\/05\/04\/natanti-elettrici-la-sostenibilita-corre-sul-lago-di-como\/#article","isPartOf":{"@id":"https:\/\/emob-italia.it\/2023\/05\/04\/natanti-elettrici-la-sostenibilita-corre-sul-lago-di-como\/"},"author":{"name":"Redazione","@id":"https:\/\/emob-italia.it\/#\/schema\/person\/59871c976b1a5e842e3d0b98901e4f6d"},"headline":"Natanti elettrici: la sostenibilit\u00e0 corre sul lago di Como","datePublished":"2023-05-04T18:14:48+00:00","dateModified":"2024-03-04T19:57:43+00:00","mainEntityOfPage":{"@id":"https:\/\/emob-italia.it\/2023\/05\/04\/natanti-elettrici-la-sostenibilita-corre-sul-lago-di-como\/"},"wordCount":403,"commentCount":0,"publisher":{"@id":"https:\/\/emob-italia.it\/#organization"},"articleSection":["Maggio 2023","Notizie","Notizie Newsletter"],"inLanguage":"en-US","potentialAction":[{"@type":"CommentAction","name":"Comment","target":["https:\/\/emob-italia.it\/2023\/05\/04\/natanti-elettrici-la-sostenibilita-corre-sul-lago-di-como\/#respond"]}]},{"@type":"WebPage","@id":"https:\/\/emob-italia.it\/2023\/05\/04\/natanti-elettrici-la-sostenibilita-corre-sul-lago-di-como\/","url":"https:\/\/emob-italia.it\/2023\/05\/04\/natanti-elettrici-la-sostenibilita-corre-sul-lago-di-como\/","name":"Natanti elettrici: la sostenibilit\u00e0 corre sul lago di Como &#8226; e_mob","isPartOf":{"@id":"https:\/\/emob-italia.it\/#website"},"datePublished":"2023-05-04T18:14:48+00:00","dateModified":"2024-03-04T19:57:43+00:00","description":"e_mob \u00e8 il tavolo permanente degli stakeholder della mobilit\u00e0 elettrica in Italia. Organizza ogni anno a Milano la Conferenza Nazionale del settore, nel 2021 in programma dal 16 al 19 ottobre.","breadcrumb":{"@id":"https:\/\/emob-italia.it\/2023\/05\/04\/natanti-elettrici-la-sostenibilita-corre-sul-lago-di-como\/#breadcrumb"},"inLanguage":"en-US","potentialAction":[{"@type":"ReadAction","target":["https:\/\/emob-italia.it\/2023\/05\/04\/natanti-elettrici-la-sostenibilita-corre-sul-lago-di-como\/"]}]},{"@type":"BreadcrumbList","@id":"https:\/\/emob-italia.it\/2023\/05\/04\/natanti-elettrici-la-sostenibilita-corre-sul-lago-di-como\/#breadcrumb","itemListElement":[{"@type":"ListItem","position":1,"name":"Home","item":"https:\/\/emob-italia.it\/en\/"},{"@type":"ListItem","position":2,"name":"Natanti elettrici: la sostenibilit\u00e0 corre sul lago di Como"}]},{"@type":"WebSite","@id":"https:\/\/emob-italia.it\/#website","url":"https:\/\/emob-italia.it\/","name":"e_mob","description":"Mobilit\u00e0 Elettrica","publisher":{"@id":"https:\/\/emob-italia.it\/#organization"},"potentialAction":[{"@type":"SearchAction","target":{"@type":"EntryPoint","urlTemplate":"https:\/\/emob-italia.it\/?s={search_term_string}"},"query-input":"required name=search_term_string"}],"inLanguage":"en-US"},{"@type":"Organization","@id":"https:\/\/emob-italia.it\/#organization","name":"Class Onlus","url":"https:\/\/emob-italia.it\/","logo":{"@type":"ImageObject","inLanguage":"en-US","@id":"https:\/\/emob-italia.it\/#\/schema\/logo\/image\/","url":"https:\/\/emob-italia.it\/wp-content\/uploads\/2019\/03\/0_CLASS-ONLUS-logo-web.png","contentUrl":"https:\/\/emob-italia.it\/wp-content\/uploads\/2019\/03\/0_CLASS-ONLUS-logo-web.png","width":598,"height":202,"caption":"Class Onlus"},"image":{"@id":"https:\/\/emob-italia.it\/#\/schema\/logo\/image\/"},"sameAs":["https:\/\/www.facebook.com\/emobitalia\/","https:\/\/www.instagram.com\/e_mob_italia\/","https:\/\/www.linkedin.com\/groups\/12186185\/","https:\/\/www.youtube.com\/channel\/UCvnTcrhggAX_AkFwGxRfqFw\/featured?view_as=subscriber"]},{"@type":"Person","@id":"https:\/\/emob-italia.it\/#\/schema\/person\/59871c976b1a5e842e3d0b98901e4f6d","name":"Redazione","image":{"@type":"ImageObject","inLanguage":"en-US","@id":"https:\/\/emob-italia.it\/#\/schema\/person\/image\/","url":"https:\/\/secure.gravatar.com\/avatar\/5389093e19decc01f17a4f367aa6ce45?s=96&r=g","contentUrl":"https:\/\/secure.gravatar.com\/avatar\/5389093e19decc01f17a4f367aa6ce45?s=96&r=g","caption":"Redazione"},"url":"https:\/\/emob-italia.it\/en\/author\/redazione\/"}]}},"_links":{"self":[{"href":"https:\/\/emob-italia.it\/en\/wp-json\/wp\/v2\/posts\/61746"}],"collection":[{"href":"https:\/\/emob-italia.it\/en\/wp-json\/wp\/v2\/posts"}],"about":[{"href":"https:\/\/emob-italia.it\/en\/wp-json\/wp\/v2\/types\/post"}],"author":[{"embeddable":true,"href":"https:\/\/emob-italia.it\/en\/wp-json\/wp\/v2\/users\/19"}],"replies":[{"embeddable":true,"href":"https:\/\/emob-italia.it\/en\/wp-json\/wp\/v2\/comments?post=61746"}],"version-history":[{"count":1,"href":"https:\/\/emob-italia.it\/en\/wp-json\/wp\/v2\/posts\/61746\/revisions"}],"predecessor-version":[{"id":64068,"href":"https:\/\/emob-italia.it\/en\/wp-json\/wp\/v2\/posts\/61746\/revisions\/64068"}],"wp:attachment":[{"href":"https:\/\/emob-italia.it\/en\/wp-json\/wp\/v2\/media?parent=61746"}],"wp:term":[{"taxonomy":"category","embeddable":true,"href":"https:\/\/emob-italia.it\/en\/wp-json\/wp\/v2\/categories?post=61746"},{"taxonomy":"post_tag","embeddable":true,"href":"https:\/\/emob-italia.it\/en\/wp-json\/wp\/v2\/tags?post=61746"}],"curies":[{"name":"wp","href":"https:\/\/api.w.org\/{rel}","templated":true}]}}