{"id":61601,"date":"2023-02-28T21:57:44","date_gmt":"2023-02-28T20:57:44","guid":{"rendered":"https:\/\/emob-italia.it\/?p=61601"},"modified":"2023-03-02T11:56:35","modified_gmt":"2023-03-02T10:56:35","slug":"fact-checking-sulla-mobilita-elettrica-ne-parliamo-con-lon-evi","status":"publish","type":"post","link":"https:\/\/emob-italia.it\/en\/2023\/02\/28\/fact-checking-sulla-mobilita-elettrica-ne-parliamo-con-lon-evi\/","title":{"rendered":"Caff\u00e8 Elettrico &#8211; Fact Checking sulla mobilit\u00e0 elettrica: ne parliamo con l&#8217;On. Eleonora Evi"},"content":{"rendered":"\n<p>Torna il Caff\u00e8 Elettrico. Ospite della prima puntata di luned\u00ec 6 Marzo 2023 alle ore 10.30, l&#8217;<strong>On. Eleonora Evi<\/strong> con il presidente di <strong>Class Onlus<\/strong>, <strong>On. Camillo Piazza<\/strong>, per rispondere alle domande dell&#8217;<strong>On. Stefano Apuzzo<\/strong> sulla <strong>nuova normativa comunitaria che mette al bando le auto endotermiche dal 2035<\/strong>. <\/p>\n\n\n\n<p>Nelle scorse due settimane sono state dette molte inesattezze sul futuro di questo mercato e sulla filiera produttiva italiana. Stanno creando un clima di terrore che di certo non aiuter\u00e0 le nostre imprese italiane. <strong>Parleremo anche dei vincoli che non permettono al mercato delle auto elettriche di decollare, al contrario di quanto avviene nel resto d&#8217;Europa<\/strong>.<\/p>\n\n\n\n<p>Vi aspettiamo per indicare la strada da percorrere nei prossimi anni al mondo della mobilit\u00e0 elettrica. <\/p>\n\n\n\n<p>Per seguire la diretta, commentare, porre domande a conduttori ed ospiti basta collegarsi alle pagine <strong>LinkedIn<\/strong> (<a href=\"https:\/\/www.linkedin.com\/showcase\/28470841\/admin\/\">Emob<\/a>, <a href=\"https:\/\/www.linkedin.com\/company\/18275120\/admin\/\">Class Onlus<\/a>), <strong>Facebook<\/strong> (<a href=\"https:\/\/www.facebook.com\/emobitalia\">Emob<\/a>, <a href=\"https:\/\/www.facebook.com\/groups\/387182644772398\">Class Onlus<\/a>).  <\/p>\n\n\n\n<p>Vi aspettiamo.<\/p>\n","protected":false},"excerpt":{"rendered":"<p>Torna il Caff\u00e8 Elettrico. Luned\u00ec 6 Marzo 2023 dalle ore 10.30. Ospite l&#8217;On. Eleonora Evi per parlare del futuro delle auto endotermiche.<\/p>\n","protected":false},"author":19,"featured_media":61602,"comment_status":"open","ping_status":"open","sticky":false,"template":"","format":"standard","meta":{"_et_pb_use_builder":"off","_et_pb_old_content":"","_et_gb_content_width":"","_exactmetrics_skip_tracking":false,"_exactmetrics_sitenote_active":false,"_exactmetrics_sitenote_note":"","_exactmetrics_sitenote_category":0,"footnotes":""},"categories":[341,26],"tags":[684,683,289,11],"yoast_head":"<!-- This site is optimized with the Yoast SEO plugin v22.9 - https:\/\/yoast.com\/wordpress\/plugins\/seo\/ -->\n<title>Fact Checking sulla mobilit\u00e0 elettrica: ne parliamo con l&#039;On. Evi<\/title>\n<meta name=\"description\" content=\"Torna il Caff\u00e8 Elettrico. Luned\u00ec 6 Marzo 2023 dalle ore 10.30. Ospite l&#039;On. Eleonora Evi per parlare del futuro delle auto endotermiche.\" \/>\n<meta name=\"robots\" content=\"index, follow, max-snippet:-1, max-image-preview:large, max-video-preview:-1\" \/>\n<link rel=\"canonical\" href=\"https:\/\/emob-italia.it\/2023\/02\/28\/fact-checking-sulla-mobilita-elettrica-ne-parliamo-con-lon-evi\/\" \/>\n<meta property=\"og:locale\" content=\"en_US\" \/>\n<meta property=\"og:type\" content=\"article\" \/>\n<meta property=\"og:title\" content=\"Fact Checking sulla mobilit\u00e0 elettrica: ne parliamo con l&#039;On. Evi\" \/>\n<meta property=\"og:description\" content=\"Torna il Caff\u00e8 Elettrico. Luned\u00ec 6 Marzo 2023 dalle ore 10.30. Ospite l&#039;On. Eleonora Evi per parlare del futuro delle auto endotermiche.\" \/>\n<meta property=\"og:url\" content=\"https:\/\/emob-italia.it\/2023\/02\/28\/fact-checking-sulla-mobilita-elettrica-ne-parliamo-con-lon-evi\/\" \/>\n<meta property=\"og:site_name\" content=\"e_mob\" \/>\n<meta property=\"article:publisher\" content=\"https:\/\/www.facebook.com\/emobitalia\/\" \/>\n<meta property=\"article:published_time\" content=\"2023-02-28T20:57:44+00:00\" \/>\n<meta property=\"article:modified_time\" content=\"2023-03-02T10:56:35+00:00\" \/>\n<meta property=\"og:image\" content=\"https:\/\/emob-italia.it\/wp-content\/uploads\/2023\/02\/caffeelettrico_6marzo-fb.jpg\" \/>\n\t<meta property=\"og:image:width\" content=\"1200\" \/>\n\t<meta property=\"og:image:height\" content=\"628\" \/>\n\t<meta property=\"og:image:type\" content=\"image\/jpeg\" \/>\n<meta name=\"author\" content=\"Redazione\" \/>\n<meta name=\"twitter:label1\" content=\"Written by\" \/>\n\t<meta name=\"twitter:data1\" content=\"Redazione\" \/>\n\t<meta name=\"twitter:label2\" content=\"Est. reading time\" \/>\n\t<meta name=\"twitter:data2\" content=\"1 minute\" \/>\n<script type=\"application\/ld+json\" class=\"yoast-schema-graph\">{\"@context\":\"https:\/\/schema.org\",\"@graph\":[{\"@type\":\"Article\",\"@id\":\"https:\/\/emob-italia.it\/2023\/02\/28\/fact-checking-sulla-mobilita-elettrica-ne-parliamo-con-lon-evi\/#article\",\"isPartOf\":{\"@id\":\"https:\/\/emob-italia.it\/2023\/02\/28\/fact-checking-sulla-mobilita-elettrica-ne-parliamo-con-lon-evi\/\"},\"author\":{\"name\":\"Redazione\",\"@id\":\"https:\/\/emob-italia.it\/#\/schema\/person\/59871c976b1a5e842e3d0b98901e4f6d\"},\"headline\":\"Caff\u00e8 Elettrico &#8211; Fact Checking sulla mobilit\u00e0 elettrica: ne parliamo con l&#8217;On. Eleonora Evi\",\"datePublished\":\"2023-02-28T20:57:44+00:00\",\"dateModified\":\"2023-03-02T10:56:35+00:00\",\"mainEntityOfPage\":{\"@id\":\"https:\/\/emob-italia.it\/2023\/02\/28\/fact-checking-sulla-mobilita-elettrica-ne-parliamo-con-lon-evi\/\"},\"wordCount\":159,\"commentCount\":0,\"publisher\":{\"@id\":\"https:\/\/emob-italia.it\/#organization\"},\"image\":{\"@id\":\"https:\/\/emob-italia.it\/2023\/02\/28\/fact-checking-sulla-mobilita-elettrica-ne-parliamo-con-lon-evi\/#primaryimage\"},\"thumbnailUrl\":\"https:\/\/emob-italia.it\/wp-content\/uploads\/2023\/02\/caffeelettrico_6marzo-fb.jpg\",\"keywords\":[\"auto elettiche\",\"auto endotermiche\",\"caff\u00e8 elettrico\",\"Mobilit\u00e0 Sostenibile\"],\"articleSection\":[\"Caff\u00e8 Elettrico\",\"Notizie\"],\"inLanguage\":\"en-US\",\"potentialAction\":[{\"@type\":\"CommentAction\",\"name\":\"Comment\",\"target\":[\"https:\/\/emob-italia.it\/2023\/02\/28\/fact-checking-sulla-mobilita-elettrica-ne-parliamo-con-lon-evi\/#respond\"]}]},{\"@type\":\"WebPage\",\"@id\":\"https:\/\/emob-italia.it\/2023\/02\/28\/fact-checking-sulla-mobilita-elettrica-ne-parliamo-con-lon-evi\/\",\"url\":\"https:\/\/emob-italia.it\/2023\/02\/28\/fact-checking-sulla-mobilita-elettrica-ne-parliamo-con-lon-evi\/\",\"name\":\"Fact Checking sulla mobilit\u00e0 elettrica: ne parliamo con l'On. Evi\",\"isPartOf\":{\"@id\":\"https:\/\/emob-italia.it\/#website\"},\"primaryImageOfPage\":{\"@id\":\"https:\/\/emob-italia.it\/2023\/02\/28\/fact-checking-sulla-mobilita-elettrica-ne-parliamo-con-lon-evi\/#primaryimage\"},\"image\":{\"@id\":\"https:\/\/emob-italia.it\/2023\/02\/28\/fact-checking-sulla-mobilita-elettrica-ne-parliamo-con-lon-evi\/#primaryimage\"},\"thumbnailUrl\":\"https:\/\/emob-italia.it\/wp-content\/uploads\/2023\/02\/caffeelettrico_6marzo-fb.jpg\",\"datePublished\":\"2023-02-28T20:57:44+00:00\",\"dateModified\":\"2023-03-02T10:56:35+00:00\",\"description\":\"Torna il Caff\u00e8 Elettrico. Luned\u00ec 6 Marzo 2023 dalle ore 10.30. Ospite l'On. Eleonora Evi per parlare del futuro delle auto endotermiche.\",\"breadcrumb\":{\"@id\":\"https:\/\/emob-italia.it\/2023\/02\/28\/fact-checking-sulla-mobilita-elettrica-ne-parliamo-con-lon-evi\/#breadcrumb\"},\"inLanguage\":\"en-US\",\"potentialAction\":[{\"@type\":\"ReadAction\",\"target\":[\"https:\/\/emob-italia.it\/2023\/02\/28\/fact-checking-sulla-mobilita-elettrica-ne-parliamo-con-lon-evi\/\"]}]},{\"@type\":\"ImageObject\",\"inLanguage\":\"en-US\",\"@id\":\"https:\/\/emob-italia.it\/2023\/02\/28\/fact-checking-sulla-mobilita-elettrica-ne-parliamo-con-lon-evi\/#primaryimage\",\"url\":\"https:\/\/emob-italia.it\/wp-content\/uploads\/2023\/02\/caffeelettrico_6marzo-fb.jpg\",\"contentUrl\":\"https:\/\/emob-italia.it\/wp-content\/uploads\/2023\/02\/caffeelettrico_6marzo-fb.jpg\",\"width\":1200,\"height\":628,\"caption\":\"caffe elettrico\"},{\"@type\":\"BreadcrumbList\",\"@id\":\"https:\/\/emob-italia.it\/2023\/02\/28\/fact-checking-sulla-mobilita-elettrica-ne-parliamo-con-lon-evi\/#breadcrumb\",\"itemListElement\":[{\"@type\":\"ListItem\",\"position\":1,\"name\":\"Home\",\"item\":\"https:\/\/emob-italia.it\/en\/\"},{\"@type\":\"ListItem\",\"position\":2,\"name\":\"Caff\u00e8 Elettrico &#8211; Fact Checking sulla mobilit\u00e0 elettrica: ne parliamo con l&#8217;On. Eleonora Evi\"}]},{\"@type\":\"WebSite\",\"@id\":\"https:\/\/emob-italia.it\/#website\",\"url\":\"https:\/\/emob-italia.it\/\",\"name\":\"e_mob\",\"description\":\"Mobilit\u00e0 Elettrica\",\"publisher\":{\"@id\":\"https:\/\/emob-italia.it\/#organization\"},\"potentialAction\":[{\"@type\":\"SearchAction\",\"target\":{\"@type\":\"EntryPoint\",\"urlTemplate\":\"https:\/\/emob-italia.it\/?s={search_term_string}\"},\"query-input\":\"required name=search_term_string\"}],\"inLanguage\":\"en-US\"},{\"@type\":\"Organization\",\"@id\":\"https:\/\/emob-italia.it\/#organization\",\"name\":\"Class Onlus\",\"url\":\"https:\/\/emob-italia.it\/\",\"logo\":{\"@type\":\"ImageObject\",\"inLanguage\":\"en-US\",\"@id\":\"https:\/\/emob-italia.it\/#\/schema\/logo\/image\/\",\"url\":\"https:\/\/emob-italia.it\/wp-content\/uploads\/2019\/03\/0_CLASS-ONLUS-logo-web.png\",\"contentUrl\":\"https:\/\/emob-italia.it\/wp-content\/uploads\/2019\/03\/0_CLASS-ONLUS-logo-web.png\",\"width\":598,\"height\":202,\"caption\":\"Class Onlus\"},\"image\":{\"@id\":\"https:\/\/emob-italia.it\/#\/schema\/logo\/image\/\"},\"sameAs\":[\"https:\/\/www.facebook.com\/emobitalia\/\",\"https:\/\/www.instagram.com\/e_mob_italia\/\",\"https:\/\/www.linkedin.com\/groups\/12186185\/\",\"https:\/\/www.youtube.com\/channel\/UCvnTcrhggAX_AkFwGxRfqFw\/featured?view_as=subscriber\"]},{\"@type\":\"Person\",\"@id\":\"https:\/\/emob-italia.it\/#\/schema\/person\/59871c976b1a5e842e3d0b98901e4f6d\",\"name\":\"Redazione\",\"image\":{\"@type\":\"ImageObject\",\"inLanguage\":\"en-US\",\"@id\":\"https:\/\/emob-italia.it\/#\/schema\/person\/image\/\",\"url\":\"https:\/\/secure.gravatar.com\/avatar\/5389093e19decc01f17a4f367aa6ce45?s=96&r=g\",\"contentUrl\":\"https:\/\/secure.gravatar.com\/avatar\/5389093e19decc01f17a4f367aa6ce45?s=96&r=g\",\"caption\":\"Redazione\"},\"url\":\"https:\/\/emob-italia.it\/en\/author\/redazione\/\"}]}<\/script>\n<!-- \/ Yoast SEO plugin. -->","yoast_head_json":{"title":"Fact Checking sulla mobilit\u00e0 elettrica: ne parliamo con l'On. Evi","description":"Torna il Caff\u00e8 Elettrico. Luned\u00ec 6 Marzo 2023 dalle ore 10.30. Ospite l'On. Eleonora Evi per parlare del futuro delle auto endotermiche.","robots":{"index":"index","follow":"follow","max-snippet":"max-snippet:-1","max-image-preview":"max-image-preview:large","max-video-preview":"max-video-preview:-1"},"canonical":"https:\/\/emob-italia.it\/2023\/02\/28\/fact-checking-sulla-mobilita-elettrica-ne-parliamo-con-lon-evi\/","og_locale":"en_US","og_type":"article","og_title":"Fact Checking sulla mobilit\u00e0 elettrica: ne parliamo con l'On. Evi","og_description":"Torna il Caff\u00e8 Elettrico. Luned\u00ec 6 Marzo 2023 dalle ore 10.30. Ospite l'On. Eleonora Evi per parlare del futuro delle auto endotermiche.","og_url":"https:\/\/emob-italia.it\/2023\/02\/28\/fact-checking-sulla-mobilita-elettrica-ne-parliamo-con-lon-evi\/","og_site_name":"e_mob","article_publisher":"https:\/\/www.facebook.com\/emobitalia\/","article_published_time":"2023-02-28T20:57:44+00:00","article_modified_time":"2023-03-02T10:56:35+00:00","og_image":[{"width":1200,"height":628,"url":"https:\/\/emob-italia.it\/wp-content\/uploads\/2023\/02\/caffeelettrico_6marzo-fb.jpg","type":"image\/jpeg"}],"author":"Redazione","twitter_misc":{"Written by":"Redazione","Est. reading time":"1 minute"},"schema":{"@context":"https:\/\/schema.org","@graph":[{"@type":"Article","@id":"https:\/\/emob-italia.it\/2023\/02\/28\/fact-checking-sulla-mobilita-elettrica-ne-parliamo-con-lon-evi\/#article","isPartOf":{"@id":"https:\/\/emob-italia.it\/2023\/02\/28\/fact-checking-sulla-mobilita-elettrica-ne-parliamo-con-lon-evi\/"},"author":{"name":"Redazione","@id":"https:\/\/emob-italia.it\/#\/schema\/person\/59871c976b1a5e842e3d0b98901e4f6d"},"headline":"Caff\u00e8 Elettrico &#8211; Fact Checking sulla mobilit\u00e0 elettrica: ne parliamo con l&#8217;On. Eleonora Evi","datePublished":"2023-02-28T20:57:44+00:00","dateModified":"2023-03-02T10:56:35+00:00","mainEntityOfPage":{"@id":"https:\/\/emob-italia.it\/2023\/02\/28\/fact-checking-sulla-mobilita-elettrica-ne-parliamo-con-lon-evi\/"},"wordCount":159,"commentCount":0,"publisher":{"@id":"https:\/\/emob-italia.it\/#organization"},"image":{"@id":"https:\/\/emob-italia.it\/2023\/02\/28\/fact-checking-sulla-mobilita-elettrica-ne-parliamo-con-lon-evi\/#primaryimage"},"thumbnailUrl":"https:\/\/emob-italia.it\/wp-content\/uploads\/2023\/02\/caffeelettrico_6marzo-fb.jpg","keywords":["auto elettiche","auto endotermiche","caff\u00e8 elettrico","Mobilit\u00e0 Sostenibile"],"articleSection":["Caff\u00e8 Elettrico","Notizie"],"inLanguage":"en-US","potentialAction":[{"@type":"CommentAction","name":"Comment","target":["https:\/\/emob-italia.it\/2023\/02\/28\/fact-checking-sulla-mobilita-elettrica-ne-parliamo-con-lon-evi\/#respond"]}]},{"@type":"WebPage","@id":"https:\/\/emob-italia.it\/2023\/02\/28\/fact-checking-sulla-mobilita-elettrica-ne-parliamo-con-lon-evi\/","url":"https:\/\/emob-italia.it\/2023\/02\/28\/fact-checking-sulla-mobilita-elettrica-ne-parliamo-con-lon-evi\/","name":"Fact Checking sulla mobilit\u00e0 elettrica: ne parliamo con l'On. Evi","isPartOf":{"@id":"https:\/\/emob-italia.it\/#website"},"primaryImageOfPage":{"@id":"https:\/\/emob-italia.it\/2023\/02\/28\/fact-checking-sulla-mobilita-elettrica-ne-parliamo-con-lon-evi\/#primaryimage"},"image":{"@id":"https:\/\/emob-italia.it\/2023\/02\/28\/fact-checking-sulla-mobilita-elettrica-ne-parliamo-con-lon-evi\/#primaryimage"},"thumbnailUrl":"https:\/\/emob-italia.it\/wp-content\/uploads\/2023\/02\/caffeelettrico_6marzo-fb.jpg","datePublished":"2023-02-28T20:57:44+00:00","dateModified":"2023-03-02T10:56:35+00:00","description":"Torna il Caff\u00e8 Elettrico. Luned\u00ec 6 Marzo 2023 dalle ore 10.30. Ospite l'On. Eleonora Evi per parlare del futuro delle auto endotermiche.","breadcrumb":{"@id":"https:\/\/emob-italia.it\/2023\/02\/28\/fact-checking-sulla-mobilita-elettrica-ne-parliamo-con-lon-evi\/#breadcrumb"},"inLanguage":"en-US","potentialAction":[{"@type":"ReadAction","target":["https:\/\/emob-italia.it\/2023\/02\/28\/fact-checking-sulla-mobilita-elettrica-ne-parliamo-con-lon-evi\/"]}]},{"@type":"ImageObject","inLanguage":"en-US","@id":"https:\/\/emob-italia.it\/2023\/02\/28\/fact-checking-sulla-mobilita-elettrica-ne-parliamo-con-lon-evi\/#primaryimage","url":"https:\/\/emob-italia.it\/wp-content\/uploads\/2023\/02\/caffeelettrico_6marzo-fb.jpg","contentUrl":"https:\/\/emob-italia.it\/wp-content\/uploads\/2023\/02\/caffeelettrico_6marzo-fb.jpg","width":1200,"height":628,"caption":"caffe elettrico"},{"@type":"BreadcrumbList","@id":"https:\/\/emob-italia.it\/2023\/02\/28\/fact-checking-sulla-mobilita-elettrica-ne-parliamo-con-lon-evi\/#breadcrumb","itemListElement":[{"@type":"ListItem","position":1,"name":"Home","item":"https:\/\/emob-italia.it\/en\/"},{"@type":"ListItem","position":2,"name":"Caff\u00e8 Elettrico &#8211; Fact Checking sulla mobilit\u00e0 elettrica: ne parliamo con l&#8217;On. Eleonora Evi"}]},{"@type":"WebSite","@id":"https:\/\/emob-italia.it\/#website","url":"https:\/\/emob-italia.it\/","name":"e_mob","description":"Mobilit\u00e0 Elettrica","publisher":{"@id":"https:\/\/emob-italia.it\/#organization"},"potentialAction":[{"@type":"SearchAction","target":{"@type":"EntryPoint","urlTemplate":"https:\/\/emob-italia.it\/?s={search_term_string}"},"query-input":"required name=search_term_string"}],"inLanguage":"en-US"},{"@type":"Organization","@id":"https:\/\/emob-italia.it\/#organization","name":"Class Onlus","url":"https:\/\/emob-italia.it\/","logo":{"@type":"ImageObject","inLanguage":"en-US","@id":"https:\/\/emob-italia.it\/#\/schema\/logo\/image\/","url":"https:\/\/emob-italia.it\/wp-content\/uploads\/2019\/03\/0_CLASS-ONLUS-logo-web.png","contentUrl":"https:\/\/emob-italia.it\/wp-content\/uploads\/2019\/03\/0_CLASS-ONLUS-logo-web.png","width":598,"height":202,"caption":"Class Onlus"},"image":{"@id":"https:\/\/emob-italia.it\/#\/schema\/logo\/image\/"},"sameAs":["https:\/\/www.facebook.com\/emobitalia\/","https:\/\/www.instagram.com\/e_mob_italia\/","https:\/\/www.linkedin.com\/groups\/12186185\/","https:\/\/www.youtube.com\/channel\/UCvnTcrhggAX_AkFwGxRfqFw\/featured?view_as=subscriber"]},{"@type":"Person","@id":"https:\/\/emob-italia.it\/#\/schema\/person\/59871c976b1a5e842e3d0b98901e4f6d","name":"Redazione","image":{"@type":"ImageObject","inLanguage":"en-US","@id":"https:\/\/emob-italia.it\/#\/schema\/person\/image\/","url":"https:\/\/secure.gravatar.com\/avatar\/5389093e19decc01f17a4f367aa6ce45?s=96&r=g","contentUrl":"https:\/\/secure.gravatar.com\/avatar\/5389093e19decc01f17a4f367aa6ce45?s=96&r=g","caption":"Redazione"},"url":"https:\/\/emob-italia.it\/en\/author\/redazione\/"}]}},"_links":{"self":[{"href":"https:\/\/emob-italia.it\/en\/wp-json\/wp\/v2\/posts\/61601"}],"collection":[{"href":"https:\/\/emob-italia.it\/en\/wp-json\/wp\/v2\/posts"}],"about":[{"href":"https:\/\/emob-italia.it\/en\/wp-json\/wp\/v2\/types\/post"}],"author":[{"embeddable":true,"href":"https:\/\/emob-italia.it\/en\/wp-json\/wp\/v2\/users\/19"}],"replies":[{"embeddable":true,"href":"https:\/\/emob-italia.it\/en\/wp-json\/wp\/v2\/comments?post=61601"}],"version-history":[{"count":2,"href":"https:\/\/emob-italia.it\/en\/wp-json\/wp\/v2\/posts\/61601\/revisions"}],"predecessor-version":[{"id":61604,"href":"https:\/\/emob-italia.it\/en\/wp-json\/wp\/v2\/posts\/61601\/revisions\/61604"}],"wp:featuredmedia":[{"embeddable":true,"href":"https:\/\/emob-italia.it\/en\/wp-json\/wp\/v2\/media\/61602"}],"wp:attachment":[{"href":"https:\/\/emob-italia.it\/en\/wp-json\/wp\/v2\/media?parent=61601"}],"wp:term":[{"taxonomy":"category","embeddable":true,"href":"https:\/\/emob-italia.it\/en\/wp-json\/wp\/v2\/categories?post=61601"},{"taxonomy":"post_tag","embeddable":true,"href":"https:\/\/emob-italia.it\/en\/wp-json\/wp\/v2\/tags?post=61601"}],"curies":[{"name":"wp","href":"https:\/\/api.w.org\/{rel}","templated":true}]}}