{"id":61464,"date":"2023-01-20T17:11:01","date_gmt":"2023-01-20T16:11:01","guid":{"rendered":"https:\/\/emob-italia.it\/?p=61464"},"modified":"2023-04-27T14:09:00","modified_gmt":"2023-04-27T12:09:00","slug":"newsletter-n-1-20-gennaio-2023","status":"publish","type":"post","link":"https:\/\/emob-italia.it\/en\/2023\/01\/20\/newsletter-n-1-20-gennaio-2023\/","title":{"rendered":"Newsletter n.1 &#8211; 20 Gennaio 2023"},"content":{"rendered":"\n<p><strong>ECCO E_MOB 2023: DAL 7 AL 10 OTTOBRE, MILANO CAPITALE DELLA MOBILITA&#8217; ZERO EMISSIONI&nbsp;<\/strong><\/p>\n\n\n\n<p>Torna anche quest\u2019anno&nbsp;<strong>e_mob<\/strong>, il festival della mobilit\u00e0&nbsp;sostenibile. Dal 7 al 10 Ottobre prossimi, Milano ospiter\u00e0 <strong>la settima rassegna dedicata a comunit\u00e0 e stakeholder della soft mobility<\/strong>:&nbsp;imprese, pubbliche&nbsp;amministrazioni, enti di ricerca,&nbsp;organizzazioni no profit impegnati a&nbsp;realizzare e raccontare la mobilit\u00e0 a&nbsp;zero emissioni.<\/p>\n\n\n\n<p>Dal 2016 e_mob, coordinato da<strong> Class Onlus<\/strong>, il <strong>Comitato per l\u2019ambiente e lo sviluppo sostenibile<\/strong>, \u00e8 una conferenza nazionale annuale,&nbsp;principale momento di dibattito istituzionale, tecnico-scientifico e culturale sul presente e sul futuro dei&nbsp;mezzi elettrici in Italia.&nbsp;e_mob \u00e8 anche un festival con esposizioni aperte ad&nbsp;addetti ai lavori, a scuole e al pubblico generalista in&nbsp;cui \u00e8 possibile vedere da vicino i mezzi \u00aballa spina\u00bb&nbsp;come autobus e veicoli di prossimit\u00e0 elettrici, ma&nbsp;anche provare l\u2019esperienza di guida di differenti tipi di&nbsp;veicoli: modelli della micromobilit\u00e0, bici a pedalata assistita, scooter, moto ed auto elettriche.&nbsp;<\/p>\n\n\n\n<p><a href=\"https:\/\/emob-italia.it\/2023\/01\/13\/ecco-e_mob-2023\/\">Qui<\/a> per saperne di pi\u00f9.<\/p>\n\n\n\n<p><\/p>\n\n\n\n<p><strong>CORSO DI MOBILITY MANAGER<\/strong><\/p>\n\n\n\n<p>Al fine di promuovere le nuove competenze <strong>GREEN<\/strong>, <strong>Formaper,<\/strong> con la collaborazione di <strong>Class Onlus <\/strong>organizza un corso di <strong>MOBILITY MANAGER <\/strong>destinato a titolari, dipendenti e collaboratori di imprese con sede legale e\/o operativa nelle province di <strong>Milano, Monza Brianza e Lodi.<\/strong><\/p>\n\n\n\n<p>In collaborazione con:&nbsp;ANCMA (Associazione Nazionale Ciclo, Motociclo, Accessori) \u2013 ANFIA (Associazione Nazionale Filiera Industria Automobilistica) \u2013 COBAT \u2013 MOTUS &#8211; E \u2013 SIAM \u2013 UNIONE ARTIGIANI<\/p>\n\n\n\n<p><strong>PARTECIPAZIONE GRATUITA<\/strong>: iscrizioni on line, aperte fino ad esaurimento posti.<\/p>\n\n\n\n<p>Clicca <a href=\"https:\/\/emob-italia.it\/2023\/01\/20\/corso-di-mobility-manager\/\">qui<\/a> per leggere tutte le informazioni.<\/p>\n\n\n\n<p><\/p>\n\n\n\n<p><strong>KEBA, CHE NUMERI: 500 MILA WALLBOX IN UN ANNO E MEZZO<\/strong><\/p>\n\n\n\n<p><strong>KEBA<\/strong>, con sede a Linz\/Austria, \u00e8 un\u2019azienda tecnologica privata, attiva a livello internazionale, che dal 1968 fornisce soluzioni di automazione innovative per i settori industriale, bancario e dei servizi. Dal 2009 KEBA applica il proprio know-how allo sviluppo e alla produzione di soluzioni olistiche di ricarica per la mobilit\u00e0 elettrica. La serie di <strong>wallbox KeContact P30<\/strong> permette una ricarica facile, sicura ed affidabile di veicoli ibridi ed elettrici.<\/p>\n\n\n\n<p><strong>Dal 2022, anno in cui KEBA ha raggiunto il traguardo delle 500.000 Wallbox vendute in Europa<\/strong>, Keba \u00e8 presente attivamente anche in Italia, con personale sul territorio, uffici e soluzioni dedicate al mercato Italiano.&nbsp;<\/p>\n\n\n\n<p>Per approfondire clicca <a href=\"https:\/\/emob-italia.it\/2023\/01\/16\/keba-che-numeri-500mila-wallbox-in-un-anno-e-mezzo\/\">qui<\/a>.<\/p>\n\n\n\n<p><\/p>\n\n\n\n<p><strong>BE-D: IL NUOVO WALL BOX PER LA RICARICA IN CORRENTE CONTINUA<\/strong><\/p>\n\n\n\n<p><strong>BE-D<\/strong> di<strong> Scame Parre<\/strong> \u00e8 il nuovo <strong>wall box con potenza nominale di 25kW per la ricarica in corrente continua (DC) dei<\/strong><br><strong>veicoli elettrici<\/strong>, soluzione ideale per attivit\u00e0 ricettive, centri commerciali e parcheggi urbani, ma anche flotte aziendali e<br>servizi di car sharing.<\/p>\n\n\n\n<p>Realizzato in materiale termoplastico esente da alogeni e alluminio verniciato a polvere, con linee pulite ed essenziali firmate Trussardi+Belloni Design. Le stazioni Serie BE-D possono essere equipaggiate con un cavo munito di connettore CCS2 o CHAdeMO, oppure con entrambi e il display touch screen integrato permette di gestire le operazioni di ricarica. \u00c8 inoltre, possibile personalizzare una porzione del pannello frontale con il proprio logo aziendale.<\/p>\n\n\n\n<p>Leggi di pi\u00f9 cliccando sul <a href=\"https:\/\/emob-italia.it\/2023\/01\/16\/be-d-il-nuovo-wall-box-per-la-ricarica-in-corrente-continua\/\">link<\/a>.<\/p>\n\n\n\n<p><strong>ATM SEMPRE PIU&#8217; SOSTENIBILE: PRONTE 150 NUOVE COLONNINE DI RICARICA<\/strong><\/p>\n\n\n\n<p><strong>ATM<\/strong> continua ad investire nel piano di rinnovo della flotta acquistando solo bus elettrici. L&#8217;azienda milanese sta per installare anche nuove infrastrutture di ricarica nei depositi e in citt\u00e0. E&#8217; online la gara pubblica per la fornitura di 150 colonnine di ricarica (che si aggiungeranno alle 170 gi\u00e0 in funzione) e ulteriori 22 postazioni di ricarica veloce ai capolinea degli e-bus in citt\u00e0 (che si aggiungeranno alle 14 gi\u00e0 operative).<\/p>\n\n\n\n<p>Le aziende che vogliono salire a bordo in questo viaggio sempre pi\u00f9 sostenibile trovano nel bando le informazioni per i sopralluoghi, le verifiche e le specifiche tecniche per presentare l\u2019offerta.&nbsp;<\/p>\n\n\n\n<p><\/p>\n","protected":false},"excerpt":{"rendered":"<p>Ecco la Newsletter numero 1 del 2023 targata e_mob: clicca sul link e scopri tutte le novit\u00e0 e le notizie selezionate. <\/p>\n","protected":false},"author":19,"featured_media":61384,"comment_status":"open","ping_status":"open","sticky":false,"template":"","format":"standard","meta":{"_et_pb_use_builder":"off","_et_pb_old_content":"","_et_gb_content_width":"","_exactmetrics_skip_tracking":false,"_exactmetrics_sitenote_active":false,"_exactmetrics_sitenote_note":"","_exactmetrics_sitenote_category":0,"footnotes":""},"categories":[693,26,114],"tags":[306,666,672,662,164,178,137],"yoast_head":"<!-- This site is optimized with the Yoast SEO plugin v22.9 - https:\/\/yoast.com\/wordpress\/plugins\/seo\/ -->\n<title>Newsletter n.1 - 20 Gennaio 2023 &#8226; e_mob<\/title>\n<meta name=\"description\" content=\"e_mob \u00e8 il tavolo permanente degli stakeholder della mobilit\u00e0 elettrica in Italia. Organizza ogni anno a Milano la Conferenza Nazionale del settore, nel 2021 in programma dal 16 al 19 ottobre.\" \/>\n<meta name=\"robots\" content=\"index, follow, max-snippet:-1, max-image-preview:large, max-video-preview:-1\" \/>\n<link rel=\"canonical\" href=\"https:\/\/emob-italia.it\/2023\/01\/20\/newsletter-n-1-20-gennaio-2023\/\" \/>\n<meta property=\"og:locale\" content=\"en_US\" \/>\n<meta property=\"og:type\" content=\"article\" \/>\n<meta property=\"og:title\" content=\"Newsletter n.1 - 20 Gennaio 2023 &#8226; e_mob\" \/>\n<meta property=\"og:description\" content=\"e_mob \u00e8 il tavolo permanente degli stakeholder della mobilit\u00e0 elettrica in Italia. Organizza ogni anno a Milano la Conferenza Nazionale del settore, nel 2021 in programma dal 16 al 19 ottobre.\" \/>\n<meta property=\"og:url\" content=\"https:\/\/emob-italia.it\/2023\/01\/20\/newsletter-n-1-20-gennaio-2023\/\" \/>\n<meta property=\"og:site_name\" content=\"e_mob\" \/>\n<meta property=\"article:publisher\" content=\"https:\/\/www.facebook.com\/emobitalia\/\" \/>\n<meta property=\"article:published_time\" content=\"2023-01-20T16:11:01+00:00\" \/>\n<meta property=\"article:modified_time\" content=\"2023-04-27T12:09:00+00:00\" \/>\n<meta property=\"og:image\" content=\"https:\/\/emob-italia.it\/wp-content\/uploads\/2022\/12\/newsletter.jpg\" \/>\n\t<meta property=\"og:image:width\" content=\"1140\" \/>\n\t<meta property=\"og:image:height\" content=\"380\" \/>\n\t<meta property=\"og:image:type\" content=\"image\/jpeg\" \/>\n<meta name=\"author\" content=\"Redazione\" \/>\n<meta name=\"twitter:label1\" content=\"Written by\" \/>\n\t<meta name=\"twitter:data1\" content=\"Redazione\" \/>\n\t<meta name=\"twitter:label2\" content=\"Est. reading time\" \/>\n\t<meta name=\"twitter:data2\" content=\"4 minutes\" \/>\n<script type=\"application\/ld+json\" class=\"yoast-schema-graph\">{\"@context\":\"https:\/\/schema.org\",\"@graph\":[{\"@type\":\"Article\",\"@id\":\"https:\/\/emob-italia.it\/2023\/01\/20\/newsletter-n-1-20-gennaio-2023\/#article\",\"isPartOf\":{\"@id\":\"https:\/\/emob-italia.it\/2023\/01\/20\/newsletter-n-1-20-gennaio-2023\/\"},\"author\":{\"name\":\"Redazione\",\"@id\":\"https:\/\/emob-italia.it\/#\/schema\/person\/59871c976b1a5e842e3d0b98901e4f6d\"},\"headline\":\"Newsletter n.1 &#8211; 20 Gennaio 2023\",\"datePublished\":\"2023-01-20T16:11:01+00:00\",\"dateModified\":\"2023-04-27T12:09:00+00:00\",\"mainEntityOfPage\":{\"@id\":\"https:\/\/emob-italia.it\/2023\/01\/20\/newsletter-n-1-20-gennaio-2023\/\"},\"wordCount\":614,\"commentCount\":0,\"publisher\":{\"@id\":\"https:\/\/emob-italia.it\/#organization\"},\"image\":{\"@id\":\"https:\/\/emob-italia.it\/2023\/01\/20\/newsletter-n-1-20-gennaio-2023\/#primaryimage\"},\"thumbnailUrl\":\"https:\/\/emob-italia.it\/wp-content\/uploads\/2022\/12\/newsletter.jpg\",\"keywords\":[\"ATM\",\"be-d\",\"e_mob\",\"keba\",\"Milano\",\"mobility manager\",\"newsletter\"],\"articleSection\":[\"Gennaio 2023\",\"Notizie\",\"Notizie Newsletter\"],\"inLanguage\":\"en-US\",\"potentialAction\":[{\"@type\":\"CommentAction\",\"name\":\"Comment\",\"target\":[\"https:\/\/emob-italia.it\/2023\/01\/20\/newsletter-n-1-20-gennaio-2023\/#respond\"]}]},{\"@type\":\"WebPage\",\"@id\":\"https:\/\/emob-italia.it\/2023\/01\/20\/newsletter-n-1-20-gennaio-2023\/\",\"url\":\"https:\/\/emob-italia.it\/2023\/01\/20\/newsletter-n-1-20-gennaio-2023\/\",\"name\":\"Newsletter n.1 - 20 Gennaio 2023 &#8226; e_mob\",\"isPartOf\":{\"@id\":\"https:\/\/emob-italia.it\/#website\"},\"primaryImageOfPage\":{\"@id\":\"https:\/\/emob-italia.it\/2023\/01\/20\/newsletter-n-1-20-gennaio-2023\/#primaryimage\"},\"image\":{\"@id\":\"https:\/\/emob-italia.it\/2023\/01\/20\/newsletter-n-1-20-gennaio-2023\/#primaryimage\"},\"thumbnailUrl\":\"https:\/\/emob-italia.it\/wp-content\/uploads\/2022\/12\/newsletter.jpg\",\"datePublished\":\"2023-01-20T16:11:01+00:00\",\"dateModified\":\"2023-04-27T12:09:00+00:00\",\"description\":\"e_mob \u00e8 il tavolo permanente degli stakeholder della mobilit\u00e0 elettrica in Italia. Organizza ogni anno a Milano la Conferenza Nazionale del settore, nel 2021 in programma dal 16 al 19 ottobre.\",\"breadcrumb\":{\"@id\":\"https:\/\/emob-italia.it\/2023\/01\/20\/newsletter-n-1-20-gennaio-2023\/#breadcrumb\"},\"inLanguage\":\"en-US\",\"potentialAction\":[{\"@type\":\"ReadAction\",\"target\":[\"https:\/\/emob-italia.it\/2023\/01\/20\/newsletter-n-1-20-gennaio-2023\/\"]}]},{\"@type\":\"ImageObject\",\"inLanguage\":\"en-US\",\"@id\":\"https:\/\/emob-italia.it\/2023\/01\/20\/newsletter-n-1-20-gennaio-2023\/#primaryimage\",\"url\":\"https:\/\/emob-italia.it\/wp-content\/uploads\/2022\/12\/newsletter.jpg\",\"contentUrl\":\"https:\/\/emob-italia.it\/wp-content\/uploads\/2022\/12\/newsletter.jpg\",\"width\":1140,\"height\":380,\"caption\":\"Newsletter E_Mob Italia\"},{\"@type\":\"BreadcrumbList\",\"@id\":\"https:\/\/emob-italia.it\/2023\/01\/20\/newsletter-n-1-20-gennaio-2023\/#breadcrumb\",\"itemListElement\":[{\"@type\":\"ListItem\",\"position\":1,\"name\":\"Home\",\"item\":\"https:\/\/emob-italia.it\/en\/\"},{\"@type\":\"ListItem\",\"position\":2,\"name\":\"Newsletter n.1 &#8211; 20 Gennaio 2023\"}]},{\"@type\":\"WebSite\",\"@id\":\"https:\/\/emob-italia.it\/#website\",\"url\":\"https:\/\/emob-italia.it\/\",\"name\":\"e_mob\",\"description\":\"Mobilit\u00e0 Elettrica\",\"publisher\":{\"@id\":\"https:\/\/emob-italia.it\/#organization\"},\"potentialAction\":[{\"@type\":\"SearchAction\",\"target\":{\"@type\":\"EntryPoint\",\"urlTemplate\":\"https:\/\/emob-italia.it\/?s={search_term_string}\"},\"query-input\":\"required name=search_term_string\"}],\"inLanguage\":\"en-US\"},{\"@type\":\"Organization\",\"@id\":\"https:\/\/emob-italia.it\/#organization\",\"name\":\"Class Onlus\",\"url\":\"https:\/\/emob-italia.it\/\",\"logo\":{\"@type\":\"ImageObject\",\"inLanguage\":\"en-US\",\"@id\":\"https:\/\/emob-italia.it\/#\/schema\/logo\/image\/\",\"url\":\"https:\/\/emob-italia.it\/wp-content\/uploads\/2019\/03\/0_CLASS-ONLUS-logo-web.png\",\"contentUrl\":\"https:\/\/emob-italia.it\/wp-content\/uploads\/2019\/03\/0_CLASS-ONLUS-logo-web.png\",\"width\":598,\"height\":202,\"caption\":\"Class Onlus\"},\"image\":{\"@id\":\"https:\/\/emob-italia.it\/#\/schema\/logo\/image\/\"},\"sameAs\":[\"https:\/\/www.facebook.com\/emobitalia\/\",\"https:\/\/www.instagram.com\/e_mob_italia\/\",\"https:\/\/www.linkedin.com\/groups\/12186185\/\",\"https:\/\/www.youtube.com\/channel\/UCvnTcrhggAX_AkFwGxRfqFw\/featured?view_as=subscriber\"]},{\"@type\":\"Person\",\"@id\":\"https:\/\/emob-italia.it\/#\/schema\/person\/59871c976b1a5e842e3d0b98901e4f6d\",\"name\":\"Redazione\",\"image\":{\"@type\":\"ImageObject\",\"inLanguage\":\"en-US\",\"@id\":\"https:\/\/emob-italia.it\/#\/schema\/person\/image\/\",\"url\":\"https:\/\/secure.gravatar.com\/avatar\/5389093e19decc01f17a4f367aa6ce45?s=96&r=g\",\"contentUrl\":\"https:\/\/secure.gravatar.com\/avatar\/5389093e19decc01f17a4f367aa6ce45?s=96&r=g\",\"caption\":\"Redazione\"},\"url\":\"https:\/\/emob-italia.it\/en\/author\/redazione\/\"}]}<\/script>\n<!-- \/ Yoast SEO plugin. -->","yoast_head_json":{"title":"Newsletter n.1 - 20 Gennaio 2023 &#8226; e_mob","description":"e_mob \u00e8 il tavolo permanente degli stakeholder della mobilit\u00e0 elettrica in Italia. Organizza ogni anno a Milano la Conferenza Nazionale del settore, nel 2021 in programma dal 16 al 19 ottobre.","robots":{"index":"index","follow":"follow","max-snippet":"max-snippet:-1","max-image-preview":"max-image-preview:large","max-video-preview":"max-video-preview:-1"},"canonical":"https:\/\/emob-italia.it\/2023\/01\/20\/newsletter-n-1-20-gennaio-2023\/","og_locale":"en_US","og_type":"article","og_title":"Newsletter n.1 - 20 Gennaio 2023 &#8226; e_mob","og_description":"e_mob \u00e8 il tavolo permanente degli stakeholder della mobilit\u00e0 elettrica in Italia. Organizza ogni anno a Milano la Conferenza Nazionale del settore, nel 2021 in programma dal 16 al 19 ottobre.","og_url":"https:\/\/emob-italia.it\/2023\/01\/20\/newsletter-n-1-20-gennaio-2023\/","og_site_name":"e_mob","article_publisher":"https:\/\/www.facebook.com\/emobitalia\/","article_published_time":"2023-01-20T16:11:01+00:00","article_modified_time":"2023-04-27T12:09:00+00:00","og_image":[{"width":1140,"height":380,"url":"https:\/\/emob-italia.it\/wp-content\/uploads\/2022\/12\/newsletter.jpg","type":"image\/jpeg"}],"author":"Redazione","twitter_misc":{"Written by":"Redazione","Est. reading time":"4 minutes"},"schema":{"@context":"https:\/\/schema.org","@graph":[{"@type":"Article","@id":"https:\/\/emob-italia.it\/2023\/01\/20\/newsletter-n-1-20-gennaio-2023\/#article","isPartOf":{"@id":"https:\/\/emob-italia.it\/2023\/01\/20\/newsletter-n-1-20-gennaio-2023\/"},"author":{"name":"Redazione","@id":"https:\/\/emob-italia.it\/#\/schema\/person\/59871c976b1a5e842e3d0b98901e4f6d"},"headline":"Newsletter n.1 &#8211; 20 Gennaio 2023","datePublished":"2023-01-20T16:11:01+00:00","dateModified":"2023-04-27T12:09:00+00:00","mainEntityOfPage":{"@id":"https:\/\/emob-italia.it\/2023\/01\/20\/newsletter-n-1-20-gennaio-2023\/"},"wordCount":614,"commentCount":0,"publisher":{"@id":"https:\/\/emob-italia.it\/#organization"},"image":{"@id":"https:\/\/emob-italia.it\/2023\/01\/20\/newsletter-n-1-20-gennaio-2023\/#primaryimage"},"thumbnailUrl":"https:\/\/emob-italia.it\/wp-content\/uploads\/2022\/12\/newsletter.jpg","keywords":["ATM","be-d","e_mob","keba","Milano","mobility manager","newsletter"],"articleSection":["Gennaio 2023","Notizie","Notizie Newsletter"],"inLanguage":"en-US","potentialAction":[{"@type":"CommentAction","name":"Comment","target":["https:\/\/emob-italia.it\/2023\/01\/20\/newsletter-n-1-20-gennaio-2023\/#respond"]}]},{"@type":"WebPage","@id":"https:\/\/emob-italia.it\/2023\/01\/20\/newsletter-n-1-20-gennaio-2023\/","url":"https:\/\/emob-italia.it\/2023\/01\/20\/newsletter-n-1-20-gennaio-2023\/","name":"Newsletter n.1 - 20 Gennaio 2023 &#8226; e_mob","isPartOf":{"@id":"https:\/\/emob-italia.it\/#website"},"primaryImageOfPage":{"@id":"https:\/\/emob-italia.it\/2023\/01\/20\/newsletter-n-1-20-gennaio-2023\/#primaryimage"},"image":{"@id":"https:\/\/emob-italia.it\/2023\/01\/20\/newsletter-n-1-20-gennaio-2023\/#primaryimage"},"thumbnailUrl":"https:\/\/emob-italia.it\/wp-content\/uploads\/2022\/12\/newsletter.jpg","datePublished":"2023-01-20T16:11:01+00:00","dateModified":"2023-04-27T12:09:00+00:00","description":"e_mob \u00e8 il tavolo permanente degli stakeholder della mobilit\u00e0 elettrica in Italia. Organizza ogni anno a Milano la Conferenza Nazionale del settore, nel 2021 in programma dal 16 al 19 ottobre.","breadcrumb":{"@id":"https:\/\/emob-italia.it\/2023\/01\/20\/newsletter-n-1-20-gennaio-2023\/#breadcrumb"},"inLanguage":"en-US","potentialAction":[{"@type":"ReadAction","target":["https:\/\/emob-italia.it\/2023\/01\/20\/newsletter-n-1-20-gennaio-2023\/"]}]},{"@type":"ImageObject","inLanguage":"en-US","@id":"https:\/\/emob-italia.it\/2023\/01\/20\/newsletter-n-1-20-gennaio-2023\/#primaryimage","url":"https:\/\/emob-italia.it\/wp-content\/uploads\/2022\/12\/newsletter.jpg","contentUrl":"https:\/\/emob-italia.it\/wp-content\/uploads\/2022\/12\/newsletter.jpg","width":1140,"height":380,"caption":"Newsletter E_Mob Italia"},{"@type":"BreadcrumbList","@id":"https:\/\/emob-italia.it\/2023\/01\/20\/newsletter-n-1-20-gennaio-2023\/#breadcrumb","itemListElement":[{"@type":"ListItem","position":1,"name":"Home","item":"https:\/\/emob-italia.it\/en\/"},{"@type":"ListItem","position":2,"name":"Newsletter n.1 &#8211; 20 Gennaio 2023"}]},{"@type":"WebSite","@id":"https:\/\/emob-italia.it\/#website","url":"https:\/\/emob-italia.it\/","name":"e_mob","description":"Mobilit\u00e0 Elettrica","publisher":{"@id":"https:\/\/emob-italia.it\/#organization"},"potentialAction":[{"@type":"SearchAction","target":{"@type":"EntryPoint","urlTemplate":"https:\/\/emob-italia.it\/?s={search_term_string}"},"query-input":"required name=search_term_string"}],"inLanguage":"en-US"},{"@type":"Organization","@id":"https:\/\/emob-italia.it\/#organization","name":"Class Onlus","url":"https:\/\/emob-italia.it\/","logo":{"@type":"ImageObject","inLanguage":"en-US","@id":"https:\/\/emob-italia.it\/#\/schema\/logo\/image\/","url":"https:\/\/emob-italia.it\/wp-content\/uploads\/2019\/03\/0_CLASS-ONLUS-logo-web.png","contentUrl":"https:\/\/emob-italia.it\/wp-content\/uploads\/2019\/03\/0_CLASS-ONLUS-logo-web.png","width":598,"height":202,"caption":"Class Onlus"},"image":{"@id":"https:\/\/emob-italia.it\/#\/schema\/logo\/image\/"},"sameAs":["https:\/\/www.facebook.com\/emobitalia\/","https:\/\/www.instagram.com\/e_mob_italia\/","https:\/\/www.linkedin.com\/groups\/12186185\/","https:\/\/www.youtube.com\/channel\/UCvnTcrhggAX_AkFwGxRfqFw\/featured?view_as=subscriber"]},{"@type":"Person","@id":"https:\/\/emob-italia.it\/#\/schema\/person\/59871c976b1a5e842e3d0b98901e4f6d","name":"Redazione","image":{"@type":"ImageObject","inLanguage":"en-US","@id":"https:\/\/emob-italia.it\/#\/schema\/person\/image\/","url":"https:\/\/secure.gravatar.com\/avatar\/5389093e19decc01f17a4f367aa6ce45?s=96&r=g","contentUrl":"https:\/\/secure.gravatar.com\/avatar\/5389093e19decc01f17a4f367aa6ce45?s=96&r=g","caption":"Redazione"},"url":"https:\/\/emob-italia.it\/en\/author\/redazione\/"}]}},"_links":{"self":[{"href":"https:\/\/emob-italia.it\/en\/wp-json\/wp\/v2\/posts\/61464"}],"collection":[{"href":"https:\/\/emob-italia.it\/en\/wp-json\/wp\/v2\/posts"}],"about":[{"href":"https:\/\/emob-italia.it\/en\/wp-json\/wp\/v2\/types\/post"}],"author":[{"embeddable":true,"href":"https:\/\/emob-italia.it\/en\/wp-json\/wp\/v2\/users\/19"}],"replies":[{"embeddable":true,"href":"https:\/\/emob-italia.it\/en\/wp-json\/wp\/v2\/comments?post=61464"}],"version-history":[{"count":3,"href":"https:\/\/emob-italia.it\/en\/wp-json\/wp\/v2\/posts\/61464\/revisions"}],"predecessor-version":[{"id":61670,"href":"https:\/\/emob-italia.it\/en\/wp-json\/wp\/v2\/posts\/61464\/revisions\/61670"}],"wp:featuredmedia":[{"embeddable":true,"href":"https:\/\/emob-italia.it\/en\/wp-json\/wp\/v2\/media\/61384"}],"wp:attachment":[{"href":"https:\/\/emob-italia.it\/en\/wp-json\/wp\/v2\/media?parent=61464"}],"wp:term":[{"taxonomy":"category","embeddable":true,"href":"https:\/\/emob-italia.it\/en\/wp-json\/wp\/v2\/categories?post=61464"},{"taxonomy":"post_tag","embeddable":true,"href":"https:\/\/emob-italia.it\/en\/wp-json\/wp\/v2\/tags?post=61464"}],"curies":[{"name":"wp","href":"https:\/\/api.w.org\/{rel}","templated":true}]}}