{"id":55622,"date":"2019-10-03T09:57:33","date_gmt":"2019-10-03T07:57:33","guid":{"rendered":"https:\/\/emob-italia.it\/?p=55622"},"modified":"2020-06-03T09:34:44","modified_gmt":"2020-06-03T07:34:44","slug":"mobilita-elettrica-a-convegno-a-milano-idee-e-soluzioni-per-un-futuro-migliore","status":"publish","type":"post","link":"https:\/\/emob-italia.it\/en\/2019\/10\/03\/mobilita-elettrica-a-convegno-a-milano-idee-e-soluzioni-per-un-futuro-migliore\/","title":{"rendered":"Mobilit\u00e0 elettrica a convegno a Milano: idee e soluzioni per un futuro migliore"},"content":{"rendered":"\n[et_pb_section fb_built=&#8221;1&#8243; _builder_version=&#8221;3.29.3&#8243;][et_pb_row _builder_version=&#8221;3.29.3&#8243;][et_pb_column _builder_version=&#8221;3.29.3&#8243; type=&#8221;4_4&#8243;][et_pb_text _builder_version=&#8221;3.29.3&#8243; hover_enabled=&#8221;0&#8243;]<p><i><span style=\"font-weight: 400;\">Milano, gioved\u00ec 26 settembre &#8211;<\/span><\/i><span style=\"font-weight: 400;\"> La Conferenza Nazionale della Mobilit\u00e0 Elettrica ha inaugurato, gioved\u00ec 26 settembre, a Milano, la terza edizione di <\/span><b>e_mob<\/b><span style=\"font-weight: 400;\">. A <\/span><b>Palazzo Lombardia<\/b><span style=\"font-weight: 400;\">, sede della Regione Lombardia, amministratori pubblici, operatori del settore e addetti ai lavori hanno presentato le best practices dei Comuni aderenti alla Carta Metropolitana della Mobilit\u00e0 Elettrica. <\/span><span style=\"font-weight: 400;\">Aprendo i lavori, <\/span><b>Giancarlo Morandi, <\/b><span style=\"font-weight: 400;\">Chairman Comitato Promotore Presidente di <\/span><b>COBAT<\/b><span style=\"font-weight: 400;\">, la grande piattaforma italiana di servizi per l\u2019economia circolare, ha ricordato come nell\u2019arco di quattro anni in Italia sono sensibilmente aumentati i Comuni che aderiscono alla <\/span><span style=\"font-weight: 400;\">Carta Metropolitana della Mobilit\u00e0 Elettrica: <\/span><i><span style=\"font-weight: 400;\">\u00abOggi sono 132, in rappresentanza di circa 22 milioni di abitanti. Quando siamo partiti, erano solo cinque. C\u2019\u00e8 ancora molto da fare, ma ci occupiamo di auto elettrica perch\u00e9 vogliamo guardare al futuro e con l\u2019auto elettrica possiamo determinarlo\u00bb.<\/span><\/i><\/p>\n[\/et_pb_text][\/et_pb_column][\/et_pb_row][et_pb_row _builder_version=&#8221;3.29.3&#8243; column_structure=&#8221;1_2,1_2&#8243;][et_pb_column _builder_version=&#8221;3.29.3&#8243; type=&#8221;1_2&#8243;][et_pb_text _builder_version=&#8221;3.29.3&#8243; hover_enabled=&#8221;0&#8243;]<p><span style=\"font-weight: 400;\">L\u2019incontro \u00e8 stata moderato da <\/span><b>Marco Granelli,<\/b> <b>assessore Mobilit\u00e0 e Lavori Pubblici del Comune di Milano, <\/b><span style=\"font-weight: 400;\">il quale ha sottolineato che la sfida da vincere \u00e8 capire come le istituzioni, le imprese e la tecnologia possano mettere a disposizione dei consumatori strumenti facili, semplici e accessibili a tutti: <\/span><i><span style=\"font-weight: 400;\">\u00abFino a quando non si arriver\u00e0 a questo risultato, la mobilit\u00e0 elettrica non riuscir\u00e0 a compiere il grande salto\u00bb.<\/span><\/i><span style=\"font-weight: 400;\"> Tra gli altri amministratori pubblici intervenuti, <\/span><b>Claudia Maria Terzi,<\/b> <b>assessore alle Infrastrutture, trasporti e mobilit\u00e0 sostenibile della Regione Lombardia,<\/b><span style=\"font-weight: 400;\"> ha sottolineato che la mobilit\u00e0 elettrica ha un impatto fondamentale sul miglioramento della qualit\u00e0 della vita dei cittadini e ha ricordato che Regione Lombardia si \u00e8 mossa prima di altre istituzioni per favorire la svolta \u201cgreen\u201d con incentivi per il rinnovamento del parco circolante (con la sostituzione dei veicoli pi\u00f9 inquinanti) e l\u2019acquisto di auto elettriche (che si possono sommare agli incentivi statali), ma anche con agevolazioni per l\u2019installazione delle colonnine di ricarica delle auto elettriche per le pubbliche amministrazioni e per i privati.\u00a0<\/span><\/p>\n[\/et_pb_text][\/et_pb_column][et_pb_column _builder_version=&#8221;3.29.3&#8243; type=&#8221;1_2&#8243;][et_pb_image src=&#8221;https:\/\/emob-italia.it\/wp-content\/uploads\/2019\/10\/emob2019_27_ven_1.jpg&#8221; _builder_version=&#8221;3.29.3&#8243; hover_enabled=&#8221;0&#8243;][\/et_pb_image][et_pb_text _builder_version=&#8221;3.29.3&#8243; text_font_size=&#8221;12px&#8221; hover_enabled=&#8221;0&#8243;]<p><em>Giancarlo Morandi a sinistra con Claudia Maria Terzi e Marco Granelli<\/em><\/p>\n[\/et_pb_text][\/et_pb_column][\/et_pb_row][et_pb_row _builder_version=&#8221;3.29.3&#8243;][et_pb_column _builder_version=&#8221;3.29.3&#8243; type=&#8221;4_4&#8243;][et_pb_text _builder_version=&#8221;3.29.3&#8243; hover_enabled=&#8221;0&#8243;]<p><span style=\"font-weight: 400;\">La questione degli incentivi \u00e8 centrale per le amministrazioni pubbliche che intendono puntare sulla mobilit\u00e0 elettrica: il <\/span><b>Comune di Torino<\/b><span style=\"font-weight: 400;\">, ha ricordato <\/span><b>Maria Lapietra<\/b><span style=\"font-weight: 400;\">, assessore comunale alla Mobilit\u00e0, ha in programma l\u2019acquisto di 75 tram elettrici (con fondi pubblici) e il potenziamento della linea metropolitana con l\u2019apertura di quattro nuove stazioni, oltre alla realizzazione di una seconda linea. Nel frattempo, sotto la Mole sono gi\u00e0 in funzione 400 colonnine di ricarica per le auto elettriche e altre 400 seguiranno. Si sta pensando, inoltre, di potenziare il car sharing elettrico, di realizzare stalli per il parcheggio dei veicoli zero emission dedicati ai residenti e di incentivare forme di leasing di veicoli elettrici in condivisione, al fine di ridurre il parco circolane. Non solo: Torino ha messo a punto il Maas, il piano di mobilit\u00e0 al servizio dei cittadini: per un anno, un centinaio di abitanti &#8211; reclutati attraverso un bando che terr\u00e0 conto del coefficiente Isee di chi si candider\u00e0 e privileger\u00e0 coloro che hanno deciso di rottamare la propria auto senza sostituirla con una nuova o che vivono in zone dove sono in programma politiche per disincentivare l\u2019utilizzo del mezzo privato \u2013 avranno a disposizione dei buoni di mobilit\u00e0 da utilizzare per spostarsi, utilizzando servizi di trasporto a basso impatto ambientale, sostenibili e in condivisione.<\/span><\/p>\n<p><span style=\"font-weight: 400;\">Strategia condivisa da <\/span><b>Irene Priolo, assessore alla Mobilit\u00e0<\/b><span style=\"font-weight: 400;\"> del <\/span><b>Comune di Bologna<\/b><span style=\"font-weight: 400;\">, la quale ha sottolineato l\u2019importanza di puntare sul trasporto pubblico, in particolare sui tram, i mezzi pi\u00f9 ecologici, anche per ridurre la congestione. L\u2019idea \u00e8 di riprogettare gli spazi pubblici in modo che possano accogliere le diverse forme di mobilit\u00e0 (come bicicletta, micromobilit\u00e0, trasporto pubblico, servizi in condivisione e cos\u00ec via). A questo proposito, da inizio 2020 nel capoluogo emiliano entrer\u00e0 in vigore, per i residenti del centro storico, l\u2019obbligo di pagare la sosta della seconda (o terza) auto sul suolo pubblico: circa 11.000 i cittadini coinvolti, che dovranno versare 120 euro l\u2019anno. Introiti che finanzieranno i bonus mobilit\u00e0 (abbonamenti ai mezzi pubblici, ai taxi, ai servizi di sharing ecc). Allo studio, inoltre, soluzioni per ridurre l\u2019impatto del trasporti merci di prossimit\u00e0 (ultimo miglio). Il prossimo novembre sar\u00e0 approvato il PUMS, il Piano urbano della mobilit\u00e0 sostenibile, che coinvolge 55 Comuni dell\u2019hinterland, in modo da migliorare gli spostamenti dell\u2019intera area metropolitana.<\/span><\/p>\n<p><span style=\"font-weight: 400;\">Esempio virtuoso di trasporto pubblico \u201cpulito\u201d \u00e8 <\/span><b>ATM<\/b><span style=\"font-weight: 400;\">: <\/span><b>Miles Parisi, energy manager<\/b><span style=\"font-weight: 400;\"> dell\u2019azienda milanese, ha confermato l\u2019impegno di rendere, entro il 2030, la flotta dei mezzi pubblici 100% elettrica, attualmente pari al 70%. Un piano gi\u00e0 in atto con l\u2019introduzione di 27 bus elettrici e l\u2019arrivo per il 2020 di 40 nuovi bus e 30 nuovi tram elettrici, che a pieno regime diventeranno rispettivamente 250 e 80. Saranno inoltre realizzati tre depositi elettrici e 36 capolinea saranno equipaggiati con sistemi di ricarica veloce, affinch\u00e9 i bus non debbano rientrare in deposito per il \u201crifornimento\u201d. L\u2019investimento complessivo \u00e8 pari a 1,5 miliardi di euro.<\/span><\/p>\n[\/et_pb_text][\/et_pb_column][\/et_pb_row][et_pb_row _builder_version=&#8221;3.29.3&#8243; column_structure=&#8221;1_2,1_2&#8243;][et_pb_column _builder_version=&#8221;3.29.3&#8243; type=&#8221;1_2&#8243;][et_pb_text _builder_version=&#8221;3.29.3&#8243; hover_enabled=&#8221;0&#8243;]<h4><b>Operatori del settore<\/b><\/h4>\n<p><b>Alberto Piglia,<\/b><span style=\"font-weight: 400;\"> amministratore delegato <\/span><b>Head of e-Mobility Enel X<\/b><span style=\"font-weight: 400;\">, ha confermato l\u2019impegno di Enel con 28.000 punti di ricarica entro il 2022 in Italia e la volont\u00e0 di potenziare la ricarica Fast e UltraFast, oggi di circa 200 colonnine. Per rendere operativo tale piano, per\u00f2, Piglia ha sottolineato l\u2019esigenza di semplificare e uniformare tra le diverse amministrazioni gli adempimenti normativi per l\u2019installazione. Nel frattempo, Enel X guarda all\u2019Europa con l\u2019ingresso in Hubject, joint-venture per la mobilit\u00e0 elettrica che rende accessibile la ricarica in oltre 200.000 \u201cprese\u201d in tutto il Vecchio Continente.<\/span><\/p>\n<p><span style=\"font-weight: 400;\">Simili sono i progetti illustrati da <\/span><b>Paolo Meneghini\u00a0 <\/b><span style=\"font-weight: 400;\">e<\/span><b> Tommaso Maria Galassi, <\/b><span style=\"font-weight: 400;\">rispettivamente <\/span><b>presidente e amministratore delegato di\u00a0 A2A Energy Solutions <\/b><span style=\"font-weight: 400;\">\u00a0e <\/span><b>direttore mercato PMI<\/b><span style=\"font-weight: 400;\"> di <\/span><b>Edison. <\/b><span style=\"font-weight: 400;\">Entrambi puntano a fornire ad aziende e a piccole e medie imprese soluzioni integrate comprensive non solo della fornitura energetica, ma anche di colonnine di ricarica, soluzioni di risparmio energetico, installazione di pannelli fotovoltaici e sistemi di accumulo dell\u2019energia.<\/span><span style=\"font-size: 14px;\">\u00a0\u00a0<\/span><\/p>[\/et_pb_text][\/et_pb_column][et_pb_column _builder_version=&#8221;3.29.3&#8243; type=&#8221;1_2&#8243;][et_pb_image src=&#8221;https:\/\/emob-italia.it\/wp-content\/uploads\/2019\/10\/emob2019_27settembre_009.jpg&#8221; _builder_version=&#8221;3.29.3&#8243; hover_enabled=&#8221;0&#8243;][\/et_pb_image][\/et_pb_column][\/et_pb_row][et_pb_row _builder_version=&#8221;3.29.3&#8243;][et_pb_column _builder_version=&#8221;3.29.3&#8243; type=&#8221;4_4&#8243;][et_pb_text _builder_version=&#8221;3.29.3&#8243; hover_enabled=&#8221;0&#8243;]<p><span>Alle soluzioni integrate per le aziende, <\/span><b>Hera Comm<\/b><span>, spiega il direttore generale <\/span><b>Isabella Malagoli<\/b><span>, aggiunge le proposte per le famiglie (dalla wall box alle agevolazioni per il servizio di car sharing bolognese).<\/span><\/p>\n<h4><b><\/b><\/h4>\n<h4><b><\/b><\/h4>\n<h4><b>L\u2019industria automotive<\/b><\/h4>\n<p><b>Roberto Di Stefano,<\/b><span style=\"font-weight: 400;\"> Head of e-Mobility Emea region FCA Italy, ha messo in evidenza che FCA sta affrontando l\u2019impegnativa sfida verso una mobilit\u00e0 a bassa emissione di CO<\/span><span style=\"font-weight: 400;\">2<\/span><span style=\"font-weight: 400;\"> con un\u2019ampia gamma di tecnologie sulle vetture per poter rispondere a tutte le necessit\u00e0 dei clienti. \u00abPer FCA &#8211; ha spiegato Di Stefano &#8211; i fattori abilitanti affinch\u00e9 la mobilit\u00e0 elettrica si realizzi, soprattutto in Italia, sono il coordinamento delle politiche di incentivazione e di circolazione, in particolare in ambito urbano, per garantire al cliente un quadro chiaro e certo nel momento in cui valuta l\u2019acquisto di queste vetture. Inoltre, \u00e8 necessario fornire supporto agli investimenti per le infrastrutture di ricarica &#8211; pubbliche e private &#8211; sia all\u2019acquisto sia semplificando e rendendo coerenti le procedure per le differenti installazioni. Sul piano industriale, \u00e8 stato ribadito il ruolo centrale che avr\u00e0 l\u2019Italia nella strategia FCA di e-Mobility. La 500 BEV, che presto sar\u00e0 prodotta nello stabilimento di Mirafiori, \u00e8 stata ideata, disegnata e quindi ingegnerizzata a Torino, dove FCA sta implementando un centro di eccellenza sull\u2019elettrico. Inoltre, lo stabilimento di Melfi sta lavorando per poter produrre le Jeep Renegade e Compass PHEV, cos\u00ec come far\u00e0 Pomigliano per la Panda ibrida. Complessivamente, FCA introdurr\u00e0 13 modelli totalmente nuovi o profondamente rinnovati e un piano di elettrificazione con l\u2019inserimento in gamma di 12 versioni elettriche di modelli nuovi o gi\u00e0 esistenti. Prodotto, ma non solo: FCA vuole diventare un fornitore di servizi per la mobilit\u00e0 elettrica a tutto tondo.\u00a0<\/span><\/p>\n<p><b>Andrea Valente, <\/b><span style=\"font-weight: 400;\">dirigente del <\/span><b>gruppo PSA e General Manager Free2Move Italia,<\/b><span style=\"font-weight: 400;\"> ha ricordato che a partire dal 2020 saranno introdotti otto modelli tra ibridi plug-in ed elettrici e che il servizio di car sharing elettrico \u201cFree2Move\u201d, gi\u00e0 presente all\u2019estero, potrebbe approdare a Milano nei prossimi mesi.\u00a0<\/span><\/p>\n<p><b>Bosch <\/b><span style=\"font-weight: 400;\">\u00e8 attiva in tutti i comparti della mobilit\u00e0, dall\u2019e-bike fino ai veicoli industriali Fuel Cell: un impegno, ricorda<\/span><b> Federico Brivio, Director Electrification Customer Projects Bosch, <\/b><span style=\"font-weight: 400;\">che ha richiesto un investimento di 400 milioni di euro l\u2019anno e che ha portato alla messa a punta di 50 progetti elettrici e ibridi, sviluppati per i diversi settori della mobilit\u00e0.\u00a0<\/span><\/p>\n<h4><b><\/b><\/h4>\n<h4><b><\/b><\/h4>\n<h4><b><\/b><\/h4>\n<h4><b>Formazione e regolamenti<\/b><\/h4>\n<p><b>Massimo Ferlini<\/b><span style=\"font-weight: 400;\">, presidente di <\/span><b>Formaper<\/b><span style=\"font-weight: 400;\">, azienda speciale della <\/span><b>Camera di commercio di Milano Monza Brianza Lodi<\/b><span style=\"font-weight: 400;\">, ha posto l\u2019accento sulla formazione e sulla nascita di nuove figure professionali legate allo sviluppo della mobilit\u00e0 elettrica: <\/span><i><span style=\"font-weight: 400;\">\u00abPromuovere la cultura dell\u2019elettrico significa investire su nuove professionalit\u00e0. Per questo siamo impegnati a contribuire attivamente allo sviluppo di competenze sempre allineate con le nuove sfide, al fianco degli operatori del settore con attivit\u00e0 di approfondimento, supporto e formazione di figure professionali che saranno sempre pi\u00f9 chiamate a reinventarsi, adeguando le proprie abilit\u00e0 alle innovazioni in atto\u00bb.<\/span><\/i><\/p>\n<p><span style=\"font-weight: 400;\">A conclusione dei lavori, <\/span><b>Stefano Besseghini<\/b><b><i>, <\/i><\/b><span style=\"font-weight: 400;\">presidente <\/span><b>ARERA<\/b><i><span style=\"font-weight: 400;\">, <\/span><\/i><span style=\"font-weight: 400;\">l\u2019Autorit\u00e0 di regolazione per energia reti e ambiente<\/span><i><span style=\"font-weight: 400;\">, <\/span><\/i><span style=\"font-weight: 400;\">ha ricordato che sono state avanzate otto proposte a favore della mobilit\u00e0 elettrica che potrebbero concretizzarsi nei prossimi anni.<\/span><\/p>\n<p><span style=\"font-weight: 400;\"><\/p>\n<p><\/span><\/p>\n<p><i><span style=\"font-weight: 400;\">e_mob \u00e8 un coordinamento di istituzioni, aziende e associazioni attive nel promuovere la mobilit\u00e0 elettrica come strumento per rendere pi\u00f9 sostenibile il comparto dei trasporti. Organizza l\u2019omonima rassegna e_mob, il pi\u00f9 importante evento in Italia legato ai temi della mobilit\u00e0 elettrica col fine di diffondere la cultura di un sistema ambientale sostenibile, anche tramite la Conferenza Nazionale della Mobilit\u00e0 Elettrica.\u00a0<\/span><\/i><a href=\"http:\/\/www.emob-italia.it\/\"><i><span style=\"font-weight: 400;\">www.emob-italia.it\/<\/span><\/i><\/a><i><span style=\"font-weight: 400;\">\u00a0&#8211;\u00a0<\/span><\/i><a href=\"http:\/\/www.facebook.com\/emobitalia\/\"><i><span style=\"font-weight: 400;\">facebook<\/span><\/i><\/a><i><span style=\"font-weight: 400;\">\u00a0\u2013\u00a0<\/span><\/i><a href=\"https:\/\/www.instagram.com\/e_mob_italia\/\"><i><span style=\"font-weight: 400;\">instagram<\/span><\/i><\/a><i><span style=\"font-weight: 400;\">\u00a0\u2013\u00a0<\/span><\/i><a href=\"http:\/\/twitter.com\/EmobItalia\"><i><span style=\"font-weight: 400;\">twitter<\/span><\/i><\/a><i><span style=\"font-weight: 400;\">\u00a0&#8211;\u00a0<\/span><\/i><a href=\"http:\/\/www.linkedin.com\/groups\/12186185\/\"><i><span style=\"font-weight: 400;\">linkedin<\/span><\/i><\/a><\/p>\n<p><span style=\"font-weight: 400;\">\u00a0<\/span><\/p>\n<p><b>Comitato promotore<\/b><\/p>\n<p><span style=\"font-weight: 400;\">Comune di Milano, Regione Lombardia, Camera di Commercio di Milano Monza Brianza Lodi, A2A, ATM Milano, Class Onlus, Consorzio Cobat, Edison, Enel X, Gruppo Hera<\/span><\/p>\n<p><b>Comitato scientifico<\/b><\/p>\n<p><span style=\"font-weight: 400;\">Adiconsum, Agens, AMAT, Amsa, Anaci, Cei Cives, Cisambiente Confindustria, Ancma Confindustria, Elettricit\u00e0 Futura, Innovhub, Link Campus University, Motus-e, RSE Ricerca Sistema Energetico, United S.p.A., Utilitalia\u00a0<\/span><\/p>\n<p><b>Patrocini<\/b><\/p>\n<p><span style=\"font-weight: 400;\">Ministero dell\u2019Ambiente e della Tutela del Territorio e del Mare, Anci, Fondazione Cariplo<\/span><\/p>\n<p><span style=\"font-weight: 400;\"><br \/><\/span><b>Citt\u00e0 promotrici della Carta della Mobilit\u00e0 Elettrica<\/b><\/p>\n<p><span style=\"font-weight: 400;\">Milano, Torino, Firenze, Varese, Bologna<\/span><\/p>\n<p><b>I protagonisti<\/b><\/p>\n<p><span style=\"font-weight: 400;\">Askoll, Be charge, Bosch, Business Sweden, CIRC, Cisambiente, Daze Technology, E-Gap<\/span><\/p>\n<p><span style=\"font-weight: 400;\">E-Vai, Energica, Fiat Chrysler Automobiles, Groupe PSA, Jaguar, MiMoto, Niinivirta, Nissan, Niu, PowerMe, Renault, Ressolar, Scame, Share Now, Tokheim, Volkswagen, Volvo<\/span><\/p>\n<p><span style=\"font-weight: 400;\"><\/p>\n<p><\/span><\/p>\n<p><b>Media Partner<\/b><\/p>\n<p><span style=\"font-weight: 400;\">EMC, Evlist, InSella, La Stampa TuttoGreen, IGP Decaux<\/span><span style=\"font-weight: 400;\">.<\/span><\/p>\n<p><span style=\"font-weight: 400;\">\u00a0<\/span><\/p>\n<p><b>CONTATTI STAMPA<\/b><\/p>\n<p><a href=\"mailto:press@emob2018.it\"><span style=\"font-weight: 400;\">press@<\/span><\/a><span style=\"font-weight: 400;\">emob-italia.it<\/span><\/p>\n<p><a href=\"http:\/\/emob-italia.it\/comunicati-stampa\/\"><span style=\"font-weight: 400;\">emob-italia.it\/comunicati-stampa\/<\/span><\/a><\/p>\n<p><span style=\"font-weight: 400;\">Stefano Panzeri 338.4042667<\/span><\/p>\n<p><span style=\"font-weight: 400;\"><\/p>\n<p><\/span><\/p>\n<p><span style=\"font-weight: 400;\">facebook: <\/span><a href=\"http:\/\/www.facebook.com\/emobitalia\/\"><span style=\"font-weight: 400;\">www.facebook.com\/emobitalia\/<\/span><\/a><\/p>\n<p><span style=\"font-weight: 400;\">twitter: <\/span><a href=\"http:\/\/www.twitter.com\/EmobItalia\"><span style=\"font-weight: 400;\">www.twitter.com\/EmobItalia<\/span><\/a><\/p>\n<p><span style=\"font-weight: 400;\">instagram: <\/span><a href=\"http:\/\/www.instagram.com\/e_mob_italia\/\"><span style=\"font-weight: 400;\">www.instagram.com\/e_mob_italia\/<\/span><\/a><\/p>\n<p><span style=\"font-weight: 400;\">linkedin: <\/span><a href=\"http:\/\/www.linkedin.com\/groups\/12186185\/\"><span style=\"font-weight: 400;\">www.linkedin.com\/groups\/12186185\/<\/span><\/a><span style=\"font-weight: 400;\">\u00a0<\/span><\/p>\n[\/et_pb_text][\/et_pb_column][\/et_pb_row][\/et_pb_section]\n","protected":false},"excerpt":{"rendered":"<p>Milano, gioved\u00ec 26 settembre &#8211; La Conferenza Nazionale della Mobilit\u00e0 Elettrica ha inaugurato, gioved\u00ec 26 settembre, a Milano, la terza edizione di e_mob. A Palazzo Lombardia, sede della Regione Lombardia, amministratori pubblici, operatori del settore e addetti ai lavori hanno presentato le best practices dei Comuni aderenti alla Carta Metropolitana della Mobilit\u00e0 Elettrica. Aprendo i [&hellip;]<\/p>\n","protected":false},"author":2,"featured_media":55632,"comment_status":"open","ping_status":"open","sticky":false,"template":"","format":"standard","meta":{"_et_pb_use_builder":"on","_et_pb_old_content":"","_et_gb_content_width":"","_exactmetrics_skip_tracking":false,"_exactmetrics_sitenote_active":false,"_exactmetrics_sitenote_note":"","_exactmetrics_sitenote_category":0,"footnotes":""},"categories":[27,319],"tags":[180,10,11],"yoast_head":"<!-- This site is optimized with the Yoast SEO plugin v22.9 - https:\/\/yoast.com\/wordpress\/plugins\/seo\/ -->\n<title>Mobilit\u00e0 elettrica a convegno a Milano: idee e soluzioni per un futuro migliore &#8226; e_mob<\/title>\n<meta name=\"description\" content=\"e_mob \u00e8 il tavolo permanente degli stakeholder della mobilit\u00e0 elettrica in Italia. Organizza ogni anno a Milano la Conferenza Nazionale del settore, nel 2021 in programma dal 16 al 19 ottobre.\" \/>\n<meta name=\"robots\" content=\"index, follow, max-snippet:-1, max-image-preview:large, max-video-preview:-1\" \/>\n<link rel=\"canonical\" href=\"https:\/\/emob-italia.it\/2019\/10\/03\/mobilita-elettrica-a-convegno-a-milano-idee-e-soluzioni-per-un-futuro-migliore\/\" \/>\n<meta property=\"og:locale\" content=\"en_US\" \/>\n<meta property=\"og:type\" content=\"article\" \/>\n<meta property=\"og:title\" content=\"Mobilit\u00e0 elettrica a convegno a Milano: idee e soluzioni per un futuro migliore &#8226; e_mob\" \/>\n<meta property=\"og:description\" content=\"e_mob \u00e8 il tavolo permanente degli stakeholder della mobilit\u00e0 elettrica in Italia. Organizza ogni anno a Milano la Conferenza Nazionale del settore, nel 2021 in programma dal 16 al 19 ottobre.\" \/>\n<meta property=\"og:url\" content=\"https:\/\/emob-italia.it\/2019\/10\/03\/mobilita-elettrica-a-convegno-a-milano-idee-e-soluzioni-per-un-futuro-migliore\/\" \/>\n<meta property=\"og:site_name\" content=\"e_mob\" \/>\n<meta property=\"article:publisher\" content=\"https:\/\/www.facebook.com\/emobitalia\/\" \/>\n<meta property=\"article:published_time\" content=\"2019-10-03T07:57:33+00:00\" \/>\n<meta property=\"article:modified_time\" content=\"2020-06-03T07:34:44+00:00\" \/>\n<meta property=\"og:image\" content=\"https:\/\/emob-italia.it\/wp-content\/uploads\/2019\/10\/emob2019_26settembre_052.jpg\" \/>\n\t<meta property=\"og:image:width\" content=\"1200\" \/>\n\t<meta property=\"og:image:height\" content=\"630\" \/>\n\t<meta property=\"og:image:type\" content=\"image\/jpeg\" \/>\n<meta name=\"author\" content=\"Nadia Paglia\" \/>\n<meta name=\"twitter:label1\" content=\"Written by\" \/>\n\t<meta name=\"twitter:data1\" content=\"Nadia Paglia\" \/>\n\t<meta name=\"twitter:label2\" content=\"Est. reading time\" \/>\n\t<meta name=\"twitter:data2\" content=\"10 minutes\" \/>\n<script type=\"application\/ld+json\" class=\"yoast-schema-graph\">{\"@context\":\"https:\/\/schema.org\",\"@graph\":[{\"@type\":\"Article\",\"@id\":\"https:\/\/emob-italia.it\/2019\/10\/03\/mobilita-elettrica-a-convegno-a-milano-idee-e-soluzioni-per-un-futuro-migliore\/#article\",\"isPartOf\":{\"@id\":\"https:\/\/emob-italia.it\/2019\/10\/03\/mobilita-elettrica-a-convegno-a-milano-idee-e-soluzioni-per-un-futuro-migliore\/\"},\"author\":{\"name\":\"Nadia Paglia\",\"@id\":\"https:\/\/emob-italia.it\/#\/schema\/person\/e96f2fe472d4dcca75c9ca51f8951bc5\"},\"headline\":\"Mobilit\u00e0 elettrica a convegno a Milano: idee e soluzioni per un futuro migliore\",\"datePublished\":\"2019-10-03T07:57:33+00:00\",\"dateModified\":\"2020-06-03T07:34:44+00:00\",\"mainEntityOfPage\":{\"@id\":\"https:\/\/emob-italia.it\/2019\/10\/03\/mobilita-elettrica-a-convegno-a-milano-idee-e-soluzioni-per-un-futuro-migliore\/\"},\"wordCount\":1931,\"commentCount\":0,\"publisher\":{\"@id\":\"https:\/\/emob-italia.it\/#organization\"},\"image\":{\"@id\":\"https:\/\/emob-italia.it\/2019\/10\/03\/mobilita-elettrica-a-convegno-a-milano-idee-e-soluzioni-per-un-futuro-migliore\/#primaryimage\"},\"thumbnailUrl\":\"https:\/\/emob-italia.it\/wp-content\/uploads\/2019\/10\/emob2019_26settembre_052.jpg\",\"keywords\":[\"emob2019\",\"mobilit\u00e0 elettrica\",\"Mobilit\u00e0 Sostenibile\"],\"articleSection\":[\"Comunicati stampa\",\"Ottobre 2019\"],\"inLanguage\":\"en-US\",\"potentialAction\":[{\"@type\":\"CommentAction\",\"name\":\"Comment\",\"target\":[\"https:\/\/emob-italia.it\/2019\/10\/03\/mobilita-elettrica-a-convegno-a-milano-idee-e-soluzioni-per-un-futuro-migliore\/#respond\"]}]},{\"@type\":\"WebPage\",\"@id\":\"https:\/\/emob-italia.it\/2019\/10\/03\/mobilita-elettrica-a-convegno-a-milano-idee-e-soluzioni-per-un-futuro-migliore\/\",\"url\":\"https:\/\/emob-italia.it\/2019\/10\/03\/mobilita-elettrica-a-convegno-a-milano-idee-e-soluzioni-per-un-futuro-migliore\/\",\"name\":\"Mobilit\u00e0 elettrica a convegno a Milano: idee e soluzioni per un futuro migliore &#8226; e_mob\",\"isPartOf\":{\"@id\":\"https:\/\/emob-italia.it\/#website\"},\"primaryImageOfPage\":{\"@id\":\"https:\/\/emob-italia.it\/2019\/10\/03\/mobilita-elettrica-a-convegno-a-milano-idee-e-soluzioni-per-un-futuro-migliore\/#primaryimage\"},\"image\":{\"@id\":\"https:\/\/emob-italia.it\/2019\/10\/03\/mobilita-elettrica-a-convegno-a-milano-idee-e-soluzioni-per-un-futuro-migliore\/#primaryimage\"},\"thumbnailUrl\":\"https:\/\/emob-italia.it\/wp-content\/uploads\/2019\/10\/emob2019_26settembre_052.jpg\",\"datePublished\":\"2019-10-03T07:57:33+00:00\",\"dateModified\":\"2020-06-03T07:34:44+00:00\",\"description\":\"e_mob \u00e8 il tavolo permanente degli stakeholder della mobilit\u00e0 elettrica in Italia. Organizza ogni anno a Milano la Conferenza Nazionale del settore, nel 2021 in programma dal 16 al 19 ottobre.\",\"breadcrumb\":{\"@id\":\"https:\/\/emob-italia.it\/2019\/10\/03\/mobilita-elettrica-a-convegno-a-milano-idee-e-soluzioni-per-un-futuro-migliore\/#breadcrumb\"},\"inLanguage\":\"en-US\",\"potentialAction\":[{\"@type\":\"ReadAction\",\"target\":[\"https:\/\/emob-italia.it\/2019\/10\/03\/mobilita-elettrica-a-convegno-a-milano-idee-e-soluzioni-per-un-futuro-migliore\/\"]}]},{\"@type\":\"ImageObject\",\"inLanguage\":\"en-US\",\"@id\":\"https:\/\/emob-italia.it\/2019\/10\/03\/mobilita-elettrica-a-convegno-a-milano-idee-e-soluzioni-per-un-futuro-migliore\/#primaryimage\",\"url\":\"https:\/\/emob-italia.it\/wp-content\/uploads\/2019\/10\/emob2019_26settembre_052.jpg\",\"contentUrl\":\"https:\/\/emob-italia.it\/wp-content\/uploads\/2019\/10\/emob2019_26settembre_052.jpg\",\"width\":1200,\"height\":630},{\"@type\":\"BreadcrumbList\",\"@id\":\"https:\/\/emob-italia.it\/2019\/10\/03\/mobilita-elettrica-a-convegno-a-milano-idee-e-soluzioni-per-un-futuro-migliore\/#breadcrumb\",\"itemListElement\":[{\"@type\":\"ListItem\",\"position\":1,\"name\":\"Home\",\"item\":\"https:\/\/emob-italia.it\/en\/\"},{\"@type\":\"ListItem\",\"position\":2,\"name\":\"Mobilit\u00e0 elettrica a convegno a Milano: idee e soluzioni per un futuro migliore\"}]},{\"@type\":\"WebSite\",\"@id\":\"https:\/\/emob-italia.it\/#website\",\"url\":\"https:\/\/emob-italia.it\/\",\"name\":\"e_mob\",\"description\":\"Mobilit\u00e0 Elettrica\",\"publisher\":{\"@id\":\"https:\/\/emob-italia.it\/#organization\"},\"potentialAction\":[{\"@type\":\"SearchAction\",\"target\":{\"@type\":\"EntryPoint\",\"urlTemplate\":\"https:\/\/emob-italia.it\/?s={search_term_string}\"},\"query-input\":\"required name=search_term_string\"}],\"inLanguage\":\"en-US\"},{\"@type\":\"Organization\",\"@id\":\"https:\/\/emob-italia.it\/#organization\",\"name\":\"Class Onlus\",\"url\":\"https:\/\/emob-italia.it\/\",\"logo\":{\"@type\":\"ImageObject\",\"inLanguage\":\"en-US\",\"@id\":\"https:\/\/emob-italia.it\/#\/schema\/logo\/image\/\",\"url\":\"https:\/\/emob-italia.it\/wp-content\/uploads\/2019\/03\/0_CLASS-ONLUS-logo-web.png\",\"contentUrl\":\"https:\/\/emob-italia.it\/wp-content\/uploads\/2019\/03\/0_CLASS-ONLUS-logo-web.png\",\"width\":598,\"height\":202,\"caption\":\"Class Onlus\"},\"image\":{\"@id\":\"https:\/\/emob-italia.it\/#\/schema\/logo\/image\/\"},\"sameAs\":[\"https:\/\/www.facebook.com\/emobitalia\/\",\"https:\/\/www.instagram.com\/e_mob_italia\/\",\"https:\/\/www.linkedin.com\/groups\/12186185\/\",\"https:\/\/www.youtube.com\/channel\/UCvnTcrhggAX_AkFwGxRfqFw\/featured?view_as=subscriber\"]},{\"@type\":\"Person\",\"@id\":\"https:\/\/emob-italia.it\/#\/schema\/person\/e96f2fe472d4dcca75c9ca51f8951bc5\",\"name\":\"Nadia Paglia\",\"image\":{\"@type\":\"ImageObject\",\"inLanguage\":\"en-US\",\"@id\":\"https:\/\/emob-italia.it\/#\/schema\/person\/image\/\",\"url\":\"https:\/\/secure.gravatar.com\/avatar\/02e0cd654df2106544e1a6f3ee921a91?s=96&r=g\",\"contentUrl\":\"https:\/\/secure.gravatar.com\/avatar\/02e0cd654df2106544e1a6f3ee921a91?s=96&r=g\",\"caption\":\"Nadia Paglia\"},\"url\":\"https:\/\/emob-italia.it\/en\/author\/nadia-paglia\/\"}]}<\/script>\n<!-- \/ Yoast SEO plugin. -->","yoast_head_json":{"title":"Mobilit\u00e0 elettrica a convegno a Milano: idee e soluzioni per un futuro migliore &#8226; e_mob","description":"e_mob \u00e8 il tavolo permanente degli stakeholder della mobilit\u00e0 elettrica in Italia. Organizza ogni anno a Milano la Conferenza Nazionale del settore, nel 2021 in programma dal 16 al 19 ottobre.","robots":{"index":"index","follow":"follow","max-snippet":"max-snippet:-1","max-image-preview":"max-image-preview:large","max-video-preview":"max-video-preview:-1"},"canonical":"https:\/\/emob-italia.it\/2019\/10\/03\/mobilita-elettrica-a-convegno-a-milano-idee-e-soluzioni-per-un-futuro-migliore\/","og_locale":"en_US","og_type":"article","og_title":"Mobilit\u00e0 elettrica a convegno a Milano: idee e soluzioni per un futuro migliore &#8226; e_mob","og_description":"e_mob \u00e8 il tavolo permanente degli stakeholder della mobilit\u00e0 elettrica in Italia. Organizza ogni anno a Milano la Conferenza Nazionale del settore, nel 2021 in programma dal 16 al 19 ottobre.","og_url":"https:\/\/emob-italia.it\/2019\/10\/03\/mobilita-elettrica-a-convegno-a-milano-idee-e-soluzioni-per-un-futuro-migliore\/","og_site_name":"e_mob","article_publisher":"https:\/\/www.facebook.com\/emobitalia\/","article_published_time":"2019-10-03T07:57:33+00:00","article_modified_time":"2020-06-03T07:34:44+00:00","og_image":[{"width":1200,"height":630,"url":"https:\/\/emob-italia.it\/wp-content\/uploads\/2019\/10\/emob2019_26settembre_052.jpg","type":"image\/jpeg"}],"author":"Nadia Paglia","twitter_misc":{"Written by":"Nadia Paglia","Est. reading time":"10 minutes"},"schema":{"@context":"https:\/\/schema.org","@graph":[{"@type":"Article","@id":"https:\/\/emob-italia.it\/2019\/10\/03\/mobilita-elettrica-a-convegno-a-milano-idee-e-soluzioni-per-un-futuro-migliore\/#article","isPartOf":{"@id":"https:\/\/emob-italia.it\/2019\/10\/03\/mobilita-elettrica-a-convegno-a-milano-idee-e-soluzioni-per-un-futuro-migliore\/"},"author":{"name":"Nadia Paglia","@id":"https:\/\/emob-italia.it\/#\/schema\/person\/e96f2fe472d4dcca75c9ca51f8951bc5"},"headline":"Mobilit\u00e0 elettrica a convegno a Milano: idee e soluzioni per un futuro migliore","datePublished":"2019-10-03T07:57:33+00:00","dateModified":"2020-06-03T07:34:44+00:00","mainEntityOfPage":{"@id":"https:\/\/emob-italia.it\/2019\/10\/03\/mobilita-elettrica-a-convegno-a-milano-idee-e-soluzioni-per-un-futuro-migliore\/"},"wordCount":1931,"commentCount":0,"publisher":{"@id":"https:\/\/emob-italia.it\/#organization"},"image":{"@id":"https:\/\/emob-italia.it\/2019\/10\/03\/mobilita-elettrica-a-convegno-a-milano-idee-e-soluzioni-per-un-futuro-migliore\/#primaryimage"},"thumbnailUrl":"https:\/\/emob-italia.it\/wp-content\/uploads\/2019\/10\/emob2019_26settembre_052.jpg","keywords":["emob2019","mobilit\u00e0 elettrica","Mobilit\u00e0 Sostenibile"],"articleSection":["Comunicati stampa","Ottobre 2019"],"inLanguage":"en-US","potentialAction":[{"@type":"CommentAction","name":"Comment","target":["https:\/\/emob-italia.it\/2019\/10\/03\/mobilita-elettrica-a-convegno-a-milano-idee-e-soluzioni-per-un-futuro-migliore\/#respond"]}]},{"@type":"WebPage","@id":"https:\/\/emob-italia.it\/2019\/10\/03\/mobilita-elettrica-a-convegno-a-milano-idee-e-soluzioni-per-un-futuro-migliore\/","url":"https:\/\/emob-italia.it\/2019\/10\/03\/mobilita-elettrica-a-convegno-a-milano-idee-e-soluzioni-per-un-futuro-migliore\/","name":"Mobilit\u00e0 elettrica a convegno a Milano: idee e soluzioni per un futuro migliore &#8226; e_mob","isPartOf":{"@id":"https:\/\/emob-italia.it\/#website"},"primaryImageOfPage":{"@id":"https:\/\/emob-italia.it\/2019\/10\/03\/mobilita-elettrica-a-convegno-a-milano-idee-e-soluzioni-per-un-futuro-migliore\/#primaryimage"},"image":{"@id":"https:\/\/emob-italia.it\/2019\/10\/03\/mobilita-elettrica-a-convegno-a-milano-idee-e-soluzioni-per-un-futuro-migliore\/#primaryimage"},"thumbnailUrl":"https:\/\/emob-italia.it\/wp-content\/uploads\/2019\/10\/emob2019_26settembre_052.jpg","datePublished":"2019-10-03T07:57:33+00:00","dateModified":"2020-06-03T07:34:44+00:00","description":"e_mob \u00e8 il tavolo permanente degli stakeholder della mobilit\u00e0 elettrica in Italia. Organizza ogni anno a Milano la Conferenza Nazionale del settore, nel 2021 in programma dal 16 al 19 ottobre.","breadcrumb":{"@id":"https:\/\/emob-italia.it\/2019\/10\/03\/mobilita-elettrica-a-convegno-a-milano-idee-e-soluzioni-per-un-futuro-migliore\/#breadcrumb"},"inLanguage":"en-US","potentialAction":[{"@type":"ReadAction","target":["https:\/\/emob-italia.it\/2019\/10\/03\/mobilita-elettrica-a-convegno-a-milano-idee-e-soluzioni-per-un-futuro-migliore\/"]}]},{"@type":"ImageObject","inLanguage":"en-US","@id":"https:\/\/emob-italia.it\/2019\/10\/03\/mobilita-elettrica-a-convegno-a-milano-idee-e-soluzioni-per-un-futuro-migliore\/#primaryimage","url":"https:\/\/emob-italia.it\/wp-content\/uploads\/2019\/10\/emob2019_26settembre_052.jpg","contentUrl":"https:\/\/emob-italia.it\/wp-content\/uploads\/2019\/10\/emob2019_26settembre_052.jpg","width":1200,"height":630},{"@type":"BreadcrumbList","@id":"https:\/\/emob-italia.it\/2019\/10\/03\/mobilita-elettrica-a-convegno-a-milano-idee-e-soluzioni-per-un-futuro-migliore\/#breadcrumb","itemListElement":[{"@type":"ListItem","position":1,"name":"Home","item":"https:\/\/emob-italia.it\/en\/"},{"@type":"ListItem","position":2,"name":"Mobilit\u00e0 elettrica a convegno a Milano: idee e soluzioni per un futuro migliore"}]},{"@type":"WebSite","@id":"https:\/\/emob-italia.it\/#website","url":"https:\/\/emob-italia.it\/","name":"e_mob","description":"Mobilit\u00e0 Elettrica","publisher":{"@id":"https:\/\/emob-italia.it\/#organization"},"potentialAction":[{"@type":"SearchAction","target":{"@type":"EntryPoint","urlTemplate":"https:\/\/emob-italia.it\/?s={search_term_string}"},"query-input":"required name=search_term_string"}],"inLanguage":"en-US"},{"@type":"Organization","@id":"https:\/\/emob-italia.it\/#organization","name":"Class Onlus","url":"https:\/\/emob-italia.it\/","logo":{"@type":"ImageObject","inLanguage":"en-US","@id":"https:\/\/emob-italia.it\/#\/schema\/logo\/image\/","url":"https:\/\/emob-italia.it\/wp-content\/uploads\/2019\/03\/0_CLASS-ONLUS-logo-web.png","contentUrl":"https:\/\/emob-italia.it\/wp-content\/uploads\/2019\/03\/0_CLASS-ONLUS-logo-web.png","width":598,"height":202,"caption":"Class Onlus"},"image":{"@id":"https:\/\/emob-italia.it\/#\/schema\/logo\/image\/"},"sameAs":["https:\/\/www.facebook.com\/emobitalia\/","https:\/\/www.instagram.com\/e_mob_italia\/","https:\/\/www.linkedin.com\/groups\/12186185\/","https:\/\/www.youtube.com\/channel\/UCvnTcrhggAX_AkFwGxRfqFw\/featured?view_as=subscriber"]},{"@type":"Person","@id":"https:\/\/emob-italia.it\/#\/schema\/person\/e96f2fe472d4dcca75c9ca51f8951bc5","name":"Nadia Paglia","image":{"@type":"ImageObject","inLanguage":"en-US","@id":"https:\/\/emob-italia.it\/#\/schema\/person\/image\/","url":"https:\/\/secure.gravatar.com\/avatar\/02e0cd654df2106544e1a6f3ee921a91?s=96&r=g","contentUrl":"https:\/\/secure.gravatar.com\/avatar\/02e0cd654df2106544e1a6f3ee921a91?s=96&r=g","caption":"Nadia Paglia"},"url":"https:\/\/emob-italia.it\/en\/author\/nadia-paglia\/"}]}},"_links":{"self":[{"href":"https:\/\/emob-italia.it\/en\/wp-json\/wp\/v2\/posts\/55622"}],"collection":[{"href":"https:\/\/emob-italia.it\/en\/wp-json\/wp\/v2\/posts"}],"about":[{"href":"https:\/\/emob-italia.it\/en\/wp-json\/wp\/v2\/types\/post"}],"author":[{"embeddable":true,"href":"https:\/\/emob-italia.it\/en\/wp-json\/wp\/v2\/users\/2"}],"replies":[{"embeddable":true,"href":"https:\/\/emob-italia.it\/en\/wp-json\/wp\/v2\/comments?post=55622"}],"version-history":[{"count":0,"href":"https:\/\/emob-italia.it\/en\/wp-json\/wp\/v2\/posts\/55622\/revisions"}],"wp:featuredmedia":[{"embeddable":true,"href":"https:\/\/emob-italia.it\/en\/wp-json\/wp\/v2\/media\/55632"}],"wp:attachment":[{"href":"https:\/\/emob-italia.it\/en\/wp-json\/wp\/v2\/media?parent=55622"}],"wp:term":[{"taxonomy":"category","embeddable":true,"href":"https:\/\/emob-italia.it\/en\/wp-json\/wp\/v2\/categories?post=55622"},{"taxonomy":"post_tag","embeddable":true,"href":"https:\/\/emob-italia.it\/en\/wp-json\/wp\/v2\/tags?post=55622"}],"curies":[{"name":"wp","href":"https:\/\/api.w.org\/{rel}","templated":true}]}}