{"id":55613,"date":"2019-10-03T09:09:47","date_gmt":"2019-10-03T07:09:47","guid":{"rendered":"https:\/\/emob-italia.it\/?p=55613"},"modified":"2020-06-03T09:34:44","modified_gmt":"2020-06-03T07:34:44","slug":"e_mob-2019-fare-sistema-per-rendere-la-mobilita-elettrica-semplice-e-accessibile","status":"publish","type":"post","link":"https:\/\/emob-italia.it\/en\/2019\/10\/03\/e_mob-2019-fare-sistema-per-rendere-la-mobilita-elettrica-semplice-e-accessibile\/","title":{"rendered":"e_mob 2019, fare sistema per rendere la mobilit\u00e0 elettrica semplice e accessibile"},"content":{"rendered":"<p>[et_pb_section fb_built=&#8221;1&#8243; _builder_version=&#8221;3.27.4&#8243; fb_built=&#8221;1&#8243; _i=&#8221;0&#8243; _address=&#8221;0&#8243;][et_pb_row _builder_version=&#8221;3.29.3&#8243; _i=&#8221;0&#8243; _address=&#8221;0.0&#8243;][et_pb_column type=&#8221;4_4&#8243; _builder_version=&#8221;3.29.3&#8243; _i=&#8221;0&#8243; _address=&#8221;0.0.0&#8243;][et_pb_text _builder_version=&#8221;3.29.3&#8243; _i=&#8221;0&#8243; _address=&#8221;0.0.0.0&#8243;]<\/p>\n<p><span style=\"font-weight: 400;\">Milano, 1 ottobre 2019 &#8211; Fare sistema per accelerare e rendere equa la transizione verso la mobilit\u00e0 elettrica. \u00c8 quanto emerso alla terza edizione di <\/span><b>e_mob, il Festival dell\u2019eMobility<\/b><span style=\"font-weight: 400;\"> svoltosi a Palazzo Lombardia dal 26 al 28 settembre. Una tre giorni partecipata con molti convegni \u201ctutti esauriti\u201d e la piazza gremita di curiosi e del \u201cpopolo elettrico\u201d arrivato sabato per il tradizionale raduno \u201csilenzioso\u201d. Ad attrarre gli oltre 10.000 visitatori, 2.500 dei quali registrati ai convegni, sono state le soluzioni \u201cgreen\u201d narrate dai quasi 100 relatori e quelle esposte in Piazza Citt\u00e0 di Lombardia.\u00a0<\/span><\/p>\n<h4><b><\/b><\/h4>\n<h4><b>Transizione per l\u2019ambiente<\/b><\/h4>\n<p><span style=\"font-weight: 400;\">Il filo comune dell\u2019edizione 2019 \u00e8 stata la convinzione che la tecnologia elettrica sia la pi\u00f9 adeguata per rendere i trasporti compatibili con il miglioramento della qualit\u00e0 dell\u2019aria richiesto dall\u2019Unione europea e con l\u2019appello degli scienziati dell\u2019<\/span><b>IPCC<\/b><span style=\"font-weight: 400;\">, l\u2019Intergovernmental Panel on Climate Change, per contrastare i cambiamenti climatici. A conferma della necessit\u00e0 della conversione con la \u201cscossa\u201d sono stati illustrati alcuni studi, come quello presentato da <\/span><b>Ugo Bardi<\/b><span style=\"font-weight: 400;\"> del Club di Roma. La ricerca attesta che l\u2019umanit\u00e0 \u00e8 gi\u00e0 in fase di <\/span><b>overshoot<\/b><span style=\"font-weight: 400;\">, ossia consuma pi\u00f9 risorse di quelle che la Terra \u00e8 in grado di rigenerare nell\u2019arco di un anno e, nel caso dei gas serra, emette pi\u00f9 CO2 di quanto l\u2019ecosistema Terra sia in grado di assorbire. Per rientrare nei parametri stabiliti dall\u2019<\/span><b>Accordo di Parigi<\/b><span style=\"font-weight: 400;\"> si devono prendere diversi provvedimenti, inclusa la transizione verso la mobilit\u00e0 elettrica con una crescita globale del 28% all\u2019anno per i prossimi decenni. <\/span><\/p>\n<p>[\/et_pb_text][\/et_pb_column][\/et_pb_row][et_pb_row column_structure=&#8221;1_2,1_2&#8243; _builder_version=&#8221;3.29.3&#8243; _i=&#8221;1&#8243; _address=&#8221;0.1&#8243;][et_pb_column type=&#8221;1_2&#8243; _builder_version=&#8221;3.29.3&#8243; _i=&#8221;0&#8243; _address=&#8221;0.1.0&#8243;][et_pb_image src=&#8221;https:\/\/emob-italia.it\/wp-content\/uploads\/2019\/10\/conferenza2019.jpg&#8221; _builder_version=&#8221;3.29.3&#8243; _i=&#8221;0&#8243; _address=&#8221;0.1.0.0&#8243;][\/et_pb_image][\/et_pb_column][et_pb_column type=&#8221;1_2&#8243; _builder_version=&#8221;3.29.3&#8243; _i=&#8221;1&#8243; _address=&#8221;0.1.1&#8243;][et_pb_text _builder_version=&#8221;3.29.3&#8243; _i=&#8221;0&#8243; _address=&#8221;0.1.1.0&#8243;]<\/p>\n<h4><b>Alleanze per la nuova era<\/b><\/h4>\n<p><span style=\"font-weight: 400;\">Massimo accordo si \u00e8 registrato sulla necessit\u00e0 di accelerare la transizione verso la mobilit\u00e0 a emissioni zero formando un\u2019<\/span><b>alleanza tra istituzioni, atenei, istituti di ricerca, industria e associazioni<\/b><span style=\"font-weight: 400;\">. Ne \u00e8 convinto <\/span><b>Stefano Buffagni<\/b><span style=\"font-weight: 400;\">, viceministro del Ministero dello sviluppo economico, che ha confermato l\u2019intento dell\u2019esecutivo di rafforzare il supporto verso la mobilit\u00e0 a emissioni zero e di riavviare il <\/span><b>tavolo automotive<\/b><span style=\"font-weight: 400;\"> \u00abper capire come affrontare in modo efficace la transizione tecnologica. Siamo consapevoli &#8211; ha proseguito Buffagni &#8211; che la transizione sar\u00e0 complessa e avr\u00e0 ripercussioni sociali. Occorrer\u00e0 procedere in modo adeguato. In particolare, serve un <\/span><b>master plan<\/b><span style=\"font-weight: 400;\"> che programmi la transizione da qui al 2030: lo stiamo facendo con la consultazione di otto grandi universit\u00e0, le aziende di Stato e il settore della finanza, ma l\u2019unico modo per affrontarla \u00e8 <\/span><b>fare sistema<\/b><span style=\"font-weight: 400;\"> come Paese\u00bb. <\/span><\/p>\n<p>[\/et_pb_text][\/et_pb_column][\/et_pb_row][et_pb_row _builder_version=&#8221;3.29.3&#8243; _i=&#8221;2&#8243; _address=&#8221;0.2&#8243;][et_pb_column type=&#8221;4_4&#8243; _builder_version=&#8221;3.29.3&#8243; _i=&#8221;0&#8243; _address=&#8221;0.2.0&#8243;][et_pb_text _builder_version=&#8221;3.29.3&#8243; _i=&#8221;0&#8243; _address=&#8221;0.2.0.0&#8243;]<\/p>\n<p><span style=\"font-weight: 400;\">Un approccio, per altro, ribadito da molti relatori e alla base della <\/span><b>filosofia di e_mob<\/b><span style=\"font-weight: 400;\"> fin dalla sua prima edizione. A rimarcarlo \u00e8 la stessa composizione del comitato promotore e scientifico della rassegna, che riunisce realt\u00e0 eterogenee accomunate dalla volont\u00e0 di ridurre l\u2019impatto ambientale dei trasporti. E lo \u00e8 la <\/span><b>Carta Metropolitana della Mobilit\u00e0 Elettrica<\/b><span style=\"font-weight: 400;\">, documento voluto per condividere le buone pratiche delle 132 amministrazioni aderenti e rappresentative di oltre 22 milioni di italiani. Una collaborazione a favore della tecnologia a emissioni zero che a e_mob 2019 ha varcato i confini nazionali grazie al contributo di ospiti stranieri, da <\/span><b>Sara Dahlsten<\/b><span style=\"font-weight: 400;\">, Consigliere Diplomatico dell\u2019Ambasciata di Svezia, ad <\/span><b>Anne van der Veen Harry<\/b><span style=\"font-weight: 400;\">, analista della societ\u00e0 di consulenza ambientale Over Morgen.\u00a0<\/span><\/p>\n<p>&nbsp;<\/p>\n<h4><b>Rendere accessibile la tecnologia<\/b><\/h4>\n<p><span style=\"font-weight: 400;\">L\u2019uniformit\u00e0 di pensiero riguarda anche la volont\u00e0 di rendere la transizione elettrica accessibile a tutti. Un intento con molte sfaccettature, del quale gli <\/span><b>incentivi<\/b><span style=\"font-weight: 400;\"> economici all\u2019acquisto di mezzi green sono soltanto un aspetto. A livello nazionale, la volont\u00e0 della comunit\u00e0 di e_mob \u00e8 di chiedere al <\/span><b>Governo<\/b><span style=\"font-weight: 400;\"> di destinare l\u2019intero ricavo dei \u201cmalus\u201d a carico delle vetture pi\u00f9 inquinanti per i \u201cbonus\u201d destinati a elettriche e ibride plug-in. Una scelta che potrebbe triplicare le risorse (da 70 a <\/span><b>oltre 200 milioni di euro<\/b><span style=\"font-weight: 400;\">) a favore delle auto a basse emissioni, supportando l\u2019aumento della domanda previsto per il 2020.\u00a0<\/span><\/p>\n<p><span style=\"font-weight: 400;\">Gi\u00e0 certe sono le agevolazioni della <\/span><b>Regione Lombardia<\/b><span style=\"font-weight: 400;\">, che diventeranno operative a met\u00e0 ottobre con <\/span><b>26,5 milioni di euro<\/b><span style=\"font-weight: 400;\"> (8,5 destinati alle imprese e 18 milioni ai cittadini), da concedere al rinnovo del parco con bonus che arrivano fino a <\/span><b>8.000 euro<\/b><span style=\"font-weight: 400;\"> per l\u2019acquisto di auto private e fino a <\/span><b>20.000 euro<\/b><span style=\"font-weight: 400;\"> per sostituire i veicoli commerciali delle imprese. Contributi che si possono sommare a quelli nazionali e che permetteranno, ad esempio, di comprare una city car come la Volkswagen up! a circa 7.000 euro, meno di un modello tradizionale.\u00a0<\/span><\/p>\n<p>\u00a0<span style=\"font-weight: 400;\">L\u2019accessibilit\u00e0 alla tecnologia elettrica pu\u00f2 essere perseguita anche garantendo <\/span><b>benefici pratici<\/b><span style=\"font-weight: 400;\">, come l\u2019accesso alle corsie preferenziali o alle ZTL, la disponibilit\u00e0 di parcheggi riservati, i pedaggi gratuiti o l\u2019esenzione del bollo auto. Vantaggi che, secondo il presidente del Cei-Cives <\/span><b>Pietro Menga<\/b><span style=\"font-weight: 400;\">, sarebbero alla base del successo di vendite di auto a batterie in Norvegia<\/span>.<\/p>\n<p>[\/et_pb_text][\/et_pb_column][\/et_pb_row][et_pb_row column_structure=&#8221;1_2,1_2&#8243; _builder_version=&#8221;3.29.3&#8243; _i=&#8221;3&#8243; _address=&#8221;0.3&#8243;][et_pb_column type=&#8221;1_2&#8243; _builder_version=&#8221;3.29.3&#8243; _i=&#8221;0&#8243; _address=&#8221;0.3.0&#8243;][et_pb_text _builder_version=&#8221;3.29.3&#8243; _i=&#8221;0&#8243; _address=&#8221;0.3.0.0&#8243;]<\/p>\n<h4><b>Favorire il trasporto alternativo<\/b><\/h4>\n<p><span>Altra interpretazione di accessibilit\u00e0 \u00e8 fornita dagli amministratori presenti a e_mob, tutti concordi nel sostenere il concetto sintetizzato dall\u2019assessore all\u2019ambiente e clima di Regione Lombardia <\/span><b>Raffaele Cattaneo<\/b><span>: \u00abLa transizione deve passare attraverso un <\/span><b>cambio di paradigma<\/b><span>: l\u2019auto elettrica deve diventare parte di un nuovo modello di trasporto che riduca il numero di veicoli in circolazione e questo passa inevitabilmente per la condivisione. In questo contesto si innesta anche la modifica dell\u2019uso del veicolo nelle flotte aziendali e il <\/span><b>potenziamento del trasporto pubblico locale<\/b><span>\u00bb.<\/span><\/p>\n<p>[\/et_pb_text][\/et_pb_column][et_pb_column type=&#8221;1_2&#8243; _builder_version=&#8221;3.29.3&#8243; _i=&#8221;1&#8243; _address=&#8221;0.3.1&#8243;][et_pb_image src=&#8221;https:\/\/emob-italia.it\/wp-content\/uploads\/2019\/10\/2019-monopattino.jpg&#8221; _builder_version=&#8221;3.29.3&#8243; _i=&#8221;0&#8243; _address=&#8221;0.3.1.0&#8243;][\/et_pb_image][\/et_pb_column][\/et_pb_row][et_pb_row _builder_version=&#8221;3.29.3&#8243; _i=&#8221;4&#8243; _address=&#8221;0.4&#8243;][et_pb_column type=&#8221;4_4&#8243; _builder_version=&#8221;3.29.3&#8243; _i=&#8221;0&#8243; _address=&#8221;0.4.0&#8243;][et_pb_text _builder_version=&#8221;3.29.3&#8243; _i=&#8221;0&#8243; _address=&#8221;0.4.0.0&#8243;]<\/p>\n<p><span style=\"font-size: 14px;\">Si tratta, quindi, di incrementare e rendere pi\u00f9 attrattivi treni, metropolitane e bus, con questi ultimi esclusivamente a trazione elettrica come prevedono di fare Milano entro il 2030 e Torino pochi anni dopo. Obiettivo perseguibile anche con i \u201c<\/span><b style=\"font-size: 14px;\">bonus mobilit\u00e0<\/b><span style=\"font-size: 14px;\">\u201d promossi dal Comune di Bologna che destinano i ricavi dei parcheggi in contributi per favorire l\u2019uso di sharing, taxi e bus. Non solo. Si rende necessario <\/span><b style=\"font-size: 14px;\">ridefinire gli spazi pubblici<\/b><span style=\"font-size: 14px;\"> per dare pari dignit\u00e0 a pedoni, ciclisti e altri utenti \u201cdeboli\u201d, compresa la <\/span><b style=\"font-size: 14px;\">micromobilit\u00e0<\/b><span style=\"font-size: 14px;\">. Una modalit\u00e0 emersa con l\u2019elettrificazione \u00e8 che potrebbe favorire l\u2019<\/span><b style=\"font-size: 14px;\">intermodalit\u00e0<\/b><span style=\"font-size: 14px;\"> (l\u2019uso combinato di mezzi privati e pubblici), a tutto beneficio della decongestione e dell\u2019ambiente.\u00a0<\/span><\/p>\n<p>&nbsp;<\/p>\n<h4><b>Un futuro da condividere<\/b><\/h4>\n<p><span style=\"font-weight: 400;\">Un\u2019opportunit\u00e0 importante per rendere accessibile a tutti la mobilit\u00e0 elettrica \u00e8 rappresentata dallo <\/span><b>sharing<\/b><span style=\"font-weight: 400;\">, modalit\u00e0 semplice e a basso costo con il vantaggio di favorire la <\/span><b>decongestione<\/b><span style=\"font-weight: 400;\">. A puntarci con decisione \u00e8 Milano, come illustrato da <\/span><b>Filippo Salucci<\/b><span style=\"font-weight: 400;\">, direttore direzione mobilit\u00e0 e trasporti del Comune. L\u2019impegno dell\u2019amministrazione \u00e8 rendere l\u2019offerta condivisa in citt\u00e0 tutta a <\/span><b>emissioni zero<\/b><span style=\"font-weight: 400;\">. Un obiettivo quasi raggiunto nel comparto scooter con il 94% dei 2.000 mezzi in condivisione a batterie, ma ancora lontano per le \u201ccar\u201d dove la quota elettrica si ferma al 23% delle 3.364 auto in servizio, merito soprattutto di <\/span><b>E-Vai<\/b><span style=\"font-weight: 400;\">, che ha una flotta per l\u201988% a emissioni zero. A incentivare l\u2019elettrificazione saranno le nuove regole inserite nei futuri bandi che concedono sconti per ogni vettura a batterie introdotta nelle flotte dei gestori del servizio.\u00a0<\/span><\/p>\n<p><span style=\"font-weight: 400;\">In tema di sharing citiamo anche quello a pedali, con il servizio comunale <\/span><b>BikeMi<\/b><span style=\"font-weight: 400;\"> potenziato con 30 stazioni e con le <\/span><b>nuove bici a pedalata assistita<\/b><span style=\"font-weight: 400;\"> presentate proprio a e_mob. In espansione \u00e8 anche il servizio in <\/span><b>free floating<\/b><span style=\"font-weight: 400;\"> con l\u2019avvio di un nuovo bando che porter\u00e0 i cicli disponibili da 8.000 a 16.000.\u00a0<\/span><\/p>\n<p>&nbsp;<\/p>\n<h4><b>Industria pronta alla transizione<\/b><\/h4>\n<p><span style=\"font-weight: 400;\">L\u2019edizione 2019 di e_mob ha confermato la crescente disponibilit\u00e0 di mezzi a zero emissioni, dai monopattini <\/span><b>Circ<\/b><span style=\"font-weight: 400;\"> alle e-bike con sistema <\/span><b>Bosch eBike System<\/b><span style=\"font-weight: 400;\">, dagli scooter di <\/span><b>Askoll<\/b><span style=\"font-weight: 400;\">, <\/span><b>Quadro Vehicles<\/b><span style=\"font-weight: 400;\"> e <\/span><b>Niu<\/b><span style=\"font-weight: 400;\"> alle moto di <\/span><b>Energica<\/b><span style=\"font-weight: 400;\">. Ancora pi\u00f9 in fermento \u00e8 il comparto automotive con l\u2019arrivo di numerose novit\u00e0 destinate a dare una \u201cscossa\u201d al mercato. <\/span><b>FCA<\/b><span style=\"font-weight: 400;\"> debutta nel 2020 con la 500 (senza dimenticare il Ducato Electric), seguita da altri 12 modelli a batterie, tutti prodotti in Italia. A questi si aggiungono le 8 auto elettriche e plug-in previste dal <\/span><b>Gruppo PSA<\/b><span style=\"font-weight: 400;\">, comprese la Peugeot e-208 e l\u2019Opel Corsa-e presenti a e_mob, e la <\/span><b>Volkswagen<\/b><span style=\"font-weight: 400;\"> ID.3 con un listino competitivo rispetto alle Golf tradizionali. Un\u2019offensiva alla quale risponderanno di certo i pionieri del settore <\/span><b>Renault<\/b><span style=\"font-weight: 400;\"> e <\/span><b>Nissan<\/b><span style=\"font-weight: 400;\">, ma pure i marchi premium visti a e_mob, cio\u00e8 <\/span><b>Volvo<\/b><span style=\"font-weight: 400;\"> e <\/span><b>Jaguar<\/b><span style=\"font-weight: 400;\">. A far presupporre molte altre novit\u00e0 capaci di incrementare la concorrenza e ridurre i prezzi d\u2019acquisto \u00e8 pure l\u2019impegno di <\/span><b>Bosch<\/b><span style=\"font-weight: 400;\">, attiva nel settore con oltre 50 progetti per elettrificare tutti i mezzi, dalle biciclette ai veicoli industriali.\u00a0<\/span><\/p>\n<p>&nbsp;<\/p>\n<h4><b>Una festa per grandi e piccoli<\/b><\/h4>\n<p><span style=\"font-weight: 400;\">La tre giorni milanese \u00e8 stata pure un\u2019occasione di festa. I ragazzi hanno giocato nei <\/span><b>laboratori<\/b><span style=\"font-weight: 400;\"> e si sono sfidati con le <\/span><b>macchine elettriche<\/b><span style=\"font-weight: 400;\"> nella pista allestita dal Gruppo Hera dove, per la verit\u00e0, si sono visti anche molti adulti. I pi\u00f9 grandi si sono alternati in centinaia di <\/span><b>test drive <\/b><span style=\"font-weight: 400;\">a due e quattro ruote che hanno lasciato meravigliati chi, per la prima volta, si approcciava all\u2019elettrico. Un\u2019esperienza gratificante ben conosciuta dai centinaia di iscritti al <\/span><b>raduno <\/b><span style=\"font-weight: 400;\">di veicoli elettrici, in particolare da alcuni che l\u2019auto elettrica la vivono intensamente e, per questo, <\/span><b>premiati da Enel X<\/b><span style=\"font-weight: 400;\"> con bonus di ricarica gratuiti. Il premio per il partecipante arrivato da pi\u00f9 lontano \u00e8 andato a <\/span><b>Giulio Felicetti<\/b><span style=\"font-weight: 400;\">, che ha percorso 1.192 km per giungere a e_mob dall\u2019Isola di Capo Rizzuto. Altri riconoscimenti sono andati a <\/span><b>Eros Iazzarini<\/b><span style=\"font-weight: 400;\"> per la vettura con pi\u00f9 chilometri sul cruscotto (180.056 km) e a <\/span><b>Marco Visconti<\/b><span style=\"font-weight: 400;\"> per l\u2019auto pi\u00f9 longeva, la Seat Marbella immatricolata nel 1990. Un premio speciale, infine, \u00e8 stato consegnato a <\/span><b>Giordano Vieri<\/b><span style=\"font-weight: 400;\">, noto come Jo Pesata, per aver compiuto il <\/span><b>giro d\u2019Italia<\/b><span style=\"font-weight: 400;\"> per testare tutte le colonnine fast di Enel X al volante di una Nissan Leaf.<\/span><\/p>\n<p>[\/et_pb_text][\/et_pb_column][\/et_pb_row][et_pb_row _builder_version=&#8221;3.29.3&#8243; _i=&#8221;5&#8243; _address=&#8221;0.5&#8243;][et_pb_column type=&#8221;4_4&#8243; _builder_version=&#8221;3.29.3&#8243; _i=&#8221;0&#8243; _address=&#8221;0.5.0&#8243;][et_pb_image src=&#8221;https:\/\/emob-italia.it\/wp-content\/uploads\/2019\/10\/emob2019_28settembre_044.jpg&#8221; _builder_version=&#8221;3.29.3&#8243; hover_enabled=&#8221;0&#8243; _i=&#8221;0&#8243; _address=&#8221;0.5.0.0&#8243;][\/et_pb_image][\/et_pb_column][\/et_pb_row][et_pb_row _builder_version=&#8221;3.29.3&#8243; _i=&#8221;6&#8243; _address=&#8221;0.6&#8243;][et_pb_column type=&#8221;4_4&#8243; _builder_version=&#8221;3.29.3&#8243; _i=&#8221;0&#8243; _address=&#8221;0.6.0&#8243;][et_pb_text _builder_version=&#8221;3.29.3&#8243; _i=&#8221;0&#8243; _address=&#8221;0.6.0.0&#8243;]<\/p>\n<h4><b>Verso e_mob 2020<\/b><\/h4>\n<p><span style=\"font-weight: 400;\">Se il futuro appare roseo, sono ancora <\/span><b>molti i nodi da sciogliere<\/b><span style=\"font-weight: 400;\"> per rendere la scelta elettrica preferibile. Le principali riguardano l\u2019<\/span><b>adeguamento delle normative<\/b><span style=\"font-weight: 400;\"> per semplificare l\u2019installazione di colonnine private e pubbliche, per regolamentare la tecnologia vehicle to grid, la micromobilit\u00e0 o per riformare il Codice della Strada. Altri aspetti di rilievo sono il consolidamento della rete\u00a0 elettrica nazionale e l\u2019<\/span><b>estensione dell\u2019infrastruttura di ricarica Fast<\/b><span style=\"font-weight: 400;\">, in particolare sui tratti autostradali, nonch\u00e9 la definizione di una tariffazione per i rifornimenti domestici e pubblici. Importante \u00e8 anche creare <\/span><b>regole unificate<\/b><span style=\"font-weight: 400;\"> per tutti i Comuni, garantire una <\/span><b>formazione<\/b><span style=\"font-weight: 400;\"> per le nuove professionalit\u00e0 emergenti e trovare soluzioni efficaci per creare una <\/span><b>distribuzione urbana delle merci<\/b><span style=\"font-weight: 400;\">. Un comparto, quest\u2019ultimo, in forte espansione (+94% entro il 2021), ma responsabile\u00a0 del 50% dell\u2019inquinamento da traffico e di danni per 100 miliardi di euro in Europa a causa delle inefficienze del servizio.\u00a0<\/span><\/p>\n<p><span style=\"font-weight: 400;\">Problematiche che saranno al centro degli impegni della comunit\u00e0 di e_mob fino alla prossima edizione in programma a <\/span><b>Milano dal 24 al 26 settembre 2020<\/b><span style=\"font-weight: 400;\">. Perch\u00e9 la vera sfida di e_mob \u00e8 dalla prima edizione \u00e8 di trovare soluzioni concrete a problemi poco visibili, ma la cui rimozione \u00e8 indispensabile per rendere la <\/span><b>mobilit\u00e0 elettrica semplice e accessibile<\/b><span style=\"font-weight: 400;\">. In attesa di quella che si preannuncia come un appuntamento di svolta \u00e8 giusto ricordare quella che si appena conclusa. \u00ab\u00c8 stata una terza edizione &#8211; ha dichiarato il coordinatore del comitato promotore <\/span><b>Camillo Piazza<\/b><span style=\"font-weight: 400;\"> &#8211; al di sopra di ogni aspettativa e la presenza delle principali case automobilistiche e motoristiche che concretamente credono in questo mercato \u00e8 la dimostrazione che <\/span><b>siamo sulla strada giusta<\/b><span style=\"font-weight: 400;\">. Il prossimo anno si vedranno in Italia risultati di crescita importanti. Ringraziamo tutti i componenti del comitato promotore, per primi la <\/span><b>Regione Lombardia<\/b><span style=\"font-weight: 400;\"> che ci ha ospitato, il <\/span><b>Comune di Milano<\/b><span style=\"font-weight: 400;\">, la <\/span><b>Camera di Commercio di Milano Monza Brianza Lodi<\/b><span style=\"font-weight: 400;\"> e poi <\/span><b>a2Aa,<\/b> <b>Enel<\/b><span style=\"font-weight: 400;\">, <\/span><b>Edison <\/b><span style=\"font-weight: 400;\">e il <\/span><b>Gruppo Hera<\/b><span style=\"font-weight: 400;\">, senza dimenticare <\/span><b>Cobat<\/b><span style=\"font-weight: 400;\"> e <\/span><b>ATM<\/b><span style=\"font-weight: 400;\">,<\/span> <span style=\"font-weight: 400;\">che ogni anno dimostrano sempre di pi\u00f9 di credere in questo mercato. Grazie, infine, al prezioso aiuto del nostro <\/span><b>comitato scientifico<\/b><span style=\"font-weight: 400;\"> che ha dato un contributo fondamentale per rispondere a tutti i quesiti collegati allo sviluppo di questo settore\u00bb.<\/span><\/p>\n<p>&nbsp;<\/p>\n<p><span style=\"font-weight: 400;\">A questo <\/span><a href=\"https:\/\/drive.google.com\/drive\/folders\/18ZTk4iboSnuPWR1-A2wPYAi5e13zMPWm\"><span style=\"font-weight: 400;\">link<\/span><\/a><span style=\"font-weight: 400;\"> trovi l\u2019intera cartella stampa con i comunicati di e_mob, dei partner e degli espositori e le fotografie della manifestazione<\/span><\/p>\n<p><i><span style=\"font-weight: 400;\">\u201ce_mob\u201d \u00e8 un coordinamento di istituzioni, aziende e associazioni attive nel promuovere la mobilit\u00e0 elettrica come strumento per rendere pi\u00f9 sostenibile il comparto dei trasporti. Organizza l\u2019omonima rassegna e_mob, il pi\u00f9 importante evento in Italia legato ai temi della mobilit\u00e0 elettrica col fine di diffondere la cultura di un sistema ambientale sostenibile, anche tramite la Conferenza Nazionale della Mobilit\u00e0 Elettrica. <\/span><\/i><a href=\"http:\/\/www.emob-italia.it\/\"><i><span style=\"font-weight: 400;\">www.emob-italia.it\/<\/span><\/i><\/a><i><span style=\"font-weight: 400;\"> &#8211; <\/span><\/i><a href=\"http:\/\/www.facebook.com\/emobitalia\/\"><i><span style=\"font-weight: 400;\">facebook<\/span><\/i><\/a><i><span style=\"font-weight: 400;\"> \u2013 <\/span><\/i><a href=\"https:\/\/www.instagram.com\/e_mob_italia\/\"><i><span style=\"font-weight: 400;\">instagram<\/span><\/i><\/a><i><span style=\"font-weight: 400;\"> \u2013 <\/span><\/i><a href=\"http:\/\/twitter.com\/EmobItalia\"><i><span style=\"font-weight: 400;\">twitter<\/span><\/i><\/a><i><span style=\"font-weight: 400;\"> &#8211; <\/span><\/i><a href=\"http:\/\/www.linkedin.com\/groups\/12186185\/\"><i><span style=\"font-weight: 400;\">linkedin<\/span><\/i><\/a><\/p>\n<p>&nbsp;<\/p>\n<p><b>Comitato promotore<\/b><\/p>\n<p><span style=\"font-weight: 400;\">Comune di Milano, Regione Lombardia, Camera di commercio di Milano Monza Brianza Lodi, A2A, ATM Milano, Class Onlus, Consorzio Cobat, Edison, Enel X, Gruppo Hera.<\/span><\/p>\n<p>&nbsp;<\/p>\n<p><b>Comitato scientifico<\/b><\/p>\n<p><span style=\"font-weight: 400;\">Adiconsum, Agens, AMAT, Amsa, Anaci, Cei Cives, Cisambiente Confindustria, Confindustria Ancma, Elettricit\u00e0 Futura, Innovhub, Link Campus University, Motus-e, RSE Ricerca Sistema Energetico, United S.p.A., Utilitalia.<\/span><\/p>\n<p>&nbsp;<\/p>\n<p><b>Patrocini<\/b><\/p>\n<p><span style=\"font-weight: 400;\">Ministero dell\u2019Ambiente e della Tutela del Territorio e del Mare, Anci, Fondazione Cariplo<\/span><\/p>\n<p><b><\/b><\/p>\n<p><b><\/b><\/p>\n<p><b>Citt\u00e0 promotrici della Carta della Mobilit\u00e0 Elettrica<\/b><\/p>\n<p><span style=\"font-weight: 400;\">Milano, Torino, Firenze, Varese, Bologna.<\/span><\/p>\n<p>&nbsp;<\/p>\n<p><b>I protagonisti<\/b><\/p>\n<p><span style=\"font-weight: 400;\">Askoll, Be Charge, Bosch, CIRC, Cisambiente, Daze Technology, E-Gap, E-Vai, Energica,\u00a0<\/span><\/p>\n<p><span style=\"font-weight: 400;\">Fiat Chrysler Automobiles, Groupe PSA, Jaguar, MiMoto, Niinivirta, Nissan, Niu, Renault, Ressolar, Scame, Share Now, Tokheim, TSG, Volkswagen, Volvo.<\/span><\/p>\n<p><b><\/b><\/p>\n<p><b>Partner<\/b><\/p>\n<p><span style=\"font-weight: 400;\">Business Sweden, Clear Channel, MiMoto, PowerMe.<\/span><\/p>\n<p>&nbsp;<\/p>\n<p><b>Media Partner<\/b><\/p>\n<p><span style=\"font-weight: 400;\">EMC, Evlist, La Stampa TuttoGreen, InSella, IGP Decaux.<\/span><\/p>\n<p>&nbsp;<\/p>\n<p><b>CONTATTI STAMPA<\/b><\/p>\n<p><span style=\"font-weight: 400;\">press@emob-italia.it<\/span><\/p>\n<p><span style=\"font-weight: 400;\">emob-italia.it\/comunicati-stampa\/<\/span><\/p>\n<p><span style=\"font-weight: 400;\">Stefano Panzeri 338.4042667<\/span><\/p>\n<p>[\/et_pb_text][\/et_pb_column][\/et_pb_row][\/et_pb_section]<\/p>\n","protected":false},"excerpt":{"rendered":"<p>Milano, 1 ottobre 2019 &#8211; Fare sistema per accelerare e rendere equa la transizione verso la mobilit\u00e0 elettrica. \u00c8 quanto emerso alla terza edizione di e_mob, il Festival dell\u2019eMobility svoltosi a Palazzo Lombardia dal 26 al 28 settembre. Una tre giorni partecipata con molti convegni \u201ctutti esauriti\u201d e la piazza gremita di curiosi e del [&hellip;]<\/p>\n","protected":false},"author":2,"featured_media":55620,"comment_status":"open","ping_status":"open","sticky":false,"template":"","format":"standard","meta":{"_et_pb_use_builder":"on","_et_pb_old_content":"","_et_gb_content_width":"","_exactmetrics_skip_tracking":false,"_exactmetrics_sitenote_active":false,"_exactmetrics_sitenote_note":"","_exactmetrics_sitenote_category":0,"footnotes":""},"categories":[74,27,236,319],"tags":[180,10,11],"yoast_head":"<!-- This site is optimized with the Yoast SEO plugin v22.9 - https:\/\/yoast.com\/wordpress\/plugins\/seo\/ -->\n<title>e_mob 2019, fare sistema per rendere la mobilit\u00e0 elettrica semplice e accessibile &#8226; e_mob<\/title>\n<meta name=\"description\" content=\"e_mob \u00e8 il tavolo permanente degli stakeholder della mobilit\u00e0 elettrica in Italia. Organizza ogni anno a Milano la Conferenza Nazionale del settore, nel 2021 in programma dal 16 al 19 ottobre.\" \/>\n<meta name=\"robots\" content=\"index, follow, max-snippet:-1, max-image-preview:large, max-video-preview:-1\" \/>\n<link rel=\"canonical\" href=\"https:\/\/emob-italia.it\/2019\/10\/03\/e_mob-2019-fare-sistema-per-rendere-la-mobilita-elettrica-semplice-e-accessibile\/\" \/>\n<meta property=\"og:locale\" content=\"en_US\" \/>\n<meta property=\"og:type\" content=\"article\" \/>\n<meta property=\"og:title\" content=\"e_mob 2019, fare sistema per rendere la mobilit\u00e0 elettrica semplice e accessibile &#8226; e_mob\" \/>\n<meta property=\"og:description\" content=\"e_mob \u00e8 il tavolo permanente degli stakeholder della mobilit\u00e0 elettrica in Italia. Organizza ogni anno a Milano la Conferenza Nazionale del settore, nel 2021 in programma dal 16 al 19 ottobre.\" \/>\n<meta property=\"og:url\" content=\"https:\/\/emob-italia.it\/2019\/10\/03\/e_mob-2019-fare-sistema-per-rendere-la-mobilita-elettrica-semplice-e-accessibile\/\" \/>\n<meta property=\"og:site_name\" content=\"e_mob\" \/>\n<meta property=\"article:publisher\" content=\"https:\/\/www.facebook.com\/emobitalia\/\" \/>\n<meta property=\"article:published_time\" content=\"2019-10-03T07:09:47+00:00\" \/>\n<meta property=\"article:modified_time\" content=\"2020-06-03T07:34:44+00:00\" \/>\n<meta property=\"og:image\" content=\"https:\/\/emob-italia.it\/wp-content\/uploads\/2019\/10\/comunicato-post-emob.jpg\" \/>\n\t<meta property=\"og:image:width\" content=\"1200\" \/>\n\t<meta property=\"og:image:height\" content=\"630\" \/>\n\t<meta property=\"og:image:type\" content=\"image\/jpeg\" \/>\n<meta name=\"author\" content=\"Nadia Paglia\" \/>\n<meta name=\"twitter:label1\" content=\"Written by\" \/>\n\t<meta name=\"twitter:data1\" content=\"Nadia Paglia\" \/>\n\t<meta name=\"twitter:label2\" content=\"Est. reading time\" \/>\n\t<meta name=\"twitter:data2\" content=\"12 minutes\" \/>\n<script type=\"application\/ld+json\" class=\"yoast-schema-graph\">{\"@context\":\"https:\/\/schema.org\",\"@graph\":[{\"@type\":\"Article\",\"@id\":\"https:\/\/emob-italia.it\/2019\/10\/03\/e_mob-2019-fare-sistema-per-rendere-la-mobilita-elettrica-semplice-e-accessibile\/#article\",\"isPartOf\":{\"@id\":\"https:\/\/emob-italia.it\/2019\/10\/03\/e_mob-2019-fare-sistema-per-rendere-la-mobilita-elettrica-semplice-e-accessibile\/\"},\"author\":{\"name\":\"Nadia Paglia\",\"@id\":\"https:\/\/emob-italia.it\/#\/schema\/person\/e96f2fe472d4dcca75c9ca51f8951bc5\"},\"headline\":\"e_mob 2019, fare sistema per rendere la mobilit\u00e0 elettrica semplice e accessibile\",\"datePublished\":\"2019-10-03T07:09:47+00:00\",\"dateModified\":\"2020-06-03T07:34:44+00:00\",\"mainEntityOfPage\":{\"@id\":\"https:\/\/emob-italia.it\/2019\/10\/03\/e_mob-2019-fare-sistema-per-rendere-la-mobilita-elettrica-semplice-e-accessibile\/\"},\"wordCount\":2448,\"commentCount\":0,\"publisher\":{\"@id\":\"https:\/\/emob-italia.it\/#organization\"},\"image\":{\"@id\":\"https:\/\/emob-italia.it\/2019\/10\/03\/e_mob-2019-fare-sistema-per-rendere-la-mobilita-elettrica-semplice-e-accessibile\/#primaryimage\"},\"thumbnailUrl\":\"https:\/\/emob-italia.it\/wp-content\/uploads\/2019\/10\/comunicato-post-emob.jpg\",\"keywords\":[\"emob2019\",\"mobilit\u00e0 elettrica\",\"Mobilit\u00e0 Sostenibile\"],\"articleSection\":[\"Atti dei Convegni\",\"Comunicati stampa\",\"emob2019\",\"Ottobre 2019\"],\"inLanguage\":\"en-US\",\"potentialAction\":[{\"@type\":\"CommentAction\",\"name\":\"Comment\",\"target\":[\"https:\/\/emob-italia.it\/2019\/10\/03\/e_mob-2019-fare-sistema-per-rendere-la-mobilita-elettrica-semplice-e-accessibile\/#respond\"]}]},{\"@type\":\"WebPage\",\"@id\":\"https:\/\/emob-italia.it\/2019\/10\/03\/e_mob-2019-fare-sistema-per-rendere-la-mobilita-elettrica-semplice-e-accessibile\/\",\"url\":\"https:\/\/emob-italia.it\/2019\/10\/03\/e_mob-2019-fare-sistema-per-rendere-la-mobilita-elettrica-semplice-e-accessibile\/\",\"name\":\"e_mob 2019, fare sistema per rendere la mobilit\u00e0 elettrica semplice e accessibile &#8226; e_mob\",\"isPartOf\":{\"@id\":\"https:\/\/emob-italia.it\/#website\"},\"primaryImageOfPage\":{\"@id\":\"https:\/\/emob-italia.it\/2019\/10\/03\/e_mob-2019-fare-sistema-per-rendere-la-mobilita-elettrica-semplice-e-accessibile\/#primaryimage\"},\"image\":{\"@id\":\"https:\/\/emob-italia.it\/2019\/10\/03\/e_mob-2019-fare-sistema-per-rendere-la-mobilita-elettrica-semplice-e-accessibile\/#primaryimage\"},\"thumbnailUrl\":\"https:\/\/emob-italia.it\/wp-content\/uploads\/2019\/10\/comunicato-post-emob.jpg\",\"datePublished\":\"2019-10-03T07:09:47+00:00\",\"dateModified\":\"2020-06-03T07:34:44+00:00\",\"description\":\"e_mob \u00e8 il tavolo permanente degli stakeholder della mobilit\u00e0 elettrica in Italia. Organizza ogni anno a Milano la Conferenza Nazionale del settore, nel 2021 in programma dal 16 al 19 ottobre.\",\"breadcrumb\":{\"@id\":\"https:\/\/emob-italia.it\/2019\/10\/03\/e_mob-2019-fare-sistema-per-rendere-la-mobilita-elettrica-semplice-e-accessibile\/#breadcrumb\"},\"inLanguage\":\"en-US\",\"potentialAction\":[{\"@type\":\"ReadAction\",\"target\":[\"https:\/\/emob-italia.it\/2019\/10\/03\/e_mob-2019-fare-sistema-per-rendere-la-mobilita-elettrica-semplice-e-accessibile\/\"]}]},{\"@type\":\"ImageObject\",\"inLanguage\":\"en-US\",\"@id\":\"https:\/\/emob-italia.it\/2019\/10\/03\/e_mob-2019-fare-sistema-per-rendere-la-mobilita-elettrica-semplice-e-accessibile\/#primaryimage\",\"url\":\"https:\/\/emob-italia.it\/wp-content\/uploads\/2019\/10\/comunicato-post-emob.jpg\",\"contentUrl\":\"https:\/\/emob-italia.it\/wp-content\/uploads\/2019\/10\/comunicato-post-emob.jpg\",\"width\":1200,\"height\":630},{\"@type\":\"BreadcrumbList\",\"@id\":\"https:\/\/emob-italia.it\/2019\/10\/03\/e_mob-2019-fare-sistema-per-rendere-la-mobilita-elettrica-semplice-e-accessibile\/#breadcrumb\",\"itemListElement\":[{\"@type\":\"ListItem\",\"position\":1,\"name\":\"Home\",\"item\":\"https:\/\/emob-italia.it\/en\/\"},{\"@type\":\"ListItem\",\"position\":2,\"name\":\"e_mob 2019, fare sistema per rendere la mobilit\u00e0 elettrica semplice e accessibile\"}]},{\"@type\":\"WebSite\",\"@id\":\"https:\/\/emob-italia.it\/#website\",\"url\":\"https:\/\/emob-italia.it\/\",\"name\":\"e_mob\",\"description\":\"Mobilit\u00e0 Elettrica\",\"publisher\":{\"@id\":\"https:\/\/emob-italia.it\/#organization\"},\"potentialAction\":[{\"@type\":\"SearchAction\",\"target\":{\"@type\":\"EntryPoint\",\"urlTemplate\":\"https:\/\/emob-italia.it\/?s={search_term_string}\"},\"query-input\":\"required name=search_term_string\"}],\"inLanguage\":\"en-US\"},{\"@type\":\"Organization\",\"@id\":\"https:\/\/emob-italia.it\/#organization\",\"name\":\"Class Onlus\",\"url\":\"https:\/\/emob-italia.it\/\",\"logo\":{\"@type\":\"ImageObject\",\"inLanguage\":\"en-US\",\"@id\":\"https:\/\/emob-italia.it\/#\/schema\/logo\/image\/\",\"url\":\"https:\/\/emob-italia.it\/wp-content\/uploads\/2019\/03\/0_CLASS-ONLUS-logo-web.png\",\"contentUrl\":\"https:\/\/emob-italia.it\/wp-content\/uploads\/2019\/03\/0_CLASS-ONLUS-logo-web.png\",\"width\":598,\"height\":202,\"caption\":\"Class Onlus\"},\"image\":{\"@id\":\"https:\/\/emob-italia.it\/#\/schema\/logo\/image\/\"},\"sameAs\":[\"https:\/\/www.facebook.com\/emobitalia\/\",\"https:\/\/www.instagram.com\/e_mob_italia\/\",\"https:\/\/www.linkedin.com\/groups\/12186185\/\",\"https:\/\/www.youtube.com\/channel\/UCvnTcrhggAX_AkFwGxRfqFw\/featured?view_as=subscriber\"]},{\"@type\":\"Person\",\"@id\":\"https:\/\/emob-italia.it\/#\/schema\/person\/e96f2fe472d4dcca75c9ca51f8951bc5\",\"name\":\"Nadia Paglia\",\"image\":{\"@type\":\"ImageObject\",\"inLanguage\":\"en-US\",\"@id\":\"https:\/\/emob-italia.it\/#\/schema\/person\/image\/\",\"url\":\"https:\/\/secure.gravatar.com\/avatar\/02e0cd654df2106544e1a6f3ee921a91?s=96&r=g\",\"contentUrl\":\"https:\/\/secure.gravatar.com\/avatar\/02e0cd654df2106544e1a6f3ee921a91?s=96&r=g\",\"caption\":\"Nadia Paglia\"},\"url\":\"https:\/\/emob-italia.it\/en\/author\/nadia-paglia\/\"}]}<\/script>\n<!-- \/ Yoast SEO plugin. -->","yoast_head_json":{"title":"e_mob 2019, fare sistema per rendere la mobilit\u00e0 elettrica semplice e accessibile &#8226; e_mob","description":"e_mob \u00e8 il tavolo permanente degli stakeholder della mobilit\u00e0 elettrica in Italia. Organizza ogni anno a Milano la Conferenza Nazionale del settore, nel 2021 in programma dal 16 al 19 ottobre.","robots":{"index":"index","follow":"follow","max-snippet":"max-snippet:-1","max-image-preview":"max-image-preview:large","max-video-preview":"max-video-preview:-1"},"canonical":"https:\/\/emob-italia.it\/2019\/10\/03\/e_mob-2019-fare-sistema-per-rendere-la-mobilita-elettrica-semplice-e-accessibile\/","og_locale":"en_US","og_type":"article","og_title":"e_mob 2019, fare sistema per rendere la mobilit\u00e0 elettrica semplice e accessibile &#8226; e_mob","og_description":"e_mob \u00e8 il tavolo permanente degli stakeholder della mobilit\u00e0 elettrica in Italia. Organizza ogni anno a Milano la Conferenza Nazionale del settore, nel 2021 in programma dal 16 al 19 ottobre.","og_url":"https:\/\/emob-italia.it\/2019\/10\/03\/e_mob-2019-fare-sistema-per-rendere-la-mobilita-elettrica-semplice-e-accessibile\/","og_site_name":"e_mob","article_publisher":"https:\/\/www.facebook.com\/emobitalia\/","article_published_time":"2019-10-03T07:09:47+00:00","article_modified_time":"2020-06-03T07:34:44+00:00","og_image":[{"width":1200,"height":630,"url":"https:\/\/emob-italia.it\/wp-content\/uploads\/2019\/10\/comunicato-post-emob.jpg","type":"image\/jpeg"}],"author":"Nadia Paglia","twitter_misc":{"Written by":"Nadia Paglia","Est. reading time":"12 minutes"},"schema":{"@context":"https:\/\/schema.org","@graph":[{"@type":"Article","@id":"https:\/\/emob-italia.it\/2019\/10\/03\/e_mob-2019-fare-sistema-per-rendere-la-mobilita-elettrica-semplice-e-accessibile\/#article","isPartOf":{"@id":"https:\/\/emob-italia.it\/2019\/10\/03\/e_mob-2019-fare-sistema-per-rendere-la-mobilita-elettrica-semplice-e-accessibile\/"},"author":{"name":"Nadia Paglia","@id":"https:\/\/emob-italia.it\/#\/schema\/person\/e96f2fe472d4dcca75c9ca51f8951bc5"},"headline":"e_mob 2019, fare sistema per rendere la mobilit\u00e0 elettrica semplice e accessibile","datePublished":"2019-10-03T07:09:47+00:00","dateModified":"2020-06-03T07:34:44+00:00","mainEntityOfPage":{"@id":"https:\/\/emob-italia.it\/2019\/10\/03\/e_mob-2019-fare-sistema-per-rendere-la-mobilita-elettrica-semplice-e-accessibile\/"},"wordCount":2448,"commentCount":0,"publisher":{"@id":"https:\/\/emob-italia.it\/#organization"},"image":{"@id":"https:\/\/emob-italia.it\/2019\/10\/03\/e_mob-2019-fare-sistema-per-rendere-la-mobilita-elettrica-semplice-e-accessibile\/#primaryimage"},"thumbnailUrl":"https:\/\/emob-italia.it\/wp-content\/uploads\/2019\/10\/comunicato-post-emob.jpg","keywords":["emob2019","mobilit\u00e0 elettrica","Mobilit\u00e0 Sostenibile"],"articleSection":["Atti dei Convegni","Comunicati stampa","emob2019","Ottobre 2019"],"inLanguage":"en-US","potentialAction":[{"@type":"CommentAction","name":"Comment","target":["https:\/\/emob-italia.it\/2019\/10\/03\/e_mob-2019-fare-sistema-per-rendere-la-mobilita-elettrica-semplice-e-accessibile\/#respond"]}]},{"@type":"WebPage","@id":"https:\/\/emob-italia.it\/2019\/10\/03\/e_mob-2019-fare-sistema-per-rendere-la-mobilita-elettrica-semplice-e-accessibile\/","url":"https:\/\/emob-italia.it\/2019\/10\/03\/e_mob-2019-fare-sistema-per-rendere-la-mobilita-elettrica-semplice-e-accessibile\/","name":"e_mob 2019, fare sistema per rendere la mobilit\u00e0 elettrica semplice e accessibile &#8226; e_mob","isPartOf":{"@id":"https:\/\/emob-italia.it\/#website"},"primaryImageOfPage":{"@id":"https:\/\/emob-italia.it\/2019\/10\/03\/e_mob-2019-fare-sistema-per-rendere-la-mobilita-elettrica-semplice-e-accessibile\/#primaryimage"},"image":{"@id":"https:\/\/emob-italia.it\/2019\/10\/03\/e_mob-2019-fare-sistema-per-rendere-la-mobilita-elettrica-semplice-e-accessibile\/#primaryimage"},"thumbnailUrl":"https:\/\/emob-italia.it\/wp-content\/uploads\/2019\/10\/comunicato-post-emob.jpg","datePublished":"2019-10-03T07:09:47+00:00","dateModified":"2020-06-03T07:34:44+00:00","description":"e_mob \u00e8 il tavolo permanente degli stakeholder della mobilit\u00e0 elettrica in Italia. Organizza ogni anno a Milano la Conferenza Nazionale del settore, nel 2021 in programma dal 16 al 19 ottobre.","breadcrumb":{"@id":"https:\/\/emob-italia.it\/2019\/10\/03\/e_mob-2019-fare-sistema-per-rendere-la-mobilita-elettrica-semplice-e-accessibile\/#breadcrumb"},"inLanguage":"en-US","potentialAction":[{"@type":"ReadAction","target":["https:\/\/emob-italia.it\/2019\/10\/03\/e_mob-2019-fare-sistema-per-rendere-la-mobilita-elettrica-semplice-e-accessibile\/"]}]},{"@type":"ImageObject","inLanguage":"en-US","@id":"https:\/\/emob-italia.it\/2019\/10\/03\/e_mob-2019-fare-sistema-per-rendere-la-mobilita-elettrica-semplice-e-accessibile\/#primaryimage","url":"https:\/\/emob-italia.it\/wp-content\/uploads\/2019\/10\/comunicato-post-emob.jpg","contentUrl":"https:\/\/emob-italia.it\/wp-content\/uploads\/2019\/10\/comunicato-post-emob.jpg","width":1200,"height":630},{"@type":"BreadcrumbList","@id":"https:\/\/emob-italia.it\/2019\/10\/03\/e_mob-2019-fare-sistema-per-rendere-la-mobilita-elettrica-semplice-e-accessibile\/#breadcrumb","itemListElement":[{"@type":"ListItem","position":1,"name":"Home","item":"https:\/\/emob-italia.it\/en\/"},{"@type":"ListItem","position":2,"name":"e_mob 2019, fare sistema per rendere la mobilit\u00e0 elettrica semplice e accessibile"}]},{"@type":"WebSite","@id":"https:\/\/emob-italia.it\/#website","url":"https:\/\/emob-italia.it\/","name":"e_mob","description":"Mobilit\u00e0 Elettrica","publisher":{"@id":"https:\/\/emob-italia.it\/#organization"},"potentialAction":[{"@type":"SearchAction","target":{"@type":"EntryPoint","urlTemplate":"https:\/\/emob-italia.it\/?s={search_term_string}"},"query-input":"required name=search_term_string"}],"inLanguage":"en-US"},{"@type":"Organization","@id":"https:\/\/emob-italia.it\/#organization","name":"Class Onlus","url":"https:\/\/emob-italia.it\/","logo":{"@type":"ImageObject","inLanguage":"en-US","@id":"https:\/\/emob-italia.it\/#\/schema\/logo\/image\/","url":"https:\/\/emob-italia.it\/wp-content\/uploads\/2019\/03\/0_CLASS-ONLUS-logo-web.png","contentUrl":"https:\/\/emob-italia.it\/wp-content\/uploads\/2019\/03\/0_CLASS-ONLUS-logo-web.png","width":598,"height":202,"caption":"Class Onlus"},"image":{"@id":"https:\/\/emob-italia.it\/#\/schema\/logo\/image\/"},"sameAs":["https:\/\/www.facebook.com\/emobitalia\/","https:\/\/www.instagram.com\/e_mob_italia\/","https:\/\/www.linkedin.com\/groups\/12186185\/","https:\/\/www.youtube.com\/channel\/UCvnTcrhggAX_AkFwGxRfqFw\/featured?view_as=subscriber"]},{"@type":"Person","@id":"https:\/\/emob-italia.it\/#\/schema\/person\/e96f2fe472d4dcca75c9ca51f8951bc5","name":"Nadia Paglia","image":{"@type":"ImageObject","inLanguage":"en-US","@id":"https:\/\/emob-italia.it\/#\/schema\/person\/image\/","url":"https:\/\/secure.gravatar.com\/avatar\/02e0cd654df2106544e1a6f3ee921a91?s=96&r=g","contentUrl":"https:\/\/secure.gravatar.com\/avatar\/02e0cd654df2106544e1a6f3ee921a91?s=96&r=g","caption":"Nadia Paglia"},"url":"https:\/\/emob-italia.it\/en\/author\/nadia-paglia\/"}]}},"_links":{"self":[{"href":"https:\/\/emob-italia.it\/en\/wp-json\/wp\/v2\/posts\/55613"}],"collection":[{"href":"https:\/\/emob-italia.it\/en\/wp-json\/wp\/v2\/posts"}],"about":[{"href":"https:\/\/emob-italia.it\/en\/wp-json\/wp\/v2\/types\/post"}],"author":[{"embeddable":true,"href":"https:\/\/emob-italia.it\/en\/wp-json\/wp\/v2\/users\/2"}],"replies":[{"embeddable":true,"href":"https:\/\/emob-italia.it\/en\/wp-json\/wp\/v2\/comments?post=55613"}],"version-history":[{"count":0,"href":"https:\/\/emob-italia.it\/en\/wp-json\/wp\/v2\/posts\/55613\/revisions"}],"wp:featuredmedia":[{"embeddable":true,"href":"https:\/\/emob-italia.it\/en\/wp-json\/wp\/v2\/media\/55620"}],"wp:attachment":[{"href":"https:\/\/emob-italia.it\/en\/wp-json\/wp\/v2\/media?parent=55613"}],"wp:term":[{"taxonomy":"category","embeddable":true,"href":"https:\/\/emob-italia.it\/en\/wp-json\/wp\/v2\/categories?post=55613"},{"taxonomy":"post_tag","embeddable":true,"href":"https:\/\/emob-italia.it\/en\/wp-json\/wp\/v2\/tags?post=55613"}],"curies":[{"name":"wp","href":"https:\/\/api.w.org\/{rel}","templated":true}]}}