{"id":51529,"date":"2018-09-29T15:18:55","date_gmt":"2018-09-29T15:18:55","guid":{"rendered":"https:\/\/emob-italia.it\/?p=51529"},"modified":"2020-06-03T09:57:58","modified_gmt":"2020-06-03T07:57:58","slug":"e_mob-29-settembre-adiconsum-bisogni-dei-consumatori","status":"publish","type":"post","link":"https:\/\/emob-italia.it\/en\/2018\/09\/29\/e_mob-29-settembre-adiconsum-bisogni-dei-consumatori\/","title":{"rendered":"29 settembre: Adiconsum, bisogni dei consumatori"},"content":{"rendered":"\n<figure class=\"wp-block-embed-youtube wp-block-embed is-type-video is-provider-youtube wp-embed-aspect-16-9 wp-has-aspect-ratio\"><div class=\"wp-block-embed__wrapper\">\n<iframe loading=\"lazy\" width=\"1080\" height=\"608\" src=\"https:\/\/www.youtube.com\/embed\/m99jGhPJN8o?feature=oembed\" frameborder=\"0\" allow=\"accelerometer; autoplay; encrypted-media; gyroscope; picture-in-picture\" allowfullscreen><\/iframe>\n<\/div><\/figure>\n\n\n\n<p>Bisogni dei consumatori: Incentivi diretti ed indiretti per la mobilit\u00e0 elettrica, agevolazioni e convenzioni, sistemi privati di produzione ed accumulo energetico. <\/p>\n\n\n\n<p>A favore degli utenti della mobilit\u00e0 elettrica vi sono diverse tipologie di agevolazione.\nMeritevoli di attenzione vi sono la possibilit\u00e0 di sosta gratuita in aree a centrali delle citt\u00e0,\nnelle Zone di Rilevanza Urbanistica oltre all\u2019esclusivo accesso ai veicoli elettrici adibiti al\ntrasporto merci in fasce orarie aggiuntive rispetto ai veicoli endotermici.\n<\/p>\n\n\n\n<p>Benefit aggiuntivi sono offerti ai consumatori da societ\u00e0 di assicurazione ed energy\nprovider che consentono di ridurre le spese di gestione dei mezzi stessi oltre un maggior\nrecupero dell\u2019investimento fatto in sede di acquisto del mezzo. Sarebbe auspicabile una\nincentivazione costo dell\u2019energia elettrica attraverso una detassazione cos\u00ec come avviene\nper il metano e per l\u2019energia elettrica utilizzata in ambito ferroviario.<br>\nInfine \u00e8 necessario che i consumatori espongono le loro problematiche, al fine di fare\nfronte comune per migliorare l\u2019utilizzo dei beni stessi.\n<\/p>\n\n\n\n<p><em>In aderenza a quanto stabilito dalla Carta Metropolitana e ai risultati del gruppo di lavoro 1\n<\/em><\/p>\n\n\n\n<p><em>Coordina: Mauro Vergari, Resp. U<\/em><em>ff<\/em><em>. Studi, ricerca ed innovazione ADICONSUM\n<\/em><\/p>\n","protected":false},"excerpt":{"rendered":"<p>Bisogni dei consumatori: Incentivi diretti ed indiretti per la mobilit\u00e0 elettrica, agevolazioni e convenzioni, sistemi privati di produzione ed accumulo energetico. A favore degli utenti della mobilit\u00e0 elettrica vi sono diverse tipologie di agevolazione. Meritevoli di attenzione vi sono la possibilit\u00e0 di sosta gratuita in aree a centrali delle citt\u00e0, nelle Zone di Rilevanza Urbanistica [&hellip;]<\/p>\n","protected":false},"author":2,"featured_media":51530,"comment_status":"open","ping_status":"open","sticky":false,"template":"","format":"standard","meta":{"_et_pb_use_builder":"off","_et_pb_old_content":"","_et_gb_content_width":"","_exactmetrics_skip_tracking":false,"_exactmetrics_sitenote_active":false,"_exactmetrics_sitenote_note":"","_exactmetrics_sitenote_category":0,"footnotes":""},"categories":[15,332,119],"tags":[125,165,126],"yoast_head":"<!-- This site is optimized with the Yoast SEO plugin v22.9 - https:\/\/yoast.com\/wordpress\/plugins\/seo\/ -->\n<title>29 settembre: Adiconsum, bisogni dei consumatori &#8226; e_mob<\/title>\n<meta name=\"description\" content=\"e_mob \u00e8 il tavolo permanente degli stakeholder della mobilit\u00e0 elettrica in Italia. Organizza ogni anno a Milano la Conferenza Nazionale del settore, nel 2021 in programma dal 16 al 19 ottobre.\" \/>\n<meta name=\"robots\" content=\"index, follow, max-snippet:-1, max-image-preview:large, max-video-preview:-1\" \/>\n<link rel=\"canonical\" href=\"https:\/\/emob-italia.it\/2018\/09\/29\/e_mob-29-settembre-adiconsum-bisogni-dei-consumatori\/\" \/>\n<meta property=\"og:locale\" content=\"en_US\" \/>\n<meta property=\"og:type\" content=\"article\" \/>\n<meta property=\"og:title\" content=\"29 settembre: Adiconsum, bisogni dei consumatori &#8226; e_mob\" \/>\n<meta property=\"og:description\" content=\"e_mob \u00e8 il tavolo permanente degli stakeholder della mobilit\u00e0 elettrica in Italia. Organizza ogni anno a Milano la Conferenza Nazionale del settore, nel 2021 in programma dal 16 al 19 ottobre.\" \/>\n<meta property=\"og:url\" content=\"https:\/\/emob-italia.it\/2018\/09\/29\/e_mob-29-settembre-adiconsum-bisogni-dei-consumatori\/\" \/>\n<meta property=\"og:site_name\" content=\"e_mob\" \/>\n<meta property=\"article:publisher\" content=\"https:\/\/www.facebook.com\/emobitalia\/\" \/>\n<meta property=\"article:published_time\" content=\"2018-09-29T15:18:55+00:00\" \/>\n<meta property=\"article:modified_time\" content=\"2020-06-03T07:57:58+00:00\" \/>\n<meta property=\"og:image\" content=\"https:\/\/emob-italia.it\/wp-content\/uploads\/2019\/02\/art-video-VERGARI.jpg\" \/>\n\t<meta property=\"og:image:width\" content=\"800\" \/>\n\t<meta property=\"og:image:height\" content=\"600\" \/>\n\t<meta property=\"og:image:type\" content=\"image\/jpeg\" \/>\n<meta name=\"author\" content=\"Nadia Paglia\" \/>\n<meta name=\"twitter:label1\" content=\"Written by\" \/>\n\t<meta name=\"twitter:data1\" content=\"Nadia Paglia\" \/>\n\t<meta name=\"twitter:label2\" content=\"Est. reading time\" \/>\n\t<meta name=\"twitter:data2\" content=\"1 minute\" \/>\n<script type=\"application\/ld+json\" class=\"yoast-schema-graph\">{\"@context\":\"https:\/\/schema.org\",\"@graph\":[{\"@type\":\"Article\",\"@id\":\"https:\/\/emob-italia.it\/2018\/09\/29\/e_mob-29-settembre-adiconsum-bisogni-dei-consumatori\/#article\",\"isPartOf\":{\"@id\":\"https:\/\/emob-italia.it\/2018\/09\/29\/e_mob-29-settembre-adiconsum-bisogni-dei-consumatori\/\"},\"author\":{\"name\":\"Nadia Paglia\",\"@id\":\"https:\/\/emob-italia.it\/#\/schema\/person\/e96f2fe472d4dcca75c9ca51f8951bc5\"},\"headline\":\"29 settembre: Adiconsum, bisogni dei consumatori\",\"datePublished\":\"2018-09-29T15:18:55+00:00\",\"dateModified\":\"2020-06-03T07:57:58+00:00\",\"mainEntityOfPage\":{\"@id\":\"https:\/\/emob-italia.it\/2018\/09\/29\/e_mob-29-settembre-adiconsum-bisogni-dei-consumatori\/\"},\"wordCount\":199,\"commentCount\":0,\"publisher\":{\"@id\":\"https:\/\/emob-italia.it\/#organization\"},\"image\":{\"@id\":\"https:\/\/emob-italia.it\/2018\/09\/29\/e_mob-29-settembre-adiconsum-bisogni-dei-consumatori\/#primaryimage\"},\"thumbnailUrl\":\"https:\/\/emob-italia.it\/wp-content\/uploads\/2019\/02\/art-video-VERGARI.jpg\",\"keywords\":[\"adconsum\",\"emob\",\"vergari\"],\"articleSection\":[\"#emob2018\",\"Settembre 2018\",\"Video\"],\"inLanguage\":\"en-US\",\"potentialAction\":[{\"@type\":\"CommentAction\",\"name\":\"Comment\",\"target\":[\"https:\/\/emob-italia.it\/2018\/09\/29\/e_mob-29-settembre-adiconsum-bisogni-dei-consumatori\/#respond\"]}]},{\"@type\":\"WebPage\",\"@id\":\"https:\/\/emob-italia.it\/2018\/09\/29\/e_mob-29-settembre-adiconsum-bisogni-dei-consumatori\/\",\"url\":\"https:\/\/emob-italia.it\/2018\/09\/29\/e_mob-29-settembre-adiconsum-bisogni-dei-consumatori\/\",\"name\":\"29 settembre: Adiconsum, bisogni dei consumatori &#8226; e_mob\",\"isPartOf\":{\"@id\":\"https:\/\/emob-italia.it\/#website\"},\"primaryImageOfPage\":{\"@id\":\"https:\/\/emob-italia.it\/2018\/09\/29\/e_mob-29-settembre-adiconsum-bisogni-dei-consumatori\/#primaryimage\"},\"image\":{\"@id\":\"https:\/\/emob-italia.it\/2018\/09\/29\/e_mob-29-settembre-adiconsum-bisogni-dei-consumatori\/#primaryimage\"},\"thumbnailUrl\":\"https:\/\/emob-italia.it\/wp-content\/uploads\/2019\/02\/art-video-VERGARI.jpg\",\"datePublished\":\"2018-09-29T15:18:55+00:00\",\"dateModified\":\"2020-06-03T07:57:58+00:00\",\"description\":\"e_mob \u00e8 il tavolo permanente degli stakeholder della mobilit\u00e0 elettrica in Italia. Organizza ogni anno a Milano la Conferenza Nazionale del settore, nel 2021 in programma dal 16 al 19 ottobre.\",\"breadcrumb\":{\"@id\":\"https:\/\/emob-italia.it\/2018\/09\/29\/e_mob-29-settembre-adiconsum-bisogni-dei-consumatori\/#breadcrumb\"},\"inLanguage\":\"en-US\",\"potentialAction\":[{\"@type\":\"ReadAction\",\"target\":[\"https:\/\/emob-italia.it\/2018\/09\/29\/e_mob-29-settembre-adiconsum-bisogni-dei-consumatori\/\"]}]},{\"@type\":\"ImageObject\",\"inLanguage\":\"en-US\",\"@id\":\"https:\/\/emob-italia.it\/2018\/09\/29\/e_mob-29-settembre-adiconsum-bisogni-dei-consumatori\/#primaryimage\",\"url\":\"https:\/\/emob-italia.it\/wp-content\/uploads\/2019\/02\/art-video-VERGARI.jpg\",\"contentUrl\":\"https:\/\/emob-italia.it\/wp-content\/uploads\/2019\/02\/art-video-VERGARI.jpg\",\"width\":800,\"height\":600},{\"@type\":\"BreadcrumbList\",\"@id\":\"https:\/\/emob-italia.it\/2018\/09\/29\/e_mob-29-settembre-adiconsum-bisogni-dei-consumatori\/#breadcrumb\",\"itemListElement\":[{\"@type\":\"ListItem\",\"position\":1,\"name\":\"Home\",\"item\":\"https:\/\/emob-italia.it\/en\/\"},{\"@type\":\"ListItem\",\"position\":2,\"name\":\"29 settembre: Adiconsum, bisogni dei consumatori\"}]},{\"@type\":\"WebSite\",\"@id\":\"https:\/\/emob-italia.it\/#website\",\"url\":\"https:\/\/emob-italia.it\/\",\"name\":\"e_mob\",\"description\":\"Mobilit\u00e0 Elettrica\",\"publisher\":{\"@id\":\"https:\/\/emob-italia.it\/#organization\"},\"potentialAction\":[{\"@type\":\"SearchAction\",\"target\":{\"@type\":\"EntryPoint\",\"urlTemplate\":\"https:\/\/emob-italia.it\/?s={search_term_string}\"},\"query-input\":\"required name=search_term_string\"}],\"inLanguage\":\"en-US\"},{\"@type\":\"Organization\",\"@id\":\"https:\/\/emob-italia.it\/#organization\",\"name\":\"Class Onlus\",\"url\":\"https:\/\/emob-italia.it\/\",\"logo\":{\"@type\":\"ImageObject\",\"inLanguage\":\"en-US\",\"@id\":\"https:\/\/emob-italia.it\/#\/schema\/logo\/image\/\",\"url\":\"https:\/\/emob-italia.it\/wp-content\/uploads\/2019\/03\/0_CLASS-ONLUS-logo-web.png\",\"contentUrl\":\"https:\/\/emob-italia.it\/wp-content\/uploads\/2019\/03\/0_CLASS-ONLUS-logo-web.png\",\"width\":598,\"height\":202,\"caption\":\"Class Onlus\"},\"image\":{\"@id\":\"https:\/\/emob-italia.it\/#\/schema\/logo\/image\/\"},\"sameAs\":[\"https:\/\/www.facebook.com\/emobitalia\/\",\"https:\/\/www.instagram.com\/e_mob_italia\/\",\"https:\/\/www.linkedin.com\/groups\/12186185\/\",\"https:\/\/www.youtube.com\/channel\/UCvnTcrhggAX_AkFwGxRfqFw\/featured?view_as=subscriber\"]},{\"@type\":\"Person\",\"@id\":\"https:\/\/emob-italia.it\/#\/schema\/person\/e96f2fe472d4dcca75c9ca51f8951bc5\",\"name\":\"Nadia Paglia\",\"image\":{\"@type\":\"ImageObject\",\"inLanguage\":\"en-US\",\"@id\":\"https:\/\/emob-italia.it\/#\/schema\/person\/image\/\",\"url\":\"https:\/\/secure.gravatar.com\/avatar\/02e0cd654df2106544e1a6f3ee921a91?s=96&r=g\",\"contentUrl\":\"https:\/\/secure.gravatar.com\/avatar\/02e0cd654df2106544e1a6f3ee921a91?s=96&r=g\",\"caption\":\"Nadia Paglia\"},\"url\":\"https:\/\/emob-italia.it\/en\/author\/nadia-paglia\/\"}]}<\/script>\n<!-- \/ Yoast SEO plugin. -->","yoast_head_json":{"title":"29 settembre: Adiconsum, bisogni dei consumatori &#8226; e_mob","description":"e_mob \u00e8 il tavolo permanente degli stakeholder della mobilit\u00e0 elettrica in Italia. Organizza ogni anno a Milano la Conferenza Nazionale del settore, nel 2021 in programma dal 16 al 19 ottobre.","robots":{"index":"index","follow":"follow","max-snippet":"max-snippet:-1","max-image-preview":"max-image-preview:large","max-video-preview":"max-video-preview:-1"},"canonical":"https:\/\/emob-italia.it\/2018\/09\/29\/e_mob-29-settembre-adiconsum-bisogni-dei-consumatori\/","og_locale":"en_US","og_type":"article","og_title":"29 settembre: Adiconsum, bisogni dei consumatori &#8226; e_mob","og_description":"e_mob \u00e8 il tavolo permanente degli stakeholder della mobilit\u00e0 elettrica in Italia. Organizza ogni anno a Milano la Conferenza Nazionale del settore, nel 2021 in programma dal 16 al 19 ottobre.","og_url":"https:\/\/emob-italia.it\/2018\/09\/29\/e_mob-29-settembre-adiconsum-bisogni-dei-consumatori\/","og_site_name":"e_mob","article_publisher":"https:\/\/www.facebook.com\/emobitalia\/","article_published_time":"2018-09-29T15:18:55+00:00","article_modified_time":"2020-06-03T07:57:58+00:00","og_image":[{"width":800,"height":600,"url":"https:\/\/emob-italia.it\/wp-content\/uploads\/2019\/02\/art-video-VERGARI.jpg","type":"image\/jpeg"}],"author":"Nadia Paglia","twitter_misc":{"Written by":"Nadia Paglia","Est. reading time":"1 minute"},"schema":{"@context":"https:\/\/schema.org","@graph":[{"@type":"Article","@id":"https:\/\/emob-italia.it\/2018\/09\/29\/e_mob-29-settembre-adiconsum-bisogni-dei-consumatori\/#article","isPartOf":{"@id":"https:\/\/emob-italia.it\/2018\/09\/29\/e_mob-29-settembre-adiconsum-bisogni-dei-consumatori\/"},"author":{"name":"Nadia Paglia","@id":"https:\/\/emob-italia.it\/#\/schema\/person\/e96f2fe472d4dcca75c9ca51f8951bc5"},"headline":"29 settembre: Adiconsum, bisogni dei consumatori","datePublished":"2018-09-29T15:18:55+00:00","dateModified":"2020-06-03T07:57:58+00:00","mainEntityOfPage":{"@id":"https:\/\/emob-italia.it\/2018\/09\/29\/e_mob-29-settembre-adiconsum-bisogni-dei-consumatori\/"},"wordCount":199,"commentCount":0,"publisher":{"@id":"https:\/\/emob-italia.it\/#organization"},"image":{"@id":"https:\/\/emob-italia.it\/2018\/09\/29\/e_mob-29-settembre-adiconsum-bisogni-dei-consumatori\/#primaryimage"},"thumbnailUrl":"https:\/\/emob-italia.it\/wp-content\/uploads\/2019\/02\/art-video-VERGARI.jpg","keywords":["adconsum","emob","vergari"],"articleSection":["#emob2018","Settembre 2018","Video"],"inLanguage":"en-US","potentialAction":[{"@type":"CommentAction","name":"Comment","target":["https:\/\/emob-italia.it\/2018\/09\/29\/e_mob-29-settembre-adiconsum-bisogni-dei-consumatori\/#respond"]}]},{"@type":"WebPage","@id":"https:\/\/emob-italia.it\/2018\/09\/29\/e_mob-29-settembre-adiconsum-bisogni-dei-consumatori\/","url":"https:\/\/emob-italia.it\/2018\/09\/29\/e_mob-29-settembre-adiconsum-bisogni-dei-consumatori\/","name":"29 settembre: Adiconsum, bisogni dei consumatori &#8226; e_mob","isPartOf":{"@id":"https:\/\/emob-italia.it\/#website"},"primaryImageOfPage":{"@id":"https:\/\/emob-italia.it\/2018\/09\/29\/e_mob-29-settembre-adiconsum-bisogni-dei-consumatori\/#primaryimage"},"image":{"@id":"https:\/\/emob-italia.it\/2018\/09\/29\/e_mob-29-settembre-adiconsum-bisogni-dei-consumatori\/#primaryimage"},"thumbnailUrl":"https:\/\/emob-italia.it\/wp-content\/uploads\/2019\/02\/art-video-VERGARI.jpg","datePublished":"2018-09-29T15:18:55+00:00","dateModified":"2020-06-03T07:57:58+00:00","description":"e_mob \u00e8 il tavolo permanente degli stakeholder della mobilit\u00e0 elettrica in Italia. Organizza ogni anno a Milano la Conferenza Nazionale del settore, nel 2021 in programma dal 16 al 19 ottobre.","breadcrumb":{"@id":"https:\/\/emob-italia.it\/2018\/09\/29\/e_mob-29-settembre-adiconsum-bisogni-dei-consumatori\/#breadcrumb"},"inLanguage":"en-US","potentialAction":[{"@type":"ReadAction","target":["https:\/\/emob-italia.it\/2018\/09\/29\/e_mob-29-settembre-adiconsum-bisogni-dei-consumatori\/"]}]},{"@type":"ImageObject","inLanguage":"en-US","@id":"https:\/\/emob-italia.it\/2018\/09\/29\/e_mob-29-settembre-adiconsum-bisogni-dei-consumatori\/#primaryimage","url":"https:\/\/emob-italia.it\/wp-content\/uploads\/2019\/02\/art-video-VERGARI.jpg","contentUrl":"https:\/\/emob-italia.it\/wp-content\/uploads\/2019\/02\/art-video-VERGARI.jpg","width":800,"height":600},{"@type":"BreadcrumbList","@id":"https:\/\/emob-italia.it\/2018\/09\/29\/e_mob-29-settembre-adiconsum-bisogni-dei-consumatori\/#breadcrumb","itemListElement":[{"@type":"ListItem","position":1,"name":"Home","item":"https:\/\/emob-italia.it\/en\/"},{"@type":"ListItem","position":2,"name":"29 settembre: Adiconsum, bisogni dei consumatori"}]},{"@type":"WebSite","@id":"https:\/\/emob-italia.it\/#website","url":"https:\/\/emob-italia.it\/","name":"e_mob","description":"Mobilit\u00e0 Elettrica","publisher":{"@id":"https:\/\/emob-italia.it\/#organization"},"potentialAction":[{"@type":"SearchAction","target":{"@type":"EntryPoint","urlTemplate":"https:\/\/emob-italia.it\/?s={search_term_string}"},"query-input":"required name=search_term_string"}],"inLanguage":"en-US"},{"@type":"Organization","@id":"https:\/\/emob-italia.it\/#organization","name":"Class Onlus","url":"https:\/\/emob-italia.it\/","logo":{"@type":"ImageObject","inLanguage":"en-US","@id":"https:\/\/emob-italia.it\/#\/schema\/logo\/image\/","url":"https:\/\/emob-italia.it\/wp-content\/uploads\/2019\/03\/0_CLASS-ONLUS-logo-web.png","contentUrl":"https:\/\/emob-italia.it\/wp-content\/uploads\/2019\/03\/0_CLASS-ONLUS-logo-web.png","width":598,"height":202,"caption":"Class Onlus"},"image":{"@id":"https:\/\/emob-italia.it\/#\/schema\/logo\/image\/"},"sameAs":["https:\/\/www.facebook.com\/emobitalia\/","https:\/\/www.instagram.com\/e_mob_italia\/","https:\/\/www.linkedin.com\/groups\/12186185\/","https:\/\/www.youtube.com\/channel\/UCvnTcrhggAX_AkFwGxRfqFw\/featured?view_as=subscriber"]},{"@type":"Person","@id":"https:\/\/emob-italia.it\/#\/schema\/person\/e96f2fe472d4dcca75c9ca51f8951bc5","name":"Nadia Paglia","image":{"@type":"ImageObject","inLanguage":"en-US","@id":"https:\/\/emob-italia.it\/#\/schema\/person\/image\/","url":"https:\/\/secure.gravatar.com\/avatar\/02e0cd654df2106544e1a6f3ee921a91?s=96&r=g","contentUrl":"https:\/\/secure.gravatar.com\/avatar\/02e0cd654df2106544e1a6f3ee921a91?s=96&r=g","caption":"Nadia Paglia"},"url":"https:\/\/emob-italia.it\/en\/author\/nadia-paglia\/"}]}},"_links":{"self":[{"href":"https:\/\/emob-italia.it\/en\/wp-json\/wp\/v2\/posts\/51529"}],"collection":[{"href":"https:\/\/emob-italia.it\/en\/wp-json\/wp\/v2\/posts"}],"about":[{"href":"https:\/\/emob-italia.it\/en\/wp-json\/wp\/v2\/types\/post"}],"author":[{"embeddable":true,"href":"https:\/\/emob-italia.it\/en\/wp-json\/wp\/v2\/users\/2"}],"replies":[{"embeddable":true,"href":"https:\/\/emob-italia.it\/en\/wp-json\/wp\/v2\/comments?post=51529"}],"version-history":[{"count":0,"href":"https:\/\/emob-italia.it\/en\/wp-json\/wp\/v2\/posts\/51529\/revisions"}],"wp:featuredmedia":[{"embeddable":true,"href":"https:\/\/emob-italia.it\/en\/wp-json\/wp\/v2\/media\/51530"}],"wp:attachment":[{"href":"https:\/\/emob-italia.it\/en\/wp-json\/wp\/v2\/media?parent=51529"}],"wp:term":[{"taxonomy":"category","embeddable":true,"href":"https:\/\/emob-italia.it\/en\/wp-json\/wp\/v2\/categories?post=51529"},{"taxonomy":"post_tag","embeddable":true,"href":"https:\/\/emob-italia.it\/en\/wp-json\/wp\/v2\/tags?post=51529"}],"curies":[{"name":"wp","href":"https:\/\/api.w.org\/{rel}","templated":true}]}}