{"id":50125,"date":"2018-10-11T07:54:08","date_gmt":"2018-10-11T05:54:08","guid":{"rendered":"https:\/\/emob2018.it\/?p=50125"},"modified":"2020-06-03T09:56:25","modified_gmt":"2020-06-03T07:56:25","slug":"strategie-di-incentivazione-alla-diffusione-della-mobilita-elettrica","status":"publish","type":"post","link":"https:\/\/emob-italia.it\/en\/2018\/10\/11\/strategie-di-incentivazione-alla-diffusione-della-mobilita-elettrica\/","title":{"rendered":"Strategie di incentivazione alla diffusione della Mobilit\u00e0 Elettrica"},"content":{"rendered":"\n[et_pb_section bb_built=&#8221;1&#8243; admin_label=&#8221;section&#8221; _builder_version=&#8221;3.0.47&#8243;][et_pb_row admin_label=&#8221;row&#8221; _builder_version=&#8221;3.0.48&#8243; background_size=&#8221;initial&#8221; background_position=&#8221;top_left&#8221; background_repeat=&#8221;repeat&#8221;][et_pb_column type=&#8221;4_4&#8243;][et_pb_text admin_label=&#8221;Text&#8221; _builder_version=&#8221;3.16.1&#8243; background_size=&#8221;initial&#8221; background_position=&#8221;top_left&#8221; background_repeat=&#8221;repeat&#8221; header_5_font=&#8221;|||on|||||&#8221; header_5_line_height=&#8221;1.7em&#8221;]\n<h5>28 Settembre &#8211; sala<\/h5>\n<ul>\n \t<li>Azioni integrate per una mobilit\u00e0 elettrica in citt\u00e0 (auto elettriche, bici elettriche, sharing mobility, regole, taxi)<\/li>\n \t<li>La filoviarizzazione del TPL in citt\u00e0 (PIMBO)<\/li>\n \t<li>Il nuovo progetto TRAM<\/li>\n \t<li>La realizzazione del People Mover<\/li>\n<\/ul>\nA cura di: <em>Irene Priolo<\/em> &#8211; Assessore alla Mobilit\u00e0, Comune di Bologna\n<a href=\"https:\/\/emob2018.it\/wp-content\/uploads\/2018\/10\/3-ppt_Priolo-28-dettembre-2018.ppt\">Scarica QUI<\/a> il file in formato pptx\nDimensione: 8,3MB\n[\/et_pb_text][\/et_pb_column][\/et_pb_row][\/et_pb_section]\n","protected":false},"excerpt":{"rendered":"<p>28 Settembre &#8211; sala Azioni integrate per una mobilit\u00e0 elettrica in citt\u00e0 (auto elettriche, bici elettriche, sharing mobility, regole, taxi) La filoviarizzazione del TPL in citt\u00e0 (PIMBO) Il nuovo progetto TRAM La realizzazione del People Mover A cura di: Irene Priolo &#8211; Assessore alla Mobilit\u00e0, Comune di Bologna Scarica QUI il file in formato pptx [&hellip;]<\/p>\n","protected":false},"author":2,"featured_media":51626,"comment_status":"open","ping_status":"open","sticky":false,"template":"","format":"standard","meta":{"_et_pb_use_builder":"on","_et_pb_old_content":"","_et_gb_content_width":"","_exactmetrics_skip_tracking":false,"_exactmetrics_sitenote_active":false,"_exactmetrics_sitenote_note":"","_exactmetrics_sitenote_category":0,"footnotes":""},"categories":[15,74,235,331],"tags":[77,165,87,79],"yoast_head":"<!-- This site is optimized with the Yoast SEO plugin v22.9 - https:\/\/yoast.com\/wordpress\/plugins\/seo\/ -->\n<title>Strategie di incentivazione alla diffusione della Mobilit\u00e0 Elettrica &#8226; e_mob<\/title>\n<meta name=\"description\" content=\"e_mob \u00e8 il tavolo permanente degli stakeholder della mobilit\u00e0 elettrica in Italia. Organizza ogni anno a Milano la Conferenza Nazionale del settore, nel 2021 in programma dal 16 al 19 ottobre.\" \/>\n<meta name=\"robots\" content=\"index, follow, max-snippet:-1, max-image-preview:large, max-video-preview:-1\" \/>\n<link rel=\"canonical\" href=\"https:\/\/emob-italia.it\/2018\/10\/11\/strategie-di-incentivazione-alla-diffusione-della-mobilita-elettrica\/\" \/>\n<meta property=\"og:locale\" content=\"en_US\" \/>\n<meta property=\"og:type\" content=\"article\" \/>\n<meta property=\"og:title\" content=\"Strategie di incentivazione alla diffusione della Mobilit\u00e0 Elettrica &#8226; e_mob\" \/>\n<meta property=\"og:description\" content=\"e_mob \u00e8 il tavolo permanente degli stakeholder della mobilit\u00e0 elettrica in Italia. Organizza ogni anno a Milano la Conferenza Nazionale del settore, nel 2021 in programma dal 16 al 19 ottobre.\" \/>\n<meta property=\"og:url\" content=\"https:\/\/emob-italia.it\/2018\/10\/11\/strategie-di-incentivazione-alla-diffusione-della-mobilita-elettrica\/\" \/>\n<meta property=\"og:site_name\" content=\"e_mob\" \/>\n<meta property=\"article:publisher\" content=\"https:\/\/www.facebook.com\/emobitalia\/\" \/>\n<meta property=\"article:published_time\" content=\"2018-10-11T05:54:08+00:00\" \/>\n<meta property=\"article:modified_time\" content=\"2020-06-03T07:56:25+00:00\" \/>\n<meta property=\"og:image\" content=\"https:\/\/emob-italia.it\/wp-content\/uploads\/2018\/10\/Atti-Convegni-strategie-incent.jpg\" \/>\n\t<meta property=\"og:image:width\" content=\"1200\" \/>\n\t<meta property=\"og:image:height\" content=\"630\" \/>\n\t<meta property=\"og:image:type\" content=\"image\/jpeg\" \/>\n<meta name=\"author\" content=\"Nadia Paglia\" \/>\n<meta name=\"twitter:label1\" content=\"Written by\" \/>\n\t<meta name=\"twitter:data1\" content=\"Nadia Paglia\" \/>\n\t<meta name=\"twitter:label2\" content=\"Est. reading time\" \/>\n\t<meta name=\"twitter:data2\" content=\"1 minute\" \/>\n<script type=\"application\/ld+json\" class=\"yoast-schema-graph\">{\"@context\":\"https:\/\/schema.org\",\"@graph\":[{\"@type\":\"Article\",\"@id\":\"https:\/\/emob-italia.it\/2018\/10\/11\/strategie-di-incentivazione-alla-diffusione-della-mobilita-elettrica\/#article\",\"isPartOf\":{\"@id\":\"https:\/\/emob-italia.it\/2018\/10\/11\/strategie-di-incentivazione-alla-diffusione-della-mobilita-elettrica\/\"},\"author\":{\"name\":\"Nadia Paglia\",\"@id\":\"https:\/\/emob-italia.it\/#\/schema\/person\/e96f2fe472d4dcca75c9ca51f8951bc5\"},\"headline\":\"Strategie di incentivazione alla diffusione della Mobilit\u00e0 Elettrica\",\"datePublished\":\"2018-10-11T05:54:08+00:00\",\"dateModified\":\"2020-06-03T07:56:25+00:00\",\"mainEntityOfPage\":{\"@id\":\"https:\/\/emob-italia.it\/2018\/10\/11\/strategie-di-incentivazione-alla-diffusione-della-mobilita-elettrica\/\"},\"wordCount\":133,\"commentCount\":0,\"publisher\":{\"@id\":\"https:\/\/emob-italia.it\/#organization\"},\"image\":{\"@id\":\"https:\/\/emob-italia.it\/2018\/10\/11\/strategie-di-incentivazione-alla-diffusione-della-mobilita-elettrica\/#primaryimage\"},\"thumbnailUrl\":\"https:\/\/emob-italia.it\/wp-content\/uploads\/2018\/10\/Atti-Convegni-strategie-incent.jpg\",\"keywords\":[\"28\",\"emob\",\"Irene Priolo\",\"mattino\"],\"articleSection\":[\"#emob2018\",\"Atti dei Convegni\",\"emo2018\",\"Ottobre 2018\"],\"inLanguage\":\"en-US\",\"potentialAction\":[{\"@type\":\"CommentAction\",\"name\":\"Comment\",\"target\":[\"https:\/\/emob-italia.it\/2018\/10\/11\/strategie-di-incentivazione-alla-diffusione-della-mobilita-elettrica\/#respond\"]}]},{\"@type\":\"WebPage\",\"@id\":\"https:\/\/emob-italia.it\/2018\/10\/11\/strategie-di-incentivazione-alla-diffusione-della-mobilita-elettrica\/\",\"url\":\"https:\/\/emob-italia.it\/2018\/10\/11\/strategie-di-incentivazione-alla-diffusione-della-mobilita-elettrica\/\",\"name\":\"Strategie di incentivazione alla diffusione della Mobilit\u00e0 Elettrica &#8226; e_mob\",\"isPartOf\":{\"@id\":\"https:\/\/emob-italia.it\/#website\"},\"primaryImageOfPage\":{\"@id\":\"https:\/\/emob-italia.it\/2018\/10\/11\/strategie-di-incentivazione-alla-diffusione-della-mobilita-elettrica\/#primaryimage\"},\"image\":{\"@id\":\"https:\/\/emob-italia.it\/2018\/10\/11\/strategie-di-incentivazione-alla-diffusione-della-mobilita-elettrica\/#primaryimage\"},\"thumbnailUrl\":\"https:\/\/emob-italia.it\/wp-content\/uploads\/2018\/10\/Atti-Convegni-strategie-incent.jpg\",\"datePublished\":\"2018-10-11T05:54:08+00:00\",\"dateModified\":\"2020-06-03T07:56:25+00:00\",\"description\":\"e_mob \u00e8 il tavolo permanente degli stakeholder della mobilit\u00e0 elettrica in Italia. Organizza ogni anno a Milano la Conferenza Nazionale del settore, nel 2021 in programma dal 16 al 19 ottobre.\",\"breadcrumb\":{\"@id\":\"https:\/\/emob-italia.it\/2018\/10\/11\/strategie-di-incentivazione-alla-diffusione-della-mobilita-elettrica\/#breadcrumb\"},\"inLanguage\":\"en-US\",\"potentialAction\":[{\"@type\":\"ReadAction\",\"target\":[\"https:\/\/emob-italia.it\/2018\/10\/11\/strategie-di-incentivazione-alla-diffusione-della-mobilita-elettrica\/\"]}]},{\"@type\":\"ImageObject\",\"inLanguage\":\"en-US\",\"@id\":\"https:\/\/emob-italia.it\/2018\/10\/11\/strategie-di-incentivazione-alla-diffusione-della-mobilita-elettrica\/#primaryimage\",\"url\":\"https:\/\/emob-italia.it\/wp-content\/uploads\/2018\/10\/Atti-Convegni-strategie-incent.jpg\",\"contentUrl\":\"https:\/\/emob-italia.it\/wp-content\/uploads\/2018\/10\/Atti-Convegni-strategie-incent.jpg\",\"width\":1200,\"height\":630},{\"@type\":\"BreadcrumbList\",\"@id\":\"https:\/\/emob-italia.it\/2018\/10\/11\/strategie-di-incentivazione-alla-diffusione-della-mobilita-elettrica\/#breadcrumb\",\"itemListElement\":[{\"@type\":\"ListItem\",\"position\":1,\"name\":\"Home\",\"item\":\"https:\/\/emob-italia.it\/en\/\"},{\"@type\":\"ListItem\",\"position\":2,\"name\":\"Strategie di incentivazione alla diffusione della Mobilit\u00e0 Elettrica\"}]},{\"@type\":\"WebSite\",\"@id\":\"https:\/\/emob-italia.it\/#website\",\"url\":\"https:\/\/emob-italia.it\/\",\"name\":\"e_mob\",\"description\":\"Mobilit\u00e0 Elettrica\",\"publisher\":{\"@id\":\"https:\/\/emob-italia.it\/#organization\"},\"potentialAction\":[{\"@type\":\"SearchAction\",\"target\":{\"@type\":\"EntryPoint\",\"urlTemplate\":\"https:\/\/emob-italia.it\/?s={search_term_string}\"},\"query-input\":\"required name=search_term_string\"}],\"inLanguage\":\"en-US\"},{\"@type\":\"Organization\",\"@id\":\"https:\/\/emob-italia.it\/#organization\",\"name\":\"Class Onlus\",\"url\":\"https:\/\/emob-italia.it\/\",\"logo\":{\"@type\":\"ImageObject\",\"inLanguage\":\"en-US\",\"@id\":\"https:\/\/emob-italia.it\/#\/schema\/logo\/image\/\",\"url\":\"https:\/\/emob-italia.it\/wp-content\/uploads\/2019\/03\/0_CLASS-ONLUS-logo-web.png\",\"contentUrl\":\"https:\/\/emob-italia.it\/wp-content\/uploads\/2019\/03\/0_CLASS-ONLUS-logo-web.png\",\"width\":598,\"height\":202,\"caption\":\"Class Onlus\"},\"image\":{\"@id\":\"https:\/\/emob-italia.it\/#\/schema\/logo\/image\/\"},\"sameAs\":[\"https:\/\/www.facebook.com\/emobitalia\/\",\"https:\/\/www.instagram.com\/e_mob_italia\/\",\"https:\/\/www.linkedin.com\/groups\/12186185\/\",\"https:\/\/www.youtube.com\/channel\/UCvnTcrhggAX_AkFwGxRfqFw\/featured?view_as=subscriber\"]},{\"@type\":\"Person\",\"@id\":\"https:\/\/emob-italia.it\/#\/schema\/person\/e96f2fe472d4dcca75c9ca51f8951bc5\",\"name\":\"Nadia Paglia\",\"image\":{\"@type\":\"ImageObject\",\"inLanguage\":\"en-US\",\"@id\":\"https:\/\/emob-italia.it\/#\/schema\/person\/image\/\",\"url\":\"https:\/\/secure.gravatar.com\/avatar\/02e0cd654df2106544e1a6f3ee921a91?s=96&r=g\",\"contentUrl\":\"https:\/\/secure.gravatar.com\/avatar\/02e0cd654df2106544e1a6f3ee921a91?s=96&r=g\",\"caption\":\"Nadia Paglia\"},\"url\":\"https:\/\/emob-italia.it\/en\/author\/nadia-paglia\/\"}]}<\/script>\n<!-- \/ Yoast SEO plugin. -->","yoast_head_json":{"title":"Strategie di incentivazione alla diffusione della Mobilit\u00e0 Elettrica &#8226; e_mob","description":"e_mob \u00e8 il tavolo permanente degli stakeholder della mobilit\u00e0 elettrica in Italia. Organizza ogni anno a Milano la Conferenza Nazionale del settore, nel 2021 in programma dal 16 al 19 ottobre.","robots":{"index":"index","follow":"follow","max-snippet":"max-snippet:-1","max-image-preview":"max-image-preview:large","max-video-preview":"max-video-preview:-1"},"canonical":"https:\/\/emob-italia.it\/2018\/10\/11\/strategie-di-incentivazione-alla-diffusione-della-mobilita-elettrica\/","og_locale":"en_US","og_type":"article","og_title":"Strategie di incentivazione alla diffusione della Mobilit\u00e0 Elettrica &#8226; e_mob","og_description":"e_mob \u00e8 il tavolo permanente degli stakeholder della mobilit\u00e0 elettrica in Italia. Organizza ogni anno a Milano la Conferenza Nazionale del settore, nel 2021 in programma dal 16 al 19 ottobre.","og_url":"https:\/\/emob-italia.it\/2018\/10\/11\/strategie-di-incentivazione-alla-diffusione-della-mobilita-elettrica\/","og_site_name":"e_mob","article_publisher":"https:\/\/www.facebook.com\/emobitalia\/","article_published_time":"2018-10-11T05:54:08+00:00","article_modified_time":"2020-06-03T07:56:25+00:00","og_image":[{"width":1200,"height":630,"url":"https:\/\/emob-italia.it\/wp-content\/uploads\/2018\/10\/Atti-Convegni-strategie-incent.jpg","type":"image\/jpeg"}],"author":"Nadia Paglia","twitter_misc":{"Written by":"Nadia Paglia","Est. reading time":"1 minute"},"schema":{"@context":"https:\/\/schema.org","@graph":[{"@type":"Article","@id":"https:\/\/emob-italia.it\/2018\/10\/11\/strategie-di-incentivazione-alla-diffusione-della-mobilita-elettrica\/#article","isPartOf":{"@id":"https:\/\/emob-italia.it\/2018\/10\/11\/strategie-di-incentivazione-alla-diffusione-della-mobilita-elettrica\/"},"author":{"name":"Nadia Paglia","@id":"https:\/\/emob-italia.it\/#\/schema\/person\/e96f2fe472d4dcca75c9ca51f8951bc5"},"headline":"Strategie di incentivazione alla diffusione della Mobilit\u00e0 Elettrica","datePublished":"2018-10-11T05:54:08+00:00","dateModified":"2020-06-03T07:56:25+00:00","mainEntityOfPage":{"@id":"https:\/\/emob-italia.it\/2018\/10\/11\/strategie-di-incentivazione-alla-diffusione-della-mobilita-elettrica\/"},"wordCount":133,"commentCount":0,"publisher":{"@id":"https:\/\/emob-italia.it\/#organization"},"image":{"@id":"https:\/\/emob-italia.it\/2018\/10\/11\/strategie-di-incentivazione-alla-diffusione-della-mobilita-elettrica\/#primaryimage"},"thumbnailUrl":"https:\/\/emob-italia.it\/wp-content\/uploads\/2018\/10\/Atti-Convegni-strategie-incent.jpg","keywords":["28","emob","Irene Priolo","mattino"],"articleSection":["#emob2018","Atti dei Convegni","emo2018","Ottobre 2018"],"inLanguage":"en-US","potentialAction":[{"@type":"CommentAction","name":"Comment","target":["https:\/\/emob-italia.it\/2018\/10\/11\/strategie-di-incentivazione-alla-diffusione-della-mobilita-elettrica\/#respond"]}]},{"@type":"WebPage","@id":"https:\/\/emob-italia.it\/2018\/10\/11\/strategie-di-incentivazione-alla-diffusione-della-mobilita-elettrica\/","url":"https:\/\/emob-italia.it\/2018\/10\/11\/strategie-di-incentivazione-alla-diffusione-della-mobilita-elettrica\/","name":"Strategie di incentivazione alla diffusione della Mobilit\u00e0 Elettrica &#8226; e_mob","isPartOf":{"@id":"https:\/\/emob-italia.it\/#website"},"primaryImageOfPage":{"@id":"https:\/\/emob-italia.it\/2018\/10\/11\/strategie-di-incentivazione-alla-diffusione-della-mobilita-elettrica\/#primaryimage"},"image":{"@id":"https:\/\/emob-italia.it\/2018\/10\/11\/strategie-di-incentivazione-alla-diffusione-della-mobilita-elettrica\/#primaryimage"},"thumbnailUrl":"https:\/\/emob-italia.it\/wp-content\/uploads\/2018\/10\/Atti-Convegni-strategie-incent.jpg","datePublished":"2018-10-11T05:54:08+00:00","dateModified":"2020-06-03T07:56:25+00:00","description":"e_mob \u00e8 il tavolo permanente degli stakeholder della mobilit\u00e0 elettrica in Italia. Organizza ogni anno a Milano la Conferenza Nazionale del settore, nel 2021 in programma dal 16 al 19 ottobre.","breadcrumb":{"@id":"https:\/\/emob-italia.it\/2018\/10\/11\/strategie-di-incentivazione-alla-diffusione-della-mobilita-elettrica\/#breadcrumb"},"inLanguage":"en-US","potentialAction":[{"@type":"ReadAction","target":["https:\/\/emob-italia.it\/2018\/10\/11\/strategie-di-incentivazione-alla-diffusione-della-mobilita-elettrica\/"]}]},{"@type":"ImageObject","inLanguage":"en-US","@id":"https:\/\/emob-italia.it\/2018\/10\/11\/strategie-di-incentivazione-alla-diffusione-della-mobilita-elettrica\/#primaryimage","url":"https:\/\/emob-italia.it\/wp-content\/uploads\/2018\/10\/Atti-Convegni-strategie-incent.jpg","contentUrl":"https:\/\/emob-italia.it\/wp-content\/uploads\/2018\/10\/Atti-Convegni-strategie-incent.jpg","width":1200,"height":630},{"@type":"BreadcrumbList","@id":"https:\/\/emob-italia.it\/2018\/10\/11\/strategie-di-incentivazione-alla-diffusione-della-mobilita-elettrica\/#breadcrumb","itemListElement":[{"@type":"ListItem","position":1,"name":"Home","item":"https:\/\/emob-italia.it\/en\/"},{"@type":"ListItem","position":2,"name":"Strategie di incentivazione alla diffusione della Mobilit\u00e0 Elettrica"}]},{"@type":"WebSite","@id":"https:\/\/emob-italia.it\/#website","url":"https:\/\/emob-italia.it\/","name":"e_mob","description":"Mobilit\u00e0 Elettrica","publisher":{"@id":"https:\/\/emob-italia.it\/#organization"},"potentialAction":[{"@type":"SearchAction","target":{"@type":"EntryPoint","urlTemplate":"https:\/\/emob-italia.it\/?s={search_term_string}"},"query-input":"required name=search_term_string"}],"inLanguage":"en-US"},{"@type":"Organization","@id":"https:\/\/emob-italia.it\/#organization","name":"Class Onlus","url":"https:\/\/emob-italia.it\/","logo":{"@type":"ImageObject","inLanguage":"en-US","@id":"https:\/\/emob-italia.it\/#\/schema\/logo\/image\/","url":"https:\/\/emob-italia.it\/wp-content\/uploads\/2019\/03\/0_CLASS-ONLUS-logo-web.png","contentUrl":"https:\/\/emob-italia.it\/wp-content\/uploads\/2019\/03\/0_CLASS-ONLUS-logo-web.png","width":598,"height":202,"caption":"Class Onlus"},"image":{"@id":"https:\/\/emob-italia.it\/#\/schema\/logo\/image\/"},"sameAs":["https:\/\/www.facebook.com\/emobitalia\/","https:\/\/www.instagram.com\/e_mob_italia\/","https:\/\/www.linkedin.com\/groups\/12186185\/","https:\/\/www.youtube.com\/channel\/UCvnTcrhggAX_AkFwGxRfqFw\/featured?view_as=subscriber"]},{"@type":"Person","@id":"https:\/\/emob-italia.it\/#\/schema\/person\/e96f2fe472d4dcca75c9ca51f8951bc5","name":"Nadia Paglia","image":{"@type":"ImageObject","inLanguage":"en-US","@id":"https:\/\/emob-italia.it\/#\/schema\/person\/image\/","url":"https:\/\/secure.gravatar.com\/avatar\/02e0cd654df2106544e1a6f3ee921a91?s=96&r=g","contentUrl":"https:\/\/secure.gravatar.com\/avatar\/02e0cd654df2106544e1a6f3ee921a91?s=96&r=g","caption":"Nadia Paglia"},"url":"https:\/\/emob-italia.it\/en\/author\/nadia-paglia\/"}]}},"_links":{"self":[{"href":"https:\/\/emob-italia.it\/en\/wp-json\/wp\/v2\/posts\/50125"}],"collection":[{"href":"https:\/\/emob-italia.it\/en\/wp-json\/wp\/v2\/posts"}],"about":[{"href":"https:\/\/emob-italia.it\/en\/wp-json\/wp\/v2\/types\/post"}],"author":[{"embeddable":true,"href":"https:\/\/emob-italia.it\/en\/wp-json\/wp\/v2\/users\/2"}],"replies":[{"embeddable":true,"href":"https:\/\/emob-italia.it\/en\/wp-json\/wp\/v2\/comments?post=50125"}],"version-history":[{"count":0,"href":"https:\/\/emob-italia.it\/en\/wp-json\/wp\/v2\/posts\/50125\/revisions"}],"wp:featuredmedia":[{"embeddable":true,"href":"https:\/\/emob-italia.it\/en\/wp-json\/wp\/v2\/media\/51626"}],"wp:attachment":[{"href":"https:\/\/emob-italia.it\/en\/wp-json\/wp\/v2\/media?parent=50125"}],"wp:term":[{"taxonomy":"category","embeddable":true,"href":"https:\/\/emob-italia.it\/en\/wp-json\/wp\/v2\/categories?post=50125"},{"taxonomy":"post_tag","embeddable":true,"href":"https:\/\/emob-italia.it\/en\/wp-json\/wp\/v2\/tags?post=50125"}],"curies":[{"name":"wp","href":"https:\/\/api.w.org\/{rel}","templated":true}]}}