{"id":49895,"date":"2018-09-03T13:45:39","date_gmt":"2018-09-03T13:45:39","guid":{"rendered":"https:\/\/emob2018.it\/?p=49895"},"modified":"2024-03-04T20:00:15","modified_gmt":"2024-03-04T19:00:15","slug":"piu-punti-di-ricarica-pubblica-per-il-rifornimento-domestico-e-pulito","status":"publish","type":"post","link":"https:\/\/emob-italia.it\/en\/2018\/09\/03\/piu-punti-di-ricarica-pubblica-per-il-rifornimento-domestico-e-pulito\/","title":{"rendered":"Pi\u00f9 punti di ricarica pubblica per il \u201crifornimento\u201d domestico e pulito"},"content":{"rendered":"<p>[et_pb_section bb_built=&#8221;1&#8243; admin_label=&#8221;section&#8221; _builder_version=&#8221;3.0.47&#8243;][et_pb_row admin_label=&#8221;row&#8221; _builder_version=&#8221;3.0.48&#8243; background_size=&#8221;initial&#8221; background_position=&#8221;top_left&#8221; background_repeat=&#8221;repeat&#8221;][et_pb_column type=&#8221;4_4&#8243;][et_pb_text admin_label=&#8221;Text&#8221; _builder_version=&#8221;3.15&#8243; background_size=&#8221;initial&#8221; background_position=&#8221;top_left&#8221; background_repeat=&#8221;repeat&#8221; header_5_font=&#8221;|||on|||||&#8221; header_5_line_height=&#8221;1.7em&#8221;]<\/p>\n<div class=\"page\" title=\"Page 1\">\n<div class=\"layoutArea\">\n<div class=\"column\">\n<strong>Se ne parler\u00e0 dal 27 al 29 settembre a Palazzo Lombardia<\/strong><br \/>\n(3 settembre 2018) Con 2.741 punti di ricarica pubblici rilevati a fine 2017, contro i 14.256 del Regno Unito, i 16.331 della Francia, i 25.241 della Germania e 32.875 dell\u2019Olanda, l\u2019Italia \u00e8 in ritardo nello sviluppo dell\u2019infrastruttura per veicoli elettrici.<br \/>\nUn\u2019arretratezza che potrebbe compromettere il raggiungimento degli obiettivi fissati dall\u2019Unione Europea al 2030, che nell\u2019ambito dei trasporti urbani prevede di dimezzare entro tale anno l\u2019uso delle autovetture \u201calimentate con carburanti tradizionali\u201d ed eliminarlo del tutto entro il 2050.<br \/>\nA fornire soluzioni concrete per recuperare il divario con gli altri paesi europei sar\u00e0 <strong>e_mob, la Conferenza Nazionale della Mobilit\u00e0 Elettrica <\/strong>in programma a<strong> Palazzo Lombardia di Milano dal 27 al 29 settembre 2018.<\/strong><br \/>\nA elaborare proposte reali \u00e8 il gruppo di lavoro costituito dall\u2019<strong>associazione Class Onlus<\/strong>, dalla societ\u00e0 <strong>RSE<\/strong> (Ricerca sul sistema energetico) e dagli operatori del settore energetico <strong>Edison, Enel, A2A<\/strong> ed <strong>Hera,<\/strong> nonch\u00e9 da istituzioni come <strong>Comune di Milano, <\/strong><strong>Camera di commercio di Milano Monza e Lodi<\/strong> e <strong>Regione Lombardia<\/strong>.<br \/>\nL\u2019obiettivo \u00e8 la definizione di linee guida per le amministrazioni comunali per l\u2019installazione dei punti di ricarica pubblici e privati che saranno racchiuse nella delibera attuativa della <strong>Carta Metropolitana della Mobilit\u00e0 Elettrica,<\/strong> documento da condividere con le amministrazioni locali e da sottoporre all\u2019esecutivo per segnalare eventuali provvedimenti per favorire la diffusione dei veicoli a batterie.<\/p>\n<h5 style=\"text-align: center;\"><strong>Rendere la ricarica semplice<\/strong><\/h5>\n<p>Una serie di soluzioni pensate pure per rendere pi\u00f9 semplice l\u2019impiego di moto, auto e furgoni con la \u201cscossa\u201d. Tra le proposte in discussione ci sono, infatti, quelle pensate per la ricarica condominiale con tariffa agevolata, l\u2019adozione di colonnine veloci presso distributori o di erogatori \u201caperti\u201d, ossia accessibili senza la necessit\u00e0 di stipulare contratti e pagabili tramite il sistema Contacless, bancomat, smartphone o altre tecnologie digitali.<br \/>\nAl \u201cpopolo\u201d elettrico sono dedicate le offerte per la mobilit\u00e0 elettrica di A2A, Axpo Italia, Edison, Enel e il Gruppo Hera.<br \/>\nOltre alle soluzioni per la ricarica pubblica e domestica, gli operatori energetici sveleranno le convenzioni per installare pannelli fotovoltaici, sistemi di accumulo e altre soluzioni per rendere pi\u00f9 sostenibile l\u2019uso dei veicoli elettrici.<\/p>\n<h5 style=\"text-align: center;\"><strong>La Plug&amp;Go di Edison<\/strong><\/h5>\n<p>Edison punta sull\u2019offerta di mobilit\u00e0 elettrica Plug&amp;Go pensata per un consumatore attento all\u2019ambiente e tecnologicamente evoluto, nonch\u00e9 per semplificare la ricarica con il \u201crifornimento\u201d domestico. La proposta prevede il noleggio a lungo termine di un veicolo elettrico di vari segmenti, l\u2019installazione di una wall box a casa, la fornitura elettrica a rimborso delle ricariche di un anno e l\u2019uso di una app dedicata per geolocalizzare le colonnine di ricarica pi\u00f9 vicine. Tra queste ci sono pure quelle della rete in fase di sviluppo di Edison presso la grande distribuzione e le stazioni di servizio tradizionali. Per chi sogna una mobilit\u00e0 sostenibile al 100 per cento, sar\u00e0 possibile integrare Plug&amp;Go con Edison My Sun, la soluzione di fotovoltaico domestico abbinato a batteria d\u2019accumulo che consentir\u00e0 di ricaricare l\u2019auto con l\u2019energia del Sole. Il 29 settembre, ultimo giorno della manifestazione, Edison si unir\u00e0 al raduno di auto elettriche con uno dei modelli in uso nelle proprie centrali. Per l\u2019occasione, il veicolo in servizio a Cornate d\u2019Adda, nella storica centrale idroelettrica Bertini che quest\u2019anno compie 120 anni \u2013 una delle centrali italiane pi\u00f9 antiche ancora attive \u2013 far\u00e0 il pieno dell\u2019energia generata dall\u2019acqua per un viaggio al 100 per cento rinnovabile.<strong>\u00a0<\/strong><\/p>\n<h5 style=\"text-align: center;\"><strong>Enel realizza il Piano nazionale per la rete di infrastrutture di ricarica<\/strong><\/h5>\n<p>Per favorire lo sviluppo e la diffusione dei veicoli elettrici Enel ha avviato, attraverso la divisione del Gruppo elettrico dedicata a prodotti innovativi e soluzioni digitali, Enel X, il Piano nazionale per la realizzazione di una rete capillare di infrastrutture di ricarica. L\u2019obiettivo \u00e8 di arrivare a posare circa 7mila colonnine entro il 2020 per raggiungere le 14mila nel 2022, con un investimento tra i 100 e i 300 milioni di euro. La rete di ricarica sar\u00e0 composta da colonnine Quick (22 kW) nelle aree urbane e Fast (50 kW) e Ultra Fast (fino a 350 kW), per la ricarica veloce, in quelle extraurbane. La rete di ricarica urbana andr\u00e0 infatti a completare quella extraurbana finanziata dai progetti EVA+ (Electric Vehicles Arteries) e E-VIA\/Flex-E, co-finanziati dalla Commissione Europea, che prevedono l\u2019installazione, in tre anni, di 180 punti di ricarica fast (59kW) e 8 stazioni di ricarica ultra Fast (350kW), lungo le tratte extraurbane italiane.<\/p>\n<h5 style=\"text-align: center;\"><strong>Gruppo A2A, a Milano <\/strong><strong>\u00e8<\/strong><strong> Fast e rinnovabile<\/strong><\/h5>\n<p>Nel campo della mobilit\u00e0 elettrica, A2A gestisce a Milano la rete pi\u00f9 capillare in ambito urbano a livello italiano, la pi\u00f9 diversificata in termini di prese e potenze disponibili, con oltre 500 punti di ricarica in grado di erogare fino a 22 kW in corrente alternata, e la principale rete di ricarica pubblica urbana in Italia di colonnine veloci a 50 kW in corrente continua, composta da 13 Fast Charge installate in partnership con Nissan ed il Comune di Milano.<br \/>\nLa rete di ricarica di A2A \u00e8 presente anche a Brescia, Bergamo, Cremona e in Valtellina. Nel 2017 sono state effettuate oltre 100 mila ricariche tramite la rete A2A che ha erogato complessivamente oltre 1.000 MWh pari a 6 milioni di km percorsi a zero emissioni. Inoltre, soltanto ad un anno dall\u2019installazione delle 13 colonnine di ricarica Fast Charge a Milano, sono state raggiunte le 10 mila ricariche effettuate con un prelievo di 140 MWh, pari a 850 mila km percorsi a zero emissioni. Tutta l\u2019elettricit\u00e0 erogata dai punti di ricarica \u00e8 al 100% energia rinnovabile certificata fornita da A2A Energia, dando cos\u00ec un ulteriore contributo all\u2019abbattimento dell\u2019inquinamento. A2A Energia ha inoltre lanciato una soluzione integrata per la mobilit\u00e0 elettrica per i propri clienti, che prevede il noleggio di un\u2019automobile elettrica a condizioni privilegiate, l\u2019installazione di un punto di ricarica domestico, una tessera per l\u2019accesso gratuito per un anno alle colonnine pubbliche e un contratto per la fornitura di energia elettrica, prodotta al 100% da fonti rinnovabili.<\/p>\n<h5 style=\"text-align: center;\"><strong>Il Gruppo Hera si \u201cmuove elettrico\u201d<\/strong><\/h5>\n<p>Multiutility operante nei settori ambiente, idrico ed energia, \u00e8 attiva da anni nella promozione della mobilit\u00e0 elettrica, attraverso la costante ricerca di soluzioni che la rendano un\u2019opzione concreta e praticabile e contribuendo cos\u00ec, anche in questo modo, a modelli di sviluppo e stili di vita sempre pi\u00f9 sostenibili. In particolare, il Gruppo continua a sviluppare una rete di infrastrutture di ricarica pubbliche, anche in partnership con altri player, e a proporre offerte commerciali per la ricarica studiate sia per il pubblico che per il privato. Hera si \u00e8 mossa in questa direzione non soltanto in Emilia-Romagna, partecipando al progetto regionale \u201cMi muovo elettrico\u201d, ma anche in Friuli-Venezia Giulia, dando cos\u00ec seguito e sostanza a un impegno teso a porre le basi per una mobilit\u00e0 elettrica di raggio anche extra-urbano, che sia cos\u00ec di ulteriore incentivo per i tanti che devono ancora decidere di passare a questa modalit\u00e0 di trasporto.<\/p>\n<h5 style=\"text-align: center;\"><strong>Da Axpo l\u2019e<\/strong><strong>-mobility a misura di business<\/strong><\/h5>\n<p>Axpo Italia porta a e_mob una soluzione pensata per le imprese realizzata in collaborazione con CS Group. Si tratta di un pacchetto completo di colonnina o wall box di ricarica e di un\u2019auto elettrica di piccole dimensioni, la ZD2, ideale per muoversi in citt\u00e0 e con un\u2019autonomia fino a 180 km. A completare il pacchetto \u00e8 la fornitura dei punti di ricarica con energia verde certificata, prodotta al 100% da fonti rinnovabili. \u201cQuesto garantisce che le auto utilizzate siano realmente a impatto zero sull\u2019ambiente, dalla generazione dell\u2019energia al suo utilizzo\u201d, spiega Marco Garbero, direttore generale di Axpo Energy Solutions Italia. \u201cE per le aziende che preferiscono l\u2019autoproduzione di energia, \u00e8 possibile aggiungere all\u2019offerta l\u2019installazione di pannelli solari, che genereranno energia sufficiente per alimentare la colonnina o wallbox e quindi l\u2019auto in totale autoconsumo\u201d. Altri progetti innovativi sulla mobilit\u00e0 saranno esposti nel Parterre Innovazione accanto alle sale conferenze.<\/p>\n<p style=\"text-align: center;\"><em>\u201c<\/em><strong><em>e_mob<\/em><\/strong><em>\u201d \u00e8 il pi\u00f9 importante evento in Italia legato ai temi della mobilit\u00e0 elettrica, promosso da Enti locali, Aziende e Istituzioni col fine di diffondere, sul territorio nazionale, la cultura di un sistema ambientale sostenibile. A Milano dal 27 al 29 settembre, Palazzo Lombardia.<\/em><\/p>\n<\/div>\n<\/div>\n<\/div>\n<p>[\/et_pb_text][et_pb_text _builder_version=&#8221;3.15&#8243;]<br \/>\n<strong>Comitato promotore<\/strong><br \/>\nComune di Milano, Regione Lombardia, Camera di commercio Milano Monza Brianza Lodi, a2a, Class Onlus, Cobat, Gruppo Hera, Enel Edison, Itas Assicurazioni<br \/>\n<strong>Comitato scientifico<\/strong><br \/>\nRSE Ricerca Sistema Energetico, Ancma, Agenzia Mobilit\u00e0 Ambiente Territorio, Utilitalia, ATM Milano, Adiconsum, Asstra, Elettricit\u00e0 Futura, Amsa, Cei Cives<br \/>\n<strong>Patrocini<\/strong><br \/>\nMinistero dell\u2019Ambiente e della Tutela del Territorio e del Mare, Anci<br \/>\n<strong>Citt\u00e0 promotrici della Carta della Mobilit\u00e0 Elettrica<\/strong><br \/>\nMilano, Torino, Firenze, Varese, Bologna<br \/>\n[\/et_pb_text][\/et_pb_column][\/et_pb_row][\/et_pb_section]<\/p>\n","protected":false},"excerpt":{"rendered":"<p>Se ne parler\u00e0 dal 27 al 29 settembre a Palazzo Lombardia (3 settembre 2018) Con 2.741 punti di ricarica pubblici rilevati a fine 2017, contro i 14.256 del Regno Unito, i 16.331 della Francia, i 25.241 della Germania e 32.875 dell\u2019Olanda, l\u2019Italia \u00e8 in ritardo nello sviluppo dell\u2019infrastruttura per veicoli elettrici. Un\u2019arretratezza che potrebbe compromettere [&hellip;]<\/p>\n","protected":false},"author":2,"featured_media":51722,"comment_status":"open","ping_status":"open","sticky":false,"template":"","format":"standard","meta":{"_et_pb_use_builder":"on","_et_pb_old_content":"","_et_gb_content_width":"","_exactmetrics_skip_tracking":false,"_exactmetrics_sitenote_active":false,"_exactmetrics_sitenote_note":"","_exactmetrics_sitenote_category":0,"footnotes":""},"categories":[27,332],"tags":[165],"yoast_head":"<!-- This site is optimized with the Yoast SEO plugin v22.9 - https:\/\/yoast.com\/wordpress\/plugins\/seo\/ -->\n<title>Pi\u00f9 punti di ricarica pubblica per il \u201crifornimento\u201d domestico e pulito &#8226; e_mob<\/title>\n<meta name=\"description\" content=\"e_mob \u00e8 il tavolo permanente degli stakeholder della mobilit\u00e0 elettrica in Italia. Organizza ogni anno a Milano la Conferenza Nazionale del settore, nel 2021 in programma dal 16 al 19 ottobre.\" \/>\n<meta name=\"robots\" content=\"index, follow, max-snippet:-1, max-image-preview:large, max-video-preview:-1\" \/>\n<link rel=\"canonical\" href=\"https:\/\/emob-italia.it\/2018\/09\/03\/piu-punti-di-ricarica-pubblica-per-il-rifornimento-domestico-e-pulito\/\" \/>\n<meta property=\"og:locale\" content=\"en_US\" \/>\n<meta property=\"og:type\" content=\"article\" \/>\n<meta property=\"og:title\" content=\"Pi\u00f9 punti di ricarica pubblica per il \u201crifornimento\u201d domestico e pulito &#8226; e_mob\" \/>\n<meta property=\"og:description\" content=\"e_mob \u00e8 il tavolo permanente degli stakeholder della mobilit\u00e0 elettrica in Italia. Organizza ogni anno a Milano la Conferenza Nazionale del settore, nel 2021 in programma dal 16 al 19 ottobre.\" \/>\n<meta property=\"og:url\" content=\"https:\/\/emob-italia.it\/2018\/09\/03\/piu-punti-di-ricarica-pubblica-per-il-rifornimento-domestico-e-pulito\/\" \/>\n<meta property=\"og:site_name\" content=\"e_mob\" \/>\n<meta property=\"article:publisher\" content=\"https:\/\/www.facebook.com\/emobitalia\/\" \/>\n<meta property=\"article:published_time\" content=\"2018-09-03T13:45:39+00:00\" \/>\n<meta property=\"article:modified_time\" content=\"2024-03-04T19:00:15+00:00\" \/>\n<meta property=\"og:image\" content=\"https:\/\/emob-italia.it\/wp-content\/uploads\/2018\/09\/Comunicato-12.jpg\" \/>\n\t<meta property=\"og:image:width\" content=\"1200\" \/>\n\t<meta property=\"og:image:height\" content=\"630\" \/>\n\t<meta property=\"og:image:type\" content=\"image\/jpeg\" \/>\n<meta name=\"author\" content=\"Nadia Paglia\" \/>\n<meta name=\"twitter:label1\" content=\"Written by\" \/>\n\t<meta name=\"twitter:data1\" content=\"Nadia Paglia\" \/>\n\t<meta name=\"twitter:label2\" content=\"Est. reading time\" \/>\n\t<meta name=\"twitter:data2\" content=\"7 minutes\" \/>\n<script type=\"application\/ld+json\" class=\"yoast-schema-graph\">{\"@context\":\"https:\/\/schema.org\",\"@graph\":[{\"@type\":\"Article\",\"@id\":\"https:\/\/emob-italia.it\/2018\/09\/03\/piu-punti-di-ricarica-pubblica-per-il-rifornimento-domestico-e-pulito\/#article\",\"isPartOf\":{\"@id\":\"https:\/\/emob-italia.it\/2018\/09\/03\/piu-punti-di-ricarica-pubblica-per-il-rifornimento-domestico-e-pulito\/\"},\"author\":{\"name\":\"Nadia Paglia\",\"@id\":\"https:\/\/emob-italia.it\/#\/schema\/person\/e96f2fe472d4dcca75c9ca51f8951bc5\"},\"headline\":\"Pi\u00f9 punti di ricarica pubblica per il \u201crifornimento\u201d domestico e pulito\",\"datePublished\":\"2018-09-03T13:45:39+00:00\",\"dateModified\":\"2024-03-04T19:00:15+00:00\",\"mainEntityOfPage\":{\"@id\":\"https:\/\/emob-italia.it\/2018\/09\/03\/piu-punti-di-ricarica-pubblica-per-il-rifornimento-domestico-e-pulito\/\"},\"wordCount\":1490,\"commentCount\":0,\"publisher\":{\"@id\":\"https:\/\/emob-italia.it\/#organization\"},\"image\":{\"@id\":\"https:\/\/emob-italia.it\/2018\/09\/03\/piu-punti-di-ricarica-pubblica-per-il-rifornimento-domestico-e-pulito\/#primaryimage\"},\"thumbnailUrl\":\"https:\/\/emob-italia.it\/wp-content\/uploads\/2018\/09\/Comunicato-12.jpg\",\"keywords\":[\"emob\"],\"articleSection\":[\"Comunicati stampa\",\"Settembre 2018\"],\"inLanguage\":\"en-US\",\"potentialAction\":[{\"@type\":\"CommentAction\",\"name\":\"Comment\",\"target\":[\"https:\/\/emob-italia.it\/2018\/09\/03\/piu-punti-di-ricarica-pubblica-per-il-rifornimento-domestico-e-pulito\/#respond\"]}]},{\"@type\":\"WebPage\",\"@id\":\"https:\/\/emob-italia.it\/2018\/09\/03\/piu-punti-di-ricarica-pubblica-per-il-rifornimento-domestico-e-pulito\/\",\"url\":\"https:\/\/emob-italia.it\/2018\/09\/03\/piu-punti-di-ricarica-pubblica-per-il-rifornimento-domestico-e-pulito\/\",\"name\":\"Pi\u00f9 punti di ricarica pubblica per il \u201crifornimento\u201d domestico e pulito &#8226; e_mob\",\"isPartOf\":{\"@id\":\"https:\/\/emob-italia.it\/#website\"},\"primaryImageOfPage\":{\"@id\":\"https:\/\/emob-italia.it\/2018\/09\/03\/piu-punti-di-ricarica-pubblica-per-il-rifornimento-domestico-e-pulito\/#primaryimage\"},\"image\":{\"@id\":\"https:\/\/emob-italia.it\/2018\/09\/03\/piu-punti-di-ricarica-pubblica-per-il-rifornimento-domestico-e-pulito\/#primaryimage\"},\"thumbnailUrl\":\"https:\/\/emob-italia.it\/wp-content\/uploads\/2018\/09\/Comunicato-12.jpg\",\"datePublished\":\"2018-09-03T13:45:39+00:00\",\"dateModified\":\"2024-03-04T19:00:15+00:00\",\"description\":\"e_mob \u00e8 il tavolo permanente degli stakeholder della mobilit\u00e0 elettrica in Italia. Organizza ogni anno a Milano la Conferenza Nazionale del settore, nel 2021 in programma dal 16 al 19 ottobre.\",\"breadcrumb\":{\"@id\":\"https:\/\/emob-italia.it\/2018\/09\/03\/piu-punti-di-ricarica-pubblica-per-il-rifornimento-domestico-e-pulito\/#breadcrumb\"},\"inLanguage\":\"en-US\",\"potentialAction\":[{\"@type\":\"ReadAction\",\"target\":[\"https:\/\/emob-italia.it\/2018\/09\/03\/piu-punti-di-ricarica-pubblica-per-il-rifornimento-domestico-e-pulito\/\"]}]},{\"@type\":\"ImageObject\",\"inLanguage\":\"en-US\",\"@id\":\"https:\/\/emob-italia.it\/2018\/09\/03\/piu-punti-di-ricarica-pubblica-per-il-rifornimento-domestico-e-pulito\/#primaryimage\",\"url\":\"https:\/\/emob-italia.it\/wp-content\/uploads\/2018\/09\/Comunicato-12.jpg\",\"contentUrl\":\"https:\/\/emob-italia.it\/wp-content\/uploads\/2018\/09\/Comunicato-12.jpg\",\"width\":1200,\"height\":630,\"caption\":\"Auto ricarica elettrica\"},{\"@type\":\"BreadcrumbList\",\"@id\":\"https:\/\/emob-italia.it\/2018\/09\/03\/piu-punti-di-ricarica-pubblica-per-il-rifornimento-domestico-e-pulito\/#breadcrumb\",\"itemListElement\":[{\"@type\":\"ListItem\",\"position\":1,\"name\":\"Home\",\"item\":\"https:\/\/emob-italia.it\/en\/\"},{\"@type\":\"ListItem\",\"position\":2,\"name\":\"Pi\u00f9 punti di ricarica pubblica per il \u201crifornimento\u201d domestico e pulito\"}]},{\"@type\":\"WebSite\",\"@id\":\"https:\/\/emob-italia.it\/#website\",\"url\":\"https:\/\/emob-italia.it\/\",\"name\":\"e_mob\",\"description\":\"Mobilit\u00e0 Elettrica\",\"publisher\":{\"@id\":\"https:\/\/emob-italia.it\/#organization\"},\"potentialAction\":[{\"@type\":\"SearchAction\",\"target\":{\"@type\":\"EntryPoint\",\"urlTemplate\":\"https:\/\/emob-italia.it\/?s={search_term_string}\"},\"query-input\":\"required name=search_term_string\"}],\"inLanguage\":\"en-US\"},{\"@type\":\"Organization\",\"@id\":\"https:\/\/emob-italia.it\/#organization\",\"name\":\"Class Onlus\",\"url\":\"https:\/\/emob-italia.it\/\",\"logo\":{\"@type\":\"ImageObject\",\"inLanguage\":\"en-US\",\"@id\":\"https:\/\/emob-italia.it\/#\/schema\/logo\/image\/\",\"url\":\"https:\/\/emob-italia.it\/wp-content\/uploads\/2019\/03\/0_CLASS-ONLUS-logo-web.png\",\"contentUrl\":\"https:\/\/emob-italia.it\/wp-content\/uploads\/2019\/03\/0_CLASS-ONLUS-logo-web.png\",\"width\":598,\"height\":202,\"caption\":\"Class Onlus\"},\"image\":{\"@id\":\"https:\/\/emob-italia.it\/#\/schema\/logo\/image\/\"},\"sameAs\":[\"https:\/\/www.facebook.com\/emobitalia\/\",\"https:\/\/www.instagram.com\/e_mob_italia\/\",\"https:\/\/www.linkedin.com\/groups\/12186185\/\",\"https:\/\/www.youtube.com\/channel\/UCvnTcrhggAX_AkFwGxRfqFw\/featured?view_as=subscriber\"]},{\"@type\":\"Person\",\"@id\":\"https:\/\/emob-italia.it\/#\/schema\/person\/e96f2fe472d4dcca75c9ca51f8951bc5\",\"name\":\"Nadia Paglia\",\"image\":{\"@type\":\"ImageObject\",\"inLanguage\":\"en-US\",\"@id\":\"https:\/\/emob-italia.it\/#\/schema\/person\/image\/\",\"url\":\"https:\/\/secure.gravatar.com\/avatar\/02e0cd654df2106544e1a6f3ee921a91?s=96&r=g\",\"contentUrl\":\"https:\/\/secure.gravatar.com\/avatar\/02e0cd654df2106544e1a6f3ee921a91?s=96&r=g\",\"caption\":\"Nadia Paglia\"},\"url\":\"https:\/\/emob-italia.it\/en\/author\/nadia-paglia\/\"}]}<\/script>\n<!-- \/ Yoast SEO plugin. -->","yoast_head_json":{"title":"Pi\u00f9 punti di ricarica pubblica per il \u201crifornimento\u201d domestico e pulito &#8226; e_mob","description":"e_mob \u00e8 il tavolo permanente degli stakeholder della mobilit\u00e0 elettrica in Italia. Organizza ogni anno a Milano la Conferenza Nazionale del settore, nel 2021 in programma dal 16 al 19 ottobre.","robots":{"index":"index","follow":"follow","max-snippet":"max-snippet:-1","max-image-preview":"max-image-preview:large","max-video-preview":"max-video-preview:-1"},"canonical":"https:\/\/emob-italia.it\/2018\/09\/03\/piu-punti-di-ricarica-pubblica-per-il-rifornimento-domestico-e-pulito\/","og_locale":"en_US","og_type":"article","og_title":"Pi\u00f9 punti di ricarica pubblica per il \u201crifornimento\u201d domestico e pulito &#8226; e_mob","og_description":"e_mob \u00e8 il tavolo permanente degli stakeholder della mobilit\u00e0 elettrica in Italia. Organizza ogni anno a Milano la Conferenza Nazionale del settore, nel 2021 in programma dal 16 al 19 ottobre.","og_url":"https:\/\/emob-italia.it\/2018\/09\/03\/piu-punti-di-ricarica-pubblica-per-il-rifornimento-domestico-e-pulito\/","og_site_name":"e_mob","article_publisher":"https:\/\/www.facebook.com\/emobitalia\/","article_published_time":"2018-09-03T13:45:39+00:00","article_modified_time":"2024-03-04T19:00:15+00:00","og_image":[{"width":1200,"height":630,"url":"https:\/\/emob-italia.it\/wp-content\/uploads\/2018\/09\/Comunicato-12.jpg","type":"image\/jpeg"}],"author":"Nadia Paglia","twitter_misc":{"Written by":"Nadia Paglia","Est. reading time":"7 minutes"},"schema":{"@context":"https:\/\/schema.org","@graph":[{"@type":"Article","@id":"https:\/\/emob-italia.it\/2018\/09\/03\/piu-punti-di-ricarica-pubblica-per-il-rifornimento-domestico-e-pulito\/#article","isPartOf":{"@id":"https:\/\/emob-italia.it\/2018\/09\/03\/piu-punti-di-ricarica-pubblica-per-il-rifornimento-domestico-e-pulito\/"},"author":{"name":"Nadia Paglia","@id":"https:\/\/emob-italia.it\/#\/schema\/person\/e96f2fe472d4dcca75c9ca51f8951bc5"},"headline":"Pi\u00f9 punti di ricarica pubblica per il \u201crifornimento\u201d domestico e pulito","datePublished":"2018-09-03T13:45:39+00:00","dateModified":"2024-03-04T19:00:15+00:00","mainEntityOfPage":{"@id":"https:\/\/emob-italia.it\/2018\/09\/03\/piu-punti-di-ricarica-pubblica-per-il-rifornimento-domestico-e-pulito\/"},"wordCount":1490,"commentCount":0,"publisher":{"@id":"https:\/\/emob-italia.it\/#organization"},"image":{"@id":"https:\/\/emob-italia.it\/2018\/09\/03\/piu-punti-di-ricarica-pubblica-per-il-rifornimento-domestico-e-pulito\/#primaryimage"},"thumbnailUrl":"https:\/\/emob-italia.it\/wp-content\/uploads\/2018\/09\/Comunicato-12.jpg","keywords":["emob"],"articleSection":["Comunicati stampa","Settembre 2018"],"inLanguage":"en-US","potentialAction":[{"@type":"CommentAction","name":"Comment","target":["https:\/\/emob-italia.it\/2018\/09\/03\/piu-punti-di-ricarica-pubblica-per-il-rifornimento-domestico-e-pulito\/#respond"]}]},{"@type":"WebPage","@id":"https:\/\/emob-italia.it\/2018\/09\/03\/piu-punti-di-ricarica-pubblica-per-il-rifornimento-domestico-e-pulito\/","url":"https:\/\/emob-italia.it\/2018\/09\/03\/piu-punti-di-ricarica-pubblica-per-il-rifornimento-domestico-e-pulito\/","name":"Pi\u00f9 punti di ricarica pubblica per il \u201crifornimento\u201d domestico e pulito &#8226; e_mob","isPartOf":{"@id":"https:\/\/emob-italia.it\/#website"},"primaryImageOfPage":{"@id":"https:\/\/emob-italia.it\/2018\/09\/03\/piu-punti-di-ricarica-pubblica-per-il-rifornimento-domestico-e-pulito\/#primaryimage"},"image":{"@id":"https:\/\/emob-italia.it\/2018\/09\/03\/piu-punti-di-ricarica-pubblica-per-il-rifornimento-domestico-e-pulito\/#primaryimage"},"thumbnailUrl":"https:\/\/emob-italia.it\/wp-content\/uploads\/2018\/09\/Comunicato-12.jpg","datePublished":"2018-09-03T13:45:39+00:00","dateModified":"2024-03-04T19:00:15+00:00","description":"e_mob \u00e8 il tavolo permanente degli stakeholder della mobilit\u00e0 elettrica in Italia. Organizza ogni anno a Milano la Conferenza Nazionale del settore, nel 2021 in programma dal 16 al 19 ottobre.","breadcrumb":{"@id":"https:\/\/emob-italia.it\/2018\/09\/03\/piu-punti-di-ricarica-pubblica-per-il-rifornimento-domestico-e-pulito\/#breadcrumb"},"inLanguage":"en-US","potentialAction":[{"@type":"ReadAction","target":["https:\/\/emob-italia.it\/2018\/09\/03\/piu-punti-di-ricarica-pubblica-per-il-rifornimento-domestico-e-pulito\/"]}]},{"@type":"ImageObject","inLanguage":"en-US","@id":"https:\/\/emob-italia.it\/2018\/09\/03\/piu-punti-di-ricarica-pubblica-per-il-rifornimento-domestico-e-pulito\/#primaryimage","url":"https:\/\/emob-italia.it\/wp-content\/uploads\/2018\/09\/Comunicato-12.jpg","contentUrl":"https:\/\/emob-italia.it\/wp-content\/uploads\/2018\/09\/Comunicato-12.jpg","width":1200,"height":630,"caption":"Auto ricarica elettrica"},{"@type":"BreadcrumbList","@id":"https:\/\/emob-italia.it\/2018\/09\/03\/piu-punti-di-ricarica-pubblica-per-il-rifornimento-domestico-e-pulito\/#breadcrumb","itemListElement":[{"@type":"ListItem","position":1,"name":"Home","item":"https:\/\/emob-italia.it\/en\/"},{"@type":"ListItem","position":2,"name":"Pi\u00f9 punti di ricarica pubblica per il \u201crifornimento\u201d domestico e pulito"}]},{"@type":"WebSite","@id":"https:\/\/emob-italia.it\/#website","url":"https:\/\/emob-italia.it\/","name":"e_mob","description":"Mobilit\u00e0 Elettrica","publisher":{"@id":"https:\/\/emob-italia.it\/#organization"},"potentialAction":[{"@type":"SearchAction","target":{"@type":"EntryPoint","urlTemplate":"https:\/\/emob-italia.it\/?s={search_term_string}"},"query-input":"required name=search_term_string"}],"inLanguage":"en-US"},{"@type":"Organization","@id":"https:\/\/emob-italia.it\/#organization","name":"Class Onlus","url":"https:\/\/emob-italia.it\/","logo":{"@type":"ImageObject","inLanguage":"en-US","@id":"https:\/\/emob-italia.it\/#\/schema\/logo\/image\/","url":"https:\/\/emob-italia.it\/wp-content\/uploads\/2019\/03\/0_CLASS-ONLUS-logo-web.png","contentUrl":"https:\/\/emob-italia.it\/wp-content\/uploads\/2019\/03\/0_CLASS-ONLUS-logo-web.png","width":598,"height":202,"caption":"Class Onlus"},"image":{"@id":"https:\/\/emob-italia.it\/#\/schema\/logo\/image\/"},"sameAs":["https:\/\/www.facebook.com\/emobitalia\/","https:\/\/www.instagram.com\/e_mob_italia\/","https:\/\/www.linkedin.com\/groups\/12186185\/","https:\/\/www.youtube.com\/channel\/UCvnTcrhggAX_AkFwGxRfqFw\/featured?view_as=subscriber"]},{"@type":"Person","@id":"https:\/\/emob-italia.it\/#\/schema\/person\/e96f2fe472d4dcca75c9ca51f8951bc5","name":"Nadia Paglia","image":{"@type":"ImageObject","inLanguage":"en-US","@id":"https:\/\/emob-italia.it\/#\/schema\/person\/image\/","url":"https:\/\/secure.gravatar.com\/avatar\/02e0cd654df2106544e1a6f3ee921a91?s=96&r=g","contentUrl":"https:\/\/secure.gravatar.com\/avatar\/02e0cd654df2106544e1a6f3ee921a91?s=96&r=g","caption":"Nadia Paglia"},"url":"https:\/\/emob-italia.it\/en\/author\/nadia-paglia\/"}]}},"_links":{"self":[{"href":"https:\/\/emob-italia.it\/en\/wp-json\/wp\/v2\/posts\/49895"}],"collection":[{"href":"https:\/\/emob-italia.it\/en\/wp-json\/wp\/v2\/posts"}],"about":[{"href":"https:\/\/emob-italia.it\/en\/wp-json\/wp\/v2\/types\/post"}],"author":[{"embeddable":true,"href":"https:\/\/emob-italia.it\/en\/wp-json\/wp\/v2\/users\/2"}],"replies":[{"embeddable":true,"href":"https:\/\/emob-italia.it\/en\/wp-json\/wp\/v2\/comments?post=49895"}],"version-history":[{"count":1,"href":"https:\/\/emob-italia.it\/en\/wp-json\/wp\/v2\/posts\/49895\/revisions"}],"predecessor-version":[{"id":64012,"href":"https:\/\/emob-italia.it\/en\/wp-json\/wp\/v2\/posts\/49895\/revisions\/64012"}],"wp:featuredmedia":[{"embeddable":true,"href":"https:\/\/emob-italia.it\/en\/wp-json\/wp\/v2\/media\/51722"}],"wp:attachment":[{"href":"https:\/\/emob-italia.it\/en\/wp-json\/wp\/v2\/media?parent=49895"}],"wp:term":[{"taxonomy":"category","embeddable":true,"href":"https:\/\/emob-italia.it\/en\/wp-json\/wp\/v2\/categories?post=49895"},{"taxonomy":"post_tag","embeddable":true,"href":"https:\/\/emob-italia.it\/en\/wp-json\/wp\/v2\/tags?post=49895"}],"curies":[{"name":"wp","href":"https:\/\/api.w.org\/{rel}","templated":true}]}}